{"id":8174,"date":"2021-07-24T13:45:39","date_gmt":"2021-07-24T20:45:39","guid":{"rendered":"https:\/\/fuentesfidedignas.com.mx\/?p=8174"},"modified":"2021-07-24T13:50:49","modified_gmt":"2021-07-24T20:50:49","slug":"dos-personas-son-detenidas-por-robo-de-cableado-llaman-a-seguir-denunciando","status":"publish","type":"post","link":"https:\/\/fuentesfidedignas.com.mx\/index.php\/2021\/07\/24\/dos-personas-son-detenidas-por-robo-de-cableado-llaman-a-seguir-denunciando\/","title":{"rendered":"Dos personas son detenidas por robo de cableado, llaman a seguir denunciando"},"content":{"rendered":"\n<p><\/p>\n\n\n\n<p>Culiac\u00e1n, Sin.- La infraestructura p\u00fablica de la ciudad, principalmente el Alumbrado, frecuentemente es objeto de da\u00f1os, recientemente gracias a los operativos de vigilancia realizados por el municipio, se logr\u00f3 la detenci\u00f3n de dos personas por el delito de robo de cableado.<\/p>\n\n\n\n<p>Esta pr\u00e1ctica adem\u00e1s de ilegal, compromete la salud p\u00fablica, pues es sumamente riesgosa para quien la realiza, ya que al hacerlo ponen en peligro su vida, por ello la importancia de denunciar al 911 este delito.<\/p>\n\n\n\n<p>Durante un operativo efectuado en el Fraccionamiento Campo Bello, por elementos de la Polic\u00eda Municipal Unidad Preventiva pertenecientes a la Secretar\u00eda de Seguridad P\u00fablica y Tr\u00e1nsito Municipal, se logr\u00f3 dicha detenci\u00f3n.<\/p>\n\n\n\n<p>Esto cuando los agentes se percataron de que en el camell\u00f3n del bulevar Emiliano Carranza y bulevar Fuerza A\u00e9rea Mexicana, se encontraban dos personas del sexo masculino en la parte media del camell\u00f3n central junto a un poste del alumbrado p\u00fablico.<\/p>\n\n\n\n<p>El primero de ellos jalaba los cables que administran la corriente de las l\u00e1mparas, mientras que el segundo le ayudaba a jalar los cables apoyado con unas pinzas tipo electricista con las que al mismo tiempo cortaba los cables y los depositaba en el interior de una mochila color negro.<\/p>\n\n\n\n<p>Los elementos preventivos se aproximaron al lugar y los sujetos intentaron escapar, pero fueron detenidos metros m\u00e1s adelante, donde al inspeccionar su mochila se les encontr\u00f3 un rollo de dos trozos de cable met\u00e1lico grueso cubierto de pl\u00e1stico color rojo y tres tramos de cable el\u00e9ctrico met\u00e1lico adem\u00e1s de dos guantes tipo electricista; todo ello les fue decomisado.<\/p>\n\n\n\n<p>Ante ello, fueron retenidos y puestos a disposici\u00f3n de las autoridades correspondientes por su probable participaci\u00f3n en el delito de robo de cableado y\/o lo que resulte.<\/p>\n\n\n\n<p>De este modo, la Direcci\u00f3n de Alumbrado P\u00fablico y Eficiencia Energ\u00e9tica reitera el llamado a la ciudadan\u00eda a denunciar, ya que constantemente se reciben reportes de fallas en el alumbrado p\u00fablico y en su mayor\u00eda son ocasionadas por delitos como este.<\/p>\n\n\n\n<p>Es muy importante que denuncien al 911 para poder actuar de manera inmediata y proceder conforme a la ley para as\u00ed seguir mejorando la calidad de los servicios p\u00fablicos como este que es esencial para todos.<\/p>\n","protected":false},"excerpt":{"rendered":"<p>Culiac\u00e1n, Sin.- La infraestructura p\u00fablica de la ciudad, principalmente el Alumbrado, frecuentemente es objeto de da\u00f1os, recientemente gracias a los operativos de vigilancia realizados por el municipio, se logr\u00f3 la detenci\u00f3n de dos personas por el delito de robo de cableado. Esta pr\u00e1ctica adem\u00e1s de ilegal, compromete la salud p\u00fablica, pues es sumamente riesgosa para [&hellip;]<\/p>\n","protected":false},"author":4,"featured_media":8175,"comment_status":"open","ping_status":"open","sticky":false,"template":"","format":"standard","meta":{"tdm_status":"","tdm_grid_status":"","footnotes":""},"categories":[38],"tags":[],"class_list":{"0":"post-8174","1":"post","2":"type-post","3":"status-publish","4":"format-standard","5":"has-post-thumbnail","7":"category-noticias-locales"},"yoast_head":"<!-- This site is optimized with the Yoast SEO plugin v27.5 - https:\/\/yoast.com\/product\/yoast-seo-wordpress\/ -->\n<title>Dos personas son detenidas por robo de cableado, llaman a seguir denunciando - Fuentes Fidedignas<\/title>\n<meta name=\"robots\" content=\"index, follow, max-snippet:-1, max-image-preview:large, max-video-preview:-1\" \/>\n<link rel=\"canonical\" href=\"https:\/\/fuentesfidedignas.com.mx\/index.php\/2021\/07\/24\/dos-personas-son-detenidas-por-robo-de-cableado-llaman-a-seguir-denunciando\/\" \/>\n<meta property=\"og:locale\" content=\"es_MX\" \/>\n<meta property=\"og:type\" content=\"article\" \/>\n<meta property=\"og:title\" content=\"Dos personas son detenidas por robo de cableado, llaman a seguir denunciando - Fuentes Fidedignas\" \/>\n<meta property=\"og:description\" content=\"Culiac\u00e1n, Sin.- La infraestructura p\u00fablica de la ciudad, principalmente el Alumbrado, frecuentemente es objeto de da\u00f1os, recientemente gracias a los operativos de vigilancia realizados por el municipio, se logr\u00f3 la detenci\u00f3n de dos personas por el delito de robo de cableado. Esta pr\u00e1ctica adem\u00e1s de ilegal, compromete la salud p\u00fablica, pues es sumamente riesgosa para [&hellip;]\" \/>\n<meta property=\"og:url\" content=\"https:\/\/fuentesfidedignas.com.mx\/index.php\/2021\/07\/24\/dos-personas-son-detenidas-por-robo-de-cableado-llaman-a-seguir-denunciando\/\" \/>\n<meta property=\"og:site_name\" content=\"Fuentes Fidedignas\" \/>\n<meta property=\"article:publisher\" content=\"https:\/\/www.facebook.com\/Fuentes-Fidedignas-368234489921644\" \/>\n<meta property=\"article:published_time\" content=\"2021-07-24T20:45:39+00:00\" \/>\n<meta property=\"article:modified_time\" content=\"2021-07-24T20:50:49+00:00\" \/>\n<meta property=\"og:image\" content=\"https:\/\/fuentesfidedignas.com.mx\/wp-content\/uploads\/2021\/07\/IMG-20210724-WA0017.jpg\" \/>\n\t<meta property=\"og:image:width\" content=\"719\" \/>\n\t<meta property=\"og:image:height\" content=\"480\" \/>\n\t<meta property=\"og:image:type\" content=\"image\/jpeg\" \/>\n<meta name=\"author\" content=\"Redacci\u00f3n\" \/>\n<meta name=\"twitter:card\" content=\"summary_large_image\" \/>\n<meta name=\"twitter:creator\" content=\"@fidedignas\" \/>\n<meta name=\"twitter:site\" content=\"@fidedignas\" \/>\n<meta name=\"twitter:label1\" content=\"Escrito por\" \/>\n\t<meta name=\"twitter:data1\" content=\"Redacci\u00f3n\" \/>\n\t<meta name=\"twitter:label2\" content=\"Tiempo de lectura\" \/>\n\t<meta name=\"twitter:data2\" content=\"2 minutos\" \/>\n<script type=\"application\/ld+json\" class=\"yoast-schema-graph\">{\"@context\":\"https:\\\/\\\/schema.org\",\"@graph\":[{\"@type\":\"Article\",\"@id\":\"https:\\\/\\\/fuentesfidedignas.com.mx\\\/index.php\\\/2021\\\/07\\\/24\\\/dos-personas-son-detenidas-por-robo-de-cableado-llaman-a-seguir-denunciando\\\/#article\",\"isPartOf\":{\"@id\":\"https:\\\/\\\/fuentesfidedignas.com.mx\\\/index.php\\\/2021\\\/07\\\/24\\\/dos-personas-son-detenidas-por-robo-de-cableado-llaman-a-seguir-denunciando\\\/\"},\"author\":{\"name\":\"Redacci\u00f3n\",\"@id\":\"https:\\\/\\\/fuentesfidedignas.com.mx\\\/#\\\/schema\\\/person\\\/331be9283d37198e2acd5750279085b0\"},\"headline\":\"Dos personas son detenidas por robo de cableado, llaman a seguir denunciando\",\"datePublished\":\"2021-07-24T20:45:39+00:00\",\"dateModified\":\"2021-07-24T20:50:49+00:00\",\"mainEntityOfPage\":{\"@id\":\"https:\\\/\\\/fuentesfidedignas.com.mx\\\/index.php\\\/2021\\\/07\\\/24\\\/dos-personas-son-detenidas-por-robo-de-cableado-llaman-a-seguir-denunciando\\\/\"},\"wordCount\":405,\"commentCount\":0,\"publisher\":{\"@id\":\"https:\\\/\\\/fuentesfidedignas.com.mx\\\/#organization\"},\"image\":{\"@id\":\"https:\\\/\\\/fuentesfidedignas.com.mx\\\/index.php\\\/2021\\\/07\\\/24\\\/dos-personas-son-detenidas-por-robo-de-cableado-llaman-a-seguir-denunciando\\\/#primaryimage\"},\"thumbnailUrl\":\"https:\\\/\\\/fuentesfidedignas.com.mx\\\/wp-content\\\/uploads\\\/2021\\\/07\\\/IMG-20210724-WA0017.jpg\",\"articleSection\":[\"NOTICIAS LOCALES\"],\"inLanguage\":\"es\",\"potentialAction\":[{\"@type\":\"CommentAction\",\"name\":\"Comment\",\"target\":[\"https:\\\/\\\/fuentesfidedignas.com.mx\\\/index.php\\\/2021\\\/07\\\/24\\\/dos-personas-son-detenidas-por-robo-de-cableado-llaman-a-seguir-denunciando\\\/#respond\"]}]},{\"@type\":\"WebPage\",\"@id\":\"https:\\\/\\\/fuentesfidedignas.com.mx\\\/index.php\\\/2021\\\/07\\\/24\\\/dos-personas-son-detenidas-por-robo-de-cableado-llaman-a-seguir-denunciando\\\/\",\"url\":\"https:\\\/\\\/fuentesfidedignas.com.mx\\\/index.php\\\/2021\\\/07\\\/24\\\/dos-personas-son-detenidas-por-robo-de-cableado-llaman-a-seguir-denunciando\\\/\",\"name\":\"Dos personas son detenidas por robo de cableado, llaman a seguir denunciando - Fuentes Fidedignas\",\"isPartOf\":{\"@id\":\"https:\\\/\\\/fuentesfidedignas.com.mx\\\/#website\"},\"primaryImageOfPage\":{\"@id\":\"https:\\\/\\\/fuentesfidedignas.com.mx\\\/index.php\\\/2021\\\/07\\\/24\\\/dos-personas-son-detenidas-por-robo-de-cableado-llaman-a-seguir-denunciando\\\/#primaryimage\"},\"image\":{\"@id\":\"https:\\\/\\\/fuentesfidedignas.com.mx\\\/index.php\\\/2021\\\/07\\\/24\\\/dos-personas-son-detenidas-por-robo-de-cableado-llaman-a-seguir-denunciando\\\/#primaryimage\"},\"thumbnailUrl\":\"https:\\\/\\\/fuentesfidedignas.com.mx\\\/wp-content\\\/uploads\\\/2021\\\/07\\\/IMG-20210724-WA0017.jpg\",\"datePublished\":\"2021-07-24T20:45:39+00:00\",\"dateModified\":\"2021-07-24T20:50:49+00:00\",\"breadcrumb\":{\"@id\":\"https:\\\/\\\/fuentesfidedignas.com.mx\\\/index.php\\\/2021\\\/07\\\/24\\\/dos-personas-son-detenidas-por-robo-de-cableado-llaman-a-seguir-denunciando\\\/#breadcrumb\"},\"inLanguage\":\"es\",\"potentialAction\":[{\"@type\":\"ReadAction\",\"target\":[\"https:\\\/\\\/fuentesfidedignas.com.mx\\\/index.php\\\/2021\\\/07\\\/24\\\/dos-personas-son-detenidas-por-robo-de-cableado-llaman-a-seguir-denunciando\\\/\"]}]},{\"@type\":\"ImageObject\",\"inLanguage\":\"es\",\"@id\":\"https:\\\/\\\/fuentesfidedignas.com.mx\\\/index.php\\\/2021\\\/07\\\/24\\\/dos-personas-son-detenidas-por-robo-de-cableado-llaman-a-seguir-denunciando\\\/#primaryimage\",\"url\":\"https:\\\/\\\/fuentesfidedignas.com.mx\\\/wp-content\\\/uploads\\\/2021\\\/07\\\/IMG-20210724-WA0017.jpg\",\"contentUrl\":\"https:\\\/\\\/fuentesfidedignas.com.mx\\\/wp-content\\\/uploads\\\/2021\\\/07\\\/IMG-20210724-WA0017.jpg\",\"width\":719,\"height\":480},{\"@type\":\"BreadcrumbList\",\"@id\":\"https:\\\/\\\/fuentesfidedignas.com.mx\\\/index.php\\\/2021\\\/07\\\/24\\\/dos-personas-son-detenidas-por-robo-de-cableado-llaman-a-seguir-denunciando\\\/#breadcrumb\",\"itemListElement\":[{\"@type\":\"ListItem\",\"position\":1,\"name\":\"Inicio\",\"item\":\"https:\\\/\\\/fuentesfidedignas.com.mx\\\/\"},{\"@type\":\"ListItem\",\"position\":2,\"name\":\"Dos personas son detenidas por robo de cableado, llaman a seguir denunciando\"}]},{\"@type\":\"WebSite\",\"@id\":\"https:\\\/\\\/fuentesfidedignas.com.mx\\\/#website\",\"url\":\"https:\\\/\\\/fuentesfidedignas.com.mx\\\/\",\"name\":\"Fuentes Fidedignas\",\"description\":\"Otro sitio realizado con WordPress\",\"publisher\":{\"@id\":\"https:\\\/\\\/fuentesfidedignas.com.mx\\\/#organization\"},\"potentialAction\":[{\"@type\":\"SearchAction\",\"target\":{\"@type\":\"EntryPoint\",\"urlTemplate\":\"https:\\\/\\\/fuentesfidedignas.com.mx\\\/?s={search_term_string}\"},\"query-input\":{\"@type\":\"PropertyValueSpecification\",\"valueRequired\":true,\"valueName\":\"search_term_string\"}}],\"inLanguage\":\"es\"},{\"@type\":\"Organization\",\"@id\":\"https:\\\/\\\/fuentesfidedignas.com.mx\\\/#organization\",\"name\":\"Fuentes Fidedignas\",\"url\":\"https:\\\/\\\/fuentesfidedignas.com.mx\\\/\",\"logo\":{\"@type\":\"ImageObject\",\"inLanguage\":\"es\",\"@id\":\"https:\\\/\\\/fuentesfidedignas.com.mx\\\/#\\\/schema\\\/logo\\\/image\\\/\",\"url\":\"https:\\\/\\\/fuentesfidedignas.com.mx\\\/wp-content\\\/uploads\\\/2021\\\/04\\\/logo-retina.png\",\"contentUrl\":\"https:\\\/\\\/fuentesfidedignas.com.mx\\\/wp-content\\\/uploads\\\/2021\\\/04\\\/logo-retina.png\",\"width\":280,\"height\":51,\"caption\":\"Fuentes Fidedignas\"},\"image\":{\"@id\":\"https:\\\/\\\/fuentesfidedignas.com.mx\\\/#\\\/schema\\\/logo\\\/image\\\/\"},\"sameAs\":[\"https:\\\/\\\/www.facebook.com\\\/Fuentes-Fidedignas-368234489921644\",\"https:\\\/\\\/x.com\\\/fidedignas\"]},{\"@type\":\"Person\",\"@id\":\"https:\\\/\\\/fuentesfidedignas.com.mx\\\/#\\\/schema\\\/person\\\/331be9283d37198e2acd5750279085b0\",\"name\":\"Redacci\u00f3n\",\"image\":{\"@type\":\"ImageObject\",\"inLanguage\":\"es\",\"@id\":\"https:\\\/\\\/secure.gravatar.com\\\/avatar\\\/f6d8782c11d12b2d4ad3fbb6931aeab5309937a4d6cd2fc9cfaa28a6396a5aec?s=96&d=mm&r=g\",\"url\":\"https:\\\/\\\/secure.gravatar.com\\\/avatar\\\/f6d8782c11d12b2d4ad3fbb6931aeab5309937a4d6cd2fc9cfaa28a6396a5aec?s=96&d=mm&r=g\",\"contentUrl\":\"https:\\\/\\\/secure.gravatar.com\\\/avatar\\\/f6d8782c11d12b2d4ad3fbb6931aeab5309937a4d6cd2fc9cfaa28a6396a5aec?s=96&d=mm&r=g\",\"caption\":\"Redacci\u00f3n\"},\"url\":\"https:\\\/\\\/fuentesfidedignas.com.mx\\\/index.php\\\/author\\\/redaccion\\\/\"}]}<\/script>\n<!-- \/ Yoast SEO plugin. -->","yoast_head_json":{"title":"Dos personas son detenidas por robo de cableado, llaman a seguir denunciando - Fuentes Fidedignas","robots":{"index":"index","follow":"follow","max-snippet":"max-snippet:-1","max-image-preview":"max-image-preview:large","max-video-preview":"max-video-preview:-1"},"canonical":"https:\/\/fuentesfidedignas.com.mx\/index.php\/2021\/07\/24\/dos-personas-son-detenidas-por-robo-de-cableado-llaman-a-seguir-denunciando\/","og_locale":"es_MX","og_type":"article","og_title":"Dos personas son detenidas por robo de cableado, llaman a seguir denunciando - Fuentes Fidedignas","og_description":"Culiac\u00e1n, Sin.- La infraestructura p\u00fablica de la ciudad, principalmente el Alumbrado, frecuentemente es objeto de da\u00f1os, recientemente gracias a los operativos de vigilancia realizados por el municipio, se logr\u00f3 la detenci\u00f3n de dos personas por el delito de robo de cableado. Esta pr\u00e1ctica adem\u00e1s de ilegal, compromete la salud p\u00fablica, pues es sumamente riesgosa para [&hellip;]","og_url":"https:\/\/fuentesfidedignas.com.mx\/index.php\/2021\/07\/24\/dos-personas-son-detenidas-por-robo-de-cableado-llaman-a-seguir-denunciando\/","og_site_name":"Fuentes Fidedignas","article_publisher":"https:\/\/www.facebook.com\/Fuentes-Fidedignas-368234489921644","article_published_time":"2021-07-24T20:45:39+00:00","article_modified_time":"2021-07-24T20:50:49+00:00","og_image":[{"width":719,"height":480,"url":"https:\/\/fuentesfidedignas.com.mx\/wp-content\/uploads\/2021\/07\/IMG-20210724-WA0017.jpg","type":"image\/jpeg"}],"author":"Redacci\u00f3n","twitter_card":"summary_large_image","twitter_creator":"@fidedignas","twitter_site":"@fidedignas","twitter_misc":{"Escrito por":"Redacci\u00f3n","Tiempo de lectura":"2 minutos"},"schema":{"@context":"https:\/\/schema.org","@graph":[{"@type":"Article","@id":"https:\/\/fuentesfidedignas.com.mx\/index.php\/2021\/07\/24\/dos-personas-son-detenidas-por-robo-de-cableado-llaman-a-seguir-denunciando\/#article","isPartOf":{"@id":"https:\/\/fuentesfidedignas.com.mx\/index.php\/2021\/07\/24\/dos-personas-son-detenidas-por-robo-de-cableado-llaman-a-seguir-denunciando\/"},"author":{"name":"Redacci\u00f3n","@id":"https:\/\/fuentesfidedignas.com.mx\/#\/schema\/person\/331be9283d37198e2acd5750279085b0"},"headline":"Dos personas son detenidas por robo de cableado, llaman a seguir denunciando","datePublished":"2021-07-24T20:45:39+00:00","dateModified":"2021-07-24T20:50:49+00:00","mainEntityOfPage":{"@id":"https:\/\/fuentesfidedignas.com.mx\/index.php\/2021\/07\/24\/dos-personas-son-detenidas-por-robo-de-cableado-llaman-a-seguir-denunciando\/"},"wordCount":405,"commentCount":0,"publisher":{"@id":"https:\/\/fuentesfidedignas.com.mx\/#organization"},"image":{"@id":"https:\/\/fuentesfidedignas.com.mx\/index.php\/2021\/07\/24\/dos-personas-son-detenidas-por-robo-de-cableado-llaman-a-seguir-denunciando\/#primaryimage"},"thumbnailUrl":"https:\/\/fuentesfidedignas.com.mx\/wp-content\/uploads\/2021\/07\/IMG-20210724-WA0017.jpg","articleSection":["NOTICIAS LOCALES"],"inLanguage":"es","potentialAction":[{"@type":"CommentAction","name":"Comment","target":["https:\/\/fuentesfidedignas.com.mx\/index.php\/2021\/07\/24\/dos-personas-son-detenidas-por-robo-de-cableado-llaman-a-seguir-denunciando\/#respond"]}]},{"@type":"WebPage","@id":"https:\/\/fuentesfidedignas.com.mx\/index.php\/2021\/07\/24\/dos-personas-son-detenidas-por-robo-de-cableado-llaman-a-seguir-denunciando\/","url":"https:\/\/fuentesfidedignas.com.mx\/index.php\/2021\/07\/24\/dos-personas-son-detenidas-por-robo-de-cableado-llaman-a-seguir-denunciando\/","name":"Dos personas son detenidas por robo de cableado, llaman a seguir denunciando - Fuentes Fidedignas","isPartOf":{"@id":"https:\/\/fuentesfidedignas.com.mx\/#website"},"primaryImageOfPage":{"@id":"https:\/\/fuentesfidedignas.com.mx\/index.php\/2021\/07\/24\/dos-personas-son-detenidas-por-robo-de-cableado-llaman-a-seguir-denunciando\/#primaryimage"},"image":{"@id":"https:\/\/fuentesfidedignas.com.mx\/index.php\/2021\/07\/24\/dos-personas-son-detenidas-por-robo-de-cableado-llaman-a-seguir-denunciando\/#primaryimage"},"thumbnailUrl":"https:\/\/fuentesfidedignas.com.mx\/wp-content\/uploads\/2021\/07\/IMG-20210724-WA0017.jpg","datePublished":"2021-07-24T20:45:39+00:00","dateModified":"2021-07-24T20:50:49+00:00","breadcrumb":{"@id":"https:\/\/fuentesfidedignas.com.mx\/index.php\/2021\/07\/24\/dos-personas-son-detenidas-por-robo-de-cableado-llaman-a-seguir-denunciando\/#breadcrumb"},"inLanguage":"es","potentialAction":[{"@type":"ReadAction","target":["https:\/\/fuentesfidedignas.com.mx\/index.php\/2021\/07\/24\/dos-personas-son-detenidas-por-robo-de-cableado-llaman-a-seguir-denunciando\/"]}]},{"@type":"ImageObject","inLanguage":"es","@id":"https:\/\/fuentesfidedignas.com.mx\/index.php\/2021\/07\/24\/dos-personas-son-detenidas-por-robo-de-cableado-llaman-a-seguir-denunciando\/#primaryimage","url":"https:\/\/fuentesfidedignas.com.mx\/wp-content\/uploads\/2021\/07\/IMG-20210724-WA0017.jpg","contentUrl":"https:\/\/fuentesfidedignas.com.mx\/wp-content\/uploads\/2021\/07\/IMG-20210724-WA0017.jpg","width":719,"height":480},{"@type":"BreadcrumbList","@id":"https:\/\/fuentesfidedignas.com.mx\/index.php\/2021\/07\/24\/dos-personas-son-detenidas-por-robo-de-cableado-llaman-a-seguir-denunciando\/#breadcrumb","itemListElement":[{"@type":"ListItem","position":1,"name":"Inicio","item":"https:\/\/fuentesfidedignas.com.mx\/"},{"@type":"ListItem","position":2,"name":"Dos personas son detenidas por robo de cableado, llaman a seguir denunciando"}]},{"@type":"WebSite","@id":"https:\/\/fuentesfidedignas.com.mx\/#website","url":"https:\/\/fuentesfidedignas.com.mx\/","name":"Fuentes Fidedignas","description":"Otro sitio realizado con WordPress","publisher":{"@id":"https:\/\/fuentesfidedignas.com.mx\/#organization"},"potentialAction":[{"@type":"SearchAction","target":{"@type":"EntryPoint","urlTemplate":"https:\/\/fuentesfidedignas.com.mx\/?s={search_term_string}"},"query-input":{"@type":"PropertyValueSpecification","valueRequired":true,"valueName":"search_term_string"}}],"inLanguage":"es"},{"@type":"Organization","@id":"https:\/\/fuentesfidedignas.com.mx\/#organization","name":"Fuentes Fidedignas","url":"https:\/\/fuentesfidedignas.com.mx\/","logo":{"@type":"ImageObject","inLanguage":"es","@id":"https:\/\/fuentesfidedignas.com.mx\/#\/schema\/logo\/image\/","url":"https:\/\/fuentesfidedignas.com.mx\/wp-content\/uploads\/2021\/04\/logo-retina.png","contentUrl":"https:\/\/fuentesfidedignas.com.mx\/wp-content\/uploads\/2021\/04\/logo-retina.png","width":280,"height":51,"caption":"Fuentes Fidedignas"},"image":{"@id":"https:\/\/fuentesfidedignas.com.mx\/#\/schema\/logo\/image\/"},"sameAs":["https:\/\/www.facebook.com\/Fuentes-Fidedignas-368234489921644","https:\/\/x.com\/fidedignas"]},{"@type":"Person","@id":"https:\/\/fuentesfidedignas.com.mx\/#\/schema\/person\/331be9283d37198e2acd5750279085b0","name":"Redacci\u00f3n","image":{"@type":"ImageObject","inLanguage":"es","@id":"https:\/\/secure.gravatar.com\/avatar\/f6d8782c11d12b2d4ad3fbb6931aeab5309937a4d6cd2fc9cfaa28a6396a5aec?s=96&d=mm&r=g","url":"https:\/\/secure.gravatar.com\/avatar\/f6d8782c11d12b2d4ad3fbb6931aeab5309937a4d6cd2fc9cfaa28a6396a5aec?s=96&d=mm&r=g","contentUrl":"https:\/\/secure.gravatar.com\/avatar\/f6d8782c11d12b2d4ad3fbb6931aeab5309937a4d6cd2fc9cfaa28a6396a5aec?s=96&d=mm&r=g","caption":"Redacci\u00f3n"},"url":"https:\/\/fuentesfidedignas.com.mx\/index.php\/author\/redaccion\/"}]}},"_links":{"self":[{"href":"https:\/\/fuentesfidedignas.com.mx\/index.php\/wp-json\/wp\/v2\/posts\/8174","targetHints":{"allow":["GET"]}}],"collection":[{"href":"https:\/\/fuentesfidedignas.com.mx\/index.php\/wp-json\/wp\/v2\/posts"}],"about":[{"href":"https:\/\/fuentesfidedignas.com.mx\/index.php\/wp-json\/wp\/v2\/types\/post"}],"author":[{"embeddable":true,"href":"https:\/\/fuentesfidedignas.com.mx\/index.php\/wp-json\/wp\/v2\/users\/4"}],"replies":[{"embeddable":true,"href":"https:\/\/fuentesfidedignas.com.mx\/index.php\/wp-json\/wp\/v2\/comments?post=8174"}],"version-history":[{"count":1,"href":"https:\/\/fuentesfidedignas.com.mx\/index.php\/wp-json\/wp\/v2\/posts\/8174\/revisions"}],"predecessor-version":[{"id":8176,"href":"https:\/\/fuentesfidedignas.com.mx\/index.php\/wp-json\/wp\/v2\/posts\/8174\/revisions\/8176"}],"wp:featuredmedia":[{"embeddable":true,"href":"https:\/\/fuentesfidedignas.com.mx\/index.php\/wp-json\/wp\/v2\/media\/8175"}],"wp:attachment":[{"href":"https:\/\/fuentesfidedignas.com.mx\/index.php\/wp-json\/wp\/v2\/media?parent=8174"}],"wp:term":[{"taxonomy":"category","embeddable":true,"href":"https:\/\/fuentesfidedignas.com.mx\/index.php\/wp-json\/wp\/v2\/categories?post=8174"},{"taxonomy":"post_tag","embeddable":true,"href":"https:\/\/fuentesfidedignas.com.mx\/index.php\/wp-json\/wp\/v2\/tags?post=8174"}],"curies":[{"name":"wp","href":"https:\/\/api.w.org\/{rel}","templated":true}]}}