{"id":81729,"date":"2024-05-15T18:11:59","date_gmt":"2024-05-16T01:11:59","guid":{"rendered":"https:\/\/fuentesfidedignas.com.mx\/?p=81729"},"modified":"2024-05-15T18:22:43","modified_gmt":"2024-05-16T01:22:43","slug":"maestros-tendran-doble-plaza-con-el-regreso-de-escuelas-de-tiempo-completo-eduardo-ortiz","status":"publish","type":"post","link":"https:\/\/fuentesfidedignas.com.mx\/index.php\/2024\/05\/15\/maestros-tendran-doble-plaza-con-el-regreso-de-escuelas-de-tiempo-completo-eduardo-ortiz\/","title":{"rendered":"Maestros tendr\u00e1n doble plaza con el regreso de escuelas de tiempo completo: Eduardo Ortiz"},"content":{"rendered":"\n<p><strong><em>El candidato al Senado por Fuerza y Coraz\u00f3n por M\u00e9xico reconoci\u00f3 la labor de los maestros sinaloenses en su d\u00eda<\/em><\/strong><\/p>\n\n\n\n<p>Ahome, Sin.- M\u00e9xico necesita de sus maestros para prosperar como naci\u00f3n, por eso se les deben otorgar las herramientas e incentivos para que desarrollen plenamente su labor, eso es un compromiso de los candidatos de la alianza de Fuerza y Coraz\u00f3n por M\u00e9xico, asegur\u00f3 Eduardo Ortiz Hern\u00e1ndez.<\/p>\n\n\n\n<p>&#8220;<strong>X\u00f3chitl G\u00e1lvez ya lo dijo, tendr\u00e1n doble plaza con el regreso de las estancias infantiles y las escuelas de tiempo completo. Necesitamos que a ustedes les vaya bien, los necesitamos ense\u00f1\u00e1ndole a los ni\u00f1os y j\u00f3venes m\u00e1s matem\u00e1ticas y m\u00e1s ciencia<\/strong>&#8220;, detall\u00f3.<\/p>\n\n\n\n<p>Durante una intensa gira en el municipio de Ahome y en el marco del D\u00eda del Maestro, el abanderado de PAN, PRI y PRD felicit\u00f3 y reconoci\u00f3 la labor de todos los profesores y las profesoras sinaloenses: \u201c<strong>Les recuerdo que los docentes ser\u00e1n clave en este proyecto de Fuerza y Coraz\u00f3n por M\u00e9xico<\/strong>&#8220;, asegur\u00f3 el candidato al Senado de la Rep\u00fablica.<\/p>\n\n\n\n<p>Eduardo Ortiz hizo un llamado a los profesores y dem\u00e1s trabajadores de instituciones educativas, a no dejarse intimidar por presiones sindicales y ejercer su derecho al voto de una forma libre y razonada el pr\u00f3ximo 2 de junio.<\/p>\n\n\n\n<p>El representante de Fuerza y Coraz\u00f3n por M\u00e9xico sostuvo reuniones con vecinos de la colonia Los Aureles, integrantes de la CANACO Servytur Los Mochis, as\u00ed como trabajadores de diversas empresas.<\/p>\n","protected":false},"excerpt":{"rendered":"<p>El candidato al Senado por Fuerza y Coraz\u00f3n por M\u00e9xico reconoci\u00f3 la labor de los maestros sinaloenses en su d\u00eda Ahome, Sin.- M\u00e9xico necesita de sus maestros para prosperar como naci\u00f3n, por eso se les deben otorgar las herramientas e incentivos para que desarrollen plenamente su labor, eso es un compromiso de los candidatos de [&hellip;]<\/p>\n","protected":false},"author":4,"featured_media":81728,"comment_status":"open","ping_status":"open","sticky":false,"template":"","format":"standard","meta":{"tdm_status":"","tdm_grid_status":"","footnotes":""},"categories":[38],"tags":[],"class_list":{"0":"post-81729","1":"post","2":"type-post","3":"status-publish","4":"format-standard","5":"has-post-thumbnail","7":"category-noticias-locales"},"yoast_head":"<!-- This site is optimized with the Yoast SEO plugin v27.5 - https:\/\/yoast.com\/product\/yoast-seo-wordpress\/ -->\n<title>Maestros tendr\u00e1n doble plaza con el regreso de escuelas de tiempo completo: Eduardo Ortiz - Fuentes Fidedignas<\/title>\n<meta name=\"robots\" content=\"index, follow, max-snippet:-1, max-image-preview:large, max-video-preview:-1\" \/>\n<link rel=\"canonical\" href=\"https:\/\/fuentesfidedignas.com.mx\/index.php\/2024\/05\/15\/maestros-tendran-doble-plaza-con-el-regreso-de-escuelas-de-tiempo-completo-eduardo-ortiz\/\" \/>\n<meta property=\"og:locale\" content=\"es_MX\" \/>\n<meta property=\"og:type\" content=\"article\" \/>\n<meta property=\"og:title\" content=\"Maestros tendr\u00e1n doble plaza con el regreso de escuelas de tiempo completo: Eduardo Ortiz - Fuentes Fidedignas\" \/>\n<meta property=\"og:description\" content=\"El candidato al Senado por Fuerza y Coraz\u00f3n por M\u00e9xico reconoci\u00f3 la labor de los maestros sinaloenses en su d\u00eda Ahome, Sin.- M\u00e9xico necesita de sus maestros para prosperar como naci\u00f3n, por eso se les deben otorgar las herramientas e incentivos para que desarrollen plenamente su labor, eso es un compromiso de los candidatos de [&hellip;]\" \/>\n<meta property=\"og:url\" content=\"https:\/\/fuentesfidedignas.com.mx\/index.php\/2024\/05\/15\/maestros-tendran-doble-plaza-con-el-regreso-de-escuelas-de-tiempo-completo-eduardo-ortiz\/\" \/>\n<meta property=\"og:site_name\" content=\"Fuentes Fidedignas\" \/>\n<meta property=\"article:publisher\" content=\"https:\/\/www.facebook.com\/Fuentes-Fidedignas-368234489921644\" \/>\n<meta property=\"article:published_time\" content=\"2024-05-16T01:11:59+00:00\" \/>\n<meta property=\"article:modified_time\" content=\"2024-05-16T01:22:43+00:00\" \/>\n<meta property=\"og:image\" content=\"https:\/\/fuentesfidedignas.com.mx\/wp-content\/uploads\/2024\/05\/img_3987-1.jpg\" \/>\n\t<meta property=\"og:image:width\" content=\"1087\" \/>\n\t<meta property=\"og:image:height\" content=\"695\" \/>\n\t<meta property=\"og:image:type\" content=\"image\/jpeg\" \/>\n<meta name=\"author\" content=\"Redacci\u00f3n\" \/>\n<meta name=\"twitter:card\" content=\"summary_large_image\" \/>\n<meta name=\"twitter:creator\" content=\"@fidedignas\" \/>\n<meta name=\"twitter:site\" content=\"@fidedignas\" \/>\n<meta name=\"twitter:label1\" content=\"Escrito por\" \/>\n\t<meta name=\"twitter:data1\" content=\"Redacci\u00f3n\" \/>\n\t<meta name=\"twitter:label2\" content=\"Tiempo de lectura\" \/>\n\t<meta name=\"twitter:data2\" content=\"1 minuto\" \/>\n<script type=\"application\/ld+json\" class=\"yoast-schema-graph\">{\"@context\":\"https:\\\/\\\/schema.org\",\"@graph\":[{\"@type\":\"Article\",\"@id\":\"https:\\\/\\\/fuentesfidedignas.com.mx\\\/index.php\\\/2024\\\/05\\\/15\\\/maestros-tendran-doble-plaza-con-el-regreso-de-escuelas-de-tiempo-completo-eduardo-ortiz\\\/#article\",\"isPartOf\":{\"@id\":\"https:\\\/\\\/fuentesfidedignas.com.mx\\\/index.php\\\/2024\\\/05\\\/15\\\/maestros-tendran-doble-plaza-con-el-regreso-de-escuelas-de-tiempo-completo-eduardo-ortiz\\\/\"},\"author\":{\"name\":\"Redacci\u00f3n\",\"@id\":\"https:\\\/\\\/fuentesfidedignas.com.mx\\\/#\\\/schema\\\/person\\\/331be9283d37198e2acd5750279085b0\"},\"headline\":\"Maestros tendr\u00e1n doble plaza con el regreso de escuelas de tiempo completo: Eduardo Ortiz\",\"datePublished\":\"2024-05-16T01:11:59+00:00\",\"dateModified\":\"2024-05-16T01:22:43+00:00\",\"mainEntityOfPage\":{\"@id\":\"https:\\\/\\\/fuentesfidedignas.com.mx\\\/index.php\\\/2024\\\/05\\\/15\\\/maestros-tendran-doble-plaza-con-el-regreso-de-escuelas-de-tiempo-completo-eduardo-ortiz\\\/\"},\"wordCount\":279,\"commentCount\":0,\"publisher\":{\"@id\":\"https:\\\/\\\/fuentesfidedignas.com.mx\\\/#organization\"},\"image\":{\"@id\":\"https:\\\/\\\/fuentesfidedignas.com.mx\\\/index.php\\\/2024\\\/05\\\/15\\\/maestros-tendran-doble-plaza-con-el-regreso-de-escuelas-de-tiempo-completo-eduardo-ortiz\\\/#primaryimage\"},\"thumbnailUrl\":\"https:\\\/\\\/fuentesfidedignas.com.mx\\\/wp-content\\\/uploads\\\/2024\\\/05\\\/img_3987-1.jpg\",\"articleSection\":[\"NOTICIAS LOCALES\"],\"inLanguage\":\"es\",\"potentialAction\":[{\"@type\":\"CommentAction\",\"name\":\"Comment\",\"target\":[\"https:\\\/\\\/fuentesfidedignas.com.mx\\\/index.php\\\/2024\\\/05\\\/15\\\/maestros-tendran-doble-plaza-con-el-regreso-de-escuelas-de-tiempo-completo-eduardo-ortiz\\\/#respond\"]}]},{\"@type\":\"WebPage\",\"@id\":\"https:\\\/\\\/fuentesfidedignas.com.mx\\\/index.php\\\/2024\\\/05\\\/15\\\/maestros-tendran-doble-plaza-con-el-regreso-de-escuelas-de-tiempo-completo-eduardo-ortiz\\\/\",\"url\":\"https:\\\/\\\/fuentesfidedignas.com.mx\\\/index.php\\\/2024\\\/05\\\/15\\\/maestros-tendran-doble-plaza-con-el-regreso-de-escuelas-de-tiempo-completo-eduardo-ortiz\\\/\",\"name\":\"Maestros tendr\u00e1n doble plaza con el regreso de escuelas de tiempo completo: Eduardo Ortiz - Fuentes Fidedignas\",\"isPartOf\":{\"@id\":\"https:\\\/\\\/fuentesfidedignas.com.mx\\\/#website\"},\"primaryImageOfPage\":{\"@id\":\"https:\\\/\\\/fuentesfidedignas.com.mx\\\/index.php\\\/2024\\\/05\\\/15\\\/maestros-tendran-doble-plaza-con-el-regreso-de-escuelas-de-tiempo-completo-eduardo-ortiz\\\/#primaryimage\"},\"image\":{\"@id\":\"https:\\\/\\\/fuentesfidedignas.com.mx\\\/index.php\\\/2024\\\/05\\\/15\\\/maestros-tendran-doble-plaza-con-el-regreso-de-escuelas-de-tiempo-completo-eduardo-ortiz\\\/#primaryimage\"},\"thumbnailUrl\":\"https:\\\/\\\/fuentesfidedignas.com.mx\\\/wp-content\\\/uploads\\\/2024\\\/05\\\/img_3987-1.jpg\",\"datePublished\":\"2024-05-16T01:11:59+00:00\",\"dateModified\":\"2024-05-16T01:22:43+00:00\",\"breadcrumb\":{\"@id\":\"https:\\\/\\\/fuentesfidedignas.com.mx\\\/index.php\\\/2024\\\/05\\\/15\\\/maestros-tendran-doble-plaza-con-el-regreso-de-escuelas-de-tiempo-completo-eduardo-ortiz\\\/#breadcrumb\"},\"inLanguage\":\"es\",\"potentialAction\":[{\"@type\":\"ReadAction\",\"target\":[\"https:\\\/\\\/fuentesfidedignas.com.mx\\\/index.php\\\/2024\\\/05\\\/15\\\/maestros-tendran-doble-plaza-con-el-regreso-de-escuelas-de-tiempo-completo-eduardo-ortiz\\\/\"]}]},{\"@type\":\"ImageObject\",\"inLanguage\":\"es\",\"@id\":\"https:\\\/\\\/fuentesfidedignas.com.mx\\\/index.php\\\/2024\\\/05\\\/15\\\/maestros-tendran-doble-plaza-con-el-regreso-de-escuelas-de-tiempo-completo-eduardo-ortiz\\\/#primaryimage\",\"url\":\"https:\\\/\\\/fuentesfidedignas.com.mx\\\/wp-content\\\/uploads\\\/2024\\\/05\\\/img_3987-1.jpg\",\"contentUrl\":\"https:\\\/\\\/fuentesfidedignas.com.mx\\\/wp-content\\\/uploads\\\/2024\\\/05\\\/img_3987-1.jpg\",\"width\":1087,\"height\":695},{\"@type\":\"BreadcrumbList\",\"@id\":\"https:\\\/\\\/fuentesfidedignas.com.mx\\\/index.php\\\/2024\\\/05\\\/15\\\/maestros-tendran-doble-plaza-con-el-regreso-de-escuelas-de-tiempo-completo-eduardo-ortiz\\\/#breadcrumb\",\"itemListElement\":[{\"@type\":\"ListItem\",\"position\":1,\"name\":\"Inicio\",\"item\":\"https:\\\/\\\/fuentesfidedignas.com.mx\\\/\"},{\"@type\":\"ListItem\",\"position\":2,\"name\":\"Maestros tendr\u00e1n doble plaza con el regreso de escuelas de tiempo completo: Eduardo Ortiz\"}]},{\"@type\":\"WebSite\",\"@id\":\"https:\\\/\\\/fuentesfidedignas.com.mx\\\/#website\",\"url\":\"https:\\\/\\\/fuentesfidedignas.com.mx\\\/\",\"name\":\"Fuentes Fidedignas\",\"description\":\"Otro sitio realizado con WordPress\",\"publisher\":{\"@id\":\"https:\\\/\\\/fuentesfidedignas.com.mx\\\/#organization\"},\"potentialAction\":[{\"@type\":\"SearchAction\",\"target\":{\"@type\":\"EntryPoint\",\"urlTemplate\":\"https:\\\/\\\/fuentesfidedignas.com.mx\\\/?s={search_term_string}\"},\"query-input\":{\"@type\":\"PropertyValueSpecification\",\"valueRequired\":true,\"valueName\":\"search_term_string\"}}],\"inLanguage\":\"es\"},{\"@type\":\"Organization\",\"@id\":\"https:\\\/\\\/fuentesfidedignas.com.mx\\\/#organization\",\"name\":\"Fuentes Fidedignas\",\"url\":\"https:\\\/\\\/fuentesfidedignas.com.mx\\\/\",\"logo\":{\"@type\":\"ImageObject\",\"inLanguage\":\"es\",\"@id\":\"https:\\\/\\\/fuentesfidedignas.com.mx\\\/#\\\/schema\\\/logo\\\/image\\\/\",\"url\":\"https:\\\/\\\/fuentesfidedignas.com.mx\\\/wp-content\\\/uploads\\\/2021\\\/04\\\/logo-retina.png\",\"contentUrl\":\"https:\\\/\\\/fuentesfidedignas.com.mx\\\/wp-content\\\/uploads\\\/2021\\\/04\\\/logo-retina.png\",\"width\":280,\"height\":51,\"caption\":\"Fuentes Fidedignas\"},\"image\":{\"@id\":\"https:\\\/\\\/fuentesfidedignas.com.mx\\\/#\\\/schema\\\/logo\\\/image\\\/\"},\"sameAs\":[\"https:\\\/\\\/www.facebook.com\\\/Fuentes-Fidedignas-368234489921644\",\"https:\\\/\\\/x.com\\\/fidedignas\"]},{\"@type\":\"Person\",\"@id\":\"https:\\\/\\\/fuentesfidedignas.com.mx\\\/#\\\/schema\\\/person\\\/331be9283d37198e2acd5750279085b0\",\"name\":\"Redacci\u00f3n\",\"image\":{\"@type\":\"ImageObject\",\"inLanguage\":\"es\",\"@id\":\"https:\\\/\\\/secure.gravatar.com\\\/avatar\\\/f6d8782c11d12b2d4ad3fbb6931aeab5309937a4d6cd2fc9cfaa28a6396a5aec?s=96&d=mm&r=g\",\"url\":\"https:\\\/\\\/secure.gravatar.com\\\/avatar\\\/f6d8782c11d12b2d4ad3fbb6931aeab5309937a4d6cd2fc9cfaa28a6396a5aec?s=96&d=mm&r=g\",\"contentUrl\":\"https:\\\/\\\/secure.gravatar.com\\\/avatar\\\/f6d8782c11d12b2d4ad3fbb6931aeab5309937a4d6cd2fc9cfaa28a6396a5aec?s=96&d=mm&r=g\",\"caption\":\"Redacci\u00f3n\"},\"url\":\"https:\\\/\\\/fuentesfidedignas.com.mx\\\/index.php\\\/author\\\/redaccion\\\/\"}]}<\/script>\n<!-- \/ Yoast SEO plugin. -->","yoast_head_json":{"title":"Maestros tendr\u00e1n doble plaza con el regreso de escuelas de tiempo completo: Eduardo Ortiz - Fuentes Fidedignas","robots":{"index":"index","follow":"follow","max-snippet":"max-snippet:-1","max-image-preview":"max-image-preview:large","max-video-preview":"max-video-preview:-1"},"canonical":"https:\/\/fuentesfidedignas.com.mx\/index.php\/2024\/05\/15\/maestros-tendran-doble-plaza-con-el-regreso-de-escuelas-de-tiempo-completo-eduardo-ortiz\/","og_locale":"es_MX","og_type":"article","og_title":"Maestros tendr\u00e1n doble plaza con el regreso de escuelas de tiempo completo: Eduardo Ortiz - Fuentes Fidedignas","og_description":"El candidato al Senado por Fuerza y Coraz\u00f3n por M\u00e9xico reconoci\u00f3 la labor de los maestros sinaloenses en su d\u00eda Ahome, Sin.- M\u00e9xico necesita de sus maestros para prosperar como naci\u00f3n, por eso se les deben otorgar las herramientas e incentivos para que desarrollen plenamente su labor, eso es un compromiso de los candidatos de [&hellip;]","og_url":"https:\/\/fuentesfidedignas.com.mx\/index.php\/2024\/05\/15\/maestros-tendran-doble-plaza-con-el-regreso-de-escuelas-de-tiempo-completo-eduardo-ortiz\/","og_site_name":"Fuentes Fidedignas","article_publisher":"https:\/\/www.facebook.com\/Fuentes-Fidedignas-368234489921644","article_published_time":"2024-05-16T01:11:59+00:00","article_modified_time":"2024-05-16T01:22:43+00:00","og_image":[{"width":1087,"height":695,"url":"https:\/\/fuentesfidedignas.com.mx\/wp-content\/uploads\/2024\/05\/img_3987-1.jpg","type":"image\/jpeg"}],"author":"Redacci\u00f3n","twitter_card":"summary_large_image","twitter_creator":"@fidedignas","twitter_site":"@fidedignas","twitter_misc":{"Escrito por":"Redacci\u00f3n","Tiempo de lectura":"1 minuto"},"schema":{"@context":"https:\/\/schema.org","@graph":[{"@type":"Article","@id":"https:\/\/fuentesfidedignas.com.mx\/index.php\/2024\/05\/15\/maestros-tendran-doble-plaza-con-el-regreso-de-escuelas-de-tiempo-completo-eduardo-ortiz\/#article","isPartOf":{"@id":"https:\/\/fuentesfidedignas.com.mx\/index.php\/2024\/05\/15\/maestros-tendran-doble-plaza-con-el-regreso-de-escuelas-de-tiempo-completo-eduardo-ortiz\/"},"author":{"name":"Redacci\u00f3n","@id":"https:\/\/fuentesfidedignas.com.mx\/#\/schema\/person\/331be9283d37198e2acd5750279085b0"},"headline":"Maestros tendr\u00e1n doble plaza con el regreso de escuelas de tiempo completo: Eduardo Ortiz","datePublished":"2024-05-16T01:11:59+00:00","dateModified":"2024-05-16T01:22:43+00:00","mainEntityOfPage":{"@id":"https:\/\/fuentesfidedignas.com.mx\/index.php\/2024\/05\/15\/maestros-tendran-doble-plaza-con-el-regreso-de-escuelas-de-tiempo-completo-eduardo-ortiz\/"},"wordCount":279,"commentCount":0,"publisher":{"@id":"https:\/\/fuentesfidedignas.com.mx\/#organization"},"image":{"@id":"https:\/\/fuentesfidedignas.com.mx\/index.php\/2024\/05\/15\/maestros-tendran-doble-plaza-con-el-regreso-de-escuelas-de-tiempo-completo-eduardo-ortiz\/#primaryimage"},"thumbnailUrl":"https:\/\/fuentesfidedignas.com.mx\/wp-content\/uploads\/2024\/05\/img_3987-1.jpg","articleSection":["NOTICIAS LOCALES"],"inLanguage":"es","potentialAction":[{"@type":"CommentAction","name":"Comment","target":["https:\/\/fuentesfidedignas.com.mx\/index.php\/2024\/05\/15\/maestros-tendran-doble-plaza-con-el-regreso-de-escuelas-de-tiempo-completo-eduardo-ortiz\/#respond"]}]},{"@type":"WebPage","@id":"https:\/\/fuentesfidedignas.com.mx\/index.php\/2024\/05\/15\/maestros-tendran-doble-plaza-con-el-regreso-de-escuelas-de-tiempo-completo-eduardo-ortiz\/","url":"https:\/\/fuentesfidedignas.com.mx\/index.php\/2024\/05\/15\/maestros-tendran-doble-plaza-con-el-regreso-de-escuelas-de-tiempo-completo-eduardo-ortiz\/","name":"Maestros tendr\u00e1n doble plaza con el regreso de escuelas de tiempo completo: Eduardo Ortiz - Fuentes Fidedignas","isPartOf":{"@id":"https:\/\/fuentesfidedignas.com.mx\/#website"},"primaryImageOfPage":{"@id":"https:\/\/fuentesfidedignas.com.mx\/index.php\/2024\/05\/15\/maestros-tendran-doble-plaza-con-el-regreso-de-escuelas-de-tiempo-completo-eduardo-ortiz\/#primaryimage"},"image":{"@id":"https:\/\/fuentesfidedignas.com.mx\/index.php\/2024\/05\/15\/maestros-tendran-doble-plaza-con-el-regreso-de-escuelas-de-tiempo-completo-eduardo-ortiz\/#primaryimage"},"thumbnailUrl":"https:\/\/fuentesfidedignas.com.mx\/wp-content\/uploads\/2024\/05\/img_3987-1.jpg","datePublished":"2024-05-16T01:11:59+00:00","dateModified":"2024-05-16T01:22:43+00:00","breadcrumb":{"@id":"https:\/\/fuentesfidedignas.com.mx\/index.php\/2024\/05\/15\/maestros-tendran-doble-plaza-con-el-regreso-de-escuelas-de-tiempo-completo-eduardo-ortiz\/#breadcrumb"},"inLanguage":"es","potentialAction":[{"@type":"ReadAction","target":["https:\/\/fuentesfidedignas.com.mx\/index.php\/2024\/05\/15\/maestros-tendran-doble-plaza-con-el-regreso-de-escuelas-de-tiempo-completo-eduardo-ortiz\/"]}]},{"@type":"ImageObject","inLanguage":"es","@id":"https:\/\/fuentesfidedignas.com.mx\/index.php\/2024\/05\/15\/maestros-tendran-doble-plaza-con-el-regreso-de-escuelas-de-tiempo-completo-eduardo-ortiz\/#primaryimage","url":"https:\/\/fuentesfidedignas.com.mx\/wp-content\/uploads\/2024\/05\/img_3987-1.jpg","contentUrl":"https:\/\/fuentesfidedignas.com.mx\/wp-content\/uploads\/2024\/05\/img_3987-1.jpg","width":1087,"height":695},{"@type":"BreadcrumbList","@id":"https:\/\/fuentesfidedignas.com.mx\/index.php\/2024\/05\/15\/maestros-tendran-doble-plaza-con-el-regreso-de-escuelas-de-tiempo-completo-eduardo-ortiz\/#breadcrumb","itemListElement":[{"@type":"ListItem","position":1,"name":"Inicio","item":"https:\/\/fuentesfidedignas.com.mx\/"},{"@type":"ListItem","position":2,"name":"Maestros tendr\u00e1n doble plaza con el regreso de escuelas de tiempo completo: Eduardo Ortiz"}]},{"@type":"WebSite","@id":"https:\/\/fuentesfidedignas.com.mx\/#website","url":"https:\/\/fuentesfidedignas.com.mx\/","name":"Fuentes Fidedignas","description":"Otro sitio realizado con WordPress","publisher":{"@id":"https:\/\/fuentesfidedignas.com.mx\/#organization"},"potentialAction":[{"@type":"SearchAction","target":{"@type":"EntryPoint","urlTemplate":"https:\/\/fuentesfidedignas.com.mx\/?s={search_term_string}"},"query-input":{"@type":"PropertyValueSpecification","valueRequired":true,"valueName":"search_term_string"}}],"inLanguage":"es"},{"@type":"Organization","@id":"https:\/\/fuentesfidedignas.com.mx\/#organization","name":"Fuentes Fidedignas","url":"https:\/\/fuentesfidedignas.com.mx\/","logo":{"@type":"ImageObject","inLanguage":"es","@id":"https:\/\/fuentesfidedignas.com.mx\/#\/schema\/logo\/image\/","url":"https:\/\/fuentesfidedignas.com.mx\/wp-content\/uploads\/2021\/04\/logo-retina.png","contentUrl":"https:\/\/fuentesfidedignas.com.mx\/wp-content\/uploads\/2021\/04\/logo-retina.png","width":280,"height":51,"caption":"Fuentes Fidedignas"},"image":{"@id":"https:\/\/fuentesfidedignas.com.mx\/#\/schema\/logo\/image\/"},"sameAs":["https:\/\/www.facebook.com\/Fuentes-Fidedignas-368234489921644","https:\/\/x.com\/fidedignas"]},{"@type":"Person","@id":"https:\/\/fuentesfidedignas.com.mx\/#\/schema\/person\/331be9283d37198e2acd5750279085b0","name":"Redacci\u00f3n","image":{"@type":"ImageObject","inLanguage":"es","@id":"https:\/\/secure.gravatar.com\/avatar\/f6d8782c11d12b2d4ad3fbb6931aeab5309937a4d6cd2fc9cfaa28a6396a5aec?s=96&d=mm&r=g","url":"https:\/\/secure.gravatar.com\/avatar\/f6d8782c11d12b2d4ad3fbb6931aeab5309937a4d6cd2fc9cfaa28a6396a5aec?s=96&d=mm&r=g","contentUrl":"https:\/\/secure.gravatar.com\/avatar\/f6d8782c11d12b2d4ad3fbb6931aeab5309937a4d6cd2fc9cfaa28a6396a5aec?s=96&d=mm&r=g","caption":"Redacci\u00f3n"},"url":"https:\/\/fuentesfidedignas.com.mx\/index.php\/author\/redaccion\/"}]}},"_links":{"self":[{"href":"https:\/\/fuentesfidedignas.com.mx\/index.php\/wp-json\/wp\/v2\/posts\/81729","targetHints":{"allow":["GET"]}}],"collection":[{"href":"https:\/\/fuentesfidedignas.com.mx\/index.php\/wp-json\/wp\/v2\/posts"}],"about":[{"href":"https:\/\/fuentesfidedignas.com.mx\/index.php\/wp-json\/wp\/v2\/types\/post"}],"author":[{"embeddable":true,"href":"https:\/\/fuentesfidedignas.com.mx\/index.php\/wp-json\/wp\/v2\/users\/4"}],"replies":[{"embeddable":true,"href":"https:\/\/fuentesfidedignas.com.mx\/index.php\/wp-json\/wp\/v2\/comments?post=81729"}],"version-history":[{"count":2,"href":"https:\/\/fuentesfidedignas.com.mx\/index.php\/wp-json\/wp\/v2\/posts\/81729\/revisions"}],"predecessor-version":[{"id":81731,"href":"https:\/\/fuentesfidedignas.com.mx\/index.php\/wp-json\/wp\/v2\/posts\/81729\/revisions\/81731"}],"wp:featuredmedia":[{"embeddable":true,"href":"https:\/\/fuentesfidedignas.com.mx\/index.php\/wp-json\/wp\/v2\/media\/81728"}],"wp:attachment":[{"href":"https:\/\/fuentesfidedignas.com.mx\/index.php\/wp-json\/wp\/v2\/media?parent=81729"}],"wp:term":[{"taxonomy":"category","embeddable":true,"href":"https:\/\/fuentesfidedignas.com.mx\/index.php\/wp-json\/wp\/v2\/categories?post=81729"},{"taxonomy":"post_tag","embeddable":true,"href":"https:\/\/fuentesfidedignas.com.mx\/index.php\/wp-json\/wp\/v2\/tags?post=81729"}],"curies":[{"name":"wp","href":"https:\/\/api.w.org\/{rel}","templated":true}]}}