{"id":81699,"date":"2024-05-15T13:36:51","date_gmt":"2024-05-15T20:36:51","guid":{"rendered":"https:\/\/fuentesfidedignas.com.mx\/?p=81699"},"modified":"2024-05-15T13:38:43","modified_gmt":"2024-05-15T20:38:43","slug":"cnte-inicia-paro-general-y-califica-de-burla-el-aumento-salarial","status":"publish","type":"post","link":"https:\/\/fuentesfidedignas.com.mx\/index.php\/2024\/05\/15\/cnte-inicia-paro-general-y-califica-de-burla-el-aumento-salarial\/","title":{"rendered":"CNTE inicia paro general y califica de \u201cburla\u201d el aumento salarial"},"content":{"rendered":"\n<p><strong><em>Docentes agrupados en la CNTE criticaron el aumento salarial anunciado por AMLO al acusar que solo alcanzar\u00e1 para un boleto del Metro<\/em><\/strong><\/p>\n\n\n\n<p>Ciudad de M\u00e9xico.- La Coordinadora Nacional de Trabajadores de la Educaci\u00f3n (CNTE) empez\u00f3 un paro general indefinido y tild\u00f3 de \u201cburla\u201d la subida salarial anunciada por el presidente Andr\u00e9s Manuel L\u00f3pez Obrador.<\/p>\n\n\n\n<p>\u201cEste adelanto que dio en la \u2018ma\u00f1anera\u2019 significa solo unos cuantos pesos m\u00e1s. (\u2026) Todav\u00eda no se ha planteado si es al salario base o en prestaciones. Si es en global nos parece que es una burla\u201d, sentenci\u00f3 el secretario general de la Secci\u00f3n IX de la CNTE, Pedro Hern\u00e1ndez, en declaraciones a medios.<\/p>\n\n\n\n<figure class=\"wp-block-embed is-provider-twitter wp-block-embed-twitter\"><div class=\"wp-block-embed__wrapper\">\nhttps:\/\/x.com\/lopezdoriga\/status\/1790817071376236939\n<\/div><\/figure>\n\n\n\n<p>El mandatario mexicano anunci\u00f3, en el marco del D\u00eda del Maestro, un&nbsp;<strong>aumento salarial<\/strong>&nbsp;del 10 por ciento para los&nbsp;<strong>docentes<\/strong>, que ahora ganar\u00e1n 17 mil 635 pesos mensuales, lo que representa una subida total de 47.5 por ciento durante su sexenio (2018-2024).<\/p>\n\n\n\n<p>\u201cHacemos cuentas y decimos que, apenas, (este aumento) nos alcanzar\u00e1 para un boleto del Metro\u201d, denunci\u00f3 Hern\u00e1ndez entre gritos de \u201cgobierne quien gobierne, los derechos se defienden\u201d.<\/p>\n\n\n\n<p>En su intervenci\u00f3n, el representante de la Secci\u00f3n XIV, H\u00e9ctor Torres Solano, reiter\u00f3 que este crecimiento salarial \u201cno basta para hacerle justicia\u201d al profesorado, por lo que anunci\u00f3 que seguir\u00e1n las protestas.<\/p>\n\n\n\n<p>\u201cMucho es el temor que tienen a la&nbsp;<strong>CNTE<\/strong>&nbsp;que hoy cercaron el Z\u00f3calo. Sin embargo, con la fuerza (\u2026), tenemos que tumbar todas las vallas y murallas que nos ponga este Gobierno\u201d, advirti\u00f3.<\/p>\n\n\n\n<p>Cerca de mil personas se congregaron en la Avenida Ribera de San Cosme, en la colonia San Rafael, para&nbsp;<strong>marchar<\/strong>&nbsp;hacia el&nbsp;<strong>Z\u00f3calo<\/strong>&nbsp;de la Ciudad de M\u00e9xico, donde se instalar\u00e1n para materializar el&nbsp;<strong>paro indefinido<\/strong>&nbsp;que arranca este mi\u00e9rcoles.<\/p>\n\n\n\n<p>\u201cEl contingente har\u00e1 presencia para estar los d\u00edas que dure este plant\u00f3n. Que entienda el Gobierno que este magisterio digno no se vende ni se rinde\u201d, advirti\u00f3 el secretario de relaciones de la Secci\u00f3n XXII, Manuel Alejandro Cruz.<\/p>\n\n\n\n<p>Seg\u00fan inform\u00f3&nbsp;<strong>L\u00f3pez Obrador<\/strong>&nbsp;esta ma\u00f1ana y confirmaron los representantes de la&nbsp;<strong>CNTE<\/strong>, el pr\u00f3ximo jueves se celebrar\u00e1 una&nbsp;<strong>reuni\u00f3n<\/strong>&nbsp;entre el presidente y la organizaci\u00f3n para que \u00e9l reciba el pliego petitorio de los docentes.<\/p>\n\n\n\n<h3 class=\"wp-block-heading\">&nbsp;Derogar reformas y aumentar salarios<\/h3>\n\n\n\n<p>La marcha y el paro general llegan despu\u00e9s de una marcha en el c\u00e9ntrico Paseo de la Reforma a mediados de abril y de la celebraci\u00f3n, a finales de ese mes, del VI Congreso Nacional Extraordinario de la CNTE, donde se acordaron las protestas actuales.<\/p>\n\n\n\n<p>A lo largo de&nbsp;<a href=\"https:\/\/lopezdoriga.com\/nacional\/amlo-recibe-palacio-nacional-dirigentes-cnte\/\" target=\"_blank\" rel=\"noreferrer noopener\">abril<\/a>&nbsp;se llevaron a cabo encuentros entre L\u00f3pez Obrador y la organizaci\u00f3n en un clima de relaciones que ha variado a lo largo del sexenio. En un principio, este rubro fue considerado prioritario, pero en diciembre de 2020 se congel\u00f3 la mesa sectorial.<\/p>\n\n\n\n<p>Los representantes de la CNTE reiteraron sus peticiones, como la&nbsp;<strong>derogaci\u00f3n<\/strong>&nbsp;de la&nbsp;<strong>Reforma Educativa<\/strong>&nbsp;de 2019 y de \u201cun c\u00famulo de reformas estructurales\u201d que impuls\u00f3 el expresidente Enrique Pe\u00f1a Nieto (2012-2018), en palabras de la secretaria general de la Secci\u00f3n XVIII, Eva Hinojosa.<\/p>\n\n\n\n<p>Hern\u00e1ndez resalt\u00f3 el contexto electoral que vive M\u00e9xico, por lo que exigi\u00f3 que el \u201ccompromiso\u201d con el profesorado se extienda al Ejecutivo que se configure fruto de las elecciones del 2 de junio, aunque record\u00f3 el margen de actuaci\u00f3n que a\u00fan tiene L\u00f3pez Obrador antes de terminar.<\/p>\n","protected":false},"excerpt":{"rendered":"<p>Docentes agrupados en la CNTE criticaron el aumento salarial anunciado por AMLO al acusar que solo alcanzar\u00e1 para un boleto del Metro Ciudad de M\u00e9xico.- La Coordinadora Nacional de Trabajadores de la Educaci\u00f3n (CNTE) empez\u00f3 un paro general indefinido y tild\u00f3 de \u201cburla\u201d la subida salarial anunciada por el presidente Andr\u00e9s Manuel L\u00f3pez Obrador. \u201cEste [&hellip;]<\/p>\n","protected":false},"author":47,"featured_media":81698,"comment_status":"open","ping_status":"open","sticky":false,"template":"","format":"standard","meta":{"tdm_status":"","tdm_grid_status":"","footnotes":""},"categories":[39],"tags":[],"class_list":{"0":"post-81699","1":"post","2":"type-post","3":"status-publish","4":"format-standard","5":"has-post-thumbnail","7":"category-noticias-nacionales"},"yoast_head":"<!-- This site is optimized with the Yoast SEO plugin v27.5 - https:\/\/yoast.com\/product\/yoast-seo-wordpress\/ -->\n<title>CNTE inicia paro general y califica de \u201cburla\u201d el aumento salarial - Fuentes Fidedignas<\/title>\n<meta name=\"robots\" content=\"index, follow, max-snippet:-1, max-image-preview:large, max-video-preview:-1\" \/>\n<link rel=\"canonical\" href=\"https:\/\/fuentesfidedignas.com.mx\/index.php\/2024\/05\/15\/cnte-inicia-paro-general-y-califica-de-burla-el-aumento-salarial\/\" \/>\n<meta property=\"og:locale\" content=\"es_MX\" \/>\n<meta property=\"og:type\" content=\"article\" \/>\n<meta property=\"og:title\" content=\"CNTE inicia paro general y califica de \u201cburla\u201d el aumento salarial - Fuentes Fidedignas\" \/>\n<meta property=\"og:description\" content=\"Docentes agrupados en la CNTE criticaron el aumento salarial anunciado por AMLO al acusar que solo alcanzar\u00e1 para un boleto del Metro Ciudad de M\u00e9xico.- La Coordinadora Nacional de Trabajadores de la Educaci\u00f3n (CNTE) empez\u00f3 un paro general indefinido y tild\u00f3 de \u201cburla\u201d la subida salarial anunciada por el presidente Andr\u00e9s Manuel L\u00f3pez Obrador. \u201cEste [&hellip;]\" \/>\n<meta property=\"og:url\" content=\"https:\/\/fuentesfidedignas.com.mx\/index.php\/2024\/05\/15\/cnte-inicia-paro-general-y-califica-de-burla-el-aumento-salarial\/\" \/>\n<meta property=\"og:site_name\" content=\"Fuentes Fidedignas\" \/>\n<meta property=\"article:publisher\" content=\"https:\/\/www.facebook.com\/Fuentes-Fidedignas-368234489921644\" \/>\n<meta property=\"article:published_time\" content=\"2024-05-15T20:36:51+00:00\" \/>\n<meta property=\"article:modified_time\" content=\"2024-05-15T20:38:43+00:00\" \/>\n<meta property=\"og:image\" content=\"https:\/\/fuentesfidedignas.com.mx\/wp-content\/uploads\/2024\/05\/img_3970-1.jpg\" \/>\n\t<meta property=\"og:image:width\" content=\"1536\" \/>\n\t<meta property=\"og:image:height\" content=\"1024\" \/>\n\t<meta property=\"og:image:type\" content=\"image\/jpeg\" \/>\n<meta name=\"author\" content=\"L\u00f3pez D\u00f3riga\" \/>\n<meta name=\"twitter:card\" content=\"summary_large_image\" \/>\n<meta name=\"twitter:creator\" content=\"@fidedignas\" \/>\n<meta name=\"twitter:site\" content=\"@fidedignas\" \/>\n<meta name=\"twitter:label1\" content=\"Escrito por\" \/>\n\t<meta name=\"twitter:data1\" content=\"L\u00f3pez D\u00f3riga\" \/>\n\t<meta name=\"twitter:label2\" content=\"Tiempo de lectura\" \/>\n\t<meta name=\"twitter:data2\" content=\"3 minutos\" \/>\n<script type=\"application\/ld+json\" class=\"yoast-schema-graph\">{\"@context\":\"https:\\\/\\\/schema.org\",\"@graph\":[{\"@type\":\"Article\",\"@id\":\"https:\\\/\\\/fuentesfidedignas.com.mx\\\/index.php\\\/2024\\\/05\\\/15\\\/cnte-inicia-paro-general-y-califica-de-burla-el-aumento-salarial\\\/#article\",\"isPartOf\":{\"@id\":\"https:\\\/\\\/fuentesfidedignas.com.mx\\\/index.php\\\/2024\\\/05\\\/15\\\/cnte-inicia-paro-general-y-califica-de-burla-el-aumento-salarial\\\/\"},\"author\":{\"name\":\"L\u00f3pez D\u00f3riga\",\"@id\":\"https:\\\/\\\/fuentesfidedignas.com.mx\\\/#\\\/schema\\\/person\\\/67d852f0557c8509146a4b9ddebd543a\"},\"headline\":\"CNTE inicia paro general y califica de \u201cburla\u201d el aumento salarial\",\"datePublished\":\"2024-05-15T20:36:51+00:00\",\"dateModified\":\"2024-05-15T20:38:43+00:00\",\"mainEntityOfPage\":{\"@id\":\"https:\\\/\\\/fuentesfidedignas.com.mx\\\/index.php\\\/2024\\\/05\\\/15\\\/cnte-inicia-paro-general-y-califica-de-burla-el-aumento-salarial\\\/\"},\"wordCount\":621,\"commentCount\":0,\"publisher\":{\"@id\":\"https:\\\/\\\/fuentesfidedignas.com.mx\\\/#organization\"},\"image\":{\"@id\":\"https:\\\/\\\/fuentesfidedignas.com.mx\\\/index.php\\\/2024\\\/05\\\/15\\\/cnte-inicia-paro-general-y-califica-de-burla-el-aumento-salarial\\\/#primaryimage\"},\"thumbnailUrl\":\"https:\\\/\\\/fuentesfidedignas.com.mx\\\/wp-content\\\/uploads\\\/2024\\\/05\\\/img_3970-1.jpg\",\"articleSection\":[\"NOTICIAS NACIONALES\"],\"inLanguage\":\"es\",\"potentialAction\":[{\"@type\":\"CommentAction\",\"name\":\"Comment\",\"target\":[\"https:\\\/\\\/fuentesfidedignas.com.mx\\\/index.php\\\/2024\\\/05\\\/15\\\/cnte-inicia-paro-general-y-califica-de-burla-el-aumento-salarial\\\/#respond\"]}]},{\"@type\":\"WebPage\",\"@id\":\"https:\\\/\\\/fuentesfidedignas.com.mx\\\/index.php\\\/2024\\\/05\\\/15\\\/cnte-inicia-paro-general-y-califica-de-burla-el-aumento-salarial\\\/\",\"url\":\"https:\\\/\\\/fuentesfidedignas.com.mx\\\/index.php\\\/2024\\\/05\\\/15\\\/cnte-inicia-paro-general-y-califica-de-burla-el-aumento-salarial\\\/\",\"name\":\"CNTE inicia paro general y califica de \u201cburla\u201d el aumento salarial - Fuentes Fidedignas\",\"isPartOf\":{\"@id\":\"https:\\\/\\\/fuentesfidedignas.com.mx\\\/#website\"},\"primaryImageOfPage\":{\"@id\":\"https:\\\/\\\/fuentesfidedignas.com.mx\\\/index.php\\\/2024\\\/05\\\/15\\\/cnte-inicia-paro-general-y-califica-de-burla-el-aumento-salarial\\\/#primaryimage\"},\"image\":{\"@id\":\"https:\\\/\\\/fuentesfidedignas.com.mx\\\/index.php\\\/2024\\\/05\\\/15\\\/cnte-inicia-paro-general-y-califica-de-burla-el-aumento-salarial\\\/#primaryimage\"},\"thumbnailUrl\":\"https:\\\/\\\/fuentesfidedignas.com.mx\\\/wp-content\\\/uploads\\\/2024\\\/05\\\/img_3970-1.jpg\",\"datePublished\":\"2024-05-15T20:36:51+00:00\",\"dateModified\":\"2024-05-15T20:38:43+00:00\",\"breadcrumb\":{\"@id\":\"https:\\\/\\\/fuentesfidedignas.com.mx\\\/index.php\\\/2024\\\/05\\\/15\\\/cnte-inicia-paro-general-y-califica-de-burla-el-aumento-salarial\\\/#breadcrumb\"},\"inLanguage\":\"es\",\"potentialAction\":[{\"@type\":\"ReadAction\",\"target\":[\"https:\\\/\\\/fuentesfidedignas.com.mx\\\/index.php\\\/2024\\\/05\\\/15\\\/cnte-inicia-paro-general-y-califica-de-burla-el-aumento-salarial\\\/\"]}]},{\"@type\":\"ImageObject\",\"inLanguage\":\"es\",\"@id\":\"https:\\\/\\\/fuentesfidedignas.com.mx\\\/index.php\\\/2024\\\/05\\\/15\\\/cnte-inicia-paro-general-y-califica-de-burla-el-aumento-salarial\\\/#primaryimage\",\"url\":\"https:\\\/\\\/fuentesfidedignas.com.mx\\\/wp-content\\\/uploads\\\/2024\\\/05\\\/img_3970-1.jpg\",\"contentUrl\":\"https:\\\/\\\/fuentesfidedignas.com.mx\\\/wp-content\\\/uploads\\\/2024\\\/05\\\/img_3970-1.jpg\",\"width\":1536,\"height\":1024},{\"@type\":\"BreadcrumbList\",\"@id\":\"https:\\\/\\\/fuentesfidedignas.com.mx\\\/index.php\\\/2024\\\/05\\\/15\\\/cnte-inicia-paro-general-y-califica-de-burla-el-aumento-salarial\\\/#breadcrumb\",\"itemListElement\":[{\"@type\":\"ListItem\",\"position\":1,\"name\":\"Inicio\",\"item\":\"https:\\\/\\\/fuentesfidedignas.com.mx\\\/\"},{\"@type\":\"ListItem\",\"position\":2,\"name\":\"CNTE inicia paro general y califica de \u201cburla\u201d el aumento salarial\"}]},{\"@type\":\"WebSite\",\"@id\":\"https:\\\/\\\/fuentesfidedignas.com.mx\\\/#website\",\"url\":\"https:\\\/\\\/fuentesfidedignas.com.mx\\\/\",\"name\":\"Fuentes Fidedignas\",\"description\":\"Otro sitio realizado con WordPress\",\"publisher\":{\"@id\":\"https:\\\/\\\/fuentesfidedignas.com.mx\\\/#organization\"},\"potentialAction\":[{\"@type\":\"SearchAction\",\"target\":{\"@type\":\"EntryPoint\",\"urlTemplate\":\"https:\\\/\\\/fuentesfidedignas.com.mx\\\/?s={search_term_string}\"},\"query-input\":{\"@type\":\"PropertyValueSpecification\",\"valueRequired\":true,\"valueName\":\"search_term_string\"}}],\"inLanguage\":\"es\"},{\"@type\":\"Organization\",\"@id\":\"https:\\\/\\\/fuentesfidedignas.com.mx\\\/#organization\",\"name\":\"Fuentes Fidedignas\",\"url\":\"https:\\\/\\\/fuentesfidedignas.com.mx\\\/\",\"logo\":{\"@type\":\"ImageObject\",\"inLanguage\":\"es\",\"@id\":\"https:\\\/\\\/fuentesfidedignas.com.mx\\\/#\\\/schema\\\/logo\\\/image\\\/\",\"url\":\"https:\\\/\\\/fuentesfidedignas.com.mx\\\/wp-content\\\/uploads\\\/2021\\\/04\\\/logo-retina.png\",\"contentUrl\":\"https:\\\/\\\/fuentesfidedignas.com.mx\\\/wp-content\\\/uploads\\\/2021\\\/04\\\/logo-retina.png\",\"width\":280,\"height\":51,\"caption\":\"Fuentes Fidedignas\"},\"image\":{\"@id\":\"https:\\\/\\\/fuentesfidedignas.com.mx\\\/#\\\/schema\\\/logo\\\/image\\\/\"},\"sameAs\":[\"https:\\\/\\\/www.facebook.com\\\/Fuentes-Fidedignas-368234489921644\",\"https:\\\/\\\/x.com\\\/fidedignas\"]},{\"@type\":\"Person\",\"@id\":\"https:\\\/\\\/fuentesfidedignas.com.mx\\\/#\\\/schema\\\/person\\\/67d852f0557c8509146a4b9ddebd543a\",\"name\":\"L\u00f3pez D\u00f3riga\",\"image\":{\"@type\":\"ImageObject\",\"inLanguage\":\"es\",\"@id\":\"https:\\\/\\\/secure.gravatar.com\\\/avatar\\\/e525b06574ca18b33cded59dfe5778d6c823b9513154eff47da551b0551bdd1e?s=96&d=mm&r=g\",\"url\":\"https:\\\/\\\/secure.gravatar.com\\\/avatar\\\/e525b06574ca18b33cded59dfe5778d6c823b9513154eff47da551b0551bdd1e?s=96&d=mm&r=g\",\"contentUrl\":\"https:\\\/\\\/secure.gravatar.com\\\/avatar\\\/e525b06574ca18b33cded59dfe5778d6c823b9513154eff47da551b0551bdd1e?s=96&d=mm&r=g\",\"caption\":\"L\u00f3pez D\u00f3riga\"},\"url\":\"https:\\\/\\\/fuentesfidedignas.com.mx\\\/index.php\\\/author\\\/doriga\\\/\"}]}<\/script>\n<!-- \/ Yoast SEO plugin. -->","yoast_head_json":{"title":"CNTE inicia paro general y califica de \u201cburla\u201d el aumento salarial - Fuentes Fidedignas","robots":{"index":"index","follow":"follow","max-snippet":"max-snippet:-1","max-image-preview":"max-image-preview:large","max-video-preview":"max-video-preview:-1"},"canonical":"https:\/\/fuentesfidedignas.com.mx\/index.php\/2024\/05\/15\/cnte-inicia-paro-general-y-califica-de-burla-el-aumento-salarial\/","og_locale":"es_MX","og_type":"article","og_title":"CNTE inicia paro general y califica de \u201cburla\u201d el aumento salarial - Fuentes Fidedignas","og_description":"Docentes agrupados en la CNTE criticaron el aumento salarial anunciado por AMLO al acusar que solo alcanzar\u00e1 para un boleto del Metro Ciudad de M\u00e9xico.- La Coordinadora Nacional de Trabajadores de la Educaci\u00f3n (CNTE) empez\u00f3 un paro general indefinido y tild\u00f3 de \u201cburla\u201d la subida salarial anunciada por el presidente Andr\u00e9s Manuel L\u00f3pez Obrador. \u201cEste [&hellip;]","og_url":"https:\/\/fuentesfidedignas.com.mx\/index.php\/2024\/05\/15\/cnte-inicia-paro-general-y-califica-de-burla-el-aumento-salarial\/","og_site_name":"Fuentes Fidedignas","article_publisher":"https:\/\/www.facebook.com\/Fuentes-Fidedignas-368234489921644","article_published_time":"2024-05-15T20:36:51+00:00","article_modified_time":"2024-05-15T20:38:43+00:00","og_image":[{"width":1536,"height":1024,"url":"https:\/\/fuentesfidedignas.com.mx\/wp-content\/uploads\/2024\/05\/img_3970-1.jpg","type":"image\/jpeg"}],"author":"L\u00f3pez D\u00f3riga","twitter_card":"summary_large_image","twitter_creator":"@fidedignas","twitter_site":"@fidedignas","twitter_misc":{"Escrito por":"L\u00f3pez D\u00f3riga","Tiempo de lectura":"3 minutos"},"schema":{"@context":"https:\/\/schema.org","@graph":[{"@type":"Article","@id":"https:\/\/fuentesfidedignas.com.mx\/index.php\/2024\/05\/15\/cnte-inicia-paro-general-y-califica-de-burla-el-aumento-salarial\/#article","isPartOf":{"@id":"https:\/\/fuentesfidedignas.com.mx\/index.php\/2024\/05\/15\/cnte-inicia-paro-general-y-califica-de-burla-el-aumento-salarial\/"},"author":{"name":"L\u00f3pez D\u00f3riga","@id":"https:\/\/fuentesfidedignas.com.mx\/#\/schema\/person\/67d852f0557c8509146a4b9ddebd543a"},"headline":"CNTE inicia paro general y califica de \u201cburla\u201d el aumento salarial","datePublished":"2024-05-15T20:36:51+00:00","dateModified":"2024-05-15T20:38:43+00:00","mainEntityOfPage":{"@id":"https:\/\/fuentesfidedignas.com.mx\/index.php\/2024\/05\/15\/cnte-inicia-paro-general-y-califica-de-burla-el-aumento-salarial\/"},"wordCount":621,"commentCount":0,"publisher":{"@id":"https:\/\/fuentesfidedignas.com.mx\/#organization"},"image":{"@id":"https:\/\/fuentesfidedignas.com.mx\/index.php\/2024\/05\/15\/cnte-inicia-paro-general-y-califica-de-burla-el-aumento-salarial\/#primaryimage"},"thumbnailUrl":"https:\/\/fuentesfidedignas.com.mx\/wp-content\/uploads\/2024\/05\/img_3970-1.jpg","articleSection":["NOTICIAS NACIONALES"],"inLanguage":"es","potentialAction":[{"@type":"CommentAction","name":"Comment","target":["https:\/\/fuentesfidedignas.com.mx\/index.php\/2024\/05\/15\/cnte-inicia-paro-general-y-califica-de-burla-el-aumento-salarial\/#respond"]}]},{"@type":"WebPage","@id":"https:\/\/fuentesfidedignas.com.mx\/index.php\/2024\/05\/15\/cnte-inicia-paro-general-y-califica-de-burla-el-aumento-salarial\/","url":"https:\/\/fuentesfidedignas.com.mx\/index.php\/2024\/05\/15\/cnte-inicia-paro-general-y-califica-de-burla-el-aumento-salarial\/","name":"CNTE inicia paro general y califica de \u201cburla\u201d el aumento salarial - Fuentes Fidedignas","isPartOf":{"@id":"https:\/\/fuentesfidedignas.com.mx\/#website"},"primaryImageOfPage":{"@id":"https:\/\/fuentesfidedignas.com.mx\/index.php\/2024\/05\/15\/cnte-inicia-paro-general-y-califica-de-burla-el-aumento-salarial\/#primaryimage"},"image":{"@id":"https:\/\/fuentesfidedignas.com.mx\/index.php\/2024\/05\/15\/cnte-inicia-paro-general-y-califica-de-burla-el-aumento-salarial\/#primaryimage"},"thumbnailUrl":"https:\/\/fuentesfidedignas.com.mx\/wp-content\/uploads\/2024\/05\/img_3970-1.jpg","datePublished":"2024-05-15T20:36:51+00:00","dateModified":"2024-05-15T20:38:43+00:00","breadcrumb":{"@id":"https:\/\/fuentesfidedignas.com.mx\/index.php\/2024\/05\/15\/cnte-inicia-paro-general-y-califica-de-burla-el-aumento-salarial\/#breadcrumb"},"inLanguage":"es","potentialAction":[{"@type":"ReadAction","target":["https:\/\/fuentesfidedignas.com.mx\/index.php\/2024\/05\/15\/cnte-inicia-paro-general-y-califica-de-burla-el-aumento-salarial\/"]}]},{"@type":"ImageObject","inLanguage":"es","@id":"https:\/\/fuentesfidedignas.com.mx\/index.php\/2024\/05\/15\/cnte-inicia-paro-general-y-califica-de-burla-el-aumento-salarial\/#primaryimage","url":"https:\/\/fuentesfidedignas.com.mx\/wp-content\/uploads\/2024\/05\/img_3970-1.jpg","contentUrl":"https:\/\/fuentesfidedignas.com.mx\/wp-content\/uploads\/2024\/05\/img_3970-1.jpg","width":1536,"height":1024},{"@type":"BreadcrumbList","@id":"https:\/\/fuentesfidedignas.com.mx\/index.php\/2024\/05\/15\/cnte-inicia-paro-general-y-califica-de-burla-el-aumento-salarial\/#breadcrumb","itemListElement":[{"@type":"ListItem","position":1,"name":"Inicio","item":"https:\/\/fuentesfidedignas.com.mx\/"},{"@type":"ListItem","position":2,"name":"CNTE inicia paro general y califica de \u201cburla\u201d el aumento salarial"}]},{"@type":"WebSite","@id":"https:\/\/fuentesfidedignas.com.mx\/#website","url":"https:\/\/fuentesfidedignas.com.mx\/","name":"Fuentes Fidedignas","description":"Otro sitio realizado con WordPress","publisher":{"@id":"https:\/\/fuentesfidedignas.com.mx\/#organization"},"potentialAction":[{"@type":"SearchAction","target":{"@type":"EntryPoint","urlTemplate":"https:\/\/fuentesfidedignas.com.mx\/?s={search_term_string}"},"query-input":{"@type":"PropertyValueSpecification","valueRequired":true,"valueName":"search_term_string"}}],"inLanguage":"es"},{"@type":"Organization","@id":"https:\/\/fuentesfidedignas.com.mx\/#organization","name":"Fuentes Fidedignas","url":"https:\/\/fuentesfidedignas.com.mx\/","logo":{"@type":"ImageObject","inLanguage":"es","@id":"https:\/\/fuentesfidedignas.com.mx\/#\/schema\/logo\/image\/","url":"https:\/\/fuentesfidedignas.com.mx\/wp-content\/uploads\/2021\/04\/logo-retina.png","contentUrl":"https:\/\/fuentesfidedignas.com.mx\/wp-content\/uploads\/2021\/04\/logo-retina.png","width":280,"height":51,"caption":"Fuentes Fidedignas"},"image":{"@id":"https:\/\/fuentesfidedignas.com.mx\/#\/schema\/logo\/image\/"},"sameAs":["https:\/\/www.facebook.com\/Fuentes-Fidedignas-368234489921644","https:\/\/x.com\/fidedignas"]},{"@type":"Person","@id":"https:\/\/fuentesfidedignas.com.mx\/#\/schema\/person\/67d852f0557c8509146a4b9ddebd543a","name":"L\u00f3pez D\u00f3riga","image":{"@type":"ImageObject","inLanguage":"es","@id":"https:\/\/secure.gravatar.com\/avatar\/e525b06574ca18b33cded59dfe5778d6c823b9513154eff47da551b0551bdd1e?s=96&d=mm&r=g","url":"https:\/\/secure.gravatar.com\/avatar\/e525b06574ca18b33cded59dfe5778d6c823b9513154eff47da551b0551bdd1e?s=96&d=mm&r=g","contentUrl":"https:\/\/secure.gravatar.com\/avatar\/e525b06574ca18b33cded59dfe5778d6c823b9513154eff47da551b0551bdd1e?s=96&d=mm&r=g","caption":"L\u00f3pez D\u00f3riga"},"url":"https:\/\/fuentesfidedignas.com.mx\/index.php\/author\/doriga\/"}]}},"_links":{"self":[{"href":"https:\/\/fuentesfidedignas.com.mx\/index.php\/wp-json\/wp\/v2\/posts\/81699","targetHints":{"allow":["GET"]}}],"collection":[{"href":"https:\/\/fuentesfidedignas.com.mx\/index.php\/wp-json\/wp\/v2\/posts"}],"about":[{"href":"https:\/\/fuentesfidedignas.com.mx\/index.php\/wp-json\/wp\/v2\/types\/post"}],"author":[{"embeddable":true,"href":"https:\/\/fuentesfidedignas.com.mx\/index.php\/wp-json\/wp\/v2\/users\/47"}],"replies":[{"embeddable":true,"href":"https:\/\/fuentesfidedignas.com.mx\/index.php\/wp-json\/wp\/v2\/comments?post=81699"}],"version-history":[{"count":2,"href":"https:\/\/fuentesfidedignas.com.mx\/index.php\/wp-json\/wp\/v2\/posts\/81699\/revisions"}],"predecessor-version":[{"id":81701,"href":"https:\/\/fuentesfidedignas.com.mx\/index.php\/wp-json\/wp\/v2\/posts\/81699\/revisions\/81701"}],"wp:featuredmedia":[{"embeddable":true,"href":"https:\/\/fuentesfidedignas.com.mx\/index.php\/wp-json\/wp\/v2\/media\/81698"}],"wp:attachment":[{"href":"https:\/\/fuentesfidedignas.com.mx\/index.php\/wp-json\/wp\/v2\/media?parent=81699"}],"wp:term":[{"taxonomy":"category","embeddable":true,"href":"https:\/\/fuentesfidedignas.com.mx\/index.php\/wp-json\/wp\/v2\/categories?post=81699"},{"taxonomy":"post_tag","embeddable":true,"href":"https:\/\/fuentesfidedignas.com.mx\/index.php\/wp-json\/wp\/v2\/tags?post=81699"}],"curies":[{"name":"wp","href":"https:\/\/api.w.org\/{rel}","templated":true}]}}