{"id":81420,"date":"2024-05-13T05:15:58","date_gmt":"2024-05-13T12:15:58","guid":{"rendered":"https:\/\/fuentesfidedignas.com.mx\/?p=81420"},"modified":"2024-05-12T12:16:41","modified_gmt":"2024-05-12T19:16:41","slug":"metaleros-cantan-la-maldita-primavera-de-yuri-durante-viaje-en-autobus","status":"publish","type":"post","link":"https:\/\/fuentesfidedignas.com.mx\/index.php\/2024\/05\/13\/metaleros-cantan-la-maldita-primavera-de-yuri-durante-viaje-en-autobus\/","title":{"rendered":"Metaleros cantan &#8216;La maldita primavera&#8217;, de Yuri, durante viaje en autob\u00fas"},"content":{"rendered":"\n<p><strong><em>El usuario de TikTok Luis (@luisbockmarino), aficionado a las motos, comparti\u00f3 en su cuenta el video donde cant\u00f3 el tema de Yuri junto a sus amigos.<\/em><\/strong><\/p>\n\n\n\n<p>En M\u00e9xico, aunque uno sea fan de un g\u00e9nero musical, es inevitable saberse canciones de otros estilos, espec\u00edficamente esas que suenan en todos lados: transporte p\u00fablico, fiestas, bares, mercados y hasta escuelas.<\/p>\n\n\n\n<p>Lo anterior lo demostraron muy bien varios metaleros que, a todo pulm\u00f3n, cantaron una de las canciones de encumbraron a Yuri hace varias d\u00e9cadas: La maldita primavera.<\/p>\n\n\n\n<p><strong>Video de los metaleros cantando La maldita primavera<\/strong><br>El usuario de TikTok Luis (@luisbockmarino), aficionado a las motos, comparti\u00f3 en su cuenta un video donde, junto a otros amigos con los que comparte el gusto biker y por la m\u00fasica metal, cantaron La maldita primavera.<\/p>\n\n\n\n<p>Esto ocurri\u00f3 mientras el grupo de metaleros iba en un cami\u00f3n. Al parecer Luis fue quien grab\u00f3 a todos sus colegas interpretando &#8216;a todo pulm\u00f3n&#8217; el \u00e9xito que lanz\u00f3 Yuri en los a\u00f1os 80.<\/p>\n\n\n\n<p>Destaca que el clip ya tiene m\u00e1s de 1.2 millones de visualizaciones, 126 mil Me gusta y m\u00e1s de 9 mil comentarios por parte de otros internautas.<\/p>\n\n\n\n<blockquote class=\"tiktok-embed\" cite=\"https:\/\/www.tiktok.com\/@luisbockmarino\/video\/7366393576747470088\" data-video-id=\"7366393576747470088\" style=\"max-width: 605px;min-width: 325px;\" > <section> <a target=\"_blank\" title=\"@luisbockmarino\" href=\"https:\/\/www.tiktok.com\/@luisbockmarino?refer=embed\" rel=\"noopener\">@luisbockmarino<\/a> la maldita primavera <a title=\"lamalditaprimavera\" target=\"_blank\" href=\"https:\/\/www.tiktok.com\/tag\/lamalditaprimavera?refer=embed\" rel=\"noopener\">#lamalditaprimavera<\/a> <a title=\"yuri\" target=\"_blank\" href=\"https:\/\/www.tiktok.com\/tag\/yuri?refer=embed\" rel=\"noopener\">#yuri<\/a>  <a title=\"pinchesbarbones\" target=\"_blank\" href=\"https:\/\/www.tiktok.com\/tag\/pinchesbarbones?refer=embed\" rel=\"noopener\">#pinchesbarbones<\/a> <a target=\"_blank\" title=\"\u266c sonido original - luisbockmarino\" href=\"https:\/\/www.tiktok.com\/music\/sonido-original-7366393630602332945?refer=embed\" rel=\"noopener\">\u266c sonido original &#8211; luisbockmarino<\/a> <\/section> <\/blockquote> <script async src=\"https:\/\/www.tiktok.com\/embed.js\"><\/script>\n\n\n\n<p>Usuarios de TikTok reaccionan a metaleros cantando canci\u00f3n de Yuri<br>Luego de que Luis comparti\u00f3 el video en su perfil, cientos de usuarios de TikTok se pronunciaron de manera divertida ante el grupo de metaleros y su interpretaci\u00f3n de La maldita primavera, por ejemplo:<\/p>\n\n\n\n<ul class=\"wp-block-list\">\n<li>@Jessicadelcarmend5: &#8220;Hombres rudos por fuera, pero lindos de coraz\u00f3n&#8221;.<\/li>\n\n\n\n<li>@Como_le_pongo: &#8220;Los metaleros son peligrosos\u2026\u00a0Los metaleros&#8221;.<\/li>\n\n\n\n<li>@9uillo: &#8220;Mi cerebro inmediatamente reproduce: &#8216;S\u00f3lo quiero ser uno de ellos, sentarme con ellos\u2026'&#8221;.<\/li>\n\n\n\n<li>\u00a0@Blueveins1: &#8220;Detr\u00e1s de cada hombre rudo hay una se\u00f1ora con rolas para hacer la limpieza&#8221;.<\/li>\n\n\n\n<li>@Teacherita01: &#8220;Yuri estar\u00eda m\u00e1s que orgullosa de ustedes, muchachos&#8221;.<\/li>\n\n\n\n<li>@sofyvazo_1: &#8220;Informes de a qu\u00e9 hora y d\u00f3nde pasa ese cami\u00f3n&#8221;.<\/li>\n\n\n\n<li>@chero chan: &#8220;No hay m\u00fasica m\u00e1s heavy que la que te rompe el coraz\u00f3n&#8221;.<\/li>\n\n\n\n<li>@MaryvelValadez: &#8220;\u00bfQu\u00e9 har\u00e1n los hombres cuando se re\u00fanen? Los hombres&#8221;.<\/li>\n<\/ul>\n","protected":false},"excerpt":{"rendered":"<p>El usuario de TikTok Luis (@luisbockmarino), aficionado a las motos, comparti\u00f3 en su cuenta el video donde cant\u00f3 el tema de Yuri junto a sus amigos. En M\u00e9xico, aunque uno sea fan de un g\u00e9nero musical, es inevitable saberse canciones de otros estilos, espec\u00edficamente esas que suenan en todos lados: transporte p\u00fablico, fiestas, bares, mercados [&hellip;]<\/p>\n","protected":false},"author":9,"featured_media":81421,"comment_status":"open","ping_status":"open","sticky":false,"template":"","format":"standard","meta":{"tdm_status":"","tdm_grid_status":"","footnotes":""},"categories":[40],"tags":[],"class_list":{"0":"post-81420","1":"post","2":"type-post","3":"status-publish","4":"format-standard","5":"has-post-thumbnail","7":"category-las-asombrosas"},"yoast_head":"<!-- This site is optimized with the Yoast SEO plugin v27.5 - https:\/\/yoast.com\/product\/yoast-seo-wordpress\/ -->\n<title>Metaleros cantan &#039;La maldita primavera&#039;, de Yuri, durante viaje en autob\u00fas - Fuentes Fidedignas<\/title>\n<meta name=\"robots\" content=\"index, follow, max-snippet:-1, max-image-preview:large, max-video-preview:-1\" \/>\n<link rel=\"canonical\" href=\"https:\/\/fuentesfidedignas.com.mx\/index.php\/2024\/05\/13\/metaleros-cantan-la-maldita-primavera-de-yuri-durante-viaje-en-autobus\/\" \/>\n<meta property=\"og:locale\" content=\"es_MX\" \/>\n<meta property=\"og:type\" content=\"article\" \/>\n<meta property=\"og:title\" content=\"Metaleros cantan &#039;La maldita primavera&#039;, de Yuri, durante viaje en autob\u00fas - Fuentes Fidedignas\" \/>\n<meta property=\"og:description\" content=\"El usuario de TikTok Luis (@luisbockmarino), aficionado a las motos, comparti\u00f3 en su cuenta el video donde cant\u00f3 el tema de Yuri junto a sus amigos. En M\u00e9xico, aunque uno sea fan de un g\u00e9nero musical, es inevitable saberse canciones de otros estilos, espec\u00edficamente esas que suenan en todos lados: transporte p\u00fablico, fiestas, bares, mercados [&hellip;]\" \/>\n<meta property=\"og:url\" content=\"https:\/\/fuentesfidedignas.com.mx\/index.php\/2024\/05\/13\/metaleros-cantan-la-maldita-primavera-de-yuri-durante-viaje-en-autobus\/\" \/>\n<meta property=\"og:site_name\" content=\"Fuentes Fidedignas\" \/>\n<meta property=\"article:publisher\" content=\"https:\/\/www.facebook.com\/Fuentes-Fidedignas-368234489921644\" \/>\n<meta property=\"article:published_time\" content=\"2024-05-13T12:15:58+00:00\" \/>\n<meta property=\"og:image\" content=\"https:\/\/fuentesfidedignas.com.mx\/wp-content\/uploads\/2024\/05\/yuri-primavera.jpg\" \/>\n\t<meta property=\"og:image:width\" content=\"816\" \/>\n\t<meta property=\"og:image:height\" content=\"531\" \/>\n\t<meta property=\"og:image:type\" content=\"image\/jpeg\" \/>\n<meta name=\"author\" content=\"Milenio\" \/>\n<meta name=\"twitter:card\" content=\"summary_large_image\" \/>\n<meta name=\"twitter:creator\" content=\"@fidedignas\" \/>\n<meta name=\"twitter:site\" content=\"@fidedignas\" \/>\n<meta name=\"twitter:label1\" content=\"Escrito por\" \/>\n\t<meta name=\"twitter:data1\" content=\"Milenio\" \/>\n\t<meta name=\"twitter:label2\" content=\"Tiempo de lectura\" \/>\n\t<meta name=\"twitter:data2\" content=\"2 minutos\" \/>\n<script type=\"application\/ld+json\" class=\"yoast-schema-graph\">{\"@context\":\"https:\\\/\\\/schema.org\",\"@graph\":[{\"@type\":\"Article\",\"@id\":\"https:\\\/\\\/fuentesfidedignas.com.mx\\\/index.php\\\/2024\\\/05\\\/13\\\/metaleros-cantan-la-maldita-primavera-de-yuri-durante-viaje-en-autobus\\\/#article\",\"isPartOf\":{\"@id\":\"https:\\\/\\\/fuentesfidedignas.com.mx\\\/index.php\\\/2024\\\/05\\\/13\\\/metaleros-cantan-la-maldita-primavera-de-yuri-durante-viaje-en-autobus\\\/\"},\"author\":{\"name\":\"Milenio\",\"@id\":\"https:\\\/\\\/fuentesfidedignas.com.mx\\\/#\\\/schema\\\/person\\\/47ec0135738f4b0c7495f06a77a2c976\"},\"headline\":\"Metaleros cantan &#8216;La maldita primavera&#8217;, de Yuri, durante viaje en autob\u00fas\",\"datePublished\":\"2024-05-13T12:15:58+00:00\",\"mainEntityOfPage\":{\"@id\":\"https:\\\/\\\/fuentesfidedignas.com.mx\\\/index.php\\\/2024\\\/05\\\/13\\\/metaleros-cantan-la-maldita-primavera-de-yuri-durante-viaje-en-autobus\\\/\"},\"wordCount\":371,\"commentCount\":0,\"publisher\":{\"@id\":\"https:\\\/\\\/fuentesfidedignas.com.mx\\\/#organization\"},\"image\":{\"@id\":\"https:\\\/\\\/fuentesfidedignas.com.mx\\\/index.php\\\/2024\\\/05\\\/13\\\/metaleros-cantan-la-maldita-primavera-de-yuri-durante-viaje-en-autobus\\\/#primaryimage\"},\"thumbnailUrl\":\"https:\\\/\\\/fuentesfidedignas.com.mx\\\/wp-content\\\/uploads\\\/2024\\\/05\\\/yuri-primavera.jpg\",\"articleSection\":[\"LAS ASOMBROSAS\"],\"inLanguage\":\"es\",\"potentialAction\":[{\"@type\":\"CommentAction\",\"name\":\"Comment\",\"target\":[\"https:\\\/\\\/fuentesfidedignas.com.mx\\\/index.php\\\/2024\\\/05\\\/13\\\/metaleros-cantan-la-maldita-primavera-de-yuri-durante-viaje-en-autobus\\\/#respond\"]}]},{\"@type\":\"WebPage\",\"@id\":\"https:\\\/\\\/fuentesfidedignas.com.mx\\\/index.php\\\/2024\\\/05\\\/13\\\/metaleros-cantan-la-maldita-primavera-de-yuri-durante-viaje-en-autobus\\\/\",\"url\":\"https:\\\/\\\/fuentesfidedignas.com.mx\\\/index.php\\\/2024\\\/05\\\/13\\\/metaleros-cantan-la-maldita-primavera-de-yuri-durante-viaje-en-autobus\\\/\",\"name\":\"Metaleros cantan 'La maldita primavera', de Yuri, durante viaje en autob\u00fas - Fuentes Fidedignas\",\"isPartOf\":{\"@id\":\"https:\\\/\\\/fuentesfidedignas.com.mx\\\/#website\"},\"primaryImageOfPage\":{\"@id\":\"https:\\\/\\\/fuentesfidedignas.com.mx\\\/index.php\\\/2024\\\/05\\\/13\\\/metaleros-cantan-la-maldita-primavera-de-yuri-durante-viaje-en-autobus\\\/#primaryimage\"},\"image\":{\"@id\":\"https:\\\/\\\/fuentesfidedignas.com.mx\\\/index.php\\\/2024\\\/05\\\/13\\\/metaleros-cantan-la-maldita-primavera-de-yuri-durante-viaje-en-autobus\\\/#primaryimage\"},\"thumbnailUrl\":\"https:\\\/\\\/fuentesfidedignas.com.mx\\\/wp-content\\\/uploads\\\/2024\\\/05\\\/yuri-primavera.jpg\",\"datePublished\":\"2024-05-13T12:15:58+00:00\",\"breadcrumb\":{\"@id\":\"https:\\\/\\\/fuentesfidedignas.com.mx\\\/index.php\\\/2024\\\/05\\\/13\\\/metaleros-cantan-la-maldita-primavera-de-yuri-durante-viaje-en-autobus\\\/#breadcrumb\"},\"inLanguage\":\"es\",\"potentialAction\":[{\"@type\":\"ReadAction\",\"target\":[\"https:\\\/\\\/fuentesfidedignas.com.mx\\\/index.php\\\/2024\\\/05\\\/13\\\/metaleros-cantan-la-maldita-primavera-de-yuri-durante-viaje-en-autobus\\\/\"]}]},{\"@type\":\"ImageObject\",\"inLanguage\":\"es\",\"@id\":\"https:\\\/\\\/fuentesfidedignas.com.mx\\\/index.php\\\/2024\\\/05\\\/13\\\/metaleros-cantan-la-maldita-primavera-de-yuri-durante-viaje-en-autobus\\\/#primaryimage\",\"url\":\"https:\\\/\\\/fuentesfidedignas.com.mx\\\/wp-content\\\/uploads\\\/2024\\\/05\\\/yuri-primavera.jpg\",\"contentUrl\":\"https:\\\/\\\/fuentesfidedignas.com.mx\\\/wp-content\\\/uploads\\\/2024\\\/05\\\/yuri-primavera.jpg\",\"width\":816,\"height\":531},{\"@type\":\"BreadcrumbList\",\"@id\":\"https:\\\/\\\/fuentesfidedignas.com.mx\\\/index.php\\\/2024\\\/05\\\/13\\\/metaleros-cantan-la-maldita-primavera-de-yuri-durante-viaje-en-autobus\\\/#breadcrumb\",\"itemListElement\":[{\"@type\":\"ListItem\",\"position\":1,\"name\":\"Inicio\",\"item\":\"https:\\\/\\\/fuentesfidedignas.com.mx\\\/\"},{\"@type\":\"ListItem\",\"position\":2,\"name\":\"Metaleros cantan &#8216;La maldita primavera&#8217;, de Yuri, durante viaje en autob\u00fas\"}]},{\"@type\":\"WebSite\",\"@id\":\"https:\\\/\\\/fuentesfidedignas.com.mx\\\/#website\",\"url\":\"https:\\\/\\\/fuentesfidedignas.com.mx\\\/\",\"name\":\"Fuentes Fidedignas\",\"description\":\"Otro sitio realizado con WordPress\",\"publisher\":{\"@id\":\"https:\\\/\\\/fuentesfidedignas.com.mx\\\/#organization\"},\"potentialAction\":[{\"@type\":\"SearchAction\",\"target\":{\"@type\":\"EntryPoint\",\"urlTemplate\":\"https:\\\/\\\/fuentesfidedignas.com.mx\\\/?s={search_term_string}\"},\"query-input\":{\"@type\":\"PropertyValueSpecification\",\"valueRequired\":true,\"valueName\":\"search_term_string\"}}],\"inLanguage\":\"es\"},{\"@type\":\"Organization\",\"@id\":\"https:\\\/\\\/fuentesfidedignas.com.mx\\\/#organization\",\"name\":\"Fuentes Fidedignas\",\"url\":\"https:\\\/\\\/fuentesfidedignas.com.mx\\\/\",\"logo\":{\"@type\":\"ImageObject\",\"inLanguage\":\"es\",\"@id\":\"https:\\\/\\\/fuentesfidedignas.com.mx\\\/#\\\/schema\\\/logo\\\/image\\\/\",\"url\":\"https:\\\/\\\/fuentesfidedignas.com.mx\\\/wp-content\\\/uploads\\\/2021\\\/04\\\/logo-retina.png\",\"contentUrl\":\"https:\\\/\\\/fuentesfidedignas.com.mx\\\/wp-content\\\/uploads\\\/2021\\\/04\\\/logo-retina.png\",\"width\":280,\"height\":51,\"caption\":\"Fuentes Fidedignas\"},\"image\":{\"@id\":\"https:\\\/\\\/fuentesfidedignas.com.mx\\\/#\\\/schema\\\/logo\\\/image\\\/\"},\"sameAs\":[\"https:\\\/\\\/www.facebook.com\\\/Fuentes-Fidedignas-368234489921644\",\"https:\\\/\\\/x.com\\\/fidedignas\"]},{\"@type\":\"Person\",\"@id\":\"https:\\\/\\\/fuentesfidedignas.com.mx\\\/#\\\/schema\\\/person\\\/47ec0135738f4b0c7495f06a77a2c976\",\"name\":\"Milenio\",\"image\":{\"@type\":\"ImageObject\",\"inLanguage\":\"es\",\"@id\":\"https:\\\/\\\/secure.gravatar.com\\\/avatar\\\/acabf7b54753e51c2c76457954577c236b3b764789b19879565769739d1e4a75?s=96&d=mm&r=g\",\"url\":\"https:\\\/\\\/secure.gravatar.com\\\/avatar\\\/acabf7b54753e51c2c76457954577c236b3b764789b19879565769739d1e4a75?s=96&d=mm&r=g\",\"contentUrl\":\"https:\\\/\\\/secure.gravatar.com\\\/avatar\\\/acabf7b54753e51c2c76457954577c236b3b764789b19879565769739d1e4a75?s=96&d=mm&r=g\",\"caption\":\"Milenio\"},\"url\":\"https:\\\/\\\/fuentesfidedignas.com.mx\\\/index.php\\\/author\\\/milenio\\\/\"}]}<\/script>\n<!-- \/ Yoast SEO plugin. -->","yoast_head_json":{"title":"Metaleros cantan 'La maldita primavera', de Yuri, durante viaje en autob\u00fas - Fuentes Fidedignas","robots":{"index":"index","follow":"follow","max-snippet":"max-snippet:-1","max-image-preview":"max-image-preview:large","max-video-preview":"max-video-preview:-1"},"canonical":"https:\/\/fuentesfidedignas.com.mx\/index.php\/2024\/05\/13\/metaleros-cantan-la-maldita-primavera-de-yuri-durante-viaje-en-autobus\/","og_locale":"es_MX","og_type":"article","og_title":"Metaleros cantan 'La maldita primavera', de Yuri, durante viaje en autob\u00fas - Fuentes Fidedignas","og_description":"El usuario de TikTok Luis (@luisbockmarino), aficionado a las motos, comparti\u00f3 en su cuenta el video donde cant\u00f3 el tema de Yuri junto a sus amigos. En M\u00e9xico, aunque uno sea fan de un g\u00e9nero musical, es inevitable saberse canciones de otros estilos, espec\u00edficamente esas que suenan en todos lados: transporte p\u00fablico, fiestas, bares, mercados [&hellip;]","og_url":"https:\/\/fuentesfidedignas.com.mx\/index.php\/2024\/05\/13\/metaleros-cantan-la-maldita-primavera-de-yuri-durante-viaje-en-autobus\/","og_site_name":"Fuentes Fidedignas","article_publisher":"https:\/\/www.facebook.com\/Fuentes-Fidedignas-368234489921644","article_published_time":"2024-05-13T12:15:58+00:00","og_image":[{"width":816,"height":531,"url":"https:\/\/fuentesfidedignas.com.mx\/wp-content\/uploads\/2024\/05\/yuri-primavera.jpg","type":"image\/jpeg"}],"author":"Milenio","twitter_card":"summary_large_image","twitter_creator":"@fidedignas","twitter_site":"@fidedignas","twitter_misc":{"Escrito por":"Milenio","Tiempo de lectura":"2 minutos"},"schema":{"@context":"https:\/\/schema.org","@graph":[{"@type":"Article","@id":"https:\/\/fuentesfidedignas.com.mx\/index.php\/2024\/05\/13\/metaleros-cantan-la-maldita-primavera-de-yuri-durante-viaje-en-autobus\/#article","isPartOf":{"@id":"https:\/\/fuentesfidedignas.com.mx\/index.php\/2024\/05\/13\/metaleros-cantan-la-maldita-primavera-de-yuri-durante-viaje-en-autobus\/"},"author":{"name":"Milenio","@id":"https:\/\/fuentesfidedignas.com.mx\/#\/schema\/person\/47ec0135738f4b0c7495f06a77a2c976"},"headline":"Metaleros cantan &#8216;La maldita primavera&#8217;, de Yuri, durante viaje en autob\u00fas","datePublished":"2024-05-13T12:15:58+00:00","mainEntityOfPage":{"@id":"https:\/\/fuentesfidedignas.com.mx\/index.php\/2024\/05\/13\/metaleros-cantan-la-maldita-primavera-de-yuri-durante-viaje-en-autobus\/"},"wordCount":371,"commentCount":0,"publisher":{"@id":"https:\/\/fuentesfidedignas.com.mx\/#organization"},"image":{"@id":"https:\/\/fuentesfidedignas.com.mx\/index.php\/2024\/05\/13\/metaleros-cantan-la-maldita-primavera-de-yuri-durante-viaje-en-autobus\/#primaryimage"},"thumbnailUrl":"https:\/\/fuentesfidedignas.com.mx\/wp-content\/uploads\/2024\/05\/yuri-primavera.jpg","articleSection":["LAS ASOMBROSAS"],"inLanguage":"es","potentialAction":[{"@type":"CommentAction","name":"Comment","target":["https:\/\/fuentesfidedignas.com.mx\/index.php\/2024\/05\/13\/metaleros-cantan-la-maldita-primavera-de-yuri-durante-viaje-en-autobus\/#respond"]}]},{"@type":"WebPage","@id":"https:\/\/fuentesfidedignas.com.mx\/index.php\/2024\/05\/13\/metaleros-cantan-la-maldita-primavera-de-yuri-durante-viaje-en-autobus\/","url":"https:\/\/fuentesfidedignas.com.mx\/index.php\/2024\/05\/13\/metaleros-cantan-la-maldita-primavera-de-yuri-durante-viaje-en-autobus\/","name":"Metaleros cantan 'La maldita primavera', de Yuri, durante viaje en autob\u00fas - Fuentes Fidedignas","isPartOf":{"@id":"https:\/\/fuentesfidedignas.com.mx\/#website"},"primaryImageOfPage":{"@id":"https:\/\/fuentesfidedignas.com.mx\/index.php\/2024\/05\/13\/metaleros-cantan-la-maldita-primavera-de-yuri-durante-viaje-en-autobus\/#primaryimage"},"image":{"@id":"https:\/\/fuentesfidedignas.com.mx\/index.php\/2024\/05\/13\/metaleros-cantan-la-maldita-primavera-de-yuri-durante-viaje-en-autobus\/#primaryimage"},"thumbnailUrl":"https:\/\/fuentesfidedignas.com.mx\/wp-content\/uploads\/2024\/05\/yuri-primavera.jpg","datePublished":"2024-05-13T12:15:58+00:00","breadcrumb":{"@id":"https:\/\/fuentesfidedignas.com.mx\/index.php\/2024\/05\/13\/metaleros-cantan-la-maldita-primavera-de-yuri-durante-viaje-en-autobus\/#breadcrumb"},"inLanguage":"es","potentialAction":[{"@type":"ReadAction","target":["https:\/\/fuentesfidedignas.com.mx\/index.php\/2024\/05\/13\/metaleros-cantan-la-maldita-primavera-de-yuri-durante-viaje-en-autobus\/"]}]},{"@type":"ImageObject","inLanguage":"es","@id":"https:\/\/fuentesfidedignas.com.mx\/index.php\/2024\/05\/13\/metaleros-cantan-la-maldita-primavera-de-yuri-durante-viaje-en-autobus\/#primaryimage","url":"https:\/\/fuentesfidedignas.com.mx\/wp-content\/uploads\/2024\/05\/yuri-primavera.jpg","contentUrl":"https:\/\/fuentesfidedignas.com.mx\/wp-content\/uploads\/2024\/05\/yuri-primavera.jpg","width":816,"height":531},{"@type":"BreadcrumbList","@id":"https:\/\/fuentesfidedignas.com.mx\/index.php\/2024\/05\/13\/metaleros-cantan-la-maldita-primavera-de-yuri-durante-viaje-en-autobus\/#breadcrumb","itemListElement":[{"@type":"ListItem","position":1,"name":"Inicio","item":"https:\/\/fuentesfidedignas.com.mx\/"},{"@type":"ListItem","position":2,"name":"Metaleros cantan &#8216;La maldita primavera&#8217;, de Yuri, durante viaje en autob\u00fas"}]},{"@type":"WebSite","@id":"https:\/\/fuentesfidedignas.com.mx\/#website","url":"https:\/\/fuentesfidedignas.com.mx\/","name":"Fuentes Fidedignas","description":"Otro sitio realizado con WordPress","publisher":{"@id":"https:\/\/fuentesfidedignas.com.mx\/#organization"},"potentialAction":[{"@type":"SearchAction","target":{"@type":"EntryPoint","urlTemplate":"https:\/\/fuentesfidedignas.com.mx\/?s={search_term_string}"},"query-input":{"@type":"PropertyValueSpecification","valueRequired":true,"valueName":"search_term_string"}}],"inLanguage":"es"},{"@type":"Organization","@id":"https:\/\/fuentesfidedignas.com.mx\/#organization","name":"Fuentes Fidedignas","url":"https:\/\/fuentesfidedignas.com.mx\/","logo":{"@type":"ImageObject","inLanguage":"es","@id":"https:\/\/fuentesfidedignas.com.mx\/#\/schema\/logo\/image\/","url":"https:\/\/fuentesfidedignas.com.mx\/wp-content\/uploads\/2021\/04\/logo-retina.png","contentUrl":"https:\/\/fuentesfidedignas.com.mx\/wp-content\/uploads\/2021\/04\/logo-retina.png","width":280,"height":51,"caption":"Fuentes Fidedignas"},"image":{"@id":"https:\/\/fuentesfidedignas.com.mx\/#\/schema\/logo\/image\/"},"sameAs":["https:\/\/www.facebook.com\/Fuentes-Fidedignas-368234489921644","https:\/\/x.com\/fidedignas"]},{"@type":"Person","@id":"https:\/\/fuentesfidedignas.com.mx\/#\/schema\/person\/47ec0135738f4b0c7495f06a77a2c976","name":"Milenio","image":{"@type":"ImageObject","inLanguage":"es","@id":"https:\/\/secure.gravatar.com\/avatar\/acabf7b54753e51c2c76457954577c236b3b764789b19879565769739d1e4a75?s=96&d=mm&r=g","url":"https:\/\/secure.gravatar.com\/avatar\/acabf7b54753e51c2c76457954577c236b3b764789b19879565769739d1e4a75?s=96&d=mm&r=g","contentUrl":"https:\/\/secure.gravatar.com\/avatar\/acabf7b54753e51c2c76457954577c236b3b764789b19879565769739d1e4a75?s=96&d=mm&r=g","caption":"Milenio"},"url":"https:\/\/fuentesfidedignas.com.mx\/index.php\/author\/milenio\/"}]}},"_links":{"self":[{"href":"https:\/\/fuentesfidedignas.com.mx\/index.php\/wp-json\/wp\/v2\/posts\/81420","targetHints":{"allow":["GET"]}}],"collection":[{"href":"https:\/\/fuentesfidedignas.com.mx\/index.php\/wp-json\/wp\/v2\/posts"}],"about":[{"href":"https:\/\/fuentesfidedignas.com.mx\/index.php\/wp-json\/wp\/v2\/types\/post"}],"author":[{"embeddable":true,"href":"https:\/\/fuentesfidedignas.com.mx\/index.php\/wp-json\/wp\/v2\/users\/9"}],"replies":[{"embeddable":true,"href":"https:\/\/fuentesfidedignas.com.mx\/index.php\/wp-json\/wp\/v2\/comments?post=81420"}],"version-history":[{"count":1,"href":"https:\/\/fuentesfidedignas.com.mx\/index.php\/wp-json\/wp\/v2\/posts\/81420\/revisions"}],"predecessor-version":[{"id":81422,"href":"https:\/\/fuentesfidedignas.com.mx\/index.php\/wp-json\/wp\/v2\/posts\/81420\/revisions\/81422"}],"wp:featuredmedia":[{"embeddable":true,"href":"https:\/\/fuentesfidedignas.com.mx\/index.php\/wp-json\/wp\/v2\/media\/81421"}],"wp:attachment":[{"href":"https:\/\/fuentesfidedignas.com.mx\/index.php\/wp-json\/wp\/v2\/media?parent=81420"}],"wp:term":[{"taxonomy":"category","embeddable":true,"href":"https:\/\/fuentesfidedignas.com.mx\/index.php\/wp-json\/wp\/v2\/categories?post=81420"},{"taxonomy":"post_tag","embeddable":true,"href":"https:\/\/fuentesfidedignas.com.mx\/index.php\/wp-json\/wp\/v2\/tags?post=81420"}],"curies":[{"name":"wp","href":"https:\/\/api.w.org\/{rel}","templated":true}]}}