{"id":81277,"date":"2024-05-10T05:33:01","date_gmt":"2024-05-10T12:33:01","guid":{"rendered":"https:\/\/fuentesfidedignas.com.mx\/?p=81277"},"modified":"2024-05-09T15:33:28","modified_gmt":"2024-05-09T22:33:28","slug":"video-joven-se-niega-a-tomarse-foto-con-bad-bunny-y-se-hace-viral","status":"publish","type":"post","link":"https:\/\/fuentesfidedignas.com.mx\/index.php\/2024\/05\/10\/video-joven-se-niega-a-tomarse-foto-con-bad-bunny-y-se-hace-viral\/","title":{"rendered":"VIDEO | Joven se niega a tomarse foto con Bad Bunny y se hace viral"},"content":{"rendered":"\n<p><strong><em>A trav\u00e9s de x se ha hecho viral el momento entre el joven y Bad Bunny<\/em><\/strong><\/p>\n\n\n\n<p>Bad Bunny\u00a0es uno de los artistas m\u00e1s importantes de la actualidad, pero tambi\u00e9n es alguien que ha recibido muchas cr\u00edticas, sobre todo despu\u00e9s de lanzar el celular de una fan cuando intent\u00f3 tomarse una foto con \u00e9l.<br><br>Pero ahora su nombre es tendencia, pero esta vez debido a que un joven se neg\u00f3 a retratarse con el \u2018conejo malo\u2019 acci\u00f3n que le vali\u00f3 para hacerse viral.<\/p>\n\n\n\n<p><strong>Joven no se toma foto con Bad Bunny<\/strong><br>En el clip compartido en X (antes Twitter) se puede ver como Mark Cuban, un empresario estadunidense, se toma una foto con el cantante puertorrique\u00f1o.<\/p>\n\n\n\n<p>Pero cuando le pregunta a su hijo si quiere tambi\u00e9n una foto, este niega con la cabeza y decide no tomarse la foto, por lo que \u2018El Conejo Malo\u2019 se vuelve a sentar, pues se encontraban en un partido de la NBA<\/p>\n\n\n\n<p><strong>Reacci\u00f3n de los internautas<\/strong><br>R\u00e1pidamente el momento se volvi\u00f3 viral y desato varios comentarios, algunos aplaudiendo que el joven negara la foto, aunque hubo quien defendi\u00f3 a Bad Bunny de las criticas<\/p>\n\n\n\n<ul class=\"wp-block-list\">\n<li>Yo todav\u00eda tengo f\u00e9 en muchos de los chavos de GenZ, todo esto es un p\u00e9ndulo y parece que la reacci\u00f3n de la siguiente generaci\u00f3n contra el progre viene fuerte.<\/li>\n\n\n\n<li>Desde que lanz\u00f3 el tel\u00e9fono de la chica, empez\u00f3 su ca\u00edda<\/li>\n\n\n\n<li>a\u00fan hay j\u00f3venes cuerdos que el universo los bendiga a todos<\/li>\n\n\n\n<li>Siendo muy honestos no tiene nada de malo no querer tomarse una foto con un artista, tal vez al padre le gusta y al hijo no, o tal vez el hijo ya ten\u00eda una foto con \u00e9l jajajaja.<br>No lo hace mejor por no querer una foto, y si la quisiera no lo har\u00eda peor.<\/li>\n\n\n\n<li>, es bad Bunny una de las personas m\u00e1s famosas del planeta, qui\u00e9n no quisiera una foto con el , as\u00ed no te guste su m\u00fasica , una foto o una firme pueden valer miles de d\u00f3lares<\/li>\n\n\n\n<li>artista no es solo el que canta bien , tambien es el que compone y si el compone sus canciones pues es un artista ( yo odio el reggeton ) pero las cosas como son !!<\/li>\n<\/ul>\n\n\n\n<p><strong>Mira aqu\u00ed el momento<\/strong><\/p>\n\n\n\n<figure class=\"wp-block-embed is-type-rich is-provider-twitter wp-block-embed-twitter\"><div class=\"wp-block-embed__wrapper\">\n<blockquote class=\"twitter-tweet\" data-width=\"550\" data-dnt=\"true\"><p lang=\"es\" dir=\"ltr\">Joven se hace viral por rechazar una foto con Bad Bunny luego de que su padre se tomara una foto con el \u201cartista\u201d. No todo est\u00e1 perdido en la humanidad cuando vemos a j\u00f3venes como este, que no le gusta los balbuceos del conejo progre. \u00bfApoyas a este sabio joven? <a href=\"https:\/\/t.co\/DJCTwlDTHR\">pic.twitter.com\/DJCTwlDTHR<\/a><\/p>&mdash; Eduardo Menoni (@eduardomenoni) <a href=\"https:\/\/twitter.com\/eduardomenoni\/status\/1788202663147909454?ref_src=twsrc%5Etfw\">May 8, 2024<\/a><\/blockquote><script async src=\"https:\/\/platform.twitter.com\/widgets.js\" charset=\"utf-8\"><\/script>\n<\/div><\/figure>\n","protected":false},"excerpt":{"rendered":"<p>A trav\u00e9s de x se ha hecho viral el momento entre el joven y Bad Bunny Bad Bunny\u00a0es uno de los artistas m\u00e1s importantes de la actualidad, pero tambi\u00e9n es alguien que ha recibido muchas cr\u00edticas, sobre todo despu\u00e9s de lanzar el celular de una fan cuando intent\u00f3 tomarse una foto con \u00e9l. Pero ahora [&hellip;]<\/p>\n","protected":false},"author":9,"featured_media":81278,"comment_status":"open","ping_status":"open","sticky":false,"template":"","format":"standard","meta":{"tdm_status":"","tdm_grid_status":"","footnotes":""},"categories":[40],"tags":[],"class_list":{"0":"post-81277","1":"post","2":"type-post","3":"status-publish","4":"format-standard","5":"has-post-thumbnail","7":"category-las-asombrosas"},"yoast_head":"<!-- This site is optimized with the Yoast SEO plugin v27.5 - https:\/\/yoast.com\/product\/yoast-seo-wordpress\/ -->\n<title>VIDEO | Joven se niega a tomarse foto con Bad Bunny y se hace viral - Fuentes Fidedignas<\/title>\n<meta name=\"robots\" content=\"index, follow, max-snippet:-1, max-image-preview:large, max-video-preview:-1\" \/>\n<link rel=\"canonical\" href=\"https:\/\/fuentesfidedignas.com.mx\/index.php\/2024\/05\/10\/video-joven-se-niega-a-tomarse-foto-con-bad-bunny-y-se-hace-viral\/\" \/>\n<meta property=\"og:locale\" content=\"es_MX\" \/>\n<meta property=\"og:type\" content=\"article\" \/>\n<meta property=\"og:title\" content=\"VIDEO | Joven se niega a tomarse foto con Bad Bunny y se hace viral - Fuentes Fidedignas\" \/>\n<meta property=\"og:description\" content=\"A trav\u00e9s de x se ha hecho viral el momento entre el joven y Bad Bunny Bad Bunny\u00a0es uno de los artistas m\u00e1s importantes de la actualidad, pero tambi\u00e9n es alguien que ha recibido muchas cr\u00edticas, sobre todo despu\u00e9s de lanzar el celular de una fan cuando intent\u00f3 tomarse una foto con \u00e9l. Pero ahora [&hellip;]\" \/>\n<meta property=\"og:url\" content=\"https:\/\/fuentesfidedignas.com.mx\/index.php\/2024\/05\/10\/video-joven-se-niega-a-tomarse-foto-con-bad-bunny-y-se-hace-viral\/\" \/>\n<meta property=\"og:site_name\" content=\"Fuentes Fidedignas\" \/>\n<meta property=\"article:publisher\" content=\"https:\/\/www.facebook.com\/Fuentes-Fidedignas-368234489921644\" \/>\n<meta property=\"article:published_time\" content=\"2024-05-10T12:33:01+00:00\" \/>\n<meta property=\"og:image\" content=\"https:\/\/fuentesfidedignas.com.mx\/wp-content\/uploads\/2024\/05\/joven-bad.jpg\" \/>\n\t<meta property=\"og:image:width\" content=\"834\" \/>\n\t<meta property=\"og:image:height\" content=\"525\" \/>\n\t<meta property=\"og:image:type\" content=\"image\/jpeg\" \/>\n<meta name=\"author\" content=\"Milenio\" \/>\n<meta name=\"twitter:card\" content=\"summary_large_image\" \/>\n<meta name=\"twitter:creator\" content=\"@fidedignas\" \/>\n<meta name=\"twitter:site\" content=\"@fidedignas\" \/>\n<meta name=\"twitter:label1\" content=\"Escrito por\" \/>\n\t<meta name=\"twitter:data1\" content=\"Milenio\" \/>\n\t<meta name=\"twitter:label2\" content=\"Tiempo de lectura\" \/>\n\t<meta name=\"twitter:data2\" content=\"2 minutos\" \/>\n<script type=\"application\/ld+json\" class=\"yoast-schema-graph\">{\"@context\":\"https:\\\/\\\/schema.org\",\"@graph\":[{\"@type\":\"Article\",\"@id\":\"https:\\\/\\\/fuentesfidedignas.com.mx\\\/index.php\\\/2024\\\/05\\\/10\\\/video-joven-se-niega-a-tomarse-foto-con-bad-bunny-y-se-hace-viral\\\/#article\",\"isPartOf\":{\"@id\":\"https:\\\/\\\/fuentesfidedignas.com.mx\\\/index.php\\\/2024\\\/05\\\/10\\\/video-joven-se-niega-a-tomarse-foto-con-bad-bunny-y-se-hace-viral\\\/\"},\"author\":{\"name\":\"Milenio\",\"@id\":\"https:\\\/\\\/fuentesfidedignas.com.mx\\\/#\\\/schema\\\/person\\\/47ec0135738f4b0c7495f06a77a2c976\"},\"headline\":\"VIDEO | Joven se niega a tomarse foto con Bad Bunny y se hace viral\",\"datePublished\":\"2024-05-10T12:33:01+00:00\",\"mainEntityOfPage\":{\"@id\":\"https:\\\/\\\/fuentesfidedignas.com.mx\\\/index.php\\\/2024\\\/05\\\/10\\\/video-joven-se-niega-a-tomarse-foto-con-bad-bunny-y-se-hace-viral\\\/\"},\"wordCount\":410,\"commentCount\":0,\"publisher\":{\"@id\":\"https:\\\/\\\/fuentesfidedignas.com.mx\\\/#organization\"},\"image\":{\"@id\":\"https:\\\/\\\/fuentesfidedignas.com.mx\\\/index.php\\\/2024\\\/05\\\/10\\\/video-joven-se-niega-a-tomarse-foto-con-bad-bunny-y-se-hace-viral\\\/#primaryimage\"},\"thumbnailUrl\":\"https:\\\/\\\/fuentesfidedignas.com.mx\\\/wp-content\\\/uploads\\\/2024\\\/05\\\/joven-bad.jpg\",\"articleSection\":[\"LAS ASOMBROSAS\"],\"inLanguage\":\"es\",\"potentialAction\":[{\"@type\":\"CommentAction\",\"name\":\"Comment\",\"target\":[\"https:\\\/\\\/fuentesfidedignas.com.mx\\\/index.php\\\/2024\\\/05\\\/10\\\/video-joven-se-niega-a-tomarse-foto-con-bad-bunny-y-se-hace-viral\\\/#respond\"]}]},{\"@type\":\"WebPage\",\"@id\":\"https:\\\/\\\/fuentesfidedignas.com.mx\\\/index.php\\\/2024\\\/05\\\/10\\\/video-joven-se-niega-a-tomarse-foto-con-bad-bunny-y-se-hace-viral\\\/\",\"url\":\"https:\\\/\\\/fuentesfidedignas.com.mx\\\/index.php\\\/2024\\\/05\\\/10\\\/video-joven-se-niega-a-tomarse-foto-con-bad-bunny-y-se-hace-viral\\\/\",\"name\":\"VIDEO | Joven se niega a tomarse foto con Bad Bunny y se hace viral - Fuentes Fidedignas\",\"isPartOf\":{\"@id\":\"https:\\\/\\\/fuentesfidedignas.com.mx\\\/#website\"},\"primaryImageOfPage\":{\"@id\":\"https:\\\/\\\/fuentesfidedignas.com.mx\\\/index.php\\\/2024\\\/05\\\/10\\\/video-joven-se-niega-a-tomarse-foto-con-bad-bunny-y-se-hace-viral\\\/#primaryimage\"},\"image\":{\"@id\":\"https:\\\/\\\/fuentesfidedignas.com.mx\\\/index.php\\\/2024\\\/05\\\/10\\\/video-joven-se-niega-a-tomarse-foto-con-bad-bunny-y-se-hace-viral\\\/#primaryimage\"},\"thumbnailUrl\":\"https:\\\/\\\/fuentesfidedignas.com.mx\\\/wp-content\\\/uploads\\\/2024\\\/05\\\/joven-bad.jpg\",\"datePublished\":\"2024-05-10T12:33:01+00:00\",\"breadcrumb\":{\"@id\":\"https:\\\/\\\/fuentesfidedignas.com.mx\\\/index.php\\\/2024\\\/05\\\/10\\\/video-joven-se-niega-a-tomarse-foto-con-bad-bunny-y-se-hace-viral\\\/#breadcrumb\"},\"inLanguage\":\"es\",\"potentialAction\":[{\"@type\":\"ReadAction\",\"target\":[\"https:\\\/\\\/fuentesfidedignas.com.mx\\\/index.php\\\/2024\\\/05\\\/10\\\/video-joven-se-niega-a-tomarse-foto-con-bad-bunny-y-se-hace-viral\\\/\"]}]},{\"@type\":\"ImageObject\",\"inLanguage\":\"es\",\"@id\":\"https:\\\/\\\/fuentesfidedignas.com.mx\\\/index.php\\\/2024\\\/05\\\/10\\\/video-joven-se-niega-a-tomarse-foto-con-bad-bunny-y-se-hace-viral\\\/#primaryimage\",\"url\":\"https:\\\/\\\/fuentesfidedignas.com.mx\\\/wp-content\\\/uploads\\\/2024\\\/05\\\/joven-bad.jpg\",\"contentUrl\":\"https:\\\/\\\/fuentesfidedignas.com.mx\\\/wp-content\\\/uploads\\\/2024\\\/05\\\/joven-bad.jpg\",\"width\":834,\"height\":525},{\"@type\":\"BreadcrumbList\",\"@id\":\"https:\\\/\\\/fuentesfidedignas.com.mx\\\/index.php\\\/2024\\\/05\\\/10\\\/video-joven-se-niega-a-tomarse-foto-con-bad-bunny-y-se-hace-viral\\\/#breadcrumb\",\"itemListElement\":[{\"@type\":\"ListItem\",\"position\":1,\"name\":\"Inicio\",\"item\":\"https:\\\/\\\/fuentesfidedignas.com.mx\\\/\"},{\"@type\":\"ListItem\",\"position\":2,\"name\":\"VIDEO | Joven se niega a tomarse foto con Bad Bunny y se hace viral\"}]},{\"@type\":\"WebSite\",\"@id\":\"https:\\\/\\\/fuentesfidedignas.com.mx\\\/#website\",\"url\":\"https:\\\/\\\/fuentesfidedignas.com.mx\\\/\",\"name\":\"Fuentes Fidedignas\",\"description\":\"Otro sitio realizado con WordPress\",\"publisher\":{\"@id\":\"https:\\\/\\\/fuentesfidedignas.com.mx\\\/#organization\"},\"potentialAction\":[{\"@type\":\"SearchAction\",\"target\":{\"@type\":\"EntryPoint\",\"urlTemplate\":\"https:\\\/\\\/fuentesfidedignas.com.mx\\\/?s={search_term_string}\"},\"query-input\":{\"@type\":\"PropertyValueSpecification\",\"valueRequired\":true,\"valueName\":\"search_term_string\"}}],\"inLanguage\":\"es\"},{\"@type\":\"Organization\",\"@id\":\"https:\\\/\\\/fuentesfidedignas.com.mx\\\/#organization\",\"name\":\"Fuentes Fidedignas\",\"url\":\"https:\\\/\\\/fuentesfidedignas.com.mx\\\/\",\"logo\":{\"@type\":\"ImageObject\",\"inLanguage\":\"es\",\"@id\":\"https:\\\/\\\/fuentesfidedignas.com.mx\\\/#\\\/schema\\\/logo\\\/image\\\/\",\"url\":\"https:\\\/\\\/fuentesfidedignas.com.mx\\\/wp-content\\\/uploads\\\/2021\\\/04\\\/logo-retina.png\",\"contentUrl\":\"https:\\\/\\\/fuentesfidedignas.com.mx\\\/wp-content\\\/uploads\\\/2021\\\/04\\\/logo-retina.png\",\"width\":280,\"height\":51,\"caption\":\"Fuentes Fidedignas\"},\"image\":{\"@id\":\"https:\\\/\\\/fuentesfidedignas.com.mx\\\/#\\\/schema\\\/logo\\\/image\\\/\"},\"sameAs\":[\"https:\\\/\\\/www.facebook.com\\\/Fuentes-Fidedignas-368234489921644\",\"https:\\\/\\\/x.com\\\/fidedignas\"]},{\"@type\":\"Person\",\"@id\":\"https:\\\/\\\/fuentesfidedignas.com.mx\\\/#\\\/schema\\\/person\\\/47ec0135738f4b0c7495f06a77a2c976\",\"name\":\"Milenio\",\"image\":{\"@type\":\"ImageObject\",\"inLanguage\":\"es\",\"@id\":\"https:\\\/\\\/secure.gravatar.com\\\/avatar\\\/acabf7b54753e51c2c76457954577c236b3b764789b19879565769739d1e4a75?s=96&d=mm&r=g\",\"url\":\"https:\\\/\\\/secure.gravatar.com\\\/avatar\\\/acabf7b54753e51c2c76457954577c236b3b764789b19879565769739d1e4a75?s=96&d=mm&r=g\",\"contentUrl\":\"https:\\\/\\\/secure.gravatar.com\\\/avatar\\\/acabf7b54753e51c2c76457954577c236b3b764789b19879565769739d1e4a75?s=96&d=mm&r=g\",\"caption\":\"Milenio\"},\"url\":\"https:\\\/\\\/fuentesfidedignas.com.mx\\\/index.php\\\/author\\\/milenio\\\/\"}]}<\/script>\n<!-- \/ Yoast SEO plugin. -->","yoast_head_json":{"title":"VIDEO | Joven se niega a tomarse foto con Bad Bunny y se hace viral - Fuentes Fidedignas","robots":{"index":"index","follow":"follow","max-snippet":"max-snippet:-1","max-image-preview":"max-image-preview:large","max-video-preview":"max-video-preview:-1"},"canonical":"https:\/\/fuentesfidedignas.com.mx\/index.php\/2024\/05\/10\/video-joven-se-niega-a-tomarse-foto-con-bad-bunny-y-se-hace-viral\/","og_locale":"es_MX","og_type":"article","og_title":"VIDEO | Joven se niega a tomarse foto con Bad Bunny y se hace viral - Fuentes Fidedignas","og_description":"A trav\u00e9s de x se ha hecho viral el momento entre el joven y Bad Bunny Bad Bunny\u00a0es uno de los artistas m\u00e1s importantes de la actualidad, pero tambi\u00e9n es alguien que ha recibido muchas cr\u00edticas, sobre todo despu\u00e9s de lanzar el celular de una fan cuando intent\u00f3 tomarse una foto con \u00e9l. Pero ahora [&hellip;]","og_url":"https:\/\/fuentesfidedignas.com.mx\/index.php\/2024\/05\/10\/video-joven-se-niega-a-tomarse-foto-con-bad-bunny-y-se-hace-viral\/","og_site_name":"Fuentes Fidedignas","article_publisher":"https:\/\/www.facebook.com\/Fuentes-Fidedignas-368234489921644","article_published_time":"2024-05-10T12:33:01+00:00","og_image":[{"width":834,"height":525,"url":"https:\/\/fuentesfidedignas.com.mx\/wp-content\/uploads\/2024\/05\/joven-bad.jpg","type":"image\/jpeg"}],"author":"Milenio","twitter_card":"summary_large_image","twitter_creator":"@fidedignas","twitter_site":"@fidedignas","twitter_misc":{"Escrito por":"Milenio","Tiempo de lectura":"2 minutos"},"schema":{"@context":"https:\/\/schema.org","@graph":[{"@type":"Article","@id":"https:\/\/fuentesfidedignas.com.mx\/index.php\/2024\/05\/10\/video-joven-se-niega-a-tomarse-foto-con-bad-bunny-y-se-hace-viral\/#article","isPartOf":{"@id":"https:\/\/fuentesfidedignas.com.mx\/index.php\/2024\/05\/10\/video-joven-se-niega-a-tomarse-foto-con-bad-bunny-y-se-hace-viral\/"},"author":{"name":"Milenio","@id":"https:\/\/fuentesfidedignas.com.mx\/#\/schema\/person\/47ec0135738f4b0c7495f06a77a2c976"},"headline":"VIDEO | Joven se niega a tomarse foto con Bad Bunny y se hace viral","datePublished":"2024-05-10T12:33:01+00:00","mainEntityOfPage":{"@id":"https:\/\/fuentesfidedignas.com.mx\/index.php\/2024\/05\/10\/video-joven-se-niega-a-tomarse-foto-con-bad-bunny-y-se-hace-viral\/"},"wordCount":410,"commentCount":0,"publisher":{"@id":"https:\/\/fuentesfidedignas.com.mx\/#organization"},"image":{"@id":"https:\/\/fuentesfidedignas.com.mx\/index.php\/2024\/05\/10\/video-joven-se-niega-a-tomarse-foto-con-bad-bunny-y-se-hace-viral\/#primaryimage"},"thumbnailUrl":"https:\/\/fuentesfidedignas.com.mx\/wp-content\/uploads\/2024\/05\/joven-bad.jpg","articleSection":["LAS ASOMBROSAS"],"inLanguage":"es","potentialAction":[{"@type":"CommentAction","name":"Comment","target":["https:\/\/fuentesfidedignas.com.mx\/index.php\/2024\/05\/10\/video-joven-se-niega-a-tomarse-foto-con-bad-bunny-y-se-hace-viral\/#respond"]}]},{"@type":"WebPage","@id":"https:\/\/fuentesfidedignas.com.mx\/index.php\/2024\/05\/10\/video-joven-se-niega-a-tomarse-foto-con-bad-bunny-y-se-hace-viral\/","url":"https:\/\/fuentesfidedignas.com.mx\/index.php\/2024\/05\/10\/video-joven-se-niega-a-tomarse-foto-con-bad-bunny-y-se-hace-viral\/","name":"VIDEO | Joven se niega a tomarse foto con Bad Bunny y se hace viral - Fuentes Fidedignas","isPartOf":{"@id":"https:\/\/fuentesfidedignas.com.mx\/#website"},"primaryImageOfPage":{"@id":"https:\/\/fuentesfidedignas.com.mx\/index.php\/2024\/05\/10\/video-joven-se-niega-a-tomarse-foto-con-bad-bunny-y-se-hace-viral\/#primaryimage"},"image":{"@id":"https:\/\/fuentesfidedignas.com.mx\/index.php\/2024\/05\/10\/video-joven-se-niega-a-tomarse-foto-con-bad-bunny-y-se-hace-viral\/#primaryimage"},"thumbnailUrl":"https:\/\/fuentesfidedignas.com.mx\/wp-content\/uploads\/2024\/05\/joven-bad.jpg","datePublished":"2024-05-10T12:33:01+00:00","breadcrumb":{"@id":"https:\/\/fuentesfidedignas.com.mx\/index.php\/2024\/05\/10\/video-joven-se-niega-a-tomarse-foto-con-bad-bunny-y-se-hace-viral\/#breadcrumb"},"inLanguage":"es","potentialAction":[{"@type":"ReadAction","target":["https:\/\/fuentesfidedignas.com.mx\/index.php\/2024\/05\/10\/video-joven-se-niega-a-tomarse-foto-con-bad-bunny-y-se-hace-viral\/"]}]},{"@type":"ImageObject","inLanguage":"es","@id":"https:\/\/fuentesfidedignas.com.mx\/index.php\/2024\/05\/10\/video-joven-se-niega-a-tomarse-foto-con-bad-bunny-y-se-hace-viral\/#primaryimage","url":"https:\/\/fuentesfidedignas.com.mx\/wp-content\/uploads\/2024\/05\/joven-bad.jpg","contentUrl":"https:\/\/fuentesfidedignas.com.mx\/wp-content\/uploads\/2024\/05\/joven-bad.jpg","width":834,"height":525},{"@type":"BreadcrumbList","@id":"https:\/\/fuentesfidedignas.com.mx\/index.php\/2024\/05\/10\/video-joven-se-niega-a-tomarse-foto-con-bad-bunny-y-se-hace-viral\/#breadcrumb","itemListElement":[{"@type":"ListItem","position":1,"name":"Inicio","item":"https:\/\/fuentesfidedignas.com.mx\/"},{"@type":"ListItem","position":2,"name":"VIDEO | Joven se niega a tomarse foto con Bad Bunny y se hace viral"}]},{"@type":"WebSite","@id":"https:\/\/fuentesfidedignas.com.mx\/#website","url":"https:\/\/fuentesfidedignas.com.mx\/","name":"Fuentes Fidedignas","description":"Otro sitio realizado con WordPress","publisher":{"@id":"https:\/\/fuentesfidedignas.com.mx\/#organization"},"potentialAction":[{"@type":"SearchAction","target":{"@type":"EntryPoint","urlTemplate":"https:\/\/fuentesfidedignas.com.mx\/?s={search_term_string}"},"query-input":{"@type":"PropertyValueSpecification","valueRequired":true,"valueName":"search_term_string"}}],"inLanguage":"es"},{"@type":"Organization","@id":"https:\/\/fuentesfidedignas.com.mx\/#organization","name":"Fuentes Fidedignas","url":"https:\/\/fuentesfidedignas.com.mx\/","logo":{"@type":"ImageObject","inLanguage":"es","@id":"https:\/\/fuentesfidedignas.com.mx\/#\/schema\/logo\/image\/","url":"https:\/\/fuentesfidedignas.com.mx\/wp-content\/uploads\/2021\/04\/logo-retina.png","contentUrl":"https:\/\/fuentesfidedignas.com.mx\/wp-content\/uploads\/2021\/04\/logo-retina.png","width":280,"height":51,"caption":"Fuentes Fidedignas"},"image":{"@id":"https:\/\/fuentesfidedignas.com.mx\/#\/schema\/logo\/image\/"},"sameAs":["https:\/\/www.facebook.com\/Fuentes-Fidedignas-368234489921644","https:\/\/x.com\/fidedignas"]},{"@type":"Person","@id":"https:\/\/fuentesfidedignas.com.mx\/#\/schema\/person\/47ec0135738f4b0c7495f06a77a2c976","name":"Milenio","image":{"@type":"ImageObject","inLanguage":"es","@id":"https:\/\/secure.gravatar.com\/avatar\/acabf7b54753e51c2c76457954577c236b3b764789b19879565769739d1e4a75?s=96&d=mm&r=g","url":"https:\/\/secure.gravatar.com\/avatar\/acabf7b54753e51c2c76457954577c236b3b764789b19879565769739d1e4a75?s=96&d=mm&r=g","contentUrl":"https:\/\/secure.gravatar.com\/avatar\/acabf7b54753e51c2c76457954577c236b3b764789b19879565769739d1e4a75?s=96&d=mm&r=g","caption":"Milenio"},"url":"https:\/\/fuentesfidedignas.com.mx\/index.php\/author\/milenio\/"}]}},"_links":{"self":[{"href":"https:\/\/fuentesfidedignas.com.mx\/index.php\/wp-json\/wp\/v2\/posts\/81277","targetHints":{"allow":["GET"]}}],"collection":[{"href":"https:\/\/fuentesfidedignas.com.mx\/index.php\/wp-json\/wp\/v2\/posts"}],"about":[{"href":"https:\/\/fuentesfidedignas.com.mx\/index.php\/wp-json\/wp\/v2\/types\/post"}],"author":[{"embeddable":true,"href":"https:\/\/fuentesfidedignas.com.mx\/index.php\/wp-json\/wp\/v2\/users\/9"}],"replies":[{"embeddable":true,"href":"https:\/\/fuentesfidedignas.com.mx\/index.php\/wp-json\/wp\/v2\/comments?post=81277"}],"version-history":[{"count":1,"href":"https:\/\/fuentesfidedignas.com.mx\/index.php\/wp-json\/wp\/v2\/posts\/81277\/revisions"}],"predecessor-version":[{"id":81279,"href":"https:\/\/fuentesfidedignas.com.mx\/index.php\/wp-json\/wp\/v2\/posts\/81277\/revisions\/81279"}],"wp:featuredmedia":[{"embeddable":true,"href":"https:\/\/fuentesfidedignas.com.mx\/index.php\/wp-json\/wp\/v2\/media\/81278"}],"wp:attachment":[{"href":"https:\/\/fuentesfidedignas.com.mx\/index.php\/wp-json\/wp\/v2\/media?parent=81277"}],"wp:term":[{"taxonomy":"category","embeddable":true,"href":"https:\/\/fuentesfidedignas.com.mx\/index.php\/wp-json\/wp\/v2\/categories?post=81277"},{"taxonomy":"post_tag","embeddable":true,"href":"https:\/\/fuentesfidedignas.com.mx\/index.php\/wp-json\/wp\/v2\/tags?post=81277"}],"curies":[{"name":"wp","href":"https:\/\/api.w.org\/{rel}","templated":true}]}}