{"id":81047,"date":"2024-05-06T20:44:06","date_gmt":"2024-05-07T03:44:06","guid":{"rendered":"https:\/\/fuentesfidedignas.com.mx\/?p=81047"},"modified":"2024-05-07T14:50:08","modified_gmt":"2024-05-07T21:50:08","slug":"estoy-listo-para-el-debate-la-duda-es-si-los-de-morena-acudiran-eduardo-ortiz","status":"publish","type":"post","link":"https:\/\/fuentesfidedignas.com.mx\/index.php\/2024\/05\/06\/estoy-listo-para-el-debate-la-duda-es-si-los-de-morena-acudiran-eduardo-ortiz\/","title":{"rendered":"Estoy listo para el debate, la duda es si los de Morena acudir\u00e1n: Eduardo Ortiz"},"content":{"rendered":"\n<p><strong><em>El candidato al Senado de la Rep\u00fablica sostuvo que este ejercicio abona a que los ciudadanos vean que Fuerza y Coraz\u00f3n por M\u00e9xico tiene los mejores perfiles<\/em><\/strong><\/p>\n\n\n\n<p>Culiac\u00e1n, Sin.- Estoy listo para el debate del pr\u00f3ximo jueves 09 de mayo, la duda es si los de Morena acudir\u00e1n, afirm\u00f3 Eduardo Ortiz Hern\u00e1ndez, candidato al Senado de la Rep\u00fablica por la alianza Fuerza y Coraz\u00f3n por M\u00e9xico.<\/p>\n\n\n\n<p><strong>\u201cLos debates entre candidatos abonan a que los ciudadanos se den cuenta que Fuerza y Coraz\u00f3n por M\u00e9xico tiene a los mejores perfiles. Nosotros estamos listos, la duda es si los morenistas llegar\u00e1n o se seguir\u00e1n escondiendo<\/strong>\u201d, asegur\u00f3.<\/p>\n\n\n\n<p>Ante vecinos de Culiac\u00e1n, el abanderado de PAN, PRI y PRE detall\u00f3 que el debate se realizar\u00e1 en el Consejo Local del Instituto Nacional Electoral en Sinaloa, el jueves 09 de mayo a las 17:00 horas y se basar\u00e1 en los temas de Seguridad y Justicia, Medio Ambiente y Desarrollo Tecnol\u00f3gico e Industrial.<\/p>\n\n\n\n<p>El candidato al Senado de la Rep\u00fablica sostuvo un encuentro con vecinos de la colonia Los \u00c1lamos, acompa\u00f1ado de la candidata a la presidencia municipal de Culiac\u00e1n, \u00c9rika S\u00e1nchez y el candidato a diputado federal del quinto distrito, Sergio \u2018P\u00edo\u2019 Esquer.<\/p>\n","protected":false},"excerpt":{"rendered":"<p>El candidato al Senado de la Rep\u00fablica sostuvo que este ejercicio abona a que los ciudadanos vean que Fuerza y Coraz\u00f3n por M\u00e9xico tiene los mejores perfiles Culiac\u00e1n, Sin.- Estoy listo para el debate del pr\u00f3ximo jueves 09 de mayo, la duda es si los de Morena acudir\u00e1n, afirm\u00f3 Eduardo Ortiz Hern\u00e1ndez, candidato al Senado [&hellip;]<\/p>\n","protected":false},"author":4,"featured_media":81046,"comment_status":"open","ping_status":"open","sticky":false,"template":"","format":"standard","meta":{"tdm_status":"","tdm_grid_status":"","footnotes":""},"categories":[1],"tags":[],"class_list":{"0":"post-81047","1":"post","2":"type-post","3":"status-publish","4":"format-standard","5":"has-post-thumbnail","7":"category-sin-categoria"},"yoast_head":"<!-- This site is optimized with the Yoast SEO plugin v27.5 - https:\/\/yoast.com\/product\/yoast-seo-wordpress\/ -->\n<title>Estoy listo para el debate, la duda es si los de Morena acudir\u00e1n: Eduardo Ortiz - Fuentes Fidedignas<\/title>\n<meta name=\"robots\" content=\"index, follow, max-snippet:-1, max-image-preview:large, max-video-preview:-1\" \/>\n<link rel=\"canonical\" href=\"https:\/\/fuentesfidedignas.com.mx\/index.php\/2024\/05\/06\/estoy-listo-para-el-debate-la-duda-es-si-los-de-morena-acudiran-eduardo-ortiz\/\" \/>\n<meta property=\"og:locale\" content=\"es_MX\" \/>\n<meta property=\"og:type\" content=\"article\" \/>\n<meta property=\"og:title\" content=\"Estoy listo para el debate, la duda es si los de Morena acudir\u00e1n: Eduardo Ortiz - Fuentes Fidedignas\" \/>\n<meta property=\"og:description\" content=\"El candidato al Senado de la Rep\u00fablica sostuvo que este ejercicio abona a que los ciudadanos vean que Fuerza y Coraz\u00f3n por M\u00e9xico tiene los mejores perfiles Culiac\u00e1n, Sin.- Estoy listo para el debate del pr\u00f3ximo jueves 09 de mayo, la duda es si los de Morena acudir\u00e1n, afirm\u00f3 Eduardo Ortiz Hern\u00e1ndez, candidato al Senado [&hellip;]\" \/>\n<meta property=\"og:url\" content=\"https:\/\/fuentesfidedignas.com.mx\/index.php\/2024\/05\/06\/estoy-listo-para-el-debate-la-duda-es-si-los-de-morena-acudiran-eduardo-ortiz\/\" \/>\n<meta property=\"og:site_name\" content=\"Fuentes Fidedignas\" \/>\n<meta property=\"article:publisher\" content=\"https:\/\/www.facebook.com\/Fuentes-Fidedignas-368234489921644\" \/>\n<meta property=\"article:published_time\" content=\"2024-05-07T03:44:06+00:00\" \/>\n<meta property=\"article:modified_time\" content=\"2024-05-07T21:50:08+00:00\" \/>\n<meta property=\"og:image\" content=\"https:\/\/fuentesfidedignas.com.mx\/wp-content\/uploads\/2024\/05\/b2bbacd5-93ab-4eec-a81a-7c2197075264-1.jpg\" \/>\n\t<meta property=\"og:image:width\" content=\"1280\" \/>\n\t<meta property=\"og:image:height\" content=\"853\" \/>\n\t<meta property=\"og:image:type\" content=\"image\/jpeg\" \/>\n<meta name=\"author\" content=\"Redacci\u00f3n\" \/>\n<meta name=\"twitter:card\" content=\"summary_large_image\" \/>\n<meta name=\"twitter:creator\" content=\"@fidedignas\" \/>\n<meta name=\"twitter:site\" content=\"@fidedignas\" \/>\n<meta name=\"twitter:label1\" content=\"Escrito por\" \/>\n\t<meta name=\"twitter:data1\" content=\"Redacci\u00f3n\" \/>\n\t<meta name=\"twitter:label2\" content=\"Tiempo de lectura\" \/>\n\t<meta name=\"twitter:data2\" content=\"1 minuto\" \/>\n<script type=\"application\/ld+json\" class=\"yoast-schema-graph\">{\"@context\":\"https:\\\/\\\/schema.org\",\"@graph\":[{\"@type\":\"Article\",\"@id\":\"https:\\\/\\\/fuentesfidedignas.com.mx\\\/index.php\\\/2024\\\/05\\\/06\\\/estoy-listo-para-el-debate-la-duda-es-si-los-de-morena-acudiran-eduardo-ortiz\\\/#article\",\"isPartOf\":{\"@id\":\"https:\\\/\\\/fuentesfidedignas.com.mx\\\/index.php\\\/2024\\\/05\\\/06\\\/estoy-listo-para-el-debate-la-duda-es-si-los-de-morena-acudiran-eduardo-ortiz\\\/\"},\"author\":{\"name\":\"Redacci\u00f3n\",\"@id\":\"https:\\\/\\\/fuentesfidedignas.com.mx\\\/#\\\/schema\\\/person\\\/331be9283d37198e2acd5750279085b0\"},\"headline\":\"Estoy listo para el debate, la duda es si los de Morena acudir\u00e1n: Eduardo Ortiz\",\"datePublished\":\"2024-05-07T03:44:06+00:00\",\"dateModified\":\"2024-05-07T21:50:08+00:00\",\"mainEntityOfPage\":{\"@id\":\"https:\\\/\\\/fuentesfidedignas.com.mx\\\/index.php\\\/2024\\\/05\\\/06\\\/estoy-listo-para-el-debate-la-duda-es-si-los-de-morena-acudiran-eduardo-ortiz\\\/\"},\"wordCount\":233,\"commentCount\":0,\"publisher\":{\"@id\":\"https:\\\/\\\/fuentesfidedignas.com.mx\\\/#organization\"},\"image\":{\"@id\":\"https:\\\/\\\/fuentesfidedignas.com.mx\\\/index.php\\\/2024\\\/05\\\/06\\\/estoy-listo-para-el-debate-la-duda-es-si-los-de-morena-acudiran-eduardo-ortiz\\\/#primaryimage\"},\"thumbnailUrl\":\"https:\\\/\\\/fuentesfidedignas.com.mx\\\/wp-content\\\/uploads\\\/2024\\\/05\\\/b2bbacd5-93ab-4eec-a81a-7c2197075264-1.jpg\",\"inLanguage\":\"es\",\"potentialAction\":[{\"@type\":\"CommentAction\",\"name\":\"Comment\",\"target\":[\"https:\\\/\\\/fuentesfidedignas.com.mx\\\/index.php\\\/2024\\\/05\\\/06\\\/estoy-listo-para-el-debate-la-duda-es-si-los-de-morena-acudiran-eduardo-ortiz\\\/#respond\"]}]},{\"@type\":\"WebPage\",\"@id\":\"https:\\\/\\\/fuentesfidedignas.com.mx\\\/index.php\\\/2024\\\/05\\\/06\\\/estoy-listo-para-el-debate-la-duda-es-si-los-de-morena-acudiran-eduardo-ortiz\\\/\",\"url\":\"https:\\\/\\\/fuentesfidedignas.com.mx\\\/index.php\\\/2024\\\/05\\\/06\\\/estoy-listo-para-el-debate-la-duda-es-si-los-de-morena-acudiran-eduardo-ortiz\\\/\",\"name\":\"Estoy listo para el debate, la duda es si los de Morena acudir\u00e1n: Eduardo Ortiz - Fuentes Fidedignas\",\"isPartOf\":{\"@id\":\"https:\\\/\\\/fuentesfidedignas.com.mx\\\/#website\"},\"primaryImageOfPage\":{\"@id\":\"https:\\\/\\\/fuentesfidedignas.com.mx\\\/index.php\\\/2024\\\/05\\\/06\\\/estoy-listo-para-el-debate-la-duda-es-si-los-de-morena-acudiran-eduardo-ortiz\\\/#primaryimage\"},\"image\":{\"@id\":\"https:\\\/\\\/fuentesfidedignas.com.mx\\\/index.php\\\/2024\\\/05\\\/06\\\/estoy-listo-para-el-debate-la-duda-es-si-los-de-morena-acudiran-eduardo-ortiz\\\/#primaryimage\"},\"thumbnailUrl\":\"https:\\\/\\\/fuentesfidedignas.com.mx\\\/wp-content\\\/uploads\\\/2024\\\/05\\\/b2bbacd5-93ab-4eec-a81a-7c2197075264-1.jpg\",\"datePublished\":\"2024-05-07T03:44:06+00:00\",\"dateModified\":\"2024-05-07T21:50:08+00:00\",\"breadcrumb\":{\"@id\":\"https:\\\/\\\/fuentesfidedignas.com.mx\\\/index.php\\\/2024\\\/05\\\/06\\\/estoy-listo-para-el-debate-la-duda-es-si-los-de-morena-acudiran-eduardo-ortiz\\\/#breadcrumb\"},\"inLanguage\":\"es\",\"potentialAction\":[{\"@type\":\"ReadAction\",\"target\":[\"https:\\\/\\\/fuentesfidedignas.com.mx\\\/index.php\\\/2024\\\/05\\\/06\\\/estoy-listo-para-el-debate-la-duda-es-si-los-de-morena-acudiran-eduardo-ortiz\\\/\"]}]},{\"@type\":\"ImageObject\",\"inLanguage\":\"es\",\"@id\":\"https:\\\/\\\/fuentesfidedignas.com.mx\\\/index.php\\\/2024\\\/05\\\/06\\\/estoy-listo-para-el-debate-la-duda-es-si-los-de-morena-acudiran-eduardo-ortiz\\\/#primaryimage\",\"url\":\"https:\\\/\\\/fuentesfidedignas.com.mx\\\/wp-content\\\/uploads\\\/2024\\\/05\\\/b2bbacd5-93ab-4eec-a81a-7c2197075264-1.jpg\",\"contentUrl\":\"https:\\\/\\\/fuentesfidedignas.com.mx\\\/wp-content\\\/uploads\\\/2024\\\/05\\\/b2bbacd5-93ab-4eec-a81a-7c2197075264-1.jpg\",\"width\":1280,\"height\":853},{\"@type\":\"BreadcrumbList\",\"@id\":\"https:\\\/\\\/fuentesfidedignas.com.mx\\\/index.php\\\/2024\\\/05\\\/06\\\/estoy-listo-para-el-debate-la-duda-es-si-los-de-morena-acudiran-eduardo-ortiz\\\/#breadcrumb\",\"itemListElement\":[{\"@type\":\"ListItem\",\"position\":1,\"name\":\"Inicio\",\"item\":\"https:\\\/\\\/fuentesfidedignas.com.mx\\\/\"},{\"@type\":\"ListItem\",\"position\":2,\"name\":\"Estoy listo para el debate, la duda es si los de Morena acudir\u00e1n: Eduardo Ortiz\"}]},{\"@type\":\"WebSite\",\"@id\":\"https:\\\/\\\/fuentesfidedignas.com.mx\\\/#website\",\"url\":\"https:\\\/\\\/fuentesfidedignas.com.mx\\\/\",\"name\":\"Fuentes Fidedignas\",\"description\":\"Otro sitio realizado con WordPress\",\"publisher\":{\"@id\":\"https:\\\/\\\/fuentesfidedignas.com.mx\\\/#organization\"},\"potentialAction\":[{\"@type\":\"SearchAction\",\"target\":{\"@type\":\"EntryPoint\",\"urlTemplate\":\"https:\\\/\\\/fuentesfidedignas.com.mx\\\/?s={search_term_string}\"},\"query-input\":{\"@type\":\"PropertyValueSpecification\",\"valueRequired\":true,\"valueName\":\"search_term_string\"}}],\"inLanguage\":\"es\"},{\"@type\":\"Organization\",\"@id\":\"https:\\\/\\\/fuentesfidedignas.com.mx\\\/#organization\",\"name\":\"Fuentes Fidedignas\",\"url\":\"https:\\\/\\\/fuentesfidedignas.com.mx\\\/\",\"logo\":{\"@type\":\"ImageObject\",\"inLanguage\":\"es\",\"@id\":\"https:\\\/\\\/fuentesfidedignas.com.mx\\\/#\\\/schema\\\/logo\\\/image\\\/\",\"url\":\"https:\\\/\\\/fuentesfidedignas.com.mx\\\/wp-content\\\/uploads\\\/2021\\\/04\\\/logo-retina.png\",\"contentUrl\":\"https:\\\/\\\/fuentesfidedignas.com.mx\\\/wp-content\\\/uploads\\\/2021\\\/04\\\/logo-retina.png\",\"width\":280,\"height\":51,\"caption\":\"Fuentes Fidedignas\"},\"image\":{\"@id\":\"https:\\\/\\\/fuentesfidedignas.com.mx\\\/#\\\/schema\\\/logo\\\/image\\\/\"},\"sameAs\":[\"https:\\\/\\\/www.facebook.com\\\/Fuentes-Fidedignas-368234489921644\",\"https:\\\/\\\/x.com\\\/fidedignas\"]},{\"@type\":\"Person\",\"@id\":\"https:\\\/\\\/fuentesfidedignas.com.mx\\\/#\\\/schema\\\/person\\\/331be9283d37198e2acd5750279085b0\",\"name\":\"Redacci\u00f3n\",\"image\":{\"@type\":\"ImageObject\",\"inLanguage\":\"es\",\"@id\":\"https:\\\/\\\/secure.gravatar.com\\\/avatar\\\/f6d8782c11d12b2d4ad3fbb6931aeab5309937a4d6cd2fc9cfaa28a6396a5aec?s=96&d=mm&r=g\",\"url\":\"https:\\\/\\\/secure.gravatar.com\\\/avatar\\\/f6d8782c11d12b2d4ad3fbb6931aeab5309937a4d6cd2fc9cfaa28a6396a5aec?s=96&d=mm&r=g\",\"contentUrl\":\"https:\\\/\\\/secure.gravatar.com\\\/avatar\\\/f6d8782c11d12b2d4ad3fbb6931aeab5309937a4d6cd2fc9cfaa28a6396a5aec?s=96&d=mm&r=g\",\"caption\":\"Redacci\u00f3n\"},\"url\":\"https:\\\/\\\/fuentesfidedignas.com.mx\\\/index.php\\\/author\\\/redaccion\\\/\"}]}<\/script>\n<!-- \/ Yoast SEO plugin. -->","yoast_head_json":{"title":"Estoy listo para el debate, la duda es si los de Morena acudir\u00e1n: Eduardo Ortiz - Fuentes Fidedignas","robots":{"index":"index","follow":"follow","max-snippet":"max-snippet:-1","max-image-preview":"max-image-preview:large","max-video-preview":"max-video-preview:-1"},"canonical":"https:\/\/fuentesfidedignas.com.mx\/index.php\/2024\/05\/06\/estoy-listo-para-el-debate-la-duda-es-si-los-de-morena-acudiran-eduardo-ortiz\/","og_locale":"es_MX","og_type":"article","og_title":"Estoy listo para el debate, la duda es si los de Morena acudir\u00e1n: Eduardo Ortiz - Fuentes Fidedignas","og_description":"El candidato al Senado de la Rep\u00fablica sostuvo que este ejercicio abona a que los ciudadanos vean que Fuerza y Coraz\u00f3n por M\u00e9xico tiene los mejores perfiles Culiac\u00e1n, Sin.- Estoy listo para el debate del pr\u00f3ximo jueves 09 de mayo, la duda es si los de Morena acudir\u00e1n, afirm\u00f3 Eduardo Ortiz Hern\u00e1ndez, candidato al Senado [&hellip;]","og_url":"https:\/\/fuentesfidedignas.com.mx\/index.php\/2024\/05\/06\/estoy-listo-para-el-debate-la-duda-es-si-los-de-morena-acudiran-eduardo-ortiz\/","og_site_name":"Fuentes Fidedignas","article_publisher":"https:\/\/www.facebook.com\/Fuentes-Fidedignas-368234489921644","article_published_time":"2024-05-07T03:44:06+00:00","article_modified_time":"2024-05-07T21:50:08+00:00","og_image":[{"width":1280,"height":853,"url":"https:\/\/fuentesfidedignas.com.mx\/wp-content\/uploads\/2024\/05\/b2bbacd5-93ab-4eec-a81a-7c2197075264-1.jpg","type":"image\/jpeg"}],"author":"Redacci\u00f3n","twitter_card":"summary_large_image","twitter_creator":"@fidedignas","twitter_site":"@fidedignas","twitter_misc":{"Escrito por":"Redacci\u00f3n","Tiempo de lectura":"1 minuto"},"schema":{"@context":"https:\/\/schema.org","@graph":[{"@type":"Article","@id":"https:\/\/fuentesfidedignas.com.mx\/index.php\/2024\/05\/06\/estoy-listo-para-el-debate-la-duda-es-si-los-de-morena-acudiran-eduardo-ortiz\/#article","isPartOf":{"@id":"https:\/\/fuentesfidedignas.com.mx\/index.php\/2024\/05\/06\/estoy-listo-para-el-debate-la-duda-es-si-los-de-morena-acudiran-eduardo-ortiz\/"},"author":{"name":"Redacci\u00f3n","@id":"https:\/\/fuentesfidedignas.com.mx\/#\/schema\/person\/331be9283d37198e2acd5750279085b0"},"headline":"Estoy listo para el debate, la duda es si los de Morena acudir\u00e1n: Eduardo Ortiz","datePublished":"2024-05-07T03:44:06+00:00","dateModified":"2024-05-07T21:50:08+00:00","mainEntityOfPage":{"@id":"https:\/\/fuentesfidedignas.com.mx\/index.php\/2024\/05\/06\/estoy-listo-para-el-debate-la-duda-es-si-los-de-morena-acudiran-eduardo-ortiz\/"},"wordCount":233,"commentCount":0,"publisher":{"@id":"https:\/\/fuentesfidedignas.com.mx\/#organization"},"image":{"@id":"https:\/\/fuentesfidedignas.com.mx\/index.php\/2024\/05\/06\/estoy-listo-para-el-debate-la-duda-es-si-los-de-morena-acudiran-eduardo-ortiz\/#primaryimage"},"thumbnailUrl":"https:\/\/fuentesfidedignas.com.mx\/wp-content\/uploads\/2024\/05\/b2bbacd5-93ab-4eec-a81a-7c2197075264-1.jpg","inLanguage":"es","potentialAction":[{"@type":"CommentAction","name":"Comment","target":["https:\/\/fuentesfidedignas.com.mx\/index.php\/2024\/05\/06\/estoy-listo-para-el-debate-la-duda-es-si-los-de-morena-acudiran-eduardo-ortiz\/#respond"]}]},{"@type":"WebPage","@id":"https:\/\/fuentesfidedignas.com.mx\/index.php\/2024\/05\/06\/estoy-listo-para-el-debate-la-duda-es-si-los-de-morena-acudiran-eduardo-ortiz\/","url":"https:\/\/fuentesfidedignas.com.mx\/index.php\/2024\/05\/06\/estoy-listo-para-el-debate-la-duda-es-si-los-de-morena-acudiran-eduardo-ortiz\/","name":"Estoy listo para el debate, la duda es si los de Morena acudir\u00e1n: Eduardo Ortiz - Fuentes Fidedignas","isPartOf":{"@id":"https:\/\/fuentesfidedignas.com.mx\/#website"},"primaryImageOfPage":{"@id":"https:\/\/fuentesfidedignas.com.mx\/index.php\/2024\/05\/06\/estoy-listo-para-el-debate-la-duda-es-si-los-de-morena-acudiran-eduardo-ortiz\/#primaryimage"},"image":{"@id":"https:\/\/fuentesfidedignas.com.mx\/index.php\/2024\/05\/06\/estoy-listo-para-el-debate-la-duda-es-si-los-de-morena-acudiran-eduardo-ortiz\/#primaryimage"},"thumbnailUrl":"https:\/\/fuentesfidedignas.com.mx\/wp-content\/uploads\/2024\/05\/b2bbacd5-93ab-4eec-a81a-7c2197075264-1.jpg","datePublished":"2024-05-07T03:44:06+00:00","dateModified":"2024-05-07T21:50:08+00:00","breadcrumb":{"@id":"https:\/\/fuentesfidedignas.com.mx\/index.php\/2024\/05\/06\/estoy-listo-para-el-debate-la-duda-es-si-los-de-morena-acudiran-eduardo-ortiz\/#breadcrumb"},"inLanguage":"es","potentialAction":[{"@type":"ReadAction","target":["https:\/\/fuentesfidedignas.com.mx\/index.php\/2024\/05\/06\/estoy-listo-para-el-debate-la-duda-es-si-los-de-morena-acudiran-eduardo-ortiz\/"]}]},{"@type":"ImageObject","inLanguage":"es","@id":"https:\/\/fuentesfidedignas.com.mx\/index.php\/2024\/05\/06\/estoy-listo-para-el-debate-la-duda-es-si-los-de-morena-acudiran-eduardo-ortiz\/#primaryimage","url":"https:\/\/fuentesfidedignas.com.mx\/wp-content\/uploads\/2024\/05\/b2bbacd5-93ab-4eec-a81a-7c2197075264-1.jpg","contentUrl":"https:\/\/fuentesfidedignas.com.mx\/wp-content\/uploads\/2024\/05\/b2bbacd5-93ab-4eec-a81a-7c2197075264-1.jpg","width":1280,"height":853},{"@type":"BreadcrumbList","@id":"https:\/\/fuentesfidedignas.com.mx\/index.php\/2024\/05\/06\/estoy-listo-para-el-debate-la-duda-es-si-los-de-morena-acudiran-eduardo-ortiz\/#breadcrumb","itemListElement":[{"@type":"ListItem","position":1,"name":"Inicio","item":"https:\/\/fuentesfidedignas.com.mx\/"},{"@type":"ListItem","position":2,"name":"Estoy listo para el debate, la duda es si los de Morena acudir\u00e1n: Eduardo Ortiz"}]},{"@type":"WebSite","@id":"https:\/\/fuentesfidedignas.com.mx\/#website","url":"https:\/\/fuentesfidedignas.com.mx\/","name":"Fuentes Fidedignas","description":"Otro sitio realizado con WordPress","publisher":{"@id":"https:\/\/fuentesfidedignas.com.mx\/#organization"},"potentialAction":[{"@type":"SearchAction","target":{"@type":"EntryPoint","urlTemplate":"https:\/\/fuentesfidedignas.com.mx\/?s={search_term_string}"},"query-input":{"@type":"PropertyValueSpecification","valueRequired":true,"valueName":"search_term_string"}}],"inLanguage":"es"},{"@type":"Organization","@id":"https:\/\/fuentesfidedignas.com.mx\/#organization","name":"Fuentes Fidedignas","url":"https:\/\/fuentesfidedignas.com.mx\/","logo":{"@type":"ImageObject","inLanguage":"es","@id":"https:\/\/fuentesfidedignas.com.mx\/#\/schema\/logo\/image\/","url":"https:\/\/fuentesfidedignas.com.mx\/wp-content\/uploads\/2021\/04\/logo-retina.png","contentUrl":"https:\/\/fuentesfidedignas.com.mx\/wp-content\/uploads\/2021\/04\/logo-retina.png","width":280,"height":51,"caption":"Fuentes Fidedignas"},"image":{"@id":"https:\/\/fuentesfidedignas.com.mx\/#\/schema\/logo\/image\/"},"sameAs":["https:\/\/www.facebook.com\/Fuentes-Fidedignas-368234489921644","https:\/\/x.com\/fidedignas"]},{"@type":"Person","@id":"https:\/\/fuentesfidedignas.com.mx\/#\/schema\/person\/331be9283d37198e2acd5750279085b0","name":"Redacci\u00f3n","image":{"@type":"ImageObject","inLanguage":"es","@id":"https:\/\/secure.gravatar.com\/avatar\/f6d8782c11d12b2d4ad3fbb6931aeab5309937a4d6cd2fc9cfaa28a6396a5aec?s=96&d=mm&r=g","url":"https:\/\/secure.gravatar.com\/avatar\/f6d8782c11d12b2d4ad3fbb6931aeab5309937a4d6cd2fc9cfaa28a6396a5aec?s=96&d=mm&r=g","contentUrl":"https:\/\/secure.gravatar.com\/avatar\/f6d8782c11d12b2d4ad3fbb6931aeab5309937a4d6cd2fc9cfaa28a6396a5aec?s=96&d=mm&r=g","caption":"Redacci\u00f3n"},"url":"https:\/\/fuentesfidedignas.com.mx\/index.php\/author\/redaccion\/"}]}},"_links":{"self":[{"href":"https:\/\/fuentesfidedignas.com.mx\/index.php\/wp-json\/wp\/v2\/posts\/81047","targetHints":{"allow":["GET"]}}],"collection":[{"href":"https:\/\/fuentesfidedignas.com.mx\/index.php\/wp-json\/wp\/v2\/posts"}],"about":[{"href":"https:\/\/fuentesfidedignas.com.mx\/index.php\/wp-json\/wp\/v2\/types\/post"}],"author":[{"embeddable":true,"href":"https:\/\/fuentesfidedignas.com.mx\/index.php\/wp-json\/wp\/v2\/users\/4"}],"replies":[{"embeddable":true,"href":"https:\/\/fuentesfidedignas.com.mx\/index.php\/wp-json\/wp\/v2\/comments?post=81047"}],"version-history":[{"count":1,"href":"https:\/\/fuentesfidedignas.com.mx\/index.php\/wp-json\/wp\/v2\/posts\/81047\/revisions"}],"predecessor-version":[{"id":81048,"href":"https:\/\/fuentesfidedignas.com.mx\/index.php\/wp-json\/wp\/v2\/posts\/81047\/revisions\/81048"}],"wp:featuredmedia":[{"embeddable":true,"href":"https:\/\/fuentesfidedignas.com.mx\/index.php\/wp-json\/wp\/v2\/media\/81046"}],"wp:attachment":[{"href":"https:\/\/fuentesfidedignas.com.mx\/index.php\/wp-json\/wp\/v2\/media?parent=81047"}],"wp:term":[{"taxonomy":"category","embeddable":true,"href":"https:\/\/fuentesfidedignas.com.mx\/index.php\/wp-json\/wp\/v2\/categories?post=81047"},{"taxonomy":"post_tag","embeddable":true,"href":"https:\/\/fuentesfidedignas.com.mx\/index.php\/wp-json\/wp\/v2\/tags?post=81047"}],"curies":[{"name":"wp","href":"https:\/\/api.w.org\/{rel}","templated":true}]}}