{"id":80852,"date":"2024-05-04T11:55:51","date_gmt":"2024-05-04T18:55:51","guid":{"rendered":"https:\/\/fuentesfidedignas.com.mx\/?p=80852"},"modified":"2024-05-04T11:55:51","modified_gmt":"2024-05-04T18:55:51","slug":"fiscalia-de-bc-confirma-que-los-3-cuerpos-encontrados-si-son-de-los-surfistas-desaparecidos-en-ensenada","status":"publish","type":"post","link":"https:\/\/fuentesfidedignas.com.mx\/index.php\/2024\/05\/04\/fiscalia-de-bc-confirma-que-los-3-cuerpos-encontrados-si-son-de-los-surfistas-desaparecidos-en-ensenada\/","title":{"rendered":"Fiscal\u00eda de BC confirma que los 3 cuerpos encontrados s\u00ed son de los surfistas desaparecidos en Ensenada"},"content":{"rendered":"\n<p><strong><em>Los extranjeros llegaron el pasado viernes, 26 de abril, a la playa de Punta San Jos\u00e9, en el estado de Baja California, para practicar surf.<\/em><\/strong><\/p>\n\n\n\n<p>La titular de la Fiscal\u00eda General del Estado (FGE) de Baja California, Mar\u00eda Elena Andrade Ram\u00edrez ha confirmado que los 3 cuerpos encontrados en un pozo de Ensenada, s\u00ed corresponden a los surfistas desaparecidos.<\/p>\n\n\n\n<p>Los primeros informes tambi\u00e9n apuntan sobre la localizaci\u00f3n de una camioneta calcinada, en donde las v\u00edctimas, Jake y Callum Robinson, junto con su amigo estadounidense Jack Carter Rhoad, habr\u00edan viajado para practicar surf.<\/p>\n\n\n\n<figure class=\"wp-block-embed is-type-rich is-provider-twitter wp-block-embed-twitter\"><div class=\"wp-block-embed__wrapper\">\n<blockquote class=\"twitter-tweet\" data-width=\"550\" data-dnt=\"true\"><p lang=\"es\" dir=\"ltr\">La zona del acantilado donde se ubica el pozo donde encontraron 3 cuerpos que seg\u00fan la Fiscal\u00eda de BC son del joven estadounidense y los dos australianos que ven\u00edan a surfear a Baja California <a href=\"https:\/\/t.co\/xrdFIIpuPd\">pic.twitter.com\/xrdFIIpuPd<\/a><\/p>&mdash; Yolanda Morales (@moralesyo) <a href=\"https:\/\/twitter.com\/moralesyo\/status\/1786617372398555466?ref_src=twsrc%5Etfw\">May 4, 2024<\/a><\/blockquote><script async src=\"https:\/\/platform.twitter.com\/widgets.js\" charset=\"utf-8\"><\/script>\n<\/div><\/figure>\n\n\n\n<p>Mar\u00eda Elena Andrade Ram\u00edrez, dijo que solo se est\u00e1 a la espera de la llegada de los familiares de las v\u00edctimas, ya que los cuerpos presentan altos niveles de descomposici\u00f3n, sin embargo, la vestimenta y los rasgos coinciden con el los surfistas.<\/p>\n\n\n\n<p>Desde el pasado 3 de mayo se dio a conocer que, las maniobras para recuperar los cuerpos se realizaron en apego a los protocolos de actuaci\u00f3n, adem\u00e1s de que se ordenaron los ex\u00e1menes forenses correspondientes mediante el laboratorio especializado de la Fiscal\u00eda, que permitan determinar sus identidades.<\/p>\n\n\n\n<p><strong>Hay 3 detenidos en el caso de los surfistas en Ensenada<\/strong><br>Cabe se\u00f1alar que, ya hay 3 personas detenidas relacionada en el caso (dos hombres y una mujer), gracias a que se pudo obtener la orden de aprehensi\u00f3n ante los juzgados penales del Tribunal Superior de Justicia del Estado por el delito de desaparici\u00f3n forzada de persona; se\u00f1al\u00f3 la FGE.<\/p>\n\n\n\n<p>La polic\u00eda local tambi\u00e9n hall\u00f3 dos tiendas de campa\u00f1a abandonadas y otros objetos que podr\u00edan pertenecer a los desaparecidos.<\/p>\n\n\n\n<p><strong>Las \u00faltimas publicaciones de los surfistas desaparecidos en M\u00e9xico<\/strong><br>A trav\u00e9s de la cuenta de Callum Robinson se pudo saber parte de su estad\u00eda en M\u00e9xico antes de ser desaparecidos y posiblemente asesinado. En sus historias destacadas en Instagram se puede observar su recorrido por la entidad, donde tambi\u00e9n se muestra la camioneta calcinada que fue encontrada por las autoridades.<\/p>\n\n\n\n<p>El caso de los surfistas extranjeros desaparecidos y ahora muertos en Ensenada, Baja California, ha conmocionado a la comunidad internacional por la violencia que se vive en M\u00e9xico. Ahora se est\u00e1 a la espera de la continuidad de las investigaciones para poder esclarecer qu\u00e9 fue lo que les pas\u00f3.<\/p>\n","protected":false},"excerpt":{"rendered":"<p>Los extranjeros llegaron el pasado viernes, 26 de abril, a la playa de Punta San Jos\u00e9, en el estado de Baja California, para practicar surf. La titular de la Fiscal\u00eda General del Estado (FGE) de Baja California, Mar\u00eda Elena Andrade Ram\u00edrez ha confirmado que los 3 cuerpos encontrados en un pozo de Ensenada, s\u00ed corresponden [&hellip;]<\/p>\n","protected":false},"author":122,"featured_media":80853,"comment_status":"open","ping_status":"open","sticky":false,"template":"","format":"standard","meta":{"tdm_status":"","tdm_grid_status":"","footnotes":""},"categories":[39],"tags":[],"class_list":{"0":"post-80852","1":"post","2":"type-post","3":"status-publish","4":"format-standard","5":"has-post-thumbnail","7":"category-noticias-nacionales"},"yoast_head":"<!-- This site is optimized with the Yoast SEO plugin v27.4 - https:\/\/yoast.com\/product\/yoast-seo-wordpress\/ -->\n<title>Fiscal\u00eda de BC confirma que los 3 cuerpos encontrados s\u00ed son de los surfistas desaparecidos en Ensenada - Fuentes Fidedignas<\/title>\n<meta name=\"robots\" content=\"index, follow, max-snippet:-1, max-image-preview:large, max-video-preview:-1\" \/>\n<link rel=\"canonical\" href=\"https:\/\/fuentesfidedignas.com.mx\/index.php\/2024\/05\/04\/fiscalia-de-bc-confirma-que-los-3-cuerpos-encontrados-si-son-de-los-surfistas-desaparecidos-en-ensenada\/\" \/>\n<meta property=\"og:locale\" content=\"es_MX\" \/>\n<meta property=\"og:type\" content=\"article\" \/>\n<meta property=\"og:title\" content=\"Fiscal\u00eda de BC confirma que los 3 cuerpos encontrados s\u00ed son de los surfistas desaparecidos en Ensenada - Fuentes Fidedignas\" \/>\n<meta property=\"og:description\" content=\"Los extranjeros llegaron el pasado viernes, 26 de abril, a la playa de Punta San Jos\u00e9, en el estado de Baja California, para practicar surf. La titular de la Fiscal\u00eda General del Estado (FGE) de Baja California, Mar\u00eda Elena Andrade Ram\u00edrez ha confirmado que los 3 cuerpos encontrados en un pozo de Ensenada, s\u00ed corresponden [&hellip;]\" \/>\n<meta property=\"og:url\" content=\"https:\/\/fuentesfidedignas.com.mx\/index.php\/2024\/05\/04\/fiscalia-de-bc-confirma-que-los-3-cuerpos-encontrados-si-son-de-los-surfistas-desaparecidos-en-ensenada\/\" \/>\n<meta property=\"og:site_name\" content=\"Fuentes Fidedignas\" \/>\n<meta property=\"article:publisher\" content=\"https:\/\/www.facebook.com\/Fuentes-Fidedignas-368234489921644\" \/>\n<meta property=\"article:published_time\" content=\"2024-05-04T18:55:51+00:00\" \/>\n<meta property=\"og:image\" content=\"https:\/\/fuentesfidedignas.com.mx\/wp-content\/uploads\/2024\/05\/surfistas.jpeg\" \/>\n\t<meta property=\"og:image:width\" content=\"768\" \/>\n\t<meta property=\"og:image:height\" content=\"525\" \/>\n\t<meta property=\"og:image:type\" content=\"image\/jpeg\" \/>\n<meta name=\"author\" content=\"MVS Noticias\" \/>\n<meta name=\"twitter:card\" content=\"summary_large_image\" \/>\n<meta name=\"twitter:creator\" content=\"@fidedignas\" \/>\n<meta name=\"twitter:site\" content=\"@fidedignas\" \/>\n<meta name=\"twitter:label1\" content=\"Escrito por\" \/>\n\t<meta name=\"twitter:data1\" content=\"MVS Noticias\" \/>\n\t<meta name=\"twitter:label2\" content=\"Tiempo de lectura\" \/>\n\t<meta name=\"twitter:data2\" content=\"2 minutos\" \/>\n<script type=\"application\/ld+json\" class=\"yoast-schema-graph\">{\"@context\":\"https:\\\/\\\/schema.org\",\"@graph\":[{\"@type\":\"Article\",\"@id\":\"https:\\\/\\\/fuentesfidedignas.com.mx\\\/index.php\\\/2024\\\/05\\\/04\\\/fiscalia-de-bc-confirma-que-los-3-cuerpos-encontrados-si-son-de-los-surfistas-desaparecidos-en-ensenada\\\/#article\",\"isPartOf\":{\"@id\":\"https:\\\/\\\/fuentesfidedignas.com.mx\\\/index.php\\\/2024\\\/05\\\/04\\\/fiscalia-de-bc-confirma-que-los-3-cuerpos-encontrados-si-son-de-los-surfistas-desaparecidos-en-ensenada\\\/\"},\"author\":{\"name\":\"MVS Noticias\",\"@id\":\"https:\\\/\\\/fuentesfidedignas.com.mx\\\/#\\\/schema\\\/person\\\/962211ccdb39909743e44c36108bef56\"},\"headline\":\"Fiscal\u00eda de BC confirma que los 3 cuerpos encontrados s\u00ed son de los surfistas desaparecidos en Ensenada\",\"datePublished\":\"2024-05-04T18:55:51+00:00\",\"mainEntityOfPage\":{\"@id\":\"https:\\\/\\\/fuentesfidedignas.com.mx\\\/index.php\\\/2024\\\/05\\\/04\\\/fiscalia-de-bc-confirma-que-los-3-cuerpos-encontrados-si-son-de-los-surfistas-desaparecidos-en-ensenada\\\/\"},\"wordCount\":415,\"commentCount\":0,\"publisher\":{\"@id\":\"https:\\\/\\\/fuentesfidedignas.com.mx\\\/#organization\"},\"image\":{\"@id\":\"https:\\\/\\\/fuentesfidedignas.com.mx\\\/index.php\\\/2024\\\/05\\\/04\\\/fiscalia-de-bc-confirma-que-los-3-cuerpos-encontrados-si-son-de-los-surfistas-desaparecidos-en-ensenada\\\/#primaryimage\"},\"thumbnailUrl\":\"https:\\\/\\\/fuentesfidedignas.com.mx\\\/wp-content\\\/uploads\\\/2024\\\/05\\\/surfistas.jpeg\",\"articleSection\":[\"NOTICIAS NACIONALES\"],\"inLanguage\":\"es\",\"potentialAction\":[{\"@type\":\"CommentAction\",\"name\":\"Comment\",\"target\":[\"https:\\\/\\\/fuentesfidedignas.com.mx\\\/index.php\\\/2024\\\/05\\\/04\\\/fiscalia-de-bc-confirma-que-los-3-cuerpos-encontrados-si-son-de-los-surfistas-desaparecidos-en-ensenada\\\/#respond\"]}]},{\"@type\":\"WebPage\",\"@id\":\"https:\\\/\\\/fuentesfidedignas.com.mx\\\/index.php\\\/2024\\\/05\\\/04\\\/fiscalia-de-bc-confirma-que-los-3-cuerpos-encontrados-si-son-de-los-surfistas-desaparecidos-en-ensenada\\\/\",\"url\":\"https:\\\/\\\/fuentesfidedignas.com.mx\\\/index.php\\\/2024\\\/05\\\/04\\\/fiscalia-de-bc-confirma-que-los-3-cuerpos-encontrados-si-son-de-los-surfistas-desaparecidos-en-ensenada\\\/\",\"name\":\"Fiscal\u00eda de BC confirma que los 3 cuerpos encontrados s\u00ed son de los surfistas desaparecidos en Ensenada - Fuentes Fidedignas\",\"isPartOf\":{\"@id\":\"https:\\\/\\\/fuentesfidedignas.com.mx\\\/#website\"},\"primaryImageOfPage\":{\"@id\":\"https:\\\/\\\/fuentesfidedignas.com.mx\\\/index.php\\\/2024\\\/05\\\/04\\\/fiscalia-de-bc-confirma-que-los-3-cuerpos-encontrados-si-son-de-los-surfistas-desaparecidos-en-ensenada\\\/#primaryimage\"},\"image\":{\"@id\":\"https:\\\/\\\/fuentesfidedignas.com.mx\\\/index.php\\\/2024\\\/05\\\/04\\\/fiscalia-de-bc-confirma-que-los-3-cuerpos-encontrados-si-son-de-los-surfistas-desaparecidos-en-ensenada\\\/#primaryimage\"},\"thumbnailUrl\":\"https:\\\/\\\/fuentesfidedignas.com.mx\\\/wp-content\\\/uploads\\\/2024\\\/05\\\/surfistas.jpeg\",\"datePublished\":\"2024-05-04T18:55:51+00:00\",\"breadcrumb\":{\"@id\":\"https:\\\/\\\/fuentesfidedignas.com.mx\\\/index.php\\\/2024\\\/05\\\/04\\\/fiscalia-de-bc-confirma-que-los-3-cuerpos-encontrados-si-son-de-los-surfistas-desaparecidos-en-ensenada\\\/#breadcrumb\"},\"inLanguage\":\"es\",\"potentialAction\":[{\"@type\":\"ReadAction\",\"target\":[\"https:\\\/\\\/fuentesfidedignas.com.mx\\\/index.php\\\/2024\\\/05\\\/04\\\/fiscalia-de-bc-confirma-que-los-3-cuerpos-encontrados-si-son-de-los-surfistas-desaparecidos-en-ensenada\\\/\"]}]},{\"@type\":\"ImageObject\",\"inLanguage\":\"es\",\"@id\":\"https:\\\/\\\/fuentesfidedignas.com.mx\\\/index.php\\\/2024\\\/05\\\/04\\\/fiscalia-de-bc-confirma-que-los-3-cuerpos-encontrados-si-son-de-los-surfistas-desaparecidos-en-ensenada\\\/#primaryimage\",\"url\":\"https:\\\/\\\/fuentesfidedignas.com.mx\\\/wp-content\\\/uploads\\\/2024\\\/05\\\/surfistas.jpeg\",\"contentUrl\":\"https:\\\/\\\/fuentesfidedignas.com.mx\\\/wp-content\\\/uploads\\\/2024\\\/05\\\/surfistas.jpeg\",\"width\":768,\"height\":525},{\"@type\":\"BreadcrumbList\",\"@id\":\"https:\\\/\\\/fuentesfidedignas.com.mx\\\/index.php\\\/2024\\\/05\\\/04\\\/fiscalia-de-bc-confirma-que-los-3-cuerpos-encontrados-si-son-de-los-surfistas-desaparecidos-en-ensenada\\\/#breadcrumb\",\"itemListElement\":[{\"@type\":\"ListItem\",\"position\":1,\"name\":\"Inicio\",\"item\":\"https:\\\/\\\/fuentesfidedignas.com.mx\\\/\"},{\"@type\":\"ListItem\",\"position\":2,\"name\":\"Fiscal\u00eda de BC confirma que los 3 cuerpos encontrados s\u00ed son de los surfistas desaparecidos en Ensenada\"}]},{\"@type\":\"WebSite\",\"@id\":\"https:\\\/\\\/fuentesfidedignas.com.mx\\\/#website\",\"url\":\"https:\\\/\\\/fuentesfidedignas.com.mx\\\/\",\"name\":\"Fuentes Fidedignas\",\"description\":\"Otro sitio realizado con WordPress\",\"publisher\":{\"@id\":\"https:\\\/\\\/fuentesfidedignas.com.mx\\\/#organization\"},\"potentialAction\":[{\"@type\":\"SearchAction\",\"target\":{\"@type\":\"EntryPoint\",\"urlTemplate\":\"https:\\\/\\\/fuentesfidedignas.com.mx\\\/?s={search_term_string}\"},\"query-input\":{\"@type\":\"PropertyValueSpecification\",\"valueRequired\":true,\"valueName\":\"search_term_string\"}}],\"inLanguage\":\"es\"},{\"@type\":\"Organization\",\"@id\":\"https:\\\/\\\/fuentesfidedignas.com.mx\\\/#organization\",\"name\":\"Fuentes Fidedignas\",\"url\":\"https:\\\/\\\/fuentesfidedignas.com.mx\\\/\",\"logo\":{\"@type\":\"ImageObject\",\"inLanguage\":\"es\",\"@id\":\"https:\\\/\\\/fuentesfidedignas.com.mx\\\/#\\\/schema\\\/logo\\\/image\\\/\",\"url\":\"https:\\\/\\\/fuentesfidedignas.com.mx\\\/wp-content\\\/uploads\\\/2021\\\/04\\\/logo-retina.png\",\"contentUrl\":\"https:\\\/\\\/fuentesfidedignas.com.mx\\\/wp-content\\\/uploads\\\/2021\\\/04\\\/logo-retina.png\",\"width\":280,\"height\":51,\"caption\":\"Fuentes Fidedignas\"},\"image\":{\"@id\":\"https:\\\/\\\/fuentesfidedignas.com.mx\\\/#\\\/schema\\\/logo\\\/image\\\/\"},\"sameAs\":[\"https:\\\/\\\/www.facebook.com\\\/Fuentes-Fidedignas-368234489921644\",\"https:\\\/\\\/x.com\\\/fidedignas\"]},{\"@type\":\"Person\",\"@id\":\"https:\\\/\\\/fuentesfidedignas.com.mx\\\/#\\\/schema\\\/person\\\/962211ccdb39909743e44c36108bef56\",\"name\":\"MVS Noticias\",\"image\":{\"@type\":\"ImageObject\",\"inLanguage\":\"es\",\"@id\":\"https:\\\/\\\/secure.gravatar.com\\\/avatar\\\/ed24e5d7b55ed57d672d0f72a614f8a4a4d855d97c4650aff32da84059f60bdc?s=96&d=mm&r=g\",\"url\":\"https:\\\/\\\/secure.gravatar.com\\\/avatar\\\/ed24e5d7b55ed57d672d0f72a614f8a4a4d855d97c4650aff32da84059f60bdc?s=96&d=mm&r=g\",\"contentUrl\":\"https:\\\/\\\/secure.gravatar.com\\\/avatar\\\/ed24e5d7b55ed57d672d0f72a614f8a4a4d855d97c4650aff32da84059f60bdc?s=96&d=mm&r=g\",\"caption\":\"MVS Noticias\"},\"url\":\"https:\\\/\\\/fuentesfidedignas.com.mx\\\/index.php\\\/author\\\/mvs\\\/\"}]}<\/script>\n<!-- \/ Yoast SEO plugin. -->","yoast_head_json":{"title":"Fiscal\u00eda de BC confirma que los 3 cuerpos encontrados s\u00ed son de los surfistas desaparecidos en Ensenada - Fuentes Fidedignas","robots":{"index":"index","follow":"follow","max-snippet":"max-snippet:-1","max-image-preview":"max-image-preview:large","max-video-preview":"max-video-preview:-1"},"canonical":"https:\/\/fuentesfidedignas.com.mx\/index.php\/2024\/05\/04\/fiscalia-de-bc-confirma-que-los-3-cuerpos-encontrados-si-son-de-los-surfistas-desaparecidos-en-ensenada\/","og_locale":"es_MX","og_type":"article","og_title":"Fiscal\u00eda de BC confirma que los 3 cuerpos encontrados s\u00ed son de los surfistas desaparecidos en Ensenada - Fuentes Fidedignas","og_description":"Los extranjeros llegaron el pasado viernes, 26 de abril, a la playa de Punta San Jos\u00e9, en el estado de Baja California, para practicar surf. La titular de la Fiscal\u00eda General del Estado (FGE) de Baja California, Mar\u00eda Elena Andrade Ram\u00edrez ha confirmado que los 3 cuerpos encontrados en un pozo de Ensenada, s\u00ed corresponden [&hellip;]","og_url":"https:\/\/fuentesfidedignas.com.mx\/index.php\/2024\/05\/04\/fiscalia-de-bc-confirma-que-los-3-cuerpos-encontrados-si-son-de-los-surfistas-desaparecidos-en-ensenada\/","og_site_name":"Fuentes Fidedignas","article_publisher":"https:\/\/www.facebook.com\/Fuentes-Fidedignas-368234489921644","article_published_time":"2024-05-04T18:55:51+00:00","og_image":[{"width":768,"height":525,"url":"https:\/\/fuentesfidedignas.com.mx\/wp-content\/uploads\/2024\/05\/surfistas.jpeg","type":"image\/jpeg"}],"author":"MVS Noticias","twitter_card":"summary_large_image","twitter_creator":"@fidedignas","twitter_site":"@fidedignas","twitter_misc":{"Escrito por":"MVS Noticias","Tiempo de lectura":"2 minutos"},"schema":{"@context":"https:\/\/schema.org","@graph":[{"@type":"Article","@id":"https:\/\/fuentesfidedignas.com.mx\/index.php\/2024\/05\/04\/fiscalia-de-bc-confirma-que-los-3-cuerpos-encontrados-si-son-de-los-surfistas-desaparecidos-en-ensenada\/#article","isPartOf":{"@id":"https:\/\/fuentesfidedignas.com.mx\/index.php\/2024\/05\/04\/fiscalia-de-bc-confirma-que-los-3-cuerpos-encontrados-si-son-de-los-surfistas-desaparecidos-en-ensenada\/"},"author":{"name":"MVS Noticias","@id":"https:\/\/fuentesfidedignas.com.mx\/#\/schema\/person\/962211ccdb39909743e44c36108bef56"},"headline":"Fiscal\u00eda de BC confirma que los 3 cuerpos encontrados s\u00ed son de los surfistas desaparecidos en Ensenada","datePublished":"2024-05-04T18:55:51+00:00","mainEntityOfPage":{"@id":"https:\/\/fuentesfidedignas.com.mx\/index.php\/2024\/05\/04\/fiscalia-de-bc-confirma-que-los-3-cuerpos-encontrados-si-son-de-los-surfistas-desaparecidos-en-ensenada\/"},"wordCount":415,"commentCount":0,"publisher":{"@id":"https:\/\/fuentesfidedignas.com.mx\/#organization"},"image":{"@id":"https:\/\/fuentesfidedignas.com.mx\/index.php\/2024\/05\/04\/fiscalia-de-bc-confirma-que-los-3-cuerpos-encontrados-si-son-de-los-surfistas-desaparecidos-en-ensenada\/#primaryimage"},"thumbnailUrl":"https:\/\/fuentesfidedignas.com.mx\/wp-content\/uploads\/2024\/05\/surfistas.jpeg","articleSection":["NOTICIAS NACIONALES"],"inLanguage":"es","potentialAction":[{"@type":"CommentAction","name":"Comment","target":["https:\/\/fuentesfidedignas.com.mx\/index.php\/2024\/05\/04\/fiscalia-de-bc-confirma-que-los-3-cuerpos-encontrados-si-son-de-los-surfistas-desaparecidos-en-ensenada\/#respond"]}]},{"@type":"WebPage","@id":"https:\/\/fuentesfidedignas.com.mx\/index.php\/2024\/05\/04\/fiscalia-de-bc-confirma-que-los-3-cuerpos-encontrados-si-son-de-los-surfistas-desaparecidos-en-ensenada\/","url":"https:\/\/fuentesfidedignas.com.mx\/index.php\/2024\/05\/04\/fiscalia-de-bc-confirma-que-los-3-cuerpos-encontrados-si-son-de-los-surfistas-desaparecidos-en-ensenada\/","name":"Fiscal\u00eda de BC confirma que los 3 cuerpos encontrados s\u00ed son de los surfistas desaparecidos en Ensenada - Fuentes Fidedignas","isPartOf":{"@id":"https:\/\/fuentesfidedignas.com.mx\/#website"},"primaryImageOfPage":{"@id":"https:\/\/fuentesfidedignas.com.mx\/index.php\/2024\/05\/04\/fiscalia-de-bc-confirma-que-los-3-cuerpos-encontrados-si-son-de-los-surfistas-desaparecidos-en-ensenada\/#primaryimage"},"image":{"@id":"https:\/\/fuentesfidedignas.com.mx\/index.php\/2024\/05\/04\/fiscalia-de-bc-confirma-que-los-3-cuerpos-encontrados-si-son-de-los-surfistas-desaparecidos-en-ensenada\/#primaryimage"},"thumbnailUrl":"https:\/\/fuentesfidedignas.com.mx\/wp-content\/uploads\/2024\/05\/surfistas.jpeg","datePublished":"2024-05-04T18:55:51+00:00","breadcrumb":{"@id":"https:\/\/fuentesfidedignas.com.mx\/index.php\/2024\/05\/04\/fiscalia-de-bc-confirma-que-los-3-cuerpos-encontrados-si-son-de-los-surfistas-desaparecidos-en-ensenada\/#breadcrumb"},"inLanguage":"es","potentialAction":[{"@type":"ReadAction","target":["https:\/\/fuentesfidedignas.com.mx\/index.php\/2024\/05\/04\/fiscalia-de-bc-confirma-que-los-3-cuerpos-encontrados-si-son-de-los-surfistas-desaparecidos-en-ensenada\/"]}]},{"@type":"ImageObject","inLanguage":"es","@id":"https:\/\/fuentesfidedignas.com.mx\/index.php\/2024\/05\/04\/fiscalia-de-bc-confirma-que-los-3-cuerpos-encontrados-si-son-de-los-surfistas-desaparecidos-en-ensenada\/#primaryimage","url":"https:\/\/fuentesfidedignas.com.mx\/wp-content\/uploads\/2024\/05\/surfistas.jpeg","contentUrl":"https:\/\/fuentesfidedignas.com.mx\/wp-content\/uploads\/2024\/05\/surfistas.jpeg","width":768,"height":525},{"@type":"BreadcrumbList","@id":"https:\/\/fuentesfidedignas.com.mx\/index.php\/2024\/05\/04\/fiscalia-de-bc-confirma-que-los-3-cuerpos-encontrados-si-son-de-los-surfistas-desaparecidos-en-ensenada\/#breadcrumb","itemListElement":[{"@type":"ListItem","position":1,"name":"Inicio","item":"https:\/\/fuentesfidedignas.com.mx\/"},{"@type":"ListItem","position":2,"name":"Fiscal\u00eda de BC confirma que los 3 cuerpos encontrados s\u00ed son de los surfistas desaparecidos en Ensenada"}]},{"@type":"WebSite","@id":"https:\/\/fuentesfidedignas.com.mx\/#website","url":"https:\/\/fuentesfidedignas.com.mx\/","name":"Fuentes Fidedignas","description":"Otro sitio realizado con WordPress","publisher":{"@id":"https:\/\/fuentesfidedignas.com.mx\/#organization"},"potentialAction":[{"@type":"SearchAction","target":{"@type":"EntryPoint","urlTemplate":"https:\/\/fuentesfidedignas.com.mx\/?s={search_term_string}"},"query-input":{"@type":"PropertyValueSpecification","valueRequired":true,"valueName":"search_term_string"}}],"inLanguage":"es"},{"@type":"Organization","@id":"https:\/\/fuentesfidedignas.com.mx\/#organization","name":"Fuentes Fidedignas","url":"https:\/\/fuentesfidedignas.com.mx\/","logo":{"@type":"ImageObject","inLanguage":"es","@id":"https:\/\/fuentesfidedignas.com.mx\/#\/schema\/logo\/image\/","url":"https:\/\/fuentesfidedignas.com.mx\/wp-content\/uploads\/2021\/04\/logo-retina.png","contentUrl":"https:\/\/fuentesfidedignas.com.mx\/wp-content\/uploads\/2021\/04\/logo-retina.png","width":280,"height":51,"caption":"Fuentes Fidedignas"},"image":{"@id":"https:\/\/fuentesfidedignas.com.mx\/#\/schema\/logo\/image\/"},"sameAs":["https:\/\/www.facebook.com\/Fuentes-Fidedignas-368234489921644","https:\/\/x.com\/fidedignas"]},{"@type":"Person","@id":"https:\/\/fuentesfidedignas.com.mx\/#\/schema\/person\/962211ccdb39909743e44c36108bef56","name":"MVS Noticias","image":{"@type":"ImageObject","inLanguage":"es","@id":"https:\/\/secure.gravatar.com\/avatar\/ed24e5d7b55ed57d672d0f72a614f8a4a4d855d97c4650aff32da84059f60bdc?s=96&d=mm&r=g","url":"https:\/\/secure.gravatar.com\/avatar\/ed24e5d7b55ed57d672d0f72a614f8a4a4d855d97c4650aff32da84059f60bdc?s=96&d=mm&r=g","contentUrl":"https:\/\/secure.gravatar.com\/avatar\/ed24e5d7b55ed57d672d0f72a614f8a4a4d855d97c4650aff32da84059f60bdc?s=96&d=mm&r=g","caption":"MVS Noticias"},"url":"https:\/\/fuentesfidedignas.com.mx\/index.php\/author\/mvs\/"}]}},"_links":{"self":[{"href":"https:\/\/fuentesfidedignas.com.mx\/index.php\/wp-json\/wp\/v2\/posts\/80852","targetHints":{"allow":["GET"]}}],"collection":[{"href":"https:\/\/fuentesfidedignas.com.mx\/index.php\/wp-json\/wp\/v2\/posts"}],"about":[{"href":"https:\/\/fuentesfidedignas.com.mx\/index.php\/wp-json\/wp\/v2\/types\/post"}],"author":[{"embeddable":true,"href":"https:\/\/fuentesfidedignas.com.mx\/index.php\/wp-json\/wp\/v2\/users\/122"}],"replies":[{"embeddable":true,"href":"https:\/\/fuentesfidedignas.com.mx\/index.php\/wp-json\/wp\/v2\/comments?post=80852"}],"version-history":[{"count":1,"href":"https:\/\/fuentesfidedignas.com.mx\/index.php\/wp-json\/wp\/v2\/posts\/80852\/revisions"}],"predecessor-version":[{"id":80854,"href":"https:\/\/fuentesfidedignas.com.mx\/index.php\/wp-json\/wp\/v2\/posts\/80852\/revisions\/80854"}],"wp:featuredmedia":[{"embeddable":true,"href":"https:\/\/fuentesfidedignas.com.mx\/index.php\/wp-json\/wp\/v2\/media\/80853"}],"wp:attachment":[{"href":"https:\/\/fuentesfidedignas.com.mx\/index.php\/wp-json\/wp\/v2\/media?parent=80852"}],"wp:term":[{"taxonomy":"category","embeddable":true,"href":"https:\/\/fuentesfidedignas.com.mx\/index.php\/wp-json\/wp\/v2\/categories?post=80852"},{"taxonomy":"post_tag","embeddable":true,"href":"https:\/\/fuentesfidedignas.com.mx\/index.php\/wp-json\/wp\/v2\/tags?post=80852"}],"curies":[{"name":"wp","href":"https:\/\/api.w.org\/{rel}","templated":true}]}}