{"id":80764,"date":"2024-05-03T07:09:06","date_gmt":"2024-05-03T14:09:06","guid":{"rendered":"https:\/\/fuentesfidedignas.com.mx\/?p=80764"},"modified":"2024-05-03T09:24:48","modified_gmt":"2024-05-03T16:24:48","slug":"julio-urias-no-pisara-la-carcel-en-ee-uu-pero-tendra-libertad-condicional-de-36-meses","status":"publish","type":"post","link":"https:\/\/fuentesfidedignas.com.mx\/index.php\/2024\/05\/03\/julio-urias-no-pisara-la-carcel-en-ee-uu-pero-tendra-libertad-condicional-de-36-meses\/","title":{"rendered":"Julio Ur\u00edas no pisar\u00e1 la c\u00e1rcel en EU, pero tendr\u00e1 libertad condicional de 36 meses"},"content":{"rendered":"\n<p><strong><em>Quien fuera exlanzador de los Dodgers, deber\u00e1 cumplir 36 meses de libertad condicional en los Estados Unidos<\/em><\/strong><\/p>\n\n\n\n<p>El pitcher mexicano Julio Ur\u00edas lleg\u00f3 a un acuerdo para no pisar la c\u00e1rcel en EE.UU., pero deber\u00e1 cumplir 36 meses de libertad condicional tras un incidente de violencia dom\u00e9stica.<\/p>\n\n\n\n<p>El periodista de TUDN, Daniel Schvartzman, apunt\u00f3 que el mexicano no disput\u00f3 uno de los cinco cargos menores que recibi\u00f3 a consecuencia del incidente que tuvo con su esposa.<\/p>\n\n\n\n<p>Adem\u00e1s, Ur\u00edas deber\u00e1 cumplir tambi\u00e9n 30 d\u00edas de trabajo comunitario, y otras medidas cautelares dictada por la autoridad.<\/p>\n\n\n\n<p>\u201cUr\u00edas fue puesto en 36 meses de libertad condicional sumaria y se le orden\u00f3 completar 30 d\u00edas de trabajo comunitario, un curso de asesoramiento sobre violencia dom\u00e9stica de 52 semanas, pagar una tarifa al fondo de violencia dom\u00e9stica, no poseer armas, no usar fuerza ni violencia, pagar restituci\u00f3n a la v\u00edctima y cumplir con una orden de protecci\u00f3n\u201d, indic\u00f3.<\/p>\n\n\n\n<p>El lanzador mexicano tambi\u00e9n deber\u00e1 deber\u00e1 pagar una multa, cuya cantidad hasta el momento no ha sido especificada.<\/p>\n\n\n\n<p>En septiembre de 2023, Ur\u00edas fue detenido por violencia dom\u00e9stica en Los \u00c1ngeles, Estados Unidos, hecho que le impidi\u00f3 no continuar con su equipo en Grandes Ligas, los Dodgers.<\/p>\n","protected":false},"excerpt":{"rendered":"<p>Quien fuera exlanzador de los Dodgers, deber\u00e1 cumplir 36 meses de libertad condicional en los Estados Unidos El pitcher mexicano Julio Ur\u00edas lleg\u00f3 a un acuerdo para no pisar la c\u00e1rcel en EE.UU., pero deber\u00e1 cumplir 36 meses de libertad condicional tras un incidente de violencia dom\u00e9stica. El periodista de TUDN, Daniel Schvartzman, apunt\u00f3 que [&hellip;]<\/p>\n","protected":false},"author":145,"featured_media":58973,"comment_status":"open","ping_status":"open","sticky":false,"template":"","format":"standard","meta":{"tdm_status":"","tdm_grid_status":"","footnotes":""},"categories":[39],"tags":[],"class_list":{"0":"post-80764","1":"post","2":"type-post","3":"status-publish","4":"format-standard","5":"has-post-thumbnail","7":"category-noticias-nacionales"},"yoast_head":"<!-- This site is optimized with the Yoast SEO plugin v27.4 - https:\/\/yoast.com\/product\/yoast-seo-wordpress\/ -->\n<title>Julio Ur\u00edas no pisar\u00e1 la c\u00e1rcel en EU, pero tendr\u00e1 libertad condicional de 36 meses - Fuentes Fidedignas<\/title>\n<meta name=\"robots\" content=\"index, follow, max-snippet:-1, max-image-preview:large, max-video-preview:-1\" \/>\n<link rel=\"canonical\" href=\"https:\/\/fuentesfidedignas.com.mx\/index.php\/2024\/05\/03\/julio-urias-no-pisara-la-carcel-en-ee-uu-pero-tendra-libertad-condicional-de-36-meses\/\" \/>\n<meta property=\"og:locale\" content=\"es_MX\" \/>\n<meta property=\"og:type\" content=\"article\" \/>\n<meta property=\"og:title\" content=\"Julio Ur\u00edas no pisar\u00e1 la c\u00e1rcel en EU, pero tendr\u00e1 libertad condicional de 36 meses - Fuentes Fidedignas\" \/>\n<meta property=\"og:description\" content=\"Quien fuera exlanzador de los Dodgers, deber\u00e1 cumplir 36 meses de libertad condicional en los Estados Unidos El pitcher mexicano Julio Ur\u00edas lleg\u00f3 a un acuerdo para no pisar la c\u00e1rcel en EE.UU., pero deber\u00e1 cumplir 36 meses de libertad condicional tras un incidente de violencia dom\u00e9stica. El periodista de TUDN, Daniel Schvartzman, apunt\u00f3 que [&hellip;]\" \/>\n<meta property=\"og:url\" content=\"https:\/\/fuentesfidedignas.com.mx\/index.php\/2024\/05\/03\/julio-urias-no-pisara-la-carcel-en-ee-uu-pero-tendra-libertad-condicional-de-36-meses\/\" \/>\n<meta property=\"og:site_name\" content=\"Fuentes Fidedignas\" \/>\n<meta property=\"article:publisher\" content=\"https:\/\/www.facebook.com\/Fuentes-Fidedignas-368234489921644\" \/>\n<meta property=\"article:published_time\" content=\"2024-05-03T14:09:06+00:00\" \/>\n<meta property=\"article:modified_time\" content=\"2024-05-03T16:24:48+00:00\" \/>\n<meta property=\"og:image\" content=\"https:\/\/fuentesfidedignas.com.mx\/wp-content\/uploads\/2023\/09\/julio-urias-afp-1.jpg\" \/>\n\t<meta property=\"og:image:width\" content=\"1200\" \/>\n\t<meta property=\"og:image:height\" content=\"750\" \/>\n\t<meta property=\"og:image:type\" content=\"image\/jpeg\" \/>\n<meta name=\"author\" content=\"TUDN\" \/>\n<meta name=\"twitter:card\" content=\"summary_large_image\" \/>\n<meta name=\"twitter:creator\" content=\"@fidedignas\" \/>\n<meta name=\"twitter:site\" content=\"@fidedignas\" \/>\n<meta name=\"twitter:label1\" content=\"Escrito por\" \/>\n\t<meta name=\"twitter:data1\" content=\"TUDN\" \/>\n\t<meta name=\"twitter:label2\" content=\"Tiempo de lectura\" \/>\n\t<meta name=\"twitter:data2\" content=\"1 minuto\" \/>\n<script type=\"application\/ld+json\" class=\"yoast-schema-graph\">{\"@context\":\"https:\\\/\\\/schema.org\",\"@graph\":[{\"@type\":\"Article\",\"@id\":\"https:\\\/\\\/fuentesfidedignas.com.mx\\\/index.php\\\/2024\\\/05\\\/03\\\/julio-urias-no-pisara-la-carcel-en-ee-uu-pero-tendra-libertad-condicional-de-36-meses\\\/#article\",\"isPartOf\":{\"@id\":\"https:\\\/\\\/fuentesfidedignas.com.mx\\\/index.php\\\/2024\\\/05\\\/03\\\/julio-urias-no-pisara-la-carcel-en-ee-uu-pero-tendra-libertad-condicional-de-36-meses\\\/\"},\"author\":{\"name\":\"TUDN\",\"@id\":\"https:\\\/\\\/fuentesfidedignas.com.mx\\\/#\\\/schema\\\/person\\\/b8545f82681343a009e25862ea06aa4f\"},\"headline\":\"Julio Ur\u00edas no pisar\u00e1 la c\u00e1rcel en EU, pero tendr\u00e1 libertad condicional de 36 meses\",\"datePublished\":\"2024-05-03T14:09:06+00:00\",\"dateModified\":\"2024-05-03T16:24:48+00:00\",\"mainEntityOfPage\":{\"@id\":\"https:\\\/\\\/fuentesfidedignas.com.mx\\\/index.php\\\/2024\\\/05\\\/03\\\/julio-urias-no-pisara-la-carcel-en-ee-uu-pero-tendra-libertad-condicional-de-36-meses\\\/\"},\"wordCount\":227,\"commentCount\":0,\"publisher\":{\"@id\":\"https:\\\/\\\/fuentesfidedignas.com.mx\\\/#organization\"},\"image\":{\"@id\":\"https:\\\/\\\/fuentesfidedignas.com.mx\\\/index.php\\\/2024\\\/05\\\/03\\\/julio-urias-no-pisara-la-carcel-en-ee-uu-pero-tendra-libertad-condicional-de-36-meses\\\/#primaryimage\"},\"thumbnailUrl\":\"https:\\\/\\\/fuentesfidedignas.com.mx\\\/wp-content\\\/uploads\\\/2023\\\/09\\\/julio-urias-afp-1.jpg\",\"articleSection\":[\"NOTICIAS NACIONALES\"],\"inLanguage\":\"es\",\"potentialAction\":[{\"@type\":\"CommentAction\",\"name\":\"Comment\",\"target\":[\"https:\\\/\\\/fuentesfidedignas.com.mx\\\/index.php\\\/2024\\\/05\\\/03\\\/julio-urias-no-pisara-la-carcel-en-ee-uu-pero-tendra-libertad-condicional-de-36-meses\\\/#respond\"]}]},{\"@type\":\"WebPage\",\"@id\":\"https:\\\/\\\/fuentesfidedignas.com.mx\\\/index.php\\\/2024\\\/05\\\/03\\\/julio-urias-no-pisara-la-carcel-en-ee-uu-pero-tendra-libertad-condicional-de-36-meses\\\/\",\"url\":\"https:\\\/\\\/fuentesfidedignas.com.mx\\\/index.php\\\/2024\\\/05\\\/03\\\/julio-urias-no-pisara-la-carcel-en-ee-uu-pero-tendra-libertad-condicional-de-36-meses\\\/\",\"name\":\"Julio Ur\u00edas no pisar\u00e1 la c\u00e1rcel en EU, pero tendr\u00e1 libertad condicional de 36 meses - Fuentes Fidedignas\",\"isPartOf\":{\"@id\":\"https:\\\/\\\/fuentesfidedignas.com.mx\\\/#website\"},\"primaryImageOfPage\":{\"@id\":\"https:\\\/\\\/fuentesfidedignas.com.mx\\\/index.php\\\/2024\\\/05\\\/03\\\/julio-urias-no-pisara-la-carcel-en-ee-uu-pero-tendra-libertad-condicional-de-36-meses\\\/#primaryimage\"},\"image\":{\"@id\":\"https:\\\/\\\/fuentesfidedignas.com.mx\\\/index.php\\\/2024\\\/05\\\/03\\\/julio-urias-no-pisara-la-carcel-en-ee-uu-pero-tendra-libertad-condicional-de-36-meses\\\/#primaryimage\"},\"thumbnailUrl\":\"https:\\\/\\\/fuentesfidedignas.com.mx\\\/wp-content\\\/uploads\\\/2023\\\/09\\\/julio-urias-afp-1.jpg\",\"datePublished\":\"2024-05-03T14:09:06+00:00\",\"dateModified\":\"2024-05-03T16:24:48+00:00\",\"breadcrumb\":{\"@id\":\"https:\\\/\\\/fuentesfidedignas.com.mx\\\/index.php\\\/2024\\\/05\\\/03\\\/julio-urias-no-pisara-la-carcel-en-ee-uu-pero-tendra-libertad-condicional-de-36-meses\\\/#breadcrumb\"},\"inLanguage\":\"es\",\"potentialAction\":[{\"@type\":\"ReadAction\",\"target\":[\"https:\\\/\\\/fuentesfidedignas.com.mx\\\/index.php\\\/2024\\\/05\\\/03\\\/julio-urias-no-pisara-la-carcel-en-ee-uu-pero-tendra-libertad-condicional-de-36-meses\\\/\"]}]},{\"@type\":\"ImageObject\",\"inLanguage\":\"es\",\"@id\":\"https:\\\/\\\/fuentesfidedignas.com.mx\\\/index.php\\\/2024\\\/05\\\/03\\\/julio-urias-no-pisara-la-carcel-en-ee-uu-pero-tendra-libertad-condicional-de-36-meses\\\/#primaryimage\",\"url\":\"https:\\\/\\\/fuentesfidedignas.com.mx\\\/wp-content\\\/uploads\\\/2023\\\/09\\\/julio-urias-afp-1.jpg\",\"contentUrl\":\"https:\\\/\\\/fuentesfidedignas.com.mx\\\/wp-content\\\/uploads\\\/2023\\\/09\\\/julio-urias-afp-1.jpg\",\"width\":1200,\"height\":750},{\"@type\":\"BreadcrumbList\",\"@id\":\"https:\\\/\\\/fuentesfidedignas.com.mx\\\/index.php\\\/2024\\\/05\\\/03\\\/julio-urias-no-pisara-la-carcel-en-ee-uu-pero-tendra-libertad-condicional-de-36-meses\\\/#breadcrumb\",\"itemListElement\":[{\"@type\":\"ListItem\",\"position\":1,\"name\":\"Inicio\",\"item\":\"https:\\\/\\\/fuentesfidedignas.com.mx\\\/\"},{\"@type\":\"ListItem\",\"position\":2,\"name\":\"Julio Ur\u00edas no pisar\u00e1 la c\u00e1rcel en EU, pero tendr\u00e1 libertad condicional de 36 meses\"}]},{\"@type\":\"WebSite\",\"@id\":\"https:\\\/\\\/fuentesfidedignas.com.mx\\\/#website\",\"url\":\"https:\\\/\\\/fuentesfidedignas.com.mx\\\/\",\"name\":\"Fuentes Fidedignas\",\"description\":\"Otro sitio realizado con WordPress\",\"publisher\":{\"@id\":\"https:\\\/\\\/fuentesfidedignas.com.mx\\\/#organization\"},\"potentialAction\":[{\"@type\":\"SearchAction\",\"target\":{\"@type\":\"EntryPoint\",\"urlTemplate\":\"https:\\\/\\\/fuentesfidedignas.com.mx\\\/?s={search_term_string}\"},\"query-input\":{\"@type\":\"PropertyValueSpecification\",\"valueRequired\":true,\"valueName\":\"search_term_string\"}}],\"inLanguage\":\"es\"},{\"@type\":\"Organization\",\"@id\":\"https:\\\/\\\/fuentesfidedignas.com.mx\\\/#organization\",\"name\":\"Fuentes Fidedignas\",\"url\":\"https:\\\/\\\/fuentesfidedignas.com.mx\\\/\",\"logo\":{\"@type\":\"ImageObject\",\"inLanguage\":\"es\",\"@id\":\"https:\\\/\\\/fuentesfidedignas.com.mx\\\/#\\\/schema\\\/logo\\\/image\\\/\",\"url\":\"https:\\\/\\\/fuentesfidedignas.com.mx\\\/wp-content\\\/uploads\\\/2021\\\/04\\\/logo-retina.png\",\"contentUrl\":\"https:\\\/\\\/fuentesfidedignas.com.mx\\\/wp-content\\\/uploads\\\/2021\\\/04\\\/logo-retina.png\",\"width\":280,\"height\":51,\"caption\":\"Fuentes Fidedignas\"},\"image\":{\"@id\":\"https:\\\/\\\/fuentesfidedignas.com.mx\\\/#\\\/schema\\\/logo\\\/image\\\/\"},\"sameAs\":[\"https:\\\/\\\/www.facebook.com\\\/Fuentes-Fidedignas-368234489921644\",\"https:\\\/\\\/x.com\\\/fidedignas\"]},{\"@type\":\"Person\",\"@id\":\"https:\\\/\\\/fuentesfidedignas.com.mx\\\/#\\\/schema\\\/person\\\/b8545f82681343a009e25862ea06aa4f\",\"name\":\"TUDN\",\"image\":{\"@type\":\"ImageObject\",\"inLanguage\":\"es\",\"@id\":\"https:\\\/\\\/secure.gravatar.com\\\/avatar\\\/b6c825555643f86673e440172f4f4e26c8b3afd3df6acd494b24a068b88bd03f?s=96&d=mm&r=g\",\"url\":\"https:\\\/\\\/secure.gravatar.com\\\/avatar\\\/b6c825555643f86673e440172f4f4e26c8b3afd3df6acd494b24a068b88bd03f?s=96&d=mm&r=g\",\"contentUrl\":\"https:\\\/\\\/secure.gravatar.com\\\/avatar\\\/b6c825555643f86673e440172f4f4e26c8b3afd3df6acd494b24a068b88bd03f?s=96&d=mm&r=g\",\"caption\":\"TUDN\"},\"url\":\"https:\\\/\\\/fuentesfidedignas.com.mx\\\/index.php\\\/author\\\/tudn\\\/\"}]}<\/script>\n<!-- \/ Yoast SEO plugin. -->","yoast_head_json":{"title":"Julio Ur\u00edas no pisar\u00e1 la c\u00e1rcel en EU, pero tendr\u00e1 libertad condicional de 36 meses - Fuentes Fidedignas","robots":{"index":"index","follow":"follow","max-snippet":"max-snippet:-1","max-image-preview":"max-image-preview:large","max-video-preview":"max-video-preview:-1"},"canonical":"https:\/\/fuentesfidedignas.com.mx\/index.php\/2024\/05\/03\/julio-urias-no-pisara-la-carcel-en-ee-uu-pero-tendra-libertad-condicional-de-36-meses\/","og_locale":"es_MX","og_type":"article","og_title":"Julio Ur\u00edas no pisar\u00e1 la c\u00e1rcel en EU, pero tendr\u00e1 libertad condicional de 36 meses - Fuentes Fidedignas","og_description":"Quien fuera exlanzador de los Dodgers, deber\u00e1 cumplir 36 meses de libertad condicional en los Estados Unidos El pitcher mexicano Julio Ur\u00edas lleg\u00f3 a un acuerdo para no pisar la c\u00e1rcel en EE.UU., pero deber\u00e1 cumplir 36 meses de libertad condicional tras un incidente de violencia dom\u00e9stica. El periodista de TUDN, Daniel Schvartzman, apunt\u00f3 que [&hellip;]","og_url":"https:\/\/fuentesfidedignas.com.mx\/index.php\/2024\/05\/03\/julio-urias-no-pisara-la-carcel-en-ee-uu-pero-tendra-libertad-condicional-de-36-meses\/","og_site_name":"Fuentes Fidedignas","article_publisher":"https:\/\/www.facebook.com\/Fuentes-Fidedignas-368234489921644","article_published_time":"2024-05-03T14:09:06+00:00","article_modified_time":"2024-05-03T16:24:48+00:00","og_image":[{"width":1200,"height":750,"url":"https:\/\/fuentesfidedignas.com.mx\/wp-content\/uploads\/2023\/09\/julio-urias-afp-1.jpg","type":"image\/jpeg"}],"author":"TUDN","twitter_card":"summary_large_image","twitter_creator":"@fidedignas","twitter_site":"@fidedignas","twitter_misc":{"Escrito por":"TUDN","Tiempo de lectura":"1 minuto"},"schema":{"@context":"https:\/\/schema.org","@graph":[{"@type":"Article","@id":"https:\/\/fuentesfidedignas.com.mx\/index.php\/2024\/05\/03\/julio-urias-no-pisara-la-carcel-en-ee-uu-pero-tendra-libertad-condicional-de-36-meses\/#article","isPartOf":{"@id":"https:\/\/fuentesfidedignas.com.mx\/index.php\/2024\/05\/03\/julio-urias-no-pisara-la-carcel-en-ee-uu-pero-tendra-libertad-condicional-de-36-meses\/"},"author":{"name":"TUDN","@id":"https:\/\/fuentesfidedignas.com.mx\/#\/schema\/person\/b8545f82681343a009e25862ea06aa4f"},"headline":"Julio Ur\u00edas no pisar\u00e1 la c\u00e1rcel en EU, pero tendr\u00e1 libertad condicional de 36 meses","datePublished":"2024-05-03T14:09:06+00:00","dateModified":"2024-05-03T16:24:48+00:00","mainEntityOfPage":{"@id":"https:\/\/fuentesfidedignas.com.mx\/index.php\/2024\/05\/03\/julio-urias-no-pisara-la-carcel-en-ee-uu-pero-tendra-libertad-condicional-de-36-meses\/"},"wordCount":227,"commentCount":0,"publisher":{"@id":"https:\/\/fuentesfidedignas.com.mx\/#organization"},"image":{"@id":"https:\/\/fuentesfidedignas.com.mx\/index.php\/2024\/05\/03\/julio-urias-no-pisara-la-carcel-en-ee-uu-pero-tendra-libertad-condicional-de-36-meses\/#primaryimage"},"thumbnailUrl":"https:\/\/fuentesfidedignas.com.mx\/wp-content\/uploads\/2023\/09\/julio-urias-afp-1.jpg","articleSection":["NOTICIAS NACIONALES"],"inLanguage":"es","potentialAction":[{"@type":"CommentAction","name":"Comment","target":["https:\/\/fuentesfidedignas.com.mx\/index.php\/2024\/05\/03\/julio-urias-no-pisara-la-carcel-en-ee-uu-pero-tendra-libertad-condicional-de-36-meses\/#respond"]}]},{"@type":"WebPage","@id":"https:\/\/fuentesfidedignas.com.mx\/index.php\/2024\/05\/03\/julio-urias-no-pisara-la-carcel-en-ee-uu-pero-tendra-libertad-condicional-de-36-meses\/","url":"https:\/\/fuentesfidedignas.com.mx\/index.php\/2024\/05\/03\/julio-urias-no-pisara-la-carcel-en-ee-uu-pero-tendra-libertad-condicional-de-36-meses\/","name":"Julio Ur\u00edas no pisar\u00e1 la c\u00e1rcel en EU, pero tendr\u00e1 libertad condicional de 36 meses - Fuentes Fidedignas","isPartOf":{"@id":"https:\/\/fuentesfidedignas.com.mx\/#website"},"primaryImageOfPage":{"@id":"https:\/\/fuentesfidedignas.com.mx\/index.php\/2024\/05\/03\/julio-urias-no-pisara-la-carcel-en-ee-uu-pero-tendra-libertad-condicional-de-36-meses\/#primaryimage"},"image":{"@id":"https:\/\/fuentesfidedignas.com.mx\/index.php\/2024\/05\/03\/julio-urias-no-pisara-la-carcel-en-ee-uu-pero-tendra-libertad-condicional-de-36-meses\/#primaryimage"},"thumbnailUrl":"https:\/\/fuentesfidedignas.com.mx\/wp-content\/uploads\/2023\/09\/julio-urias-afp-1.jpg","datePublished":"2024-05-03T14:09:06+00:00","dateModified":"2024-05-03T16:24:48+00:00","breadcrumb":{"@id":"https:\/\/fuentesfidedignas.com.mx\/index.php\/2024\/05\/03\/julio-urias-no-pisara-la-carcel-en-ee-uu-pero-tendra-libertad-condicional-de-36-meses\/#breadcrumb"},"inLanguage":"es","potentialAction":[{"@type":"ReadAction","target":["https:\/\/fuentesfidedignas.com.mx\/index.php\/2024\/05\/03\/julio-urias-no-pisara-la-carcel-en-ee-uu-pero-tendra-libertad-condicional-de-36-meses\/"]}]},{"@type":"ImageObject","inLanguage":"es","@id":"https:\/\/fuentesfidedignas.com.mx\/index.php\/2024\/05\/03\/julio-urias-no-pisara-la-carcel-en-ee-uu-pero-tendra-libertad-condicional-de-36-meses\/#primaryimage","url":"https:\/\/fuentesfidedignas.com.mx\/wp-content\/uploads\/2023\/09\/julio-urias-afp-1.jpg","contentUrl":"https:\/\/fuentesfidedignas.com.mx\/wp-content\/uploads\/2023\/09\/julio-urias-afp-1.jpg","width":1200,"height":750},{"@type":"BreadcrumbList","@id":"https:\/\/fuentesfidedignas.com.mx\/index.php\/2024\/05\/03\/julio-urias-no-pisara-la-carcel-en-ee-uu-pero-tendra-libertad-condicional-de-36-meses\/#breadcrumb","itemListElement":[{"@type":"ListItem","position":1,"name":"Inicio","item":"https:\/\/fuentesfidedignas.com.mx\/"},{"@type":"ListItem","position":2,"name":"Julio Ur\u00edas no pisar\u00e1 la c\u00e1rcel en EU, pero tendr\u00e1 libertad condicional de 36 meses"}]},{"@type":"WebSite","@id":"https:\/\/fuentesfidedignas.com.mx\/#website","url":"https:\/\/fuentesfidedignas.com.mx\/","name":"Fuentes Fidedignas","description":"Otro sitio realizado con WordPress","publisher":{"@id":"https:\/\/fuentesfidedignas.com.mx\/#organization"},"potentialAction":[{"@type":"SearchAction","target":{"@type":"EntryPoint","urlTemplate":"https:\/\/fuentesfidedignas.com.mx\/?s={search_term_string}"},"query-input":{"@type":"PropertyValueSpecification","valueRequired":true,"valueName":"search_term_string"}}],"inLanguage":"es"},{"@type":"Organization","@id":"https:\/\/fuentesfidedignas.com.mx\/#organization","name":"Fuentes Fidedignas","url":"https:\/\/fuentesfidedignas.com.mx\/","logo":{"@type":"ImageObject","inLanguage":"es","@id":"https:\/\/fuentesfidedignas.com.mx\/#\/schema\/logo\/image\/","url":"https:\/\/fuentesfidedignas.com.mx\/wp-content\/uploads\/2021\/04\/logo-retina.png","contentUrl":"https:\/\/fuentesfidedignas.com.mx\/wp-content\/uploads\/2021\/04\/logo-retina.png","width":280,"height":51,"caption":"Fuentes Fidedignas"},"image":{"@id":"https:\/\/fuentesfidedignas.com.mx\/#\/schema\/logo\/image\/"},"sameAs":["https:\/\/www.facebook.com\/Fuentes-Fidedignas-368234489921644","https:\/\/x.com\/fidedignas"]},{"@type":"Person","@id":"https:\/\/fuentesfidedignas.com.mx\/#\/schema\/person\/b8545f82681343a009e25862ea06aa4f","name":"TUDN","image":{"@type":"ImageObject","inLanguage":"es","@id":"https:\/\/secure.gravatar.com\/avatar\/b6c825555643f86673e440172f4f4e26c8b3afd3df6acd494b24a068b88bd03f?s=96&d=mm&r=g","url":"https:\/\/secure.gravatar.com\/avatar\/b6c825555643f86673e440172f4f4e26c8b3afd3df6acd494b24a068b88bd03f?s=96&d=mm&r=g","contentUrl":"https:\/\/secure.gravatar.com\/avatar\/b6c825555643f86673e440172f4f4e26c8b3afd3df6acd494b24a068b88bd03f?s=96&d=mm&r=g","caption":"TUDN"},"url":"https:\/\/fuentesfidedignas.com.mx\/index.php\/author\/tudn\/"}]}},"_links":{"self":[{"href":"https:\/\/fuentesfidedignas.com.mx\/index.php\/wp-json\/wp\/v2\/posts\/80764","targetHints":{"allow":["GET"]}}],"collection":[{"href":"https:\/\/fuentesfidedignas.com.mx\/index.php\/wp-json\/wp\/v2\/posts"}],"about":[{"href":"https:\/\/fuentesfidedignas.com.mx\/index.php\/wp-json\/wp\/v2\/types\/post"}],"author":[{"embeddable":true,"href":"https:\/\/fuentesfidedignas.com.mx\/index.php\/wp-json\/wp\/v2\/users\/145"}],"replies":[{"embeddable":true,"href":"https:\/\/fuentesfidedignas.com.mx\/index.php\/wp-json\/wp\/v2\/comments?post=80764"}],"version-history":[{"count":2,"href":"https:\/\/fuentesfidedignas.com.mx\/index.php\/wp-json\/wp\/v2\/posts\/80764\/revisions"}],"predecessor-version":[{"id":80771,"href":"https:\/\/fuentesfidedignas.com.mx\/index.php\/wp-json\/wp\/v2\/posts\/80764\/revisions\/80771"}],"wp:featuredmedia":[{"embeddable":true,"href":"https:\/\/fuentesfidedignas.com.mx\/index.php\/wp-json\/wp\/v2\/media\/58973"}],"wp:attachment":[{"href":"https:\/\/fuentesfidedignas.com.mx\/index.php\/wp-json\/wp\/v2\/media?parent=80764"}],"wp:term":[{"taxonomy":"category","embeddable":true,"href":"https:\/\/fuentesfidedignas.com.mx\/index.php\/wp-json\/wp\/v2\/categories?post=80764"},{"taxonomy":"post_tag","embeddable":true,"href":"https:\/\/fuentesfidedignas.com.mx\/index.php\/wp-json\/wp\/v2\/tags?post=80764"}],"curies":[{"name":"wp","href":"https:\/\/api.w.org\/{rel}","templated":true}]}}