{"id":80739,"date":"2025-03-16T00:02:00","date_gmt":"2025-03-16T07:02:00","guid":{"rendered":"https:\/\/fuentesfidedignas.com.mx\/?p=80739"},"modified":"2025-03-16T07:36:50","modified_gmt":"2025-03-16T14:36:50","slug":"joven-lleva-4-anos-banandose-sin-jabon-ni-shampoo-explica-la-razon-y-se-vuelve-viral","status":"publish","type":"post","link":"https:\/\/fuentesfidedignas.com.mx\/index.php\/2025\/03\/16\/joven-lleva-4-anos-banandose-sin-jabon-ni-shampoo-explica-la-razon-y-se-vuelve-viral\/","title":{"rendered":"Joven lleva 4 a\u00f1os ba\u00f1\u00e1ndose &#8220;sin jab\u00f3n ni shampoo&#8221;; explica la raz\u00f3n y se vuelve viral"},"content":{"rendered":"\n<p><strong><em>En un video que se difundi\u00f3 en X, al parecer de un podcast, un joven coment\u00f3 esto sobre su aseo personal y tambi\u00e9n dijo que &#8220;beb\u00edamos de charcos y ahora nos quejamos por tal cosa&#8221;.<\/em><\/strong><\/p>\n\n\n\n<p>La amplitud que dan las redes sociales ha permitido que se conozcan muchas opiniones y din\u00e1micas inusuales de los internautas, por ejemplo, la joven que afirma que a sus 26 a\u00f1os sigue siendo una adolescente.<\/p>\n\n\n\n<p>Ahora se volvi\u00f3 viral la postura de un joven sobre su higiene personal, espec\u00edficamente sobre su curiosa forma de ba\u00f1arse:\u00a0&#8220;sin jab\u00f3n ni shampoo&#8221;. Su explicaci\u00f3n, que se difundi\u00f3 en video a trav\u00e9s de X, gener\u00f3 muchas reacciones entre los internautas y a continuaci\u00f3n te lo mostramos.<\/p>\n\n\n\n<p><strong>\u00bfPor qu\u00e9 un joven lleva 4 a\u00f1os ba\u00f1\u00e1ndose sin jab\u00f3n ni shampoo?<\/strong><br>La cuenta de X @EsDeProfugos comparti\u00f3 un fragmento de lo que parece ser un podcast donde uno de los participantes revel\u00f3 que &#8220;Llevo cuatro a\u00f1os sin utilizar shampooo, sin utilizar gel, y no se han dado cuenta. \u00bfHuelo mal? Llevo cuatro a\u00f1os&#8221;.<\/p>\n\n\n\n<p>&#8220;Es un tema importante: el exceso de limpieza del organismo, el jab\u00f3n, el shampoo, el exceso de limpieza en las casas. O sea, nosotros estamos dise\u00f1ados para estar en la naturaleza, al contacto con animales&#8221;, afirm\u00f3.<\/p>\n\n\n\n<p>El joven coment\u00f3 que en la antig\u00fcedad &#8220;beb\u00edamos de charcos y ahora nos quejamos por tal cosa. Realmente la microbiota intestinal, la que tenemos hoy en d\u00eda por el ambiente que tenemos, es muy hostil y la tenemos hecha un cascajo&#8221;.<\/p>\n\n\n\n<p>Ante esto, \u00e9l propuso &#8220;comportarse m\u00e1s como un animal, salir cuando llueve; si vives en una ciudad, el fin de semana vete al campo y t\u00edrate al suelo&#8221;.<\/p>\n\n\n\n<p>&#8220;El cuerpo se regula normal. \u00bfC\u00f3mo quitar la grasa de un sart\u00e9n? Con agua caliente y con jab\u00f3n. Si quitas ese sebo natural todos los d\u00edas, al final se genera una atrofia porque est\u00e1 totalmente desvirtuado&#8221;, a\u00f1adi\u00f3 a su pol\u00e9mica postura.\u00a0<\/p>\n\n\n\n<p>Cerr\u00f3 su postura asegurando que &#8220;muchas marcas&#8221; de jab\u00f3n y shampoo &#8220;usan productos t\u00f3xicos, la piel es un \u00f3rgano que absorbe y esos t\u00f3xicos van a entrar a tu sangre, no van a pasar por el h\u00edgado, que es un \u00f3rgano detox, sino que directamente van a ir ah\u00ed y eso es un problema muy serio&#8221;.<\/p>\n\n\n\n<figure class=\"wp-block-embed is-type-rich is-provider-twitter wp-block-embed-twitter\"><div class=\"wp-block-embed__wrapper\">\n<blockquote class=\"twitter-tweet\" data-width=\"550\" data-dnt=\"true\"><p lang=\"es\" dir=\"ltr\">\u00c9l nos cuenta que lleva 4 a\u00f1os sin ducharse con jab\u00f3n y sin shampoo. \ud83d\udc40<br> <a href=\"https:\/\/t.co\/soqoi7vc1h\">pic.twitter.com\/soqoi7vc1h<\/a><\/p>&mdash; Pr\u00f3fugos del \u00c1cido F\u00f3lico (@EsdeProfugos) <a href=\"https:\/\/twitter.com\/EsdeProfugos\/status\/1785708938035335447?ref_src=twsrc%5Etfw\">May 1, 2024<\/a><\/blockquote><script async src=\"https:\/\/platform.twitter.com\/widgets.js\" charset=\"utf-8\"><\/script>\n<\/div><\/figure>\n\n\n\n<p>nternautas reaccionan al caso del joven que no usa jab\u00f3n ni shampoo<br>Este video, con la pol\u00e9mica explicaci\u00f3n del joven, de inmediato genero cr\u00edticas y burlas entre otros usuarios de X, por ejemplo:<\/p>\n\n\n\n<ul class=\"wp-block-list\">\n<li>@Manilodelasota: &#8220;Yo llevo unas horas y ya me estoy agriando&#8221;.<\/li>\n\n\n\n<li>@Salman_AliMirza: &#8220;\u00a1Qu\u00e9 valiente! \u00a1Debe tener un aroma\u2026 unic\u00f3!&#8221;.<\/li>\n\n\n\n<li>@FabrizzioGarci9: &#8220;Antes beb\u00edamos de charcos\u2026 pues s\u00ed, no hab\u00eda tanta contaminaci\u00f3n, pero s\u00ed bacterias y par\u00e1sitos, por eso se mor\u00edan a los 30&#8221;.<\/li>\n\n\n\n<li>@josenvieira: &#8220;Comprendo el exceso de enjabonarse, pero el extremo de no hacerlo tambi\u00e9n es da\u00f1ino&#8221;.<\/li>\n\n\n\n<li>@erickbage: &#8220;Ya solo falta que diga que no se cambia las calzones&#8221;.<\/li>\n\n\n\n<li>@cituk_tun: &#8220;Podr\u00e9 no usar gel y perfume toda una vida, pero no podr\u00eda vivir sin jab\u00f3n, shampoo y desodorante&#8221;.<\/li>\n\n\n\n<li>@Nanielillo: &#8220;Por eso antes viv\u00edamos 30 a\u00f1os y ahora 90&#8221;.<\/li>\n<\/ul>\n","protected":false},"excerpt":{"rendered":"<p>En un video que se difundi\u00f3 en X, al parecer de un podcast, un joven coment\u00f3 esto sobre su aseo personal y tambi\u00e9n dijo que &#8220;beb\u00edamos de charcos y ahora nos quejamos por tal cosa&#8221;. La amplitud que dan las redes sociales ha permitido que se conozcan muchas opiniones y din\u00e1micas inusuales de los internautas, [&hellip;]<\/p>\n","protected":false},"author":9,"featured_media":80740,"comment_status":"open","ping_status":"open","sticky":false,"template":"","format":"standard","meta":{"tdm_status":"","tdm_grid_status":"","footnotes":""},"categories":[40],"tags":[],"class_list":{"0":"post-80739","1":"post","2":"type-post","3":"status-publish","4":"format-standard","5":"has-post-thumbnail","7":"category-las-asombrosas"},"yoast_head":"<!-- This site is optimized with the Yoast SEO plugin v27.4 - https:\/\/yoast.com\/product\/yoast-seo-wordpress\/ -->\n<title>Joven lleva 4 a\u00f1os ba\u00f1\u00e1ndose &quot;sin jab\u00f3n ni shampoo&quot;; explica la raz\u00f3n y se vuelve viral - Fuentes Fidedignas<\/title>\n<meta name=\"robots\" content=\"index, follow, max-snippet:-1, max-image-preview:large, max-video-preview:-1\" \/>\n<link rel=\"canonical\" href=\"https:\/\/fuentesfidedignas.com.mx\/index.php\/2025\/03\/16\/joven-lleva-4-anos-banandose-sin-jabon-ni-shampoo-explica-la-razon-y-se-vuelve-viral\/\" \/>\n<meta property=\"og:locale\" content=\"es_MX\" \/>\n<meta property=\"og:type\" content=\"article\" \/>\n<meta property=\"og:title\" content=\"Joven lleva 4 a\u00f1os ba\u00f1\u00e1ndose &quot;sin jab\u00f3n ni shampoo&quot;; explica la raz\u00f3n y se vuelve viral - Fuentes Fidedignas\" \/>\n<meta property=\"og:description\" content=\"En un video que se difundi\u00f3 en X, al parecer de un podcast, un joven coment\u00f3 esto sobre su aseo personal y tambi\u00e9n dijo que &#8220;beb\u00edamos de charcos y ahora nos quejamos por tal cosa&#8221;. La amplitud que dan las redes sociales ha permitido que se conozcan muchas opiniones y din\u00e1micas inusuales de los internautas, [&hellip;]\" \/>\n<meta property=\"og:url\" content=\"https:\/\/fuentesfidedignas.com.mx\/index.php\/2025\/03\/16\/joven-lleva-4-anos-banandose-sin-jabon-ni-shampoo-explica-la-razon-y-se-vuelve-viral\/\" \/>\n<meta property=\"og:site_name\" content=\"Fuentes Fidedignas\" \/>\n<meta property=\"article:publisher\" content=\"https:\/\/www.facebook.com\/Fuentes-Fidedignas-368234489921644\" \/>\n<meta property=\"article:published_time\" content=\"2025-03-16T07:02:00+00:00\" \/>\n<meta property=\"article:modified_time\" content=\"2025-03-16T14:36:50+00:00\" \/>\n<meta property=\"og:image\" content=\"https:\/\/fuentesfidedignas.com.mx\/wp-content\/uploads\/2024\/05\/joven-bano.jpg\" \/>\n\t<meta property=\"og:image:width\" content=\"600\" \/>\n\t<meta property=\"og:image:height\" content=\"381\" \/>\n\t<meta property=\"og:image:type\" content=\"image\/jpeg\" \/>\n<meta name=\"author\" content=\"Milenio\" \/>\n<meta name=\"twitter:card\" content=\"summary_large_image\" \/>\n<meta name=\"twitter:creator\" content=\"@fidedignas\" \/>\n<meta name=\"twitter:site\" content=\"@fidedignas\" \/>\n<meta name=\"twitter:label1\" content=\"Escrito por\" \/>\n\t<meta name=\"twitter:data1\" content=\"Milenio\" \/>\n\t<meta name=\"twitter:label2\" content=\"Tiempo de lectura\" \/>\n\t<meta name=\"twitter:data2\" content=\"3 minutos\" \/>\n<script type=\"application\/ld+json\" class=\"yoast-schema-graph\">{\"@context\":\"https:\\\/\\\/schema.org\",\"@graph\":[{\"@type\":\"Article\",\"@id\":\"https:\\\/\\\/fuentesfidedignas.com.mx\\\/index.php\\\/2025\\\/03\\\/16\\\/joven-lleva-4-anos-banandose-sin-jabon-ni-shampoo-explica-la-razon-y-se-vuelve-viral\\\/#article\",\"isPartOf\":{\"@id\":\"https:\\\/\\\/fuentesfidedignas.com.mx\\\/index.php\\\/2025\\\/03\\\/16\\\/joven-lleva-4-anos-banandose-sin-jabon-ni-shampoo-explica-la-razon-y-se-vuelve-viral\\\/\"},\"author\":{\"name\":\"Milenio\",\"@id\":\"https:\\\/\\\/fuentesfidedignas.com.mx\\\/#\\\/schema\\\/person\\\/47ec0135738f4b0c7495f06a77a2c976\"},\"headline\":\"Joven lleva 4 a\u00f1os ba\u00f1\u00e1ndose &#8220;sin jab\u00f3n ni shampoo&#8221;; explica la raz\u00f3n y se vuelve viral\",\"datePublished\":\"2025-03-16T07:02:00+00:00\",\"dateModified\":\"2025-03-16T14:36:50+00:00\",\"mainEntityOfPage\":{\"@id\":\"https:\\\/\\\/fuentesfidedignas.com.mx\\\/index.php\\\/2025\\\/03\\\/16\\\/joven-lleva-4-anos-banandose-sin-jabon-ni-shampoo-explica-la-razon-y-se-vuelve-viral\\\/\"},\"wordCount\":570,\"commentCount\":0,\"publisher\":{\"@id\":\"https:\\\/\\\/fuentesfidedignas.com.mx\\\/#organization\"},\"image\":{\"@id\":\"https:\\\/\\\/fuentesfidedignas.com.mx\\\/index.php\\\/2025\\\/03\\\/16\\\/joven-lleva-4-anos-banandose-sin-jabon-ni-shampoo-explica-la-razon-y-se-vuelve-viral\\\/#primaryimage\"},\"thumbnailUrl\":\"https:\\\/\\\/fuentesfidedignas.com.mx\\\/wp-content\\\/uploads\\\/2024\\\/05\\\/joven-bano.jpg\",\"articleSection\":[\"LAS ASOMBROSAS\"],\"inLanguage\":\"es\",\"potentialAction\":[{\"@type\":\"CommentAction\",\"name\":\"Comment\",\"target\":[\"https:\\\/\\\/fuentesfidedignas.com.mx\\\/index.php\\\/2025\\\/03\\\/16\\\/joven-lleva-4-anos-banandose-sin-jabon-ni-shampoo-explica-la-razon-y-se-vuelve-viral\\\/#respond\"]}]},{\"@type\":\"WebPage\",\"@id\":\"https:\\\/\\\/fuentesfidedignas.com.mx\\\/index.php\\\/2025\\\/03\\\/16\\\/joven-lleva-4-anos-banandose-sin-jabon-ni-shampoo-explica-la-razon-y-se-vuelve-viral\\\/\",\"url\":\"https:\\\/\\\/fuentesfidedignas.com.mx\\\/index.php\\\/2025\\\/03\\\/16\\\/joven-lleva-4-anos-banandose-sin-jabon-ni-shampoo-explica-la-razon-y-se-vuelve-viral\\\/\",\"name\":\"Joven lleva 4 a\u00f1os ba\u00f1\u00e1ndose \\\"sin jab\u00f3n ni shampoo\\\"; explica la raz\u00f3n y se vuelve viral - Fuentes Fidedignas\",\"isPartOf\":{\"@id\":\"https:\\\/\\\/fuentesfidedignas.com.mx\\\/#website\"},\"primaryImageOfPage\":{\"@id\":\"https:\\\/\\\/fuentesfidedignas.com.mx\\\/index.php\\\/2025\\\/03\\\/16\\\/joven-lleva-4-anos-banandose-sin-jabon-ni-shampoo-explica-la-razon-y-se-vuelve-viral\\\/#primaryimage\"},\"image\":{\"@id\":\"https:\\\/\\\/fuentesfidedignas.com.mx\\\/index.php\\\/2025\\\/03\\\/16\\\/joven-lleva-4-anos-banandose-sin-jabon-ni-shampoo-explica-la-razon-y-se-vuelve-viral\\\/#primaryimage\"},\"thumbnailUrl\":\"https:\\\/\\\/fuentesfidedignas.com.mx\\\/wp-content\\\/uploads\\\/2024\\\/05\\\/joven-bano.jpg\",\"datePublished\":\"2025-03-16T07:02:00+00:00\",\"dateModified\":\"2025-03-16T14:36:50+00:00\",\"breadcrumb\":{\"@id\":\"https:\\\/\\\/fuentesfidedignas.com.mx\\\/index.php\\\/2025\\\/03\\\/16\\\/joven-lleva-4-anos-banandose-sin-jabon-ni-shampoo-explica-la-razon-y-se-vuelve-viral\\\/#breadcrumb\"},\"inLanguage\":\"es\",\"potentialAction\":[{\"@type\":\"ReadAction\",\"target\":[\"https:\\\/\\\/fuentesfidedignas.com.mx\\\/index.php\\\/2025\\\/03\\\/16\\\/joven-lleva-4-anos-banandose-sin-jabon-ni-shampoo-explica-la-razon-y-se-vuelve-viral\\\/\"]}]},{\"@type\":\"ImageObject\",\"inLanguage\":\"es\",\"@id\":\"https:\\\/\\\/fuentesfidedignas.com.mx\\\/index.php\\\/2025\\\/03\\\/16\\\/joven-lleva-4-anos-banandose-sin-jabon-ni-shampoo-explica-la-razon-y-se-vuelve-viral\\\/#primaryimage\",\"url\":\"https:\\\/\\\/fuentesfidedignas.com.mx\\\/wp-content\\\/uploads\\\/2024\\\/05\\\/joven-bano.jpg\",\"contentUrl\":\"https:\\\/\\\/fuentesfidedignas.com.mx\\\/wp-content\\\/uploads\\\/2024\\\/05\\\/joven-bano.jpg\",\"width\":600,\"height\":381},{\"@type\":\"BreadcrumbList\",\"@id\":\"https:\\\/\\\/fuentesfidedignas.com.mx\\\/index.php\\\/2025\\\/03\\\/16\\\/joven-lleva-4-anos-banandose-sin-jabon-ni-shampoo-explica-la-razon-y-se-vuelve-viral\\\/#breadcrumb\",\"itemListElement\":[{\"@type\":\"ListItem\",\"position\":1,\"name\":\"Inicio\",\"item\":\"https:\\\/\\\/fuentesfidedignas.com.mx\\\/\"},{\"@type\":\"ListItem\",\"position\":2,\"name\":\"Joven lleva 4 a\u00f1os ba\u00f1\u00e1ndose &#8220;sin jab\u00f3n ni shampoo&#8221;; explica la raz\u00f3n y se vuelve viral\"}]},{\"@type\":\"WebSite\",\"@id\":\"https:\\\/\\\/fuentesfidedignas.com.mx\\\/#website\",\"url\":\"https:\\\/\\\/fuentesfidedignas.com.mx\\\/\",\"name\":\"Fuentes Fidedignas\",\"description\":\"Otro sitio realizado con WordPress\",\"publisher\":{\"@id\":\"https:\\\/\\\/fuentesfidedignas.com.mx\\\/#organization\"},\"potentialAction\":[{\"@type\":\"SearchAction\",\"target\":{\"@type\":\"EntryPoint\",\"urlTemplate\":\"https:\\\/\\\/fuentesfidedignas.com.mx\\\/?s={search_term_string}\"},\"query-input\":{\"@type\":\"PropertyValueSpecification\",\"valueRequired\":true,\"valueName\":\"search_term_string\"}}],\"inLanguage\":\"es\"},{\"@type\":\"Organization\",\"@id\":\"https:\\\/\\\/fuentesfidedignas.com.mx\\\/#organization\",\"name\":\"Fuentes Fidedignas\",\"url\":\"https:\\\/\\\/fuentesfidedignas.com.mx\\\/\",\"logo\":{\"@type\":\"ImageObject\",\"inLanguage\":\"es\",\"@id\":\"https:\\\/\\\/fuentesfidedignas.com.mx\\\/#\\\/schema\\\/logo\\\/image\\\/\",\"url\":\"https:\\\/\\\/fuentesfidedignas.com.mx\\\/wp-content\\\/uploads\\\/2021\\\/04\\\/logo-retina.png\",\"contentUrl\":\"https:\\\/\\\/fuentesfidedignas.com.mx\\\/wp-content\\\/uploads\\\/2021\\\/04\\\/logo-retina.png\",\"width\":280,\"height\":51,\"caption\":\"Fuentes Fidedignas\"},\"image\":{\"@id\":\"https:\\\/\\\/fuentesfidedignas.com.mx\\\/#\\\/schema\\\/logo\\\/image\\\/\"},\"sameAs\":[\"https:\\\/\\\/www.facebook.com\\\/Fuentes-Fidedignas-368234489921644\",\"https:\\\/\\\/x.com\\\/fidedignas\"]},{\"@type\":\"Person\",\"@id\":\"https:\\\/\\\/fuentesfidedignas.com.mx\\\/#\\\/schema\\\/person\\\/47ec0135738f4b0c7495f06a77a2c976\",\"name\":\"Milenio\",\"image\":{\"@type\":\"ImageObject\",\"inLanguage\":\"es\",\"@id\":\"https:\\\/\\\/secure.gravatar.com\\\/avatar\\\/acabf7b54753e51c2c76457954577c236b3b764789b19879565769739d1e4a75?s=96&d=mm&r=g\",\"url\":\"https:\\\/\\\/secure.gravatar.com\\\/avatar\\\/acabf7b54753e51c2c76457954577c236b3b764789b19879565769739d1e4a75?s=96&d=mm&r=g\",\"contentUrl\":\"https:\\\/\\\/secure.gravatar.com\\\/avatar\\\/acabf7b54753e51c2c76457954577c236b3b764789b19879565769739d1e4a75?s=96&d=mm&r=g\",\"caption\":\"Milenio\"},\"url\":\"https:\\\/\\\/fuentesfidedignas.com.mx\\\/index.php\\\/author\\\/milenio\\\/\"}]}<\/script>\n<!-- \/ Yoast SEO plugin. -->","yoast_head_json":{"title":"Joven lleva 4 a\u00f1os ba\u00f1\u00e1ndose \"sin jab\u00f3n ni shampoo\"; explica la raz\u00f3n y se vuelve viral - Fuentes Fidedignas","robots":{"index":"index","follow":"follow","max-snippet":"max-snippet:-1","max-image-preview":"max-image-preview:large","max-video-preview":"max-video-preview:-1"},"canonical":"https:\/\/fuentesfidedignas.com.mx\/index.php\/2025\/03\/16\/joven-lleva-4-anos-banandose-sin-jabon-ni-shampoo-explica-la-razon-y-se-vuelve-viral\/","og_locale":"es_MX","og_type":"article","og_title":"Joven lleva 4 a\u00f1os ba\u00f1\u00e1ndose \"sin jab\u00f3n ni shampoo\"; explica la raz\u00f3n y se vuelve viral - Fuentes Fidedignas","og_description":"En un video que se difundi\u00f3 en X, al parecer de un podcast, un joven coment\u00f3 esto sobre su aseo personal y tambi\u00e9n dijo que &#8220;beb\u00edamos de charcos y ahora nos quejamos por tal cosa&#8221;. La amplitud que dan las redes sociales ha permitido que se conozcan muchas opiniones y din\u00e1micas inusuales de los internautas, [&hellip;]","og_url":"https:\/\/fuentesfidedignas.com.mx\/index.php\/2025\/03\/16\/joven-lleva-4-anos-banandose-sin-jabon-ni-shampoo-explica-la-razon-y-se-vuelve-viral\/","og_site_name":"Fuentes Fidedignas","article_publisher":"https:\/\/www.facebook.com\/Fuentes-Fidedignas-368234489921644","article_published_time":"2025-03-16T07:02:00+00:00","article_modified_time":"2025-03-16T14:36:50+00:00","og_image":[{"width":600,"height":381,"url":"https:\/\/fuentesfidedignas.com.mx\/wp-content\/uploads\/2024\/05\/joven-bano.jpg","type":"image\/jpeg"}],"author":"Milenio","twitter_card":"summary_large_image","twitter_creator":"@fidedignas","twitter_site":"@fidedignas","twitter_misc":{"Escrito por":"Milenio","Tiempo de lectura":"3 minutos"},"schema":{"@context":"https:\/\/schema.org","@graph":[{"@type":"Article","@id":"https:\/\/fuentesfidedignas.com.mx\/index.php\/2025\/03\/16\/joven-lleva-4-anos-banandose-sin-jabon-ni-shampoo-explica-la-razon-y-se-vuelve-viral\/#article","isPartOf":{"@id":"https:\/\/fuentesfidedignas.com.mx\/index.php\/2025\/03\/16\/joven-lleva-4-anos-banandose-sin-jabon-ni-shampoo-explica-la-razon-y-se-vuelve-viral\/"},"author":{"name":"Milenio","@id":"https:\/\/fuentesfidedignas.com.mx\/#\/schema\/person\/47ec0135738f4b0c7495f06a77a2c976"},"headline":"Joven lleva 4 a\u00f1os ba\u00f1\u00e1ndose &#8220;sin jab\u00f3n ni shampoo&#8221;; explica la raz\u00f3n y se vuelve viral","datePublished":"2025-03-16T07:02:00+00:00","dateModified":"2025-03-16T14:36:50+00:00","mainEntityOfPage":{"@id":"https:\/\/fuentesfidedignas.com.mx\/index.php\/2025\/03\/16\/joven-lleva-4-anos-banandose-sin-jabon-ni-shampoo-explica-la-razon-y-se-vuelve-viral\/"},"wordCount":570,"commentCount":0,"publisher":{"@id":"https:\/\/fuentesfidedignas.com.mx\/#organization"},"image":{"@id":"https:\/\/fuentesfidedignas.com.mx\/index.php\/2025\/03\/16\/joven-lleva-4-anos-banandose-sin-jabon-ni-shampoo-explica-la-razon-y-se-vuelve-viral\/#primaryimage"},"thumbnailUrl":"https:\/\/fuentesfidedignas.com.mx\/wp-content\/uploads\/2024\/05\/joven-bano.jpg","articleSection":["LAS ASOMBROSAS"],"inLanguage":"es","potentialAction":[{"@type":"CommentAction","name":"Comment","target":["https:\/\/fuentesfidedignas.com.mx\/index.php\/2025\/03\/16\/joven-lleva-4-anos-banandose-sin-jabon-ni-shampoo-explica-la-razon-y-se-vuelve-viral\/#respond"]}]},{"@type":"WebPage","@id":"https:\/\/fuentesfidedignas.com.mx\/index.php\/2025\/03\/16\/joven-lleva-4-anos-banandose-sin-jabon-ni-shampoo-explica-la-razon-y-se-vuelve-viral\/","url":"https:\/\/fuentesfidedignas.com.mx\/index.php\/2025\/03\/16\/joven-lleva-4-anos-banandose-sin-jabon-ni-shampoo-explica-la-razon-y-se-vuelve-viral\/","name":"Joven lleva 4 a\u00f1os ba\u00f1\u00e1ndose \"sin jab\u00f3n ni shampoo\"; explica la raz\u00f3n y se vuelve viral - Fuentes Fidedignas","isPartOf":{"@id":"https:\/\/fuentesfidedignas.com.mx\/#website"},"primaryImageOfPage":{"@id":"https:\/\/fuentesfidedignas.com.mx\/index.php\/2025\/03\/16\/joven-lleva-4-anos-banandose-sin-jabon-ni-shampoo-explica-la-razon-y-se-vuelve-viral\/#primaryimage"},"image":{"@id":"https:\/\/fuentesfidedignas.com.mx\/index.php\/2025\/03\/16\/joven-lleva-4-anos-banandose-sin-jabon-ni-shampoo-explica-la-razon-y-se-vuelve-viral\/#primaryimage"},"thumbnailUrl":"https:\/\/fuentesfidedignas.com.mx\/wp-content\/uploads\/2024\/05\/joven-bano.jpg","datePublished":"2025-03-16T07:02:00+00:00","dateModified":"2025-03-16T14:36:50+00:00","breadcrumb":{"@id":"https:\/\/fuentesfidedignas.com.mx\/index.php\/2025\/03\/16\/joven-lleva-4-anos-banandose-sin-jabon-ni-shampoo-explica-la-razon-y-se-vuelve-viral\/#breadcrumb"},"inLanguage":"es","potentialAction":[{"@type":"ReadAction","target":["https:\/\/fuentesfidedignas.com.mx\/index.php\/2025\/03\/16\/joven-lleva-4-anos-banandose-sin-jabon-ni-shampoo-explica-la-razon-y-se-vuelve-viral\/"]}]},{"@type":"ImageObject","inLanguage":"es","@id":"https:\/\/fuentesfidedignas.com.mx\/index.php\/2025\/03\/16\/joven-lleva-4-anos-banandose-sin-jabon-ni-shampoo-explica-la-razon-y-se-vuelve-viral\/#primaryimage","url":"https:\/\/fuentesfidedignas.com.mx\/wp-content\/uploads\/2024\/05\/joven-bano.jpg","contentUrl":"https:\/\/fuentesfidedignas.com.mx\/wp-content\/uploads\/2024\/05\/joven-bano.jpg","width":600,"height":381},{"@type":"BreadcrumbList","@id":"https:\/\/fuentesfidedignas.com.mx\/index.php\/2025\/03\/16\/joven-lleva-4-anos-banandose-sin-jabon-ni-shampoo-explica-la-razon-y-se-vuelve-viral\/#breadcrumb","itemListElement":[{"@type":"ListItem","position":1,"name":"Inicio","item":"https:\/\/fuentesfidedignas.com.mx\/"},{"@type":"ListItem","position":2,"name":"Joven lleva 4 a\u00f1os ba\u00f1\u00e1ndose &#8220;sin jab\u00f3n ni shampoo&#8221;; explica la raz\u00f3n y se vuelve viral"}]},{"@type":"WebSite","@id":"https:\/\/fuentesfidedignas.com.mx\/#website","url":"https:\/\/fuentesfidedignas.com.mx\/","name":"Fuentes Fidedignas","description":"Otro sitio realizado con WordPress","publisher":{"@id":"https:\/\/fuentesfidedignas.com.mx\/#organization"},"potentialAction":[{"@type":"SearchAction","target":{"@type":"EntryPoint","urlTemplate":"https:\/\/fuentesfidedignas.com.mx\/?s={search_term_string}"},"query-input":{"@type":"PropertyValueSpecification","valueRequired":true,"valueName":"search_term_string"}}],"inLanguage":"es"},{"@type":"Organization","@id":"https:\/\/fuentesfidedignas.com.mx\/#organization","name":"Fuentes Fidedignas","url":"https:\/\/fuentesfidedignas.com.mx\/","logo":{"@type":"ImageObject","inLanguage":"es","@id":"https:\/\/fuentesfidedignas.com.mx\/#\/schema\/logo\/image\/","url":"https:\/\/fuentesfidedignas.com.mx\/wp-content\/uploads\/2021\/04\/logo-retina.png","contentUrl":"https:\/\/fuentesfidedignas.com.mx\/wp-content\/uploads\/2021\/04\/logo-retina.png","width":280,"height":51,"caption":"Fuentes Fidedignas"},"image":{"@id":"https:\/\/fuentesfidedignas.com.mx\/#\/schema\/logo\/image\/"},"sameAs":["https:\/\/www.facebook.com\/Fuentes-Fidedignas-368234489921644","https:\/\/x.com\/fidedignas"]},{"@type":"Person","@id":"https:\/\/fuentesfidedignas.com.mx\/#\/schema\/person\/47ec0135738f4b0c7495f06a77a2c976","name":"Milenio","image":{"@type":"ImageObject","inLanguage":"es","@id":"https:\/\/secure.gravatar.com\/avatar\/acabf7b54753e51c2c76457954577c236b3b764789b19879565769739d1e4a75?s=96&d=mm&r=g","url":"https:\/\/secure.gravatar.com\/avatar\/acabf7b54753e51c2c76457954577c236b3b764789b19879565769739d1e4a75?s=96&d=mm&r=g","contentUrl":"https:\/\/secure.gravatar.com\/avatar\/acabf7b54753e51c2c76457954577c236b3b764789b19879565769739d1e4a75?s=96&d=mm&r=g","caption":"Milenio"},"url":"https:\/\/fuentesfidedignas.com.mx\/index.php\/author\/milenio\/"}]}},"_links":{"self":[{"href":"https:\/\/fuentesfidedignas.com.mx\/index.php\/wp-json\/wp\/v2\/posts\/80739","targetHints":{"allow":["GET"]}}],"collection":[{"href":"https:\/\/fuentesfidedignas.com.mx\/index.php\/wp-json\/wp\/v2\/posts"}],"about":[{"href":"https:\/\/fuentesfidedignas.com.mx\/index.php\/wp-json\/wp\/v2\/types\/post"}],"author":[{"embeddable":true,"href":"https:\/\/fuentesfidedignas.com.mx\/index.php\/wp-json\/wp\/v2\/users\/9"}],"replies":[{"embeddable":true,"href":"https:\/\/fuentesfidedignas.com.mx\/index.php\/wp-json\/wp\/v2\/comments?post=80739"}],"version-history":[{"count":1,"href":"https:\/\/fuentesfidedignas.com.mx\/index.php\/wp-json\/wp\/v2\/posts\/80739\/revisions"}],"predecessor-version":[{"id":80741,"href":"https:\/\/fuentesfidedignas.com.mx\/index.php\/wp-json\/wp\/v2\/posts\/80739\/revisions\/80741"}],"wp:featuredmedia":[{"embeddable":true,"href":"https:\/\/fuentesfidedignas.com.mx\/index.php\/wp-json\/wp\/v2\/media\/80740"}],"wp:attachment":[{"href":"https:\/\/fuentesfidedignas.com.mx\/index.php\/wp-json\/wp\/v2\/media?parent=80739"}],"wp:term":[{"taxonomy":"category","embeddable":true,"href":"https:\/\/fuentesfidedignas.com.mx\/index.php\/wp-json\/wp\/v2\/categories?post=80739"},{"taxonomy":"post_tag","embeddable":true,"href":"https:\/\/fuentesfidedignas.com.mx\/index.php\/wp-json\/wp\/v2\/tags?post=80739"}],"curies":[{"name":"wp","href":"https:\/\/api.w.org\/{rel}","templated":true}]}}