{"id":80735,"date":"2024-05-02T18:41:43","date_gmt":"2024-05-03T01:41:43","guid":{"rendered":"https:\/\/fuentesfidedignas.com.mx\/?p=80735"},"modified":"2024-05-02T18:42:20","modified_gmt":"2024-05-03T01:42:20","slug":"reportan-motin-en-el-penal-de-la-pila-en-san-luis-potosi","status":"publish","type":"post","link":"https:\/\/fuentesfidedignas.com.mx\/index.php\/2024\/05\/02\/reportan-motin-en-el-penal-de-la-pila-en-san-luis-potosi\/","title":{"rendered":"Reportan mot\u00edn en el penal de La Pila, en San Luis Potos\u00ed"},"content":{"rendered":"\n<p><strong><em>Algunos familiares han llegado al penal para solicitar informes sobre sus familiares.<\/em><\/strong><\/p>\n\n\n\n<p>Un supuesto mot\u00edn al interior del Centro de Reinserci\u00f3n Social (Cereso) n\u00famero 1, &#8216;La Pila&#8217;, en San Luis Potos\u00ed, ha movilizado a las autoridades durante la tarde de este jueves.&nbsp;<\/p>\n\n\n\n<p>En un recorrido realizado por el equipo de MILENIO, se constat\u00f3 que al interior del penal hay presencia de humo, a ra\u00edz de la ri\u00f1a entre internos.<\/p>\n\n\n\n<p>A ra\u00edz de estos hechos, algunos familiares de los internos han comenzado a llegar a la zona para pedir informes, incluso exigen la renuncia del director del centro penitenciario.&nbsp;&nbsp;<\/p>\n\n\n\n<p>Elementos estatales han blindado la zona y custodian el penal, por lo que se aprecia un fuerte dispositivo de seguridad en sobre la carretera 57.&nbsp;<\/p>\n\n\n\n<p>Mira el reporte aqu\u00ed:<\/p>\n\n\n\n<figure class=\"wp-block-embed is-type-rich is-provider-twitter wp-block-embed-twitter\"><div class=\"wp-block-embed__wrapper\">\n<blockquote class=\"twitter-tweet\" data-width=\"550\" data-dnt=\"true\"><p lang=\"es\" dir=\"ltr\">\u25b6\ufe0f <a href=\"https:\/\/twitter.com\/hashtag\/%C3%9ALTIMAHORA?src=hash&amp;ref_src=twsrc%5Etfw\">#\u00daLTIMAHORA<\/a> | En San Luis Potos\u00ed, se reporta un mot\u00edn por parte de internos del penal de La Pila <br><br>\ud83d\udcfa La informaci\u00f3n con <a href=\"https:\/\/twitter.com\/magdalgonzalez?ref_src=twsrc%5Etfw\">@magdalgonzalez<\/a> <a href=\"https:\/\/t.co\/BTBlpZiVoQ\">pic.twitter.com\/BTBlpZiVoQ<\/a><\/p>&mdash; Milenio (@Milenio) <a href=\"https:\/\/twitter.com\/Milenio\/status\/1786200068476788838?ref_src=twsrc%5Etfw\">May 3, 2024<\/a><\/blockquote><script async src=\"https:\/\/platform.twitter.com\/widgets.js\" charset=\"utf-8\"><\/script>\n<\/div><\/figure>\n\n\n\n<p>Se reinstaura el orden en penal de La Pila: SSPC<br>En un comunicado, la Secretar\u00eda de Seguridad y Protecci\u00f3n Ciudadana de San Luis Potos\u00ed inform\u00f3 que el orden se restableci\u00f3 en el penal de La Pila.&nbsp;<\/p>\n\n\n\n<p>La dependencia precis\u00f3 que, como parte de las acciones para reinstaurar el orden y la tranquilidad, se conform\u00f3 una comisi\u00f3n para entablar di\u00e1logo y atender las peticiones por parte de las&nbsp;personas privadas de la libertad.&nbsp;<\/p>\n\n\n\n<p>Adem\u00e1s, descart\u00f3 que existan personas lesionadas durante este conflicto.<\/p>\n\n\n\n<p>&#8220;Se detalla que no hay personas lesionadas tras la intervenci\u00f3n que se tuvo para dispersar a los PPL\u2019s y reingresarlos a los dormitorios 1 y 3; tanto el titular de la SSPCE, Guzmar \u00c1ngel Gonz\u00e1lez Castillo y el director del penal, Arturo Cruz Andrade, sostuvieron un acercamiento con los inconformes ofreci\u00e9ndoles apoyo&#8221;.<\/p>\n\n\n\n<p><blockquote class=\"twitter-tweet\"><p lang=\"es\" dir=\"ltr\">\u2705 \u2705 AUTORIDADES ESTATALES RECOBRAN EL ORDEN Y LA TRANQUILIDAD EN EL CENTRO PENITENCIARIO DE LA PILA <br><br>La <a href=\"https:\/\/twitter.com\/hashtag\/SSPCE?src=hash&amp;ref_src=twsrc%5Etfw\">#SSPCE<\/a>, informa que tras los hechos ocurridos en el centro penitenciario #1 en La Pila, prevalecen condiciones de orden y tranquilidad; <a href=\"https:\/\/t.co\/c4uBJQnx8x\">pic.twitter.com\/c4uBJQnx8x<\/a><\/p>\u2014 Secretar\u00eda de Seguridad y Protecci\u00f3n Ciudadana SLP (@SSPC_SLP) <a href=\"https:\/\/twitter.com\/SSPC_SLP\/status\/1786197550837436648?ref_src=twsrc%5Etfw\">May 3, 2024<\/a><\/blockquote> <script async=\"\" src=\"https:\/\/platform.twitter.com\/widgets.js\" charset=\"utf-8\"><\/script><\/p>\n\n\n\n<p><strong>\u00bfQu\u00e9 piden los internos del penal de La Pila?<\/strong><\/p>\n\n\n\n<p>De acuerdo con la SSPC, entre las inconformidades de los internos, se encuentran&nbsp;las revisiones rutinarias en donde se decomisan tel\u00e9fonos celulares, no obstante, la autoridad detall\u00f3 que, &#8220;se&nbsp;les ha hecho saber que est\u00e1n prohibidos y queda estipulado dentro de los reglamentos&#8221;.<\/p>\n\n\n\n<p>La Secretar\u00eda de Seguridad explic\u00f3 que se entabl\u00f3 un di\u00e1logo con los&nbsp;familiares que se manifestaron en el exterior, indic\u00e1ndoles que los internos se encuentran bien y se les estar\u00e1 permitiendo la visita correspondiente.<\/p>\n\n\n\n<p>\u00c9sta es la segunda ocasi\u00f3n en que ocurre un mot\u00edn en este penal, tan s\u00f3lo el 14 de marzo de este a\u00f1o se suscit\u00f3 una trifulca en la que murieron dos elementos de la Guardia Civil estatal, as\u00ed como diversos presos heridos.&nbsp;<\/p>\n","protected":false},"excerpt":{"rendered":"<p>Algunos familiares han llegado al penal para solicitar informes sobre sus familiares. Un supuesto mot\u00edn al interior del Centro de Reinserci\u00f3n Social (Cereso) n\u00famero 1, &#8216;La Pila&#8217;, en San Luis Potos\u00ed, ha movilizado a las autoridades durante la tarde de este jueves.&nbsp; En un recorrido realizado por el equipo de MILENIO, se constat\u00f3 que al [&hellip;]<\/p>\n","protected":false},"author":9,"featured_media":80736,"comment_status":"open","ping_status":"open","sticky":false,"template":"","format":"standard","meta":{"tdm_status":"","tdm_grid_status":"","footnotes":""},"categories":[39],"tags":[],"class_list":{"0":"post-80735","1":"post","2":"type-post","3":"status-publish","4":"format-standard","5":"has-post-thumbnail","7":"category-noticias-nacionales"},"yoast_head":"<!-- This site is optimized with the Yoast SEO plugin v27.5 - https:\/\/yoast.com\/product\/yoast-seo-wordpress\/ -->\n<title>Reportan mot\u00edn en el penal de La Pila, en San Luis Potos\u00ed - Fuentes Fidedignas<\/title>\n<meta name=\"robots\" content=\"index, follow, max-snippet:-1, max-image-preview:large, max-video-preview:-1\" \/>\n<link rel=\"canonical\" href=\"https:\/\/fuentesfidedignas.com.mx\/index.php\/2024\/05\/02\/reportan-motin-en-el-penal-de-la-pila-en-san-luis-potosi\/\" \/>\n<meta property=\"og:locale\" content=\"es_MX\" \/>\n<meta property=\"og:type\" content=\"article\" \/>\n<meta property=\"og:title\" content=\"Reportan mot\u00edn en el penal de La Pila, en San Luis Potos\u00ed - Fuentes Fidedignas\" \/>\n<meta property=\"og:description\" content=\"Algunos familiares han llegado al penal para solicitar informes sobre sus familiares. Un supuesto mot\u00edn al interior del Centro de Reinserci\u00f3n Social (Cereso) n\u00famero 1, &#8216;La Pila&#8217;, en San Luis Potos\u00ed, ha movilizado a las autoridades durante la tarde de este jueves.&nbsp; En un recorrido realizado por el equipo de MILENIO, se constat\u00f3 que al [&hellip;]\" \/>\n<meta property=\"og:url\" content=\"https:\/\/fuentesfidedignas.com.mx\/index.php\/2024\/05\/02\/reportan-motin-en-el-penal-de-la-pila-en-san-luis-potosi\/\" \/>\n<meta property=\"og:site_name\" content=\"Fuentes Fidedignas\" \/>\n<meta property=\"article:publisher\" content=\"https:\/\/www.facebook.com\/Fuentes-Fidedignas-368234489921644\" \/>\n<meta property=\"article:published_time\" content=\"2024-05-03T01:41:43+00:00\" \/>\n<meta property=\"article:modified_time\" content=\"2024-05-03T01:42:20+00:00\" \/>\n<meta property=\"og:image\" content=\"https:\/\/fuentesfidedignas.com.mx\/wp-content\/uploads\/2024\/05\/penal-lapila-slp.jpg\" \/>\n\t<meta property=\"og:image:width\" content=\"600\" \/>\n\t<meta property=\"og:image:height\" content=\"334\" \/>\n\t<meta property=\"og:image:type\" content=\"image\/jpeg\" \/>\n<meta name=\"author\" content=\"Milenio\" \/>\n<meta name=\"twitter:card\" content=\"summary_large_image\" \/>\n<meta name=\"twitter:creator\" content=\"@fidedignas\" \/>\n<meta name=\"twitter:site\" content=\"@fidedignas\" \/>\n<meta name=\"twitter:label1\" content=\"Escrito por\" \/>\n\t<meta name=\"twitter:data1\" content=\"Milenio\" \/>\n\t<meta name=\"twitter:label2\" content=\"Tiempo de lectura\" \/>\n\t<meta name=\"twitter:data2\" content=\"2 minutos\" \/>\n<script type=\"application\/ld+json\" class=\"yoast-schema-graph\">{\"@context\":\"https:\\\/\\\/schema.org\",\"@graph\":[{\"@type\":\"Article\",\"@id\":\"https:\\\/\\\/fuentesfidedignas.com.mx\\\/index.php\\\/2024\\\/05\\\/02\\\/reportan-motin-en-el-penal-de-la-pila-en-san-luis-potosi\\\/#article\",\"isPartOf\":{\"@id\":\"https:\\\/\\\/fuentesfidedignas.com.mx\\\/index.php\\\/2024\\\/05\\\/02\\\/reportan-motin-en-el-penal-de-la-pila-en-san-luis-potosi\\\/\"},\"author\":{\"name\":\"Milenio\",\"@id\":\"https:\\\/\\\/fuentesfidedignas.com.mx\\\/#\\\/schema\\\/person\\\/47ec0135738f4b0c7495f06a77a2c976\"},\"headline\":\"Reportan mot\u00edn en el penal de La Pila, en San Luis Potos\u00ed\",\"datePublished\":\"2024-05-03T01:41:43+00:00\",\"dateModified\":\"2024-05-03T01:42:20+00:00\",\"mainEntityOfPage\":{\"@id\":\"https:\\\/\\\/fuentesfidedignas.com.mx\\\/index.php\\\/2024\\\/05\\\/02\\\/reportan-motin-en-el-penal-de-la-pila-en-san-luis-potosi\\\/\"},\"wordCount\":489,\"commentCount\":0,\"publisher\":{\"@id\":\"https:\\\/\\\/fuentesfidedignas.com.mx\\\/#organization\"},\"image\":{\"@id\":\"https:\\\/\\\/fuentesfidedignas.com.mx\\\/index.php\\\/2024\\\/05\\\/02\\\/reportan-motin-en-el-penal-de-la-pila-en-san-luis-potosi\\\/#primaryimage\"},\"thumbnailUrl\":\"https:\\\/\\\/fuentesfidedignas.com.mx\\\/wp-content\\\/uploads\\\/2024\\\/05\\\/penal-lapila-slp.jpg\",\"articleSection\":[\"NOTICIAS NACIONALES\"],\"inLanguage\":\"es\",\"potentialAction\":[{\"@type\":\"CommentAction\",\"name\":\"Comment\",\"target\":[\"https:\\\/\\\/fuentesfidedignas.com.mx\\\/index.php\\\/2024\\\/05\\\/02\\\/reportan-motin-en-el-penal-de-la-pila-en-san-luis-potosi\\\/#respond\"]}]},{\"@type\":\"WebPage\",\"@id\":\"https:\\\/\\\/fuentesfidedignas.com.mx\\\/index.php\\\/2024\\\/05\\\/02\\\/reportan-motin-en-el-penal-de-la-pila-en-san-luis-potosi\\\/\",\"url\":\"https:\\\/\\\/fuentesfidedignas.com.mx\\\/index.php\\\/2024\\\/05\\\/02\\\/reportan-motin-en-el-penal-de-la-pila-en-san-luis-potosi\\\/\",\"name\":\"Reportan mot\u00edn en el penal de La Pila, en San Luis Potos\u00ed - Fuentes Fidedignas\",\"isPartOf\":{\"@id\":\"https:\\\/\\\/fuentesfidedignas.com.mx\\\/#website\"},\"primaryImageOfPage\":{\"@id\":\"https:\\\/\\\/fuentesfidedignas.com.mx\\\/index.php\\\/2024\\\/05\\\/02\\\/reportan-motin-en-el-penal-de-la-pila-en-san-luis-potosi\\\/#primaryimage\"},\"image\":{\"@id\":\"https:\\\/\\\/fuentesfidedignas.com.mx\\\/index.php\\\/2024\\\/05\\\/02\\\/reportan-motin-en-el-penal-de-la-pila-en-san-luis-potosi\\\/#primaryimage\"},\"thumbnailUrl\":\"https:\\\/\\\/fuentesfidedignas.com.mx\\\/wp-content\\\/uploads\\\/2024\\\/05\\\/penal-lapila-slp.jpg\",\"datePublished\":\"2024-05-03T01:41:43+00:00\",\"dateModified\":\"2024-05-03T01:42:20+00:00\",\"breadcrumb\":{\"@id\":\"https:\\\/\\\/fuentesfidedignas.com.mx\\\/index.php\\\/2024\\\/05\\\/02\\\/reportan-motin-en-el-penal-de-la-pila-en-san-luis-potosi\\\/#breadcrumb\"},\"inLanguage\":\"es\",\"potentialAction\":[{\"@type\":\"ReadAction\",\"target\":[\"https:\\\/\\\/fuentesfidedignas.com.mx\\\/index.php\\\/2024\\\/05\\\/02\\\/reportan-motin-en-el-penal-de-la-pila-en-san-luis-potosi\\\/\"]}]},{\"@type\":\"ImageObject\",\"inLanguage\":\"es\",\"@id\":\"https:\\\/\\\/fuentesfidedignas.com.mx\\\/index.php\\\/2024\\\/05\\\/02\\\/reportan-motin-en-el-penal-de-la-pila-en-san-luis-potosi\\\/#primaryimage\",\"url\":\"https:\\\/\\\/fuentesfidedignas.com.mx\\\/wp-content\\\/uploads\\\/2024\\\/05\\\/penal-lapila-slp.jpg\",\"contentUrl\":\"https:\\\/\\\/fuentesfidedignas.com.mx\\\/wp-content\\\/uploads\\\/2024\\\/05\\\/penal-lapila-slp.jpg\",\"width\":600,\"height\":334},{\"@type\":\"BreadcrumbList\",\"@id\":\"https:\\\/\\\/fuentesfidedignas.com.mx\\\/index.php\\\/2024\\\/05\\\/02\\\/reportan-motin-en-el-penal-de-la-pila-en-san-luis-potosi\\\/#breadcrumb\",\"itemListElement\":[{\"@type\":\"ListItem\",\"position\":1,\"name\":\"Inicio\",\"item\":\"https:\\\/\\\/fuentesfidedignas.com.mx\\\/\"},{\"@type\":\"ListItem\",\"position\":2,\"name\":\"Reportan mot\u00edn en el penal de La Pila, en San Luis Potos\u00ed\"}]},{\"@type\":\"WebSite\",\"@id\":\"https:\\\/\\\/fuentesfidedignas.com.mx\\\/#website\",\"url\":\"https:\\\/\\\/fuentesfidedignas.com.mx\\\/\",\"name\":\"Fuentes Fidedignas\",\"description\":\"Otro sitio realizado con WordPress\",\"publisher\":{\"@id\":\"https:\\\/\\\/fuentesfidedignas.com.mx\\\/#organization\"},\"potentialAction\":[{\"@type\":\"SearchAction\",\"target\":{\"@type\":\"EntryPoint\",\"urlTemplate\":\"https:\\\/\\\/fuentesfidedignas.com.mx\\\/?s={search_term_string}\"},\"query-input\":{\"@type\":\"PropertyValueSpecification\",\"valueRequired\":true,\"valueName\":\"search_term_string\"}}],\"inLanguage\":\"es\"},{\"@type\":\"Organization\",\"@id\":\"https:\\\/\\\/fuentesfidedignas.com.mx\\\/#organization\",\"name\":\"Fuentes Fidedignas\",\"url\":\"https:\\\/\\\/fuentesfidedignas.com.mx\\\/\",\"logo\":{\"@type\":\"ImageObject\",\"inLanguage\":\"es\",\"@id\":\"https:\\\/\\\/fuentesfidedignas.com.mx\\\/#\\\/schema\\\/logo\\\/image\\\/\",\"url\":\"https:\\\/\\\/fuentesfidedignas.com.mx\\\/wp-content\\\/uploads\\\/2021\\\/04\\\/logo-retina.png\",\"contentUrl\":\"https:\\\/\\\/fuentesfidedignas.com.mx\\\/wp-content\\\/uploads\\\/2021\\\/04\\\/logo-retina.png\",\"width\":280,\"height\":51,\"caption\":\"Fuentes Fidedignas\"},\"image\":{\"@id\":\"https:\\\/\\\/fuentesfidedignas.com.mx\\\/#\\\/schema\\\/logo\\\/image\\\/\"},\"sameAs\":[\"https:\\\/\\\/www.facebook.com\\\/Fuentes-Fidedignas-368234489921644\",\"https:\\\/\\\/x.com\\\/fidedignas\"]},{\"@type\":\"Person\",\"@id\":\"https:\\\/\\\/fuentesfidedignas.com.mx\\\/#\\\/schema\\\/person\\\/47ec0135738f4b0c7495f06a77a2c976\",\"name\":\"Milenio\",\"image\":{\"@type\":\"ImageObject\",\"inLanguage\":\"es\",\"@id\":\"https:\\\/\\\/secure.gravatar.com\\\/avatar\\\/acabf7b54753e51c2c76457954577c236b3b764789b19879565769739d1e4a75?s=96&d=mm&r=g\",\"url\":\"https:\\\/\\\/secure.gravatar.com\\\/avatar\\\/acabf7b54753e51c2c76457954577c236b3b764789b19879565769739d1e4a75?s=96&d=mm&r=g\",\"contentUrl\":\"https:\\\/\\\/secure.gravatar.com\\\/avatar\\\/acabf7b54753e51c2c76457954577c236b3b764789b19879565769739d1e4a75?s=96&d=mm&r=g\",\"caption\":\"Milenio\"},\"url\":\"https:\\\/\\\/fuentesfidedignas.com.mx\\\/index.php\\\/author\\\/milenio\\\/\"}]}<\/script>\n<!-- \/ Yoast SEO plugin. -->","yoast_head_json":{"title":"Reportan mot\u00edn en el penal de La Pila, en San Luis Potos\u00ed - Fuentes Fidedignas","robots":{"index":"index","follow":"follow","max-snippet":"max-snippet:-1","max-image-preview":"max-image-preview:large","max-video-preview":"max-video-preview:-1"},"canonical":"https:\/\/fuentesfidedignas.com.mx\/index.php\/2024\/05\/02\/reportan-motin-en-el-penal-de-la-pila-en-san-luis-potosi\/","og_locale":"es_MX","og_type":"article","og_title":"Reportan mot\u00edn en el penal de La Pila, en San Luis Potos\u00ed - Fuentes Fidedignas","og_description":"Algunos familiares han llegado al penal para solicitar informes sobre sus familiares. Un supuesto mot\u00edn al interior del Centro de Reinserci\u00f3n Social (Cereso) n\u00famero 1, &#8216;La Pila&#8217;, en San Luis Potos\u00ed, ha movilizado a las autoridades durante la tarde de este jueves.&nbsp; En un recorrido realizado por el equipo de MILENIO, se constat\u00f3 que al [&hellip;]","og_url":"https:\/\/fuentesfidedignas.com.mx\/index.php\/2024\/05\/02\/reportan-motin-en-el-penal-de-la-pila-en-san-luis-potosi\/","og_site_name":"Fuentes Fidedignas","article_publisher":"https:\/\/www.facebook.com\/Fuentes-Fidedignas-368234489921644","article_published_time":"2024-05-03T01:41:43+00:00","article_modified_time":"2024-05-03T01:42:20+00:00","og_image":[{"width":600,"height":334,"url":"https:\/\/fuentesfidedignas.com.mx\/wp-content\/uploads\/2024\/05\/penal-lapila-slp.jpg","type":"image\/jpeg"}],"author":"Milenio","twitter_card":"summary_large_image","twitter_creator":"@fidedignas","twitter_site":"@fidedignas","twitter_misc":{"Escrito por":"Milenio","Tiempo de lectura":"2 minutos"},"schema":{"@context":"https:\/\/schema.org","@graph":[{"@type":"Article","@id":"https:\/\/fuentesfidedignas.com.mx\/index.php\/2024\/05\/02\/reportan-motin-en-el-penal-de-la-pila-en-san-luis-potosi\/#article","isPartOf":{"@id":"https:\/\/fuentesfidedignas.com.mx\/index.php\/2024\/05\/02\/reportan-motin-en-el-penal-de-la-pila-en-san-luis-potosi\/"},"author":{"name":"Milenio","@id":"https:\/\/fuentesfidedignas.com.mx\/#\/schema\/person\/47ec0135738f4b0c7495f06a77a2c976"},"headline":"Reportan mot\u00edn en el penal de La Pila, en San Luis Potos\u00ed","datePublished":"2024-05-03T01:41:43+00:00","dateModified":"2024-05-03T01:42:20+00:00","mainEntityOfPage":{"@id":"https:\/\/fuentesfidedignas.com.mx\/index.php\/2024\/05\/02\/reportan-motin-en-el-penal-de-la-pila-en-san-luis-potosi\/"},"wordCount":489,"commentCount":0,"publisher":{"@id":"https:\/\/fuentesfidedignas.com.mx\/#organization"},"image":{"@id":"https:\/\/fuentesfidedignas.com.mx\/index.php\/2024\/05\/02\/reportan-motin-en-el-penal-de-la-pila-en-san-luis-potosi\/#primaryimage"},"thumbnailUrl":"https:\/\/fuentesfidedignas.com.mx\/wp-content\/uploads\/2024\/05\/penal-lapila-slp.jpg","articleSection":["NOTICIAS NACIONALES"],"inLanguage":"es","potentialAction":[{"@type":"CommentAction","name":"Comment","target":["https:\/\/fuentesfidedignas.com.mx\/index.php\/2024\/05\/02\/reportan-motin-en-el-penal-de-la-pila-en-san-luis-potosi\/#respond"]}]},{"@type":"WebPage","@id":"https:\/\/fuentesfidedignas.com.mx\/index.php\/2024\/05\/02\/reportan-motin-en-el-penal-de-la-pila-en-san-luis-potosi\/","url":"https:\/\/fuentesfidedignas.com.mx\/index.php\/2024\/05\/02\/reportan-motin-en-el-penal-de-la-pila-en-san-luis-potosi\/","name":"Reportan mot\u00edn en el penal de La Pila, en San Luis Potos\u00ed - Fuentes Fidedignas","isPartOf":{"@id":"https:\/\/fuentesfidedignas.com.mx\/#website"},"primaryImageOfPage":{"@id":"https:\/\/fuentesfidedignas.com.mx\/index.php\/2024\/05\/02\/reportan-motin-en-el-penal-de-la-pila-en-san-luis-potosi\/#primaryimage"},"image":{"@id":"https:\/\/fuentesfidedignas.com.mx\/index.php\/2024\/05\/02\/reportan-motin-en-el-penal-de-la-pila-en-san-luis-potosi\/#primaryimage"},"thumbnailUrl":"https:\/\/fuentesfidedignas.com.mx\/wp-content\/uploads\/2024\/05\/penal-lapila-slp.jpg","datePublished":"2024-05-03T01:41:43+00:00","dateModified":"2024-05-03T01:42:20+00:00","breadcrumb":{"@id":"https:\/\/fuentesfidedignas.com.mx\/index.php\/2024\/05\/02\/reportan-motin-en-el-penal-de-la-pila-en-san-luis-potosi\/#breadcrumb"},"inLanguage":"es","potentialAction":[{"@type":"ReadAction","target":["https:\/\/fuentesfidedignas.com.mx\/index.php\/2024\/05\/02\/reportan-motin-en-el-penal-de-la-pila-en-san-luis-potosi\/"]}]},{"@type":"ImageObject","inLanguage":"es","@id":"https:\/\/fuentesfidedignas.com.mx\/index.php\/2024\/05\/02\/reportan-motin-en-el-penal-de-la-pila-en-san-luis-potosi\/#primaryimage","url":"https:\/\/fuentesfidedignas.com.mx\/wp-content\/uploads\/2024\/05\/penal-lapila-slp.jpg","contentUrl":"https:\/\/fuentesfidedignas.com.mx\/wp-content\/uploads\/2024\/05\/penal-lapila-slp.jpg","width":600,"height":334},{"@type":"BreadcrumbList","@id":"https:\/\/fuentesfidedignas.com.mx\/index.php\/2024\/05\/02\/reportan-motin-en-el-penal-de-la-pila-en-san-luis-potosi\/#breadcrumb","itemListElement":[{"@type":"ListItem","position":1,"name":"Inicio","item":"https:\/\/fuentesfidedignas.com.mx\/"},{"@type":"ListItem","position":2,"name":"Reportan mot\u00edn en el penal de La Pila, en San Luis Potos\u00ed"}]},{"@type":"WebSite","@id":"https:\/\/fuentesfidedignas.com.mx\/#website","url":"https:\/\/fuentesfidedignas.com.mx\/","name":"Fuentes Fidedignas","description":"Otro sitio realizado con WordPress","publisher":{"@id":"https:\/\/fuentesfidedignas.com.mx\/#organization"},"potentialAction":[{"@type":"SearchAction","target":{"@type":"EntryPoint","urlTemplate":"https:\/\/fuentesfidedignas.com.mx\/?s={search_term_string}"},"query-input":{"@type":"PropertyValueSpecification","valueRequired":true,"valueName":"search_term_string"}}],"inLanguage":"es"},{"@type":"Organization","@id":"https:\/\/fuentesfidedignas.com.mx\/#organization","name":"Fuentes Fidedignas","url":"https:\/\/fuentesfidedignas.com.mx\/","logo":{"@type":"ImageObject","inLanguage":"es","@id":"https:\/\/fuentesfidedignas.com.mx\/#\/schema\/logo\/image\/","url":"https:\/\/fuentesfidedignas.com.mx\/wp-content\/uploads\/2021\/04\/logo-retina.png","contentUrl":"https:\/\/fuentesfidedignas.com.mx\/wp-content\/uploads\/2021\/04\/logo-retina.png","width":280,"height":51,"caption":"Fuentes Fidedignas"},"image":{"@id":"https:\/\/fuentesfidedignas.com.mx\/#\/schema\/logo\/image\/"},"sameAs":["https:\/\/www.facebook.com\/Fuentes-Fidedignas-368234489921644","https:\/\/x.com\/fidedignas"]},{"@type":"Person","@id":"https:\/\/fuentesfidedignas.com.mx\/#\/schema\/person\/47ec0135738f4b0c7495f06a77a2c976","name":"Milenio","image":{"@type":"ImageObject","inLanguage":"es","@id":"https:\/\/secure.gravatar.com\/avatar\/acabf7b54753e51c2c76457954577c236b3b764789b19879565769739d1e4a75?s=96&d=mm&r=g","url":"https:\/\/secure.gravatar.com\/avatar\/acabf7b54753e51c2c76457954577c236b3b764789b19879565769739d1e4a75?s=96&d=mm&r=g","contentUrl":"https:\/\/secure.gravatar.com\/avatar\/acabf7b54753e51c2c76457954577c236b3b764789b19879565769739d1e4a75?s=96&d=mm&r=g","caption":"Milenio"},"url":"https:\/\/fuentesfidedignas.com.mx\/index.php\/author\/milenio\/"}]}},"_links":{"self":[{"href":"https:\/\/fuentesfidedignas.com.mx\/index.php\/wp-json\/wp\/v2\/posts\/80735","targetHints":{"allow":["GET"]}}],"collection":[{"href":"https:\/\/fuentesfidedignas.com.mx\/index.php\/wp-json\/wp\/v2\/posts"}],"about":[{"href":"https:\/\/fuentesfidedignas.com.mx\/index.php\/wp-json\/wp\/v2\/types\/post"}],"author":[{"embeddable":true,"href":"https:\/\/fuentesfidedignas.com.mx\/index.php\/wp-json\/wp\/v2\/users\/9"}],"replies":[{"embeddable":true,"href":"https:\/\/fuentesfidedignas.com.mx\/index.php\/wp-json\/wp\/v2\/comments?post=80735"}],"version-history":[{"count":2,"href":"https:\/\/fuentesfidedignas.com.mx\/index.php\/wp-json\/wp\/v2\/posts\/80735\/revisions"}],"predecessor-version":[{"id":80738,"href":"https:\/\/fuentesfidedignas.com.mx\/index.php\/wp-json\/wp\/v2\/posts\/80735\/revisions\/80738"}],"wp:featuredmedia":[{"embeddable":true,"href":"https:\/\/fuentesfidedignas.com.mx\/index.php\/wp-json\/wp\/v2\/media\/80736"}],"wp:attachment":[{"href":"https:\/\/fuentesfidedignas.com.mx\/index.php\/wp-json\/wp\/v2\/media?parent=80735"}],"wp:term":[{"taxonomy":"category","embeddable":true,"href":"https:\/\/fuentesfidedignas.com.mx\/index.php\/wp-json\/wp\/v2\/categories?post=80735"},{"taxonomy":"post_tag","embeddable":true,"href":"https:\/\/fuentesfidedignas.com.mx\/index.php\/wp-json\/wp\/v2\/tags?post=80735"}],"curies":[{"name":"wp","href":"https:\/\/api.w.org\/{rel}","templated":true}]}}