{"id":80538,"date":"2024-04-29T09:26:02","date_gmt":"2024-04-29T16:26:02","guid":{"rendered":"https:\/\/fuentesfidedignas.com.mx\/?p=80538"},"modified":"2024-04-30T10:26:27","modified_gmt":"2024-04-30T17:26:27","slug":"estudiante-de-la-uas-investiga-como-eran-las-condiciones-de-la-ninez-durante-el-porfiriato-y-el-canedismo","status":"publish","type":"post","link":"https:\/\/fuentesfidedignas.com.mx\/index.php\/2024\/04\/29\/estudiante-de-la-uas-investiga-como-eran-las-condiciones-de-la-ninez-durante-el-porfiriato-y-el-canedismo\/","title":{"rendered":"Estudiante de la UAS investiga c\u00f3mo eran las condiciones de la ni\u00f1ez durante el Porfiriato y el Ca\u00f1edismo"},"content":{"rendered":"\n<p>Con un inter\u00e9s completamente distinto a la celebraci\u00f3n que ma\u00f1ana se hace del D\u00eda del Ni\u00f1o, en 1921 es cuando por primera vez gracias a los Congresos nacionales e internacionales sobre la infancia se empieza a pensar en la posibilidad de una celebraci\u00f3n.<\/p>\n\n\n\n<p>Las condiciones de vida de los infantes en la \u00faltima d\u00e9cada del Porfiriato y Ca\u00f1edismo y su transici\u00f3n de las calles al aula ser\u00edan algunas de las causas que dar\u00edan origen a este d\u00eda, consider\u00f3 Rosy Gonz\u00e1lez, de la Facultad de Historia de la Universidad Aut\u00f3noma de Sinaloa (UAS).<\/p>\n\n\n\n<p>La alumna del octavo semestre de la licenciatura en Historia, quien estudia las infancias en este periodo, dijo que bajo este contexto los ni\u00f1os se desempe\u00f1aban en ciertos oficios como el ser boleros, otros m\u00e1s trabajando en las labores del campo, vendiendo pan o dulces, as\u00ed como en algunas f\u00e1bricas, donde una minor\u00eda tomar\u00edan las armas.<\/p>\n\n\n\n<p>Pero la primera vez que se celebrar\u00eda como tal esta fecha ser\u00eda en 1925 en el D\u00eda del Trabajo, ya que este v\u00ednculo ni\u00f1o y obrero surgir\u00eda por estos infantes, sin embargo, aclar\u00f3 que en 1921 se crearon por primera vez este d\u00eda condiciones que se dar\u00edan cuatro a\u00f1os despu\u00e9s gracias a los congresos internacionales que se ten\u00edan sobre la infancia y los cuales dar\u00edan visibilidad a este sector.<\/p>\n\n\n\n<p>Entre las fuentes que ha analizado, dijo haber encontrado a trav\u00e9s de la prensa cr\u00edticas que se hac\u00edan sobre los infantes que se encontraban en las calles y no en aulas, adem\u00e1s de no contaban con un oficio, intentando con ello integrar la ideolog\u00eda de la \u00e9poca que era Orden y progreso en el Porfiriato.<\/p>\n\n\n\n<p>Gracias a estas investigaciones, y a modo de recordar la ni\u00f1ez, Gonz\u00e1lez expres\u00f3 que hacen falta historiadores, antrop\u00f3logos, soci\u00f3logos y otros estudiosos que se interesen en el tema, ya que los ni\u00f1os siempre han estado presentes en todos los acontecimientos hist\u00f3ricos, donde nunca se les ha hecho un estudio propio, siendo abordado desde las representaciones.<\/p>\n\n\n\n<p>\u201cMi estudio se enfoca en abordar la diversidad de aspectos relacionados desde la heterogeneidad de su vida cotidiana, su relevancia en la participaci\u00f3n de la realidad social del periodo que matiza sus vidas, abord\u00e1ndolos desde lo hist\u00f3rico a lo contempor\u00e1neo en Sinaloa y M\u00e9xico\u201d, comparti\u00f3.<\/p>\n\n\n\n<p>En ese aspecto, invit\u00f3 a m\u00e1s investigadores acercarse a la ni\u00f1ez con gran respeto, que se interesen en este tipo de temas para convertir el quehacer social e hist\u00f3rico en un espacio abierto a la ni\u00f1ez, diferenciado de los sistemas sociales, pol\u00edticos y econ\u00f3micos que los a\u00edslan, los abandonan y los violentan.<\/p>\n","protected":false},"excerpt":{"rendered":"<p>Con un inter\u00e9s completamente distinto a la celebraci\u00f3n que ma\u00f1ana se hace del D\u00eda del Ni\u00f1o, en 1921 es cuando por primera vez gracias a los Congresos nacionales e internacionales sobre la infancia se empieza a pensar en la posibilidad de una celebraci\u00f3n. Las condiciones de vida de los infantes en la \u00faltima d\u00e9cada del [&hellip;]<\/p>\n","protected":false},"author":4,"featured_media":80539,"comment_status":"open","ping_status":"open","sticky":false,"template":"","format":"standard","meta":{"tdm_status":"","tdm_grid_status":"","footnotes":""},"categories":[31],"tags":[],"class_list":{"0":"post-80538","1":"post","2":"type-post","3":"status-publish","4":"format-standard","5":"has-post-thumbnail","7":"category-sinaloa-positivo"},"yoast_head":"<!-- This site is optimized with the Yoast SEO plugin v27.5 - https:\/\/yoast.com\/product\/yoast-seo-wordpress\/ -->\n<title>Estudiante de la UAS investiga c\u00f3mo eran las condiciones de la ni\u00f1ez durante el Porfiriato y el Ca\u00f1edismo - Fuentes Fidedignas<\/title>\n<meta name=\"robots\" content=\"index, follow, max-snippet:-1, max-image-preview:large, max-video-preview:-1\" \/>\n<link rel=\"canonical\" href=\"https:\/\/fuentesfidedignas.com.mx\/index.php\/2024\/04\/29\/estudiante-de-la-uas-investiga-como-eran-las-condiciones-de-la-ninez-durante-el-porfiriato-y-el-canedismo\/\" \/>\n<meta property=\"og:locale\" content=\"es_MX\" \/>\n<meta property=\"og:type\" content=\"article\" \/>\n<meta property=\"og:title\" content=\"Estudiante de la UAS investiga c\u00f3mo eran las condiciones de la ni\u00f1ez durante el Porfiriato y el Ca\u00f1edismo - Fuentes Fidedignas\" \/>\n<meta property=\"og:description\" content=\"Con un inter\u00e9s completamente distinto a la celebraci\u00f3n que ma\u00f1ana se hace del D\u00eda del Ni\u00f1o, en 1921 es cuando por primera vez gracias a los Congresos nacionales e internacionales sobre la infancia se empieza a pensar en la posibilidad de una celebraci\u00f3n. Las condiciones de vida de los infantes en la \u00faltima d\u00e9cada del [&hellip;]\" \/>\n<meta property=\"og:url\" content=\"https:\/\/fuentesfidedignas.com.mx\/index.php\/2024\/04\/29\/estudiante-de-la-uas-investiga-como-eran-las-condiciones-de-la-ninez-durante-el-porfiriato-y-el-canedismo\/\" \/>\n<meta property=\"og:site_name\" content=\"Fuentes Fidedignas\" \/>\n<meta property=\"article:publisher\" content=\"https:\/\/www.facebook.com\/Fuentes-Fidedignas-368234489921644\" \/>\n<meta property=\"article:published_time\" content=\"2024-04-29T16:26:02+00:00\" \/>\n<meta property=\"article:modified_time\" content=\"2024-04-30T17:26:27+00:00\" \/>\n<meta property=\"og:image\" content=\"https:\/\/fuentesfidedignas.com.mx\/wp-content\/uploads\/2024\/04\/ninos-porfiriato.jpg\" \/>\n\t<meta property=\"og:image:width\" content=\"798\" \/>\n\t<meta property=\"og:image:height\" content=\"529\" \/>\n\t<meta property=\"og:image:type\" content=\"image\/jpeg\" \/>\n<meta name=\"author\" content=\"Redacci\u00f3n\" \/>\n<meta name=\"twitter:card\" content=\"summary_large_image\" \/>\n<meta name=\"twitter:creator\" content=\"@fidedignas\" \/>\n<meta name=\"twitter:site\" content=\"@fidedignas\" \/>\n<meta name=\"twitter:label1\" content=\"Escrito por\" \/>\n\t<meta name=\"twitter:data1\" content=\"Redacci\u00f3n\" \/>\n\t<meta name=\"twitter:label2\" content=\"Tiempo de lectura\" \/>\n\t<meta name=\"twitter:data2\" content=\"2 minutos\" \/>\n<script type=\"application\/ld+json\" class=\"yoast-schema-graph\">{\"@context\":\"https:\\\/\\\/schema.org\",\"@graph\":[{\"@type\":\"Article\",\"@id\":\"https:\\\/\\\/fuentesfidedignas.com.mx\\\/index.php\\\/2024\\\/04\\\/29\\\/estudiante-de-la-uas-investiga-como-eran-las-condiciones-de-la-ninez-durante-el-porfiriato-y-el-canedismo\\\/#article\",\"isPartOf\":{\"@id\":\"https:\\\/\\\/fuentesfidedignas.com.mx\\\/index.php\\\/2024\\\/04\\\/29\\\/estudiante-de-la-uas-investiga-como-eran-las-condiciones-de-la-ninez-durante-el-porfiriato-y-el-canedismo\\\/\"},\"author\":{\"name\":\"Redacci\u00f3n\",\"@id\":\"https:\\\/\\\/fuentesfidedignas.com.mx\\\/#\\\/schema\\\/person\\\/331be9283d37198e2acd5750279085b0\"},\"headline\":\"Estudiante de la UAS investiga c\u00f3mo eran las condiciones de la ni\u00f1ez durante el Porfiriato y el Ca\u00f1edismo\",\"datePublished\":\"2024-04-29T16:26:02+00:00\",\"dateModified\":\"2024-04-30T17:26:27+00:00\",\"mainEntityOfPage\":{\"@id\":\"https:\\\/\\\/fuentesfidedignas.com.mx\\\/index.php\\\/2024\\\/04\\\/29\\\/estudiante-de-la-uas-investiga-como-eran-las-condiciones-de-la-ninez-durante-el-porfiriato-y-el-canedismo\\\/\"},\"wordCount\":497,\"commentCount\":0,\"publisher\":{\"@id\":\"https:\\\/\\\/fuentesfidedignas.com.mx\\\/#organization\"},\"image\":{\"@id\":\"https:\\\/\\\/fuentesfidedignas.com.mx\\\/index.php\\\/2024\\\/04\\\/29\\\/estudiante-de-la-uas-investiga-como-eran-las-condiciones-de-la-ninez-durante-el-porfiriato-y-el-canedismo\\\/#primaryimage\"},\"thumbnailUrl\":\"https:\\\/\\\/fuentesfidedignas.com.mx\\\/wp-content\\\/uploads\\\/2024\\\/04\\\/ninos-porfiriato.jpg\",\"articleSection\":[\"SINALOA POSITIVO\"],\"inLanguage\":\"es\",\"potentialAction\":[{\"@type\":\"CommentAction\",\"name\":\"Comment\",\"target\":[\"https:\\\/\\\/fuentesfidedignas.com.mx\\\/index.php\\\/2024\\\/04\\\/29\\\/estudiante-de-la-uas-investiga-como-eran-las-condiciones-de-la-ninez-durante-el-porfiriato-y-el-canedismo\\\/#respond\"]}]},{\"@type\":\"WebPage\",\"@id\":\"https:\\\/\\\/fuentesfidedignas.com.mx\\\/index.php\\\/2024\\\/04\\\/29\\\/estudiante-de-la-uas-investiga-como-eran-las-condiciones-de-la-ninez-durante-el-porfiriato-y-el-canedismo\\\/\",\"url\":\"https:\\\/\\\/fuentesfidedignas.com.mx\\\/index.php\\\/2024\\\/04\\\/29\\\/estudiante-de-la-uas-investiga-como-eran-las-condiciones-de-la-ninez-durante-el-porfiriato-y-el-canedismo\\\/\",\"name\":\"Estudiante de la UAS investiga c\u00f3mo eran las condiciones de la ni\u00f1ez durante el Porfiriato y el Ca\u00f1edismo - Fuentes Fidedignas\",\"isPartOf\":{\"@id\":\"https:\\\/\\\/fuentesfidedignas.com.mx\\\/#website\"},\"primaryImageOfPage\":{\"@id\":\"https:\\\/\\\/fuentesfidedignas.com.mx\\\/index.php\\\/2024\\\/04\\\/29\\\/estudiante-de-la-uas-investiga-como-eran-las-condiciones-de-la-ninez-durante-el-porfiriato-y-el-canedismo\\\/#primaryimage\"},\"image\":{\"@id\":\"https:\\\/\\\/fuentesfidedignas.com.mx\\\/index.php\\\/2024\\\/04\\\/29\\\/estudiante-de-la-uas-investiga-como-eran-las-condiciones-de-la-ninez-durante-el-porfiriato-y-el-canedismo\\\/#primaryimage\"},\"thumbnailUrl\":\"https:\\\/\\\/fuentesfidedignas.com.mx\\\/wp-content\\\/uploads\\\/2024\\\/04\\\/ninos-porfiriato.jpg\",\"datePublished\":\"2024-04-29T16:26:02+00:00\",\"dateModified\":\"2024-04-30T17:26:27+00:00\",\"breadcrumb\":{\"@id\":\"https:\\\/\\\/fuentesfidedignas.com.mx\\\/index.php\\\/2024\\\/04\\\/29\\\/estudiante-de-la-uas-investiga-como-eran-las-condiciones-de-la-ninez-durante-el-porfiriato-y-el-canedismo\\\/#breadcrumb\"},\"inLanguage\":\"es\",\"potentialAction\":[{\"@type\":\"ReadAction\",\"target\":[\"https:\\\/\\\/fuentesfidedignas.com.mx\\\/index.php\\\/2024\\\/04\\\/29\\\/estudiante-de-la-uas-investiga-como-eran-las-condiciones-de-la-ninez-durante-el-porfiriato-y-el-canedismo\\\/\"]}]},{\"@type\":\"ImageObject\",\"inLanguage\":\"es\",\"@id\":\"https:\\\/\\\/fuentesfidedignas.com.mx\\\/index.php\\\/2024\\\/04\\\/29\\\/estudiante-de-la-uas-investiga-como-eran-las-condiciones-de-la-ninez-durante-el-porfiriato-y-el-canedismo\\\/#primaryimage\",\"url\":\"https:\\\/\\\/fuentesfidedignas.com.mx\\\/wp-content\\\/uploads\\\/2024\\\/04\\\/ninos-porfiriato.jpg\",\"contentUrl\":\"https:\\\/\\\/fuentesfidedignas.com.mx\\\/wp-content\\\/uploads\\\/2024\\\/04\\\/ninos-porfiriato.jpg\",\"width\":798,\"height\":529},{\"@type\":\"BreadcrumbList\",\"@id\":\"https:\\\/\\\/fuentesfidedignas.com.mx\\\/index.php\\\/2024\\\/04\\\/29\\\/estudiante-de-la-uas-investiga-como-eran-las-condiciones-de-la-ninez-durante-el-porfiriato-y-el-canedismo\\\/#breadcrumb\",\"itemListElement\":[{\"@type\":\"ListItem\",\"position\":1,\"name\":\"Inicio\",\"item\":\"https:\\\/\\\/fuentesfidedignas.com.mx\\\/\"},{\"@type\":\"ListItem\",\"position\":2,\"name\":\"Estudiante de la UAS investiga c\u00f3mo eran las condiciones de la ni\u00f1ez durante el Porfiriato y el Ca\u00f1edismo\"}]},{\"@type\":\"WebSite\",\"@id\":\"https:\\\/\\\/fuentesfidedignas.com.mx\\\/#website\",\"url\":\"https:\\\/\\\/fuentesfidedignas.com.mx\\\/\",\"name\":\"Fuentes Fidedignas\",\"description\":\"Otro sitio realizado con WordPress\",\"publisher\":{\"@id\":\"https:\\\/\\\/fuentesfidedignas.com.mx\\\/#organization\"},\"potentialAction\":[{\"@type\":\"SearchAction\",\"target\":{\"@type\":\"EntryPoint\",\"urlTemplate\":\"https:\\\/\\\/fuentesfidedignas.com.mx\\\/?s={search_term_string}\"},\"query-input\":{\"@type\":\"PropertyValueSpecification\",\"valueRequired\":true,\"valueName\":\"search_term_string\"}}],\"inLanguage\":\"es\"},{\"@type\":\"Organization\",\"@id\":\"https:\\\/\\\/fuentesfidedignas.com.mx\\\/#organization\",\"name\":\"Fuentes Fidedignas\",\"url\":\"https:\\\/\\\/fuentesfidedignas.com.mx\\\/\",\"logo\":{\"@type\":\"ImageObject\",\"inLanguage\":\"es\",\"@id\":\"https:\\\/\\\/fuentesfidedignas.com.mx\\\/#\\\/schema\\\/logo\\\/image\\\/\",\"url\":\"https:\\\/\\\/fuentesfidedignas.com.mx\\\/wp-content\\\/uploads\\\/2021\\\/04\\\/logo-retina.png\",\"contentUrl\":\"https:\\\/\\\/fuentesfidedignas.com.mx\\\/wp-content\\\/uploads\\\/2021\\\/04\\\/logo-retina.png\",\"width\":280,\"height\":51,\"caption\":\"Fuentes Fidedignas\"},\"image\":{\"@id\":\"https:\\\/\\\/fuentesfidedignas.com.mx\\\/#\\\/schema\\\/logo\\\/image\\\/\"},\"sameAs\":[\"https:\\\/\\\/www.facebook.com\\\/Fuentes-Fidedignas-368234489921644\",\"https:\\\/\\\/x.com\\\/fidedignas\"]},{\"@type\":\"Person\",\"@id\":\"https:\\\/\\\/fuentesfidedignas.com.mx\\\/#\\\/schema\\\/person\\\/331be9283d37198e2acd5750279085b0\",\"name\":\"Redacci\u00f3n\",\"image\":{\"@type\":\"ImageObject\",\"inLanguage\":\"es\",\"@id\":\"https:\\\/\\\/secure.gravatar.com\\\/avatar\\\/f6d8782c11d12b2d4ad3fbb6931aeab5309937a4d6cd2fc9cfaa28a6396a5aec?s=96&d=mm&r=g\",\"url\":\"https:\\\/\\\/secure.gravatar.com\\\/avatar\\\/f6d8782c11d12b2d4ad3fbb6931aeab5309937a4d6cd2fc9cfaa28a6396a5aec?s=96&d=mm&r=g\",\"contentUrl\":\"https:\\\/\\\/secure.gravatar.com\\\/avatar\\\/f6d8782c11d12b2d4ad3fbb6931aeab5309937a4d6cd2fc9cfaa28a6396a5aec?s=96&d=mm&r=g\",\"caption\":\"Redacci\u00f3n\"},\"url\":\"https:\\\/\\\/fuentesfidedignas.com.mx\\\/index.php\\\/author\\\/redaccion\\\/\"}]}<\/script>\n<!-- \/ Yoast SEO plugin. -->","yoast_head_json":{"title":"Estudiante de la UAS investiga c\u00f3mo eran las condiciones de la ni\u00f1ez durante el Porfiriato y el Ca\u00f1edismo - Fuentes Fidedignas","robots":{"index":"index","follow":"follow","max-snippet":"max-snippet:-1","max-image-preview":"max-image-preview:large","max-video-preview":"max-video-preview:-1"},"canonical":"https:\/\/fuentesfidedignas.com.mx\/index.php\/2024\/04\/29\/estudiante-de-la-uas-investiga-como-eran-las-condiciones-de-la-ninez-durante-el-porfiriato-y-el-canedismo\/","og_locale":"es_MX","og_type":"article","og_title":"Estudiante de la UAS investiga c\u00f3mo eran las condiciones de la ni\u00f1ez durante el Porfiriato y el Ca\u00f1edismo - Fuentes Fidedignas","og_description":"Con un inter\u00e9s completamente distinto a la celebraci\u00f3n que ma\u00f1ana se hace del D\u00eda del Ni\u00f1o, en 1921 es cuando por primera vez gracias a los Congresos nacionales e internacionales sobre la infancia se empieza a pensar en la posibilidad de una celebraci\u00f3n. Las condiciones de vida de los infantes en la \u00faltima d\u00e9cada del [&hellip;]","og_url":"https:\/\/fuentesfidedignas.com.mx\/index.php\/2024\/04\/29\/estudiante-de-la-uas-investiga-como-eran-las-condiciones-de-la-ninez-durante-el-porfiriato-y-el-canedismo\/","og_site_name":"Fuentes Fidedignas","article_publisher":"https:\/\/www.facebook.com\/Fuentes-Fidedignas-368234489921644","article_published_time":"2024-04-29T16:26:02+00:00","article_modified_time":"2024-04-30T17:26:27+00:00","og_image":[{"width":798,"height":529,"url":"https:\/\/fuentesfidedignas.com.mx\/wp-content\/uploads\/2024\/04\/ninos-porfiriato.jpg","type":"image\/jpeg"}],"author":"Redacci\u00f3n","twitter_card":"summary_large_image","twitter_creator":"@fidedignas","twitter_site":"@fidedignas","twitter_misc":{"Escrito por":"Redacci\u00f3n","Tiempo de lectura":"2 minutos"},"schema":{"@context":"https:\/\/schema.org","@graph":[{"@type":"Article","@id":"https:\/\/fuentesfidedignas.com.mx\/index.php\/2024\/04\/29\/estudiante-de-la-uas-investiga-como-eran-las-condiciones-de-la-ninez-durante-el-porfiriato-y-el-canedismo\/#article","isPartOf":{"@id":"https:\/\/fuentesfidedignas.com.mx\/index.php\/2024\/04\/29\/estudiante-de-la-uas-investiga-como-eran-las-condiciones-de-la-ninez-durante-el-porfiriato-y-el-canedismo\/"},"author":{"name":"Redacci\u00f3n","@id":"https:\/\/fuentesfidedignas.com.mx\/#\/schema\/person\/331be9283d37198e2acd5750279085b0"},"headline":"Estudiante de la UAS investiga c\u00f3mo eran las condiciones de la ni\u00f1ez durante el Porfiriato y el Ca\u00f1edismo","datePublished":"2024-04-29T16:26:02+00:00","dateModified":"2024-04-30T17:26:27+00:00","mainEntityOfPage":{"@id":"https:\/\/fuentesfidedignas.com.mx\/index.php\/2024\/04\/29\/estudiante-de-la-uas-investiga-como-eran-las-condiciones-de-la-ninez-durante-el-porfiriato-y-el-canedismo\/"},"wordCount":497,"commentCount":0,"publisher":{"@id":"https:\/\/fuentesfidedignas.com.mx\/#organization"},"image":{"@id":"https:\/\/fuentesfidedignas.com.mx\/index.php\/2024\/04\/29\/estudiante-de-la-uas-investiga-como-eran-las-condiciones-de-la-ninez-durante-el-porfiriato-y-el-canedismo\/#primaryimage"},"thumbnailUrl":"https:\/\/fuentesfidedignas.com.mx\/wp-content\/uploads\/2024\/04\/ninos-porfiriato.jpg","articleSection":["SINALOA POSITIVO"],"inLanguage":"es","potentialAction":[{"@type":"CommentAction","name":"Comment","target":["https:\/\/fuentesfidedignas.com.mx\/index.php\/2024\/04\/29\/estudiante-de-la-uas-investiga-como-eran-las-condiciones-de-la-ninez-durante-el-porfiriato-y-el-canedismo\/#respond"]}]},{"@type":"WebPage","@id":"https:\/\/fuentesfidedignas.com.mx\/index.php\/2024\/04\/29\/estudiante-de-la-uas-investiga-como-eran-las-condiciones-de-la-ninez-durante-el-porfiriato-y-el-canedismo\/","url":"https:\/\/fuentesfidedignas.com.mx\/index.php\/2024\/04\/29\/estudiante-de-la-uas-investiga-como-eran-las-condiciones-de-la-ninez-durante-el-porfiriato-y-el-canedismo\/","name":"Estudiante de la UAS investiga c\u00f3mo eran las condiciones de la ni\u00f1ez durante el Porfiriato y el Ca\u00f1edismo - Fuentes Fidedignas","isPartOf":{"@id":"https:\/\/fuentesfidedignas.com.mx\/#website"},"primaryImageOfPage":{"@id":"https:\/\/fuentesfidedignas.com.mx\/index.php\/2024\/04\/29\/estudiante-de-la-uas-investiga-como-eran-las-condiciones-de-la-ninez-durante-el-porfiriato-y-el-canedismo\/#primaryimage"},"image":{"@id":"https:\/\/fuentesfidedignas.com.mx\/index.php\/2024\/04\/29\/estudiante-de-la-uas-investiga-como-eran-las-condiciones-de-la-ninez-durante-el-porfiriato-y-el-canedismo\/#primaryimage"},"thumbnailUrl":"https:\/\/fuentesfidedignas.com.mx\/wp-content\/uploads\/2024\/04\/ninos-porfiriato.jpg","datePublished":"2024-04-29T16:26:02+00:00","dateModified":"2024-04-30T17:26:27+00:00","breadcrumb":{"@id":"https:\/\/fuentesfidedignas.com.mx\/index.php\/2024\/04\/29\/estudiante-de-la-uas-investiga-como-eran-las-condiciones-de-la-ninez-durante-el-porfiriato-y-el-canedismo\/#breadcrumb"},"inLanguage":"es","potentialAction":[{"@type":"ReadAction","target":["https:\/\/fuentesfidedignas.com.mx\/index.php\/2024\/04\/29\/estudiante-de-la-uas-investiga-como-eran-las-condiciones-de-la-ninez-durante-el-porfiriato-y-el-canedismo\/"]}]},{"@type":"ImageObject","inLanguage":"es","@id":"https:\/\/fuentesfidedignas.com.mx\/index.php\/2024\/04\/29\/estudiante-de-la-uas-investiga-como-eran-las-condiciones-de-la-ninez-durante-el-porfiriato-y-el-canedismo\/#primaryimage","url":"https:\/\/fuentesfidedignas.com.mx\/wp-content\/uploads\/2024\/04\/ninos-porfiriato.jpg","contentUrl":"https:\/\/fuentesfidedignas.com.mx\/wp-content\/uploads\/2024\/04\/ninos-porfiriato.jpg","width":798,"height":529},{"@type":"BreadcrumbList","@id":"https:\/\/fuentesfidedignas.com.mx\/index.php\/2024\/04\/29\/estudiante-de-la-uas-investiga-como-eran-las-condiciones-de-la-ninez-durante-el-porfiriato-y-el-canedismo\/#breadcrumb","itemListElement":[{"@type":"ListItem","position":1,"name":"Inicio","item":"https:\/\/fuentesfidedignas.com.mx\/"},{"@type":"ListItem","position":2,"name":"Estudiante de la UAS investiga c\u00f3mo eran las condiciones de la ni\u00f1ez durante el Porfiriato y el Ca\u00f1edismo"}]},{"@type":"WebSite","@id":"https:\/\/fuentesfidedignas.com.mx\/#website","url":"https:\/\/fuentesfidedignas.com.mx\/","name":"Fuentes Fidedignas","description":"Otro sitio realizado con WordPress","publisher":{"@id":"https:\/\/fuentesfidedignas.com.mx\/#organization"},"potentialAction":[{"@type":"SearchAction","target":{"@type":"EntryPoint","urlTemplate":"https:\/\/fuentesfidedignas.com.mx\/?s={search_term_string}"},"query-input":{"@type":"PropertyValueSpecification","valueRequired":true,"valueName":"search_term_string"}}],"inLanguage":"es"},{"@type":"Organization","@id":"https:\/\/fuentesfidedignas.com.mx\/#organization","name":"Fuentes Fidedignas","url":"https:\/\/fuentesfidedignas.com.mx\/","logo":{"@type":"ImageObject","inLanguage":"es","@id":"https:\/\/fuentesfidedignas.com.mx\/#\/schema\/logo\/image\/","url":"https:\/\/fuentesfidedignas.com.mx\/wp-content\/uploads\/2021\/04\/logo-retina.png","contentUrl":"https:\/\/fuentesfidedignas.com.mx\/wp-content\/uploads\/2021\/04\/logo-retina.png","width":280,"height":51,"caption":"Fuentes Fidedignas"},"image":{"@id":"https:\/\/fuentesfidedignas.com.mx\/#\/schema\/logo\/image\/"},"sameAs":["https:\/\/www.facebook.com\/Fuentes-Fidedignas-368234489921644","https:\/\/x.com\/fidedignas"]},{"@type":"Person","@id":"https:\/\/fuentesfidedignas.com.mx\/#\/schema\/person\/331be9283d37198e2acd5750279085b0","name":"Redacci\u00f3n","image":{"@type":"ImageObject","inLanguage":"es","@id":"https:\/\/secure.gravatar.com\/avatar\/f6d8782c11d12b2d4ad3fbb6931aeab5309937a4d6cd2fc9cfaa28a6396a5aec?s=96&d=mm&r=g","url":"https:\/\/secure.gravatar.com\/avatar\/f6d8782c11d12b2d4ad3fbb6931aeab5309937a4d6cd2fc9cfaa28a6396a5aec?s=96&d=mm&r=g","contentUrl":"https:\/\/secure.gravatar.com\/avatar\/f6d8782c11d12b2d4ad3fbb6931aeab5309937a4d6cd2fc9cfaa28a6396a5aec?s=96&d=mm&r=g","caption":"Redacci\u00f3n"},"url":"https:\/\/fuentesfidedignas.com.mx\/index.php\/author\/redaccion\/"}]}},"_links":{"self":[{"href":"https:\/\/fuentesfidedignas.com.mx\/index.php\/wp-json\/wp\/v2\/posts\/80538","targetHints":{"allow":["GET"]}}],"collection":[{"href":"https:\/\/fuentesfidedignas.com.mx\/index.php\/wp-json\/wp\/v2\/posts"}],"about":[{"href":"https:\/\/fuentesfidedignas.com.mx\/index.php\/wp-json\/wp\/v2\/types\/post"}],"author":[{"embeddable":true,"href":"https:\/\/fuentesfidedignas.com.mx\/index.php\/wp-json\/wp\/v2\/users\/4"}],"replies":[{"embeddable":true,"href":"https:\/\/fuentesfidedignas.com.mx\/index.php\/wp-json\/wp\/v2\/comments?post=80538"}],"version-history":[{"count":1,"href":"https:\/\/fuentesfidedignas.com.mx\/index.php\/wp-json\/wp\/v2\/posts\/80538\/revisions"}],"predecessor-version":[{"id":80540,"href":"https:\/\/fuentesfidedignas.com.mx\/index.php\/wp-json\/wp\/v2\/posts\/80538\/revisions\/80540"}],"wp:featuredmedia":[{"embeddable":true,"href":"https:\/\/fuentesfidedignas.com.mx\/index.php\/wp-json\/wp\/v2\/media\/80539"}],"wp:attachment":[{"href":"https:\/\/fuentesfidedignas.com.mx\/index.php\/wp-json\/wp\/v2\/media?parent=80538"}],"wp:term":[{"taxonomy":"category","embeddable":true,"href":"https:\/\/fuentesfidedignas.com.mx\/index.php\/wp-json\/wp\/v2\/categories?post=80538"},{"taxonomy":"post_tag","embeddable":true,"href":"https:\/\/fuentesfidedignas.com.mx\/index.php\/wp-json\/wp\/v2\/tags?post=80538"}],"curies":[{"name":"wp","href":"https:\/\/api.w.org\/{rel}","templated":true}]}}