{"id":80380,"date":"2024-04-27T19:13:18","date_gmt":"2024-04-28T02:13:18","guid":{"rendered":"https:\/\/fuentesfidedignas.com.mx\/?p=80380"},"modified":"2024-04-27T19:13:18","modified_gmt":"2024-04-28T02:13:18","slug":"el-pueblo-de-sinaloa-de-leyva-con-su-voto-refrendara-el-triunfo-de-la-4t-imelda-e-inzunza","status":"publish","type":"post","link":"https:\/\/fuentesfidedignas.com.mx\/index.php\/2024\/04\/27\/el-pueblo-de-sinaloa-de-leyva-con-su-voto-refrendara-el-triunfo-de-la-4t-imelda-e-inzunza\/","title":{"rendered":"\u201dEl pueblo de Sinaloa de Leyva con su voto refrendar\u00e1 el triunfo de la 4T\u201d; Imelda e Inzunza"},"content":{"rendered":"\n<p><strong><em>Mujeres y hombres sinalo\u00edtas respaldan a los candidatos al Senado por Morena<\/em><\/strong><\/p>\n\n\n\n<p>Sinaloa de Leyva; 27 de abril de 2024.- La traves\u00eda c\u00edvica de los candidatos al Senado por Morena, Imelda Castro y Enrique Inzunza lleg\u00f3 al centro-norte del estado; con dos encuentros masivos, los sinalo\u00edtas refrendaron su respaldo al Movimiento de Regeneraci\u00f3n Nacional.<\/p>\n\n\n\n<p>El d\u00eda 58 de la campa\u00f1a, aglutin\u00f3 a m\u00e1s de mil 600 personas en Maquipo, y otras 500 mujeres en un encuentro de proselitismo en la cabecera de Sinaloa de Leyva; donde los candidatos al senado por Morena, acompa\u00f1aron al candidato a la alcald\u00eda Rolando Mercado, los candidatos Fernando Garc\u00eda y Ver\u00f3nica Avil\u00e9s, a diputados federal y local por el distrito 6, respectivamente.<\/p>\n\n\n\n<p>En la comunidad de Maquipo, Sinaloa de Leyva celebraron un encuentro masivo con ciudadanos de las comunidades; Ejido el Coyote, Siete Ejidos, Potrerillos, Llano Grande, Bacubirito, Estaci\u00f3n Naranjo, Ocoroni, Genaro Estrada, Lazaro C\u00e1rdenas y San Joaqu\u00edn, de Sinaloa de Leyva.<\/p>\n\n\n\n<p>En ambos encuentros los simpatizantes mostraron su total apoyo a los candidatos. Los candidatos al Senado por la coalici\u00f3n Sigamos Haciendo Historia hicieron un llamado a votar por Morena el pr\u00f3ximo 2 de junio para que contin\u00fae la Cuarta Transformaci\u00f3n.<\/p>\n\n\n\n<p>Destacaron la importancia de la unidad y la participaci\u00f3n de las mujeres en la pol\u00edtica, con \u00e9nfasis en la representaci\u00f3n de diversos sectores y la importancia de la igualdad de g\u00e9nero en la vida p\u00fablica del pa\u00eds, as\u00ed como tambi\u00e9n la honestidad, justicia, igualdad y transformaci\u00f3n en la regi\u00f3n.<\/p>\n\n\n\n<p>El candidato a la C\u00e1mara Alta Enrique Inzunza, resalt\u00f3 en su discurso el papel de las mujeres en la sociedad y la importancia de la igualdad de g\u00e9nero, as\u00ed como la necesidad de continuar con los programas sociales para garantizar un piso m\u00ednimo de bienestar para todos.<br>Adem\u00e1s, mencion\u00f3 la aprobaci\u00f3n de una reforma constitucional para garantizar la paridad de g\u00e9nero en todos los cargos.<\/p>\n\n\n\n<p>Enrique Inzunza hizo \u00e9nfasis en que la gente quiere que siga la transformaci\u00f3n; \u201cDesde la costa hasta la sierra, la gente quiere que haya honestidad, justicia, igualdad y un piso parejo para todos\u201d.<\/p>\n\n\n\n<p>La tambi\u00e9n senadora por Sinaloa Imelda Castro, afirm\u00f3 ante las asistentes al encuentro que se dar\u00e1 continuidad a los programas sociales que se pusieron en marcha en la administraci\u00f3n del presidente L\u00f3pez Obrador y comparti\u00f3 que, en la actualidad, el 60% del padr\u00f3n de beneficiarios de dichos programas son mujeres.<\/p>\n\n\n\n<p>Comparti\u00f3, asimismo, que uno de los compromisos cardinales de la Dra. Sheinbaum es combatir, como presidenta, todas las formas de violencia contra las mujeres. \u201cEl agresor tendr\u00e1 que irse de la casa y la mujer podr\u00e1 quedarse con sus hijos en su hogar\u201d, asegur\u00f3.<\/p>\n\n\n\n<p>Tambi\u00e9n record\u00f3 los versos de una canci\u00f3n del c\u00e9lebre cantautor Octavio Norzagaray: \u201cQu\u00e9 gusto volver a nuestra tierra natal\u201d.<\/p>\n\n\n\n<p>\u201cLa tierra es insustituible. Siempre en nuestras diferentes edades nos llega la nostalgia por la tierra\u201d, agreg\u00f3 la candidata, nacida en Agua Caliente de Cebada, perteneciente al municipio de Sinaloa.<\/p>\n\n\n\n<p>Imelda Castro asegur\u00f3 que ella y el resto de los candidatos de Morena son gente del pueblo y que, una vez que se conviertan en representantes populares, seguir\u00e1n si\u00e9ndolo: \u201cEse es el sentido de la pol\u00edtica en la actualidad\u201d.<\/p>\n\n\n\n<p>Ver\u00f3nica Avil\u00e9s, candidata a diputada local por el distrito 6 enfatiz\u00f3 la importancia de la unidad entre las mujeres y su papel en la pol\u00edtica, destacando su deseo de ser la voz de todas las mujeres en el Congreso. Por su parte, Rolando Mercado, candidato por la presidencia municipal, invit\u00f3 a votar por la candidata a la presidencia de la Rep\u00fablica, Claudia Sheinbaum, con el objetivo de transformar Sinaloa votando por Morena en las cinco boletas que se entregar\u00e1n el pr\u00f3ximo 2 de junio.<\/p>\n\n\n\n<p>Los candidatos de Morena destacaron la importancia de la participaci\u00f3n activa en las elecciones para lograr los objetivos planteados, incluyendo la posibilidad de que Sinaloa tenga la m\u00e1s alta votaci\u00f3n en el pa\u00eds, y con ello eliminando el registro del partido local el PAS, entre otros.<\/p>\n","protected":false},"excerpt":{"rendered":"<p>Mujeres y hombres sinalo\u00edtas respaldan a los candidatos al Senado por Morena Sinaloa de Leyva; 27 de abril de 2024.- La traves\u00eda c\u00edvica de los candidatos al Senado por Morena, Imelda Castro y Enrique Inzunza lleg\u00f3 al centro-norte del estado; con dos encuentros masivos, los sinalo\u00edtas refrendaron su respaldo al Movimiento de Regeneraci\u00f3n Nacional. El [&hellip;]<\/p>\n","protected":false},"author":4,"featured_media":80381,"comment_status":"open","ping_status":"open","sticky":false,"template":"","format":"standard","meta":{"tdm_status":"","tdm_grid_status":"","footnotes":""},"categories":[37],"tags":[],"class_list":{"0":"post-80380","1":"post","2":"type-post","3":"status-publish","4":"format-standard","5":"has-post-thumbnail","7":"category-nota-principal"},"yoast_head":"<!-- This site is optimized with the Yoast SEO plugin v27.5 - https:\/\/yoast.com\/product\/yoast-seo-wordpress\/ -->\n<title>\u201dEl pueblo de Sinaloa de Leyva con su voto refrendar\u00e1 el triunfo de la 4T\u201d; Imelda e Inzunza - Fuentes Fidedignas<\/title>\n<meta name=\"robots\" content=\"index, follow, max-snippet:-1, max-image-preview:large, max-video-preview:-1\" \/>\n<link rel=\"canonical\" href=\"https:\/\/fuentesfidedignas.com.mx\/index.php\/2024\/04\/27\/el-pueblo-de-sinaloa-de-leyva-con-su-voto-refrendara-el-triunfo-de-la-4t-imelda-e-inzunza\/\" \/>\n<meta property=\"og:locale\" content=\"es_MX\" \/>\n<meta property=\"og:type\" content=\"article\" \/>\n<meta property=\"og:title\" content=\"\u201dEl pueblo de Sinaloa de Leyva con su voto refrendar\u00e1 el triunfo de la 4T\u201d; Imelda e Inzunza - Fuentes Fidedignas\" \/>\n<meta property=\"og:description\" content=\"Mujeres y hombres sinalo\u00edtas respaldan a los candidatos al Senado por Morena Sinaloa de Leyva; 27 de abril de 2024.- La traves\u00eda c\u00edvica de los candidatos al Senado por Morena, Imelda Castro y Enrique Inzunza lleg\u00f3 al centro-norte del estado; con dos encuentros masivos, los sinalo\u00edtas refrendaron su respaldo al Movimiento de Regeneraci\u00f3n Nacional. El [&hellip;]\" \/>\n<meta property=\"og:url\" content=\"https:\/\/fuentesfidedignas.com.mx\/index.php\/2024\/04\/27\/el-pueblo-de-sinaloa-de-leyva-con-su-voto-refrendara-el-triunfo-de-la-4t-imelda-e-inzunza\/\" \/>\n<meta property=\"og:site_name\" content=\"Fuentes Fidedignas\" \/>\n<meta property=\"article:publisher\" content=\"https:\/\/www.facebook.com\/Fuentes-Fidedignas-368234489921644\" \/>\n<meta property=\"article:published_time\" content=\"2024-04-28T02:13:18+00:00\" \/>\n<meta property=\"og:image\" content=\"https:\/\/fuentesfidedignas.com.mx\/wp-content\/uploads\/2024\/04\/WhatsApp-Image-2024-04-27-at-5.28.55-PM.jpeg\" \/>\n\t<meta property=\"og:image:width\" content=\"600\" \/>\n\t<meta property=\"og:image:height\" content=\"400\" \/>\n\t<meta property=\"og:image:type\" content=\"image\/jpeg\" \/>\n<meta name=\"author\" content=\"Redacci\u00f3n\" \/>\n<meta name=\"twitter:card\" content=\"summary_large_image\" \/>\n<meta name=\"twitter:creator\" content=\"@fidedignas\" \/>\n<meta name=\"twitter:site\" content=\"@fidedignas\" \/>\n<meta name=\"twitter:label1\" content=\"Escrito por\" \/>\n\t<meta name=\"twitter:data1\" content=\"Redacci\u00f3n\" \/>\n\t<meta name=\"twitter:label2\" content=\"Tiempo de lectura\" \/>\n\t<meta name=\"twitter:data2\" content=\"4 minutos\" \/>\n<script type=\"application\/ld+json\" class=\"yoast-schema-graph\">{\"@context\":\"https:\\\/\\\/schema.org\",\"@graph\":[{\"@type\":\"Article\",\"@id\":\"https:\\\/\\\/fuentesfidedignas.com.mx\\\/index.php\\\/2024\\\/04\\\/27\\\/el-pueblo-de-sinaloa-de-leyva-con-su-voto-refrendara-el-triunfo-de-la-4t-imelda-e-inzunza\\\/#article\",\"isPartOf\":{\"@id\":\"https:\\\/\\\/fuentesfidedignas.com.mx\\\/index.php\\\/2024\\\/04\\\/27\\\/el-pueblo-de-sinaloa-de-leyva-con-su-voto-refrendara-el-triunfo-de-la-4t-imelda-e-inzunza\\\/\"},\"author\":{\"name\":\"Redacci\u00f3n\",\"@id\":\"https:\\\/\\\/fuentesfidedignas.com.mx\\\/#\\\/schema\\\/person\\\/331be9283d37198e2acd5750279085b0\"},\"headline\":\"\u201dEl pueblo de Sinaloa de Leyva con su voto refrendar\u00e1 el triunfo de la 4T\u201d; Imelda e Inzunza\",\"datePublished\":\"2024-04-28T02:13:18+00:00\",\"mainEntityOfPage\":{\"@id\":\"https:\\\/\\\/fuentesfidedignas.com.mx\\\/index.php\\\/2024\\\/04\\\/27\\\/el-pueblo-de-sinaloa-de-leyva-con-su-voto-refrendara-el-triunfo-de-la-4t-imelda-e-inzunza\\\/\"},\"wordCount\":721,\"commentCount\":0,\"publisher\":{\"@id\":\"https:\\\/\\\/fuentesfidedignas.com.mx\\\/#organization\"},\"image\":{\"@id\":\"https:\\\/\\\/fuentesfidedignas.com.mx\\\/index.php\\\/2024\\\/04\\\/27\\\/el-pueblo-de-sinaloa-de-leyva-con-su-voto-refrendara-el-triunfo-de-la-4t-imelda-e-inzunza\\\/#primaryimage\"},\"thumbnailUrl\":\"https:\\\/\\\/fuentesfidedignas.com.mx\\\/wp-content\\\/uploads\\\/2024\\\/04\\\/WhatsApp-Image-2024-04-27-at-5.28.55-PM.jpeg\",\"articleSection\":[\"NOTA PRINCIPAL\"],\"inLanguage\":\"es\",\"potentialAction\":[{\"@type\":\"CommentAction\",\"name\":\"Comment\",\"target\":[\"https:\\\/\\\/fuentesfidedignas.com.mx\\\/index.php\\\/2024\\\/04\\\/27\\\/el-pueblo-de-sinaloa-de-leyva-con-su-voto-refrendara-el-triunfo-de-la-4t-imelda-e-inzunza\\\/#respond\"]}]},{\"@type\":\"WebPage\",\"@id\":\"https:\\\/\\\/fuentesfidedignas.com.mx\\\/index.php\\\/2024\\\/04\\\/27\\\/el-pueblo-de-sinaloa-de-leyva-con-su-voto-refrendara-el-triunfo-de-la-4t-imelda-e-inzunza\\\/\",\"url\":\"https:\\\/\\\/fuentesfidedignas.com.mx\\\/index.php\\\/2024\\\/04\\\/27\\\/el-pueblo-de-sinaloa-de-leyva-con-su-voto-refrendara-el-triunfo-de-la-4t-imelda-e-inzunza\\\/\",\"name\":\"\u201dEl pueblo de Sinaloa de Leyva con su voto refrendar\u00e1 el triunfo de la 4T\u201d; Imelda e Inzunza - Fuentes Fidedignas\",\"isPartOf\":{\"@id\":\"https:\\\/\\\/fuentesfidedignas.com.mx\\\/#website\"},\"primaryImageOfPage\":{\"@id\":\"https:\\\/\\\/fuentesfidedignas.com.mx\\\/index.php\\\/2024\\\/04\\\/27\\\/el-pueblo-de-sinaloa-de-leyva-con-su-voto-refrendara-el-triunfo-de-la-4t-imelda-e-inzunza\\\/#primaryimage\"},\"image\":{\"@id\":\"https:\\\/\\\/fuentesfidedignas.com.mx\\\/index.php\\\/2024\\\/04\\\/27\\\/el-pueblo-de-sinaloa-de-leyva-con-su-voto-refrendara-el-triunfo-de-la-4t-imelda-e-inzunza\\\/#primaryimage\"},\"thumbnailUrl\":\"https:\\\/\\\/fuentesfidedignas.com.mx\\\/wp-content\\\/uploads\\\/2024\\\/04\\\/WhatsApp-Image-2024-04-27-at-5.28.55-PM.jpeg\",\"datePublished\":\"2024-04-28T02:13:18+00:00\",\"breadcrumb\":{\"@id\":\"https:\\\/\\\/fuentesfidedignas.com.mx\\\/index.php\\\/2024\\\/04\\\/27\\\/el-pueblo-de-sinaloa-de-leyva-con-su-voto-refrendara-el-triunfo-de-la-4t-imelda-e-inzunza\\\/#breadcrumb\"},\"inLanguage\":\"es\",\"potentialAction\":[{\"@type\":\"ReadAction\",\"target\":[\"https:\\\/\\\/fuentesfidedignas.com.mx\\\/index.php\\\/2024\\\/04\\\/27\\\/el-pueblo-de-sinaloa-de-leyva-con-su-voto-refrendara-el-triunfo-de-la-4t-imelda-e-inzunza\\\/\"]}]},{\"@type\":\"ImageObject\",\"inLanguage\":\"es\",\"@id\":\"https:\\\/\\\/fuentesfidedignas.com.mx\\\/index.php\\\/2024\\\/04\\\/27\\\/el-pueblo-de-sinaloa-de-leyva-con-su-voto-refrendara-el-triunfo-de-la-4t-imelda-e-inzunza\\\/#primaryimage\",\"url\":\"https:\\\/\\\/fuentesfidedignas.com.mx\\\/wp-content\\\/uploads\\\/2024\\\/04\\\/WhatsApp-Image-2024-04-27-at-5.28.55-PM.jpeg\",\"contentUrl\":\"https:\\\/\\\/fuentesfidedignas.com.mx\\\/wp-content\\\/uploads\\\/2024\\\/04\\\/WhatsApp-Image-2024-04-27-at-5.28.55-PM.jpeg\",\"width\":600,\"height\":400},{\"@type\":\"BreadcrumbList\",\"@id\":\"https:\\\/\\\/fuentesfidedignas.com.mx\\\/index.php\\\/2024\\\/04\\\/27\\\/el-pueblo-de-sinaloa-de-leyva-con-su-voto-refrendara-el-triunfo-de-la-4t-imelda-e-inzunza\\\/#breadcrumb\",\"itemListElement\":[{\"@type\":\"ListItem\",\"position\":1,\"name\":\"Inicio\",\"item\":\"https:\\\/\\\/fuentesfidedignas.com.mx\\\/\"},{\"@type\":\"ListItem\",\"position\":2,\"name\":\"\u201dEl pueblo de Sinaloa de Leyva con su voto refrendar\u00e1 el triunfo de la 4T\u201d; Imelda e Inzunza\"}]},{\"@type\":\"WebSite\",\"@id\":\"https:\\\/\\\/fuentesfidedignas.com.mx\\\/#website\",\"url\":\"https:\\\/\\\/fuentesfidedignas.com.mx\\\/\",\"name\":\"Fuentes Fidedignas\",\"description\":\"Otro sitio realizado con WordPress\",\"publisher\":{\"@id\":\"https:\\\/\\\/fuentesfidedignas.com.mx\\\/#organization\"},\"potentialAction\":[{\"@type\":\"SearchAction\",\"target\":{\"@type\":\"EntryPoint\",\"urlTemplate\":\"https:\\\/\\\/fuentesfidedignas.com.mx\\\/?s={search_term_string}\"},\"query-input\":{\"@type\":\"PropertyValueSpecification\",\"valueRequired\":true,\"valueName\":\"search_term_string\"}}],\"inLanguage\":\"es\"},{\"@type\":\"Organization\",\"@id\":\"https:\\\/\\\/fuentesfidedignas.com.mx\\\/#organization\",\"name\":\"Fuentes Fidedignas\",\"url\":\"https:\\\/\\\/fuentesfidedignas.com.mx\\\/\",\"logo\":{\"@type\":\"ImageObject\",\"inLanguage\":\"es\",\"@id\":\"https:\\\/\\\/fuentesfidedignas.com.mx\\\/#\\\/schema\\\/logo\\\/image\\\/\",\"url\":\"https:\\\/\\\/fuentesfidedignas.com.mx\\\/wp-content\\\/uploads\\\/2021\\\/04\\\/logo-retina.png\",\"contentUrl\":\"https:\\\/\\\/fuentesfidedignas.com.mx\\\/wp-content\\\/uploads\\\/2021\\\/04\\\/logo-retina.png\",\"width\":280,\"height\":51,\"caption\":\"Fuentes Fidedignas\"},\"image\":{\"@id\":\"https:\\\/\\\/fuentesfidedignas.com.mx\\\/#\\\/schema\\\/logo\\\/image\\\/\"},\"sameAs\":[\"https:\\\/\\\/www.facebook.com\\\/Fuentes-Fidedignas-368234489921644\",\"https:\\\/\\\/x.com\\\/fidedignas\"]},{\"@type\":\"Person\",\"@id\":\"https:\\\/\\\/fuentesfidedignas.com.mx\\\/#\\\/schema\\\/person\\\/331be9283d37198e2acd5750279085b0\",\"name\":\"Redacci\u00f3n\",\"image\":{\"@type\":\"ImageObject\",\"inLanguage\":\"es\",\"@id\":\"https:\\\/\\\/secure.gravatar.com\\\/avatar\\\/f6d8782c11d12b2d4ad3fbb6931aeab5309937a4d6cd2fc9cfaa28a6396a5aec?s=96&d=mm&r=g\",\"url\":\"https:\\\/\\\/secure.gravatar.com\\\/avatar\\\/f6d8782c11d12b2d4ad3fbb6931aeab5309937a4d6cd2fc9cfaa28a6396a5aec?s=96&d=mm&r=g\",\"contentUrl\":\"https:\\\/\\\/secure.gravatar.com\\\/avatar\\\/f6d8782c11d12b2d4ad3fbb6931aeab5309937a4d6cd2fc9cfaa28a6396a5aec?s=96&d=mm&r=g\",\"caption\":\"Redacci\u00f3n\"},\"url\":\"https:\\\/\\\/fuentesfidedignas.com.mx\\\/index.php\\\/author\\\/redaccion\\\/\"}]}<\/script>\n<!-- \/ Yoast SEO plugin. -->","yoast_head_json":{"title":"\u201dEl pueblo de Sinaloa de Leyva con su voto refrendar\u00e1 el triunfo de la 4T\u201d; Imelda e Inzunza - Fuentes Fidedignas","robots":{"index":"index","follow":"follow","max-snippet":"max-snippet:-1","max-image-preview":"max-image-preview:large","max-video-preview":"max-video-preview:-1"},"canonical":"https:\/\/fuentesfidedignas.com.mx\/index.php\/2024\/04\/27\/el-pueblo-de-sinaloa-de-leyva-con-su-voto-refrendara-el-triunfo-de-la-4t-imelda-e-inzunza\/","og_locale":"es_MX","og_type":"article","og_title":"\u201dEl pueblo de Sinaloa de Leyva con su voto refrendar\u00e1 el triunfo de la 4T\u201d; Imelda e Inzunza - Fuentes Fidedignas","og_description":"Mujeres y hombres sinalo\u00edtas respaldan a los candidatos al Senado por Morena Sinaloa de Leyva; 27 de abril de 2024.- La traves\u00eda c\u00edvica de los candidatos al Senado por Morena, Imelda Castro y Enrique Inzunza lleg\u00f3 al centro-norte del estado; con dos encuentros masivos, los sinalo\u00edtas refrendaron su respaldo al Movimiento de Regeneraci\u00f3n Nacional. El [&hellip;]","og_url":"https:\/\/fuentesfidedignas.com.mx\/index.php\/2024\/04\/27\/el-pueblo-de-sinaloa-de-leyva-con-su-voto-refrendara-el-triunfo-de-la-4t-imelda-e-inzunza\/","og_site_name":"Fuentes Fidedignas","article_publisher":"https:\/\/www.facebook.com\/Fuentes-Fidedignas-368234489921644","article_published_time":"2024-04-28T02:13:18+00:00","og_image":[{"width":600,"height":400,"url":"https:\/\/fuentesfidedignas.com.mx\/wp-content\/uploads\/2024\/04\/WhatsApp-Image-2024-04-27-at-5.28.55-PM.jpeg","type":"image\/jpeg"}],"author":"Redacci\u00f3n","twitter_card":"summary_large_image","twitter_creator":"@fidedignas","twitter_site":"@fidedignas","twitter_misc":{"Escrito por":"Redacci\u00f3n","Tiempo de lectura":"4 minutos"},"schema":{"@context":"https:\/\/schema.org","@graph":[{"@type":"Article","@id":"https:\/\/fuentesfidedignas.com.mx\/index.php\/2024\/04\/27\/el-pueblo-de-sinaloa-de-leyva-con-su-voto-refrendara-el-triunfo-de-la-4t-imelda-e-inzunza\/#article","isPartOf":{"@id":"https:\/\/fuentesfidedignas.com.mx\/index.php\/2024\/04\/27\/el-pueblo-de-sinaloa-de-leyva-con-su-voto-refrendara-el-triunfo-de-la-4t-imelda-e-inzunza\/"},"author":{"name":"Redacci\u00f3n","@id":"https:\/\/fuentesfidedignas.com.mx\/#\/schema\/person\/331be9283d37198e2acd5750279085b0"},"headline":"\u201dEl pueblo de Sinaloa de Leyva con su voto refrendar\u00e1 el triunfo de la 4T\u201d; Imelda e Inzunza","datePublished":"2024-04-28T02:13:18+00:00","mainEntityOfPage":{"@id":"https:\/\/fuentesfidedignas.com.mx\/index.php\/2024\/04\/27\/el-pueblo-de-sinaloa-de-leyva-con-su-voto-refrendara-el-triunfo-de-la-4t-imelda-e-inzunza\/"},"wordCount":721,"commentCount":0,"publisher":{"@id":"https:\/\/fuentesfidedignas.com.mx\/#organization"},"image":{"@id":"https:\/\/fuentesfidedignas.com.mx\/index.php\/2024\/04\/27\/el-pueblo-de-sinaloa-de-leyva-con-su-voto-refrendara-el-triunfo-de-la-4t-imelda-e-inzunza\/#primaryimage"},"thumbnailUrl":"https:\/\/fuentesfidedignas.com.mx\/wp-content\/uploads\/2024\/04\/WhatsApp-Image-2024-04-27-at-5.28.55-PM.jpeg","articleSection":["NOTA PRINCIPAL"],"inLanguage":"es","potentialAction":[{"@type":"CommentAction","name":"Comment","target":["https:\/\/fuentesfidedignas.com.mx\/index.php\/2024\/04\/27\/el-pueblo-de-sinaloa-de-leyva-con-su-voto-refrendara-el-triunfo-de-la-4t-imelda-e-inzunza\/#respond"]}]},{"@type":"WebPage","@id":"https:\/\/fuentesfidedignas.com.mx\/index.php\/2024\/04\/27\/el-pueblo-de-sinaloa-de-leyva-con-su-voto-refrendara-el-triunfo-de-la-4t-imelda-e-inzunza\/","url":"https:\/\/fuentesfidedignas.com.mx\/index.php\/2024\/04\/27\/el-pueblo-de-sinaloa-de-leyva-con-su-voto-refrendara-el-triunfo-de-la-4t-imelda-e-inzunza\/","name":"\u201dEl pueblo de Sinaloa de Leyva con su voto refrendar\u00e1 el triunfo de la 4T\u201d; Imelda e Inzunza - Fuentes Fidedignas","isPartOf":{"@id":"https:\/\/fuentesfidedignas.com.mx\/#website"},"primaryImageOfPage":{"@id":"https:\/\/fuentesfidedignas.com.mx\/index.php\/2024\/04\/27\/el-pueblo-de-sinaloa-de-leyva-con-su-voto-refrendara-el-triunfo-de-la-4t-imelda-e-inzunza\/#primaryimage"},"image":{"@id":"https:\/\/fuentesfidedignas.com.mx\/index.php\/2024\/04\/27\/el-pueblo-de-sinaloa-de-leyva-con-su-voto-refrendara-el-triunfo-de-la-4t-imelda-e-inzunza\/#primaryimage"},"thumbnailUrl":"https:\/\/fuentesfidedignas.com.mx\/wp-content\/uploads\/2024\/04\/WhatsApp-Image-2024-04-27-at-5.28.55-PM.jpeg","datePublished":"2024-04-28T02:13:18+00:00","breadcrumb":{"@id":"https:\/\/fuentesfidedignas.com.mx\/index.php\/2024\/04\/27\/el-pueblo-de-sinaloa-de-leyva-con-su-voto-refrendara-el-triunfo-de-la-4t-imelda-e-inzunza\/#breadcrumb"},"inLanguage":"es","potentialAction":[{"@type":"ReadAction","target":["https:\/\/fuentesfidedignas.com.mx\/index.php\/2024\/04\/27\/el-pueblo-de-sinaloa-de-leyva-con-su-voto-refrendara-el-triunfo-de-la-4t-imelda-e-inzunza\/"]}]},{"@type":"ImageObject","inLanguage":"es","@id":"https:\/\/fuentesfidedignas.com.mx\/index.php\/2024\/04\/27\/el-pueblo-de-sinaloa-de-leyva-con-su-voto-refrendara-el-triunfo-de-la-4t-imelda-e-inzunza\/#primaryimage","url":"https:\/\/fuentesfidedignas.com.mx\/wp-content\/uploads\/2024\/04\/WhatsApp-Image-2024-04-27-at-5.28.55-PM.jpeg","contentUrl":"https:\/\/fuentesfidedignas.com.mx\/wp-content\/uploads\/2024\/04\/WhatsApp-Image-2024-04-27-at-5.28.55-PM.jpeg","width":600,"height":400},{"@type":"BreadcrumbList","@id":"https:\/\/fuentesfidedignas.com.mx\/index.php\/2024\/04\/27\/el-pueblo-de-sinaloa-de-leyva-con-su-voto-refrendara-el-triunfo-de-la-4t-imelda-e-inzunza\/#breadcrumb","itemListElement":[{"@type":"ListItem","position":1,"name":"Inicio","item":"https:\/\/fuentesfidedignas.com.mx\/"},{"@type":"ListItem","position":2,"name":"\u201dEl pueblo de Sinaloa de Leyva con su voto refrendar\u00e1 el triunfo de la 4T\u201d; Imelda e Inzunza"}]},{"@type":"WebSite","@id":"https:\/\/fuentesfidedignas.com.mx\/#website","url":"https:\/\/fuentesfidedignas.com.mx\/","name":"Fuentes Fidedignas","description":"Otro sitio realizado con WordPress","publisher":{"@id":"https:\/\/fuentesfidedignas.com.mx\/#organization"},"potentialAction":[{"@type":"SearchAction","target":{"@type":"EntryPoint","urlTemplate":"https:\/\/fuentesfidedignas.com.mx\/?s={search_term_string}"},"query-input":{"@type":"PropertyValueSpecification","valueRequired":true,"valueName":"search_term_string"}}],"inLanguage":"es"},{"@type":"Organization","@id":"https:\/\/fuentesfidedignas.com.mx\/#organization","name":"Fuentes Fidedignas","url":"https:\/\/fuentesfidedignas.com.mx\/","logo":{"@type":"ImageObject","inLanguage":"es","@id":"https:\/\/fuentesfidedignas.com.mx\/#\/schema\/logo\/image\/","url":"https:\/\/fuentesfidedignas.com.mx\/wp-content\/uploads\/2021\/04\/logo-retina.png","contentUrl":"https:\/\/fuentesfidedignas.com.mx\/wp-content\/uploads\/2021\/04\/logo-retina.png","width":280,"height":51,"caption":"Fuentes Fidedignas"},"image":{"@id":"https:\/\/fuentesfidedignas.com.mx\/#\/schema\/logo\/image\/"},"sameAs":["https:\/\/www.facebook.com\/Fuentes-Fidedignas-368234489921644","https:\/\/x.com\/fidedignas"]},{"@type":"Person","@id":"https:\/\/fuentesfidedignas.com.mx\/#\/schema\/person\/331be9283d37198e2acd5750279085b0","name":"Redacci\u00f3n","image":{"@type":"ImageObject","inLanguage":"es","@id":"https:\/\/secure.gravatar.com\/avatar\/f6d8782c11d12b2d4ad3fbb6931aeab5309937a4d6cd2fc9cfaa28a6396a5aec?s=96&d=mm&r=g","url":"https:\/\/secure.gravatar.com\/avatar\/f6d8782c11d12b2d4ad3fbb6931aeab5309937a4d6cd2fc9cfaa28a6396a5aec?s=96&d=mm&r=g","contentUrl":"https:\/\/secure.gravatar.com\/avatar\/f6d8782c11d12b2d4ad3fbb6931aeab5309937a4d6cd2fc9cfaa28a6396a5aec?s=96&d=mm&r=g","caption":"Redacci\u00f3n"},"url":"https:\/\/fuentesfidedignas.com.mx\/index.php\/author\/redaccion\/"}]}},"_links":{"self":[{"href":"https:\/\/fuentesfidedignas.com.mx\/index.php\/wp-json\/wp\/v2\/posts\/80380","targetHints":{"allow":["GET"]}}],"collection":[{"href":"https:\/\/fuentesfidedignas.com.mx\/index.php\/wp-json\/wp\/v2\/posts"}],"about":[{"href":"https:\/\/fuentesfidedignas.com.mx\/index.php\/wp-json\/wp\/v2\/types\/post"}],"author":[{"embeddable":true,"href":"https:\/\/fuentesfidedignas.com.mx\/index.php\/wp-json\/wp\/v2\/users\/4"}],"replies":[{"embeddable":true,"href":"https:\/\/fuentesfidedignas.com.mx\/index.php\/wp-json\/wp\/v2\/comments?post=80380"}],"version-history":[{"count":1,"href":"https:\/\/fuentesfidedignas.com.mx\/index.php\/wp-json\/wp\/v2\/posts\/80380\/revisions"}],"predecessor-version":[{"id":80382,"href":"https:\/\/fuentesfidedignas.com.mx\/index.php\/wp-json\/wp\/v2\/posts\/80380\/revisions\/80382"}],"wp:featuredmedia":[{"embeddable":true,"href":"https:\/\/fuentesfidedignas.com.mx\/index.php\/wp-json\/wp\/v2\/media\/80381"}],"wp:attachment":[{"href":"https:\/\/fuentesfidedignas.com.mx\/index.php\/wp-json\/wp\/v2\/media?parent=80380"}],"wp:term":[{"taxonomy":"category","embeddable":true,"href":"https:\/\/fuentesfidedignas.com.mx\/index.php\/wp-json\/wp\/v2\/categories?post=80380"},{"taxonomy":"post_tag","embeddable":true,"href":"https:\/\/fuentesfidedignas.com.mx\/index.php\/wp-json\/wp\/v2\/tags?post=80380"}],"curies":[{"name":"wp","href":"https:\/\/api.w.org\/{rel}","templated":true}]}}