{"id":80223,"date":"2024-04-25T18:25:49","date_gmt":"2024-04-26T01:25:49","guid":{"rendered":"https:\/\/fuentesfidedignas.com.mx\/?p=80223"},"modified":"2024-04-25T18:25:49","modified_gmt":"2024-04-26T01:25:49","slug":"en-culiacan-las-cosas-no-estan-bien-ya-es-tiempo-del-cambio-erika-sanchez","status":"publish","type":"post","link":"https:\/\/fuentesfidedignas.com.mx\/index.php\/2024\/04\/25\/en-culiacan-las-cosas-no-estan-bien-ya-es-tiempo-del-cambio-erika-sanchez\/","title":{"rendered":"En Culiac\u00e1n las cosas no est\u00e1n bien, ya es tiempo del cambio: Erika S\u00e1nchez"},"content":{"rendered":"\n<p><strong><em>En M\u00e9xico, en Sinaloa y sobre todo en Culiac\u00e1n la gente sabe que est\u00e1n en el abandono, porque la econom\u00eda est\u00e1 de mal en peor y las autoridades no hacen nada para apoyar a los que realmente lo requieren, afirm\u00f3 la candidata a la Alcald\u00eda por Fuerza y Coraz\u00f3n por Sinaloa.<\/em><\/strong><\/p>\n\n\n\n<p>Culiac\u00e1n, Sin.- En M\u00e9xico, en Sinaloa y en Culiac\u00e1n las cosas no est\u00e1n nada bien, no hay un solo \u00edndice, en materia de seguridad, educaci\u00f3n, salud, econom\u00eda, que hoy est\u00e9 mejor que en el 2018, y la gente lo sabe, por eso el 2 de junio votar\u00e1n por un cambio afirm\u00f3 Erika S\u00e1nchez.<\/p>\n\n\n\n<p>La candidata de PRI, PAN, PRD y PAS explic\u00f3 que cada d\u00eda que recorre las calles la misma gente le pide que apoye el retorno de los verdaderos programas que les beneficiaban como son la escuela de tiempo completo, las estancias infantiles y sobre todo que rescaten los servicios p\u00fablicos de la capital sinaloenses que cada vez est\u00e1n peor.<\/p>\n\n\n\n<p>\u201cNosotros no ocupamos decirle a los culiacanenses, a los sinaloenses, como estamos porque todos los vivimos todos los d\u00edas. Es nuestra realidad, sabemos que estamos desatendidos, tenemos los peores servicios p\u00fablicos que hab\u00edamos tenido en la historia, el ayuntamiento se nos cay\u00f3\u201d, coment\u00f3.<\/p>\n\n\n\n<p>Reitero que el compromiso con la gente es trabajar por aquellos que realmente lo requiere, el trabajador que ocupa la estancia infantil, que no tiene un transporte p\u00fablico digno, al ama de casa que quiere trabajar, pero no tiene donde dejar a sus hijos, que requiere escuelas de tiempo completo o estancias infantiles, es decir, a todos los que realmente se debe apoyar.<\/p>\n\n\n\n<p>Recorriendo calle a calle, la candidata de Fuerza y Coraz\u00f3n por Sinaloa salud\u00f3, en su d\u00eda once de campa\u00f1a, a estudiantes de las escuelas primarias H\u00e9roes de 1864 as\u00ed como Juan Escutia de la colonia Benito Ju\u00e1rez, as\u00ed como a vecinos del sector La Conquista y Urbivilla del Cedro.<\/p>\n","protected":false},"excerpt":{"rendered":"<p>En M\u00e9xico, en Sinaloa y sobre todo en Culiac\u00e1n la gente sabe que est\u00e1n en el abandono, porque la econom\u00eda est\u00e1 de mal en peor y las autoridades no hacen nada para apoyar a los que realmente lo requieren, afirm\u00f3 la candidata a la Alcald\u00eda por Fuerza y Coraz\u00f3n por Sinaloa. Culiac\u00e1n, Sin.- En M\u00e9xico, [&hellip;]<\/p>\n","protected":false},"author":4,"featured_media":80224,"comment_status":"open","ping_status":"open","sticky":false,"template":"","format":"standard","meta":{"tdm_status":"","tdm_grid_status":"","footnotes":""},"categories":[38],"tags":[],"class_list":{"0":"post-80223","1":"post","2":"type-post","3":"status-publish","4":"format-standard","5":"has-post-thumbnail","7":"category-noticias-locales"},"yoast_head":"<!-- This site is optimized with the Yoast SEO plugin v27.4 - https:\/\/yoast.com\/product\/yoast-seo-wordpress\/ -->\n<title>En Culiac\u00e1n las cosas no est\u00e1n bien, ya es tiempo del cambio: Erika S\u00e1nchez - Fuentes Fidedignas<\/title>\n<meta name=\"robots\" content=\"index, follow, max-snippet:-1, max-image-preview:large, max-video-preview:-1\" \/>\n<link rel=\"canonical\" href=\"https:\/\/fuentesfidedignas.com.mx\/index.php\/2024\/04\/25\/en-culiacan-las-cosas-no-estan-bien-ya-es-tiempo-del-cambio-erika-sanchez\/\" \/>\n<meta property=\"og:locale\" content=\"es_MX\" \/>\n<meta property=\"og:type\" content=\"article\" \/>\n<meta property=\"og:title\" content=\"En Culiac\u00e1n las cosas no est\u00e1n bien, ya es tiempo del cambio: Erika S\u00e1nchez - Fuentes Fidedignas\" \/>\n<meta property=\"og:description\" content=\"En M\u00e9xico, en Sinaloa y sobre todo en Culiac\u00e1n la gente sabe que est\u00e1n en el abandono, porque la econom\u00eda est\u00e1 de mal en peor y las autoridades no hacen nada para apoyar a los que realmente lo requieren, afirm\u00f3 la candidata a la Alcald\u00eda por Fuerza y Coraz\u00f3n por Sinaloa. Culiac\u00e1n, Sin.- En M\u00e9xico, [&hellip;]\" \/>\n<meta property=\"og:url\" content=\"https:\/\/fuentesfidedignas.com.mx\/index.php\/2024\/04\/25\/en-culiacan-las-cosas-no-estan-bien-ya-es-tiempo-del-cambio-erika-sanchez\/\" \/>\n<meta property=\"og:site_name\" content=\"Fuentes Fidedignas\" \/>\n<meta property=\"article:publisher\" content=\"https:\/\/www.facebook.com\/Fuentes-Fidedignas-368234489921644\" \/>\n<meta property=\"article:published_time\" content=\"2024-04-26T01:25:49+00:00\" \/>\n<meta property=\"og:image\" content=\"https:\/\/fuentesfidedignas.com.mx\/wp-content\/uploads\/2024\/04\/WhatsApp-Image-2024-04-25-at-6.15.36-PM.jpeg\" \/>\n\t<meta property=\"og:image:width\" content=\"600\" \/>\n\t<meta property=\"og:image:height\" content=\"337\" \/>\n\t<meta property=\"og:image:type\" content=\"image\/jpeg\" \/>\n<meta name=\"author\" content=\"Redacci\u00f3n\" \/>\n<meta name=\"twitter:card\" content=\"summary_large_image\" \/>\n<meta name=\"twitter:creator\" content=\"@fidedignas\" \/>\n<meta name=\"twitter:site\" content=\"@fidedignas\" \/>\n<meta name=\"twitter:label1\" content=\"Escrito por\" \/>\n\t<meta name=\"twitter:data1\" content=\"Redacci\u00f3n\" \/>\n\t<meta name=\"twitter:label2\" content=\"Tiempo de lectura\" \/>\n\t<meta name=\"twitter:data2\" content=\"2 minutos\" \/>\n<script type=\"application\/ld+json\" class=\"yoast-schema-graph\">{\"@context\":\"https:\\\/\\\/schema.org\",\"@graph\":[{\"@type\":\"Article\",\"@id\":\"https:\\\/\\\/fuentesfidedignas.com.mx\\\/index.php\\\/2024\\\/04\\\/25\\\/en-culiacan-las-cosas-no-estan-bien-ya-es-tiempo-del-cambio-erika-sanchez\\\/#article\",\"isPartOf\":{\"@id\":\"https:\\\/\\\/fuentesfidedignas.com.mx\\\/index.php\\\/2024\\\/04\\\/25\\\/en-culiacan-las-cosas-no-estan-bien-ya-es-tiempo-del-cambio-erika-sanchez\\\/\"},\"author\":{\"name\":\"Redacci\u00f3n\",\"@id\":\"https:\\\/\\\/fuentesfidedignas.com.mx\\\/#\\\/schema\\\/person\\\/331be9283d37198e2acd5750279085b0\"},\"headline\":\"En Culiac\u00e1n las cosas no est\u00e1n bien, ya es tiempo del cambio: Erika S\u00e1nchez\",\"datePublished\":\"2024-04-26T01:25:49+00:00\",\"mainEntityOfPage\":{\"@id\":\"https:\\\/\\\/fuentesfidedignas.com.mx\\\/index.php\\\/2024\\\/04\\\/25\\\/en-culiacan-las-cosas-no-estan-bien-ya-es-tiempo-del-cambio-erika-sanchez\\\/\"},\"wordCount\":359,\"commentCount\":0,\"publisher\":{\"@id\":\"https:\\\/\\\/fuentesfidedignas.com.mx\\\/#organization\"},\"image\":{\"@id\":\"https:\\\/\\\/fuentesfidedignas.com.mx\\\/index.php\\\/2024\\\/04\\\/25\\\/en-culiacan-las-cosas-no-estan-bien-ya-es-tiempo-del-cambio-erika-sanchez\\\/#primaryimage\"},\"thumbnailUrl\":\"https:\\\/\\\/fuentesfidedignas.com.mx\\\/wp-content\\\/uploads\\\/2024\\\/04\\\/WhatsApp-Image-2024-04-25-at-6.15.36-PM.jpeg\",\"articleSection\":[\"NOTICIAS LOCALES\"],\"inLanguage\":\"es\",\"potentialAction\":[{\"@type\":\"CommentAction\",\"name\":\"Comment\",\"target\":[\"https:\\\/\\\/fuentesfidedignas.com.mx\\\/index.php\\\/2024\\\/04\\\/25\\\/en-culiacan-las-cosas-no-estan-bien-ya-es-tiempo-del-cambio-erika-sanchez\\\/#respond\"]}]},{\"@type\":\"WebPage\",\"@id\":\"https:\\\/\\\/fuentesfidedignas.com.mx\\\/index.php\\\/2024\\\/04\\\/25\\\/en-culiacan-las-cosas-no-estan-bien-ya-es-tiempo-del-cambio-erika-sanchez\\\/\",\"url\":\"https:\\\/\\\/fuentesfidedignas.com.mx\\\/index.php\\\/2024\\\/04\\\/25\\\/en-culiacan-las-cosas-no-estan-bien-ya-es-tiempo-del-cambio-erika-sanchez\\\/\",\"name\":\"En Culiac\u00e1n las cosas no est\u00e1n bien, ya es tiempo del cambio: Erika S\u00e1nchez - Fuentes Fidedignas\",\"isPartOf\":{\"@id\":\"https:\\\/\\\/fuentesfidedignas.com.mx\\\/#website\"},\"primaryImageOfPage\":{\"@id\":\"https:\\\/\\\/fuentesfidedignas.com.mx\\\/index.php\\\/2024\\\/04\\\/25\\\/en-culiacan-las-cosas-no-estan-bien-ya-es-tiempo-del-cambio-erika-sanchez\\\/#primaryimage\"},\"image\":{\"@id\":\"https:\\\/\\\/fuentesfidedignas.com.mx\\\/index.php\\\/2024\\\/04\\\/25\\\/en-culiacan-las-cosas-no-estan-bien-ya-es-tiempo-del-cambio-erika-sanchez\\\/#primaryimage\"},\"thumbnailUrl\":\"https:\\\/\\\/fuentesfidedignas.com.mx\\\/wp-content\\\/uploads\\\/2024\\\/04\\\/WhatsApp-Image-2024-04-25-at-6.15.36-PM.jpeg\",\"datePublished\":\"2024-04-26T01:25:49+00:00\",\"breadcrumb\":{\"@id\":\"https:\\\/\\\/fuentesfidedignas.com.mx\\\/index.php\\\/2024\\\/04\\\/25\\\/en-culiacan-las-cosas-no-estan-bien-ya-es-tiempo-del-cambio-erika-sanchez\\\/#breadcrumb\"},\"inLanguage\":\"es\",\"potentialAction\":[{\"@type\":\"ReadAction\",\"target\":[\"https:\\\/\\\/fuentesfidedignas.com.mx\\\/index.php\\\/2024\\\/04\\\/25\\\/en-culiacan-las-cosas-no-estan-bien-ya-es-tiempo-del-cambio-erika-sanchez\\\/\"]}]},{\"@type\":\"ImageObject\",\"inLanguage\":\"es\",\"@id\":\"https:\\\/\\\/fuentesfidedignas.com.mx\\\/index.php\\\/2024\\\/04\\\/25\\\/en-culiacan-las-cosas-no-estan-bien-ya-es-tiempo-del-cambio-erika-sanchez\\\/#primaryimage\",\"url\":\"https:\\\/\\\/fuentesfidedignas.com.mx\\\/wp-content\\\/uploads\\\/2024\\\/04\\\/WhatsApp-Image-2024-04-25-at-6.15.36-PM.jpeg\",\"contentUrl\":\"https:\\\/\\\/fuentesfidedignas.com.mx\\\/wp-content\\\/uploads\\\/2024\\\/04\\\/WhatsApp-Image-2024-04-25-at-6.15.36-PM.jpeg\",\"width\":600,\"height\":337},{\"@type\":\"BreadcrumbList\",\"@id\":\"https:\\\/\\\/fuentesfidedignas.com.mx\\\/index.php\\\/2024\\\/04\\\/25\\\/en-culiacan-las-cosas-no-estan-bien-ya-es-tiempo-del-cambio-erika-sanchez\\\/#breadcrumb\",\"itemListElement\":[{\"@type\":\"ListItem\",\"position\":1,\"name\":\"Inicio\",\"item\":\"https:\\\/\\\/fuentesfidedignas.com.mx\\\/\"},{\"@type\":\"ListItem\",\"position\":2,\"name\":\"En Culiac\u00e1n las cosas no est\u00e1n bien, ya es tiempo del cambio: Erika S\u00e1nchez\"}]},{\"@type\":\"WebSite\",\"@id\":\"https:\\\/\\\/fuentesfidedignas.com.mx\\\/#website\",\"url\":\"https:\\\/\\\/fuentesfidedignas.com.mx\\\/\",\"name\":\"Fuentes Fidedignas\",\"description\":\"Otro sitio realizado con WordPress\",\"publisher\":{\"@id\":\"https:\\\/\\\/fuentesfidedignas.com.mx\\\/#organization\"},\"potentialAction\":[{\"@type\":\"SearchAction\",\"target\":{\"@type\":\"EntryPoint\",\"urlTemplate\":\"https:\\\/\\\/fuentesfidedignas.com.mx\\\/?s={search_term_string}\"},\"query-input\":{\"@type\":\"PropertyValueSpecification\",\"valueRequired\":true,\"valueName\":\"search_term_string\"}}],\"inLanguage\":\"es\"},{\"@type\":\"Organization\",\"@id\":\"https:\\\/\\\/fuentesfidedignas.com.mx\\\/#organization\",\"name\":\"Fuentes Fidedignas\",\"url\":\"https:\\\/\\\/fuentesfidedignas.com.mx\\\/\",\"logo\":{\"@type\":\"ImageObject\",\"inLanguage\":\"es\",\"@id\":\"https:\\\/\\\/fuentesfidedignas.com.mx\\\/#\\\/schema\\\/logo\\\/image\\\/\",\"url\":\"https:\\\/\\\/fuentesfidedignas.com.mx\\\/wp-content\\\/uploads\\\/2021\\\/04\\\/logo-retina.png\",\"contentUrl\":\"https:\\\/\\\/fuentesfidedignas.com.mx\\\/wp-content\\\/uploads\\\/2021\\\/04\\\/logo-retina.png\",\"width\":280,\"height\":51,\"caption\":\"Fuentes Fidedignas\"},\"image\":{\"@id\":\"https:\\\/\\\/fuentesfidedignas.com.mx\\\/#\\\/schema\\\/logo\\\/image\\\/\"},\"sameAs\":[\"https:\\\/\\\/www.facebook.com\\\/Fuentes-Fidedignas-368234489921644\",\"https:\\\/\\\/x.com\\\/fidedignas\"]},{\"@type\":\"Person\",\"@id\":\"https:\\\/\\\/fuentesfidedignas.com.mx\\\/#\\\/schema\\\/person\\\/331be9283d37198e2acd5750279085b0\",\"name\":\"Redacci\u00f3n\",\"image\":{\"@type\":\"ImageObject\",\"inLanguage\":\"es\",\"@id\":\"https:\\\/\\\/secure.gravatar.com\\\/avatar\\\/f6d8782c11d12b2d4ad3fbb6931aeab5309937a4d6cd2fc9cfaa28a6396a5aec?s=96&d=mm&r=g\",\"url\":\"https:\\\/\\\/secure.gravatar.com\\\/avatar\\\/f6d8782c11d12b2d4ad3fbb6931aeab5309937a4d6cd2fc9cfaa28a6396a5aec?s=96&d=mm&r=g\",\"contentUrl\":\"https:\\\/\\\/secure.gravatar.com\\\/avatar\\\/f6d8782c11d12b2d4ad3fbb6931aeab5309937a4d6cd2fc9cfaa28a6396a5aec?s=96&d=mm&r=g\",\"caption\":\"Redacci\u00f3n\"},\"url\":\"https:\\\/\\\/fuentesfidedignas.com.mx\\\/index.php\\\/author\\\/redaccion\\\/\"}]}<\/script>\n<!-- \/ Yoast SEO plugin. -->","yoast_head_json":{"title":"En Culiac\u00e1n las cosas no est\u00e1n bien, ya es tiempo del cambio: Erika S\u00e1nchez - Fuentes Fidedignas","robots":{"index":"index","follow":"follow","max-snippet":"max-snippet:-1","max-image-preview":"max-image-preview:large","max-video-preview":"max-video-preview:-1"},"canonical":"https:\/\/fuentesfidedignas.com.mx\/index.php\/2024\/04\/25\/en-culiacan-las-cosas-no-estan-bien-ya-es-tiempo-del-cambio-erika-sanchez\/","og_locale":"es_MX","og_type":"article","og_title":"En Culiac\u00e1n las cosas no est\u00e1n bien, ya es tiempo del cambio: Erika S\u00e1nchez - Fuentes Fidedignas","og_description":"En M\u00e9xico, en Sinaloa y sobre todo en Culiac\u00e1n la gente sabe que est\u00e1n en el abandono, porque la econom\u00eda est\u00e1 de mal en peor y las autoridades no hacen nada para apoyar a los que realmente lo requieren, afirm\u00f3 la candidata a la Alcald\u00eda por Fuerza y Coraz\u00f3n por Sinaloa. Culiac\u00e1n, Sin.- En M\u00e9xico, [&hellip;]","og_url":"https:\/\/fuentesfidedignas.com.mx\/index.php\/2024\/04\/25\/en-culiacan-las-cosas-no-estan-bien-ya-es-tiempo-del-cambio-erika-sanchez\/","og_site_name":"Fuentes Fidedignas","article_publisher":"https:\/\/www.facebook.com\/Fuentes-Fidedignas-368234489921644","article_published_time":"2024-04-26T01:25:49+00:00","og_image":[{"width":600,"height":337,"url":"https:\/\/fuentesfidedignas.com.mx\/wp-content\/uploads\/2024\/04\/WhatsApp-Image-2024-04-25-at-6.15.36-PM.jpeg","type":"image\/jpeg"}],"author":"Redacci\u00f3n","twitter_card":"summary_large_image","twitter_creator":"@fidedignas","twitter_site":"@fidedignas","twitter_misc":{"Escrito por":"Redacci\u00f3n","Tiempo de lectura":"2 minutos"},"schema":{"@context":"https:\/\/schema.org","@graph":[{"@type":"Article","@id":"https:\/\/fuentesfidedignas.com.mx\/index.php\/2024\/04\/25\/en-culiacan-las-cosas-no-estan-bien-ya-es-tiempo-del-cambio-erika-sanchez\/#article","isPartOf":{"@id":"https:\/\/fuentesfidedignas.com.mx\/index.php\/2024\/04\/25\/en-culiacan-las-cosas-no-estan-bien-ya-es-tiempo-del-cambio-erika-sanchez\/"},"author":{"name":"Redacci\u00f3n","@id":"https:\/\/fuentesfidedignas.com.mx\/#\/schema\/person\/331be9283d37198e2acd5750279085b0"},"headline":"En Culiac\u00e1n las cosas no est\u00e1n bien, ya es tiempo del cambio: Erika S\u00e1nchez","datePublished":"2024-04-26T01:25:49+00:00","mainEntityOfPage":{"@id":"https:\/\/fuentesfidedignas.com.mx\/index.php\/2024\/04\/25\/en-culiacan-las-cosas-no-estan-bien-ya-es-tiempo-del-cambio-erika-sanchez\/"},"wordCount":359,"commentCount":0,"publisher":{"@id":"https:\/\/fuentesfidedignas.com.mx\/#organization"},"image":{"@id":"https:\/\/fuentesfidedignas.com.mx\/index.php\/2024\/04\/25\/en-culiacan-las-cosas-no-estan-bien-ya-es-tiempo-del-cambio-erika-sanchez\/#primaryimage"},"thumbnailUrl":"https:\/\/fuentesfidedignas.com.mx\/wp-content\/uploads\/2024\/04\/WhatsApp-Image-2024-04-25-at-6.15.36-PM.jpeg","articleSection":["NOTICIAS LOCALES"],"inLanguage":"es","potentialAction":[{"@type":"CommentAction","name":"Comment","target":["https:\/\/fuentesfidedignas.com.mx\/index.php\/2024\/04\/25\/en-culiacan-las-cosas-no-estan-bien-ya-es-tiempo-del-cambio-erika-sanchez\/#respond"]}]},{"@type":"WebPage","@id":"https:\/\/fuentesfidedignas.com.mx\/index.php\/2024\/04\/25\/en-culiacan-las-cosas-no-estan-bien-ya-es-tiempo-del-cambio-erika-sanchez\/","url":"https:\/\/fuentesfidedignas.com.mx\/index.php\/2024\/04\/25\/en-culiacan-las-cosas-no-estan-bien-ya-es-tiempo-del-cambio-erika-sanchez\/","name":"En Culiac\u00e1n las cosas no est\u00e1n bien, ya es tiempo del cambio: Erika S\u00e1nchez - Fuentes Fidedignas","isPartOf":{"@id":"https:\/\/fuentesfidedignas.com.mx\/#website"},"primaryImageOfPage":{"@id":"https:\/\/fuentesfidedignas.com.mx\/index.php\/2024\/04\/25\/en-culiacan-las-cosas-no-estan-bien-ya-es-tiempo-del-cambio-erika-sanchez\/#primaryimage"},"image":{"@id":"https:\/\/fuentesfidedignas.com.mx\/index.php\/2024\/04\/25\/en-culiacan-las-cosas-no-estan-bien-ya-es-tiempo-del-cambio-erika-sanchez\/#primaryimage"},"thumbnailUrl":"https:\/\/fuentesfidedignas.com.mx\/wp-content\/uploads\/2024\/04\/WhatsApp-Image-2024-04-25-at-6.15.36-PM.jpeg","datePublished":"2024-04-26T01:25:49+00:00","breadcrumb":{"@id":"https:\/\/fuentesfidedignas.com.mx\/index.php\/2024\/04\/25\/en-culiacan-las-cosas-no-estan-bien-ya-es-tiempo-del-cambio-erika-sanchez\/#breadcrumb"},"inLanguage":"es","potentialAction":[{"@type":"ReadAction","target":["https:\/\/fuentesfidedignas.com.mx\/index.php\/2024\/04\/25\/en-culiacan-las-cosas-no-estan-bien-ya-es-tiempo-del-cambio-erika-sanchez\/"]}]},{"@type":"ImageObject","inLanguage":"es","@id":"https:\/\/fuentesfidedignas.com.mx\/index.php\/2024\/04\/25\/en-culiacan-las-cosas-no-estan-bien-ya-es-tiempo-del-cambio-erika-sanchez\/#primaryimage","url":"https:\/\/fuentesfidedignas.com.mx\/wp-content\/uploads\/2024\/04\/WhatsApp-Image-2024-04-25-at-6.15.36-PM.jpeg","contentUrl":"https:\/\/fuentesfidedignas.com.mx\/wp-content\/uploads\/2024\/04\/WhatsApp-Image-2024-04-25-at-6.15.36-PM.jpeg","width":600,"height":337},{"@type":"BreadcrumbList","@id":"https:\/\/fuentesfidedignas.com.mx\/index.php\/2024\/04\/25\/en-culiacan-las-cosas-no-estan-bien-ya-es-tiempo-del-cambio-erika-sanchez\/#breadcrumb","itemListElement":[{"@type":"ListItem","position":1,"name":"Inicio","item":"https:\/\/fuentesfidedignas.com.mx\/"},{"@type":"ListItem","position":2,"name":"En Culiac\u00e1n las cosas no est\u00e1n bien, ya es tiempo del cambio: Erika S\u00e1nchez"}]},{"@type":"WebSite","@id":"https:\/\/fuentesfidedignas.com.mx\/#website","url":"https:\/\/fuentesfidedignas.com.mx\/","name":"Fuentes Fidedignas","description":"Otro sitio realizado con WordPress","publisher":{"@id":"https:\/\/fuentesfidedignas.com.mx\/#organization"},"potentialAction":[{"@type":"SearchAction","target":{"@type":"EntryPoint","urlTemplate":"https:\/\/fuentesfidedignas.com.mx\/?s={search_term_string}"},"query-input":{"@type":"PropertyValueSpecification","valueRequired":true,"valueName":"search_term_string"}}],"inLanguage":"es"},{"@type":"Organization","@id":"https:\/\/fuentesfidedignas.com.mx\/#organization","name":"Fuentes Fidedignas","url":"https:\/\/fuentesfidedignas.com.mx\/","logo":{"@type":"ImageObject","inLanguage":"es","@id":"https:\/\/fuentesfidedignas.com.mx\/#\/schema\/logo\/image\/","url":"https:\/\/fuentesfidedignas.com.mx\/wp-content\/uploads\/2021\/04\/logo-retina.png","contentUrl":"https:\/\/fuentesfidedignas.com.mx\/wp-content\/uploads\/2021\/04\/logo-retina.png","width":280,"height":51,"caption":"Fuentes Fidedignas"},"image":{"@id":"https:\/\/fuentesfidedignas.com.mx\/#\/schema\/logo\/image\/"},"sameAs":["https:\/\/www.facebook.com\/Fuentes-Fidedignas-368234489921644","https:\/\/x.com\/fidedignas"]},{"@type":"Person","@id":"https:\/\/fuentesfidedignas.com.mx\/#\/schema\/person\/331be9283d37198e2acd5750279085b0","name":"Redacci\u00f3n","image":{"@type":"ImageObject","inLanguage":"es","@id":"https:\/\/secure.gravatar.com\/avatar\/f6d8782c11d12b2d4ad3fbb6931aeab5309937a4d6cd2fc9cfaa28a6396a5aec?s=96&d=mm&r=g","url":"https:\/\/secure.gravatar.com\/avatar\/f6d8782c11d12b2d4ad3fbb6931aeab5309937a4d6cd2fc9cfaa28a6396a5aec?s=96&d=mm&r=g","contentUrl":"https:\/\/secure.gravatar.com\/avatar\/f6d8782c11d12b2d4ad3fbb6931aeab5309937a4d6cd2fc9cfaa28a6396a5aec?s=96&d=mm&r=g","caption":"Redacci\u00f3n"},"url":"https:\/\/fuentesfidedignas.com.mx\/index.php\/author\/redaccion\/"}]}},"_links":{"self":[{"href":"https:\/\/fuentesfidedignas.com.mx\/index.php\/wp-json\/wp\/v2\/posts\/80223","targetHints":{"allow":["GET"]}}],"collection":[{"href":"https:\/\/fuentesfidedignas.com.mx\/index.php\/wp-json\/wp\/v2\/posts"}],"about":[{"href":"https:\/\/fuentesfidedignas.com.mx\/index.php\/wp-json\/wp\/v2\/types\/post"}],"author":[{"embeddable":true,"href":"https:\/\/fuentesfidedignas.com.mx\/index.php\/wp-json\/wp\/v2\/users\/4"}],"replies":[{"embeddable":true,"href":"https:\/\/fuentesfidedignas.com.mx\/index.php\/wp-json\/wp\/v2\/comments?post=80223"}],"version-history":[{"count":1,"href":"https:\/\/fuentesfidedignas.com.mx\/index.php\/wp-json\/wp\/v2\/posts\/80223\/revisions"}],"predecessor-version":[{"id":80225,"href":"https:\/\/fuentesfidedignas.com.mx\/index.php\/wp-json\/wp\/v2\/posts\/80223\/revisions\/80225"}],"wp:featuredmedia":[{"embeddable":true,"href":"https:\/\/fuentesfidedignas.com.mx\/index.php\/wp-json\/wp\/v2\/media\/80224"}],"wp:attachment":[{"href":"https:\/\/fuentesfidedignas.com.mx\/index.php\/wp-json\/wp\/v2\/media?parent=80223"}],"wp:term":[{"taxonomy":"category","embeddable":true,"href":"https:\/\/fuentesfidedignas.com.mx\/index.php\/wp-json\/wp\/v2\/categories?post=80223"},{"taxonomy":"post_tag","embeddable":true,"href":"https:\/\/fuentesfidedignas.com.mx\/index.php\/wp-json\/wp\/v2\/tags?post=80223"}],"curies":[{"name":"wp","href":"https:\/\/api.w.org\/{rel}","templated":true}]}}