{"id":80211,"date":"2024-04-25T17:45:42","date_gmt":"2024-04-26T00:45:42","guid":{"rendered":"https:\/\/fuentesfidedignas.com.mx\/?p=80211"},"modified":"2024-04-25T17:47:18","modified_gmt":"2024-04-26T00:47:18","slug":"despenalizan-por-via-judicial-aborto-en-jalisco-ya-suman-13-estados-en-el-pais","status":"publish","type":"post","link":"https:\/\/fuentesfidedignas.com.mx\/index.php\/2024\/04\/25\/despenalizan-por-via-judicial-aborto-en-jalisco-ya-suman-13-estados-en-el-pais\/","title":{"rendered":"Despenalizan por v\u00eda judicial aborto en Jalisco; ya suman 13 estados en el pa\u00eds"},"content":{"rendered":"\n<p><strong><em>Gire y otras organizaciones locales lograron el recurso para que no se criminalice a quien aborte de forma involuntaria<\/em><\/strong><\/p>\n\n\n\n<p>El Segundo Tribunal Colegiado en Materia Penal del Tercer Circuito de Jalisco declar\u00f3, por unanimidad, inconstitucionales los art\u00edculos que proh\u00edben de forma absoluta el aborto voluntario en el C\u00f3digo Penal de Jalisco; adem\u00e1s de derogar el delito de aborto autoprocurado y consentido.<\/p>\n\n\n\n<p>Con esto Jalisco se convierte en la d\u00e9cimo tercera entidad en despenalizar el aborto, esto tras un amparo interpuesto por Gire, una organizaci\u00f3n que desde 2022 ha impulsado una estrategia jur\u00eddica nacional con el objetivo de que a ninguna mujer, hombre trans o persona no binarie gestantes, ni al personal de salud o a las personas que acompa\u00f1an, se les criminalice por aborto.<\/p>\n\n\n\n<p>Dicha estrategia tiene como base la sentencia de Suprema Corte de Justicia de la Naci\u00f3n que en 2021 determin\u00f3 la inconstitucionalidad de la prohibici\u00f3n absoluta del aborto consentido.<\/p>\n\n\n\n<p>La resoluci\u00f3n de este amparo fue presentada por las organizaciones locales Centro de Acompa\u00f1amiento, Desarrollo e Investigaci\u00f3n Feminista A.C., Centro de la Diversidad y los Derechos Sexuales A.C., Omeyocan, Psicoterapia, Sexolog\u00eda y Desarrollo, S.C., Centro de Justicia para la Paz y el Desarrollo A.C., y Colectivo Latinoamericano Emma Goldman A.C.<\/p>\n\n\n\n<p><blockquote class=\"twitter-tweet\"><p lang=\"es\" dir=\"ltr\">Se despenaliza el aborto en Jalisco por v\u00eda judicial. <br>\u00a1Ya son 13! <a href=\"https:\/\/twitter.com\/hashtag\/AbortoLegalJalisco?src=hash&amp;ref_src=twsrc%5Etfw\">#AbortoLegalJalisco<\/a> \ud83d\udc9a \ud83d\udc9a \ud83d\udc9a <a href=\"https:\/\/t.co\/BhDDbUKIr3\">pic.twitter.com\/BhDDbUKIr3<\/a><\/p>\u2014 GIRE (@GIRE_mx) <a href=\"https:\/\/twitter.com\/GIRE_mx\/status\/1783594426662584413?ref_src=twsrc%5Etfw\">April 25, 2024<\/a><\/blockquote> <script async=\"\" src=\"https:\/\/platform.twitter.com\/widgets.js\" charset=\"utf-8\"><\/script><\/p>\n\n\n\n<p>Cabe mencionar que apenas el 6 de septiembre de 2023 en el C\u00f3digo Penal Federal se reiter\u00f3 la inconstitucionalidad de la penalizaci\u00f3n absoluta del aborto y orden\u00f3 al Congreso de la Uni\u00f3n derogar el delito de aborto en dicho C\u00f3digo.<\/p>\n\n\n\n<p>Con esta reforma se garantizar\u00e1 que no se podr\u00e1 criminalizar a ninguna mujer por interrumpir su embarazo hasta la semana 12 de gestaci\u00f3n por cualquier causal y adem\u00e1s el personal m\u00e9dico o personas que las apoyen tambi\u00e9n podr\u00e1n ser juzgadas por este hecho.<\/p>\n\n\n\n<p><strong>\u00bfQu\u00e9 establece el C\u00f3digo Penal de Jalisco sobre el aborto?<\/strong><br>En su art\u00edculo 228, se establec\u00edan el castigo para el aborto voluntario tanto para la mujer que lo practique como quien lo haga por solicitud.<\/p>\n\n\n\n<p>Las penas iban desde cuatro meses hasta dos a\u00f1os de prisi\u00f3n para las mujeres que lo hagan, pero tambi\u00e9n daba opci\u00f3n a &#8220;sustituirlas por un tratamiento m\u00e9dico integral; bastar\u00e1 que lo solicite y ratifique la responsable; lo&nbsp;anterior, siempre y cuando no se presente reincidencia de su parte&#8221;.<\/p>\n\n\n\n<p>Mientras que en el art\u00edculo 229 las razones por las que el aborto no se castiga, las cuales son riesgo de muerte, da\u00f1os grave a la salud de la madre o sea producto de una violaci\u00f3n.<br><\/p>\n","protected":false},"excerpt":{"rendered":"<p>Gire y otras organizaciones locales lograron el recurso para que no se criminalice a quien aborte de forma involuntaria El Segundo Tribunal Colegiado en Materia Penal del Tercer Circuito de Jalisco declar\u00f3, por unanimidad, inconstitucionales los art\u00edculos que proh\u00edben de forma absoluta el aborto voluntario en el C\u00f3digo Penal de Jalisco; adem\u00e1s de derogar el [&hellip;]<\/p>\n","protected":false},"author":9,"featured_media":26145,"comment_status":"open","ping_status":"open","sticky":false,"template":"","format":"standard","meta":{"tdm_status":"","tdm_grid_status":"","footnotes":""},"categories":[39],"tags":[],"class_list":{"0":"post-80211","1":"post","2":"type-post","3":"status-publish","4":"format-standard","5":"has-post-thumbnail","7":"category-noticias-nacionales"},"yoast_head":"<!-- This site is optimized with the Yoast SEO plugin v27.5 - https:\/\/yoast.com\/product\/yoast-seo-wordpress\/ -->\n<title>Despenalizan por v\u00eda judicial aborto en Jalisco; ya suman 13 estados en el pa\u00eds - Fuentes Fidedignas<\/title>\n<meta name=\"robots\" content=\"index, follow, max-snippet:-1, max-image-preview:large, max-video-preview:-1\" \/>\n<link rel=\"canonical\" href=\"https:\/\/fuentesfidedignas.com.mx\/index.php\/2024\/04\/25\/despenalizan-por-via-judicial-aborto-en-jalisco-ya-suman-13-estados-en-el-pais\/\" \/>\n<meta property=\"og:locale\" content=\"es_MX\" \/>\n<meta property=\"og:type\" content=\"article\" \/>\n<meta property=\"og:title\" content=\"Despenalizan por v\u00eda judicial aborto en Jalisco; ya suman 13 estados en el pa\u00eds - Fuentes Fidedignas\" \/>\n<meta property=\"og:description\" content=\"Gire y otras organizaciones locales lograron el recurso para que no se criminalice a quien aborte de forma involuntaria El Segundo Tribunal Colegiado en Materia Penal del Tercer Circuito de Jalisco declar\u00f3, por unanimidad, inconstitucionales los art\u00edculos que proh\u00edben de forma absoluta el aborto voluntario en el C\u00f3digo Penal de Jalisco; adem\u00e1s de derogar el [&hellip;]\" \/>\n<meta property=\"og:url\" content=\"https:\/\/fuentesfidedignas.com.mx\/index.php\/2024\/04\/25\/despenalizan-por-via-judicial-aborto-en-jalisco-ya-suman-13-estados-en-el-pais\/\" \/>\n<meta property=\"og:site_name\" content=\"Fuentes Fidedignas\" \/>\n<meta property=\"article:publisher\" content=\"https:\/\/www.facebook.com\/Fuentes-Fidedignas-368234489921644\" \/>\n<meta property=\"article:published_time\" content=\"2024-04-26T00:45:42+00:00\" \/>\n<meta property=\"article:modified_time\" content=\"2024-04-26T00:47:18+00:00\" \/>\n<meta property=\"og:image\" content=\"https:\/\/fuentesfidedignas.com.mx\/wp-content\/uploads\/2022\/03\/MUJER_ABORTO.jpg\" \/>\n\t<meta property=\"og:image:width\" content=\"1280\" \/>\n\t<meta property=\"og:image:height\" content=\"720\" \/>\n\t<meta property=\"og:image:type\" content=\"image\/jpeg\" \/>\n<meta name=\"author\" content=\"Milenio\" \/>\n<meta name=\"twitter:card\" content=\"summary_large_image\" \/>\n<meta name=\"twitter:creator\" content=\"@fidedignas\" \/>\n<meta name=\"twitter:site\" content=\"@fidedignas\" \/>\n<meta name=\"twitter:label1\" content=\"Escrito por\" \/>\n\t<meta name=\"twitter:data1\" content=\"Milenio\" \/>\n\t<meta name=\"twitter:label2\" content=\"Tiempo de lectura\" \/>\n\t<meta name=\"twitter:data2\" content=\"2 minutos\" \/>\n<script type=\"application\/ld+json\" class=\"yoast-schema-graph\">{\"@context\":\"https:\\\/\\\/schema.org\",\"@graph\":[{\"@type\":\"Article\",\"@id\":\"https:\\\/\\\/fuentesfidedignas.com.mx\\\/index.php\\\/2024\\\/04\\\/25\\\/despenalizan-por-via-judicial-aborto-en-jalisco-ya-suman-13-estados-en-el-pais\\\/#article\",\"isPartOf\":{\"@id\":\"https:\\\/\\\/fuentesfidedignas.com.mx\\\/index.php\\\/2024\\\/04\\\/25\\\/despenalizan-por-via-judicial-aborto-en-jalisco-ya-suman-13-estados-en-el-pais\\\/\"},\"author\":{\"name\":\"Milenio\",\"@id\":\"https:\\\/\\\/fuentesfidedignas.com.mx\\\/#\\\/schema\\\/person\\\/47ec0135738f4b0c7495f06a77a2c976\"},\"headline\":\"Despenalizan por v\u00eda judicial aborto en Jalisco; ya suman 13 estados en el pa\u00eds\",\"datePublished\":\"2024-04-26T00:45:42+00:00\",\"dateModified\":\"2024-04-26T00:47:18+00:00\",\"mainEntityOfPage\":{\"@id\":\"https:\\\/\\\/fuentesfidedignas.com.mx\\\/index.php\\\/2024\\\/04\\\/25\\\/despenalizan-por-via-judicial-aborto-en-jalisco-ya-suman-13-estados-en-el-pais\\\/\"},\"wordCount\":473,\"commentCount\":0,\"publisher\":{\"@id\":\"https:\\\/\\\/fuentesfidedignas.com.mx\\\/#organization\"},\"image\":{\"@id\":\"https:\\\/\\\/fuentesfidedignas.com.mx\\\/index.php\\\/2024\\\/04\\\/25\\\/despenalizan-por-via-judicial-aborto-en-jalisco-ya-suman-13-estados-en-el-pais\\\/#primaryimage\"},\"thumbnailUrl\":\"https:\\\/\\\/fuentesfidedignas.com.mx\\\/wp-content\\\/uploads\\\/2022\\\/03\\\/MUJER_ABORTO.jpg\",\"articleSection\":[\"NOTICIAS NACIONALES\"],\"inLanguage\":\"es\",\"potentialAction\":[{\"@type\":\"CommentAction\",\"name\":\"Comment\",\"target\":[\"https:\\\/\\\/fuentesfidedignas.com.mx\\\/index.php\\\/2024\\\/04\\\/25\\\/despenalizan-por-via-judicial-aborto-en-jalisco-ya-suman-13-estados-en-el-pais\\\/#respond\"]}]},{\"@type\":\"WebPage\",\"@id\":\"https:\\\/\\\/fuentesfidedignas.com.mx\\\/index.php\\\/2024\\\/04\\\/25\\\/despenalizan-por-via-judicial-aborto-en-jalisco-ya-suman-13-estados-en-el-pais\\\/\",\"url\":\"https:\\\/\\\/fuentesfidedignas.com.mx\\\/index.php\\\/2024\\\/04\\\/25\\\/despenalizan-por-via-judicial-aborto-en-jalisco-ya-suman-13-estados-en-el-pais\\\/\",\"name\":\"Despenalizan por v\u00eda judicial aborto en Jalisco; ya suman 13 estados en el pa\u00eds - Fuentes Fidedignas\",\"isPartOf\":{\"@id\":\"https:\\\/\\\/fuentesfidedignas.com.mx\\\/#website\"},\"primaryImageOfPage\":{\"@id\":\"https:\\\/\\\/fuentesfidedignas.com.mx\\\/index.php\\\/2024\\\/04\\\/25\\\/despenalizan-por-via-judicial-aborto-en-jalisco-ya-suman-13-estados-en-el-pais\\\/#primaryimage\"},\"image\":{\"@id\":\"https:\\\/\\\/fuentesfidedignas.com.mx\\\/index.php\\\/2024\\\/04\\\/25\\\/despenalizan-por-via-judicial-aborto-en-jalisco-ya-suman-13-estados-en-el-pais\\\/#primaryimage\"},\"thumbnailUrl\":\"https:\\\/\\\/fuentesfidedignas.com.mx\\\/wp-content\\\/uploads\\\/2022\\\/03\\\/MUJER_ABORTO.jpg\",\"datePublished\":\"2024-04-26T00:45:42+00:00\",\"dateModified\":\"2024-04-26T00:47:18+00:00\",\"breadcrumb\":{\"@id\":\"https:\\\/\\\/fuentesfidedignas.com.mx\\\/index.php\\\/2024\\\/04\\\/25\\\/despenalizan-por-via-judicial-aborto-en-jalisco-ya-suman-13-estados-en-el-pais\\\/#breadcrumb\"},\"inLanguage\":\"es\",\"potentialAction\":[{\"@type\":\"ReadAction\",\"target\":[\"https:\\\/\\\/fuentesfidedignas.com.mx\\\/index.php\\\/2024\\\/04\\\/25\\\/despenalizan-por-via-judicial-aborto-en-jalisco-ya-suman-13-estados-en-el-pais\\\/\"]}]},{\"@type\":\"ImageObject\",\"inLanguage\":\"es\",\"@id\":\"https:\\\/\\\/fuentesfidedignas.com.mx\\\/index.php\\\/2024\\\/04\\\/25\\\/despenalizan-por-via-judicial-aborto-en-jalisco-ya-suman-13-estados-en-el-pais\\\/#primaryimage\",\"url\":\"https:\\\/\\\/fuentesfidedignas.com.mx\\\/wp-content\\\/uploads\\\/2022\\\/03\\\/MUJER_ABORTO.jpg\",\"contentUrl\":\"https:\\\/\\\/fuentesfidedignas.com.mx\\\/wp-content\\\/uploads\\\/2022\\\/03\\\/MUJER_ABORTO.jpg\",\"width\":1280,\"height\":720},{\"@type\":\"BreadcrumbList\",\"@id\":\"https:\\\/\\\/fuentesfidedignas.com.mx\\\/index.php\\\/2024\\\/04\\\/25\\\/despenalizan-por-via-judicial-aborto-en-jalisco-ya-suman-13-estados-en-el-pais\\\/#breadcrumb\",\"itemListElement\":[{\"@type\":\"ListItem\",\"position\":1,\"name\":\"Inicio\",\"item\":\"https:\\\/\\\/fuentesfidedignas.com.mx\\\/\"},{\"@type\":\"ListItem\",\"position\":2,\"name\":\"Despenalizan por v\u00eda judicial aborto en Jalisco; ya suman 13 estados en el pa\u00eds\"}]},{\"@type\":\"WebSite\",\"@id\":\"https:\\\/\\\/fuentesfidedignas.com.mx\\\/#website\",\"url\":\"https:\\\/\\\/fuentesfidedignas.com.mx\\\/\",\"name\":\"Fuentes Fidedignas\",\"description\":\"Otro sitio realizado con WordPress\",\"publisher\":{\"@id\":\"https:\\\/\\\/fuentesfidedignas.com.mx\\\/#organization\"},\"potentialAction\":[{\"@type\":\"SearchAction\",\"target\":{\"@type\":\"EntryPoint\",\"urlTemplate\":\"https:\\\/\\\/fuentesfidedignas.com.mx\\\/?s={search_term_string}\"},\"query-input\":{\"@type\":\"PropertyValueSpecification\",\"valueRequired\":true,\"valueName\":\"search_term_string\"}}],\"inLanguage\":\"es\"},{\"@type\":\"Organization\",\"@id\":\"https:\\\/\\\/fuentesfidedignas.com.mx\\\/#organization\",\"name\":\"Fuentes Fidedignas\",\"url\":\"https:\\\/\\\/fuentesfidedignas.com.mx\\\/\",\"logo\":{\"@type\":\"ImageObject\",\"inLanguage\":\"es\",\"@id\":\"https:\\\/\\\/fuentesfidedignas.com.mx\\\/#\\\/schema\\\/logo\\\/image\\\/\",\"url\":\"https:\\\/\\\/fuentesfidedignas.com.mx\\\/wp-content\\\/uploads\\\/2021\\\/04\\\/logo-retina.png\",\"contentUrl\":\"https:\\\/\\\/fuentesfidedignas.com.mx\\\/wp-content\\\/uploads\\\/2021\\\/04\\\/logo-retina.png\",\"width\":280,\"height\":51,\"caption\":\"Fuentes Fidedignas\"},\"image\":{\"@id\":\"https:\\\/\\\/fuentesfidedignas.com.mx\\\/#\\\/schema\\\/logo\\\/image\\\/\"},\"sameAs\":[\"https:\\\/\\\/www.facebook.com\\\/Fuentes-Fidedignas-368234489921644\",\"https:\\\/\\\/x.com\\\/fidedignas\"]},{\"@type\":\"Person\",\"@id\":\"https:\\\/\\\/fuentesfidedignas.com.mx\\\/#\\\/schema\\\/person\\\/47ec0135738f4b0c7495f06a77a2c976\",\"name\":\"Milenio\",\"image\":{\"@type\":\"ImageObject\",\"inLanguage\":\"es\",\"@id\":\"https:\\\/\\\/secure.gravatar.com\\\/avatar\\\/acabf7b54753e51c2c76457954577c236b3b764789b19879565769739d1e4a75?s=96&d=mm&r=g\",\"url\":\"https:\\\/\\\/secure.gravatar.com\\\/avatar\\\/acabf7b54753e51c2c76457954577c236b3b764789b19879565769739d1e4a75?s=96&d=mm&r=g\",\"contentUrl\":\"https:\\\/\\\/secure.gravatar.com\\\/avatar\\\/acabf7b54753e51c2c76457954577c236b3b764789b19879565769739d1e4a75?s=96&d=mm&r=g\",\"caption\":\"Milenio\"},\"url\":\"https:\\\/\\\/fuentesfidedignas.com.mx\\\/index.php\\\/author\\\/milenio\\\/\"}]}<\/script>\n<!-- \/ Yoast SEO plugin. -->","yoast_head_json":{"title":"Despenalizan por v\u00eda judicial aborto en Jalisco; ya suman 13 estados en el pa\u00eds - Fuentes Fidedignas","robots":{"index":"index","follow":"follow","max-snippet":"max-snippet:-1","max-image-preview":"max-image-preview:large","max-video-preview":"max-video-preview:-1"},"canonical":"https:\/\/fuentesfidedignas.com.mx\/index.php\/2024\/04\/25\/despenalizan-por-via-judicial-aborto-en-jalisco-ya-suman-13-estados-en-el-pais\/","og_locale":"es_MX","og_type":"article","og_title":"Despenalizan por v\u00eda judicial aborto en Jalisco; ya suman 13 estados en el pa\u00eds - Fuentes Fidedignas","og_description":"Gire y otras organizaciones locales lograron el recurso para que no se criminalice a quien aborte de forma involuntaria El Segundo Tribunal Colegiado en Materia Penal del Tercer Circuito de Jalisco declar\u00f3, por unanimidad, inconstitucionales los art\u00edculos que proh\u00edben de forma absoluta el aborto voluntario en el C\u00f3digo Penal de Jalisco; adem\u00e1s de derogar el [&hellip;]","og_url":"https:\/\/fuentesfidedignas.com.mx\/index.php\/2024\/04\/25\/despenalizan-por-via-judicial-aborto-en-jalisco-ya-suman-13-estados-en-el-pais\/","og_site_name":"Fuentes Fidedignas","article_publisher":"https:\/\/www.facebook.com\/Fuentes-Fidedignas-368234489921644","article_published_time":"2024-04-26T00:45:42+00:00","article_modified_time":"2024-04-26T00:47:18+00:00","og_image":[{"width":1280,"height":720,"url":"https:\/\/fuentesfidedignas.com.mx\/wp-content\/uploads\/2022\/03\/MUJER_ABORTO.jpg","type":"image\/jpeg"}],"author":"Milenio","twitter_card":"summary_large_image","twitter_creator":"@fidedignas","twitter_site":"@fidedignas","twitter_misc":{"Escrito por":"Milenio","Tiempo de lectura":"2 minutos"},"schema":{"@context":"https:\/\/schema.org","@graph":[{"@type":"Article","@id":"https:\/\/fuentesfidedignas.com.mx\/index.php\/2024\/04\/25\/despenalizan-por-via-judicial-aborto-en-jalisco-ya-suman-13-estados-en-el-pais\/#article","isPartOf":{"@id":"https:\/\/fuentesfidedignas.com.mx\/index.php\/2024\/04\/25\/despenalizan-por-via-judicial-aborto-en-jalisco-ya-suman-13-estados-en-el-pais\/"},"author":{"name":"Milenio","@id":"https:\/\/fuentesfidedignas.com.mx\/#\/schema\/person\/47ec0135738f4b0c7495f06a77a2c976"},"headline":"Despenalizan por v\u00eda judicial aborto en Jalisco; ya suman 13 estados en el pa\u00eds","datePublished":"2024-04-26T00:45:42+00:00","dateModified":"2024-04-26T00:47:18+00:00","mainEntityOfPage":{"@id":"https:\/\/fuentesfidedignas.com.mx\/index.php\/2024\/04\/25\/despenalizan-por-via-judicial-aborto-en-jalisco-ya-suman-13-estados-en-el-pais\/"},"wordCount":473,"commentCount":0,"publisher":{"@id":"https:\/\/fuentesfidedignas.com.mx\/#organization"},"image":{"@id":"https:\/\/fuentesfidedignas.com.mx\/index.php\/2024\/04\/25\/despenalizan-por-via-judicial-aborto-en-jalisco-ya-suman-13-estados-en-el-pais\/#primaryimage"},"thumbnailUrl":"https:\/\/fuentesfidedignas.com.mx\/wp-content\/uploads\/2022\/03\/MUJER_ABORTO.jpg","articleSection":["NOTICIAS NACIONALES"],"inLanguage":"es","potentialAction":[{"@type":"CommentAction","name":"Comment","target":["https:\/\/fuentesfidedignas.com.mx\/index.php\/2024\/04\/25\/despenalizan-por-via-judicial-aborto-en-jalisco-ya-suman-13-estados-en-el-pais\/#respond"]}]},{"@type":"WebPage","@id":"https:\/\/fuentesfidedignas.com.mx\/index.php\/2024\/04\/25\/despenalizan-por-via-judicial-aborto-en-jalisco-ya-suman-13-estados-en-el-pais\/","url":"https:\/\/fuentesfidedignas.com.mx\/index.php\/2024\/04\/25\/despenalizan-por-via-judicial-aborto-en-jalisco-ya-suman-13-estados-en-el-pais\/","name":"Despenalizan por v\u00eda judicial aborto en Jalisco; ya suman 13 estados en el pa\u00eds - Fuentes Fidedignas","isPartOf":{"@id":"https:\/\/fuentesfidedignas.com.mx\/#website"},"primaryImageOfPage":{"@id":"https:\/\/fuentesfidedignas.com.mx\/index.php\/2024\/04\/25\/despenalizan-por-via-judicial-aborto-en-jalisco-ya-suman-13-estados-en-el-pais\/#primaryimage"},"image":{"@id":"https:\/\/fuentesfidedignas.com.mx\/index.php\/2024\/04\/25\/despenalizan-por-via-judicial-aborto-en-jalisco-ya-suman-13-estados-en-el-pais\/#primaryimage"},"thumbnailUrl":"https:\/\/fuentesfidedignas.com.mx\/wp-content\/uploads\/2022\/03\/MUJER_ABORTO.jpg","datePublished":"2024-04-26T00:45:42+00:00","dateModified":"2024-04-26T00:47:18+00:00","breadcrumb":{"@id":"https:\/\/fuentesfidedignas.com.mx\/index.php\/2024\/04\/25\/despenalizan-por-via-judicial-aborto-en-jalisco-ya-suman-13-estados-en-el-pais\/#breadcrumb"},"inLanguage":"es","potentialAction":[{"@type":"ReadAction","target":["https:\/\/fuentesfidedignas.com.mx\/index.php\/2024\/04\/25\/despenalizan-por-via-judicial-aborto-en-jalisco-ya-suman-13-estados-en-el-pais\/"]}]},{"@type":"ImageObject","inLanguage":"es","@id":"https:\/\/fuentesfidedignas.com.mx\/index.php\/2024\/04\/25\/despenalizan-por-via-judicial-aborto-en-jalisco-ya-suman-13-estados-en-el-pais\/#primaryimage","url":"https:\/\/fuentesfidedignas.com.mx\/wp-content\/uploads\/2022\/03\/MUJER_ABORTO.jpg","contentUrl":"https:\/\/fuentesfidedignas.com.mx\/wp-content\/uploads\/2022\/03\/MUJER_ABORTO.jpg","width":1280,"height":720},{"@type":"BreadcrumbList","@id":"https:\/\/fuentesfidedignas.com.mx\/index.php\/2024\/04\/25\/despenalizan-por-via-judicial-aborto-en-jalisco-ya-suman-13-estados-en-el-pais\/#breadcrumb","itemListElement":[{"@type":"ListItem","position":1,"name":"Inicio","item":"https:\/\/fuentesfidedignas.com.mx\/"},{"@type":"ListItem","position":2,"name":"Despenalizan por v\u00eda judicial aborto en Jalisco; ya suman 13 estados en el pa\u00eds"}]},{"@type":"WebSite","@id":"https:\/\/fuentesfidedignas.com.mx\/#website","url":"https:\/\/fuentesfidedignas.com.mx\/","name":"Fuentes Fidedignas","description":"Otro sitio realizado con WordPress","publisher":{"@id":"https:\/\/fuentesfidedignas.com.mx\/#organization"},"potentialAction":[{"@type":"SearchAction","target":{"@type":"EntryPoint","urlTemplate":"https:\/\/fuentesfidedignas.com.mx\/?s={search_term_string}"},"query-input":{"@type":"PropertyValueSpecification","valueRequired":true,"valueName":"search_term_string"}}],"inLanguage":"es"},{"@type":"Organization","@id":"https:\/\/fuentesfidedignas.com.mx\/#organization","name":"Fuentes Fidedignas","url":"https:\/\/fuentesfidedignas.com.mx\/","logo":{"@type":"ImageObject","inLanguage":"es","@id":"https:\/\/fuentesfidedignas.com.mx\/#\/schema\/logo\/image\/","url":"https:\/\/fuentesfidedignas.com.mx\/wp-content\/uploads\/2021\/04\/logo-retina.png","contentUrl":"https:\/\/fuentesfidedignas.com.mx\/wp-content\/uploads\/2021\/04\/logo-retina.png","width":280,"height":51,"caption":"Fuentes Fidedignas"},"image":{"@id":"https:\/\/fuentesfidedignas.com.mx\/#\/schema\/logo\/image\/"},"sameAs":["https:\/\/www.facebook.com\/Fuentes-Fidedignas-368234489921644","https:\/\/x.com\/fidedignas"]},{"@type":"Person","@id":"https:\/\/fuentesfidedignas.com.mx\/#\/schema\/person\/47ec0135738f4b0c7495f06a77a2c976","name":"Milenio","image":{"@type":"ImageObject","inLanguage":"es","@id":"https:\/\/secure.gravatar.com\/avatar\/acabf7b54753e51c2c76457954577c236b3b764789b19879565769739d1e4a75?s=96&d=mm&r=g","url":"https:\/\/secure.gravatar.com\/avatar\/acabf7b54753e51c2c76457954577c236b3b764789b19879565769739d1e4a75?s=96&d=mm&r=g","contentUrl":"https:\/\/secure.gravatar.com\/avatar\/acabf7b54753e51c2c76457954577c236b3b764789b19879565769739d1e4a75?s=96&d=mm&r=g","caption":"Milenio"},"url":"https:\/\/fuentesfidedignas.com.mx\/index.php\/author\/milenio\/"}]}},"_links":{"self":[{"href":"https:\/\/fuentesfidedignas.com.mx\/index.php\/wp-json\/wp\/v2\/posts\/80211","targetHints":{"allow":["GET"]}}],"collection":[{"href":"https:\/\/fuentesfidedignas.com.mx\/index.php\/wp-json\/wp\/v2\/posts"}],"about":[{"href":"https:\/\/fuentesfidedignas.com.mx\/index.php\/wp-json\/wp\/v2\/types\/post"}],"author":[{"embeddable":true,"href":"https:\/\/fuentesfidedignas.com.mx\/index.php\/wp-json\/wp\/v2\/users\/9"}],"replies":[{"embeddable":true,"href":"https:\/\/fuentesfidedignas.com.mx\/index.php\/wp-json\/wp\/v2\/comments?post=80211"}],"version-history":[{"count":2,"href":"https:\/\/fuentesfidedignas.com.mx\/index.php\/wp-json\/wp\/v2\/posts\/80211\/revisions"}],"predecessor-version":[{"id":80213,"href":"https:\/\/fuentesfidedignas.com.mx\/index.php\/wp-json\/wp\/v2\/posts\/80211\/revisions\/80213"}],"wp:featuredmedia":[{"embeddable":true,"href":"https:\/\/fuentesfidedignas.com.mx\/index.php\/wp-json\/wp\/v2\/media\/26145"}],"wp:attachment":[{"href":"https:\/\/fuentesfidedignas.com.mx\/index.php\/wp-json\/wp\/v2\/media?parent=80211"}],"wp:term":[{"taxonomy":"category","embeddable":true,"href":"https:\/\/fuentesfidedignas.com.mx\/index.php\/wp-json\/wp\/v2\/categories?post=80211"},{"taxonomy":"post_tag","embeddable":true,"href":"https:\/\/fuentesfidedignas.com.mx\/index.php\/wp-json\/wp\/v2\/tags?post=80211"}],"curies":[{"name":"wp","href":"https:\/\/api.w.org\/{rel}","templated":true}]}}