{"id":80042,"date":"2024-04-23T18:17:17","date_gmt":"2024-04-24T01:17:17","guid":{"rendered":"https:\/\/fuentesfidedignas.com.mx\/?p=80042"},"modified":"2024-04-23T18:17:17","modified_gmt":"2024-04-24T01:17:17","slug":"dictan-prision-preventiva-a-don-rodo-hermano-de-el-mencho","status":"publish","type":"post","link":"https:\/\/fuentesfidedignas.com.mx\/index.php\/2024\/04\/23\/dictan-prision-preventiva-a-don-rodo-hermano-de-el-mencho\/","title":{"rendered":"Dictan prisi\u00f3n preventiva a &#8216;Don Rodo&#8217;, hermano de &#8216;El Mencho&#8217;"},"content":{"rendered":"\n<p><strong><em>Durante la audiencia Don Rodo solicit\u00f3 un plazo con la finalidad de aportar pruebas para la investigaci\u00f3n.<\/em><\/strong><\/p>\n\n\n\n<p>Ciudad de M\u00e9xico.- Un juez federal decret\u00f3 prisi\u00f3n preventiva contra Abraham Oseguera Cervantes, \u2018Don Rodo\u2019, hermano del l\u00edder del c\u00e1rtel de Jalisco Nueva Generaci\u00f3n (CJNG), Nemesio Oseguera Cervantes, \u2018El Mencho\u2019, quien fue imputado por la Fiscal\u00eda General de la Rep\u00fablica (FGR) por los delitos de violaci\u00f3n a la Ley Federal de Armas de Fuego y Explosivos y contra la salud.<\/p>\n\n\n\n<p>En una audiencia que inici\u00f3 a las 09:30 horas y que se celebr\u00f3 por videoconferencia en el Centro de Justicia Penal Federal adscrito al penal de m\u00e1xima seguridad del Altiplano, en el Estado de M\u00e9xico, el juez de control calific\u00f3 de legal la detenci\u00f3n que realiz\u00f3 la Guardia Nacional (GN) el pasado domingo en Autl\u00e1n de Navarro, Jalisco<\/p>\n\n\n\n<p>Tras la imputaci\u00f3n de la fiscal\u00eda, el detenido se acogi\u00f3 a la duplicidad del t\u00e9rmino constitucional (144 horas) para que se resuelva su situaci\u00f3n jur\u00eddica, raz\u00f3n por la cual el juez decret\u00f3 la prisi\u00f3n preventiva.<\/p>\n\n\n\n<p>Abraham Oseguera solicit\u00f3 dicho plazo con la finalidad de aportar pruebas y, en consecuencia, se se\u00f1alaron las 10 horas del pr\u00f3ximo 27 de abril para la conclusi\u00f3n de la audiencia inicial.<\/p>\n\n\n\n<p>Cabe mencionar que \u2018Don Rodo\u2019 es considerado uno de los principales coordinadores de las operaciones log\u00edsticas y financieras, dedicado al lavado de dinero y encargado del tr\u00e1fico y venta de drogas para la organizaci\u00f3n delictiva de la entidad en donde fue detenido y a la que presuntamente pertenece.<\/p>\n","protected":false},"excerpt":{"rendered":"<p>Durante la audiencia Don Rodo solicit\u00f3 un plazo con la finalidad de aportar pruebas para la investigaci\u00f3n. Ciudad de M\u00e9xico.- Un juez federal decret\u00f3 prisi\u00f3n preventiva contra Abraham Oseguera Cervantes, \u2018Don Rodo\u2019, hermano del l\u00edder del c\u00e1rtel de Jalisco Nueva Generaci\u00f3n (CJNG), Nemesio Oseguera Cervantes, \u2018El Mencho\u2019, quien fue imputado por la Fiscal\u00eda General de [&hellip;]<\/p>\n","protected":false},"author":9,"featured_media":80043,"comment_status":"open","ping_status":"open","sticky":false,"template":"","format":"standard","meta":{"tdm_status":"","tdm_grid_status":"","footnotes":""},"categories":[39],"tags":[],"class_list":{"0":"post-80042","1":"post","2":"type-post","3":"status-publish","4":"format-standard","5":"has-post-thumbnail","7":"category-noticias-nacionales"},"yoast_head":"<!-- This site is optimized with the Yoast SEO plugin v27.5 - https:\/\/yoast.com\/product\/yoast-seo-wordpress\/ -->\n<title>Dictan prisi\u00f3n preventiva a &#039;Don Rodo&#039;, hermano de &#039;El Mencho&#039; - Fuentes Fidedignas<\/title>\n<meta name=\"robots\" content=\"index, follow, max-snippet:-1, max-image-preview:large, max-video-preview:-1\" \/>\n<link rel=\"canonical\" href=\"https:\/\/fuentesfidedignas.com.mx\/index.php\/2024\/04\/23\/dictan-prision-preventiva-a-don-rodo-hermano-de-el-mencho\/\" \/>\n<meta property=\"og:locale\" content=\"es_MX\" \/>\n<meta property=\"og:type\" content=\"article\" \/>\n<meta property=\"og:title\" content=\"Dictan prisi\u00f3n preventiva a &#039;Don Rodo&#039;, hermano de &#039;El Mencho&#039; - Fuentes Fidedignas\" \/>\n<meta property=\"og:description\" content=\"Durante la audiencia Don Rodo solicit\u00f3 un plazo con la finalidad de aportar pruebas para la investigaci\u00f3n. Ciudad de M\u00e9xico.- Un juez federal decret\u00f3 prisi\u00f3n preventiva contra Abraham Oseguera Cervantes, \u2018Don Rodo\u2019, hermano del l\u00edder del c\u00e1rtel de Jalisco Nueva Generaci\u00f3n (CJNG), Nemesio Oseguera Cervantes, \u2018El Mencho\u2019, quien fue imputado por la Fiscal\u00eda General de [&hellip;]\" \/>\n<meta property=\"og:url\" content=\"https:\/\/fuentesfidedignas.com.mx\/index.php\/2024\/04\/23\/dictan-prision-preventiva-a-don-rodo-hermano-de-el-mencho\/\" \/>\n<meta property=\"og:site_name\" content=\"Fuentes Fidedignas\" \/>\n<meta property=\"article:publisher\" content=\"https:\/\/www.facebook.com\/Fuentes-Fidedignas-368234489921644\" \/>\n<meta property=\"article:published_time\" content=\"2024-04-24T01:17:17+00:00\" \/>\n<meta property=\"og:image\" content=\"https:\/\/fuentesfidedignas.com.mx\/wp-content\/uploads\/2024\/04\/don-rodo.jpg\" \/>\n\t<meta property=\"og:image:width\" content=\"935\" \/>\n\t<meta property=\"og:image:height\" content=\"524\" \/>\n\t<meta property=\"og:image:type\" content=\"image\/jpeg\" \/>\n<meta name=\"author\" content=\"Milenio\" \/>\n<meta name=\"twitter:card\" content=\"summary_large_image\" \/>\n<meta name=\"twitter:creator\" content=\"@fidedignas\" \/>\n<meta name=\"twitter:site\" content=\"@fidedignas\" \/>\n<meta name=\"twitter:label1\" content=\"Escrito por\" \/>\n\t<meta name=\"twitter:data1\" content=\"Milenio\" \/>\n\t<meta name=\"twitter:label2\" content=\"Tiempo de lectura\" \/>\n\t<meta name=\"twitter:data2\" content=\"1 minuto\" \/>\n<script type=\"application\/ld+json\" class=\"yoast-schema-graph\">{\"@context\":\"https:\\\/\\\/schema.org\",\"@graph\":[{\"@type\":\"Article\",\"@id\":\"https:\\\/\\\/fuentesfidedignas.com.mx\\\/index.php\\\/2024\\\/04\\\/23\\\/dictan-prision-preventiva-a-don-rodo-hermano-de-el-mencho\\\/#article\",\"isPartOf\":{\"@id\":\"https:\\\/\\\/fuentesfidedignas.com.mx\\\/index.php\\\/2024\\\/04\\\/23\\\/dictan-prision-preventiva-a-don-rodo-hermano-de-el-mencho\\\/\"},\"author\":{\"name\":\"Milenio\",\"@id\":\"https:\\\/\\\/fuentesfidedignas.com.mx\\\/#\\\/schema\\\/person\\\/47ec0135738f4b0c7495f06a77a2c976\"},\"headline\":\"Dictan prisi\u00f3n preventiva a &#8216;Don Rodo&#8217;, hermano de &#8216;El Mencho&#8217;\",\"datePublished\":\"2024-04-24T01:17:17+00:00\",\"mainEntityOfPage\":{\"@id\":\"https:\\\/\\\/fuentesfidedignas.com.mx\\\/index.php\\\/2024\\\/04\\\/23\\\/dictan-prision-preventiva-a-don-rodo-hermano-de-el-mencho\\\/\"},\"wordCount\":283,\"commentCount\":0,\"publisher\":{\"@id\":\"https:\\\/\\\/fuentesfidedignas.com.mx\\\/#organization\"},\"image\":{\"@id\":\"https:\\\/\\\/fuentesfidedignas.com.mx\\\/index.php\\\/2024\\\/04\\\/23\\\/dictan-prision-preventiva-a-don-rodo-hermano-de-el-mencho\\\/#primaryimage\"},\"thumbnailUrl\":\"https:\\\/\\\/fuentesfidedignas.com.mx\\\/wp-content\\\/uploads\\\/2024\\\/04\\\/don-rodo.jpg\",\"articleSection\":[\"NOTICIAS NACIONALES\"],\"inLanguage\":\"es\",\"potentialAction\":[{\"@type\":\"CommentAction\",\"name\":\"Comment\",\"target\":[\"https:\\\/\\\/fuentesfidedignas.com.mx\\\/index.php\\\/2024\\\/04\\\/23\\\/dictan-prision-preventiva-a-don-rodo-hermano-de-el-mencho\\\/#respond\"]}]},{\"@type\":\"WebPage\",\"@id\":\"https:\\\/\\\/fuentesfidedignas.com.mx\\\/index.php\\\/2024\\\/04\\\/23\\\/dictan-prision-preventiva-a-don-rodo-hermano-de-el-mencho\\\/\",\"url\":\"https:\\\/\\\/fuentesfidedignas.com.mx\\\/index.php\\\/2024\\\/04\\\/23\\\/dictan-prision-preventiva-a-don-rodo-hermano-de-el-mencho\\\/\",\"name\":\"Dictan prisi\u00f3n preventiva a 'Don Rodo', hermano de 'El Mencho' - Fuentes Fidedignas\",\"isPartOf\":{\"@id\":\"https:\\\/\\\/fuentesfidedignas.com.mx\\\/#website\"},\"primaryImageOfPage\":{\"@id\":\"https:\\\/\\\/fuentesfidedignas.com.mx\\\/index.php\\\/2024\\\/04\\\/23\\\/dictan-prision-preventiva-a-don-rodo-hermano-de-el-mencho\\\/#primaryimage\"},\"image\":{\"@id\":\"https:\\\/\\\/fuentesfidedignas.com.mx\\\/index.php\\\/2024\\\/04\\\/23\\\/dictan-prision-preventiva-a-don-rodo-hermano-de-el-mencho\\\/#primaryimage\"},\"thumbnailUrl\":\"https:\\\/\\\/fuentesfidedignas.com.mx\\\/wp-content\\\/uploads\\\/2024\\\/04\\\/don-rodo.jpg\",\"datePublished\":\"2024-04-24T01:17:17+00:00\",\"breadcrumb\":{\"@id\":\"https:\\\/\\\/fuentesfidedignas.com.mx\\\/index.php\\\/2024\\\/04\\\/23\\\/dictan-prision-preventiva-a-don-rodo-hermano-de-el-mencho\\\/#breadcrumb\"},\"inLanguage\":\"es\",\"potentialAction\":[{\"@type\":\"ReadAction\",\"target\":[\"https:\\\/\\\/fuentesfidedignas.com.mx\\\/index.php\\\/2024\\\/04\\\/23\\\/dictan-prision-preventiva-a-don-rodo-hermano-de-el-mencho\\\/\"]}]},{\"@type\":\"ImageObject\",\"inLanguage\":\"es\",\"@id\":\"https:\\\/\\\/fuentesfidedignas.com.mx\\\/index.php\\\/2024\\\/04\\\/23\\\/dictan-prision-preventiva-a-don-rodo-hermano-de-el-mencho\\\/#primaryimage\",\"url\":\"https:\\\/\\\/fuentesfidedignas.com.mx\\\/wp-content\\\/uploads\\\/2024\\\/04\\\/don-rodo.jpg\",\"contentUrl\":\"https:\\\/\\\/fuentesfidedignas.com.mx\\\/wp-content\\\/uploads\\\/2024\\\/04\\\/don-rodo.jpg\",\"width\":935,\"height\":524},{\"@type\":\"BreadcrumbList\",\"@id\":\"https:\\\/\\\/fuentesfidedignas.com.mx\\\/index.php\\\/2024\\\/04\\\/23\\\/dictan-prision-preventiva-a-don-rodo-hermano-de-el-mencho\\\/#breadcrumb\",\"itemListElement\":[{\"@type\":\"ListItem\",\"position\":1,\"name\":\"Inicio\",\"item\":\"https:\\\/\\\/fuentesfidedignas.com.mx\\\/\"},{\"@type\":\"ListItem\",\"position\":2,\"name\":\"Dictan prisi\u00f3n preventiva a &#8216;Don Rodo&#8217;, hermano de &#8216;El Mencho&#8217;\"}]},{\"@type\":\"WebSite\",\"@id\":\"https:\\\/\\\/fuentesfidedignas.com.mx\\\/#website\",\"url\":\"https:\\\/\\\/fuentesfidedignas.com.mx\\\/\",\"name\":\"Fuentes Fidedignas\",\"description\":\"Otro sitio realizado con WordPress\",\"publisher\":{\"@id\":\"https:\\\/\\\/fuentesfidedignas.com.mx\\\/#organization\"},\"potentialAction\":[{\"@type\":\"SearchAction\",\"target\":{\"@type\":\"EntryPoint\",\"urlTemplate\":\"https:\\\/\\\/fuentesfidedignas.com.mx\\\/?s={search_term_string}\"},\"query-input\":{\"@type\":\"PropertyValueSpecification\",\"valueRequired\":true,\"valueName\":\"search_term_string\"}}],\"inLanguage\":\"es\"},{\"@type\":\"Organization\",\"@id\":\"https:\\\/\\\/fuentesfidedignas.com.mx\\\/#organization\",\"name\":\"Fuentes Fidedignas\",\"url\":\"https:\\\/\\\/fuentesfidedignas.com.mx\\\/\",\"logo\":{\"@type\":\"ImageObject\",\"inLanguage\":\"es\",\"@id\":\"https:\\\/\\\/fuentesfidedignas.com.mx\\\/#\\\/schema\\\/logo\\\/image\\\/\",\"url\":\"https:\\\/\\\/fuentesfidedignas.com.mx\\\/wp-content\\\/uploads\\\/2021\\\/04\\\/logo-retina.png\",\"contentUrl\":\"https:\\\/\\\/fuentesfidedignas.com.mx\\\/wp-content\\\/uploads\\\/2021\\\/04\\\/logo-retina.png\",\"width\":280,\"height\":51,\"caption\":\"Fuentes Fidedignas\"},\"image\":{\"@id\":\"https:\\\/\\\/fuentesfidedignas.com.mx\\\/#\\\/schema\\\/logo\\\/image\\\/\"},\"sameAs\":[\"https:\\\/\\\/www.facebook.com\\\/Fuentes-Fidedignas-368234489921644\",\"https:\\\/\\\/x.com\\\/fidedignas\"]},{\"@type\":\"Person\",\"@id\":\"https:\\\/\\\/fuentesfidedignas.com.mx\\\/#\\\/schema\\\/person\\\/47ec0135738f4b0c7495f06a77a2c976\",\"name\":\"Milenio\",\"image\":{\"@type\":\"ImageObject\",\"inLanguage\":\"es\",\"@id\":\"https:\\\/\\\/secure.gravatar.com\\\/avatar\\\/acabf7b54753e51c2c76457954577c236b3b764789b19879565769739d1e4a75?s=96&d=mm&r=g\",\"url\":\"https:\\\/\\\/secure.gravatar.com\\\/avatar\\\/acabf7b54753e51c2c76457954577c236b3b764789b19879565769739d1e4a75?s=96&d=mm&r=g\",\"contentUrl\":\"https:\\\/\\\/secure.gravatar.com\\\/avatar\\\/acabf7b54753e51c2c76457954577c236b3b764789b19879565769739d1e4a75?s=96&d=mm&r=g\",\"caption\":\"Milenio\"},\"url\":\"https:\\\/\\\/fuentesfidedignas.com.mx\\\/index.php\\\/author\\\/milenio\\\/\"}]}<\/script>\n<!-- \/ Yoast SEO plugin. -->","yoast_head_json":{"title":"Dictan prisi\u00f3n preventiva a 'Don Rodo', hermano de 'El Mencho' - Fuentes Fidedignas","robots":{"index":"index","follow":"follow","max-snippet":"max-snippet:-1","max-image-preview":"max-image-preview:large","max-video-preview":"max-video-preview:-1"},"canonical":"https:\/\/fuentesfidedignas.com.mx\/index.php\/2024\/04\/23\/dictan-prision-preventiva-a-don-rodo-hermano-de-el-mencho\/","og_locale":"es_MX","og_type":"article","og_title":"Dictan prisi\u00f3n preventiva a 'Don Rodo', hermano de 'El Mencho' - Fuentes Fidedignas","og_description":"Durante la audiencia Don Rodo solicit\u00f3 un plazo con la finalidad de aportar pruebas para la investigaci\u00f3n. Ciudad de M\u00e9xico.- Un juez federal decret\u00f3 prisi\u00f3n preventiva contra Abraham Oseguera Cervantes, \u2018Don Rodo\u2019, hermano del l\u00edder del c\u00e1rtel de Jalisco Nueva Generaci\u00f3n (CJNG), Nemesio Oseguera Cervantes, \u2018El Mencho\u2019, quien fue imputado por la Fiscal\u00eda General de [&hellip;]","og_url":"https:\/\/fuentesfidedignas.com.mx\/index.php\/2024\/04\/23\/dictan-prision-preventiva-a-don-rodo-hermano-de-el-mencho\/","og_site_name":"Fuentes Fidedignas","article_publisher":"https:\/\/www.facebook.com\/Fuentes-Fidedignas-368234489921644","article_published_time":"2024-04-24T01:17:17+00:00","og_image":[{"width":935,"height":524,"url":"https:\/\/fuentesfidedignas.com.mx\/wp-content\/uploads\/2024\/04\/don-rodo.jpg","type":"image\/jpeg"}],"author":"Milenio","twitter_card":"summary_large_image","twitter_creator":"@fidedignas","twitter_site":"@fidedignas","twitter_misc":{"Escrito por":"Milenio","Tiempo de lectura":"1 minuto"},"schema":{"@context":"https:\/\/schema.org","@graph":[{"@type":"Article","@id":"https:\/\/fuentesfidedignas.com.mx\/index.php\/2024\/04\/23\/dictan-prision-preventiva-a-don-rodo-hermano-de-el-mencho\/#article","isPartOf":{"@id":"https:\/\/fuentesfidedignas.com.mx\/index.php\/2024\/04\/23\/dictan-prision-preventiva-a-don-rodo-hermano-de-el-mencho\/"},"author":{"name":"Milenio","@id":"https:\/\/fuentesfidedignas.com.mx\/#\/schema\/person\/47ec0135738f4b0c7495f06a77a2c976"},"headline":"Dictan prisi\u00f3n preventiva a &#8216;Don Rodo&#8217;, hermano de &#8216;El Mencho&#8217;","datePublished":"2024-04-24T01:17:17+00:00","mainEntityOfPage":{"@id":"https:\/\/fuentesfidedignas.com.mx\/index.php\/2024\/04\/23\/dictan-prision-preventiva-a-don-rodo-hermano-de-el-mencho\/"},"wordCount":283,"commentCount":0,"publisher":{"@id":"https:\/\/fuentesfidedignas.com.mx\/#organization"},"image":{"@id":"https:\/\/fuentesfidedignas.com.mx\/index.php\/2024\/04\/23\/dictan-prision-preventiva-a-don-rodo-hermano-de-el-mencho\/#primaryimage"},"thumbnailUrl":"https:\/\/fuentesfidedignas.com.mx\/wp-content\/uploads\/2024\/04\/don-rodo.jpg","articleSection":["NOTICIAS NACIONALES"],"inLanguage":"es","potentialAction":[{"@type":"CommentAction","name":"Comment","target":["https:\/\/fuentesfidedignas.com.mx\/index.php\/2024\/04\/23\/dictan-prision-preventiva-a-don-rodo-hermano-de-el-mencho\/#respond"]}]},{"@type":"WebPage","@id":"https:\/\/fuentesfidedignas.com.mx\/index.php\/2024\/04\/23\/dictan-prision-preventiva-a-don-rodo-hermano-de-el-mencho\/","url":"https:\/\/fuentesfidedignas.com.mx\/index.php\/2024\/04\/23\/dictan-prision-preventiva-a-don-rodo-hermano-de-el-mencho\/","name":"Dictan prisi\u00f3n preventiva a 'Don Rodo', hermano de 'El Mencho' - Fuentes Fidedignas","isPartOf":{"@id":"https:\/\/fuentesfidedignas.com.mx\/#website"},"primaryImageOfPage":{"@id":"https:\/\/fuentesfidedignas.com.mx\/index.php\/2024\/04\/23\/dictan-prision-preventiva-a-don-rodo-hermano-de-el-mencho\/#primaryimage"},"image":{"@id":"https:\/\/fuentesfidedignas.com.mx\/index.php\/2024\/04\/23\/dictan-prision-preventiva-a-don-rodo-hermano-de-el-mencho\/#primaryimage"},"thumbnailUrl":"https:\/\/fuentesfidedignas.com.mx\/wp-content\/uploads\/2024\/04\/don-rodo.jpg","datePublished":"2024-04-24T01:17:17+00:00","breadcrumb":{"@id":"https:\/\/fuentesfidedignas.com.mx\/index.php\/2024\/04\/23\/dictan-prision-preventiva-a-don-rodo-hermano-de-el-mencho\/#breadcrumb"},"inLanguage":"es","potentialAction":[{"@type":"ReadAction","target":["https:\/\/fuentesfidedignas.com.mx\/index.php\/2024\/04\/23\/dictan-prision-preventiva-a-don-rodo-hermano-de-el-mencho\/"]}]},{"@type":"ImageObject","inLanguage":"es","@id":"https:\/\/fuentesfidedignas.com.mx\/index.php\/2024\/04\/23\/dictan-prision-preventiva-a-don-rodo-hermano-de-el-mencho\/#primaryimage","url":"https:\/\/fuentesfidedignas.com.mx\/wp-content\/uploads\/2024\/04\/don-rodo.jpg","contentUrl":"https:\/\/fuentesfidedignas.com.mx\/wp-content\/uploads\/2024\/04\/don-rodo.jpg","width":935,"height":524},{"@type":"BreadcrumbList","@id":"https:\/\/fuentesfidedignas.com.mx\/index.php\/2024\/04\/23\/dictan-prision-preventiva-a-don-rodo-hermano-de-el-mencho\/#breadcrumb","itemListElement":[{"@type":"ListItem","position":1,"name":"Inicio","item":"https:\/\/fuentesfidedignas.com.mx\/"},{"@type":"ListItem","position":2,"name":"Dictan prisi\u00f3n preventiva a &#8216;Don Rodo&#8217;, hermano de &#8216;El Mencho&#8217;"}]},{"@type":"WebSite","@id":"https:\/\/fuentesfidedignas.com.mx\/#website","url":"https:\/\/fuentesfidedignas.com.mx\/","name":"Fuentes Fidedignas","description":"Otro sitio realizado con WordPress","publisher":{"@id":"https:\/\/fuentesfidedignas.com.mx\/#organization"},"potentialAction":[{"@type":"SearchAction","target":{"@type":"EntryPoint","urlTemplate":"https:\/\/fuentesfidedignas.com.mx\/?s={search_term_string}"},"query-input":{"@type":"PropertyValueSpecification","valueRequired":true,"valueName":"search_term_string"}}],"inLanguage":"es"},{"@type":"Organization","@id":"https:\/\/fuentesfidedignas.com.mx\/#organization","name":"Fuentes Fidedignas","url":"https:\/\/fuentesfidedignas.com.mx\/","logo":{"@type":"ImageObject","inLanguage":"es","@id":"https:\/\/fuentesfidedignas.com.mx\/#\/schema\/logo\/image\/","url":"https:\/\/fuentesfidedignas.com.mx\/wp-content\/uploads\/2021\/04\/logo-retina.png","contentUrl":"https:\/\/fuentesfidedignas.com.mx\/wp-content\/uploads\/2021\/04\/logo-retina.png","width":280,"height":51,"caption":"Fuentes Fidedignas"},"image":{"@id":"https:\/\/fuentesfidedignas.com.mx\/#\/schema\/logo\/image\/"},"sameAs":["https:\/\/www.facebook.com\/Fuentes-Fidedignas-368234489921644","https:\/\/x.com\/fidedignas"]},{"@type":"Person","@id":"https:\/\/fuentesfidedignas.com.mx\/#\/schema\/person\/47ec0135738f4b0c7495f06a77a2c976","name":"Milenio","image":{"@type":"ImageObject","inLanguage":"es","@id":"https:\/\/secure.gravatar.com\/avatar\/acabf7b54753e51c2c76457954577c236b3b764789b19879565769739d1e4a75?s=96&d=mm&r=g","url":"https:\/\/secure.gravatar.com\/avatar\/acabf7b54753e51c2c76457954577c236b3b764789b19879565769739d1e4a75?s=96&d=mm&r=g","contentUrl":"https:\/\/secure.gravatar.com\/avatar\/acabf7b54753e51c2c76457954577c236b3b764789b19879565769739d1e4a75?s=96&d=mm&r=g","caption":"Milenio"},"url":"https:\/\/fuentesfidedignas.com.mx\/index.php\/author\/milenio\/"}]}},"_links":{"self":[{"href":"https:\/\/fuentesfidedignas.com.mx\/index.php\/wp-json\/wp\/v2\/posts\/80042","targetHints":{"allow":["GET"]}}],"collection":[{"href":"https:\/\/fuentesfidedignas.com.mx\/index.php\/wp-json\/wp\/v2\/posts"}],"about":[{"href":"https:\/\/fuentesfidedignas.com.mx\/index.php\/wp-json\/wp\/v2\/types\/post"}],"author":[{"embeddable":true,"href":"https:\/\/fuentesfidedignas.com.mx\/index.php\/wp-json\/wp\/v2\/users\/9"}],"replies":[{"embeddable":true,"href":"https:\/\/fuentesfidedignas.com.mx\/index.php\/wp-json\/wp\/v2\/comments?post=80042"}],"version-history":[{"count":1,"href":"https:\/\/fuentesfidedignas.com.mx\/index.php\/wp-json\/wp\/v2\/posts\/80042\/revisions"}],"predecessor-version":[{"id":80044,"href":"https:\/\/fuentesfidedignas.com.mx\/index.php\/wp-json\/wp\/v2\/posts\/80042\/revisions\/80044"}],"wp:featuredmedia":[{"embeddable":true,"href":"https:\/\/fuentesfidedignas.com.mx\/index.php\/wp-json\/wp\/v2\/media\/80043"}],"wp:attachment":[{"href":"https:\/\/fuentesfidedignas.com.mx\/index.php\/wp-json\/wp\/v2\/media?parent=80042"}],"wp:term":[{"taxonomy":"category","embeddable":true,"href":"https:\/\/fuentesfidedignas.com.mx\/index.php\/wp-json\/wp\/v2\/categories?post=80042"},{"taxonomy":"post_tag","embeddable":true,"href":"https:\/\/fuentesfidedignas.com.mx\/index.php\/wp-json\/wp\/v2\/tags?post=80042"}],"curies":[{"name":"wp","href":"https:\/\/api.w.org\/{rel}","templated":true}]}}