{"id":7978,"date":"2021-07-21T12:44:03","date_gmt":"2021-07-21T19:44:03","guid":{"rendered":"https:\/\/fuentesfidedignas.com.mx\/?p=7978"},"modified":"2021-07-21T12:44:04","modified_gmt":"2021-07-21T19:44:04","slug":"invita-la-ssa-a-mayores-de-18-anos-a-registrarse-para-la-vacuna-anti-covid-19","status":"publish","type":"post","link":"https:\/\/fuentesfidedignas.com.mx\/index.php\/2021\/07\/21\/invita-la-ssa-a-mayores-de-18-anos-a-registrarse-para-la-vacuna-anti-covid-19\/","title":{"rendered":"Invita la SSA a mayores de 18 a\u00f1os a registrarse para la vacuna anti Covid-19"},"content":{"rendered":"\n<p><em><strong>Secretario de Sa<\/strong>l<strong>ud de Sinaloa llama a la poblaci\u00f3n mayor de 18 a\u00f1os para que se <\/strong><\/em><strong>registre en la plataforma\u00a0<a href=\"http:\/\/mivacuna.salud.gob.mx\/\" target=\"_blank\" rel=\"noreferrer noopener\">mivacuna.salud.gob.mx<\/a>\u00a0ya que de ello depende el n\u00famero de vacunas que env\u00ede la federaci\u00f3n a nuestro estado<\/strong><\/p>\n\n\n\n<p>Culiac\u00e1n, Sin.-  El Gobierno de Sinaloa hace un sensible llamado a la poblaci\u00f3n joven de 18 en adelante que a\u00fan no se ha registrado en la plataforma oficial\u00a0<a href=\"http:\/\/mivacuna.salud.gob.mx\/\" target=\"_blank\" rel=\"noreferrer noopener\">mivacuna.salud.gob.mx<\/a>\u00a0para que se registre en la brevedad, pues de ello depende la estimaci\u00f3n y evaluaci\u00f3n que realiza la federaci\u00f3n para enviar el n\u00famero de vacunas a nuestro estado, inform\u00f3 el Dr. Efr\u00e9n Encinas Torres.<\/p>\n\n\n\n<p>El Secretario de Salud de Sinaloa, afirm\u00f3 que se ha demostrado que la vacunaci\u00f3n ha sido un mecanismo fundamental para la poblaci\u00f3n, pues al d\u00eda de hoy solo el 17 % de los pacientes hospitalizados cuentan con una sola dosis, el 3% esquema completo y el 80% son pacientes j\u00f3venes no vacunados, de ah\u00ed que se realizaron las gestiones necesarias para que arriben un n\u00famero importante de vacunas para la poblaci\u00f3n mayor de 18 a\u00f1os principalmente de los municipios de Culiac\u00e1n y Mazatl\u00e1n.<\/p>\n\n\n\n<p>\u201cEs muy importante, tienen que estar registradas las personas en la plataforma, es muy importante que se vacunen hasta ahorita hay un rango de las personas que est\u00e1n registradas de 30 en adelante alrededor de 170 mil personas, ya van vacunadas de 30 a 39 un poco m\u00e1s de 140 mil es decir en teor\u00eda las registradas faltar\u00edan 27 a 28 mil personas, pero falta que se registren, un llamado sensible y cordial para todas las personas de 30 a 39 de 18 y m\u00e1s para que se registren en la plataforma, es muy sencillo, es sacar el certificado que ah\u00ed les dan lo imprimen y que se lleva el mismo al centro de vacunaci\u00f3n y con su identificaci\u00f3n y es suficiente, todos ser\u00e1n vacunados pero necesitamos que acudan, la enfermedad existe no ha desaparecido&nbsp; y la vacunaci\u00f3n junto con las medidas de prevenci\u00f3n\u201d, inform\u00f3.<\/p>\n\n\n\n<p>El responsable de la Salud en el Estado, detall\u00f3 que actualmente Sinaloa cuenta con el 48% de ocupaci\u00f3n hospitalaria en hospitales p\u00fablicos y privados, de ah\u00ed que se ha venido trabajando en la reconversi\u00f3n hospitalaria donde se tiene el 70% de los hospitales que han aumentado el n\u00famero de camas de manera considerable para tener disposici\u00f3n de ser necesario .Asimismo, inform\u00f3 que este d\u00eda se realizar\u00e1 un recorrido en el Hospital General de Culiac\u00e1n (nuevo), para contar con al menos 30 camas COVID de ser necesario.<\/p>\n\n\n\n<p>Agreg\u00f3 tambi\u00e9n que actualmente todos los hospitales cuentan con abasto suficiente en sus \u00e1reas espec\u00edficas con equipos de ox\u00edgeno, sin embargo, manifest\u00f3 que se realizaron pl\u00e1ticas con la empresa INFRA para que apertura los d\u00edas domingos y que las personas que requieran ox\u00edgeno en casa puedan contar con ello.<\/p>\n\n\n\n<p>Finalmente inst\u00f3 a la poblaci\u00f3n a que contin\u00fae hoy m\u00e1s que nunca con las medidas de sanidad; uso correcto de cubre boca, lavado constante de manos, sana distancia y salir solo si es necesario, pues el COVID-19 y sus nuevas variantes se previene con estas mismas medidas.<\/p>\n","protected":false},"excerpt":{"rendered":"<p>Secretario de Salud de Sinaloa llama a la poblaci\u00f3n mayor de 18 a\u00f1os para que se registre en la plataforma\u00a0mivacuna.salud.gob.mx\u00a0ya que de ello depende el n\u00famero de vacunas que env\u00ede la federaci\u00f3n a nuestro estado Culiac\u00e1n, Sin.- El Gobierno de Sinaloa hace un sensible llamado a la poblaci\u00f3n joven de 18 en adelante que a\u00fan [&hellip;]<\/p>\n","protected":false},"author":4,"featured_media":7572,"comment_status":"open","ping_status":"open","sticky":false,"template":"","format":"standard","meta":{"tdm_status":"","tdm_grid_status":"","footnotes":""},"categories":[37],"tags":[332,59,416,407,193],"class_list":{"0":"post-7978","1":"post","2":"type-post","3":"status-publish","4":"format-standard","5":"has-post-thumbnail","7":"category-nota-principal","8":"tag-coronavirus","9":"tag-covid-19","10":"tag-sars-cov-2","11":"tag-vacuna-anticovid","12":"tag-viral"},"yoast_head":"<!-- This site is optimized with the Yoast SEO plugin v27.5 - https:\/\/yoast.com\/product\/yoast-seo-wordpress\/ -->\n<title>Invita la SSA a mayores de 18 a\u00f1os a registrarse para la vacuna anti Covid-19 - Fuentes Fidedignas<\/title>\n<meta name=\"robots\" content=\"index, follow, max-snippet:-1, max-image-preview:large, max-video-preview:-1\" \/>\n<link rel=\"canonical\" href=\"https:\/\/fuentesfidedignas.com.mx\/index.php\/2021\/07\/21\/invita-la-ssa-a-mayores-de-18-anos-a-registrarse-para-la-vacuna-anti-covid-19\/\" \/>\n<meta property=\"og:locale\" content=\"es_MX\" \/>\n<meta property=\"og:type\" content=\"article\" \/>\n<meta property=\"og:title\" content=\"Invita la SSA a mayores de 18 a\u00f1os a registrarse para la vacuna anti Covid-19 - Fuentes Fidedignas\" \/>\n<meta property=\"og:description\" content=\"Secretario de Salud de Sinaloa llama a la poblaci\u00f3n mayor de 18 a\u00f1os para que se registre en la plataforma\u00a0mivacuna.salud.gob.mx\u00a0ya que de ello depende el n\u00famero de vacunas que env\u00ede la federaci\u00f3n a nuestro estado Culiac\u00e1n, Sin.- El Gobierno de Sinaloa hace un sensible llamado a la poblaci\u00f3n joven de 18 en adelante que a\u00fan [&hellip;]\" \/>\n<meta property=\"og:url\" content=\"https:\/\/fuentesfidedignas.com.mx\/index.php\/2021\/07\/21\/invita-la-ssa-a-mayores-de-18-anos-a-registrarse-para-la-vacuna-anti-covid-19\/\" \/>\n<meta property=\"og:site_name\" content=\"Fuentes Fidedignas\" \/>\n<meta property=\"article:publisher\" content=\"https:\/\/www.facebook.com\/Fuentes-Fidedignas-368234489921644\" \/>\n<meta property=\"article:published_time\" content=\"2021-07-21T19:44:03+00:00\" \/>\n<meta property=\"article:modified_time\" content=\"2021-07-21T19:44:04+00:00\" \/>\n<meta property=\"og:image\" content=\"https:\/\/fuentesfidedignas.com.mx\/wp-content\/uploads\/2021\/07\/VACUNA_JOVEN.jpg\" \/>\n\t<meta property=\"og:image:width\" content=\"960\" \/>\n\t<meta property=\"og:image:height\" content=\"644\" \/>\n\t<meta property=\"og:image:type\" content=\"image\/jpeg\" \/>\n<meta name=\"author\" content=\"Redacci\u00f3n\" \/>\n<meta name=\"twitter:card\" content=\"summary_large_image\" \/>\n<meta name=\"twitter:creator\" content=\"@fidedignas\" \/>\n<meta name=\"twitter:site\" content=\"@fidedignas\" \/>\n<meta name=\"twitter:label1\" content=\"Escrito por\" \/>\n\t<meta name=\"twitter:data1\" content=\"Redacci\u00f3n\" \/>\n\t<meta name=\"twitter:label2\" content=\"Tiempo de lectura\" \/>\n\t<meta name=\"twitter:data2\" content=\"3 minutos\" \/>\n<script type=\"application\/ld+json\" class=\"yoast-schema-graph\">{\"@context\":\"https:\\\/\\\/schema.org\",\"@graph\":[{\"@type\":\"Article\",\"@id\":\"https:\\\/\\\/fuentesfidedignas.com.mx\\\/index.php\\\/2021\\\/07\\\/21\\\/invita-la-ssa-a-mayores-de-18-anos-a-registrarse-para-la-vacuna-anti-covid-19\\\/#article\",\"isPartOf\":{\"@id\":\"https:\\\/\\\/fuentesfidedignas.com.mx\\\/index.php\\\/2021\\\/07\\\/21\\\/invita-la-ssa-a-mayores-de-18-anos-a-registrarse-para-la-vacuna-anti-covid-19\\\/\"},\"author\":{\"name\":\"Redacci\u00f3n\",\"@id\":\"https:\\\/\\\/fuentesfidedignas.com.mx\\\/#\\\/schema\\\/person\\\/331be9283d37198e2acd5750279085b0\"},\"headline\":\"Invita la SSA a mayores de 18 a\u00f1os a registrarse para la vacuna anti Covid-19\",\"datePublished\":\"2021-07-21T19:44:03+00:00\",\"dateModified\":\"2021-07-21T19:44:04+00:00\",\"mainEntityOfPage\":{\"@id\":\"https:\\\/\\\/fuentesfidedignas.com.mx\\\/index.php\\\/2021\\\/07\\\/21\\\/invita-la-ssa-a-mayores-de-18-anos-a-registrarse-para-la-vacuna-anti-covid-19\\\/\"},\"wordCount\":561,\"commentCount\":0,\"publisher\":{\"@id\":\"https:\\\/\\\/fuentesfidedignas.com.mx\\\/#organization\"},\"image\":{\"@id\":\"https:\\\/\\\/fuentesfidedignas.com.mx\\\/index.php\\\/2021\\\/07\\\/21\\\/invita-la-ssa-a-mayores-de-18-anos-a-registrarse-para-la-vacuna-anti-covid-19\\\/#primaryimage\"},\"thumbnailUrl\":\"https:\\\/\\\/fuentesfidedignas.com.mx\\\/wp-content\\\/uploads\\\/2021\\\/07\\\/VACUNA_JOVEN.jpg\",\"keywords\":[\"Coronavirus\",\"Covid-19\",\"SARS-CoV-2\",\"Vacuna anticovid\",\"Viral\"],\"articleSection\":[\"NOTA PRINCIPAL\"],\"inLanguage\":\"es\",\"potentialAction\":[{\"@type\":\"CommentAction\",\"name\":\"Comment\",\"target\":[\"https:\\\/\\\/fuentesfidedignas.com.mx\\\/index.php\\\/2021\\\/07\\\/21\\\/invita-la-ssa-a-mayores-de-18-anos-a-registrarse-para-la-vacuna-anti-covid-19\\\/#respond\"]}]},{\"@type\":\"WebPage\",\"@id\":\"https:\\\/\\\/fuentesfidedignas.com.mx\\\/index.php\\\/2021\\\/07\\\/21\\\/invita-la-ssa-a-mayores-de-18-anos-a-registrarse-para-la-vacuna-anti-covid-19\\\/\",\"url\":\"https:\\\/\\\/fuentesfidedignas.com.mx\\\/index.php\\\/2021\\\/07\\\/21\\\/invita-la-ssa-a-mayores-de-18-anos-a-registrarse-para-la-vacuna-anti-covid-19\\\/\",\"name\":\"Invita la SSA a mayores de 18 a\u00f1os a registrarse para la vacuna anti Covid-19 - Fuentes Fidedignas\",\"isPartOf\":{\"@id\":\"https:\\\/\\\/fuentesfidedignas.com.mx\\\/#website\"},\"primaryImageOfPage\":{\"@id\":\"https:\\\/\\\/fuentesfidedignas.com.mx\\\/index.php\\\/2021\\\/07\\\/21\\\/invita-la-ssa-a-mayores-de-18-anos-a-registrarse-para-la-vacuna-anti-covid-19\\\/#primaryimage\"},\"image\":{\"@id\":\"https:\\\/\\\/fuentesfidedignas.com.mx\\\/index.php\\\/2021\\\/07\\\/21\\\/invita-la-ssa-a-mayores-de-18-anos-a-registrarse-para-la-vacuna-anti-covid-19\\\/#primaryimage\"},\"thumbnailUrl\":\"https:\\\/\\\/fuentesfidedignas.com.mx\\\/wp-content\\\/uploads\\\/2021\\\/07\\\/VACUNA_JOVEN.jpg\",\"datePublished\":\"2021-07-21T19:44:03+00:00\",\"dateModified\":\"2021-07-21T19:44:04+00:00\",\"breadcrumb\":{\"@id\":\"https:\\\/\\\/fuentesfidedignas.com.mx\\\/index.php\\\/2021\\\/07\\\/21\\\/invita-la-ssa-a-mayores-de-18-anos-a-registrarse-para-la-vacuna-anti-covid-19\\\/#breadcrumb\"},\"inLanguage\":\"es\",\"potentialAction\":[{\"@type\":\"ReadAction\",\"target\":[\"https:\\\/\\\/fuentesfidedignas.com.mx\\\/index.php\\\/2021\\\/07\\\/21\\\/invita-la-ssa-a-mayores-de-18-anos-a-registrarse-para-la-vacuna-anti-covid-19\\\/\"]}]},{\"@type\":\"ImageObject\",\"inLanguage\":\"es\",\"@id\":\"https:\\\/\\\/fuentesfidedignas.com.mx\\\/index.php\\\/2021\\\/07\\\/21\\\/invita-la-ssa-a-mayores-de-18-anos-a-registrarse-para-la-vacuna-anti-covid-19\\\/#primaryimage\",\"url\":\"https:\\\/\\\/fuentesfidedignas.com.mx\\\/wp-content\\\/uploads\\\/2021\\\/07\\\/VACUNA_JOVEN.jpg\",\"contentUrl\":\"https:\\\/\\\/fuentesfidedignas.com.mx\\\/wp-content\\\/uploads\\\/2021\\\/07\\\/VACUNA_JOVEN.jpg\",\"width\":960,\"height\":644},{\"@type\":\"BreadcrumbList\",\"@id\":\"https:\\\/\\\/fuentesfidedignas.com.mx\\\/index.php\\\/2021\\\/07\\\/21\\\/invita-la-ssa-a-mayores-de-18-anos-a-registrarse-para-la-vacuna-anti-covid-19\\\/#breadcrumb\",\"itemListElement\":[{\"@type\":\"ListItem\",\"position\":1,\"name\":\"Inicio\",\"item\":\"https:\\\/\\\/fuentesfidedignas.com.mx\\\/\"},{\"@type\":\"ListItem\",\"position\":2,\"name\":\"Invita la SSA a mayores de 18 a\u00f1os a registrarse para la vacuna anti Covid-19\"}]},{\"@type\":\"WebSite\",\"@id\":\"https:\\\/\\\/fuentesfidedignas.com.mx\\\/#website\",\"url\":\"https:\\\/\\\/fuentesfidedignas.com.mx\\\/\",\"name\":\"Fuentes Fidedignas\",\"description\":\"Otro sitio realizado con WordPress\",\"publisher\":{\"@id\":\"https:\\\/\\\/fuentesfidedignas.com.mx\\\/#organization\"},\"potentialAction\":[{\"@type\":\"SearchAction\",\"target\":{\"@type\":\"EntryPoint\",\"urlTemplate\":\"https:\\\/\\\/fuentesfidedignas.com.mx\\\/?s={search_term_string}\"},\"query-input\":{\"@type\":\"PropertyValueSpecification\",\"valueRequired\":true,\"valueName\":\"search_term_string\"}}],\"inLanguage\":\"es\"},{\"@type\":\"Organization\",\"@id\":\"https:\\\/\\\/fuentesfidedignas.com.mx\\\/#organization\",\"name\":\"Fuentes Fidedignas\",\"url\":\"https:\\\/\\\/fuentesfidedignas.com.mx\\\/\",\"logo\":{\"@type\":\"ImageObject\",\"inLanguage\":\"es\",\"@id\":\"https:\\\/\\\/fuentesfidedignas.com.mx\\\/#\\\/schema\\\/logo\\\/image\\\/\",\"url\":\"https:\\\/\\\/fuentesfidedignas.com.mx\\\/wp-content\\\/uploads\\\/2021\\\/04\\\/logo-retina.png\",\"contentUrl\":\"https:\\\/\\\/fuentesfidedignas.com.mx\\\/wp-content\\\/uploads\\\/2021\\\/04\\\/logo-retina.png\",\"width\":280,\"height\":51,\"caption\":\"Fuentes Fidedignas\"},\"image\":{\"@id\":\"https:\\\/\\\/fuentesfidedignas.com.mx\\\/#\\\/schema\\\/logo\\\/image\\\/\"},\"sameAs\":[\"https:\\\/\\\/www.facebook.com\\\/Fuentes-Fidedignas-368234489921644\",\"https:\\\/\\\/x.com\\\/fidedignas\"]},{\"@type\":\"Person\",\"@id\":\"https:\\\/\\\/fuentesfidedignas.com.mx\\\/#\\\/schema\\\/person\\\/331be9283d37198e2acd5750279085b0\",\"name\":\"Redacci\u00f3n\",\"image\":{\"@type\":\"ImageObject\",\"inLanguage\":\"es\",\"@id\":\"https:\\\/\\\/secure.gravatar.com\\\/avatar\\\/f6d8782c11d12b2d4ad3fbb6931aeab5309937a4d6cd2fc9cfaa28a6396a5aec?s=96&d=mm&r=g\",\"url\":\"https:\\\/\\\/secure.gravatar.com\\\/avatar\\\/f6d8782c11d12b2d4ad3fbb6931aeab5309937a4d6cd2fc9cfaa28a6396a5aec?s=96&d=mm&r=g\",\"contentUrl\":\"https:\\\/\\\/secure.gravatar.com\\\/avatar\\\/f6d8782c11d12b2d4ad3fbb6931aeab5309937a4d6cd2fc9cfaa28a6396a5aec?s=96&d=mm&r=g\",\"caption\":\"Redacci\u00f3n\"},\"url\":\"https:\\\/\\\/fuentesfidedignas.com.mx\\\/index.php\\\/author\\\/redaccion\\\/\"}]}<\/script>\n<!-- \/ Yoast SEO plugin. -->","yoast_head_json":{"title":"Invita la SSA a mayores de 18 a\u00f1os a registrarse para la vacuna anti Covid-19 - Fuentes Fidedignas","robots":{"index":"index","follow":"follow","max-snippet":"max-snippet:-1","max-image-preview":"max-image-preview:large","max-video-preview":"max-video-preview:-1"},"canonical":"https:\/\/fuentesfidedignas.com.mx\/index.php\/2021\/07\/21\/invita-la-ssa-a-mayores-de-18-anos-a-registrarse-para-la-vacuna-anti-covid-19\/","og_locale":"es_MX","og_type":"article","og_title":"Invita la SSA a mayores de 18 a\u00f1os a registrarse para la vacuna anti Covid-19 - Fuentes Fidedignas","og_description":"Secretario de Salud de Sinaloa llama a la poblaci\u00f3n mayor de 18 a\u00f1os para que se registre en la plataforma\u00a0mivacuna.salud.gob.mx\u00a0ya que de ello depende el n\u00famero de vacunas que env\u00ede la federaci\u00f3n a nuestro estado Culiac\u00e1n, Sin.- El Gobierno de Sinaloa hace un sensible llamado a la poblaci\u00f3n joven de 18 en adelante que a\u00fan [&hellip;]","og_url":"https:\/\/fuentesfidedignas.com.mx\/index.php\/2021\/07\/21\/invita-la-ssa-a-mayores-de-18-anos-a-registrarse-para-la-vacuna-anti-covid-19\/","og_site_name":"Fuentes Fidedignas","article_publisher":"https:\/\/www.facebook.com\/Fuentes-Fidedignas-368234489921644","article_published_time":"2021-07-21T19:44:03+00:00","article_modified_time":"2021-07-21T19:44:04+00:00","og_image":[{"width":960,"height":644,"url":"https:\/\/fuentesfidedignas.com.mx\/wp-content\/uploads\/2021\/07\/VACUNA_JOVEN.jpg","type":"image\/jpeg"}],"author":"Redacci\u00f3n","twitter_card":"summary_large_image","twitter_creator":"@fidedignas","twitter_site":"@fidedignas","twitter_misc":{"Escrito por":"Redacci\u00f3n","Tiempo de lectura":"3 minutos"},"schema":{"@context":"https:\/\/schema.org","@graph":[{"@type":"Article","@id":"https:\/\/fuentesfidedignas.com.mx\/index.php\/2021\/07\/21\/invita-la-ssa-a-mayores-de-18-anos-a-registrarse-para-la-vacuna-anti-covid-19\/#article","isPartOf":{"@id":"https:\/\/fuentesfidedignas.com.mx\/index.php\/2021\/07\/21\/invita-la-ssa-a-mayores-de-18-anos-a-registrarse-para-la-vacuna-anti-covid-19\/"},"author":{"name":"Redacci\u00f3n","@id":"https:\/\/fuentesfidedignas.com.mx\/#\/schema\/person\/331be9283d37198e2acd5750279085b0"},"headline":"Invita la SSA a mayores de 18 a\u00f1os a registrarse para la vacuna anti Covid-19","datePublished":"2021-07-21T19:44:03+00:00","dateModified":"2021-07-21T19:44:04+00:00","mainEntityOfPage":{"@id":"https:\/\/fuentesfidedignas.com.mx\/index.php\/2021\/07\/21\/invita-la-ssa-a-mayores-de-18-anos-a-registrarse-para-la-vacuna-anti-covid-19\/"},"wordCount":561,"commentCount":0,"publisher":{"@id":"https:\/\/fuentesfidedignas.com.mx\/#organization"},"image":{"@id":"https:\/\/fuentesfidedignas.com.mx\/index.php\/2021\/07\/21\/invita-la-ssa-a-mayores-de-18-anos-a-registrarse-para-la-vacuna-anti-covid-19\/#primaryimage"},"thumbnailUrl":"https:\/\/fuentesfidedignas.com.mx\/wp-content\/uploads\/2021\/07\/VACUNA_JOVEN.jpg","keywords":["Coronavirus","Covid-19","SARS-CoV-2","Vacuna anticovid","Viral"],"articleSection":["NOTA PRINCIPAL"],"inLanguage":"es","potentialAction":[{"@type":"CommentAction","name":"Comment","target":["https:\/\/fuentesfidedignas.com.mx\/index.php\/2021\/07\/21\/invita-la-ssa-a-mayores-de-18-anos-a-registrarse-para-la-vacuna-anti-covid-19\/#respond"]}]},{"@type":"WebPage","@id":"https:\/\/fuentesfidedignas.com.mx\/index.php\/2021\/07\/21\/invita-la-ssa-a-mayores-de-18-anos-a-registrarse-para-la-vacuna-anti-covid-19\/","url":"https:\/\/fuentesfidedignas.com.mx\/index.php\/2021\/07\/21\/invita-la-ssa-a-mayores-de-18-anos-a-registrarse-para-la-vacuna-anti-covid-19\/","name":"Invita la SSA a mayores de 18 a\u00f1os a registrarse para la vacuna anti Covid-19 - Fuentes Fidedignas","isPartOf":{"@id":"https:\/\/fuentesfidedignas.com.mx\/#website"},"primaryImageOfPage":{"@id":"https:\/\/fuentesfidedignas.com.mx\/index.php\/2021\/07\/21\/invita-la-ssa-a-mayores-de-18-anos-a-registrarse-para-la-vacuna-anti-covid-19\/#primaryimage"},"image":{"@id":"https:\/\/fuentesfidedignas.com.mx\/index.php\/2021\/07\/21\/invita-la-ssa-a-mayores-de-18-anos-a-registrarse-para-la-vacuna-anti-covid-19\/#primaryimage"},"thumbnailUrl":"https:\/\/fuentesfidedignas.com.mx\/wp-content\/uploads\/2021\/07\/VACUNA_JOVEN.jpg","datePublished":"2021-07-21T19:44:03+00:00","dateModified":"2021-07-21T19:44:04+00:00","breadcrumb":{"@id":"https:\/\/fuentesfidedignas.com.mx\/index.php\/2021\/07\/21\/invita-la-ssa-a-mayores-de-18-anos-a-registrarse-para-la-vacuna-anti-covid-19\/#breadcrumb"},"inLanguage":"es","potentialAction":[{"@type":"ReadAction","target":["https:\/\/fuentesfidedignas.com.mx\/index.php\/2021\/07\/21\/invita-la-ssa-a-mayores-de-18-anos-a-registrarse-para-la-vacuna-anti-covid-19\/"]}]},{"@type":"ImageObject","inLanguage":"es","@id":"https:\/\/fuentesfidedignas.com.mx\/index.php\/2021\/07\/21\/invita-la-ssa-a-mayores-de-18-anos-a-registrarse-para-la-vacuna-anti-covid-19\/#primaryimage","url":"https:\/\/fuentesfidedignas.com.mx\/wp-content\/uploads\/2021\/07\/VACUNA_JOVEN.jpg","contentUrl":"https:\/\/fuentesfidedignas.com.mx\/wp-content\/uploads\/2021\/07\/VACUNA_JOVEN.jpg","width":960,"height":644},{"@type":"BreadcrumbList","@id":"https:\/\/fuentesfidedignas.com.mx\/index.php\/2021\/07\/21\/invita-la-ssa-a-mayores-de-18-anos-a-registrarse-para-la-vacuna-anti-covid-19\/#breadcrumb","itemListElement":[{"@type":"ListItem","position":1,"name":"Inicio","item":"https:\/\/fuentesfidedignas.com.mx\/"},{"@type":"ListItem","position":2,"name":"Invita la SSA a mayores de 18 a\u00f1os a registrarse para la vacuna anti Covid-19"}]},{"@type":"WebSite","@id":"https:\/\/fuentesfidedignas.com.mx\/#website","url":"https:\/\/fuentesfidedignas.com.mx\/","name":"Fuentes Fidedignas","description":"Otro sitio realizado con WordPress","publisher":{"@id":"https:\/\/fuentesfidedignas.com.mx\/#organization"},"potentialAction":[{"@type":"SearchAction","target":{"@type":"EntryPoint","urlTemplate":"https:\/\/fuentesfidedignas.com.mx\/?s={search_term_string}"},"query-input":{"@type":"PropertyValueSpecification","valueRequired":true,"valueName":"search_term_string"}}],"inLanguage":"es"},{"@type":"Organization","@id":"https:\/\/fuentesfidedignas.com.mx\/#organization","name":"Fuentes Fidedignas","url":"https:\/\/fuentesfidedignas.com.mx\/","logo":{"@type":"ImageObject","inLanguage":"es","@id":"https:\/\/fuentesfidedignas.com.mx\/#\/schema\/logo\/image\/","url":"https:\/\/fuentesfidedignas.com.mx\/wp-content\/uploads\/2021\/04\/logo-retina.png","contentUrl":"https:\/\/fuentesfidedignas.com.mx\/wp-content\/uploads\/2021\/04\/logo-retina.png","width":280,"height":51,"caption":"Fuentes Fidedignas"},"image":{"@id":"https:\/\/fuentesfidedignas.com.mx\/#\/schema\/logo\/image\/"},"sameAs":["https:\/\/www.facebook.com\/Fuentes-Fidedignas-368234489921644","https:\/\/x.com\/fidedignas"]},{"@type":"Person","@id":"https:\/\/fuentesfidedignas.com.mx\/#\/schema\/person\/331be9283d37198e2acd5750279085b0","name":"Redacci\u00f3n","image":{"@type":"ImageObject","inLanguage":"es","@id":"https:\/\/secure.gravatar.com\/avatar\/f6d8782c11d12b2d4ad3fbb6931aeab5309937a4d6cd2fc9cfaa28a6396a5aec?s=96&d=mm&r=g","url":"https:\/\/secure.gravatar.com\/avatar\/f6d8782c11d12b2d4ad3fbb6931aeab5309937a4d6cd2fc9cfaa28a6396a5aec?s=96&d=mm&r=g","contentUrl":"https:\/\/secure.gravatar.com\/avatar\/f6d8782c11d12b2d4ad3fbb6931aeab5309937a4d6cd2fc9cfaa28a6396a5aec?s=96&d=mm&r=g","caption":"Redacci\u00f3n"},"url":"https:\/\/fuentesfidedignas.com.mx\/index.php\/author\/redaccion\/"}]}},"_links":{"self":[{"href":"https:\/\/fuentesfidedignas.com.mx\/index.php\/wp-json\/wp\/v2\/posts\/7978","targetHints":{"allow":["GET"]}}],"collection":[{"href":"https:\/\/fuentesfidedignas.com.mx\/index.php\/wp-json\/wp\/v2\/posts"}],"about":[{"href":"https:\/\/fuentesfidedignas.com.mx\/index.php\/wp-json\/wp\/v2\/types\/post"}],"author":[{"embeddable":true,"href":"https:\/\/fuentesfidedignas.com.mx\/index.php\/wp-json\/wp\/v2\/users\/4"}],"replies":[{"embeddable":true,"href":"https:\/\/fuentesfidedignas.com.mx\/index.php\/wp-json\/wp\/v2\/comments?post=7978"}],"version-history":[{"count":1,"href":"https:\/\/fuentesfidedignas.com.mx\/index.php\/wp-json\/wp\/v2\/posts\/7978\/revisions"}],"predecessor-version":[{"id":7979,"href":"https:\/\/fuentesfidedignas.com.mx\/index.php\/wp-json\/wp\/v2\/posts\/7978\/revisions\/7979"}],"wp:featuredmedia":[{"embeddable":true,"href":"https:\/\/fuentesfidedignas.com.mx\/index.php\/wp-json\/wp\/v2\/media\/7572"}],"wp:attachment":[{"href":"https:\/\/fuentesfidedignas.com.mx\/index.php\/wp-json\/wp\/v2\/media?parent=7978"}],"wp:term":[{"taxonomy":"category","embeddable":true,"href":"https:\/\/fuentesfidedignas.com.mx\/index.php\/wp-json\/wp\/v2\/categories?post=7978"},{"taxonomy":"post_tag","embeddable":true,"href":"https:\/\/fuentesfidedignas.com.mx\/index.php\/wp-json\/wp\/v2\/tags?post=7978"}],"curies":[{"name":"wp","href":"https:\/\/api.w.org\/{rel}","templated":true}]}}