{"id":7972,"date":"2021-07-21T12:26:16","date_gmt":"2021-07-21T19:26:16","guid":{"rendered":"https:\/\/fuentesfidedignas.com.mx\/?p=7972"},"modified":"2021-07-21T12:26:17","modified_gmt":"2021-07-21T19:26:17","slug":"coepriss-ciad-e-intercamaral-impulsan-monitoreo-del-aire-en-espacios-cerrados-para-la-deteccion-del-covid-19","status":"publish","type":"post","link":"https:\/\/fuentesfidedignas.com.mx\/index.php\/2021\/07\/21\/coepriss-ciad-e-intercamaral-impulsan-monitoreo-del-aire-en-espacios-cerrados-para-la-deteccion-del-covid-19\/","title":{"rendered":"Coepriss, CIAD e Intercamaral impulsan monitoreo del aire en espacios cerrados para la detecci\u00f3n del Covid-19"},"content":{"rendered":"\n<p><em><strong>Hacen uso de muestreadores dise\u00f1ados para detectar los virus mediante el uso de filtros de membrana especiales. <\/strong><\/em><\/p>\n\n\n\n<p>Culiac\u00e1n, Sin.- Coepriss, CIAD e Intercamaral pusieron en marcha el programa estatal de monitoreo de aire en los espacios cerrados de los establecimientos comerciales de Sinaloa para la detecci\u00f3n del SARS-CoV-2, virus causante del COVID-19.<\/p>\n\n\n\n<p>El comisionado estatal para la protecci\u00f3n contra riesgos sanitarios de Sinaloa (Coepriss), Jorge Alan Urbina Vidales explic\u00f3 que la toma de muestras de aerosoles permite monitorear el aire ambiente en \u00e1reas cerradas para detectar de manera precisa la presencia del virus SARS-CoV-2.<\/p>\n\n\n\n<p>\u201cEste programa es fundamental porque el medio ambiente es un factor potencial de transmisi\u00f3n importante y estos an\u00e1lisis nos permiten reducir la posibilidad de transmisi\u00f3n al identificar puntos de riesgo mediante el monitoreo del virus en el aire, y de esta manera orientar las medidas de prevenci\u00f3n con m\u00e1s efectividad\u201d, coment\u00f3.<\/p>\n\n\n\n<p>Explic\u00f3 que los muestreadores est\u00e1n dise\u00f1ados para detectar los virus mediante el uso de filtros de membrana especiales. \u201cSe est\u00e1n utilizando muestreadores de aire Sartorius y filtros de membrana de gelatina para la detecci\u00f3n del virus a trav\u00e9s del an\u00e1lisis de la muestra con la prueba PCR\u201d, apunt\u00f3.<\/p>\n\n\n\n<p>Crist\u00f3bal Chaidez Quiroz, director del Laboratorio Nacional para la Investigaci\u00f3n en Inocuidad Alimentaria (Laniia) del Centro de Investigaci\u00f3n en Alimentaci\u00f3n y Desarrollo (CIAD, A.C. Unidad Culiac\u00e1n), explic\u00f3 que el laboratorio de microbiolog\u00eda molecular del Laboratorio Nacional Laniia-CIAD Culiac\u00e1n est\u00e1 acreditado por el Instituto de Diagn\u00f3stico y Referencia Epidemiol\u00f3gicos (InDRE).<\/p>\n\n\n\n<p>\u201cEstamos autorizados para la realizaci\u00f3n de pruebas de detecci\u00f3n del SARS-CoV-2 en muestras nasofar\u00edngeas y otras relativas mediante la t\u00e9cnica molecular de reacci\u00f3n en cadena de la polimerasa con transcriptasa inversa (RT-PCR, siglas en ingl\u00e9s)\u201d, dijo.<\/p>\n\n\n\n<p>El primer monitoreo de aerosoles para la detecci\u00f3n del virus SARS-CoV-2 se realiz\u00f3 esta semana en el restaurante Clan Taniyama. Su propietario Jos\u00e9 Miguel Taniyama, presidente de la C\u00e1mara Nacional de la Industria de Restaurantes y Alimentos Condimentados (Canirac) de Culiac\u00e1n, afirm\u00f3 que es mejor monitorear que cerrar empresas. \u201cCon esta medida generamos confianza en la sociedad y es una acci\u00f3n efectiva para prevenir contagios\u201d, sostuvo.<\/p>\n\n\n\n<p>Francisco \u00c1lvarez Aguilar, presidente de la C\u00e1mara Nacional de la Industria de Transformaci\u00f3n (Canacintra) en Culiac\u00e1n, precis\u00f3 que esta acci\u00f3n ampl\u00eda el modelo del Programa de Monitoreo Interno Empresarial (PIME), una estrategia para prevenir la propagaci\u00f3n del virus SARS-CoV-2.<\/p>\n\n\n\n<p>Jorge Alan Urbina Vidales expuso que el monitoreo permite reducir la propagaci\u00f3n del virus entre usuarios y trabajadores al realizar una detecci\u00f3n temprana lo que brinda mejores condiciones de bioseguridad en espacios cerrados.<\/p>\n\n\n\n<p>\u201cEste programa es vigilado por Coepriss para garantizar la seguridad sanitaria en su implementaci\u00f3n, toma de muestras y an\u00e1lisis para la detecci\u00f3n del virus SARS-CoV-2\u201d, asever\u00f3.<\/p>\n\n\n\n<p>Crist\u00f3bal Chaidez Quiroz, director de Laniia-CIAD, explic\u00f3 que el CIAD Culiac\u00e1n es un centro p\u00fablico de investigaci\u00f3n del Consejo Nacional de Ciencia y Tecnolog\u00eda (Conacyt) acreditado ante el InDRE para realizar este procedimiento con equipo especializado.<\/p>\n\n\n\n<p>\u201cEl muestreador ambiental absorbe mil litros de aire a trav\u00e9s de una membrana, un filtro de alta tecnolog\u00eda que funciona como si fuera el isopo, que captura las part\u00edculas, y a la muestra se le aplica en el laboratorio la prueba PCR para cuantificar inclusive el n\u00famero de part\u00edculas virales que pueden estar presentes. Esto permite identificar espacios que pudieran estar contaminados y generar estrategias de intervenci\u00f3n\u201d, asegur\u00f3.<\/p>\n\n\n\n<p>Jos\u00e9 Miguel Taniyama advirti\u00f3 que el monitoreo ser\u00e1 de manera voluntaria y cada propietario de establecimiento absorber\u00e1 el costo de la prueba PCR porque se trata de un esfuerzo intercamaral para mantener activa la econom\u00eda con altos niveles de bioseguridad, mejorando los protocolos y disminuyendo los riesgos.<\/p>\n\n\n\n<p>Jorge Alan Urbina Vidales advirti\u00f3 que este programa no solo permite valorar c\u00f3mo se encuentran los establecimientos comerciales, restaurantes, hoteles, sino oficinas y terminales terrestres, a\u00e9reas y mar\u00edtimas.<\/p>\n\n\n\n<p>\u201cCon los resultados podemos establecer estrategias inmediatas de bioseguridad y desinfecci\u00f3n lo que da m\u00e1s tranquilidad al personal y a los usuarios\u201d, dijo.<\/p>\n\n\n\n<p>La intercamaral est\u00e1 integrada tambi\u00e9n por las c\u00e1maras empresariales CANADEVI, COPARMEX, CMIC, CANACO, Asociaci\u00f3n Mexicana de Mujeres Jefas de Empresas (AMMJE), Asociaci\u00f3n de Hoteles y Moteles y la Asociaci\u00f3n Civil Ejecutivos de Ventas y Mercadotecnia.<\/p>\n\n\n\n<p>Finalmente, Jorge Alan Urbina Vidales subray\u00f3 el compromiso de coordinar esfuerzos con el sector empresarial para proteger la salud de la poblaci\u00f3n y dar certidumbre a la econom\u00eda al desarrollar acciones para fortalecer los protocolos de bioseguridad.<\/p>\n","protected":false},"excerpt":{"rendered":"<p>Hacen uso de muestreadores dise\u00f1ados para detectar los virus mediante el uso de filtros de membrana especiales. Culiac\u00e1n, Sin.- Coepriss, CIAD e Intercamaral pusieron en marcha el programa estatal de monitoreo de aire en los espacios cerrados de los establecimientos comerciales de Sinaloa para la detecci\u00f3n del SARS-CoV-2, virus causante del COVID-19. El comisionado estatal [&hellip;]<\/p>\n","protected":false},"author":4,"featured_media":7973,"comment_status":"open","ping_status":"open","sticky":false,"template":"","format":"standard","meta":{"tdm_status":"","tdm_grid_status":"","footnotes":""},"categories":[38],"tags":[346,332,59,416],"class_list":{"0":"post-7972","1":"post","2":"type-post","3":"status-publish","4":"format-standard","5":"has-post-thumbnail","7":"category-noticias-locales","8":"tag-coepriss","9":"tag-coronavirus","10":"tag-covid-19","11":"tag-sars-cov-2"},"yoast_head":"<!-- This site is optimized with the Yoast SEO plugin v27.5 - https:\/\/yoast.com\/product\/yoast-seo-wordpress\/ -->\n<title>Coepriss, CIAD e Intercamaral impulsan monitoreo del aire en espacios cerrados para la detecci\u00f3n del Covid-19 - Fuentes Fidedignas<\/title>\n<meta name=\"robots\" content=\"index, follow, max-snippet:-1, max-image-preview:large, max-video-preview:-1\" \/>\n<link rel=\"canonical\" href=\"https:\/\/fuentesfidedignas.com.mx\/index.php\/2021\/07\/21\/coepriss-ciad-e-intercamaral-impulsan-monitoreo-del-aire-en-espacios-cerrados-para-la-deteccion-del-covid-19\/\" \/>\n<meta property=\"og:locale\" content=\"es_MX\" \/>\n<meta property=\"og:type\" content=\"article\" \/>\n<meta property=\"og:title\" content=\"Coepriss, CIAD e Intercamaral impulsan monitoreo del aire en espacios cerrados para la detecci\u00f3n del Covid-19 - Fuentes Fidedignas\" \/>\n<meta property=\"og:description\" content=\"Hacen uso de muestreadores dise\u00f1ados para detectar los virus mediante el uso de filtros de membrana especiales. Culiac\u00e1n, Sin.- Coepriss, CIAD e Intercamaral pusieron en marcha el programa estatal de monitoreo de aire en los espacios cerrados de los establecimientos comerciales de Sinaloa para la detecci\u00f3n del SARS-CoV-2, virus causante del COVID-19. El comisionado estatal [&hellip;]\" \/>\n<meta property=\"og:url\" content=\"https:\/\/fuentesfidedignas.com.mx\/index.php\/2021\/07\/21\/coepriss-ciad-e-intercamaral-impulsan-monitoreo-del-aire-en-espacios-cerrados-para-la-deteccion-del-covid-19\/\" \/>\n<meta property=\"og:site_name\" content=\"Fuentes Fidedignas\" \/>\n<meta property=\"article:publisher\" content=\"https:\/\/www.facebook.com\/Fuentes-Fidedignas-368234489921644\" \/>\n<meta property=\"article:published_time\" content=\"2021-07-21T19:26:16+00:00\" \/>\n<meta property=\"article:modified_time\" content=\"2021-07-21T19:26:17+00:00\" \/>\n<meta property=\"og:image\" content=\"https:\/\/fuentesfidedignas.com.mx\/wp-content\/uploads\/2021\/07\/Monitoreo-de-coronavirus-en-aerosoles.-Imagenes-cortesia-ADN-Portal-12.jpg\" \/>\n\t<meta property=\"og:image:width\" content=\"1553\" \/>\n\t<meta property=\"og:image:height\" content=\"810\" \/>\n\t<meta property=\"og:image:type\" content=\"image\/jpeg\" \/>\n<meta name=\"author\" content=\"Redacci\u00f3n\" \/>\n<meta name=\"twitter:card\" content=\"summary_large_image\" \/>\n<meta name=\"twitter:creator\" content=\"@fidedignas\" \/>\n<meta name=\"twitter:site\" content=\"@fidedignas\" \/>\n<meta name=\"twitter:label1\" content=\"Escrito por\" \/>\n\t<meta name=\"twitter:data1\" content=\"Redacci\u00f3n\" \/>\n\t<meta name=\"twitter:label2\" content=\"Tiempo de lectura\" \/>\n\t<meta name=\"twitter:data2\" content=\"4 minutos\" \/>\n<script type=\"application\/ld+json\" class=\"yoast-schema-graph\">{\"@context\":\"https:\\\/\\\/schema.org\",\"@graph\":[{\"@type\":\"Article\",\"@id\":\"https:\\\/\\\/fuentesfidedignas.com.mx\\\/index.php\\\/2021\\\/07\\\/21\\\/coepriss-ciad-e-intercamaral-impulsan-monitoreo-del-aire-en-espacios-cerrados-para-la-deteccion-del-covid-19\\\/#article\",\"isPartOf\":{\"@id\":\"https:\\\/\\\/fuentesfidedignas.com.mx\\\/index.php\\\/2021\\\/07\\\/21\\\/coepriss-ciad-e-intercamaral-impulsan-monitoreo-del-aire-en-espacios-cerrados-para-la-deteccion-del-covid-19\\\/\"},\"author\":{\"name\":\"Redacci\u00f3n\",\"@id\":\"https:\\\/\\\/fuentesfidedignas.com.mx\\\/#\\\/schema\\\/person\\\/331be9283d37198e2acd5750279085b0\"},\"headline\":\"Coepriss, CIAD e Intercamaral impulsan monitoreo del aire en espacios cerrados para la detecci\u00f3n del Covid-19\",\"datePublished\":\"2021-07-21T19:26:16+00:00\",\"dateModified\":\"2021-07-21T19:26:17+00:00\",\"mainEntityOfPage\":{\"@id\":\"https:\\\/\\\/fuentesfidedignas.com.mx\\\/index.php\\\/2021\\\/07\\\/21\\\/coepriss-ciad-e-intercamaral-impulsan-monitoreo-del-aire-en-espacios-cerrados-para-la-deteccion-del-covid-19\\\/\"},\"wordCount\":804,\"commentCount\":0,\"publisher\":{\"@id\":\"https:\\\/\\\/fuentesfidedignas.com.mx\\\/#organization\"},\"image\":{\"@id\":\"https:\\\/\\\/fuentesfidedignas.com.mx\\\/index.php\\\/2021\\\/07\\\/21\\\/coepriss-ciad-e-intercamaral-impulsan-monitoreo-del-aire-en-espacios-cerrados-para-la-deteccion-del-covid-19\\\/#primaryimage\"},\"thumbnailUrl\":\"https:\\\/\\\/fuentesfidedignas.com.mx\\\/wp-content\\\/uploads\\\/2021\\\/07\\\/Monitoreo-de-coronavirus-en-aerosoles.-Imagenes-cortesia-ADN-Portal-12.jpg\",\"keywords\":[\"Coepriss\",\"Coronavirus\",\"Covid-19\",\"SARS-CoV-2\"],\"articleSection\":[\"NOTICIAS LOCALES\"],\"inLanguage\":\"es\",\"potentialAction\":[{\"@type\":\"CommentAction\",\"name\":\"Comment\",\"target\":[\"https:\\\/\\\/fuentesfidedignas.com.mx\\\/index.php\\\/2021\\\/07\\\/21\\\/coepriss-ciad-e-intercamaral-impulsan-monitoreo-del-aire-en-espacios-cerrados-para-la-deteccion-del-covid-19\\\/#respond\"]}]},{\"@type\":\"WebPage\",\"@id\":\"https:\\\/\\\/fuentesfidedignas.com.mx\\\/index.php\\\/2021\\\/07\\\/21\\\/coepriss-ciad-e-intercamaral-impulsan-monitoreo-del-aire-en-espacios-cerrados-para-la-deteccion-del-covid-19\\\/\",\"url\":\"https:\\\/\\\/fuentesfidedignas.com.mx\\\/index.php\\\/2021\\\/07\\\/21\\\/coepriss-ciad-e-intercamaral-impulsan-monitoreo-del-aire-en-espacios-cerrados-para-la-deteccion-del-covid-19\\\/\",\"name\":\"Coepriss, CIAD e Intercamaral impulsan monitoreo del aire en espacios cerrados para la detecci\u00f3n del Covid-19 - Fuentes Fidedignas\",\"isPartOf\":{\"@id\":\"https:\\\/\\\/fuentesfidedignas.com.mx\\\/#website\"},\"primaryImageOfPage\":{\"@id\":\"https:\\\/\\\/fuentesfidedignas.com.mx\\\/index.php\\\/2021\\\/07\\\/21\\\/coepriss-ciad-e-intercamaral-impulsan-monitoreo-del-aire-en-espacios-cerrados-para-la-deteccion-del-covid-19\\\/#primaryimage\"},\"image\":{\"@id\":\"https:\\\/\\\/fuentesfidedignas.com.mx\\\/index.php\\\/2021\\\/07\\\/21\\\/coepriss-ciad-e-intercamaral-impulsan-monitoreo-del-aire-en-espacios-cerrados-para-la-deteccion-del-covid-19\\\/#primaryimage\"},\"thumbnailUrl\":\"https:\\\/\\\/fuentesfidedignas.com.mx\\\/wp-content\\\/uploads\\\/2021\\\/07\\\/Monitoreo-de-coronavirus-en-aerosoles.-Imagenes-cortesia-ADN-Portal-12.jpg\",\"datePublished\":\"2021-07-21T19:26:16+00:00\",\"dateModified\":\"2021-07-21T19:26:17+00:00\",\"breadcrumb\":{\"@id\":\"https:\\\/\\\/fuentesfidedignas.com.mx\\\/index.php\\\/2021\\\/07\\\/21\\\/coepriss-ciad-e-intercamaral-impulsan-monitoreo-del-aire-en-espacios-cerrados-para-la-deteccion-del-covid-19\\\/#breadcrumb\"},\"inLanguage\":\"es\",\"potentialAction\":[{\"@type\":\"ReadAction\",\"target\":[\"https:\\\/\\\/fuentesfidedignas.com.mx\\\/index.php\\\/2021\\\/07\\\/21\\\/coepriss-ciad-e-intercamaral-impulsan-monitoreo-del-aire-en-espacios-cerrados-para-la-deteccion-del-covid-19\\\/\"]}]},{\"@type\":\"ImageObject\",\"inLanguage\":\"es\",\"@id\":\"https:\\\/\\\/fuentesfidedignas.com.mx\\\/index.php\\\/2021\\\/07\\\/21\\\/coepriss-ciad-e-intercamaral-impulsan-monitoreo-del-aire-en-espacios-cerrados-para-la-deteccion-del-covid-19\\\/#primaryimage\",\"url\":\"https:\\\/\\\/fuentesfidedignas.com.mx\\\/wp-content\\\/uploads\\\/2021\\\/07\\\/Monitoreo-de-coronavirus-en-aerosoles.-Imagenes-cortesia-ADN-Portal-12.jpg\",\"contentUrl\":\"https:\\\/\\\/fuentesfidedignas.com.mx\\\/wp-content\\\/uploads\\\/2021\\\/07\\\/Monitoreo-de-coronavirus-en-aerosoles.-Imagenes-cortesia-ADN-Portal-12.jpg\",\"width\":1553,\"height\":810},{\"@type\":\"BreadcrumbList\",\"@id\":\"https:\\\/\\\/fuentesfidedignas.com.mx\\\/index.php\\\/2021\\\/07\\\/21\\\/coepriss-ciad-e-intercamaral-impulsan-monitoreo-del-aire-en-espacios-cerrados-para-la-deteccion-del-covid-19\\\/#breadcrumb\",\"itemListElement\":[{\"@type\":\"ListItem\",\"position\":1,\"name\":\"Inicio\",\"item\":\"https:\\\/\\\/fuentesfidedignas.com.mx\\\/\"},{\"@type\":\"ListItem\",\"position\":2,\"name\":\"Coepriss, CIAD e Intercamaral impulsan monitoreo del aire en espacios cerrados para la detecci\u00f3n del Covid-19\"}]},{\"@type\":\"WebSite\",\"@id\":\"https:\\\/\\\/fuentesfidedignas.com.mx\\\/#website\",\"url\":\"https:\\\/\\\/fuentesfidedignas.com.mx\\\/\",\"name\":\"Fuentes Fidedignas\",\"description\":\"Otro sitio realizado con WordPress\",\"publisher\":{\"@id\":\"https:\\\/\\\/fuentesfidedignas.com.mx\\\/#organization\"},\"potentialAction\":[{\"@type\":\"SearchAction\",\"target\":{\"@type\":\"EntryPoint\",\"urlTemplate\":\"https:\\\/\\\/fuentesfidedignas.com.mx\\\/?s={search_term_string}\"},\"query-input\":{\"@type\":\"PropertyValueSpecification\",\"valueRequired\":true,\"valueName\":\"search_term_string\"}}],\"inLanguage\":\"es\"},{\"@type\":\"Organization\",\"@id\":\"https:\\\/\\\/fuentesfidedignas.com.mx\\\/#organization\",\"name\":\"Fuentes Fidedignas\",\"url\":\"https:\\\/\\\/fuentesfidedignas.com.mx\\\/\",\"logo\":{\"@type\":\"ImageObject\",\"inLanguage\":\"es\",\"@id\":\"https:\\\/\\\/fuentesfidedignas.com.mx\\\/#\\\/schema\\\/logo\\\/image\\\/\",\"url\":\"https:\\\/\\\/fuentesfidedignas.com.mx\\\/wp-content\\\/uploads\\\/2021\\\/04\\\/logo-retina.png\",\"contentUrl\":\"https:\\\/\\\/fuentesfidedignas.com.mx\\\/wp-content\\\/uploads\\\/2021\\\/04\\\/logo-retina.png\",\"width\":280,\"height\":51,\"caption\":\"Fuentes Fidedignas\"},\"image\":{\"@id\":\"https:\\\/\\\/fuentesfidedignas.com.mx\\\/#\\\/schema\\\/logo\\\/image\\\/\"},\"sameAs\":[\"https:\\\/\\\/www.facebook.com\\\/Fuentes-Fidedignas-368234489921644\",\"https:\\\/\\\/x.com\\\/fidedignas\"]},{\"@type\":\"Person\",\"@id\":\"https:\\\/\\\/fuentesfidedignas.com.mx\\\/#\\\/schema\\\/person\\\/331be9283d37198e2acd5750279085b0\",\"name\":\"Redacci\u00f3n\",\"image\":{\"@type\":\"ImageObject\",\"inLanguage\":\"es\",\"@id\":\"https:\\\/\\\/secure.gravatar.com\\\/avatar\\\/f6d8782c11d12b2d4ad3fbb6931aeab5309937a4d6cd2fc9cfaa28a6396a5aec?s=96&d=mm&r=g\",\"url\":\"https:\\\/\\\/secure.gravatar.com\\\/avatar\\\/f6d8782c11d12b2d4ad3fbb6931aeab5309937a4d6cd2fc9cfaa28a6396a5aec?s=96&d=mm&r=g\",\"contentUrl\":\"https:\\\/\\\/secure.gravatar.com\\\/avatar\\\/f6d8782c11d12b2d4ad3fbb6931aeab5309937a4d6cd2fc9cfaa28a6396a5aec?s=96&d=mm&r=g\",\"caption\":\"Redacci\u00f3n\"},\"url\":\"https:\\\/\\\/fuentesfidedignas.com.mx\\\/index.php\\\/author\\\/redaccion\\\/\"}]}<\/script>\n<!-- \/ Yoast SEO plugin. -->","yoast_head_json":{"title":"Coepriss, CIAD e Intercamaral impulsan monitoreo del aire en espacios cerrados para la detecci\u00f3n del Covid-19 - Fuentes Fidedignas","robots":{"index":"index","follow":"follow","max-snippet":"max-snippet:-1","max-image-preview":"max-image-preview:large","max-video-preview":"max-video-preview:-1"},"canonical":"https:\/\/fuentesfidedignas.com.mx\/index.php\/2021\/07\/21\/coepriss-ciad-e-intercamaral-impulsan-monitoreo-del-aire-en-espacios-cerrados-para-la-deteccion-del-covid-19\/","og_locale":"es_MX","og_type":"article","og_title":"Coepriss, CIAD e Intercamaral impulsan monitoreo del aire en espacios cerrados para la detecci\u00f3n del Covid-19 - Fuentes Fidedignas","og_description":"Hacen uso de muestreadores dise\u00f1ados para detectar los virus mediante el uso de filtros de membrana especiales. Culiac\u00e1n, Sin.- Coepriss, CIAD e Intercamaral pusieron en marcha el programa estatal de monitoreo de aire en los espacios cerrados de los establecimientos comerciales de Sinaloa para la detecci\u00f3n del SARS-CoV-2, virus causante del COVID-19. El comisionado estatal [&hellip;]","og_url":"https:\/\/fuentesfidedignas.com.mx\/index.php\/2021\/07\/21\/coepriss-ciad-e-intercamaral-impulsan-monitoreo-del-aire-en-espacios-cerrados-para-la-deteccion-del-covid-19\/","og_site_name":"Fuentes Fidedignas","article_publisher":"https:\/\/www.facebook.com\/Fuentes-Fidedignas-368234489921644","article_published_time":"2021-07-21T19:26:16+00:00","article_modified_time":"2021-07-21T19:26:17+00:00","og_image":[{"width":1553,"height":810,"url":"https:\/\/fuentesfidedignas.com.mx\/wp-content\/uploads\/2021\/07\/Monitoreo-de-coronavirus-en-aerosoles.-Imagenes-cortesia-ADN-Portal-12.jpg","type":"image\/jpeg"}],"author":"Redacci\u00f3n","twitter_card":"summary_large_image","twitter_creator":"@fidedignas","twitter_site":"@fidedignas","twitter_misc":{"Escrito por":"Redacci\u00f3n","Tiempo de lectura":"4 minutos"},"schema":{"@context":"https:\/\/schema.org","@graph":[{"@type":"Article","@id":"https:\/\/fuentesfidedignas.com.mx\/index.php\/2021\/07\/21\/coepriss-ciad-e-intercamaral-impulsan-monitoreo-del-aire-en-espacios-cerrados-para-la-deteccion-del-covid-19\/#article","isPartOf":{"@id":"https:\/\/fuentesfidedignas.com.mx\/index.php\/2021\/07\/21\/coepriss-ciad-e-intercamaral-impulsan-monitoreo-del-aire-en-espacios-cerrados-para-la-deteccion-del-covid-19\/"},"author":{"name":"Redacci\u00f3n","@id":"https:\/\/fuentesfidedignas.com.mx\/#\/schema\/person\/331be9283d37198e2acd5750279085b0"},"headline":"Coepriss, CIAD e Intercamaral impulsan monitoreo del aire en espacios cerrados para la detecci\u00f3n del Covid-19","datePublished":"2021-07-21T19:26:16+00:00","dateModified":"2021-07-21T19:26:17+00:00","mainEntityOfPage":{"@id":"https:\/\/fuentesfidedignas.com.mx\/index.php\/2021\/07\/21\/coepriss-ciad-e-intercamaral-impulsan-monitoreo-del-aire-en-espacios-cerrados-para-la-deteccion-del-covid-19\/"},"wordCount":804,"commentCount":0,"publisher":{"@id":"https:\/\/fuentesfidedignas.com.mx\/#organization"},"image":{"@id":"https:\/\/fuentesfidedignas.com.mx\/index.php\/2021\/07\/21\/coepriss-ciad-e-intercamaral-impulsan-monitoreo-del-aire-en-espacios-cerrados-para-la-deteccion-del-covid-19\/#primaryimage"},"thumbnailUrl":"https:\/\/fuentesfidedignas.com.mx\/wp-content\/uploads\/2021\/07\/Monitoreo-de-coronavirus-en-aerosoles.-Imagenes-cortesia-ADN-Portal-12.jpg","keywords":["Coepriss","Coronavirus","Covid-19","SARS-CoV-2"],"articleSection":["NOTICIAS LOCALES"],"inLanguage":"es","potentialAction":[{"@type":"CommentAction","name":"Comment","target":["https:\/\/fuentesfidedignas.com.mx\/index.php\/2021\/07\/21\/coepriss-ciad-e-intercamaral-impulsan-monitoreo-del-aire-en-espacios-cerrados-para-la-deteccion-del-covid-19\/#respond"]}]},{"@type":"WebPage","@id":"https:\/\/fuentesfidedignas.com.mx\/index.php\/2021\/07\/21\/coepriss-ciad-e-intercamaral-impulsan-monitoreo-del-aire-en-espacios-cerrados-para-la-deteccion-del-covid-19\/","url":"https:\/\/fuentesfidedignas.com.mx\/index.php\/2021\/07\/21\/coepriss-ciad-e-intercamaral-impulsan-monitoreo-del-aire-en-espacios-cerrados-para-la-deteccion-del-covid-19\/","name":"Coepriss, CIAD e Intercamaral impulsan monitoreo del aire en espacios cerrados para la detecci\u00f3n del Covid-19 - Fuentes Fidedignas","isPartOf":{"@id":"https:\/\/fuentesfidedignas.com.mx\/#website"},"primaryImageOfPage":{"@id":"https:\/\/fuentesfidedignas.com.mx\/index.php\/2021\/07\/21\/coepriss-ciad-e-intercamaral-impulsan-monitoreo-del-aire-en-espacios-cerrados-para-la-deteccion-del-covid-19\/#primaryimage"},"image":{"@id":"https:\/\/fuentesfidedignas.com.mx\/index.php\/2021\/07\/21\/coepriss-ciad-e-intercamaral-impulsan-monitoreo-del-aire-en-espacios-cerrados-para-la-deteccion-del-covid-19\/#primaryimage"},"thumbnailUrl":"https:\/\/fuentesfidedignas.com.mx\/wp-content\/uploads\/2021\/07\/Monitoreo-de-coronavirus-en-aerosoles.-Imagenes-cortesia-ADN-Portal-12.jpg","datePublished":"2021-07-21T19:26:16+00:00","dateModified":"2021-07-21T19:26:17+00:00","breadcrumb":{"@id":"https:\/\/fuentesfidedignas.com.mx\/index.php\/2021\/07\/21\/coepriss-ciad-e-intercamaral-impulsan-monitoreo-del-aire-en-espacios-cerrados-para-la-deteccion-del-covid-19\/#breadcrumb"},"inLanguage":"es","potentialAction":[{"@type":"ReadAction","target":["https:\/\/fuentesfidedignas.com.mx\/index.php\/2021\/07\/21\/coepriss-ciad-e-intercamaral-impulsan-monitoreo-del-aire-en-espacios-cerrados-para-la-deteccion-del-covid-19\/"]}]},{"@type":"ImageObject","inLanguage":"es","@id":"https:\/\/fuentesfidedignas.com.mx\/index.php\/2021\/07\/21\/coepriss-ciad-e-intercamaral-impulsan-monitoreo-del-aire-en-espacios-cerrados-para-la-deteccion-del-covid-19\/#primaryimage","url":"https:\/\/fuentesfidedignas.com.mx\/wp-content\/uploads\/2021\/07\/Monitoreo-de-coronavirus-en-aerosoles.-Imagenes-cortesia-ADN-Portal-12.jpg","contentUrl":"https:\/\/fuentesfidedignas.com.mx\/wp-content\/uploads\/2021\/07\/Monitoreo-de-coronavirus-en-aerosoles.-Imagenes-cortesia-ADN-Portal-12.jpg","width":1553,"height":810},{"@type":"BreadcrumbList","@id":"https:\/\/fuentesfidedignas.com.mx\/index.php\/2021\/07\/21\/coepriss-ciad-e-intercamaral-impulsan-monitoreo-del-aire-en-espacios-cerrados-para-la-deteccion-del-covid-19\/#breadcrumb","itemListElement":[{"@type":"ListItem","position":1,"name":"Inicio","item":"https:\/\/fuentesfidedignas.com.mx\/"},{"@type":"ListItem","position":2,"name":"Coepriss, CIAD e Intercamaral impulsan monitoreo del aire en espacios cerrados para la detecci\u00f3n del Covid-19"}]},{"@type":"WebSite","@id":"https:\/\/fuentesfidedignas.com.mx\/#website","url":"https:\/\/fuentesfidedignas.com.mx\/","name":"Fuentes Fidedignas","description":"Otro sitio realizado con WordPress","publisher":{"@id":"https:\/\/fuentesfidedignas.com.mx\/#organization"},"potentialAction":[{"@type":"SearchAction","target":{"@type":"EntryPoint","urlTemplate":"https:\/\/fuentesfidedignas.com.mx\/?s={search_term_string}"},"query-input":{"@type":"PropertyValueSpecification","valueRequired":true,"valueName":"search_term_string"}}],"inLanguage":"es"},{"@type":"Organization","@id":"https:\/\/fuentesfidedignas.com.mx\/#organization","name":"Fuentes Fidedignas","url":"https:\/\/fuentesfidedignas.com.mx\/","logo":{"@type":"ImageObject","inLanguage":"es","@id":"https:\/\/fuentesfidedignas.com.mx\/#\/schema\/logo\/image\/","url":"https:\/\/fuentesfidedignas.com.mx\/wp-content\/uploads\/2021\/04\/logo-retina.png","contentUrl":"https:\/\/fuentesfidedignas.com.mx\/wp-content\/uploads\/2021\/04\/logo-retina.png","width":280,"height":51,"caption":"Fuentes Fidedignas"},"image":{"@id":"https:\/\/fuentesfidedignas.com.mx\/#\/schema\/logo\/image\/"},"sameAs":["https:\/\/www.facebook.com\/Fuentes-Fidedignas-368234489921644","https:\/\/x.com\/fidedignas"]},{"@type":"Person","@id":"https:\/\/fuentesfidedignas.com.mx\/#\/schema\/person\/331be9283d37198e2acd5750279085b0","name":"Redacci\u00f3n","image":{"@type":"ImageObject","inLanguage":"es","@id":"https:\/\/secure.gravatar.com\/avatar\/f6d8782c11d12b2d4ad3fbb6931aeab5309937a4d6cd2fc9cfaa28a6396a5aec?s=96&d=mm&r=g","url":"https:\/\/secure.gravatar.com\/avatar\/f6d8782c11d12b2d4ad3fbb6931aeab5309937a4d6cd2fc9cfaa28a6396a5aec?s=96&d=mm&r=g","contentUrl":"https:\/\/secure.gravatar.com\/avatar\/f6d8782c11d12b2d4ad3fbb6931aeab5309937a4d6cd2fc9cfaa28a6396a5aec?s=96&d=mm&r=g","caption":"Redacci\u00f3n"},"url":"https:\/\/fuentesfidedignas.com.mx\/index.php\/author\/redaccion\/"}]}},"_links":{"self":[{"href":"https:\/\/fuentesfidedignas.com.mx\/index.php\/wp-json\/wp\/v2\/posts\/7972","targetHints":{"allow":["GET"]}}],"collection":[{"href":"https:\/\/fuentesfidedignas.com.mx\/index.php\/wp-json\/wp\/v2\/posts"}],"about":[{"href":"https:\/\/fuentesfidedignas.com.mx\/index.php\/wp-json\/wp\/v2\/types\/post"}],"author":[{"embeddable":true,"href":"https:\/\/fuentesfidedignas.com.mx\/index.php\/wp-json\/wp\/v2\/users\/4"}],"replies":[{"embeddable":true,"href":"https:\/\/fuentesfidedignas.com.mx\/index.php\/wp-json\/wp\/v2\/comments?post=7972"}],"version-history":[{"count":1,"href":"https:\/\/fuentesfidedignas.com.mx\/index.php\/wp-json\/wp\/v2\/posts\/7972\/revisions"}],"predecessor-version":[{"id":7974,"href":"https:\/\/fuentesfidedignas.com.mx\/index.php\/wp-json\/wp\/v2\/posts\/7972\/revisions\/7974"}],"wp:featuredmedia":[{"embeddable":true,"href":"https:\/\/fuentesfidedignas.com.mx\/index.php\/wp-json\/wp\/v2\/media\/7973"}],"wp:attachment":[{"href":"https:\/\/fuentesfidedignas.com.mx\/index.php\/wp-json\/wp\/v2\/media?parent=7972"}],"wp:term":[{"taxonomy":"category","embeddable":true,"href":"https:\/\/fuentesfidedignas.com.mx\/index.php\/wp-json\/wp\/v2\/categories?post=7972"},{"taxonomy":"post_tag","embeddable":true,"href":"https:\/\/fuentesfidedignas.com.mx\/index.php\/wp-json\/wp\/v2\/tags?post=7972"}],"curies":[{"name":"wp","href":"https:\/\/api.w.org\/{rel}","templated":true}]}}