{"id":79558,"date":"2024-04-17T18:17:01","date_gmt":"2024-04-18T01:17:01","guid":{"rendered":"https:\/\/fuentesfidedignas.com.mx\/?p=79558"},"modified":"2024-04-17T18:17:01","modified_gmt":"2024-04-18T01:17:01","slug":"juez-vincula-a-proceso-a-kalimba-tras-denuncia-de-abuso-sexual","status":"publish","type":"post","link":"https:\/\/fuentesfidedignas.com.mx\/index.php\/2024\/04\/17\/juez-vincula-a-proceso-a-kalimba-tras-denuncia-de-abuso-sexual\/","title":{"rendered":"Juez vincula a proceso a Kalimba tras denuncia de abuso sexual"},"content":{"rendered":"\n<p><strong><em>Tras una audiencia crucial el 17 de abril en el Reclusorio Oriente, el juez tom\u00f3 la decisi\u00f3n de vincularlo a proceso.<\/em><\/strong><\/p>\n\n\n\n<p>CIUDAD DE M\u00c9XICO.- El cantante Kalimba ha sido vinculado a proceso tras una denuncia de abuso sexual presentada por la cantante Melissa Galindo. La decisi\u00f3n fue tomada por un juez en el Reclusorio Oriente, donde Kalimba se present\u00f3 para enfrentar las acusaciones.<\/p>\n\n\n\n<p>El caso se remonta al a\u00f1o 2020, cuando Melissa Galindo acus\u00f3 a Kalimba de haber intentado abusar de ella en tres ocasiones distintas mientras trabajaba juntos en un proyecto musical. Estas acusaciones han llevado a un proceso legal prolongado que ha incluido varias audiencias y ha generado un considerable debate p\u00fablico sobre el tema del abuso sexual en la industria del entretenimiento.<\/p>\n\n\n\n<p>El 17 de abril, tanto Melissa Galindo como Kalimba fueron citados en el Reclusorio Oriente para una audiencia crucial. Despu\u00e9s de horas de deliberaci\u00f3n, se inform\u00f3 que el juez hab\u00eda decidido vincular a proceso al cantante. Esta decisi\u00f3n implica que Kalimba podr\u00e1 llevar su caso en libertad mientras contin\u00faa el proceso legal.<\/p>\n\n\n\n<p>Kalimba ha negado consistentemente las acusaciones y ha expresado su confianza en las autoridades judiciales. En declaraciones recientes, mencion\u00f3 sentirse agotado por el impacto que el esc\u00e1ndalo ha tenido en su trabajo y su familia, especialmente en su hija Aitana. Por su parte, Melissa Galindo ha evitado hacer declaraciones a los medios durante la \u00faltima audiencia.<\/p>\n\n\n\n<p>El cantante, conocido por su participaci\u00f3n en el grupo OV7, ha enfrentado acusaciones similares en el pasado, pero ninguna ha sido comprobada hasta la fecha.<\/p>\n\n\n\n<p>Con la vinculaci\u00f3n a proceso, el caso entrar\u00e1 en una nueva fase donde se presentar\u00e1n m\u00e1s pruebas y testimonios. El equipo legal de Kalimba tendr\u00e1 la oportunidad de defender al cantante y demostrar su inocencia ante las acusaciones.<\/p>\n","protected":false},"excerpt":{"rendered":"<p>Tras una audiencia crucial el 17 de abril en el Reclusorio Oriente, el juez tom\u00f3 la decisi\u00f3n de vincularlo a proceso. CIUDAD DE M\u00c9XICO.- El cantante Kalimba ha sido vinculado a proceso tras una denuncia de abuso sexual presentada por la cantante Melissa Galindo. La decisi\u00f3n fue tomada por un juez en el Reclusorio Oriente, [&hellip;]<\/p>\n","protected":false},"author":40,"featured_media":79559,"comment_status":"open","ping_status":"open","sticky":false,"template":"","format":"standard","meta":{"tdm_status":"","tdm_grid_status":"","footnotes":""},"categories":[39],"tags":[],"class_list":{"0":"post-79558","1":"post","2":"type-post","3":"status-publish","4":"format-standard","5":"has-post-thumbnail","7":"category-noticias-nacionales"},"yoast_head":"<!-- This site is optimized with the Yoast SEO plugin v27.5 - https:\/\/yoast.com\/product\/yoast-seo-wordpress\/ -->\n<title>Juez vincula a proceso a Kalimba tras denuncia de abuso sexual - Fuentes Fidedignas<\/title>\n<meta name=\"robots\" content=\"index, follow, max-snippet:-1, max-image-preview:large, max-video-preview:-1\" \/>\n<link rel=\"canonical\" href=\"https:\/\/fuentesfidedignas.com.mx\/index.php\/2024\/04\/17\/juez-vincula-a-proceso-a-kalimba-tras-denuncia-de-abuso-sexual\/\" \/>\n<meta property=\"og:locale\" content=\"es_MX\" \/>\n<meta property=\"og:type\" content=\"article\" \/>\n<meta property=\"og:title\" content=\"Juez vincula a proceso a Kalimba tras denuncia de abuso sexual - Fuentes Fidedignas\" \/>\n<meta property=\"og:description\" content=\"Tras una audiencia crucial el 17 de abril en el Reclusorio Oriente, el juez tom\u00f3 la decisi\u00f3n de vincularlo a proceso. CIUDAD DE M\u00c9XICO.- El cantante Kalimba ha sido vinculado a proceso tras una denuncia de abuso sexual presentada por la cantante Melissa Galindo. La decisi\u00f3n fue tomada por un juez en el Reclusorio Oriente, [&hellip;]\" \/>\n<meta property=\"og:url\" content=\"https:\/\/fuentesfidedignas.com.mx\/index.php\/2024\/04\/17\/juez-vincula-a-proceso-a-kalimba-tras-denuncia-de-abuso-sexual\/\" \/>\n<meta property=\"og:site_name\" content=\"Fuentes Fidedignas\" \/>\n<meta property=\"article:publisher\" content=\"https:\/\/www.facebook.com\/Fuentes-Fidedignas-368234489921644\" \/>\n<meta property=\"article:published_time\" content=\"2024-04-18T01:17:01+00:00\" \/>\n<meta property=\"og:image\" content=\"https:\/\/fuentesfidedignas.com.mx\/wp-content\/uploads\/2024\/04\/kalimba-acusadora.jpg\" \/>\n\t<meta property=\"og:image:width\" content=\"600\" \/>\n\t<meta property=\"og:image:height\" content=\"351\" \/>\n\t<meta property=\"og:image:type\" content=\"image\/jpeg\" \/>\n<meta name=\"author\" content=\"El Imparcial\" \/>\n<meta name=\"twitter:card\" content=\"summary_large_image\" \/>\n<meta name=\"twitter:creator\" content=\"@fidedignas\" \/>\n<meta name=\"twitter:site\" content=\"@fidedignas\" \/>\n<meta name=\"twitter:label1\" content=\"Escrito por\" \/>\n\t<meta name=\"twitter:data1\" content=\"El Imparcial\" \/>\n\t<meta name=\"twitter:label2\" content=\"Tiempo de lectura\" \/>\n\t<meta name=\"twitter:data2\" content=\"2 minutos\" \/>\n<script type=\"application\/ld+json\" class=\"yoast-schema-graph\">{\"@context\":\"https:\\\/\\\/schema.org\",\"@graph\":[{\"@type\":\"Article\",\"@id\":\"https:\\\/\\\/fuentesfidedignas.com.mx\\\/index.php\\\/2024\\\/04\\\/17\\\/juez-vincula-a-proceso-a-kalimba-tras-denuncia-de-abuso-sexual\\\/#article\",\"isPartOf\":{\"@id\":\"https:\\\/\\\/fuentesfidedignas.com.mx\\\/index.php\\\/2024\\\/04\\\/17\\\/juez-vincula-a-proceso-a-kalimba-tras-denuncia-de-abuso-sexual\\\/\"},\"author\":{\"name\":\"El Imparcial\",\"@id\":\"https:\\\/\\\/fuentesfidedignas.com.mx\\\/#\\\/schema\\\/person\\\/ff4db17f8fd9c584e0cfc2a0c436b8a1\"},\"headline\":\"Juez vincula a proceso a Kalimba tras denuncia de abuso sexual\",\"datePublished\":\"2024-04-18T01:17:01+00:00\",\"mainEntityOfPage\":{\"@id\":\"https:\\\/\\\/fuentesfidedignas.com.mx\\\/index.php\\\/2024\\\/04\\\/17\\\/juez-vincula-a-proceso-a-kalimba-tras-denuncia-de-abuso-sexual\\\/\"},\"wordCount\":320,\"commentCount\":0,\"publisher\":{\"@id\":\"https:\\\/\\\/fuentesfidedignas.com.mx\\\/#organization\"},\"image\":{\"@id\":\"https:\\\/\\\/fuentesfidedignas.com.mx\\\/index.php\\\/2024\\\/04\\\/17\\\/juez-vincula-a-proceso-a-kalimba-tras-denuncia-de-abuso-sexual\\\/#primaryimage\"},\"thumbnailUrl\":\"https:\\\/\\\/fuentesfidedignas.com.mx\\\/wp-content\\\/uploads\\\/2024\\\/04\\\/kalimba-acusadora.jpg\",\"articleSection\":[\"NOTICIAS NACIONALES\"],\"inLanguage\":\"es\",\"potentialAction\":[{\"@type\":\"CommentAction\",\"name\":\"Comment\",\"target\":[\"https:\\\/\\\/fuentesfidedignas.com.mx\\\/index.php\\\/2024\\\/04\\\/17\\\/juez-vincula-a-proceso-a-kalimba-tras-denuncia-de-abuso-sexual\\\/#respond\"]}]},{\"@type\":\"WebPage\",\"@id\":\"https:\\\/\\\/fuentesfidedignas.com.mx\\\/index.php\\\/2024\\\/04\\\/17\\\/juez-vincula-a-proceso-a-kalimba-tras-denuncia-de-abuso-sexual\\\/\",\"url\":\"https:\\\/\\\/fuentesfidedignas.com.mx\\\/index.php\\\/2024\\\/04\\\/17\\\/juez-vincula-a-proceso-a-kalimba-tras-denuncia-de-abuso-sexual\\\/\",\"name\":\"Juez vincula a proceso a Kalimba tras denuncia de abuso sexual - Fuentes Fidedignas\",\"isPartOf\":{\"@id\":\"https:\\\/\\\/fuentesfidedignas.com.mx\\\/#website\"},\"primaryImageOfPage\":{\"@id\":\"https:\\\/\\\/fuentesfidedignas.com.mx\\\/index.php\\\/2024\\\/04\\\/17\\\/juez-vincula-a-proceso-a-kalimba-tras-denuncia-de-abuso-sexual\\\/#primaryimage\"},\"image\":{\"@id\":\"https:\\\/\\\/fuentesfidedignas.com.mx\\\/index.php\\\/2024\\\/04\\\/17\\\/juez-vincula-a-proceso-a-kalimba-tras-denuncia-de-abuso-sexual\\\/#primaryimage\"},\"thumbnailUrl\":\"https:\\\/\\\/fuentesfidedignas.com.mx\\\/wp-content\\\/uploads\\\/2024\\\/04\\\/kalimba-acusadora.jpg\",\"datePublished\":\"2024-04-18T01:17:01+00:00\",\"breadcrumb\":{\"@id\":\"https:\\\/\\\/fuentesfidedignas.com.mx\\\/index.php\\\/2024\\\/04\\\/17\\\/juez-vincula-a-proceso-a-kalimba-tras-denuncia-de-abuso-sexual\\\/#breadcrumb\"},\"inLanguage\":\"es\",\"potentialAction\":[{\"@type\":\"ReadAction\",\"target\":[\"https:\\\/\\\/fuentesfidedignas.com.mx\\\/index.php\\\/2024\\\/04\\\/17\\\/juez-vincula-a-proceso-a-kalimba-tras-denuncia-de-abuso-sexual\\\/\"]}]},{\"@type\":\"ImageObject\",\"inLanguage\":\"es\",\"@id\":\"https:\\\/\\\/fuentesfidedignas.com.mx\\\/index.php\\\/2024\\\/04\\\/17\\\/juez-vincula-a-proceso-a-kalimba-tras-denuncia-de-abuso-sexual\\\/#primaryimage\",\"url\":\"https:\\\/\\\/fuentesfidedignas.com.mx\\\/wp-content\\\/uploads\\\/2024\\\/04\\\/kalimba-acusadora.jpg\",\"contentUrl\":\"https:\\\/\\\/fuentesfidedignas.com.mx\\\/wp-content\\\/uploads\\\/2024\\\/04\\\/kalimba-acusadora.jpg\",\"width\":600,\"height\":351},{\"@type\":\"BreadcrumbList\",\"@id\":\"https:\\\/\\\/fuentesfidedignas.com.mx\\\/index.php\\\/2024\\\/04\\\/17\\\/juez-vincula-a-proceso-a-kalimba-tras-denuncia-de-abuso-sexual\\\/#breadcrumb\",\"itemListElement\":[{\"@type\":\"ListItem\",\"position\":1,\"name\":\"Inicio\",\"item\":\"https:\\\/\\\/fuentesfidedignas.com.mx\\\/\"},{\"@type\":\"ListItem\",\"position\":2,\"name\":\"Juez vincula a proceso a Kalimba tras denuncia de abuso sexual\"}]},{\"@type\":\"WebSite\",\"@id\":\"https:\\\/\\\/fuentesfidedignas.com.mx\\\/#website\",\"url\":\"https:\\\/\\\/fuentesfidedignas.com.mx\\\/\",\"name\":\"Fuentes Fidedignas\",\"description\":\"Otro sitio realizado con WordPress\",\"publisher\":{\"@id\":\"https:\\\/\\\/fuentesfidedignas.com.mx\\\/#organization\"},\"potentialAction\":[{\"@type\":\"SearchAction\",\"target\":{\"@type\":\"EntryPoint\",\"urlTemplate\":\"https:\\\/\\\/fuentesfidedignas.com.mx\\\/?s={search_term_string}\"},\"query-input\":{\"@type\":\"PropertyValueSpecification\",\"valueRequired\":true,\"valueName\":\"search_term_string\"}}],\"inLanguage\":\"es\"},{\"@type\":\"Organization\",\"@id\":\"https:\\\/\\\/fuentesfidedignas.com.mx\\\/#organization\",\"name\":\"Fuentes Fidedignas\",\"url\":\"https:\\\/\\\/fuentesfidedignas.com.mx\\\/\",\"logo\":{\"@type\":\"ImageObject\",\"inLanguage\":\"es\",\"@id\":\"https:\\\/\\\/fuentesfidedignas.com.mx\\\/#\\\/schema\\\/logo\\\/image\\\/\",\"url\":\"https:\\\/\\\/fuentesfidedignas.com.mx\\\/wp-content\\\/uploads\\\/2021\\\/04\\\/logo-retina.png\",\"contentUrl\":\"https:\\\/\\\/fuentesfidedignas.com.mx\\\/wp-content\\\/uploads\\\/2021\\\/04\\\/logo-retina.png\",\"width\":280,\"height\":51,\"caption\":\"Fuentes Fidedignas\"},\"image\":{\"@id\":\"https:\\\/\\\/fuentesfidedignas.com.mx\\\/#\\\/schema\\\/logo\\\/image\\\/\"},\"sameAs\":[\"https:\\\/\\\/www.facebook.com\\\/Fuentes-Fidedignas-368234489921644\",\"https:\\\/\\\/x.com\\\/fidedignas\"]},{\"@type\":\"Person\",\"@id\":\"https:\\\/\\\/fuentesfidedignas.com.mx\\\/#\\\/schema\\\/person\\\/ff4db17f8fd9c584e0cfc2a0c436b8a1\",\"name\":\"El Imparcial\",\"image\":{\"@type\":\"ImageObject\",\"inLanguage\":\"es\",\"@id\":\"https:\\\/\\\/secure.gravatar.com\\\/avatar\\\/accd6807585a75316c237ee783498317be6f66ab34c47c940966f26a3f613161?s=96&d=mm&r=g\",\"url\":\"https:\\\/\\\/secure.gravatar.com\\\/avatar\\\/accd6807585a75316c237ee783498317be6f66ab34c47c940966f26a3f613161?s=96&d=mm&r=g\",\"contentUrl\":\"https:\\\/\\\/secure.gravatar.com\\\/avatar\\\/accd6807585a75316c237ee783498317be6f66ab34c47c940966f26a3f613161?s=96&d=mm&r=g\",\"caption\":\"El Imparcial\"},\"url\":\"https:\\\/\\\/fuentesfidedignas.com.mx\\\/index.php\\\/author\\\/imparcial\\\/\"}]}<\/script>\n<!-- \/ Yoast SEO plugin. -->","yoast_head_json":{"title":"Juez vincula a proceso a Kalimba tras denuncia de abuso sexual - Fuentes Fidedignas","robots":{"index":"index","follow":"follow","max-snippet":"max-snippet:-1","max-image-preview":"max-image-preview:large","max-video-preview":"max-video-preview:-1"},"canonical":"https:\/\/fuentesfidedignas.com.mx\/index.php\/2024\/04\/17\/juez-vincula-a-proceso-a-kalimba-tras-denuncia-de-abuso-sexual\/","og_locale":"es_MX","og_type":"article","og_title":"Juez vincula a proceso a Kalimba tras denuncia de abuso sexual - Fuentes Fidedignas","og_description":"Tras una audiencia crucial el 17 de abril en el Reclusorio Oriente, el juez tom\u00f3 la decisi\u00f3n de vincularlo a proceso. CIUDAD DE M\u00c9XICO.- El cantante Kalimba ha sido vinculado a proceso tras una denuncia de abuso sexual presentada por la cantante Melissa Galindo. La decisi\u00f3n fue tomada por un juez en el Reclusorio Oriente, [&hellip;]","og_url":"https:\/\/fuentesfidedignas.com.mx\/index.php\/2024\/04\/17\/juez-vincula-a-proceso-a-kalimba-tras-denuncia-de-abuso-sexual\/","og_site_name":"Fuentes Fidedignas","article_publisher":"https:\/\/www.facebook.com\/Fuentes-Fidedignas-368234489921644","article_published_time":"2024-04-18T01:17:01+00:00","og_image":[{"width":600,"height":351,"url":"https:\/\/fuentesfidedignas.com.mx\/wp-content\/uploads\/2024\/04\/kalimba-acusadora.jpg","type":"image\/jpeg"}],"author":"El Imparcial","twitter_card":"summary_large_image","twitter_creator":"@fidedignas","twitter_site":"@fidedignas","twitter_misc":{"Escrito por":"El Imparcial","Tiempo de lectura":"2 minutos"},"schema":{"@context":"https:\/\/schema.org","@graph":[{"@type":"Article","@id":"https:\/\/fuentesfidedignas.com.mx\/index.php\/2024\/04\/17\/juez-vincula-a-proceso-a-kalimba-tras-denuncia-de-abuso-sexual\/#article","isPartOf":{"@id":"https:\/\/fuentesfidedignas.com.mx\/index.php\/2024\/04\/17\/juez-vincula-a-proceso-a-kalimba-tras-denuncia-de-abuso-sexual\/"},"author":{"name":"El Imparcial","@id":"https:\/\/fuentesfidedignas.com.mx\/#\/schema\/person\/ff4db17f8fd9c584e0cfc2a0c436b8a1"},"headline":"Juez vincula a proceso a Kalimba tras denuncia de abuso sexual","datePublished":"2024-04-18T01:17:01+00:00","mainEntityOfPage":{"@id":"https:\/\/fuentesfidedignas.com.mx\/index.php\/2024\/04\/17\/juez-vincula-a-proceso-a-kalimba-tras-denuncia-de-abuso-sexual\/"},"wordCount":320,"commentCount":0,"publisher":{"@id":"https:\/\/fuentesfidedignas.com.mx\/#organization"},"image":{"@id":"https:\/\/fuentesfidedignas.com.mx\/index.php\/2024\/04\/17\/juez-vincula-a-proceso-a-kalimba-tras-denuncia-de-abuso-sexual\/#primaryimage"},"thumbnailUrl":"https:\/\/fuentesfidedignas.com.mx\/wp-content\/uploads\/2024\/04\/kalimba-acusadora.jpg","articleSection":["NOTICIAS NACIONALES"],"inLanguage":"es","potentialAction":[{"@type":"CommentAction","name":"Comment","target":["https:\/\/fuentesfidedignas.com.mx\/index.php\/2024\/04\/17\/juez-vincula-a-proceso-a-kalimba-tras-denuncia-de-abuso-sexual\/#respond"]}]},{"@type":"WebPage","@id":"https:\/\/fuentesfidedignas.com.mx\/index.php\/2024\/04\/17\/juez-vincula-a-proceso-a-kalimba-tras-denuncia-de-abuso-sexual\/","url":"https:\/\/fuentesfidedignas.com.mx\/index.php\/2024\/04\/17\/juez-vincula-a-proceso-a-kalimba-tras-denuncia-de-abuso-sexual\/","name":"Juez vincula a proceso a Kalimba tras denuncia de abuso sexual - Fuentes Fidedignas","isPartOf":{"@id":"https:\/\/fuentesfidedignas.com.mx\/#website"},"primaryImageOfPage":{"@id":"https:\/\/fuentesfidedignas.com.mx\/index.php\/2024\/04\/17\/juez-vincula-a-proceso-a-kalimba-tras-denuncia-de-abuso-sexual\/#primaryimage"},"image":{"@id":"https:\/\/fuentesfidedignas.com.mx\/index.php\/2024\/04\/17\/juez-vincula-a-proceso-a-kalimba-tras-denuncia-de-abuso-sexual\/#primaryimage"},"thumbnailUrl":"https:\/\/fuentesfidedignas.com.mx\/wp-content\/uploads\/2024\/04\/kalimba-acusadora.jpg","datePublished":"2024-04-18T01:17:01+00:00","breadcrumb":{"@id":"https:\/\/fuentesfidedignas.com.mx\/index.php\/2024\/04\/17\/juez-vincula-a-proceso-a-kalimba-tras-denuncia-de-abuso-sexual\/#breadcrumb"},"inLanguage":"es","potentialAction":[{"@type":"ReadAction","target":["https:\/\/fuentesfidedignas.com.mx\/index.php\/2024\/04\/17\/juez-vincula-a-proceso-a-kalimba-tras-denuncia-de-abuso-sexual\/"]}]},{"@type":"ImageObject","inLanguage":"es","@id":"https:\/\/fuentesfidedignas.com.mx\/index.php\/2024\/04\/17\/juez-vincula-a-proceso-a-kalimba-tras-denuncia-de-abuso-sexual\/#primaryimage","url":"https:\/\/fuentesfidedignas.com.mx\/wp-content\/uploads\/2024\/04\/kalimba-acusadora.jpg","contentUrl":"https:\/\/fuentesfidedignas.com.mx\/wp-content\/uploads\/2024\/04\/kalimba-acusadora.jpg","width":600,"height":351},{"@type":"BreadcrumbList","@id":"https:\/\/fuentesfidedignas.com.mx\/index.php\/2024\/04\/17\/juez-vincula-a-proceso-a-kalimba-tras-denuncia-de-abuso-sexual\/#breadcrumb","itemListElement":[{"@type":"ListItem","position":1,"name":"Inicio","item":"https:\/\/fuentesfidedignas.com.mx\/"},{"@type":"ListItem","position":2,"name":"Juez vincula a proceso a Kalimba tras denuncia de abuso sexual"}]},{"@type":"WebSite","@id":"https:\/\/fuentesfidedignas.com.mx\/#website","url":"https:\/\/fuentesfidedignas.com.mx\/","name":"Fuentes Fidedignas","description":"Otro sitio realizado con WordPress","publisher":{"@id":"https:\/\/fuentesfidedignas.com.mx\/#organization"},"potentialAction":[{"@type":"SearchAction","target":{"@type":"EntryPoint","urlTemplate":"https:\/\/fuentesfidedignas.com.mx\/?s={search_term_string}"},"query-input":{"@type":"PropertyValueSpecification","valueRequired":true,"valueName":"search_term_string"}}],"inLanguage":"es"},{"@type":"Organization","@id":"https:\/\/fuentesfidedignas.com.mx\/#organization","name":"Fuentes Fidedignas","url":"https:\/\/fuentesfidedignas.com.mx\/","logo":{"@type":"ImageObject","inLanguage":"es","@id":"https:\/\/fuentesfidedignas.com.mx\/#\/schema\/logo\/image\/","url":"https:\/\/fuentesfidedignas.com.mx\/wp-content\/uploads\/2021\/04\/logo-retina.png","contentUrl":"https:\/\/fuentesfidedignas.com.mx\/wp-content\/uploads\/2021\/04\/logo-retina.png","width":280,"height":51,"caption":"Fuentes Fidedignas"},"image":{"@id":"https:\/\/fuentesfidedignas.com.mx\/#\/schema\/logo\/image\/"},"sameAs":["https:\/\/www.facebook.com\/Fuentes-Fidedignas-368234489921644","https:\/\/x.com\/fidedignas"]},{"@type":"Person","@id":"https:\/\/fuentesfidedignas.com.mx\/#\/schema\/person\/ff4db17f8fd9c584e0cfc2a0c436b8a1","name":"El Imparcial","image":{"@type":"ImageObject","inLanguage":"es","@id":"https:\/\/secure.gravatar.com\/avatar\/accd6807585a75316c237ee783498317be6f66ab34c47c940966f26a3f613161?s=96&d=mm&r=g","url":"https:\/\/secure.gravatar.com\/avatar\/accd6807585a75316c237ee783498317be6f66ab34c47c940966f26a3f613161?s=96&d=mm&r=g","contentUrl":"https:\/\/secure.gravatar.com\/avatar\/accd6807585a75316c237ee783498317be6f66ab34c47c940966f26a3f613161?s=96&d=mm&r=g","caption":"El Imparcial"},"url":"https:\/\/fuentesfidedignas.com.mx\/index.php\/author\/imparcial\/"}]}},"_links":{"self":[{"href":"https:\/\/fuentesfidedignas.com.mx\/index.php\/wp-json\/wp\/v2\/posts\/79558","targetHints":{"allow":["GET"]}}],"collection":[{"href":"https:\/\/fuentesfidedignas.com.mx\/index.php\/wp-json\/wp\/v2\/posts"}],"about":[{"href":"https:\/\/fuentesfidedignas.com.mx\/index.php\/wp-json\/wp\/v2\/types\/post"}],"author":[{"embeddable":true,"href":"https:\/\/fuentesfidedignas.com.mx\/index.php\/wp-json\/wp\/v2\/users\/40"}],"replies":[{"embeddable":true,"href":"https:\/\/fuentesfidedignas.com.mx\/index.php\/wp-json\/wp\/v2\/comments?post=79558"}],"version-history":[{"count":1,"href":"https:\/\/fuentesfidedignas.com.mx\/index.php\/wp-json\/wp\/v2\/posts\/79558\/revisions"}],"predecessor-version":[{"id":79560,"href":"https:\/\/fuentesfidedignas.com.mx\/index.php\/wp-json\/wp\/v2\/posts\/79558\/revisions\/79560"}],"wp:featuredmedia":[{"embeddable":true,"href":"https:\/\/fuentesfidedignas.com.mx\/index.php\/wp-json\/wp\/v2\/media\/79559"}],"wp:attachment":[{"href":"https:\/\/fuentesfidedignas.com.mx\/index.php\/wp-json\/wp\/v2\/media?parent=79558"}],"wp:term":[{"taxonomy":"category","embeddable":true,"href":"https:\/\/fuentesfidedignas.com.mx\/index.php\/wp-json\/wp\/v2\/categories?post=79558"},{"taxonomy":"post_tag","embeddable":true,"href":"https:\/\/fuentesfidedignas.com.mx\/index.php\/wp-json\/wp\/v2\/tags?post=79558"}],"curies":[{"name":"wp","href":"https:\/\/api.w.org\/{rel}","templated":true}]}}