{"id":79386,"date":"2024-04-15T21:15:21","date_gmt":"2024-04-16T04:15:21","guid":{"rendered":"https:\/\/fuentesfidedignas.com.mx\/?p=79386"},"modified":"2024-04-16T06:57:06","modified_gmt":"2024-04-16T13:57:06","slug":"culiacan-tendra-una-nueva-planta-potabilizadora-de-agua-para-brindar-servicio-a-la-zona-sur-de-la-ciudad-juan-de-dios-gamez","status":"publish","type":"post","link":"https:\/\/fuentesfidedignas.com.mx\/index.php\/2024\/04\/15\/culiacan-tendra-una-nueva-planta-potabilizadora-de-agua-para-brindar-servicio-a-la-zona-sur-de-la-ciudad-juan-de-dios-gamez\/","title":{"rendered":"\u201cCuliac\u00e1n tendr\u00e1 una nueva planta potabilizadora de agua para brindar servicio a la zona sur de la ciudad\u201d: Juan de Dios G\u00e1mez"},"content":{"rendered":"\n<p><strong><em>Juan de Dios G\u00e1mez dijo que esta medida resolver\u00e1 enormemente la problem\u00e1tica de desabasto que se ha venido suscitando durante los \u00faltimos meses<\/em><\/strong><\/p>\n\n\n\n<p>Culiac\u00e1n, Sin.- El servicio de agua potable es una prioridad, por ello, se dar\u00e1 inicio a la construcci\u00f3n de una nueva Planta Potabilizadora en la ciudad, anunci\u00f3 Juan de Dios G\u00e1mez Mend\u00edvil, candidato de Morena a la alcald\u00eda de Culiac\u00e1n como parte de sus compromisos de campa\u00f1a.<\/p>\n\n\n\n<p>En conferencia de prensa, Juan de Dios G\u00e1mez expuso que desde hace d\u00e9cadas en nuestra capital sinaloense no ha invertido los recursos suficientes para satisfacer la demanda de este servicio, a la par del crecimiento urbano y poblacional.<\/p>\n\n\n\n<p>Por tal motivo, el candidato de Morena a la Presidencia Municipal destac\u00f3 que tras obtener el triunfo en las urnas este 02 de junio, se har\u00e1n las proyecciones pertinentes para que en el pr\u00f3ximo Presupuesto de Egresos se asignen los recursos para la construcci\u00f3n de esta nueva Planta Potabilizadora.<\/p>\n\n\n\n<p>\u201cLa cual permitir\u00e1 atender a m\u00e1s de 170 colonias ubicadas al suroriente de la ciudad, beneficiando de manera directa 150 mil personas que habitan en esta zona, misma que se extiende desde la colonia Bachigualatito, por toda La Costerita, pasando por San Isidro, Nakayama, Inf. Barrancos, El Ranchito, hasta llegar a Alturas del Sur, y dar la vuelta hacia la Renato Vega y Las Coloradas\u201d, mencion\u00f3.<\/p>\n\n\n\n<p>Juan de Dios G\u00e1mez dijo que esta medida resolver\u00e1 enormemente la problem\u00e1tica de desabasto que se ha venido suscitando durante los \u00faltimos meses, a causa de los da\u00f1os de antig\u00fcedad y operatividad que presenta la Planta San Lorenzo.<\/p>\n\n\n\n<p>Asimismo, resalt\u00f3 que para la zona rural se aplicar\u00e1n medidas se llevar\u00e1 a cabo la construcci\u00f3n de pozos profundos con todo su sistema de agua potable a fin de reducir la carencia del vital l\u00edquido en alrededor de 40 comunidades que reciben el servicio a trav\u00e9s de pipas.<\/p>\n\n\n\n<p>\u201cDe esta manera, contribuimos a dignificar las condiciones de los habitantes de la zona rural y, al mismo tiempo, a mediano plazo, estar\u00edamos recuperando la inversi\u00f3n con el ahorro de todo lo que se invierte y gasta en el transporte de pipas.\u201d, precis\u00f3.<\/p>\n\n\n\n<p>A este importante anuncio, G\u00e1mez Mend\u00edvil a\u00f1adi\u00f3 la meta de pavimentar 1,000 calles a lo largo y ancho de Culiac\u00e1n, un objetivo que logr\u00f3 avanzar de manera significativa a trav\u00e9s de las 430 vialidades pavimentadas durante sus 20 meses de gesti\u00f3n al frente del Ayuntamiento.<\/p>\n\n\n\n<p>En materia de deporte, inform\u00f3 que se rescatar\u00edan 60 espacios deportivos a trav\u00e9s de la construcci\u00f3n de canchas de futbol con pasto sint\u00e9tico; tambi\u00e9n se estar\u00eda realizando una Milla Ol\u00edmpica, que comprender\u00eda un circuito deportivo en las inmediaciones del Parque Las Riberas; al mismo tiempo, que se edificar\u00eda una villa deportiva en el Parque Culiac\u00e1n 87 para impulsar el deporte adaptado.<\/p>\n\n\n\n<p>Para el tema de cultura, Juan de Dios G\u00e1mez anunci\u00f3 la creaci\u00f3n de un teatro con aforo para 7 mil personas, totalmente climatizado y con butacas de calidad, el cual estar\u00e1 ubicado en el Parque Culiac\u00e1n 87 y ofrecer\u00e1 la oportunidad de traer eventos nacionales e internacional de gran nivel.<\/p>\n\n\n\n<p>En cuanto el apoyo a j\u00f3venes, dijo se pondr\u00e1 en marcha el programa de financiamiento para emprendedores; y para beneficio de los estudiantes de la zona rural, se entregar\u00e1n becas de internet para sus equipos celulares.<\/p>\n\n\n\n<p>Para atender la problem\u00e1tica de perros y gatos en situaci\u00f3n de vulnerabilidad, el abanderado de Morena por la alcald\u00eda de Culiac\u00e1n expuso el proyecto para la construcci\u00f3n la Unidad de Bienestar Animal, un recinto de m\u00e1s de mil metros cuadrados que ofrecer\u00e1 servicios m\u00e9dicos a especies peque\u00f1as.<\/p>\n\n\n\n<p>Finalmente, para apoyar a las mujeres mencion\u00f3 la creaci\u00f3n de un refugio que brinde atenci\u00f3n m\u00e9dica y psicol\u00f3gica a quienes hayan sufrido cualquier tipo de violencia, donde podr\u00e1n albergarse al menos por 6 meses con su familia, hasta poder encontrarles un empleo y\/o lugar seguro.<\/p>\n\n\n\n<p>Y para el tema de seguridad, se continuar\u00e1 con la formaci\u00f3n e incorporaci\u00f3n de nuevos polic\u00edas, aunado a la construcci\u00f3n y rehabilitaci\u00f3n de las Unidades de Prevenci\u00f3n y Proximidad en colonias.<\/p>\n","protected":false},"excerpt":{"rendered":"<p>Juan de Dios G\u00e1mez dijo que esta medida resolver\u00e1 enormemente la problem\u00e1tica de desabasto que se ha venido suscitando durante los \u00faltimos meses Culiac\u00e1n, Sin.- El servicio de agua potable es una prioridad, por ello, se dar\u00e1 inicio a la construcci\u00f3n de una nueva Planta Potabilizadora en la ciudad, anunci\u00f3 Juan de Dios G\u00e1mez Mend\u00edvil, [&hellip;]<\/p>\n","protected":false},"author":4,"featured_media":79387,"comment_status":"open","ping_status":"open","sticky":false,"template":"","format":"standard","meta":{"tdm_status":"","tdm_grid_status":"","footnotes":""},"categories":[1],"tags":[],"class_list":{"0":"post-79386","1":"post","2":"type-post","3":"status-publish","4":"format-standard","5":"has-post-thumbnail","7":"category-sin-categoria"},"yoast_head":"<!-- This site is optimized with the Yoast SEO plugin v27.5 - https:\/\/yoast.com\/product\/yoast-seo-wordpress\/ -->\n<title>\u201cCuliac\u00e1n tendr\u00e1 una nueva planta potabilizadora de agua para brindar servicio a la zona sur de la ciudad\u201d: Juan de Dios G\u00e1mez - Fuentes Fidedignas<\/title>\n<meta name=\"robots\" content=\"index, follow, max-snippet:-1, max-image-preview:large, max-video-preview:-1\" \/>\n<link rel=\"canonical\" href=\"https:\/\/fuentesfidedignas.com.mx\/index.php\/2024\/04\/15\/culiacan-tendra-una-nueva-planta-potabilizadora-de-agua-para-brindar-servicio-a-la-zona-sur-de-la-ciudad-juan-de-dios-gamez\/\" \/>\n<meta property=\"og:locale\" content=\"es_MX\" \/>\n<meta property=\"og:type\" content=\"article\" \/>\n<meta property=\"og:title\" content=\"\u201cCuliac\u00e1n tendr\u00e1 una nueva planta potabilizadora de agua para brindar servicio a la zona sur de la ciudad\u201d: Juan de Dios G\u00e1mez - Fuentes Fidedignas\" \/>\n<meta property=\"og:description\" content=\"Juan de Dios G\u00e1mez dijo que esta medida resolver\u00e1 enormemente la problem\u00e1tica de desabasto que se ha venido suscitando durante los \u00faltimos meses Culiac\u00e1n, Sin.- El servicio de agua potable es una prioridad, por ello, se dar\u00e1 inicio a la construcci\u00f3n de una nueva Planta Potabilizadora en la ciudad, anunci\u00f3 Juan de Dios G\u00e1mez Mend\u00edvil, [&hellip;]\" \/>\n<meta property=\"og:url\" content=\"https:\/\/fuentesfidedignas.com.mx\/index.php\/2024\/04\/15\/culiacan-tendra-una-nueva-planta-potabilizadora-de-agua-para-brindar-servicio-a-la-zona-sur-de-la-ciudad-juan-de-dios-gamez\/\" \/>\n<meta property=\"og:site_name\" content=\"Fuentes Fidedignas\" \/>\n<meta property=\"article:publisher\" content=\"https:\/\/www.facebook.com\/Fuentes-Fidedignas-368234489921644\" \/>\n<meta property=\"article:published_time\" content=\"2024-04-16T04:15:21+00:00\" \/>\n<meta property=\"article:modified_time\" content=\"2024-04-16T13:57:06+00:00\" \/>\n<meta property=\"og:image\" content=\"https:\/\/fuentesfidedignas.com.mx\/wp-content\/uploads\/2024\/04\/juan-de-dios-campana.jpg\" \/>\n\t<meta property=\"og:image:width\" content=\"600\" \/>\n\t<meta property=\"og:image:height\" content=\"400\" \/>\n\t<meta property=\"og:image:type\" content=\"image\/jpeg\" \/>\n<meta name=\"author\" content=\"Redacci\u00f3n\" \/>\n<meta name=\"twitter:card\" content=\"summary_large_image\" \/>\n<meta name=\"twitter:creator\" content=\"@fidedignas\" \/>\n<meta name=\"twitter:site\" content=\"@fidedignas\" \/>\n<meta name=\"twitter:label1\" content=\"Escrito por\" \/>\n\t<meta name=\"twitter:data1\" content=\"Redacci\u00f3n\" \/>\n\t<meta name=\"twitter:label2\" content=\"Tiempo de lectura\" \/>\n\t<meta name=\"twitter:data2\" content=\"4 minutos\" \/>\n<script type=\"application\/ld+json\" class=\"yoast-schema-graph\">{\"@context\":\"https:\\\/\\\/schema.org\",\"@graph\":[{\"@type\":\"Article\",\"@id\":\"https:\\\/\\\/fuentesfidedignas.com.mx\\\/index.php\\\/2024\\\/04\\\/15\\\/culiacan-tendra-una-nueva-planta-potabilizadora-de-agua-para-brindar-servicio-a-la-zona-sur-de-la-ciudad-juan-de-dios-gamez\\\/#article\",\"isPartOf\":{\"@id\":\"https:\\\/\\\/fuentesfidedignas.com.mx\\\/index.php\\\/2024\\\/04\\\/15\\\/culiacan-tendra-una-nueva-planta-potabilizadora-de-agua-para-brindar-servicio-a-la-zona-sur-de-la-ciudad-juan-de-dios-gamez\\\/\"},\"author\":{\"name\":\"Redacci\u00f3n\",\"@id\":\"https:\\\/\\\/fuentesfidedignas.com.mx\\\/#\\\/schema\\\/person\\\/331be9283d37198e2acd5750279085b0\"},\"headline\":\"\u201cCuliac\u00e1n tendr\u00e1 una nueva planta potabilizadora de agua para brindar servicio a la zona sur de la ciudad\u201d: Juan de Dios G\u00e1mez\",\"datePublished\":\"2024-04-16T04:15:21+00:00\",\"dateModified\":\"2024-04-16T13:57:06+00:00\",\"mainEntityOfPage\":{\"@id\":\"https:\\\/\\\/fuentesfidedignas.com.mx\\\/index.php\\\/2024\\\/04\\\/15\\\/culiacan-tendra-una-nueva-planta-potabilizadora-de-agua-para-brindar-servicio-a-la-zona-sur-de-la-ciudad-juan-de-dios-gamez\\\/\"},\"wordCount\":746,\"commentCount\":0,\"publisher\":{\"@id\":\"https:\\\/\\\/fuentesfidedignas.com.mx\\\/#organization\"},\"image\":{\"@id\":\"https:\\\/\\\/fuentesfidedignas.com.mx\\\/index.php\\\/2024\\\/04\\\/15\\\/culiacan-tendra-una-nueva-planta-potabilizadora-de-agua-para-brindar-servicio-a-la-zona-sur-de-la-ciudad-juan-de-dios-gamez\\\/#primaryimage\"},\"thumbnailUrl\":\"https:\\\/\\\/fuentesfidedignas.com.mx\\\/wp-content\\\/uploads\\\/2024\\\/04\\\/juan-de-dios-campana.jpg\",\"inLanguage\":\"es\",\"potentialAction\":[{\"@type\":\"CommentAction\",\"name\":\"Comment\",\"target\":[\"https:\\\/\\\/fuentesfidedignas.com.mx\\\/index.php\\\/2024\\\/04\\\/15\\\/culiacan-tendra-una-nueva-planta-potabilizadora-de-agua-para-brindar-servicio-a-la-zona-sur-de-la-ciudad-juan-de-dios-gamez\\\/#respond\"]}]},{\"@type\":\"WebPage\",\"@id\":\"https:\\\/\\\/fuentesfidedignas.com.mx\\\/index.php\\\/2024\\\/04\\\/15\\\/culiacan-tendra-una-nueva-planta-potabilizadora-de-agua-para-brindar-servicio-a-la-zona-sur-de-la-ciudad-juan-de-dios-gamez\\\/\",\"url\":\"https:\\\/\\\/fuentesfidedignas.com.mx\\\/index.php\\\/2024\\\/04\\\/15\\\/culiacan-tendra-una-nueva-planta-potabilizadora-de-agua-para-brindar-servicio-a-la-zona-sur-de-la-ciudad-juan-de-dios-gamez\\\/\",\"name\":\"\u201cCuliac\u00e1n tendr\u00e1 una nueva planta potabilizadora de agua para brindar servicio a la zona sur de la ciudad\u201d: Juan de Dios G\u00e1mez - Fuentes Fidedignas\",\"isPartOf\":{\"@id\":\"https:\\\/\\\/fuentesfidedignas.com.mx\\\/#website\"},\"primaryImageOfPage\":{\"@id\":\"https:\\\/\\\/fuentesfidedignas.com.mx\\\/index.php\\\/2024\\\/04\\\/15\\\/culiacan-tendra-una-nueva-planta-potabilizadora-de-agua-para-brindar-servicio-a-la-zona-sur-de-la-ciudad-juan-de-dios-gamez\\\/#primaryimage\"},\"image\":{\"@id\":\"https:\\\/\\\/fuentesfidedignas.com.mx\\\/index.php\\\/2024\\\/04\\\/15\\\/culiacan-tendra-una-nueva-planta-potabilizadora-de-agua-para-brindar-servicio-a-la-zona-sur-de-la-ciudad-juan-de-dios-gamez\\\/#primaryimage\"},\"thumbnailUrl\":\"https:\\\/\\\/fuentesfidedignas.com.mx\\\/wp-content\\\/uploads\\\/2024\\\/04\\\/juan-de-dios-campana.jpg\",\"datePublished\":\"2024-04-16T04:15:21+00:00\",\"dateModified\":\"2024-04-16T13:57:06+00:00\",\"breadcrumb\":{\"@id\":\"https:\\\/\\\/fuentesfidedignas.com.mx\\\/index.php\\\/2024\\\/04\\\/15\\\/culiacan-tendra-una-nueva-planta-potabilizadora-de-agua-para-brindar-servicio-a-la-zona-sur-de-la-ciudad-juan-de-dios-gamez\\\/#breadcrumb\"},\"inLanguage\":\"es\",\"potentialAction\":[{\"@type\":\"ReadAction\",\"target\":[\"https:\\\/\\\/fuentesfidedignas.com.mx\\\/index.php\\\/2024\\\/04\\\/15\\\/culiacan-tendra-una-nueva-planta-potabilizadora-de-agua-para-brindar-servicio-a-la-zona-sur-de-la-ciudad-juan-de-dios-gamez\\\/\"]}]},{\"@type\":\"ImageObject\",\"inLanguage\":\"es\",\"@id\":\"https:\\\/\\\/fuentesfidedignas.com.mx\\\/index.php\\\/2024\\\/04\\\/15\\\/culiacan-tendra-una-nueva-planta-potabilizadora-de-agua-para-brindar-servicio-a-la-zona-sur-de-la-ciudad-juan-de-dios-gamez\\\/#primaryimage\",\"url\":\"https:\\\/\\\/fuentesfidedignas.com.mx\\\/wp-content\\\/uploads\\\/2024\\\/04\\\/juan-de-dios-campana.jpg\",\"contentUrl\":\"https:\\\/\\\/fuentesfidedignas.com.mx\\\/wp-content\\\/uploads\\\/2024\\\/04\\\/juan-de-dios-campana.jpg\",\"width\":600,\"height\":400},{\"@type\":\"BreadcrumbList\",\"@id\":\"https:\\\/\\\/fuentesfidedignas.com.mx\\\/index.php\\\/2024\\\/04\\\/15\\\/culiacan-tendra-una-nueva-planta-potabilizadora-de-agua-para-brindar-servicio-a-la-zona-sur-de-la-ciudad-juan-de-dios-gamez\\\/#breadcrumb\",\"itemListElement\":[{\"@type\":\"ListItem\",\"position\":1,\"name\":\"Inicio\",\"item\":\"https:\\\/\\\/fuentesfidedignas.com.mx\\\/\"},{\"@type\":\"ListItem\",\"position\":2,\"name\":\"\u201cCuliac\u00e1n tendr\u00e1 una nueva planta potabilizadora de agua para brindar servicio a la zona sur de la ciudad\u201d: Juan de Dios G\u00e1mez\"}]},{\"@type\":\"WebSite\",\"@id\":\"https:\\\/\\\/fuentesfidedignas.com.mx\\\/#website\",\"url\":\"https:\\\/\\\/fuentesfidedignas.com.mx\\\/\",\"name\":\"Fuentes Fidedignas\",\"description\":\"Otro sitio realizado con WordPress\",\"publisher\":{\"@id\":\"https:\\\/\\\/fuentesfidedignas.com.mx\\\/#organization\"},\"potentialAction\":[{\"@type\":\"SearchAction\",\"target\":{\"@type\":\"EntryPoint\",\"urlTemplate\":\"https:\\\/\\\/fuentesfidedignas.com.mx\\\/?s={search_term_string}\"},\"query-input\":{\"@type\":\"PropertyValueSpecification\",\"valueRequired\":true,\"valueName\":\"search_term_string\"}}],\"inLanguage\":\"es\"},{\"@type\":\"Organization\",\"@id\":\"https:\\\/\\\/fuentesfidedignas.com.mx\\\/#organization\",\"name\":\"Fuentes Fidedignas\",\"url\":\"https:\\\/\\\/fuentesfidedignas.com.mx\\\/\",\"logo\":{\"@type\":\"ImageObject\",\"inLanguage\":\"es\",\"@id\":\"https:\\\/\\\/fuentesfidedignas.com.mx\\\/#\\\/schema\\\/logo\\\/image\\\/\",\"url\":\"https:\\\/\\\/fuentesfidedignas.com.mx\\\/wp-content\\\/uploads\\\/2021\\\/04\\\/logo-retina.png\",\"contentUrl\":\"https:\\\/\\\/fuentesfidedignas.com.mx\\\/wp-content\\\/uploads\\\/2021\\\/04\\\/logo-retina.png\",\"width\":280,\"height\":51,\"caption\":\"Fuentes Fidedignas\"},\"image\":{\"@id\":\"https:\\\/\\\/fuentesfidedignas.com.mx\\\/#\\\/schema\\\/logo\\\/image\\\/\"},\"sameAs\":[\"https:\\\/\\\/www.facebook.com\\\/Fuentes-Fidedignas-368234489921644\",\"https:\\\/\\\/x.com\\\/fidedignas\"]},{\"@type\":\"Person\",\"@id\":\"https:\\\/\\\/fuentesfidedignas.com.mx\\\/#\\\/schema\\\/person\\\/331be9283d37198e2acd5750279085b0\",\"name\":\"Redacci\u00f3n\",\"image\":{\"@type\":\"ImageObject\",\"inLanguage\":\"es\",\"@id\":\"https:\\\/\\\/secure.gravatar.com\\\/avatar\\\/f6d8782c11d12b2d4ad3fbb6931aeab5309937a4d6cd2fc9cfaa28a6396a5aec?s=96&d=mm&r=g\",\"url\":\"https:\\\/\\\/secure.gravatar.com\\\/avatar\\\/f6d8782c11d12b2d4ad3fbb6931aeab5309937a4d6cd2fc9cfaa28a6396a5aec?s=96&d=mm&r=g\",\"contentUrl\":\"https:\\\/\\\/secure.gravatar.com\\\/avatar\\\/f6d8782c11d12b2d4ad3fbb6931aeab5309937a4d6cd2fc9cfaa28a6396a5aec?s=96&d=mm&r=g\",\"caption\":\"Redacci\u00f3n\"},\"url\":\"https:\\\/\\\/fuentesfidedignas.com.mx\\\/index.php\\\/author\\\/redaccion\\\/\"}]}<\/script>\n<!-- \/ Yoast SEO plugin. -->","yoast_head_json":{"title":"\u201cCuliac\u00e1n tendr\u00e1 una nueva planta potabilizadora de agua para brindar servicio a la zona sur de la ciudad\u201d: Juan de Dios G\u00e1mez - Fuentes Fidedignas","robots":{"index":"index","follow":"follow","max-snippet":"max-snippet:-1","max-image-preview":"max-image-preview:large","max-video-preview":"max-video-preview:-1"},"canonical":"https:\/\/fuentesfidedignas.com.mx\/index.php\/2024\/04\/15\/culiacan-tendra-una-nueva-planta-potabilizadora-de-agua-para-brindar-servicio-a-la-zona-sur-de-la-ciudad-juan-de-dios-gamez\/","og_locale":"es_MX","og_type":"article","og_title":"\u201cCuliac\u00e1n tendr\u00e1 una nueva planta potabilizadora de agua para brindar servicio a la zona sur de la ciudad\u201d: Juan de Dios G\u00e1mez - Fuentes Fidedignas","og_description":"Juan de Dios G\u00e1mez dijo que esta medida resolver\u00e1 enormemente la problem\u00e1tica de desabasto que se ha venido suscitando durante los \u00faltimos meses Culiac\u00e1n, Sin.- El servicio de agua potable es una prioridad, por ello, se dar\u00e1 inicio a la construcci\u00f3n de una nueva Planta Potabilizadora en la ciudad, anunci\u00f3 Juan de Dios G\u00e1mez Mend\u00edvil, [&hellip;]","og_url":"https:\/\/fuentesfidedignas.com.mx\/index.php\/2024\/04\/15\/culiacan-tendra-una-nueva-planta-potabilizadora-de-agua-para-brindar-servicio-a-la-zona-sur-de-la-ciudad-juan-de-dios-gamez\/","og_site_name":"Fuentes Fidedignas","article_publisher":"https:\/\/www.facebook.com\/Fuentes-Fidedignas-368234489921644","article_published_time":"2024-04-16T04:15:21+00:00","article_modified_time":"2024-04-16T13:57:06+00:00","og_image":[{"width":600,"height":400,"url":"https:\/\/fuentesfidedignas.com.mx\/wp-content\/uploads\/2024\/04\/juan-de-dios-campana.jpg","type":"image\/jpeg"}],"author":"Redacci\u00f3n","twitter_card":"summary_large_image","twitter_creator":"@fidedignas","twitter_site":"@fidedignas","twitter_misc":{"Escrito por":"Redacci\u00f3n","Tiempo de lectura":"4 minutos"},"schema":{"@context":"https:\/\/schema.org","@graph":[{"@type":"Article","@id":"https:\/\/fuentesfidedignas.com.mx\/index.php\/2024\/04\/15\/culiacan-tendra-una-nueva-planta-potabilizadora-de-agua-para-brindar-servicio-a-la-zona-sur-de-la-ciudad-juan-de-dios-gamez\/#article","isPartOf":{"@id":"https:\/\/fuentesfidedignas.com.mx\/index.php\/2024\/04\/15\/culiacan-tendra-una-nueva-planta-potabilizadora-de-agua-para-brindar-servicio-a-la-zona-sur-de-la-ciudad-juan-de-dios-gamez\/"},"author":{"name":"Redacci\u00f3n","@id":"https:\/\/fuentesfidedignas.com.mx\/#\/schema\/person\/331be9283d37198e2acd5750279085b0"},"headline":"\u201cCuliac\u00e1n tendr\u00e1 una nueva planta potabilizadora de agua para brindar servicio a la zona sur de la ciudad\u201d: Juan de Dios G\u00e1mez","datePublished":"2024-04-16T04:15:21+00:00","dateModified":"2024-04-16T13:57:06+00:00","mainEntityOfPage":{"@id":"https:\/\/fuentesfidedignas.com.mx\/index.php\/2024\/04\/15\/culiacan-tendra-una-nueva-planta-potabilizadora-de-agua-para-brindar-servicio-a-la-zona-sur-de-la-ciudad-juan-de-dios-gamez\/"},"wordCount":746,"commentCount":0,"publisher":{"@id":"https:\/\/fuentesfidedignas.com.mx\/#organization"},"image":{"@id":"https:\/\/fuentesfidedignas.com.mx\/index.php\/2024\/04\/15\/culiacan-tendra-una-nueva-planta-potabilizadora-de-agua-para-brindar-servicio-a-la-zona-sur-de-la-ciudad-juan-de-dios-gamez\/#primaryimage"},"thumbnailUrl":"https:\/\/fuentesfidedignas.com.mx\/wp-content\/uploads\/2024\/04\/juan-de-dios-campana.jpg","inLanguage":"es","potentialAction":[{"@type":"CommentAction","name":"Comment","target":["https:\/\/fuentesfidedignas.com.mx\/index.php\/2024\/04\/15\/culiacan-tendra-una-nueva-planta-potabilizadora-de-agua-para-brindar-servicio-a-la-zona-sur-de-la-ciudad-juan-de-dios-gamez\/#respond"]}]},{"@type":"WebPage","@id":"https:\/\/fuentesfidedignas.com.mx\/index.php\/2024\/04\/15\/culiacan-tendra-una-nueva-planta-potabilizadora-de-agua-para-brindar-servicio-a-la-zona-sur-de-la-ciudad-juan-de-dios-gamez\/","url":"https:\/\/fuentesfidedignas.com.mx\/index.php\/2024\/04\/15\/culiacan-tendra-una-nueva-planta-potabilizadora-de-agua-para-brindar-servicio-a-la-zona-sur-de-la-ciudad-juan-de-dios-gamez\/","name":"\u201cCuliac\u00e1n tendr\u00e1 una nueva planta potabilizadora de agua para brindar servicio a la zona sur de la ciudad\u201d: Juan de Dios G\u00e1mez - Fuentes Fidedignas","isPartOf":{"@id":"https:\/\/fuentesfidedignas.com.mx\/#website"},"primaryImageOfPage":{"@id":"https:\/\/fuentesfidedignas.com.mx\/index.php\/2024\/04\/15\/culiacan-tendra-una-nueva-planta-potabilizadora-de-agua-para-brindar-servicio-a-la-zona-sur-de-la-ciudad-juan-de-dios-gamez\/#primaryimage"},"image":{"@id":"https:\/\/fuentesfidedignas.com.mx\/index.php\/2024\/04\/15\/culiacan-tendra-una-nueva-planta-potabilizadora-de-agua-para-brindar-servicio-a-la-zona-sur-de-la-ciudad-juan-de-dios-gamez\/#primaryimage"},"thumbnailUrl":"https:\/\/fuentesfidedignas.com.mx\/wp-content\/uploads\/2024\/04\/juan-de-dios-campana.jpg","datePublished":"2024-04-16T04:15:21+00:00","dateModified":"2024-04-16T13:57:06+00:00","breadcrumb":{"@id":"https:\/\/fuentesfidedignas.com.mx\/index.php\/2024\/04\/15\/culiacan-tendra-una-nueva-planta-potabilizadora-de-agua-para-brindar-servicio-a-la-zona-sur-de-la-ciudad-juan-de-dios-gamez\/#breadcrumb"},"inLanguage":"es","potentialAction":[{"@type":"ReadAction","target":["https:\/\/fuentesfidedignas.com.mx\/index.php\/2024\/04\/15\/culiacan-tendra-una-nueva-planta-potabilizadora-de-agua-para-brindar-servicio-a-la-zona-sur-de-la-ciudad-juan-de-dios-gamez\/"]}]},{"@type":"ImageObject","inLanguage":"es","@id":"https:\/\/fuentesfidedignas.com.mx\/index.php\/2024\/04\/15\/culiacan-tendra-una-nueva-planta-potabilizadora-de-agua-para-brindar-servicio-a-la-zona-sur-de-la-ciudad-juan-de-dios-gamez\/#primaryimage","url":"https:\/\/fuentesfidedignas.com.mx\/wp-content\/uploads\/2024\/04\/juan-de-dios-campana.jpg","contentUrl":"https:\/\/fuentesfidedignas.com.mx\/wp-content\/uploads\/2024\/04\/juan-de-dios-campana.jpg","width":600,"height":400},{"@type":"BreadcrumbList","@id":"https:\/\/fuentesfidedignas.com.mx\/index.php\/2024\/04\/15\/culiacan-tendra-una-nueva-planta-potabilizadora-de-agua-para-brindar-servicio-a-la-zona-sur-de-la-ciudad-juan-de-dios-gamez\/#breadcrumb","itemListElement":[{"@type":"ListItem","position":1,"name":"Inicio","item":"https:\/\/fuentesfidedignas.com.mx\/"},{"@type":"ListItem","position":2,"name":"\u201cCuliac\u00e1n tendr\u00e1 una nueva planta potabilizadora de agua para brindar servicio a la zona sur de la ciudad\u201d: Juan de Dios G\u00e1mez"}]},{"@type":"WebSite","@id":"https:\/\/fuentesfidedignas.com.mx\/#website","url":"https:\/\/fuentesfidedignas.com.mx\/","name":"Fuentes Fidedignas","description":"Otro sitio realizado con WordPress","publisher":{"@id":"https:\/\/fuentesfidedignas.com.mx\/#organization"},"potentialAction":[{"@type":"SearchAction","target":{"@type":"EntryPoint","urlTemplate":"https:\/\/fuentesfidedignas.com.mx\/?s={search_term_string}"},"query-input":{"@type":"PropertyValueSpecification","valueRequired":true,"valueName":"search_term_string"}}],"inLanguage":"es"},{"@type":"Organization","@id":"https:\/\/fuentesfidedignas.com.mx\/#organization","name":"Fuentes Fidedignas","url":"https:\/\/fuentesfidedignas.com.mx\/","logo":{"@type":"ImageObject","inLanguage":"es","@id":"https:\/\/fuentesfidedignas.com.mx\/#\/schema\/logo\/image\/","url":"https:\/\/fuentesfidedignas.com.mx\/wp-content\/uploads\/2021\/04\/logo-retina.png","contentUrl":"https:\/\/fuentesfidedignas.com.mx\/wp-content\/uploads\/2021\/04\/logo-retina.png","width":280,"height":51,"caption":"Fuentes Fidedignas"},"image":{"@id":"https:\/\/fuentesfidedignas.com.mx\/#\/schema\/logo\/image\/"},"sameAs":["https:\/\/www.facebook.com\/Fuentes-Fidedignas-368234489921644","https:\/\/x.com\/fidedignas"]},{"@type":"Person","@id":"https:\/\/fuentesfidedignas.com.mx\/#\/schema\/person\/331be9283d37198e2acd5750279085b0","name":"Redacci\u00f3n","image":{"@type":"ImageObject","inLanguage":"es","@id":"https:\/\/secure.gravatar.com\/avatar\/f6d8782c11d12b2d4ad3fbb6931aeab5309937a4d6cd2fc9cfaa28a6396a5aec?s=96&d=mm&r=g","url":"https:\/\/secure.gravatar.com\/avatar\/f6d8782c11d12b2d4ad3fbb6931aeab5309937a4d6cd2fc9cfaa28a6396a5aec?s=96&d=mm&r=g","contentUrl":"https:\/\/secure.gravatar.com\/avatar\/f6d8782c11d12b2d4ad3fbb6931aeab5309937a4d6cd2fc9cfaa28a6396a5aec?s=96&d=mm&r=g","caption":"Redacci\u00f3n"},"url":"https:\/\/fuentesfidedignas.com.mx\/index.php\/author\/redaccion\/"}]}},"_links":{"self":[{"href":"https:\/\/fuentesfidedignas.com.mx\/index.php\/wp-json\/wp\/v2\/posts\/79386","targetHints":{"allow":["GET"]}}],"collection":[{"href":"https:\/\/fuentesfidedignas.com.mx\/index.php\/wp-json\/wp\/v2\/posts"}],"about":[{"href":"https:\/\/fuentesfidedignas.com.mx\/index.php\/wp-json\/wp\/v2\/types\/post"}],"author":[{"embeddable":true,"href":"https:\/\/fuentesfidedignas.com.mx\/index.php\/wp-json\/wp\/v2\/users\/4"}],"replies":[{"embeddable":true,"href":"https:\/\/fuentesfidedignas.com.mx\/index.php\/wp-json\/wp\/v2\/comments?post=79386"}],"version-history":[{"count":1,"href":"https:\/\/fuentesfidedignas.com.mx\/index.php\/wp-json\/wp\/v2\/posts\/79386\/revisions"}],"predecessor-version":[{"id":79388,"href":"https:\/\/fuentesfidedignas.com.mx\/index.php\/wp-json\/wp\/v2\/posts\/79386\/revisions\/79388"}],"wp:featuredmedia":[{"embeddable":true,"href":"https:\/\/fuentesfidedignas.com.mx\/index.php\/wp-json\/wp\/v2\/media\/79387"}],"wp:attachment":[{"href":"https:\/\/fuentesfidedignas.com.mx\/index.php\/wp-json\/wp\/v2\/media?parent=79386"}],"wp:term":[{"taxonomy":"category","embeddable":true,"href":"https:\/\/fuentesfidedignas.com.mx\/index.php\/wp-json\/wp\/v2\/categories?post=79386"},{"taxonomy":"post_tag","embeddable":true,"href":"https:\/\/fuentesfidedignas.com.mx\/index.php\/wp-json\/wp\/v2\/tags?post=79386"}],"curies":[{"name":"wp","href":"https:\/\/api.w.org\/{rel}","templated":true}]}}