{"id":79355,"date":"2024-04-15T16:36:15","date_gmt":"2024-04-15T23:36:15","guid":{"rendered":"https:\/\/fuentesfidedignas.com.mx\/?p=79355"},"modified":"2024-04-15T16:36:15","modified_gmt":"2024-04-15T23:36:15","slug":"sadol-osorio-inicia-su-campana-para-diputado-con-la-conviccion-de-ganar","status":"publish","type":"post","link":"https:\/\/fuentesfidedignas.com.mx\/index.php\/2024\/04\/15\/sadol-osorio-inicia-su-campana-para-diputado-con-la-conviccion-de-ganar\/","title":{"rendered":"Sadol Osorio inicia su campa\u00f1a para diputado con la convicci\u00f3n de ganar"},"content":{"rendered":"\n<p><strong><em>Sadol subray\u00f3 que su campa\u00f1a ser\u00e1 de muchas propuestas y pidi\u00f3 que se juegue limpio<\/em><\/strong>.<\/p>\n\n\n\n<p>Culiac\u00e1n, Sin.- \u201cTengo muchas ganas de hacer bien las cosas, de cambiar Culiac\u00e1n, de mejorar Sinaloa, y que todo tome un rumbo distinto \u00a1S\u00ed se puede!\u201d, sostuvo Sadol Osorio Porras.<\/p>\n\n\n\n<p>El candidato a diputado local del distrito 14 en Culiac\u00e1n por la Coalici\u00f3n Fuerza y Coraz\u00f3n POR M\u00e9xico, integrada por PRI, PAN, PRD y PAS arranc\u00f3 su campa\u00f1a con una intensa agenda de trabajo.<\/p>\n\n\n\n<p>\u201cYo invito a la ciudadan\u00eda a ser parte del cambio\u201d, afirm\u00f3 el candidato al iniciar su campa\u00f1a para ser diputado en la Sexag\u00e9sima Quinta Legislatura del Congreso del Estado de Sinaloa.<\/p>\n\n\n\n<p>Sadol subray\u00f3 que su campa\u00f1a ser\u00e1 de muchas propuestas y pidi\u00f3 que se juegue limpio.<\/p>\n\n\n\n<p>Asimismo, solicit\u00f3 a las y los electores del distrito 14 su voto el 2 de junio y su confianza para representarlos.<\/p>\n\n\n\n<p>\u201cSi la ciudadan\u00eda participa tengo la confianza de que voy a ganar\u201d, dijo.<\/p>\n\n\n\n<p>Sadol Osorio Porras inici\u00f3 su campa\u00f1a en un crucero del Boulevard Enrique S\u00e1nchez Alonso junto a Erika S\u00e1nchez, candidata a la presidencia municipal de Culiac\u00e1n, y posteriormente realiz\u00f3 una con Enrique de la Madrid y todos los candidatos de Fuerza y Coraz\u00f3n por M\u00e9xico de Sinaloa.<\/p>\n","protected":false},"excerpt":{"rendered":"<p>Sadol subray\u00f3 que su campa\u00f1a ser\u00e1 de muchas propuestas y pidi\u00f3 que se juegue limpio. Culiac\u00e1n, Sin.- \u201cTengo muchas ganas de hacer bien las cosas, de cambiar Culiac\u00e1n, de mejorar Sinaloa, y que todo tome un rumbo distinto \u00a1S\u00ed se puede!\u201d, sostuvo Sadol Osorio Porras. El candidato a diputado local del distrito 14 en Culiac\u00e1n [&hellip;]<\/p>\n","protected":false},"author":112,"featured_media":79356,"comment_status":"open","ping_status":"open","sticky":false,"template":"","format":"standard","meta":{"tdm_status":"","tdm_grid_status":"","footnotes":""},"categories":[38],"tags":[],"class_list":{"0":"post-79355","1":"post","2":"type-post","3":"status-publish","4":"format-standard","5":"has-post-thumbnail","7":"category-noticias-locales"},"yoast_head":"<!-- This site is optimized with the Yoast SEO plugin v27.4 - https:\/\/yoast.com\/product\/yoast-seo-wordpress\/ -->\n<title>Sadol Osorio inicia su campa\u00f1a para diputado con la convicci\u00f3n de ganar - Fuentes Fidedignas<\/title>\n<meta name=\"robots\" content=\"index, follow, max-snippet:-1, max-image-preview:large, max-video-preview:-1\" \/>\n<link rel=\"canonical\" href=\"https:\/\/fuentesfidedignas.com.mx\/index.php\/2024\/04\/15\/sadol-osorio-inicia-su-campana-para-diputado-con-la-conviccion-de-ganar\/\" \/>\n<meta property=\"og:locale\" content=\"es_MX\" \/>\n<meta property=\"og:type\" content=\"article\" \/>\n<meta property=\"og:title\" content=\"Sadol Osorio inicia su campa\u00f1a para diputado con la convicci\u00f3n de ganar - Fuentes Fidedignas\" \/>\n<meta property=\"og:description\" content=\"Sadol subray\u00f3 que su campa\u00f1a ser\u00e1 de muchas propuestas y pidi\u00f3 que se juegue limpio. Culiac\u00e1n, Sin.- \u201cTengo muchas ganas de hacer bien las cosas, de cambiar Culiac\u00e1n, de mejorar Sinaloa, y que todo tome un rumbo distinto \u00a1S\u00ed se puede!\u201d, sostuvo Sadol Osorio Porras. El candidato a diputado local del distrito 14 en Culiac\u00e1n [&hellip;]\" \/>\n<meta property=\"og:url\" content=\"https:\/\/fuentesfidedignas.com.mx\/index.php\/2024\/04\/15\/sadol-osorio-inicia-su-campana-para-diputado-con-la-conviccion-de-ganar\/\" \/>\n<meta property=\"og:site_name\" content=\"Fuentes Fidedignas\" \/>\n<meta property=\"article:publisher\" content=\"https:\/\/www.facebook.com\/Fuentes-Fidedignas-368234489921644\" \/>\n<meta property=\"article:published_time\" content=\"2024-04-15T23:36:15+00:00\" \/>\n<meta property=\"og:image\" content=\"https:\/\/fuentesfidedignas.com.mx\/wp-content\/uploads\/2024\/04\/OSORIO_SADOL.jpg\" \/>\n\t<meta property=\"og:image:width\" content=\"947\" \/>\n\t<meta property=\"og:image:height\" content=\"583\" \/>\n\t<meta property=\"og:image:type\" content=\"image\/jpeg\" \/>\n<meta name=\"author\" content=\"Leonardo Gutierrez\" \/>\n<meta name=\"twitter:card\" content=\"summary_large_image\" \/>\n<meta name=\"twitter:creator\" content=\"@fidedignas\" \/>\n<meta name=\"twitter:site\" content=\"@fidedignas\" \/>\n<meta name=\"twitter:label1\" content=\"Escrito por\" \/>\n\t<meta name=\"twitter:data1\" content=\"Leonardo Gutierrez\" \/>\n\t<meta name=\"twitter:label2\" content=\"Tiempo de lectura\" \/>\n\t<meta name=\"twitter:data2\" content=\"1 minuto\" \/>\n<script type=\"application\/ld+json\" class=\"yoast-schema-graph\">{\"@context\":\"https:\\\/\\\/schema.org\",\"@graph\":[{\"@type\":\"Article\",\"@id\":\"https:\\\/\\\/fuentesfidedignas.com.mx\\\/index.php\\\/2024\\\/04\\\/15\\\/sadol-osorio-inicia-su-campana-para-diputado-con-la-conviccion-de-ganar\\\/#article\",\"isPartOf\":{\"@id\":\"https:\\\/\\\/fuentesfidedignas.com.mx\\\/index.php\\\/2024\\\/04\\\/15\\\/sadol-osorio-inicia-su-campana-para-diputado-con-la-conviccion-de-ganar\\\/\"},\"author\":{\"name\":\"Leonardo Gutierrez\",\"@id\":\"https:\\\/\\\/fuentesfidedignas.com.mx\\\/#\\\/schema\\\/person\\\/c77df25c00baae1d4fdc0340db6f364c\"},\"headline\":\"Sadol Osorio inicia su campa\u00f1a para diputado con la convicci\u00f3n de ganar\",\"datePublished\":\"2024-04-15T23:36:15+00:00\",\"mainEntityOfPage\":{\"@id\":\"https:\\\/\\\/fuentesfidedignas.com.mx\\\/index.php\\\/2024\\\/04\\\/15\\\/sadol-osorio-inicia-su-campana-para-diputado-con-la-conviccion-de-ganar\\\/\"},\"wordCount\":236,\"commentCount\":0,\"publisher\":{\"@id\":\"https:\\\/\\\/fuentesfidedignas.com.mx\\\/#organization\"},\"image\":{\"@id\":\"https:\\\/\\\/fuentesfidedignas.com.mx\\\/index.php\\\/2024\\\/04\\\/15\\\/sadol-osorio-inicia-su-campana-para-diputado-con-la-conviccion-de-ganar\\\/#primaryimage\"},\"thumbnailUrl\":\"https:\\\/\\\/fuentesfidedignas.com.mx\\\/wp-content\\\/uploads\\\/2024\\\/04\\\/OSORIO_SADOL.jpg\",\"articleSection\":[\"NOTICIAS LOCALES\"],\"inLanguage\":\"es\",\"potentialAction\":[{\"@type\":\"CommentAction\",\"name\":\"Comment\",\"target\":[\"https:\\\/\\\/fuentesfidedignas.com.mx\\\/index.php\\\/2024\\\/04\\\/15\\\/sadol-osorio-inicia-su-campana-para-diputado-con-la-conviccion-de-ganar\\\/#respond\"]}]},{\"@type\":\"WebPage\",\"@id\":\"https:\\\/\\\/fuentesfidedignas.com.mx\\\/index.php\\\/2024\\\/04\\\/15\\\/sadol-osorio-inicia-su-campana-para-diputado-con-la-conviccion-de-ganar\\\/\",\"url\":\"https:\\\/\\\/fuentesfidedignas.com.mx\\\/index.php\\\/2024\\\/04\\\/15\\\/sadol-osorio-inicia-su-campana-para-diputado-con-la-conviccion-de-ganar\\\/\",\"name\":\"Sadol Osorio inicia su campa\u00f1a para diputado con la convicci\u00f3n de ganar - Fuentes Fidedignas\",\"isPartOf\":{\"@id\":\"https:\\\/\\\/fuentesfidedignas.com.mx\\\/#website\"},\"primaryImageOfPage\":{\"@id\":\"https:\\\/\\\/fuentesfidedignas.com.mx\\\/index.php\\\/2024\\\/04\\\/15\\\/sadol-osorio-inicia-su-campana-para-diputado-con-la-conviccion-de-ganar\\\/#primaryimage\"},\"image\":{\"@id\":\"https:\\\/\\\/fuentesfidedignas.com.mx\\\/index.php\\\/2024\\\/04\\\/15\\\/sadol-osorio-inicia-su-campana-para-diputado-con-la-conviccion-de-ganar\\\/#primaryimage\"},\"thumbnailUrl\":\"https:\\\/\\\/fuentesfidedignas.com.mx\\\/wp-content\\\/uploads\\\/2024\\\/04\\\/OSORIO_SADOL.jpg\",\"datePublished\":\"2024-04-15T23:36:15+00:00\",\"breadcrumb\":{\"@id\":\"https:\\\/\\\/fuentesfidedignas.com.mx\\\/index.php\\\/2024\\\/04\\\/15\\\/sadol-osorio-inicia-su-campana-para-diputado-con-la-conviccion-de-ganar\\\/#breadcrumb\"},\"inLanguage\":\"es\",\"potentialAction\":[{\"@type\":\"ReadAction\",\"target\":[\"https:\\\/\\\/fuentesfidedignas.com.mx\\\/index.php\\\/2024\\\/04\\\/15\\\/sadol-osorio-inicia-su-campana-para-diputado-con-la-conviccion-de-ganar\\\/\"]}]},{\"@type\":\"ImageObject\",\"inLanguage\":\"es\",\"@id\":\"https:\\\/\\\/fuentesfidedignas.com.mx\\\/index.php\\\/2024\\\/04\\\/15\\\/sadol-osorio-inicia-su-campana-para-diputado-con-la-conviccion-de-ganar\\\/#primaryimage\",\"url\":\"https:\\\/\\\/fuentesfidedignas.com.mx\\\/wp-content\\\/uploads\\\/2024\\\/04\\\/OSORIO_SADOL.jpg\",\"contentUrl\":\"https:\\\/\\\/fuentesfidedignas.com.mx\\\/wp-content\\\/uploads\\\/2024\\\/04\\\/OSORIO_SADOL.jpg\",\"width\":947,\"height\":583},{\"@type\":\"BreadcrumbList\",\"@id\":\"https:\\\/\\\/fuentesfidedignas.com.mx\\\/index.php\\\/2024\\\/04\\\/15\\\/sadol-osorio-inicia-su-campana-para-diputado-con-la-conviccion-de-ganar\\\/#breadcrumb\",\"itemListElement\":[{\"@type\":\"ListItem\",\"position\":1,\"name\":\"Inicio\",\"item\":\"https:\\\/\\\/fuentesfidedignas.com.mx\\\/\"},{\"@type\":\"ListItem\",\"position\":2,\"name\":\"Sadol Osorio inicia su campa\u00f1a para diputado con la convicci\u00f3n de ganar\"}]},{\"@type\":\"WebSite\",\"@id\":\"https:\\\/\\\/fuentesfidedignas.com.mx\\\/#website\",\"url\":\"https:\\\/\\\/fuentesfidedignas.com.mx\\\/\",\"name\":\"Fuentes Fidedignas\",\"description\":\"Otro sitio realizado con WordPress\",\"publisher\":{\"@id\":\"https:\\\/\\\/fuentesfidedignas.com.mx\\\/#organization\"},\"potentialAction\":[{\"@type\":\"SearchAction\",\"target\":{\"@type\":\"EntryPoint\",\"urlTemplate\":\"https:\\\/\\\/fuentesfidedignas.com.mx\\\/?s={search_term_string}\"},\"query-input\":{\"@type\":\"PropertyValueSpecification\",\"valueRequired\":true,\"valueName\":\"search_term_string\"}}],\"inLanguage\":\"es\"},{\"@type\":\"Organization\",\"@id\":\"https:\\\/\\\/fuentesfidedignas.com.mx\\\/#organization\",\"name\":\"Fuentes Fidedignas\",\"url\":\"https:\\\/\\\/fuentesfidedignas.com.mx\\\/\",\"logo\":{\"@type\":\"ImageObject\",\"inLanguage\":\"es\",\"@id\":\"https:\\\/\\\/fuentesfidedignas.com.mx\\\/#\\\/schema\\\/logo\\\/image\\\/\",\"url\":\"https:\\\/\\\/fuentesfidedignas.com.mx\\\/wp-content\\\/uploads\\\/2021\\\/04\\\/logo-retina.png\",\"contentUrl\":\"https:\\\/\\\/fuentesfidedignas.com.mx\\\/wp-content\\\/uploads\\\/2021\\\/04\\\/logo-retina.png\",\"width\":280,\"height\":51,\"caption\":\"Fuentes Fidedignas\"},\"image\":{\"@id\":\"https:\\\/\\\/fuentesfidedignas.com.mx\\\/#\\\/schema\\\/logo\\\/image\\\/\"},\"sameAs\":[\"https:\\\/\\\/www.facebook.com\\\/Fuentes-Fidedignas-368234489921644\",\"https:\\\/\\\/x.com\\\/fidedignas\"]},{\"@type\":\"Person\",\"@id\":\"https:\\\/\\\/fuentesfidedignas.com.mx\\\/#\\\/schema\\\/person\\\/c77df25c00baae1d4fdc0340db6f364c\",\"name\":\"Leonardo Gutierrez\",\"image\":{\"@type\":\"ImageObject\",\"inLanguage\":\"es\",\"@id\":\"https:\\\/\\\/secure.gravatar.com\\\/avatar\\\/17b13a7a986cc98ca4d7337340bcac5945cbae677961c354aefb3c7962c8cc1f?s=96&d=mm&r=g\",\"url\":\"https:\\\/\\\/secure.gravatar.com\\\/avatar\\\/17b13a7a986cc98ca4d7337340bcac5945cbae677961c354aefb3c7962c8cc1f?s=96&d=mm&r=g\",\"contentUrl\":\"https:\\\/\\\/secure.gravatar.com\\\/avatar\\\/17b13a7a986cc98ca4d7337340bcac5945cbae677961c354aefb3c7962c8cc1f?s=96&d=mm&r=g\",\"caption\":\"Leonardo Gutierrez\"},\"url\":\"https:\\\/\\\/fuentesfidedignas.com.mx\\\/index.php\\\/author\\\/leonardogut\\\/\"}]}<\/script>\n<!-- \/ Yoast SEO plugin. -->","yoast_head_json":{"title":"Sadol Osorio inicia su campa\u00f1a para diputado con la convicci\u00f3n de ganar - Fuentes Fidedignas","robots":{"index":"index","follow":"follow","max-snippet":"max-snippet:-1","max-image-preview":"max-image-preview:large","max-video-preview":"max-video-preview:-1"},"canonical":"https:\/\/fuentesfidedignas.com.mx\/index.php\/2024\/04\/15\/sadol-osorio-inicia-su-campana-para-diputado-con-la-conviccion-de-ganar\/","og_locale":"es_MX","og_type":"article","og_title":"Sadol Osorio inicia su campa\u00f1a para diputado con la convicci\u00f3n de ganar - Fuentes Fidedignas","og_description":"Sadol subray\u00f3 que su campa\u00f1a ser\u00e1 de muchas propuestas y pidi\u00f3 que se juegue limpio. Culiac\u00e1n, Sin.- \u201cTengo muchas ganas de hacer bien las cosas, de cambiar Culiac\u00e1n, de mejorar Sinaloa, y que todo tome un rumbo distinto \u00a1S\u00ed se puede!\u201d, sostuvo Sadol Osorio Porras. El candidato a diputado local del distrito 14 en Culiac\u00e1n [&hellip;]","og_url":"https:\/\/fuentesfidedignas.com.mx\/index.php\/2024\/04\/15\/sadol-osorio-inicia-su-campana-para-diputado-con-la-conviccion-de-ganar\/","og_site_name":"Fuentes Fidedignas","article_publisher":"https:\/\/www.facebook.com\/Fuentes-Fidedignas-368234489921644","article_published_time":"2024-04-15T23:36:15+00:00","og_image":[{"width":947,"height":583,"url":"https:\/\/fuentesfidedignas.com.mx\/wp-content\/uploads\/2024\/04\/OSORIO_SADOL.jpg","type":"image\/jpeg"}],"author":"Leonardo Gutierrez","twitter_card":"summary_large_image","twitter_creator":"@fidedignas","twitter_site":"@fidedignas","twitter_misc":{"Escrito por":"Leonardo Gutierrez","Tiempo de lectura":"1 minuto"},"schema":{"@context":"https:\/\/schema.org","@graph":[{"@type":"Article","@id":"https:\/\/fuentesfidedignas.com.mx\/index.php\/2024\/04\/15\/sadol-osorio-inicia-su-campana-para-diputado-con-la-conviccion-de-ganar\/#article","isPartOf":{"@id":"https:\/\/fuentesfidedignas.com.mx\/index.php\/2024\/04\/15\/sadol-osorio-inicia-su-campana-para-diputado-con-la-conviccion-de-ganar\/"},"author":{"name":"Leonardo Gutierrez","@id":"https:\/\/fuentesfidedignas.com.mx\/#\/schema\/person\/c77df25c00baae1d4fdc0340db6f364c"},"headline":"Sadol Osorio inicia su campa\u00f1a para diputado con la convicci\u00f3n de ganar","datePublished":"2024-04-15T23:36:15+00:00","mainEntityOfPage":{"@id":"https:\/\/fuentesfidedignas.com.mx\/index.php\/2024\/04\/15\/sadol-osorio-inicia-su-campana-para-diputado-con-la-conviccion-de-ganar\/"},"wordCount":236,"commentCount":0,"publisher":{"@id":"https:\/\/fuentesfidedignas.com.mx\/#organization"},"image":{"@id":"https:\/\/fuentesfidedignas.com.mx\/index.php\/2024\/04\/15\/sadol-osorio-inicia-su-campana-para-diputado-con-la-conviccion-de-ganar\/#primaryimage"},"thumbnailUrl":"https:\/\/fuentesfidedignas.com.mx\/wp-content\/uploads\/2024\/04\/OSORIO_SADOL.jpg","articleSection":["NOTICIAS LOCALES"],"inLanguage":"es","potentialAction":[{"@type":"CommentAction","name":"Comment","target":["https:\/\/fuentesfidedignas.com.mx\/index.php\/2024\/04\/15\/sadol-osorio-inicia-su-campana-para-diputado-con-la-conviccion-de-ganar\/#respond"]}]},{"@type":"WebPage","@id":"https:\/\/fuentesfidedignas.com.mx\/index.php\/2024\/04\/15\/sadol-osorio-inicia-su-campana-para-diputado-con-la-conviccion-de-ganar\/","url":"https:\/\/fuentesfidedignas.com.mx\/index.php\/2024\/04\/15\/sadol-osorio-inicia-su-campana-para-diputado-con-la-conviccion-de-ganar\/","name":"Sadol Osorio inicia su campa\u00f1a para diputado con la convicci\u00f3n de ganar - Fuentes Fidedignas","isPartOf":{"@id":"https:\/\/fuentesfidedignas.com.mx\/#website"},"primaryImageOfPage":{"@id":"https:\/\/fuentesfidedignas.com.mx\/index.php\/2024\/04\/15\/sadol-osorio-inicia-su-campana-para-diputado-con-la-conviccion-de-ganar\/#primaryimage"},"image":{"@id":"https:\/\/fuentesfidedignas.com.mx\/index.php\/2024\/04\/15\/sadol-osorio-inicia-su-campana-para-diputado-con-la-conviccion-de-ganar\/#primaryimage"},"thumbnailUrl":"https:\/\/fuentesfidedignas.com.mx\/wp-content\/uploads\/2024\/04\/OSORIO_SADOL.jpg","datePublished":"2024-04-15T23:36:15+00:00","breadcrumb":{"@id":"https:\/\/fuentesfidedignas.com.mx\/index.php\/2024\/04\/15\/sadol-osorio-inicia-su-campana-para-diputado-con-la-conviccion-de-ganar\/#breadcrumb"},"inLanguage":"es","potentialAction":[{"@type":"ReadAction","target":["https:\/\/fuentesfidedignas.com.mx\/index.php\/2024\/04\/15\/sadol-osorio-inicia-su-campana-para-diputado-con-la-conviccion-de-ganar\/"]}]},{"@type":"ImageObject","inLanguage":"es","@id":"https:\/\/fuentesfidedignas.com.mx\/index.php\/2024\/04\/15\/sadol-osorio-inicia-su-campana-para-diputado-con-la-conviccion-de-ganar\/#primaryimage","url":"https:\/\/fuentesfidedignas.com.mx\/wp-content\/uploads\/2024\/04\/OSORIO_SADOL.jpg","contentUrl":"https:\/\/fuentesfidedignas.com.mx\/wp-content\/uploads\/2024\/04\/OSORIO_SADOL.jpg","width":947,"height":583},{"@type":"BreadcrumbList","@id":"https:\/\/fuentesfidedignas.com.mx\/index.php\/2024\/04\/15\/sadol-osorio-inicia-su-campana-para-diputado-con-la-conviccion-de-ganar\/#breadcrumb","itemListElement":[{"@type":"ListItem","position":1,"name":"Inicio","item":"https:\/\/fuentesfidedignas.com.mx\/"},{"@type":"ListItem","position":2,"name":"Sadol Osorio inicia su campa\u00f1a para diputado con la convicci\u00f3n de ganar"}]},{"@type":"WebSite","@id":"https:\/\/fuentesfidedignas.com.mx\/#website","url":"https:\/\/fuentesfidedignas.com.mx\/","name":"Fuentes Fidedignas","description":"Otro sitio realizado con WordPress","publisher":{"@id":"https:\/\/fuentesfidedignas.com.mx\/#organization"},"potentialAction":[{"@type":"SearchAction","target":{"@type":"EntryPoint","urlTemplate":"https:\/\/fuentesfidedignas.com.mx\/?s={search_term_string}"},"query-input":{"@type":"PropertyValueSpecification","valueRequired":true,"valueName":"search_term_string"}}],"inLanguage":"es"},{"@type":"Organization","@id":"https:\/\/fuentesfidedignas.com.mx\/#organization","name":"Fuentes Fidedignas","url":"https:\/\/fuentesfidedignas.com.mx\/","logo":{"@type":"ImageObject","inLanguage":"es","@id":"https:\/\/fuentesfidedignas.com.mx\/#\/schema\/logo\/image\/","url":"https:\/\/fuentesfidedignas.com.mx\/wp-content\/uploads\/2021\/04\/logo-retina.png","contentUrl":"https:\/\/fuentesfidedignas.com.mx\/wp-content\/uploads\/2021\/04\/logo-retina.png","width":280,"height":51,"caption":"Fuentes Fidedignas"},"image":{"@id":"https:\/\/fuentesfidedignas.com.mx\/#\/schema\/logo\/image\/"},"sameAs":["https:\/\/www.facebook.com\/Fuentes-Fidedignas-368234489921644","https:\/\/x.com\/fidedignas"]},{"@type":"Person","@id":"https:\/\/fuentesfidedignas.com.mx\/#\/schema\/person\/c77df25c00baae1d4fdc0340db6f364c","name":"Leonardo Gutierrez","image":{"@type":"ImageObject","inLanguage":"es","@id":"https:\/\/secure.gravatar.com\/avatar\/17b13a7a986cc98ca4d7337340bcac5945cbae677961c354aefb3c7962c8cc1f?s=96&d=mm&r=g","url":"https:\/\/secure.gravatar.com\/avatar\/17b13a7a986cc98ca4d7337340bcac5945cbae677961c354aefb3c7962c8cc1f?s=96&d=mm&r=g","contentUrl":"https:\/\/secure.gravatar.com\/avatar\/17b13a7a986cc98ca4d7337340bcac5945cbae677961c354aefb3c7962c8cc1f?s=96&d=mm&r=g","caption":"Leonardo Gutierrez"},"url":"https:\/\/fuentesfidedignas.com.mx\/index.php\/author\/leonardogut\/"}]}},"_links":{"self":[{"href":"https:\/\/fuentesfidedignas.com.mx\/index.php\/wp-json\/wp\/v2\/posts\/79355","targetHints":{"allow":["GET"]}}],"collection":[{"href":"https:\/\/fuentesfidedignas.com.mx\/index.php\/wp-json\/wp\/v2\/posts"}],"about":[{"href":"https:\/\/fuentesfidedignas.com.mx\/index.php\/wp-json\/wp\/v2\/types\/post"}],"author":[{"embeddable":true,"href":"https:\/\/fuentesfidedignas.com.mx\/index.php\/wp-json\/wp\/v2\/users\/112"}],"replies":[{"embeddable":true,"href":"https:\/\/fuentesfidedignas.com.mx\/index.php\/wp-json\/wp\/v2\/comments?post=79355"}],"version-history":[{"count":1,"href":"https:\/\/fuentesfidedignas.com.mx\/index.php\/wp-json\/wp\/v2\/posts\/79355\/revisions"}],"predecessor-version":[{"id":79357,"href":"https:\/\/fuentesfidedignas.com.mx\/index.php\/wp-json\/wp\/v2\/posts\/79355\/revisions\/79357"}],"wp:featuredmedia":[{"embeddable":true,"href":"https:\/\/fuentesfidedignas.com.mx\/index.php\/wp-json\/wp\/v2\/media\/79356"}],"wp:attachment":[{"href":"https:\/\/fuentesfidedignas.com.mx\/index.php\/wp-json\/wp\/v2\/media?parent=79355"}],"wp:term":[{"taxonomy":"category","embeddable":true,"href":"https:\/\/fuentesfidedignas.com.mx\/index.php\/wp-json\/wp\/v2\/categories?post=79355"},{"taxonomy":"post_tag","embeddable":true,"href":"https:\/\/fuentesfidedignas.com.mx\/index.php\/wp-json\/wp\/v2\/tags?post=79355"}],"curies":[{"name":"wp","href":"https:\/\/api.w.org\/{rel}","templated":true}]}}