{"id":79052,"date":"2024-04-11T14:01:21","date_gmt":"2024-04-11T21:01:21","guid":{"rendered":"https:\/\/fuentesfidedignas.com.mx\/?p=79052"},"modified":"2024-04-11T14:01:24","modified_gmt":"2024-04-11T21:01:24","slug":"congreso-del-estado-da-lectura-a-iniciativa-ciudadana-que-propone-reformar-la-ley-del-ipes","status":"publish","type":"post","link":"https:\/\/fuentesfidedignas.com.mx\/index.php\/2024\/04\/11\/congreso-del-estado-da-lectura-a-iniciativa-ciudadana-que-propone-reformar-la-ley-del-ipes\/","title":{"rendered":"Congreso del Estado da lectura a iniciativa ciudadana que propone reformar la Ley del IPES"},"content":{"rendered":"\n<p><\/p>\n\n\n\n<p>Culiac\u00e1n, Sin. El Pleno del Congreso del Estado de Sinaloa dio lectura a una iniciativa del ciudadano Ra\u00fal Portillo Molina que propone reformar y adicionar diversas disposiciones de la Ley de Pensiones para el Estado de Sinaloa para que los trabajadores que est\u00e9n laborando para dos o m\u00e1s empleadores sujetos a esta Ley, tengan derecho a disfrutar de las pensiones que resulten si cumplen los requisitos para ello.<\/p>\n\n\n\n<p>El iniciador, Secretario General del Sindicato \u00danico de Trabajadores Acad\u00e9micos y Administrativos de la Universidad Aut\u00f3noma de Occidente, precis\u00f3 en su exposici\u00f3n de motivos que la Ley del Instituto de Pensiones del Estado de Sinaloa (IPES) estableci\u00f3 un mecanismo de transici\u00f3n que ha generado diversos problemas por la inadecuada interpretaci\u00f3n que se le han dado a distintos preceptos.<br>Afirm\u00f3 que ese mecanismo hace diferencia a los trabajadores que se encontraban prestando servicios al momento de su promulgaci\u00f3n, de aquellos que ingresaran a prestar servicios a los diversos empleadores sujetos de la Ley, con posterioridad al inicio de su vigencia.<br>Explic\u00f3 que la Ley vigente, pas\u00f3 por alto que existe un gran n\u00famero de trabajadores que prestan servicios de manera simult\u00e1nea para los diversos empleadores sujetos de la Ley, bien sea en cualquiera de los poderes o de cualquier otro sujeto, lo que origina una duplicidad de aportaciones y cuotas por cada patr\u00f3n, sin que se permita llegar a obtener m\u00e1s de una de las pensiones contempladas en la Ley, por tener diferentes relaciones de trabajo.<br>De igual forma, apunt\u00f3, el Legislador no previ\u00f3 que si un trabajador se encontraba prestando servicios para cualquier empleador a la entrada en vigor de la Ley, al colocar a estos bajo los lineamientos establecidos en los Art\u00edculos transitorios y de manera simult\u00e1nea o posterior iniciara a trabajar para otro empleador, quedando en autom\u00e1tico bajo la aplicaci\u00f3n de la figura de las Cuentas Individuales, pudiera disponer del ahorro de su Cuenta Individual o acceder en caso de cumplir los requisitos, a otra pensi\u00f3n.<br>Por todo lo anterior y otras consideraciones, el iniciador propone en el art\u00edculo primero reformar el primer p\u00e1rrafo del art\u00edculo 17, el segundo p\u00e1rrafo del art\u00edculo 19, y el art\u00edculo 26, y se adiciona un tercer p\u00e1rrafo al art\u00edculo 19 de la Ley de Pensiones para el Estado de Sinaloa.<br>De esta manera, el art\u00edculo 17, de aprobarse, establecer\u00eda que los trabajadores tendr\u00e1n derecho a disfrutar de las pensiones de la naturaleza prevista en este t\u00edtulo. Los trabajadores que est\u00e9n laborando para dos o m\u00e1s empleadores sujetos a esta Ley, tendr\u00e1n derecho a disfrutar de las pensiones que resulten si cumplen los requisitos para ello. El derecho a recibir las pensiones previstas en esta Ley es imprescriptible.<br>Se propone que el art\u00edculo 19 establezca \u201cque el monto de esta pensi\u00f3n ser\u00e1 el equivalente al m\u00e1ximo que resulte entre la Renta Vitalicia resultante de la cuenta individual y el Salario Regulador. En caso de que la Renta Vitalicia resulte menor el fondo de la cuenta individual pasar\u00e1 a formar parte del fondo de pensiones del Instituto\u201d.<br>Asimismo, el art\u00edculo 26 dir\u00e1: \u201cEl otorgamiento de esta pensi\u00f3n queda sujeto a la presentaci\u00f3n del resumen cl\u00ednico de la instituci\u00f3n de seguridad social que proporcione servicios m\u00e9dicos al trabajador.<br>El art\u00edculo segundo de esta iniciativa contempla se reformen los Art\u00edculos Vig\u00e9simo Tercero y Vig\u00e9simo Octavo transitorios, de la Ley de Pensiones para el Estado de Sinaloa.<br>De tal forma, el Art\u00edculo Vig\u00e9simo Tercero dir\u00eda: \u201cA los trabajadores o sus beneficiarios que adqu\u00ederan cualquiera de las pensiones contenidas en la presente Ley, el Instituto les otorgar\u00e1 un haber de Retiro que deber\u00e1 ser cubierto a m\u00e1s tardar el d\u00eda 20 de Diciembre de cada a\u00f1o, equivalente al importe de sesenta y seis d\u00edas, calculados sobre el monto mensual de su pensi\u00f3n\u201d.<br>Finalmente, el Articulo Vig\u00e9simo Octavo, quedar\u00eda de la siguiente manera: \u201cEl pago de las pensiones de jubilaci\u00f3n y vejez no se suspender\u00e1 durante el tiempo que el pensionado desempe\u00f1e un trabajo al servicio de uno de los empleadores sujetos de esta Ley, conservando el derecho de disfrutar de la pensi\u00f3n que resulte con otro empleador, si cumple con los requisitos para ello\u201d.<\/p>\n","protected":false},"excerpt":{"rendered":"<p>Culiac\u00e1n, Sin. El Pleno del Congreso del Estado de Sinaloa dio lectura a una iniciativa del ciudadano Ra\u00fal Portillo Molina que propone reformar y adicionar diversas disposiciones de la Ley de Pensiones para el Estado de Sinaloa para que los trabajadores que est\u00e9n laborando para dos o m\u00e1s empleadores sujetos a esta Ley, tengan derecho [&hellip;]<\/p>\n","protected":false},"author":4,"featured_media":79051,"comment_status":"open","ping_status":"open","sticky":false,"template":"","format":"standard","meta":{"tdm_status":"","tdm_grid_status":"","footnotes":""},"categories":[38],"tags":[],"class_list":{"0":"post-79052","1":"post","2":"type-post","3":"status-publish","4":"format-standard","5":"has-post-thumbnail","7":"category-noticias-locales"},"yoast_head":"<!-- This site is optimized with the Yoast SEO plugin v27.5 - https:\/\/yoast.com\/product\/yoast-seo-wordpress\/ -->\n<title>Congreso del Estado da lectura a iniciativa ciudadana que propone reformar la Ley del IPES - Fuentes Fidedignas<\/title>\n<meta name=\"robots\" content=\"index, follow, max-snippet:-1, max-image-preview:large, max-video-preview:-1\" \/>\n<link rel=\"canonical\" href=\"https:\/\/fuentesfidedignas.com.mx\/index.php\/2024\/04\/11\/congreso-del-estado-da-lectura-a-iniciativa-ciudadana-que-propone-reformar-la-ley-del-ipes\/\" \/>\n<meta property=\"og:locale\" content=\"es_MX\" \/>\n<meta property=\"og:type\" content=\"article\" \/>\n<meta property=\"og:title\" content=\"Congreso del Estado da lectura a iniciativa ciudadana que propone reformar la Ley del IPES - Fuentes Fidedignas\" \/>\n<meta property=\"og:description\" content=\"Culiac\u00e1n, Sin. El Pleno del Congreso del Estado de Sinaloa dio lectura a una iniciativa del ciudadano Ra\u00fal Portillo Molina que propone reformar y adicionar diversas disposiciones de la Ley de Pensiones para el Estado de Sinaloa para que los trabajadores que est\u00e9n laborando para dos o m\u00e1s empleadores sujetos a esta Ley, tengan derecho [&hellip;]\" \/>\n<meta property=\"og:url\" content=\"https:\/\/fuentesfidedignas.com.mx\/index.php\/2024\/04\/11\/congreso-del-estado-da-lectura-a-iniciativa-ciudadana-que-propone-reformar-la-ley-del-ipes\/\" \/>\n<meta property=\"og:site_name\" content=\"Fuentes Fidedignas\" \/>\n<meta property=\"article:publisher\" content=\"https:\/\/www.facebook.com\/Fuentes-Fidedignas-368234489921644\" \/>\n<meta property=\"article:published_time\" content=\"2024-04-11T21:01:21+00:00\" \/>\n<meta property=\"article:modified_time\" content=\"2024-04-11T21:01:24+00:00\" \/>\n<meta property=\"og:image\" content=\"https:\/\/fuentesfidedignas.com.mx\/wp-content\/uploads\/2024\/04\/e261d714-0d47-498d-b163-51f869c8d4cd-1.jpg\" \/>\n\t<meta property=\"og:image:width\" content=\"1280\" \/>\n\t<meta property=\"og:image:height\" content=\"855\" \/>\n\t<meta property=\"og:image:type\" content=\"image\/jpeg\" \/>\n<meta name=\"author\" content=\"Redacci\u00f3n\" \/>\n<meta name=\"twitter:card\" content=\"summary_large_image\" \/>\n<meta name=\"twitter:creator\" content=\"@fidedignas\" \/>\n<meta name=\"twitter:site\" content=\"@fidedignas\" \/>\n<meta name=\"twitter:label1\" content=\"Escrito por\" \/>\n\t<meta name=\"twitter:data1\" content=\"Redacci\u00f3n\" \/>\n\t<meta name=\"twitter:label2\" content=\"Tiempo de lectura\" \/>\n\t<meta name=\"twitter:data2\" content=\"4 minutos\" \/>\n<script type=\"application\/ld+json\" class=\"yoast-schema-graph\">{\"@context\":\"https:\\\/\\\/schema.org\",\"@graph\":[{\"@type\":\"Article\",\"@id\":\"https:\\\/\\\/fuentesfidedignas.com.mx\\\/index.php\\\/2024\\\/04\\\/11\\\/congreso-del-estado-da-lectura-a-iniciativa-ciudadana-que-propone-reformar-la-ley-del-ipes\\\/#article\",\"isPartOf\":{\"@id\":\"https:\\\/\\\/fuentesfidedignas.com.mx\\\/index.php\\\/2024\\\/04\\\/11\\\/congreso-del-estado-da-lectura-a-iniciativa-ciudadana-que-propone-reformar-la-ley-del-ipes\\\/\"},\"author\":{\"name\":\"Redacci\u00f3n\",\"@id\":\"https:\\\/\\\/fuentesfidedignas.com.mx\\\/#\\\/schema\\\/person\\\/331be9283d37198e2acd5750279085b0\"},\"headline\":\"Congreso del Estado da lectura a iniciativa ciudadana que propone reformar la Ley del IPES\",\"datePublished\":\"2024-04-11T21:01:21+00:00\",\"dateModified\":\"2024-04-11T21:01:24+00:00\",\"mainEntityOfPage\":{\"@id\":\"https:\\\/\\\/fuentesfidedignas.com.mx\\\/index.php\\\/2024\\\/04\\\/11\\\/congreso-del-estado-da-lectura-a-iniciativa-ciudadana-que-propone-reformar-la-ley-del-ipes\\\/\"},\"wordCount\":752,\"commentCount\":0,\"publisher\":{\"@id\":\"https:\\\/\\\/fuentesfidedignas.com.mx\\\/#organization\"},\"image\":{\"@id\":\"https:\\\/\\\/fuentesfidedignas.com.mx\\\/index.php\\\/2024\\\/04\\\/11\\\/congreso-del-estado-da-lectura-a-iniciativa-ciudadana-que-propone-reformar-la-ley-del-ipes\\\/#primaryimage\"},\"thumbnailUrl\":\"https:\\\/\\\/fuentesfidedignas.com.mx\\\/wp-content\\\/uploads\\\/2024\\\/04\\\/e261d714-0d47-498d-b163-51f869c8d4cd-1.jpg\",\"articleSection\":[\"NOTICIAS LOCALES\"],\"inLanguage\":\"es\",\"potentialAction\":[{\"@type\":\"CommentAction\",\"name\":\"Comment\",\"target\":[\"https:\\\/\\\/fuentesfidedignas.com.mx\\\/index.php\\\/2024\\\/04\\\/11\\\/congreso-del-estado-da-lectura-a-iniciativa-ciudadana-que-propone-reformar-la-ley-del-ipes\\\/#respond\"]}]},{\"@type\":\"WebPage\",\"@id\":\"https:\\\/\\\/fuentesfidedignas.com.mx\\\/index.php\\\/2024\\\/04\\\/11\\\/congreso-del-estado-da-lectura-a-iniciativa-ciudadana-que-propone-reformar-la-ley-del-ipes\\\/\",\"url\":\"https:\\\/\\\/fuentesfidedignas.com.mx\\\/index.php\\\/2024\\\/04\\\/11\\\/congreso-del-estado-da-lectura-a-iniciativa-ciudadana-que-propone-reformar-la-ley-del-ipes\\\/\",\"name\":\"Congreso del Estado da lectura a iniciativa ciudadana que propone reformar la Ley del IPES - Fuentes Fidedignas\",\"isPartOf\":{\"@id\":\"https:\\\/\\\/fuentesfidedignas.com.mx\\\/#website\"},\"primaryImageOfPage\":{\"@id\":\"https:\\\/\\\/fuentesfidedignas.com.mx\\\/index.php\\\/2024\\\/04\\\/11\\\/congreso-del-estado-da-lectura-a-iniciativa-ciudadana-que-propone-reformar-la-ley-del-ipes\\\/#primaryimage\"},\"image\":{\"@id\":\"https:\\\/\\\/fuentesfidedignas.com.mx\\\/index.php\\\/2024\\\/04\\\/11\\\/congreso-del-estado-da-lectura-a-iniciativa-ciudadana-que-propone-reformar-la-ley-del-ipes\\\/#primaryimage\"},\"thumbnailUrl\":\"https:\\\/\\\/fuentesfidedignas.com.mx\\\/wp-content\\\/uploads\\\/2024\\\/04\\\/e261d714-0d47-498d-b163-51f869c8d4cd-1.jpg\",\"datePublished\":\"2024-04-11T21:01:21+00:00\",\"dateModified\":\"2024-04-11T21:01:24+00:00\",\"breadcrumb\":{\"@id\":\"https:\\\/\\\/fuentesfidedignas.com.mx\\\/index.php\\\/2024\\\/04\\\/11\\\/congreso-del-estado-da-lectura-a-iniciativa-ciudadana-que-propone-reformar-la-ley-del-ipes\\\/#breadcrumb\"},\"inLanguage\":\"es\",\"potentialAction\":[{\"@type\":\"ReadAction\",\"target\":[\"https:\\\/\\\/fuentesfidedignas.com.mx\\\/index.php\\\/2024\\\/04\\\/11\\\/congreso-del-estado-da-lectura-a-iniciativa-ciudadana-que-propone-reformar-la-ley-del-ipes\\\/\"]}]},{\"@type\":\"ImageObject\",\"inLanguage\":\"es\",\"@id\":\"https:\\\/\\\/fuentesfidedignas.com.mx\\\/index.php\\\/2024\\\/04\\\/11\\\/congreso-del-estado-da-lectura-a-iniciativa-ciudadana-que-propone-reformar-la-ley-del-ipes\\\/#primaryimage\",\"url\":\"https:\\\/\\\/fuentesfidedignas.com.mx\\\/wp-content\\\/uploads\\\/2024\\\/04\\\/e261d714-0d47-498d-b163-51f869c8d4cd-1.jpg\",\"contentUrl\":\"https:\\\/\\\/fuentesfidedignas.com.mx\\\/wp-content\\\/uploads\\\/2024\\\/04\\\/e261d714-0d47-498d-b163-51f869c8d4cd-1.jpg\",\"width\":1280,\"height\":855},{\"@type\":\"BreadcrumbList\",\"@id\":\"https:\\\/\\\/fuentesfidedignas.com.mx\\\/index.php\\\/2024\\\/04\\\/11\\\/congreso-del-estado-da-lectura-a-iniciativa-ciudadana-que-propone-reformar-la-ley-del-ipes\\\/#breadcrumb\",\"itemListElement\":[{\"@type\":\"ListItem\",\"position\":1,\"name\":\"Inicio\",\"item\":\"https:\\\/\\\/fuentesfidedignas.com.mx\\\/\"},{\"@type\":\"ListItem\",\"position\":2,\"name\":\"Congreso del Estado da lectura a iniciativa ciudadana que propone reformar la Ley del IPES\"}]},{\"@type\":\"WebSite\",\"@id\":\"https:\\\/\\\/fuentesfidedignas.com.mx\\\/#website\",\"url\":\"https:\\\/\\\/fuentesfidedignas.com.mx\\\/\",\"name\":\"Fuentes Fidedignas\",\"description\":\"Otro sitio realizado con WordPress\",\"publisher\":{\"@id\":\"https:\\\/\\\/fuentesfidedignas.com.mx\\\/#organization\"},\"potentialAction\":[{\"@type\":\"SearchAction\",\"target\":{\"@type\":\"EntryPoint\",\"urlTemplate\":\"https:\\\/\\\/fuentesfidedignas.com.mx\\\/?s={search_term_string}\"},\"query-input\":{\"@type\":\"PropertyValueSpecification\",\"valueRequired\":true,\"valueName\":\"search_term_string\"}}],\"inLanguage\":\"es\"},{\"@type\":\"Organization\",\"@id\":\"https:\\\/\\\/fuentesfidedignas.com.mx\\\/#organization\",\"name\":\"Fuentes Fidedignas\",\"url\":\"https:\\\/\\\/fuentesfidedignas.com.mx\\\/\",\"logo\":{\"@type\":\"ImageObject\",\"inLanguage\":\"es\",\"@id\":\"https:\\\/\\\/fuentesfidedignas.com.mx\\\/#\\\/schema\\\/logo\\\/image\\\/\",\"url\":\"https:\\\/\\\/fuentesfidedignas.com.mx\\\/wp-content\\\/uploads\\\/2021\\\/04\\\/logo-retina.png\",\"contentUrl\":\"https:\\\/\\\/fuentesfidedignas.com.mx\\\/wp-content\\\/uploads\\\/2021\\\/04\\\/logo-retina.png\",\"width\":280,\"height\":51,\"caption\":\"Fuentes Fidedignas\"},\"image\":{\"@id\":\"https:\\\/\\\/fuentesfidedignas.com.mx\\\/#\\\/schema\\\/logo\\\/image\\\/\"},\"sameAs\":[\"https:\\\/\\\/www.facebook.com\\\/Fuentes-Fidedignas-368234489921644\",\"https:\\\/\\\/x.com\\\/fidedignas\"]},{\"@type\":\"Person\",\"@id\":\"https:\\\/\\\/fuentesfidedignas.com.mx\\\/#\\\/schema\\\/person\\\/331be9283d37198e2acd5750279085b0\",\"name\":\"Redacci\u00f3n\",\"image\":{\"@type\":\"ImageObject\",\"inLanguage\":\"es\",\"@id\":\"https:\\\/\\\/secure.gravatar.com\\\/avatar\\\/f6d8782c11d12b2d4ad3fbb6931aeab5309937a4d6cd2fc9cfaa28a6396a5aec?s=96&d=mm&r=g\",\"url\":\"https:\\\/\\\/secure.gravatar.com\\\/avatar\\\/f6d8782c11d12b2d4ad3fbb6931aeab5309937a4d6cd2fc9cfaa28a6396a5aec?s=96&d=mm&r=g\",\"contentUrl\":\"https:\\\/\\\/secure.gravatar.com\\\/avatar\\\/f6d8782c11d12b2d4ad3fbb6931aeab5309937a4d6cd2fc9cfaa28a6396a5aec?s=96&d=mm&r=g\",\"caption\":\"Redacci\u00f3n\"},\"url\":\"https:\\\/\\\/fuentesfidedignas.com.mx\\\/index.php\\\/author\\\/redaccion\\\/\"}]}<\/script>\n<!-- \/ Yoast SEO plugin. -->","yoast_head_json":{"title":"Congreso del Estado da lectura a iniciativa ciudadana que propone reformar la Ley del IPES - Fuentes Fidedignas","robots":{"index":"index","follow":"follow","max-snippet":"max-snippet:-1","max-image-preview":"max-image-preview:large","max-video-preview":"max-video-preview:-1"},"canonical":"https:\/\/fuentesfidedignas.com.mx\/index.php\/2024\/04\/11\/congreso-del-estado-da-lectura-a-iniciativa-ciudadana-que-propone-reformar-la-ley-del-ipes\/","og_locale":"es_MX","og_type":"article","og_title":"Congreso del Estado da lectura a iniciativa ciudadana que propone reformar la Ley del IPES - Fuentes Fidedignas","og_description":"Culiac\u00e1n, Sin. El Pleno del Congreso del Estado de Sinaloa dio lectura a una iniciativa del ciudadano Ra\u00fal Portillo Molina que propone reformar y adicionar diversas disposiciones de la Ley de Pensiones para el Estado de Sinaloa para que los trabajadores que est\u00e9n laborando para dos o m\u00e1s empleadores sujetos a esta Ley, tengan derecho [&hellip;]","og_url":"https:\/\/fuentesfidedignas.com.mx\/index.php\/2024\/04\/11\/congreso-del-estado-da-lectura-a-iniciativa-ciudadana-que-propone-reformar-la-ley-del-ipes\/","og_site_name":"Fuentes Fidedignas","article_publisher":"https:\/\/www.facebook.com\/Fuentes-Fidedignas-368234489921644","article_published_time":"2024-04-11T21:01:21+00:00","article_modified_time":"2024-04-11T21:01:24+00:00","og_image":[{"width":1280,"height":855,"url":"https:\/\/fuentesfidedignas.com.mx\/wp-content\/uploads\/2024\/04\/e261d714-0d47-498d-b163-51f869c8d4cd-1.jpg","type":"image\/jpeg"}],"author":"Redacci\u00f3n","twitter_card":"summary_large_image","twitter_creator":"@fidedignas","twitter_site":"@fidedignas","twitter_misc":{"Escrito por":"Redacci\u00f3n","Tiempo de lectura":"4 minutos"},"schema":{"@context":"https:\/\/schema.org","@graph":[{"@type":"Article","@id":"https:\/\/fuentesfidedignas.com.mx\/index.php\/2024\/04\/11\/congreso-del-estado-da-lectura-a-iniciativa-ciudadana-que-propone-reformar-la-ley-del-ipes\/#article","isPartOf":{"@id":"https:\/\/fuentesfidedignas.com.mx\/index.php\/2024\/04\/11\/congreso-del-estado-da-lectura-a-iniciativa-ciudadana-que-propone-reformar-la-ley-del-ipes\/"},"author":{"name":"Redacci\u00f3n","@id":"https:\/\/fuentesfidedignas.com.mx\/#\/schema\/person\/331be9283d37198e2acd5750279085b0"},"headline":"Congreso del Estado da lectura a iniciativa ciudadana que propone reformar la Ley del IPES","datePublished":"2024-04-11T21:01:21+00:00","dateModified":"2024-04-11T21:01:24+00:00","mainEntityOfPage":{"@id":"https:\/\/fuentesfidedignas.com.mx\/index.php\/2024\/04\/11\/congreso-del-estado-da-lectura-a-iniciativa-ciudadana-que-propone-reformar-la-ley-del-ipes\/"},"wordCount":752,"commentCount":0,"publisher":{"@id":"https:\/\/fuentesfidedignas.com.mx\/#organization"},"image":{"@id":"https:\/\/fuentesfidedignas.com.mx\/index.php\/2024\/04\/11\/congreso-del-estado-da-lectura-a-iniciativa-ciudadana-que-propone-reformar-la-ley-del-ipes\/#primaryimage"},"thumbnailUrl":"https:\/\/fuentesfidedignas.com.mx\/wp-content\/uploads\/2024\/04\/e261d714-0d47-498d-b163-51f869c8d4cd-1.jpg","articleSection":["NOTICIAS LOCALES"],"inLanguage":"es","potentialAction":[{"@type":"CommentAction","name":"Comment","target":["https:\/\/fuentesfidedignas.com.mx\/index.php\/2024\/04\/11\/congreso-del-estado-da-lectura-a-iniciativa-ciudadana-que-propone-reformar-la-ley-del-ipes\/#respond"]}]},{"@type":"WebPage","@id":"https:\/\/fuentesfidedignas.com.mx\/index.php\/2024\/04\/11\/congreso-del-estado-da-lectura-a-iniciativa-ciudadana-que-propone-reformar-la-ley-del-ipes\/","url":"https:\/\/fuentesfidedignas.com.mx\/index.php\/2024\/04\/11\/congreso-del-estado-da-lectura-a-iniciativa-ciudadana-que-propone-reformar-la-ley-del-ipes\/","name":"Congreso del Estado da lectura a iniciativa ciudadana que propone reformar la Ley del IPES - Fuentes Fidedignas","isPartOf":{"@id":"https:\/\/fuentesfidedignas.com.mx\/#website"},"primaryImageOfPage":{"@id":"https:\/\/fuentesfidedignas.com.mx\/index.php\/2024\/04\/11\/congreso-del-estado-da-lectura-a-iniciativa-ciudadana-que-propone-reformar-la-ley-del-ipes\/#primaryimage"},"image":{"@id":"https:\/\/fuentesfidedignas.com.mx\/index.php\/2024\/04\/11\/congreso-del-estado-da-lectura-a-iniciativa-ciudadana-que-propone-reformar-la-ley-del-ipes\/#primaryimage"},"thumbnailUrl":"https:\/\/fuentesfidedignas.com.mx\/wp-content\/uploads\/2024\/04\/e261d714-0d47-498d-b163-51f869c8d4cd-1.jpg","datePublished":"2024-04-11T21:01:21+00:00","dateModified":"2024-04-11T21:01:24+00:00","breadcrumb":{"@id":"https:\/\/fuentesfidedignas.com.mx\/index.php\/2024\/04\/11\/congreso-del-estado-da-lectura-a-iniciativa-ciudadana-que-propone-reformar-la-ley-del-ipes\/#breadcrumb"},"inLanguage":"es","potentialAction":[{"@type":"ReadAction","target":["https:\/\/fuentesfidedignas.com.mx\/index.php\/2024\/04\/11\/congreso-del-estado-da-lectura-a-iniciativa-ciudadana-que-propone-reformar-la-ley-del-ipes\/"]}]},{"@type":"ImageObject","inLanguage":"es","@id":"https:\/\/fuentesfidedignas.com.mx\/index.php\/2024\/04\/11\/congreso-del-estado-da-lectura-a-iniciativa-ciudadana-que-propone-reformar-la-ley-del-ipes\/#primaryimage","url":"https:\/\/fuentesfidedignas.com.mx\/wp-content\/uploads\/2024\/04\/e261d714-0d47-498d-b163-51f869c8d4cd-1.jpg","contentUrl":"https:\/\/fuentesfidedignas.com.mx\/wp-content\/uploads\/2024\/04\/e261d714-0d47-498d-b163-51f869c8d4cd-1.jpg","width":1280,"height":855},{"@type":"BreadcrumbList","@id":"https:\/\/fuentesfidedignas.com.mx\/index.php\/2024\/04\/11\/congreso-del-estado-da-lectura-a-iniciativa-ciudadana-que-propone-reformar-la-ley-del-ipes\/#breadcrumb","itemListElement":[{"@type":"ListItem","position":1,"name":"Inicio","item":"https:\/\/fuentesfidedignas.com.mx\/"},{"@type":"ListItem","position":2,"name":"Congreso del Estado da lectura a iniciativa ciudadana que propone reformar la Ley del IPES"}]},{"@type":"WebSite","@id":"https:\/\/fuentesfidedignas.com.mx\/#website","url":"https:\/\/fuentesfidedignas.com.mx\/","name":"Fuentes Fidedignas","description":"Otro sitio realizado con WordPress","publisher":{"@id":"https:\/\/fuentesfidedignas.com.mx\/#organization"},"potentialAction":[{"@type":"SearchAction","target":{"@type":"EntryPoint","urlTemplate":"https:\/\/fuentesfidedignas.com.mx\/?s={search_term_string}"},"query-input":{"@type":"PropertyValueSpecification","valueRequired":true,"valueName":"search_term_string"}}],"inLanguage":"es"},{"@type":"Organization","@id":"https:\/\/fuentesfidedignas.com.mx\/#organization","name":"Fuentes Fidedignas","url":"https:\/\/fuentesfidedignas.com.mx\/","logo":{"@type":"ImageObject","inLanguage":"es","@id":"https:\/\/fuentesfidedignas.com.mx\/#\/schema\/logo\/image\/","url":"https:\/\/fuentesfidedignas.com.mx\/wp-content\/uploads\/2021\/04\/logo-retina.png","contentUrl":"https:\/\/fuentesfidedignas.com.mx\/wp-content\/uploads\/2021\/04\/logo-retina.png","width":280,"height":51,"caption":"Fuentes Fidedignas"},"image":{"@id":"https:\/\/fuentesfidedignas.com.mx\/#\/schema\/logo\/image\/"},"sameAs":["https:\/\/www.facebook.com\/Fuentes-Fidedignas-368234489921644","https:\/\/x.com\/fidedignas"]},{"@type":"Person","@id":"https:\/\/fuentesfidedignas.com.mx\/#\/schema\/person\/331be9283d37198e2acd5750279085b0","name":"Redacci\u00f3n","image":{"@type":"ImageObject","inLanguage":"es","@id":"https:\/\/secure.gravatar.com\/avatar\/f6d8782c11d12b2d4ad3fbb6931aeab5309937a4d6cd2fc9cfaa28a6396a5aec?s=96&d=mm&r=g","url":"https:\/\/secure.gravatar.com\/avatar\/f6d8782c11d12b2d4ad3fbb6931aeab5309937a4d6cd2fc9cfaa28a6396a5aec?s=96&d=mm&r=g","contentUrl":"https:\/\/secure.gravatar.com\/avatar\/f6d8782c11d12b2d4ad3fbb6931aeab5309937a4d6cd2fc9cfaa28a6396a5aec?s=96&d=mm&r=g","caption":"Redacci\u00f3n"},"url":"https:\/\/fuentesfidedignas.com.mx\/index.php\/author\/redaccion\/"}]}},"_links":{"self":[{"href":"https:\/\/fuentesfidedignas.com.mx\/index.php\/wp-json\/wp\/v2\/posts\/79052","targetHints":{"allow":["GET"]}}],"collection":[{"href":"https:\/\/fuentesfidedignas.com.mx\/index.php\/wp-json\/wp\/v2\/posts"}],"about":[{"href":"https:\/\/fuentesfidedignas.com.mx\/index.php\/wp-json\/wp\/v2\/types\/post"}],"author":[{"embeddable":true,"href":"https:\/\/fuentesfidedignas.com.mx\/index.php\/wp-json\/wp\/v2\/users\/4"}],"replies":[{"embeddable":true,"href":"https:\/\/fuentesfidedignas.com.mx\/index.php\/wp-json\/wp\/v2\/comments?post=79052"}],"version-history":[{"count":1,"href":"https:\/\/fuentesfidedignas.com.mx\/index.php\/wp-json\/wp\/v2\/posts\/79052\/revisions"}],"predecessor-version":[{"id":79053,"href":"https:\/\/fuentesfidedignas.com.mx\/index.php\/wp-json\/wp\/v2\/posts\/79052\/revisions\/79053"}],"wp:featuredmedia":[{"embeddable":true,"href":"https:\/\/fuentesfidedignas.com.mx\/index.php\/wp-json\/wp\/v2\/media\/79051"}],"wp:attachment":[{"href":"https:\/\/fuentesfidedignas.com.mx\/index.php\/wp-json\/wp\/v2\/media?parent=79052"}],"wp:term":[{"taxonomy":"category","embeddable":true,"href":"https:\/\/fuentesfidedignas.com.mx\/index.php\/wp-json\/wp\/v2\/categories?post=79052"},{"taxonomy":"post_tag","embeddable":true,"href":"https:\/\/fuentesfidedignas.com.mx\/index.php\/wp-json\/wp\/v2\/tags?post=79052"}],"curies":[{"name":"wp","href":"https:\/\/api.w.org\/{rel}","templated":true}]}}