{"id":78925,"date":"2024-04-09T18:29:43","date_gmt":"2024-04-10T01:29:43","guid":{"rendered":"https:\/\/fuentesfidedignas.com.mx\/?p=78925"},"modified":"2024-04-09T18:31:15","modified_gmt":"2024-04-10T01:31:15","slug":"mexico-emite-nuevo-aviso-epidemiologico-por-sarampion","status":"publish","type":"post","link":"https:\/\/fuentesfidedignas.com.mx\/index.php\/2024\/04\/09\/mexico-emite-nuevo-aviso-epidemiologico-por-sarampion\/","title":{"rendered":"M\u00e9xico emite nuevo aviso epidemiol\u00f3gico por sarampi\u00f3n"},"content":{"rendered":"\n<p><strong><em>En M\u00e9xico, en el 2024 y hasta la semana 13, se han notificado un total de 859 casos probables de sarampi\u00f3n o rub\u00e9ola, es decir, sospechosos y sujetos a an\u00e1lisis<\/em><\/strong><\/p>\n\n\n\n<p>La Secretar\u00eda de Salud, a trav\u00e9s del Comit\u00e9 Nacional para la Vigilancia Epidemiol\u00f3gica (Conave), emiti\u00f3 este martes un nuevo aviso para todas las unidades m\u00e9dicas de los tres niveles de atenci\u00f3n ante la detecci\u00f3n de casos de sarampi\u00f3n.<br><br>En M\u00e9xico, en el 2024 y hasta la semana 13, se han notificado un total de 859 casos probables de sarampi\u00f3n o rub\u00e9ola, es decir, sospechosos y sujetos a an\u00e1lisis, de los cuales se han confirmado cuatro de sarampi\u00f3n; de estos cuatro, uno es importado y tres probablemente relacionados con importaci\u00f3n.<br><br>La Secretar\u00eda de Salud llam\u00f3 a las unidades m\u00e9dicas p\u00fablicas y privadas a verificar el cumplimiento de las acciones de vigilancia epidemiol\u00f3gica y de diagn\u00f3stico por laboratorio de los casos probables de sarampi\u00f3n o rub\u00e9ola.<br><br>El objetivo de las medidas es evitar la reintroducci\u00f3n del virus y garantizar el diagn\u00f3stico oportuno, as\u00ed como la obtenci\u00f3n de informaci\u00f3n de calidad que oriente las acciones de reforzamiento de promoci\u00f3n de la salud y prevenci\u00f3n espec\u00edfica.<\/p>\n\n\n\n<p><blockquote class=\"twitter-tweet\"><p lang=\"es\" dir=\"ltr\"><a href=\"https:\/\/twitter.com\/hashtag\/ComunicadoSalud?src=hash&amp;ref_src=twsrc%5Etfw\">#ComunicadoSalud<\/a><br><br>Emite Secretar\u00eda de Salud nuevo aviso epidemiol\u00f3gico por sarampi\u00f3n<br><br>\u27a1\ufe0f<a href=\"https:\/\/t.co\/DED4uBklPW\">https:\/\/t.co\/DED4uBklPW<\/a> <a href=\"https:\/\/t.co\/QB8lGSYfM6\">pic.twitter.com\/QB8lGSYfM6<\/a><\/p>\u2014 SALUD M\u00e9xico (@SSalud_mx) <a href=\"https:\/\/twitter.com\/SSalud_mx\/status\/1777814779702435918?ref_src=twsrc%5Etfw\">April 9, 2024<\/a><\/blockquote> <script async=\"\" src=\"https:\/\/platform.twitter.com\/widgets.js\" charset=\"utf-8\"><\/script><\/p>\n\n\n\n<p>Este nuevo aviso epidemiol\u00f3gico contiene recomendaciones espec\u00edficas para las unidades m\u00e9dicas sobre las acciones a realizar ante la ocurrencia de casos probables de sarampi\u00f3n o rub\u00e9ola; las medidas ante la confirmaci\u00f3n de un caso mediante la difusi\u00f3n del aviso epidemiol\u00f3gico entre todas las unidades, los comit\u00e9s estatales y jurisdiccionales o distritales.<br><br>El sarampi\u00f3n es una enfermedad viral sumamente contagiosa causada por el virus que pertenece a la familia Paramixoviridae del g\u00e9nero Morbillivirus. Se encuentra en las secreciones de la nariz y la faringe; el contagio ocurre cuando la persona enferma tose o estornuda y las gotitas de saliva que expulsa penetran por la v\u00eda respiratoria de personas que no han sido vacunadas y que no han padecido esta enfermedad.<br><br>El virus tiene un periodo de incubaci\u00f3n en el organismo de una a tres semanas, y la transmisibilidad se da cuatro d\u00edas antes y cuatro d\u00edas despu\u00e9s de comenzar el exantema (la aparici\u00f3n de ronchitas en el cuerpo), por lo que, para evitar contagiar a otras personas y prevenir hospitalizaciones, es recomendable el aislamiento en casa.<br><br>El cuadro cl\u00ednico se caracteriza por la presencia de fiebre, exantema maculopapular (manchas rojizas y elevadas sobre la superficie de la piel que se distribuyen de cabeza a extremidades) y se acompa\u00f1an de irritaci\u00f3n ocular (conjuntivitis), catarro tipo rinitis, tos y podr\u00edan observarse manchas peque\u00f1as con centro blanco en la mucosa bucal (manchas de Koplik). El exantema maculopapular dura de cuatro a siete d\u00edas y desaparece mediante descamaci\u00f3n.<br><br>Con el prop\u00f3sito de evitar que se registren casos aut\u00f3ctonos de sarampi\u00f3n en el pa\u00eds, el Centro Nacional para la Salud de la Infancia y la Adolescencia (Censia) de la Secretar\u00eda de Salud, recomienda a madres, padres y personas tutoras o cuidadoras llevar a vacunar a las unidades de salud a ni\u00f1as, ni\u00f1os, as\u00ed como a los adolescentes en caso de que les falte alguna dosis para completar los esquemas de vacunaci\u00f3n.<br><br>El esquema de vacunaci\u00f3n contra sarampi\u00f3n es de dos dosis: la primera a los 12 meses cumplidos y la segunda a los 18 meses. Ni\u00f1as y ni\u00f1os nacidos antes de 2022 reciben la segunda dosis a los seis a\u00f1os.<br><br>Los centros de salud de los 32 estados cuentan con vacunas triple viral contra sarampi\u00f3n, rub\u00e9ola y paperas (SRP) para aplicarse a ni\u00f1as y ni\u00f1os de uno a nueve a\u00f1os, y doble viral contra sarampi\u00f3n y rub\u00e9ola (SR) para adolescentes de 10 a 19 a\u00f1os. Estas vacunas s\u00f3lo se suministran a la poblaci\u00f3n de las edades referidas para iniciar o completar su esquema de inmunizaci\u00f3n.<br><br>En M\u00e9xico, en el 2024 y hasta la semana 13, se han notificado un total de 859 casos probables de sarampi\u00f3n o rub\u00e9ola, es decir, sospechosos y sujetos a an\u00e1lisis, de los cuales se han confirmado cuatro de sarampi\u00f3n; de estos cuatro, uno es importado y tres probablemente relacionados a importaci\u00f3n.<\/p>\n","protected":false},"excerpt":{"rendered":"<p>En M\u00e9xico, en el 2024 y hasta la semana 13, se han notificado un total de 859 casos probables de sarampi\u00f3n o rub\u00e9ola, es decir, sospechosos y sujetos a an\u00e1lisis La Secretar\u00eda de Salud, a trav\u00e9s del Comit\u00e9 Nacional para la Vigilancia Epidemiol\u00f3gica (Conave), emiti\u00f3 este martes un nuevo aviso para todas las unidades m\u00e9dicas [&hellip;]<\/p>\n","protected":false},"author":47,"featured_media":73448,"comment_status":"open","ping_status":"open","sticky":false,"template":"","format":"standard","meta":{"tdm_status":"","tdm_grid_status":"","footnotes":""},"categories":[39],"tags":[],"class_list":{"0":"post-78925","1":"post","2":"type-post","3":"status-publish","4":"format-standard","5":"has-post-thumbnail","7":"category-noticias-nacionales"},"yoast_head":"<!-- This site is optimized with the Yoast SEO plugin v27.5 - https:\/\/yoast.com\/product\/yoast-seo-wordpress\/ -->\n<title>M\u00e9xico emite nuevo aviso epidemiol\u00f3gico por sarampi\u00f3n - Fuentes Fidedignas<\/title>\n<meta name=\"robots\" content=\"index, follow, max-snippet:-1, max-image-preview:large, max-video-preview:-1\" \/>\n<link rel=\"canonical\" href=\"https:\/\/fuentesfidedignas.com.mx\/index.php\/2024\/04\/09\/mexico-emite-nuevo-aviso-epidemiologico-por-sarampion\/\" \/>\n<meta property=\"og:locale\" content=\"es_MX\" \/>\n<meta property=\"og:type\" content=\"article\" \/>\n<meta property=\"og:title\" content=\"M\u00e9xico emite nuevo aviso epidemiol\u00f3gico por sarampi\u00f3n - Fuentes Fidedignas\" \/>\n<meta property=\"og:description\" content=\"En M\u00e9xico, en el 2024 y hasta la semana 13, se han notificado un total de 859 casos probables de sarampi\u00f3n o rub\u00e9ola, es decir, sospechosos y sujetos a an\u00e1lisis La Secretar\u00eda de Salud, a trav\u00e9s del Comit\u00e9 Nacional para la Vigilancia Epidemiol\u00f3gica (Conave), emiti\u00f3 este martes un nuevo aviso para todas las unidades m\u00e9dicas [&hellip;]\" \/>\n<meta property=\"og:url\" content=\"https:\/\/fuentesfidedignas.com.mx\/index.php\/2024\/04\/09\/mexico-emite-nuevo-aviso-epidemiologico-por-sarampion\/\" \/>\n<meta property=\"og:site_name\" content=\"Fuentes Fidedignas\" \/>\n<meta property=\"article:publisher\" content=\"https:\/\/www.facebook.com\/Fuentes-Fidedignas-368234489921644\" \/>\n<meta property=\"article:published_time\" content=\"2024-04-10T01:29:43+00:00\" \/>\n<meta property=\"article:modified_time\" content=\"2024-04-10T01:31:15+00:00\" \/>\n<meta property=\"og:image\" content=\"https:\/\/fuentesfidedignas.com.mx\/wp-content\/uploads\/2024\/02\/SARAMPION.jpg\" \/>\n\t<meta property=\"og:image:width\" content=\"900\" \/>\n\t<meta property=\"og:image:height\" content=\"528\" \/>\n\t<meta property=\"og:image:type\" content=\"image\/jpeg\" \/>\n<meta name=\"author\" content=\"L\u00f3pez D\u00f3riga\" \/>\n<meta name=\"twitter:card\" content=\"summary_large_image\" \/>\n<meta name=\"twitter:creator\" content=\"@fidedignas\" \/>\n<meta name=\"twitter:site\" content=\"@fidedignas\" \/>\n<meta name=\"twitter:label1\" content=\"Escrito por\" \/>\n\t<meta name=\"twitter:data1\" content=\"L\u00f3pez D\u00f3riga\" \/>\n\t<meta name=\"twitter:label2\" content=\"Tiempo de lectura\" \/>\n\t<meta name=\"twitter:data2\" content=\"4 minutos\" \/>\n<script type=\"application\/ld+json\" class=\"yoast-schema-graph\">{\"@context\":\"https:\\\/\\\/schema.org\",\"@graph\":[{\"@type\":\"Article\",\"@id\":\"https:\\\/\\\/fuentesfidedignas.com.mx\\\/index.php\\\/2024\\\/04\\\/09\\\/mexico-emite-nuevo-aviso-epidemiologico-por-sarampion\\\/#article\",\"isPartOf\":{\"@id\":\"https:\\\/\\\/fuentesfidedignas.com.mx\\\/index.php\\\/2024\\\/04\\\/09\\\/mexico-emite-nuevo-aviso-epidemiologico-por-sarampion\\\/\"},\"author\":{\"name\":\"L\u00f3pez D\u00f3riga\",\"@id\":\"https:\\\/\\\/fuentesfidedignas.com.mx\\\/#\\\/schema\\\/person\\\/67d852f0557c8509146a4b9ddebd543a\"},\"headline\":\"M\u00e9xico emite nuevo aviso epidemiol\u00f3gico por sarampi\u00f3n\",\"datePublished\":\"2024-04-10T01:29:43+00:00\",\"dateModified\":\"2024-04-10T01:31:15+00:00\",\"mainEntityOfPage\":{\"@id\":\"https:\\\/\\\/fuentesfidedignas.com.mx\\\/index.php\\\/2024\\\/04\\\/09\\\/mexico-emite-nuevo-aviso-epidemiologico-por-sarampion\\\/\"},\"wordCount\":771,\"commentCount\":0,\"publisher\":{\"@id\":\"https:\\\/\\\/fuentesfidedignas.com.mx\\\/#organization\"},\"image\":{\"@id\":\"https:\\\/\\\/fuentesfidedignas.com.mx\\\/index.php\\\/2024\\\/04\\\/09\\\/mexico-emite-nuevo-aviso-epidemiologico-por-sarampion\\\/#primaryimage\"},\"thumbnailUrl\":\"https:\\\/\\\/fuentesfidedignas.com.mx\\\/wp-content\\\/uploads\\\/2024\\\/02\\\/SARAMPION.jpg\",\"articleSection\":[\"NOTICIAS NACIONALES\"],\"inLanguage\":\"es\",\"potentialAction\":[{\"@type\":\"CommentAction\",\"name\":\"Comment\",\"target\":[\"https:\\\/\\\/fuentesfidedignas.com.mx\\\/index.php\\\/2024\\\/04\\\/09\\\/mexico-emite-nuevo-aviso-epidemiologico-por-sarampion\\\/#respond\"]}]},{\"@type\":\"WebPage\",\"@id\":\"https:\\\/\\\/fuentesfidedignas.com.mx\\\/index.php\\\/2024\\\/04\\\/09\\\/mexico-emite-nuevo-aviso-epidemiologico-por-sarampion\\\/\",\"url\":\"https:\\\/\\\/fuentesfidedignas.com.mx\\\/index.php\\\/2024\\\/04\\\/09\\\/mexico-emite-nuevo-aviso-epidemiologico-por-sarampion\\\/\",\"name\":\"M\u00e9xico emite nuevo aviso epidemiol\u00f3gico por sarampi\u00f3n - Fuentes Fidedignas\",\"isPartOf\":{\"@id\":\"https:\\\/\\\/fuentesfidedignas.com.mx\\\/#website\"},\"primaryImageOfPage\":{\"@id\":\"https:\\\/\\\/fuentesfidedignas.com.mx\\\/index.php\\\/2024\\\/04\\\/09\\\/mexico-emite-nuevo-aviso-epidemiologico-por-sarampion\\\/#primaryimage\"},\"image\":{\"@id\":\"https:\\\/\\\/fuentesfidedignas.com.mx\\\/index.php\\\/2024\\\/04\\\/09\\\/mexico-emite-nuevo-aviso-epidemiologico-por-sarampion\\\/#primaryimage\"},\"thumbnailUrl\":\"https:\\\/\\\/fuentesfidedignas.com.mx\\\/wp-content\\\/uploads\\\/2024\\\/02\\\/SARAMPION.jpg\",\"datePublished\":\"2024-04-10T01:29:43+00:00\",\"dateModified\":\"2024-04-10T01:31:15+00:00\",\"breadcrumb\":{\"@id\":\"https:\\\/\\\/fuentesfidedignas.com.mx\\\/index.php\\\/2024\\\/04\\\/09\\\/mexico-emite-nuevo-aviso-epidemiologico-por-sarampion\\\/#breadcrumb\"},\"inLanguage\":\"es\",\"potentialAction\":[{\"@type\":\"ReadAction\",\"target\":[\"https:\\\/\\\/fuentesfidedignas.com.mx\\\/index.php\\\/2024\\\/04\\\/09\\\/mexico-emite-nuevo-aviso-epidemiologico-por-sarampion\\\/\"]}]},{\"@type\":\"ImageObject\",\"inLanguage\":\"es\",\"@id\":\"https:\\\/\\\/fuentesfidedignas.com.mx\\\/index.php\\\/2024\\\/04\\\/09\\\/mexico-emite-nuevo-aviso-epidemiologico-por-sarampion\\\/#primaryimage\",\"url\":\"https:\\\/\\\/fuentesfidedignas.com.mx\\\/wp-content\\\/uploads\\\/2024\\\/02\\\/SARAMPION.jpg\",\"contentUrl\":\"https:\\\/\\\/fuentesfidedignas.com.mx\\\/wp-content\\\/uploads\\\/2024\\\/02\\\/SARAMPION.jpg\",\"width\":900,\"height\":528},{\"@type\":\"BreadcrumbList\",\"@id\":\"https:\\\/\\\/fuentesfidedignas.com.mx\\\/index.php\\\/2024\\\/04\\\/09\\\/mexico-emite-nuevo-aviso-epidemiologico-por-sarampion\\\/#breadcrumb\",\"itemListElement\":[{\"@type\":\"ListItem\",\"position\":1,\"name\":\"Inicio\",\"item\":\"https:\\\/\\\/fuentesfidedignas.com.mx\\\/\"},{\"@type\":\"ListItem\",\"position\":2,\"name\":\"M\u00e9xico emite nuevo aviso epidemiol\u00f3gico por sarampi\u00f3n\"}]},{\"@type\":\"WebSite\",\"@id\":\"https:\\\/\\\/fuentesfidedignas.com.mx\\\/#website\",\"url\":\"https:\\\/\\\/fuentesfidedignas.com.mx\\\/\",\"name\":\"Fuentes Fidedignas\",\"description\":\"Otro sitio realizado con WordPress\",\"publisher\":{\"@id\":\"https:\\\/\\\/fuentesfidedignas.com.mx\\\/#organization\"},\"potentialAction\":[{\"@type\":\"SearchAction\",\"target\":{\"@type\":\"EntryPoint\",\"urlTemplate\":\"https:\\\/\\\/fuentesfidedignas.com.mx\\\/?s={search_term_string}\"},\"query-input\":{\"@type\":\"PropertyValueSpecification\",\"valueRequired\":true,\"valueName\":\"search_term_string\"}}],\"inLanguage\":\"es\"},{\"@type\":\"Organization\",\"@id\":\"https:\\\/\\\/fuentesfidedignas.com.mx\\\/#organization\",\"name\":\"Fuentes Fidedignas\",\"url\":\"https:\\\/\\\/fuentesfidedignas.com.mx\\\/\",\"logo\":{\"@type\":\"ImageObject\",\"inLanguage\":\"es\",\"@id\":\"https:\\\/\\\/fuentesfidedignas.com.mx\\\/#\\\/schema\\\/logo\\\/image\\\/\",\"url\":\"https:\\\/\\\/fuentesfidedignas.com.mx\\\/wp-content\\\/uploads\\\/2021\\\/04\\\/logo-retina.png\",\"contentUrl\":\"https:\\\/\\\/fuentesfidedignas.com.mx\\\/wp-content\\\/uploads\\\/2021\\\/04\\\/logo-retina.png\",\"width\":280,\"height\":51,\"caption\":\"Fuentes Fidedignas\"},\"image\":{\"@id\":\"https:\\\/\\\/fuentesfidedignas.com.mx\\\/#\\\/schema\\\/logo\\\/image\\\/\"},\"sameAs\":[\"https:\\\/\\\/www.facebook.com\\\/Fuentes-Fidedignas-368234489921644\",\"https:\\\/\\\/x.com\\\/fidedignas\"]},{\"@type\":\"Person\",\"@id\":\"https:\\\/\\\/fuentesfidedignas.com.mx\\\/#\\\/schema\\\/person\\\/67d852f0557c8509146a4b9ddebd543a\",\"name\":\"L\u00f3pez D\u00f3riga\",\"image\":{\"@type\":\"ImageObject\",\"inLanguage\":\"es\",\"@id\":\"https:\\\/\\\/secure.gravatar.com\\\/avatar\\\/e525b06574ca18b33cded59dfe5778d6c823b9513154eff47da551b0551bdd1e?s=96&d=mm&r=g\",\"url\":\"https:\\\/\\\/secure.gravatar.com\\\/avatar\\\/e525b06574ca18b33cded59dfe5778d6c823b9513154eff47da551b0551bdd1e?s=96&d=mm&r=g\",\"contentUrl\":\"https:\\\/\\\/secure.gravatar.com\\\/avatar\\\/e525b06574ca18b33cded59dfe5778d6c823b9513154eff47da551b0551bdd1e?s=96&d=mm&r=g\",\"caption\":\"L\u00f3pez D\u00f3riga\"},\"url\":\"https:\\\/\\\/fuentesfidedignas.com.mx\\\/index.php\\\/author\\\/doriga\\\/\"}]}<\/script>\n<!-- \/ Yoast SEO plugin. -->","yoast_head_json":{"title":"M\u00e9xico emite nuevo aviso epidemiol\u00f3gico por sarampi\u00f3n - Fuentes Fidedignas","robots":{"index":"index","follow":"follow","max-snippet":"max-snippet:-1","max-image-preview":"max-image-preview:large","max-video-preview":"max-video-preview:-1"},"canonical":"https:\/\/fuentesfidedignas.com.mx\/index.php\/2024\/04\/09\/mexico-emite-nuevo-aviso-epidemiologico-por-sarampion\/","og_locale":"es_MX","og_type":"article","og_title":"M\u00e9xico emite nuevo aviso epidemiol\u00f3gico por sarampi\u00f3n - Fuentes Fidedignas","og_description":"En M\u00e9xico, en el 2024 y hasta la semana 13, se han notificado un total de 859 casos probables de sarampi\u00f3n o rub\u00e9ola, es decir, sospechosos y sujetos a an\u00e1lisis La Secretar\u00eda de Salud, a trav\u00e9s del Comit\u00e9 Nacional para la Vigilancia Epidemiol\u00f3gica (Conave), emiti\u00f3 este martes un nuevo aviso para todas las unidades m\u00e9dicas [&hellip;]","og_url":"https:\/\/fuentesfidedignas.com.mx\/index.php\/2024\/04\/09\/mexico-emite-nuevo-aviso-epidemiologico-por-sarampion\/","og_site_name":"Fuentes Fidedignas","article_publisher":"https:\/\/www.facebook.com\/Fuentes-Fidedignas-368234489921644","article_published_time":"2024-04-10T01:29:43+00:00","article_modified_time":"2024-04-10T01:31:15+00:00","og_image":[{"width":900,"height":528,"url":"https:\/\/fuentesfidedignas.com.mx\/wp-content\/uploads\/2024\/02\/SARAMPION.jpg","type":"image\/jpeg"}],"author":"L\u00f3pez D\u00f3riga","twitter_card":"summary_large_image","twitter_creator":"@fidedignas","twitter_site":"@fidedignas","twitter_misc":{"Escrito por":"L\u00f3pez D\u00f3riga","Tiempo de lectura":"4 minutos"},"schema":{"@context":"https:\/\/schema.org","@graph":[{"@type":"Article","@id":"https:\/\/fuentesfidedignas.com.mx\/index.php\/2024\/04\/09\/mexico-emite-nuevo-aviso-epidemiologico-por-sarampion\/#article","isPartOf":{"@id":"https:\/\/fuentesfidedignas.com.mx\/index.php\/2024\/04\/09\/mexico-emite-nuevo-aviso-epidemiologico-por-sarampion\/"},"author":{"name":"L\u00f3pez D\u00f3riga","@id":"https:\/\/fuentesfidedignas.com.mx\/#\/schema\/person\/67d852f0557c8509146a4b9ddebd543a"},"headline":"M\u00e9xico emite nuevo aviso epidemiol\u00f3gico por sarampi\u00f3n","datePublished":"2024-04-10T01:29:43+00:00","dateModified":"2024-04-10T01:31:15+00:00","mainEntityOfPage":{"@id":"https:\/\/fuentesfidedignas.com.mx\/index.php\/2024\/04\/09\/mexico-emite-nuevo-aviso-epidemiologico-por-sarampion\/"},"wordCount":771,"commentCount":0,"publisher":{"@id":"https:\/\/fuentesfidedignas.com.mx\/#organization"},"image":{"@id":"https:\/\/fuentesfidedignas.com.mx\/index.php\/2024\/04\/09\/mexico-emite-nuevo-aviso-epidemiologico-por-sarampion\/#primaryimage"},"thumbnailUrl":"https:\/\/fuentesfidedignas.com.mx\/wp-content\/uploads\/2024\/02\/SARAMPION.jpg","articleSection":["NOTICIAS NACIONALES"],"inLanguage":"es","potentialAction":[{"@type":"CommentAction","name":"Comment","target":["https:\/\/fuentesfidedignas.com.mx\/index.php\/2024\/04\/09\/mexico-emite-nuevo-aviso-epidemiologico-por-sarampion\/#respond"]}]},{"@type":"WebPage","@id":"https:\/\/fuentesfidedignas.com.mx\/index.php\/2024\/04\/09\/mexico-emite-nuevo-aviso-epidemiologico-por-sarampion\/","url":"https:\/\/fuentesfidedignas.com.mx\/index.php\/2024\/04\/09\/mexico-emite-nuevo-aviso-epidemiologico-por-sarampion\/","name":"M\u00e9xico emite nuevo aviso epidemiol\u00f3gico por sarampi\u00f3n - Fuentes Fidedignas","isPartOf":{"@id":"https:\/\/fuentesfidedignas.com.mx\/#website"},"primaryImageOfPage":{"@id":"https:\/\/fuentesfidedignas.com.mx\/index.php\/2024\/04\/09\/mexico-emite-nuevo-aviso-epidemiologico-por-sarampion\/#primaryimage"},"image":{"@id":"https:\/\/fuentesfidedignas.com.mx\/index.php\/2024\/04\/09\/mexico-emite-nuevo-aviso-epidemiologico-por-sarampion\/#primaryimage"},"thumbnailUrl":"https:\/\/fuentesfidedignas.com.mx\/wp-content\/uploads\/2024\/02\/SARAMPION.jpg","datePublished":"2024-04-10T01:29:43+00:00","dateModified":"2024-04-10T01:31:15+00:00","breadcrumb":{"@id":"https:\/\/fuentesfidedignas.com.mx\/index.php\/2024\/04\/09\/mexico-emite-nuevo-aviso-epidemiologico-por-sarampion\/#breadcrumb"},"inLanguage":"es","potentialAction":[{"@type":"ReadAction","target":["https:\/\/fuentesfidedignas.com.mx\/index.php\/2024\/04\/09\/mexico-emite-nuevo-aviso-epidemiologico-por-sarampion\/"]}]},{"@type":"ImageObject","inLanguage":"es","@id":"https:\/\/fuentesfidedignas.com.mx\/index.php\/2024\/04\/09\/mexico-emite-nuevo-aviso-epidemiologico-por-sarampion\/#primaryimage","url":"https:\/\/fuentesfidedignas.com.mx\/wp-content\/uploads\/2024\/02\/SARAMPION.jpg","contentUrl":"https:\/\/fuentesfidedignas.com.mx\/wp-content\/uploads\/2024\/02\/SARAMPION.jpg","width":900,"height":528},{"@type":"BreadcrumbList","@id":"https:\/\/fuentesfidedignas.com.mx\/index.php\/2024\/04\/09\/mexico-emite-nuevo-aviso-epidemiologico-por-sarampion\/#breadcrumb","itemListElement":[{"@type":"ListItem","position":1,"name":"Inicio","item":"https:\/\/fuentesfidedignas.com.mx\/"},{"@type":"ListItem","position":2,"name":"M\u00e9xico emite nuevo aviso epidemiol\u00f3gico por sarampi\u00f3n"}]},{"@type":"WebSite","@id":"https:\/\/fuentesfidedignas.com.mx\/#website","url":"https:\/\/fuentesfidedignas.com.mx\/","name":"Fuentes Fidedignas","description":"Otro sitio realizado con WordPress","publisher":{"@id":"https:\/\/fuentesfidedignas.com.mx\/#organization"},"potentialAction":[{"@type":"SearchAction","target":{"@type":"EntryPoint","urlTemplate":"https:\/\/fuentesfidedignas.com.mx\/?s={search_term_string}"},"query-input":{"@type":"PropertyValueSpecification","valueRequired":true,"valueName":"search_term_string"}}],"inLanguage":"es"},{"@type":"Organization","@id":"https:\/\/fuentesfidedignas.com.mx\/#organization","name":"Fuentes Fidedignas","url":"https:\/\/fuentesfidedignas.com.mx\/","logo":{"@type":"ImageObject","inLanguage":"es","@id":"https:\/\/fuentesfidedignas.com.mx\/#\/schema\/logo\/image\/","url":"https:\/\/fuentesfidedignas.com.mx\/wp-content\/uploads\/2021\/04\/logo-retina.png","contentUrl":"https:\/\/fuentesfidedignas.com.mx\/wp-content\/uploads\/2021\/04\/logo-retina.png","width":280,"height":51,"caption":"Fuentes Fidedignas"},"image":{"@id":"https:\/\/fuentesfidedignas.com.mx\/#\/schema\/logo\/image\/"},"sameAs":["https:\/\/www.facebook.com\/Fuentes-Fidedignas-368234489921644","https:\/\/x.com\/fidedignas"]},{"@type":"Person","@id":"https:\/\/fuentesfidedignas.com.mx\/#\/schema\/person\/67d852f0557c8509146a4b9ddebd543a","name":"L\u00f3pez D\u00f3riga","image":{"@type":"ImageObject","inLanguage":"es","@id":"https:\/\/secure.gravatar.com\/avatar\/e525b06574ca18b33cded59dfe5778d6c823b9513154eff47da551b0551bdd1e?s=96&d=mm&r=g","url":"https:\/\/secure.gravatar.com\/avatar\/e525b06574ca18b33cded59dfe5778d6c823b9513154eff47da551b0551bdd1e?s=96&d=mm&r=g","contentUrl":"https:\/\/secure.gravatar.com\/avatar\/e525b06574ca18b33cded59dfe5778d6c823b9513154eff47da551b0551bdd1e?s=96&d=mm&r=g","caption":"L\u00f3pez D\u00f3riga"},"url":"https:\/\/fuentesfidedignas.com.mx\/index.php\/author\/doriga\/"}]}},"_links":{"self":[{"href":"https:\/\/fuentesfidedignas.com.mx\/index.php\/wp-json\/wp\/v2\/posts\/78925","targetHints":{"allow":["GET"]}}],"collection":[{"href":"https:\/\/fuentesfidedignas.com.mx\/index.php\/wp-json\/wp\/v2\/posts"}],"about":[{"href":"https:\/\/fuentesfidedignas.com.mx\/index.php\/wp-json\/wp\/v2\/types\/post"}],"author":[{"embeddable":true,"href":"https:\/\/fuentesfidedignas.com.mx\/index.php\/wp-json\/wp\/v2\/users\/47"}],"replies":[{"embeddable":true,"href":"https:\/\/fuentesfidedignas.com.mx\/index.php\/wp-json\/wp\/v2\/comments?post=78925"}],"version-history":[{"count":3,"href":"https:\/\/fuentesfidedignas.com.mx\/index.php\/wp-json\/wp\/v2\/posts\/78925\/revisions"}],"predecessor-version":[{"id":78931,"href":"https:\/\/fuentesfidedignas.com.mx\/index.php\/wp-json\/wp\/v2\/posts\/78925\/revisions\/78931"}],"wp:featuredmedia":[{"embeddable":true,"href":"https:\/\/fuentesfidedignas.com.mx\/index.php\/wp-json\/wp\/v2\/media\/73448"}],"wp:attachment":[{"href":"https:\/\/fuentesfidedignas.com.mx\/index.php\/wp-json\/wp\/v2\/media?parent=78925"}],"wp:term":[{"taxonomy":"category","embeddable":true,"href":"https:\/\/fuentesfidedignas.com.mx\/index.php\/wp-json\/wp\/v2\/categories?post=78925"},{"taxonomy":"post_tag","embeddable":true,"href":"https:\/\/fuentesfidedignas.com.mx\/index.php\/wp-json\/wp\/v2\/tags?post=78925"}],"curies":[{"name":"wp","href":"https:\/\/api.w.org\/{rel}","templated":true}]}}