{"id":78922,"date":"2024-04-09T18:00:42","date_gmt":"2024-04-10T01:00:42","guid":{"rendered":"https:\/\/fuentesfidedignas.com.mx\/?p=78922"},"modified":"2024-04-09T18:00:42","modified_gmt":"2024-04-10T01:00:42","slug":"este-miercoles-en-la-uas-pone-en-marcha-la-universiada-regional-2024","status":"publish","type":"post","link":"https:\/\/fuentesfidedignas.com.mx\/index.php\/2024\/04\/09\/este-miercoles-en-la-uas-pone-en-marcha-la-universiada-regional-2024\/","title":{"rendered":"Este mi\u00e9rcoles en la UAS pone en marcha la Universiada Regional 2024"},"content":{"rendered":"\n<p><strong><em>Cerca de 2 mil atletas entran en competencia este mi\u00e9rcoles y hasta el 20 de abril con el objetivo de obtener los boletos que dan el derecho de participar en la Universiada Nacional que este a\u00f1o ser\u00e1 en Aguascalientes.<\/em><\/strong><\/p>\n\n\n\n<p>Culiac\u00e1n, Sin.- Con ceremonia inaugural este mi\u00e9rcoles a las 9 horas en el polideportivo de la UAS, Jes\u00fas Alfredo Cu\u00e9n Ojeda, se pondr\u00e1 en marcha la Universiada Regional 2024 de la regi\u00f3n tres que comprende los estados de Baja California Sur, Baja California, Sonora y Sinaloa.<\/p>\n\n\n\n<p>Cerca de 2 mil atletas entran en competencia este mi\u00e9rcoles y hasta el 20 de abril con el objetivo de obtener los boletos que dan el derecho de participar en la Universiada Nacional que este a\u00f1o ser\u00e1 en Aguascalientes.<\/p>\n\n\n\n<p>La Universidad Aut\u00f3noma de Sinaloa ser\u00e1 sede de 7 disciplinas deportivas: Taekwondo, TKD Poomsae, Futbol r\u00e1pido, Voleibol de sala, baloncesto, tiro con arco y judo.<\/p>\n\n\n\n<p>\u201cLes damos la bienvenida a todas las delegaciones hermanas. Tengan la seguridad que ser\u00e1n bien atendidas y atendidos. Las distintas comisiones (alimentaci\u00f3n, traslados, hospedajes, hidrataci\u00f3n, atenci\u00f3n m\u00e9dica) y sus responsables a quienes agradezco su decidida y valiosa colaboraci\u00f3n, han estado trabajando arduamente para ofrecerles esa atenci\u00f3n\u201d.<\/p>\n\n\n\n<p>\u201cAdem\u00e1s que esa fue la instrucci\u00f3n que recibimos por parte del rector titular, doctor Jes\u00fas Madue\u00f1a Molina, atender a los visitantes, poner en alto el nombre de la UAS. Por ello le reiteramos el agradecimiento a nuestra m\u00e1xima autoridad en la UAS por ese respaldo que le ha brindado al deporte\u201d, declar\u00f3 el director de Deportes UAS, Gilberto Berrelleza Reyes.<\/p>\n\n\n\n<p>Del 9 al 11 la actividad se va a desarrollar en Culiac\u00e1n. Voleibol de sala femenil y varonil, futbol r\u00e1pido, varonil y femenil en Ciudad Universitaria; baloncesto en el Centro de Alto Rendimiento Mar\u00eda del Rosario Espinoza y en la UAS; taekwondo en el gimnasio de la UAS \u201cRa\u00fal Gonz\u00e1lez\u201d, frente a la Isla de Orab\u00e1, mientras que judo y tiro con arco en el CAR.<\/p>\n\n\n\n<p>La Universiada Regional de la regi\u00f3n 3, se va trasladar del 12 al 14 en Ciudad Obreg\u00f3n, del 15 al 17 en Mexicali y de nuevo para cerrar del 18 al 20 en Ciudad Obreg\u00f3n.<\/p>\n\n\n\n<p>Atletismo, ajedrez, softbol, beisbol, futbol, fut barda, voly de playa, lucha, handball, basket 3&#215;3, tenis, tenis de mesa, karate, tochito, halterofilia y boxeo, ser\u00e1n en Mexicali y Obreg\u00f3n.<\/p>\n\n\n\n<p>Esgrima, Escalada, gimnasia aer\u00f3bica, rugby, b\u00e1dminton, triatl\u00f3n y los E-games van directo a la Universiada Nacional.<\/p>\n","protected":false},"excerpt":{"rendered":"<p>Cerca de 2 mil atletas entran en competencia este mi\u00e9rcoles y hasta el 20 de abril con el objetivo de obtener los boletos que dan el derecho de participar en la Universiada Nacional que este a\u00f1o ser\u00e1 en Aguascalientes. Culiac\u00e1n, Sin.- Con ceremonia inaugural este mi\u00e9rcoles a las 9 horas en el polideportivo de la [&hellip;]<\/p>\n","protected":false},"author":4,"featured_media":78923,"comment_status":"open","ping_status":"open","sticky":false,"template":"","format":"standard","meta":{"tdm_status":"","tdm_grid_status":"","footnotes":""},"categories":[1],"tags":[],"class_list":{"0":"post-78922","1":"post","2":"type-post","3":"status-publish","4":"format-standard","5":"has-post-thumbnail","7":"category-sin-categoria"},"yoast_head":"<!-- This site is optimized with the Yoast SEO plugin v27.5 - https:\/\/yoast.com\/product\/yoast-seo-wordpress\/ -->\n<title>Este mi\u00e9rcoles en la UAS pone en marcha la Universiada Regional 2024 - Fuentes Fidedignas<\/title>\n<meta name=\"robots\" content=\"index, follow, max-snippet:-1, max-image-preview:large, max-video-preview:-1\" \/>\n<link rel=\"canonical\" href=\"https:\/\/fuentesfidedignas.com.mx\/index.php\/2024\/04\/09\/este-miercoles-en-la-uas-pone-en-marcha-la-universiada-regional-2024\/\" \/>\n<meta property=\"og:locale\" content=\"es_MX\" \/>\n<meta property=\"og:type\" content=\"article\" \/>\n<meta property=\"og:title\" content=\"Este mi\u00e9rcoles en la UAS pone en marcha la Universiada Regional 2024 - Fuentes Fidedignas\" \/>\n<meta property=\"og:description\" content=\"Cerca de 2 mil atletas entran en competencia este mi\u00e9rcoles y hasta el 20 de abril con el objetivo de obtener los boletos que dan el derecho de participar en la Universiada Nacional que este a\u00f1o ser\u00e1 en Aguascalientes. Culiac\u00e1n, Sin.- Con ceremonia inaugural este mi\u00e9rcoles a las 9 horas en el polideportivo de la [&hellip;]\" \/>\n<meta property=\"og:url\" content=\"https:\/\/fuentesfidedignas.com.mx\/index.php\/2024\/04\/09\/este-miercoles-en-la-uas-pone-en-marcha-la-universiada-regional-2024\/\" \/>\n<meta property=\"og:site_name\" content=\"Fuentes Fidedignas\" \/>\n<meta property=\"article:publisher\" content=\"https:\/\/www.facebook.com\/Fuentes-Fidedignas-368234489921644\" \/>\n<meta property=\"article:published_time\" content=\"2024-04-10T01:00:42+00:00\" \/>\n<meta property=\"og:image\" content=\"https:\/\/fuentesfidedignas.com.mx\/wp-content\/uploads\/2024\/04\/deporte-voli-uas.jpg\" \/>\n\t<meta property=\"og:image:width\" content=\"600\" \/>\n\t<meta property=\"og:image:height\" content=\"399\" \/>\n\t<meta property=\"og:image:type\" content=\"image\/jpeg\" \/>\n<meta name=\"author\" content=\"Redacci\u00f3n\" \/>\n<meta name=\"twitter:card\" content=\"summary_large_image\" \/>\n<meta name=\"twitter:creator\" content=\"@fidedignas\" \/>\n<meta name=\"twitter:site\" content=\"@fidedignas\" \/>\n<meta name=\"twitter:label1\" content=\"Escrito por\" \/>\n\t<meta name=\"twitter:data1\" content=\"Redacci\u00f3n\" \/>\n\t<meta name=\"twitter:label2\" content=\"Tiempo de lectura\" \/>\n\t<meta name=\"twitter:data2\" content=\"2 minutos\" \/>\n<script type=\"application\/ld+json\" class=\"yoast-schema-graph\">{\"@context\":\"https:\\\/\\\/schema.org\",\"@graph\":[{\"@type\":\"Article\",\"@id\":\"https:\\\/\\\/fuentesfidedignas.com.mx\\\/index.php\\\/2024\\\/04\\\/09\\\/este-miercoles-en-la-uas-pone-en-marcha-la-universiada-regional-2024\\\/#article\",\"isPartOf\":{\"@id\":\"https:\\\/\\\/fuentesfidedignas.com.mx\\\/index.php\\\/2024\\\/04\\\/09\\\/este-miercoles-en-la-uas-pone-en-marcha-la-universiada-regional-2024\\\/\"},\"author\":{\"name\":\"Redacci\u00f3n\",\"@id\":\"https:\\\/\\\/fuentesfidedignas.com.mx\\\/#\\\/schema\\\/person\\\/331be9283d37198e2acd5750279085b0\"},\"headline\":\"Este mi\u00e9rcoles en la UAS pone en marcha la Universiada Regional 2024\",\"datePublished\":\"2024-04-10T01:00:42+00:00\",\"mainEntityOfPage\":{\"@id\":\"https:\\\/\\\/fuentesfidedignas.com.mx\\\/index.php\\\/2024\\\/04\\\/09\\\/este-miercoles-en-la-uas-pone-en-marcha-la-universiada-regional-2024\\\/\"},\"wordCount\":433,\"commentCount\":0,\"publisher\":{\"@id\":\"https:\\\/\\\/fuentesfidedignas.com.mx\\\/#organization\"},\"image\":{\"@id\":\"https:\\\/\\\/fuentesfidedignas.com.mx\\\/index.php\\\/2024\\\/04\\\/09\\\/este-miercoles-en-la-uas-pone-en-marcha-la-universiada-regional-2024\\\/#primaryimage\"},\"thumbnailUrl\":\"https:\\\/\\\/fuentesfidedignas.com.mx\\\/wp-content\\\/uploads\\\/2024\\\/04\\\/deporte-voli-uas.jpg\",\"inLanguage\":\"es\",\"potentialAction\":[{\"@type\":\"CommentAction\",\"name\":\"Comment\",\"target\":[\"https:\\\/\\\/fuentesfidedignas.com.mx\\\/index.php\\\/2024\\\/04\\\/09\\\/este-miercoles-en-la-uas-pone-en-marcha-la-universiada-regional-2024\\\/#respond\"]}]},{\"@type\":\"WebPage\",\"@id\":\"https:\\\/\\\/fuentesfidedignas.com.mx\\\/index.php\\\/2024\\\/04\\\/09\\\/este-miercoles-en-la-uas-pone-en-marcha-la-universiada-regional-2024\\\/\",\"url\":\"https:\\\/\\\/fuentesfidedignas.com.mx\\\/index.php\\\/2024\\\/04\\\/09\\\/este-miercoles-en-la-uas-pone-en-marcha-la-universiada-regional-2024\\\/\",\"name\":\"Este mi\u00e9rcoles en la UAS pone en marcha la Universiada Regional 2024 - Fuentes Fidedignas\",\"isPartOf\":{\"@id\":\"https:\\\/\\\/fuentesfidedignas.com.mx\\\/#website\"},\"primaryImageOfPage\":{\"@id\":\"https:\\\/\\\/fuentesfidedignas.com.mx\\\/index.php\\\/2024\\\/04\\\/09\\\/este-miercoles-en-la-uas-pone-en-marcha-la-universiada-regional-2024\\\/#primaryimage\"},\"image\":{\"@id\":\"https:\\\/\\\/fuentesfidedignas.com.mx\\\/index.php\\\/2024\\\/04\\\/09\\\/este-miercoles-en-la-uas-pone-en-marcha-la-universiada-regional-2024\\\/#primaryimage\"},\"thumbnailUrl\":\"https:\\\/\\\/fuentesfidedignas.com.mx\\\/wp-content\\\/uploads\\\/2024\\\/04\\\/deporte-voli-uas.jpg\",\"datePublished\":\"2024-04-10T01:00:42+00:00\",\"breadcrumb\":{\"@id\":\"https:\\\/\\\/fuentesfidedignas.com.mx\\\/index.php\\\/2024\\\/04\\\/09\\\/este-miercoles-en-la-uas-pone-en-marcha-la-universiada-regional-2024\\\/#breadcrumb\"},\"inLanguage\":\"es\",\"potentialAction\":[{\"@type\":\"ReadAction\",\"target\":[\"https:\\\/\\\/fuentesfidedignas.com.mx\\\/index.php\\\/2024\\\/04\\\/09\\\/este-miercoles-en-la-uas-pone-en-marcha-la-universiada-regional-2024\\\/\"]}]},{\"@type\":\"ImageObject\",\"inLanguage\":\"es\",\"@id\":\"https:\\\/\\\/fuentesfidedignas.com.mx\\\/index.php\\\/2024\\\/04\\\/09\\\/este-miercoles-en-la-uas-pone-en-marcha-la-universiada-regional-2024\\\/#primaryimage\",\"url\":\"https:\\\/\\\/fuentesfidedignas.com.mx\\\/wp-content\\\/uploads\\\/2024\\\/04\\\/deporte-voli-uas.jpg\",\"contentUrl\":\"https:\\\/\\\/fuentesfidedignas.com.mx\\\/wp-content\\\/uploads\\\/2024\\\/04\\\/deporte-voli-uas.jpg\",\"width\":600,\"height\":399},{\"@type\":\"BreadcrumbList\",\"@id\":\"https:\\\/\\\/fuentesfidedignas.com.mx\\\/index.php\\\/2024\\\/04\\\/09\\\/este-miercoles-en-la-uas-pone-en-marcha-la-universiada-regional-2024\\\/#breadcrumb\",\"itemListElement\":[{\"@type\":\"ListItem\",\"position\":1,\"name\":\"Inicio\",\"item\":\"https:\\\/\\\/fuentesfidedignas.com.mx\\\/\"},{\"@type\":\"ListItem\",\"position\":2,\"name\":\"Este mi\u00e9rcoles en la UAS pone en marcha la Universiada Regional 2024\"}]},{\"@type\":\"WebSite\",\"@id\":\"https:\\\/\\\/fuentesfidedignas.com.mx\\\/#website\",\"url\":\"https:\\\/\\\/fuentesfidedignas.com.mx\\\/\",\"name\":\"Fuentes Fidedignas\",\"description\":\"Otro sitio realizado con WordPress\",\"publisher\":{\"@id\":\"https:\\\/\\\/fuentesfidedignas.com.mx\\\/#organization\"},\"potentialAction\":[{\"@type\":\"SearchAction\",\"target\":{\"@type\":\"EntryPoint\",\"urlTemplate\":\"https:\\\/\\\/fuentesfidedignas.com.mx\\\/?s={search_term_string}\"},\"query-input\":{\"@type\":\"PropertyValueSpecification\",\"valueRequired\":true,\"valueName\":\"search_term_string\"}}],\"inLanguage\":\"es\"},{\"@type\":\"Organization\",\"@id\":\"https:\\\/\\\/fuentesfidedignas.com.mx\\\/#organization\",\"name\":\"Fuentes Fidedignas\",\"url\":\"https:\\\/\\\/fuentesfidedignas.com.mx\\\/\",\"logo\":{\"@type\":\"ImageObject\",\"inLanguage\":\"es\",\"@id\":\"https:\\\/\\\/fuentesfidedignas.com.mx\\\/#\\\/schema\\\/logo\\\/image\\\/\",\"url\":\"https:\\\/\\\/fuentesfidedignas.com.mx\\\/wp-content\\\/uploads\\\/2021\\\/04\\\/logo-retina.png\",\"contentUrl\":\"https:\\\/\\\/fuentesfidedignas.com.mx\\\/wp-content\\\/uploads\\\/2021\\\/04\\\/logo-retina.png\",\"width\":280,\"height\":51,\"caption\":\"Fuentes Fidedignas\"},\"image\":{\"@id\":\"https:\\\/\\\/fuentesfidedignas.com.mx\\\/#\\\/schema\\\/logo\\\/image\\\/\"},\"sameAs\":[\"https:\\\/\\\/www.facebook.com\\\/Fuentes-Fidedignas-368234489921644\",\"https:\\\/\\\/x.com\\\/fidedignas\"]},{\"@type\":\"Person\",\"@id\":\"https:\\\/\\\/fuentesfidedignas.com.mx\\\/#\\\/schema\\\/person\\\/331be9283d37198e2acd5750279085b0\",\"name\":\"Redacci\u00f3n\",\"image\":{\"@type\":\"ImageObject\",\"inLanguage\":\"es\",\"@id\":\"https:\\\/\\\/secure.gravatar.com\\\/avatar\\\/f6d8782c11d12b2d4ad3fbb6931aeab5309937a4d6cd2fc9cfaa28a6396a5aec?s=96&d=mm&r=g\",\"url\":\"https:\\\/\\\/secure.gravatar.com\\\/avatar\\\/f6d8782c11d12b2d4ad3fbb6931aeab5309937a4d6cd2fc9cfaa28a6396a5aec?s=96&d=mm&r=g\",\"contentUrl\":\"https:\\\/\\\/secure.gravatar.com\\\/avatar\\\/f6d8782c11d12b2d4ad3fbb6931aeab5309937a4d6cd2fc9cfaa28a6396a5aec?s=96&d=mm&r=g\",\"caption\":\"Redacci\u00f3n\"},\"url\":\"https:\\\/\\\/fuentesfidedignas.com.mx\\\/index.php\\\/author\\\/redaccion\\\/\"}]}<\/script>\n<!-- \/ Yoast SEO plugin. -->","yoast_head_json":{"title":"Este mi\u00e9rcoles en la UAS pone en marcha la Universiada Regional 2024 - Fuentes Fidedignas","robots":{"index":"index","follow":"follow","max-snippet":"max-snippet:-1","max-image-preview":"max-image-preview:large","max-video-preview":"max-video-preview:-1"},"canonical":"https:\/\/fuentesfidedignas.com.mx\/index.php\/2024\/04\/09\/este-miercoles-en-la-uas-pone-en-marcha-la-universiada-regional-2024\/","og_locale":"es_MX","og_type":"article","og_title":"Este mi\u00e9rcoles en la UAS pone en marcha la Universiada Regional 2024 - Fuentes Fidedignas","og_description":"Cerca de 2 mil atletas entran en competencia este mi\u00e9rcoles y hasta el 20 de abril con el objetivo de obtener los boletos que dan el derecho de participar en la Universiada Nacional que este a\u00f1o ser\u00e1 en Aguascalientes. Culiac\u00e1n, Sin.- Con ceremonia inaugural este mi\u00e9rcoles a las 9 horas en el polideportivo de la [&hellip;]","og_url":"https:\/\/fuentesfidedignas.com.mx\/index.php\/2024\/04\/09\/este-miercoles-en-la-uas-pone-en-marcha-la-universiada-regional-2024\/","og_site_name":"Fuentes Fidedignas","article_publisher":"https:\/\/www.facebook.com\/Fuentes-Fidedignas-368234489921644","article_published_time":"2024-04-10T01:00:42+00:00","og_image":[{"width":600,"height":399,"url":"https:\/\/fuentesfidedignas.com.mx\/wp-content\/uploads\/2024\/04\/deporte-voli-uas.jpg","type":"image\/jpeg"}],"author":"Redacci\u00f3n","twitter_card":"summary_large_image","twitter_creator":"@fidedignas","twitter_site":"@fidedignas","twitter_misc":{"Escrito por":"Redacci\u00f3n","Tiempo de lectura":"2 minutos"},"schema":{"@context":"https:\/\/schema.org","@graph":[{"@type":"Article","@id":"https:\/\/fuentesfidedignas.com.mx\/index.php\/2024\/04\/09\/este-miercoles-en-la-uas-pone-en-marcha-la-universiada-regional-2024\/#article","isPartOf":{"@id":"https:\/\/fuentesfidedignas.com.mx\/index.php\/2024\/04\/09\/este-miercoles-en-la-uas-pone-en-marcha-la-universiada-regional-2024\/"},"author":{"name":"Redacci\u00f3n","@id":"https:\/\/fuentesfidedignas.com.mx\/#\/schema\/person\/331be9283d37198e2acd5750279085b0"},"headline":"Este mi\u00e9rcoles en la UAS pone en marcha la Universiada Regional 2024","datePublished":"2024-04-10T01:00:42+00:00","mainEntityOfPage":{"@id":"https:\/\/fuentesfidedignas.com.mx\/index.php\/2024\/04\/09\/este-miercoles-en-la-uas-pone-en-marcha-la-universiada-regional-2024\/"},"wordCount":433,"commentCount":0,"publisher":{"@id":"https:\/\/fuentesfidedignas.com.mx\/#organization"},"image":{"@id":"https:\/\/fuentesfidedignas.com.mx\/index.php\/2024\/04\/09\/este-miercoles-en-la-uas-pone-en-marcha-la-universiada-regional-2024\/#primaryimage"},"thumbnailUrl":"https:\/\/fuentesfidedignas.com.mx\/wp-content\/uploads\/2024\/04\/deporte-voli-uas.jpg","inLanguage":"es","potentialAction":[{"@type":"CommentAction","name":"Comment","target":["https:\/\/fuentesfidedignas.com.mx\/index.php\/2024\/04\/09\/este-miercoles-en-la-uas-pone-en-marcha-la-universiada-regional-2024\/#respond"]}]},{"@type":"WebPage","@id":"https:\/\/fuentesfidedignas.com.mx\/index.php\/2024\/04\/09\/este-miercoles-en-la-uas-pone-en-marcha-la-universiada-regional-2024\/","url":"https:\/\/fuentesfidedignas.com.mx\/index.php\/2024\/04\/09\/este-miercoles-en-la-uas-pone-en-marcha-la-universiada-regional-2024\/","name":"Este mi\u00e9rcoles en la UAS pone en marcha la Universiada Regional 2024 - Fuentes Fidedignas","isPartOf":{"@id":"https:\/\/fuentesfidedignas.com.mx\/#website"},"primaryImageOfPage":{"@id":"https:\/\/fuentesfidedignas.com.mx\/index.php\/2024\/04\/09\/este-miercoles-en-la-uas-pone-en-marcha-la-universiada-regional-2024\/#primaryimage"},"image":{"@id":"https:\/\/fuentesfidedignas.com.mx\/index.php\/2024\/04\/09\/este-miercoles-en-la-uas-pone-en-marcha-la-universiada-regional-2024\/#primaryimage"},"thumbnailUrl":"https:\/\/fuentesfidedignas.com.mx\/wp-content\/uploads\/2024\/04\/deporte-voli-uas.jpg","datePublished":"2024-04-10T01:00:42+00:00","breadcrumb":{"@id":"https:\/\/fuentesfidedignas.com.mx\/index.php\/2024\/04\/09\/este-miercoles-en-la-uas-pone-en-marcha-la-universiada-regional-2024\/#breadcrumb"},"inLanguage":"es","potentialAction":[{"@type":"ReadAction","target":["https:\/\/fuentesfidedignas.com.mx\/index.php\/2024\/04\/09\/este-miercoles-en-la-uas-pone-en-marcha-la-universiada-regional-2024\/"]}]},{"@type":"ImageObject","inLanguage":"es","@id":"https:\/\/fuentesfidedignas.com.mx\/index.php\/2024\/04\/09\/este-miercoles-en-la-uas-pone-en-marcha-la-universiada-regional-2024\/#primaryimage","url":"https:\/\/fuentesfidedignas.com.mx\/wp-content\/uploads\/2024\/04\/deporte-voli-uas.jpg","contentUrl":"https:\/\/fuentesfidedignas.com.mx\/wp-content\/uploads\/2024\/04\/deporte-voli-uas.jpg","width":600,"height":399},{"@type":"BreadcrumbList","@id":"https:\/\/fuentesfidedignas.com.mx\/index.php\/2024\/04\/09\/este-miercoles-en-la-uas-pone-en-marcha-la-universiada-regional-2024\/#breadcrumb","itemListElement":[{"@type":"ListItem","position":1,"name":"Inicio","item":"https:\/\/fuentesfidedignas.com.mx\/"},{"@type":"ListItem","position":2,"name":"Este mi\u00e9rcoles en la UAS pone en marcha la Universiada Regional 2024"}]},{"@type":"WebSite","@id":"https:\/\/fuentesfidedignas.com.mx\/#website","url":"https:\/\/fuentesfidedignas.com.mx\/","name":"Fuentes Fidedignas","description":"Otro sitio realizado con WordPress","publisher":{"@id":"https:\/\/fuentesfidedignas.com.mx\/#organization"},"potentialAction":[{"@type":"SearchAction","target":{"@type":"EntryPoint","urlTemplate":"https:\/\/fuentesfidedignas.com.mx\/?s={search_term_string}"},"query-input":{"@type":"PropertyValueSpecification","valueRequired":true,"valueName":"search_term_string"}}],"inLanguage":"es"},{"@type":"Organization","@id":"https:\/\/fuentesfidedignas.com.mx\/#organization","name":"Fuentes Fidedignas","url":"https:\/\/fuentesfidedignas.com.mx\/","logo":{"@type":"ImageObject","inLanguage":"es","@id":"https:\/\/fuentesfidedignas.com.mx\/#\/schema\/logo\/image\/","url":"https:\/\/fuentesfidedignas.com.mx\/wp-content\/uploads\/2021\/04\/logo-retina.png","contentUrl":"https:\/\/fuentesfidedignas.com.mx\/wp-content\/uploads\/2021\/04\/logo-retina.png","width":280,"height":51,"caption":"Fuentes Fidedignas"},"image":{"@id":"https:\/\/fuentesfidedignas.com.mx\/#\/schema\/logo\/image\/"},"sameAs":["https:\/\/www.facebook.com\/Fuentes-Fidedignas-368234489921644","https:\/\/x.com\/fidedignas"]},{"@type":"Person","@id":"https:\/\/fuentesfidedignas.com.mx\/#\/schema\/person\/331be9283d37198e2acd5750279085b0","name":"Redacci\u00f3n","image":{"@type":"ImageObject","inLanguage":"es","@id":"https:\/\/secure.gravatar.com\/avatar\/f6d8782c11d12b2d4ad3fbb6931aeab5309937a4d6cd2fc9cfaa28a6396a5aec?s=96&d=mm&r=g","url":"https:\/\/secure.gravatar.com\/avatar\/f6d8782c11d12b2d4ad3fbb6931aeab5309937a4d6cd2fc9cfaa28a6396a5aec?s=96&d=mm&r=g","contentUrl":"https:\/\/secure.gravatar.com\/avatar\/f6d8782c11d12b2d4ad3fbb6931aeab5309937a4d6cd2fc9cfaa28a6396a5aec?s=96&d=mm&r=g","caption":"Redacci\u00f3n"},"url":"https:\/\/fuentesfidedignas.com.mx\/index.php\/author\/redaccion\/"}]}},"_links":{"self":[{"href":"https:\/\/fuentesfidedignas.com.mx\/index.php\/wp-json\/wp\/v2\/posts\/78922","targetHints":{"allow":["GET"]}}],"collection":[{"href":"https:\/\/fuentesfidedignas.com.mx\/index.php\/wp-json\/wp\/v2\/posts"}],"about":[{"href":"https:\/\/fuentesfidedignas.com.mx\/index.php\/wp-json\/wp\/v2\/types\/post"}],"author":[{"embeddable":true,"href":"https:\/\/fuentesfidedignas.com.mx\/index.php\/wp-json\/wp\/v2\/users\/4"}],"replies":[{"embeddable":true,"href":"https:\/\/fuentesfidedignas.com.mx\/index.php\/wp-json\/wp\/v2\/comments?post=78922"}],"version-history":[{"count":1,"href":"https:\/\/fuentesfidedignas.com.mx\/index.php\/wp-json\/wp\/v2\/posts\/78922\/revisions"}],"predecessor-version":[{"id":78924,"href":"https:\/\/fuentesfidedignas.com.mx\/index.php\/wp-json\/wp\/v2\/posts\/78922\/revisions\/78924"}],"wp:featuredmedia":[{"embeddable":true,"href":"https:\/\/fuentesfidedignas.com.mx\/index.php\/wp-json\/wp\/v2\/media\/78923"}],"wp:attachment":[{"href":"https:\/\/fuentesfidedignas.com.mx\/index.php\/wp-json\/wp\/v2\/media?parent=78922"}],"wp:term":[{"taxonomy":"category","embeddable":true,"href":"https:\/\/fuentesfidedignas.com.mx\/index.php\/wp-json\/wp\/v2\/categories?post=78922"},{"taxonomy":"post_tag","embeddable":true,"href":"https:\/\/fuentesfidedignas.com.mx\/index.php\/wp-json\/wp\/v2\/tags?post=78922"}],"curies":[{"name":"wp","href":"https:\/\/api.w.org\/{rel}","templated":true}]}}