{"id":78894,"date":"2024-04-09T10:27:28","date_gmt":"2024-04-09T17:27:28","guid":{"rendered":"https:\/\/fuentesfidedignas.com.mx\/?p=78894"},"modified":"2024-04-09T10:27:30","modified_gmt":"2024-04-09T17:27:30","slug":"aunque-parezca-utopico-mexico-tendra-en-septiembre-el-mejor-sistema-de-salud-publica-del-mundo-amlo","status":"publish","type":"post","link":"https:\/\/fuentesfidedignas.com.mx\/index.php\/2024\/04\/09\/aunque-parezca-utopico-mexico-tendra-en-septiembre-el-mejor-sistema-de-salud-publica-del-mundo-amlo\/","title":{"rendered":"Aunque parezca ut\u00f3pico, M\u00e9xico tendr\u00e1 en septiembre el mejor sistema de salud p\u00fablica del mundo: AMLO"},"content":{"rendered":"\n<p><strong><em>El mandatario mexicano dej\u00f3 en claro que cumplir\u00e1 su compromiso de que M\u00e9xico tenga el mejor sistema de salud p\u00fablica del mundo<\/em><\/strong><\/p>\n\n\n\n<p>Ciudad de M\u00e9xico.- El presidente de M\u00e9xico,&nbsp;<strong><a href=\"https:\/\/twitter.com\/lopezobrador_\" target=\"_blank\" rel=\"noreferrer noopener\">Andr\u00e9s Manuel<\/a>&nbsp;L\u00f3pez Obrador<\/strong>, reiter\u00f3 que nuestro pa\u00eds tendr\u00e1 el \u201cmejor&nbsp;<strong>sistema de salud p\u00fablica&nbsp;<a href=\"https:\/\/lopezdoriga.com\/nacional\/sistema-salud-publica-mexico-ser-mejor-dinamarca-amlo\/\" target=\"_blank\" rel=\"noreferrer noopener\">del mundo<\/a><\/strong>\u201d antes de que concluya su Administraci\u00f3n, aunque a sus adversarios les parezca \u201c<strong>ut\u00f3pico, fantasioso<\/strong>\u201c.<\/p>\n\n\n\n<figure class=\"wp-block-embed\"><div class=\"wp-block-embed__wrapper\">\nhttps:\/\/youtube.com\/watch?v=XYZTN-udEUw%3Ffeature%3Doembed\n<\/div><\/figure>\n\n\n\n<p>Lo anterior fue detallado por el mandatario mexicano en la conferencia matutina de Palacio Nacional, donde se presentaron los avances del sistema&nbsp;<strong>IMSS-Bienestar<\/strong>, programa de salud destinado a quienes no tienen seguridad social en M\u00e9xico.<\/p>\n\n\n\n<p>\u201cDe manera conjunta hemos venido trabajando para garantizar al pueblo de M\u00e9xico el derecho a la salud, como lo establece el art\u00edculo 4d e la Constituci\u00f3n.Es todo un desaf\u00edo y decidimos aceptar el reto\u201d, manifest\u00f3.<\/p>\n\n\n\n<p>Hemos sostenido, hemos dicho de que antes de terminar nuestro mandato, esto es antes de que concluya septiembre, vamos a tener en M\u00e9xico el mejor sistema de salud p\u00fablica del mundo, aunque parezca ut\u00f3pico, incre\u00edble, fantasioso, nada de eso. Los compromisos se cumplen y vamos a tener este sistema de salud con todos los m\u00e9dicos que se necesitan\u201d, expres\u00f3.<\/p>\n\n\n\n<p>L\u00f3pez Obrador asever\u00f3 que en el mejor sistema de salud p\u00fablica del mundo se tendr\u00e1n \u201cm\u00e9dicos generales en un poco m\u00e1s de 11 mil centros de salud, en unidades m\u00e9dicas, m\u00e9dicos especialistas para la atenci\u00f3n del segundo nivel de salud, especialistas en hospitales, todos los que se requieren\u201d.<\/p>\n\n\n\n<p>\u201cEstudios en centros de salud, sobre todo en hospitales, equipos completos, modernos, intervenciones quir\u00fargicas, medicamentos, todas las medicinas que se necesiten, que se requieran cuesten lo que cuesten, con abasto suficiente. Y todo esto para atender a la poblaci\u00f3n sin seguridad social\u201d, explic\u00f3.<\/p>\n\n\n\n<p>El tabasque\u00f1o expres\u00f3 que su Gobierno va en sentido opuesto a lo que quieren adversarios, los conservadores de privatizar el sistema de salud en el pa\u00eds,<\/p>\n\n\n\n<p>\u201cQueremos que se integre todo el sector salud, porque no hay mexicanos de primera y de segunda, todos tenemos el mismo derecho a la salud\u201d, recalc\u00f3.<\/p>\n\n\n\n<p>\u201cY algo que no le gusta a los conservadores, porque vamos en direcci\u00f3n opuesta a lo que fue la pol\u00edtica neoliberal o neoporfirista. Ellos son partidarios de la privatizaci\u00f3n, es decir que los servicios de salud se cobren, que se pueda curar el que tiene dinero para pagar una consulta, para pagar una operaci\u00f3n o para comprar los medicamentos, ellos est\u00e1n por eso\u201d, puntualiz\u00f3.<\/p>\n\n\n\n<p>\u201cNo quisieran que existiera la salud p\u00fablica y nosotros sostenemos que la salud no es un privilegio, es un derecho del pueblo, nosotros somos partidarios de que el ser humano, en particular el mexicano tiene que tener seguridad social desde que nace hasta que muere, desde la cuna hasta la tumba\u201d, argument\u00f3.<\/p>\n","protected":false},"excerpt":{"rendered":"<p>El mandatario mexicano dej\u00f3 en claro que cumplir\u00e1 su compromiso de que M\u00e9xico tenga el mejor sistema de salud p\u00fablica del mundo Ciudad de M\u00e9xico.- El presidente de M\u00e9xico,&nbsp;Andr\u00e9s Manuel&nbsp;L\u00f3pez Obrador, reiter\u00f3 que nuestro pa\u00eds tendr\u00e1 el \u201cmejor&nbsp;sistema de salud p\u00fablica&nbsp;del mundo\u201d antes de que concluya su Administraci\u00f3n, aunque a sus adversarios les parezca \u201cut\u00f3pico, [&hellip;]<\/p>\n","protected":false},"author":47,"featured_media":78893,"comment_status":"open","ping_status":"open","sticky":false,"template":"","format":"standard","meta":{"tdm_status":"","tdm_grid_status":"","footnotes":""},"categories":[39],"tags":[],"class_list":{"0":"post-78894","1":"post","2":"type-post","3":"status-publish","4":"format-standard","5":"has-post-thumbnail","7":"category-noticias-nacionales"},"yoast_head":"<!-- This site is optimized with the Yoast SEO plugin v27.5 - https:\/\/yoast.com\/product\/yoast-seo-wordpress\/ -->\n<title>Aunque parezca ut\u00f3pico, M\u00e9xico tendr\u00e1 en septiembre el mejor sistema de salud p\u00fablica del mundo: AMLO - Fuentes Fidedignas<\/title>\n<meta name=\"robots\" content=\"index, follow, max-snippet:-1, max-image-preview:large, max-video-preview:-1\" \/>\n<link rel=\"canonical\" href=\"https:\/\/fuentesfidedignas.com.mx\/index.php\/2024\/04\/09\/aunque-parezca-utopico-mexico-tendra-en-septiembre-el-mejor-sistema-de-salud-publica-del-mundo-amlo\/\" \/>\n<meta property=\"og:locale\" content=\"es_MX\" \/>\n<meta property=\"og:type\" content=\"article\" \/>\n<meta property=\"og:title\" content=\"Aunque parezca ut\u00f3pico, M\u00e9xico tendr\u00e1 en septiembre el mejor sistema de salud p\u00fablica del mundo: AMLO - Fuentes Fidedignas\" \/>\n<meta property=\"og:description\" content=\"El mandatario mexicano dej\u00f3 en claro que cumplir\u00e1 su compromiso de que M\u00e9xico tenga el mejor sistema de salud p\u00fablica del mundo Ciudad de M\u00e9xico.- El presidente de M\u00e9xico,&nbsp;Andr\u00e9s Manuel&nbsp;L\u00f3pez Obrador, reiter\u00f3 que nuestro pa\u00eds tendr\u00e1 el \u201cmejor&nbsp;sistema de salud p\u00fablica&nbsp;del mundo\u201d antes de que concluya su Administraci\u00f3n, aunque a sus adversarios les parezca \u201cut\u00f3pico, [&hellip;]\" \/>\n<meta property=\"og:url\" content=\"https:\/\/fuentesfidedignas.com.mx\/index.php\/2024\/04\/09\/aunque-parezca-utopico-mexico-tendra-en-septiembre-el-mejor-sistema-de-salud-publica-del-mundo-amlo\/\" \/>\n<meta property=\"og:site_name\" content=\"Fuentes Fidedignas\" \/>\n<meta property=\"article:publisher\" content=\"https:\/\/www.facebook.com\/Fuentes-Fidedignas-368234489921644\" \/>\n<meta property=\"article:published_time\" content=\"2024-04-09T17:27:28+00:00\" \/>\n<meta property=\"article:modified_time\" content=\"2024-04-09T17:27:30+00:00\" \/>\n<meta property=\"og:image\" content=\"https:\/\/fuentesfidedignas.com.mx\/wp-content\/uploads\/2024\/04\/img_8315-1.jpg\" \/>\n\t<meta property=\"og:image:width\" content=\"1536\" \/>\n\t<meta property=\"og:image:height\" content=\"1024\" \/>\n\t<meta property=\"og:image:type\" content=\"image\/jpeg\" \/>\n<meta name=\"author\" content=\"L\u00f3pez D\u00f3riga\" \/>\n<meta name=\"twitter:card\" content=\"summary_large_image\" \/>\n<meta name=\"twitter:creator\" content=\"@fidedignas\" \/>\n<meta name=\"twitter:site\" content=\"@fidedignas\" \/>\n<meta name=\"twitter:label1\" content=\"Escrito por\" \/>\n\t<meta name=\"twitter:data1\" content=\"L\u00f3pez D\u00f3riga\" \/>\n\t<meta name=\"twitter:label2\" content=\"Tiempo de lectura\" \/>\n\t<meta name=\"twitter:data2\" content=\"3 minutos\" \/>\n<script type=\"application\/ld+json\" class=\"yoast-schema-graph\">{\"@context\":\"https:\\\/\\\/schema.org\",\"@graph\":[{\"@type\":\"Article\",\"@id\":\"https:\\\/\\\/fuentesfidedignas.com.mx\\\/index.php\\\/2024\\\/04\\\/09\\\/aunque-parezca-utopico-mexico-tendra-en-septiembre-el-mejor-sistema-de-salud-publica-del-mundo-amlo\\\/#article\",\"isPartOf\":{\"@id\":\"https:\\\/\\\/fuentesfidedignas.com.mx\\\/index.php\\\/2024\\\/04\\\/09\\\/aunque-parezca-utopico-mexico-tendra-en-septiembre-el-mejor-sistema-de-salud-publica-del-mundo-amlo\\\/\"},\"author\":{\"name\":\"L\u00f3pez D\u00f3riga\",\"@id\":\"https:\\\/\\\/fuentesfidedignas.com.mx\\\/#\\\/schema\\\/person\\\/67d852f0557c8509146a4b9ddebd543a\"},\"headline\":\"Aunque parezca ut\u00f3pico, M\u00e9xico tendr\u00e1 en septiembre el mejor sistema de salud p\u00fablica del mundo: AMLO\",\"datePublished\":\"2024-04-09T17:27:28+00:00\",\"dateModified\":\"2024-04-09T17:27:30+00:00\",\"mainEntityOfPage\":{\"@id\":\"https:\\\/\\\/fuentesfidedignas.com.mx\\\/index.php\\\/2024\\\/04\\\/09\\\/aunque-parezca-utopico-mexico-tendra-en-septiembre-el-mejor-sistema-de-salud-publica-del-mundo-amlo\\\/\"},\"wordCount\":519,\"commentCount\":0,\"publisher\":{\"@id\":\"https:\\\/\\\/fuentesfidedignas.com.mx\\\/#organization\"},\"image\":{\"@id\":\"https:\\\/\\\/fuentesfidedignas.com.mx\\\/index.php\\\/2024\\\/04\\\/09\\\/aunque-parezca-utopico-mexico-tendra-en-septiembre-el-mejor-sistema-de-salud-publica-del-mundo-amlo\\\/#primaryimage\"},\"thumbnailUrl\":\"https:\\\/\\\/fuentesfidedignas.com.mx\\\/wp-content\\\/uploads\\\/2024\\\/04\\\/img_8315-1.jpg\",\"articleSection\":[\"NOTICIAS NACIONALES\"],\"inLanguage\":\"es\",\"potentialAction\":[{\"@type\":\"CommentAction\",\"name\":\"Comment\",\"target\":[\"https:\\\/\\\/fuentesfidedignas.com.mx\\\/index.php\\\/2024\\\/04\\\/09\\\/aunque-parezca-utopico-mexico-tendra-en-septiembre-el-mejor-sistema-de-salud-publica-del-mundo-amlo\\\/#respond\"]}]},{\"@type\":\"WebPage\",\"@id\":\"https:\\\/\\\/fuentesfidedignas.com.mx\\\/index.php\\\/2024\\\/04\\\/09\\\/aunque-parezca-utopico-mexico-tendra-en-septiembre-el-mejor-sistema-de-salud-publica-del-mundo-amlo\\\/\",\"url\":\"https:\\\/\\\/fuentesfidedignas.com.mx\\\/index.php\\\/2024\\\/04\\\/09\\\/aunque-parezca-utopico-mexico-tendra-en-septiembre-el-mejor-sistema-de-salud-publica-del-mundo-amlo\\\/\",\"name\":\"Aunque parezca ut\u00f3pico, M\u00e9xico tendr\u00e1 en septiembre el mejor sistema de salud p\u00fablica del mundo: AMLO - Fuentes Fidedignas\",\"isPartOf\":{\"@id\":\"https:\\\/\\\/fuentesfidedignas.com.mx\\\/#website\"},\"primaryImageOfPage\":{\"@id\":\"https:\\\/\\\/fuentesfidedignas.com.mx\\\/index.php\\\/2024\\\/04\\\/09\\\/aunque-parezca-utopico-mexico-tendra-en-septiembre-el-mejor-sistema-de-salud-publica-del-mundo-amlo\\\/#primaryimage\"},\"image\":{\"@id\":\"https:\\\/\\\/fuentesfidedignas.com.mx\\\/index.php\\\/2024\\\/04\\\/09\\\/aunque-parezca-utopico-mexico-tendra-en-septiembre-el-mejor-sistema-de-salud-publica-del-mundo-amlo\\\/#primaryimage\"},\"thumbnailUrl\":\"https:\\\/\\\/fuentesfidedignas.com.mx\\\/wp-content\\\/uploads\\\/2024\\\/04\\\/img_8315-1.jpg\",\"datePublished\":\"2024-04-09T17:27:28+00:00\",\"dateModified\":\"2024-04-09T17:27:30+00:00\",\"breadcrumb\":{\"@id\":\"https:\\\/\\\/fuentesfidedignas.com.mx\\\/index.php\\\/2024\\\/04\\\/09\\\/aunque-parezca-utopico-mexico-tendra-en-septiembre-el-mejor-sistema-de-salud-publica-del-mundo-amlo\\\/#breadcrumb\"},\"inLanguage\":\"es\",\"potentialAction\":[{\"@type\":\"ReadAction\",\"target\":[\"https:\\\/\\\/fuentesfidedignas.com.mx\\\/index.php\\\/2024\\\/04\\\/09\\\/aunque-parezca-utopico-mexico-tendra-en-septiembre-el-mejor-sistema-de-salud-publica-del-mundo-amlo\\\/\"]}]},{\"@type\":\"ImageObject\",\"inLanguage\":\"es\",\"@id\":\"https:\\\/\\\/fuentesfidedignas.com.mx\\\/index.php\\\/2024\\\/04\\\/09\\\/aunque-parezca-utopico-mexico-tendra-en-septiembre-el-mejor-sistema-de-salud-publica-del-mundo-amlo\\\/#primaryimage\",\"url\":\"https:\\\/\\\/fuentesfidedignas.com.mx\\\/wp-content\\\/uploads\\\/2024\\\/04\\\/img_8315-1.jpg\",\"contentUrl\":\"https:\\\/\\\/fuentesfidedignas.com.mx\\\/wp-content\\\/uploads\\\/2024\\\/04\\\/img_8315-1.jpg\",\"width\":1536,\"height\":1024},{\"@type\":\"BreadcrumbList\",\"@id\":\"https:\\\/\\\/fuentesfidedignas.com.mx\\\/index.php\\\/2024\\\/04\\\/09\\\/aunque-parezca-utopico-mexico-tendra-en-septiembre-el-mejor-sistema-de-salud-publica-del-mundo-amlo\\\/#breadcrumb\",\"itemListElement\":[{\"@type\":\"ListItem\",\"position\":1,\"name\":\"Inicio\",\"item\":\"https:\\\/\\\/fuentesfidedignas.com.mx\\\/\"},{\"@type\":\"ListItem\",\"position\":2,\"name\":\"Aunque parezca ut\u00f3pico, M\u00e9xico tendr\u00e1 en septiembre el mejor sistema de salud p\u00fablica del mundo: AMLO\"}]},{\"@type\":\"WebSite\",\"@id\":\"https:\\\/\\\/fuentesfidedignas.com.mx\\\/#website\",\"url\":\"https:\\\/\\\/fuentesfidedignas.com.mx\\\/\",\"name\":\"Fuentes Fidedignas\",\"description\":\"Otro sitio realizado con WordPress\",\"publisher\":{\"@id\":\"https:\\\/\\\/fuentesfidedignas.com.mx\\\/#organization\"},\"potentialAction\":[{\"@type\":\"SearchAction\",\"target\":{\"@type\":\"EntryPoint\",\"urlTemplate\":\"https:\\\/\\\/fuentesfidedignas.com.mx\\\/?s={search_term_string}\"},\"query-input\":{\"@type\":\"PropertyValueSpecification\",\"valueRequired\":true,\"valueName\":\"search_term_string\"}}],\"inLanguage\":\"es\"},{\"@type\":\"Organization\",\"@id\":\"https:\\\/\\\/fuentesfidedignas.com.mx\\\/#organization\",\"name\":\"Fuentes Fidedignas\",\"url\":\"https:\\\/\\\/fuentesfidedignas.com.mx\\\/\",\"logo\":{\"@type\":\"ImageObject\",\"inLanguage\":\"es\",\"@id\":\"https:\\\/\\\/fuentesfidedignas.com.mx\\\/#\\\/schema\\\/logo\\\/image\\\/\",\"url\":\"https:\\\/\\\/fuentesfidedignas.com.mx\\\/wp-content\\\/uploads\\\/2021\\\/04\\\/logo-retina.png\",\"contentUrl\":\"https:\\\/\\\/fuentesfidedignas.com.mx\\\/wp-content\\\/uploads\\\/2021\\\/04\\\/logo-retina.png\",\"width\":280,\"height\":51,\"caption\":\"Fuentes Fidedignas\"},\"image\":{\"@id\":\"https:\\\/\\\/fuentesfidedignas.com.mx\\\/#\\\/schema\\\/logo\\\/image\\\/\"},\"sameAs\":[\"https:\\\/\\\/www.facebook.com\\\/Fuentes-Fidedignas-368234489921644\",\"https:\\\/\\\/x.com\\\/fidedignas\"]},{\"@type\":\"Person\",\"@id\":\"https:\\\/\\\/fuentesfidedignas.com.mx\\\/#\\\/schema\\\/person\\\/67d852f0557c8509146a4b9ddebd543a\",\"name\":\"L\u00f3pez D\u00f3riga\",\"image\":{\"@type\":\"ImageObject\",\"inLanguage\":\"es\",\"@id\":\"https:\\\/\\\/secure.gravatar.com\\\/avatar\\\/e525b06574ca18b33cded59dfe5778d6c823b9513154eff47da551b0551bdd1e?s=96&d=mm&r=g\",\"url\":\"https:\\\/\\\/secure.gravatar.com\\\/avatar\\\/e525b06574ca18b33cded59dfe5778d6c823b9513154eff47da551b0551bdd1e?s=96&d=mm&r=g\",\"contentUrl\":\"https:\\\/\\\/secure.gravatar.com\\\/avatar\\\/e525b06574ca18b33cded59dfe5778d6c823b9513154eff47da551b0551bdd1e?s=96&d=mm&r=g\",\"caption\":\"L\u00f3pez D\u00f3riga\"},\"url\":\"https:\\\/\\\/fuentesfidedignas.com.mx\\\/index.php\\\/author\\\/doriga\\\/\"}]}<\/script>\n<!-- \/ Yoast SEO plugin. -->","yoast_head_json":{"title":"Aunque parezca ut\u00f3pico, M\u00e9xico tendr\u00e1 en septiembre el mejor sistema de salud p\u00fablica del mundo: AMLO - Fuentes Fidedignas","robots":{"index":"index","follow":"follow","max-snippet":"max-snippet:-1","max-image-preview":"max-image-preview:large","max-video-preview":"max-video-preview:-1"},"canonical":"https:\/\/fuentesfidedignas.com.mx\/index.php\/2024\/04\/09\/aunque-parezca-utopico-mexico-tendra-en-septiembre-el-mejor-sistema-de-salud-publica-del-mundo-amlo\/","og_locale":"es_MX","og_type":"article","og_title":"Aunque parezca ut\u00f3pico, M\u00e9xico tendr\u00e1 en septiembre el mejor sistema de salud p\u00fablica del mundo: AMLO - Fuentes Fidedignas","og_description":"El mandatario mexicano dej\u00f3 en claro que cumplir\u00e1 su compromiso de que M\u00e9xico tenga el mejor sistema de salud p\u00fablica del mundo Ciudad de M\u00e9xico.- El presidente de M\u00e9xico,&nbsp;Andr\u00e9s Manuel&nbsp;L\u00f3pez Obrador, reiter\u00f3 que nuestro pa\u00eds tendr\u00e1 el \u201cmejor&nbsp;sistema de salud p\u00fablica&nbsp;del mundo\u201d antes de que concluya su Administraci\u00f3n, aunque a sus adversarios les parezca \u201cut\u00f3pico, [&hellip;]","og_url":"https:\/\/fuentesfidedignas.com.mx\/index.php\/2024\/04\/09\/aunque-parezca-utopico-mexico-tendra-en-septiembre-el-mejor-sistema-de-salud-publica-del-mundo-amlo\/","og_site_name":"Fuentes Fidedignas","article_publisher":"https:\/\/www.facebook.com\/Fuentes-Fidedignas-368234489921644","article_published_time":"2024-04-09T17:27:28+00:00","article_modified_time":"2024-04-09T17:27:30+00:00","og_image":[{"width":1536,"height":1024,"url":"https:\/\/fuentesfidedignas.com.mx\/wp-content\/uploads\/2024\/04\/img_8315-1.jpg","type":"image\/jpeg"}],"author":"L\u00f3pez D\u00f3riga","twitter_card":"summary_large_image","twitter_creator":"@fidedignas","twitter_site":"@fidedignas","twitter_misc":{"Escrito por":"L\u00f3pez D\u00f3riga","Tiempo de lectura":"3 minutos"},"schema":{"@context":"https:\/\/schema.org","@graph":[{"@type":"Article","@id":"https:\/\/fuentesfidedignas.com.mx\/index.php\/2024\/04\/09\/aunque-parezca-utopico-mexico-tendra-en-septiembre-el-mejor-sistema-de-salud-publica-del-mundo-amlo\/#article","isPartOf":{"@id":"https:\/\/fuentesfidedignas.com.mx\/index.php\/2024\/04\/09\/aunque-parezca-utopico-mexico-tendra-en-septiembre-el-mejor-sistema-de-salud-publica-del-mundo-amlo\/"},"author":{"name":"L\u00f3pez D\u00f3riga","@id":"https:\/\/fuentesfidedignas.com.mx\/#\/schema\/person\/67d852f0557c8509146a4b9ddebd543a"},"headline":"Aunque parezca ut\u00f3pico, M\u00e9xico tendr\u00e1 en septiembre el mejor sistema de salud p\u00fablica del mundo: AMLO","datePublished":"2024-04-09T17:27:28+00:00","dateModified":"2024-04-09T17:27:30+00:00","mainEntityOfPage":{"@id":"https:\/\/fuentesfidedignas.com.mx\/index.php\/2024\/04\/09\/aunque-parezca-utopico-mexico-tendra-en-septiembre-el-mejor-sistema-de-salud-publica-del-mundo-amlo\/"},"wordCount":519,"commentCount":0,"publisher":{"@id":"https:\/\/fuentesfidedignas.com.mx\/#organization"},"image":{"@id":"https:\/\/fuentesfidedignas.com.mx\/index.php\/2024\/04\/09\/aunque-parezca-utopico-mexico-tendra-en-septiembre-el-mejor-sistema-de-salud-publica-del-mundo-amlo\/#primaryimage"},"thumbnailUrl":"https:\/\/fuentesfidedignas.com.mx\/wp-content\/uploads\/2024\/04\/img_8315-1.jpg","articleSection":["NOTICIAS NACIONALES"],"inLanguage":"es","potentialAction":[{"@type":"CommentAction","name":"Comment","target":["https:\/\/fuentesfidedignas.com.mx\/index.php\/2024\/04\/09\/aunque-parezca-utopico-mexico-tendra-en-septiembre-el-mejor-sistema-de-salud-publica-del-mundo-amlo\/#respond"]}]},{"@type":"WebPage","@id":"https:\/\/fuentesfidedignas.com.mx\/index.php\/2024\/04\/09\/aunque-parezca-utopico-mexico-tendra-en-septiembre-el-mejor-sistema-de-salud-publica-del-mundo-amlo\/","url":"https:\/\/fuentesfidedignas.com.mx\/index.php\/2024\/04\/09\/aunque-parezca-utopico-mexico-tendra-en-septiembre-el-mejor-sistema-de-salud-publica-del-mundo-amlo\/","name":"Aunque parezca ut\u00f3pico, M\u00e9xico tendr\u00e1 en septiembre el mejor sistema de salud p\u00fablica del mundo: AMLO - Fuentes Fidedignas","isPartOf":{"@id":"https:\/\/fuentesfidedignas.com.mx\/#website"},"primaryImageOfPage":{"@id":"https:\/\/fuentesfidedignas.com.mx\/index.php\/2024\/04\/09\/aunque-parezca-utopico-mexico-tendra-en-septiembre-el-mejor-sistema-de-salud-publica-del-mundo-amlo\/#primaryimage"},"image":{"@id":"https:\/\/fuentesfidedignas.com.mx\/index.php\/2024\/04\/09\/aunque-parezca-utopico-mexico-tendra-en-septiembre-el-mejor-sistema-de-salud-publica-del-mundo-amlo\/#primaryimage"},"thumbnailUrl":"https:\/\/fuentesfidedignas.com.mx\/wp-content\/uploads\/2024\/04\/img_8315-1.jpg","datePublished":"2024-04-09T17:27:28+00:00","dateModified":"2024-04-09T17:27:30+00:00","breadcrumb":{"@id":"https:\/\/fuentesfidedignas.com.mx\/index.php\/2024\/04\/09\/aunque-parezca-utopico-mexico-tendra-en-septiembre-el-mejor-sistema-de-salud-publica-del-mundo-amlo\/#breadcrumb"},"inLanguage":"es","potentialAction":[{"@type":"ReadAction","target":["https:\/\/fuentesfidedignas.com.mx\/index.php\/2024\/04\/09\/aunque-parezca-utopico-mexico-tendra-en-septiembre-el-mejor-sistema-de-salud-publica-del-mundo-amlo\/"]}]},{"@type":"ImageObject","inLanguage":"es","@id":"https:\/\/fuentesfidedignas.com.mx\/index.php\/2024\/04\/09\/aunque-parezca-utopico-mexico-tendra-en-septiembre-el-mejor-sistema-de-salud-publica-del-mundo-amlo\/#primaryimage","url":"https:\/\/fuentesfidedignas.com.mx\/wp-content\/uploads\/2024\/04\/img_8315-1.jpg","contentUrl":"https:\/\/fuentesfidedignas.com.mx\/wp-content\/uploads\/2024\/04\/img_8315-1.jpg","width":1536,"height":1024},{"@type":"BreadcrumbList","@id":"https:\/\/fuentesfidedignas.com.mx\/index.php\/2024\/04\/09\/aunque-parezca-utopico-mexico-tendra-en-septiembre-el-mejor-sistema-de-salud-publica-del-mundo-amlo\/#breadcrumb","itemListElement":[{"@type":"ListItem","position":1,"name":"Inicio","item":"https:\/\/fuentesfidedignas.com.mx\/"},{"@type":"ListItem","position":2,"name":"Aunque parezca ut\u00f3pico, M\u00e9xico tendr\u00e1 en septiembre el mejor sistema de salud p\u00fablica del mundo: AMLO"}]},{"@type":"WebSite","@id":"https:\/\/fuentesfidedignas.com.mx\/#website","url":"https:\/\/fuentesfidedignas.com.mx\/","name":"Fuentes Fidedignas","description":"Otro sitio realizado con WordPress","publisher":{"@id":"https:\/\/fuentesfidedignas.com.mx\/#organization"},"potentialAction":[{"@type":"SearchAction","target":{"@type":"EntryPoint","urlTemplate":"https:\/\/fuentesfidedignas.com.mx\/?s={search_term_string}"},"query-input":{"@type":"PropertyValueSpecification","valueRequired":true,"valueName":"search_term_string"}}],"inLanguage":"es"},{"@type":"Organization","@id":"https:\/\/fuentesfidedignas.com.mx\/#organization","name":"Fuentes Fidedignas","url":"https:\/\/fuentesfidedignas.com.mx\/","logo":{"@type":"ImageObject","inLanguage":"es","@id":"https:\/\/fuentesfidedignas.com.mx\/#\/schema\/logo\/image\/","url":"https:\/\/fuentesfidedignas.com.mx\/wp-content\/uploads\/2021\/04\/logo-retina.png","contentUrl":"https:\/\/fuentesfidedignas.com.mx\/wp-content\/uploads\/2021\/04\/logo-retina.png","width":280,"height":51,"caption":"Fuentes Fidedignas"},"image":{"@id":"https:\/\/fuentesfidedignas.com.mx\/#\/schema\/logo\/image\/"},"sameAs":["https:\/\/www.facebook.com\/Fuentes-Fidedignas-368234489921644","https:\/\/x.com\/fidedignas"]},{"@type":"Person","@id":"https:\/\/fuentesfidedignas.com.mx\/#\/schema\/person\/67d852f0557c8509146a4b9ddebd543a","name":"L\u00f3pez D\u00f3riga","image":{"@type":"ImageObject","inLanguage":"es","@id":"https:\/\/secure.gravatar.com\/avatar\/e525b06574ca18b33cded59dfe5778d6c823b9513154eff47da551b0551bdd1e?s=96&d=mm&r=g","url":"https:\/\/secure.gravatar.com\/avatar\/e525b06574ca18b33cded59dfe5778d6c823b9513154eff47da551b0551bdd1e?s=96&d=mm&r=g","contentUrl":"https:\/\/secure.gravatar.com\/avatar\/e525b06574ca18b33cded59dfe5778d6c823b9513154eff47da551b0551bdd1e?s=96&d=mm&r=g","caption":"L\u00f3pez D\u00f3riga"},"url":"https:\/\/fuentesfidedignas.com.mx\/index.php\/author\/doriga\/"}]}},"_links":{"self":[{"href":"https:\/\/fuentesfidedignas.com.mx\/index.php\/wp-json\/wp\/v2\/posts\/78894","targetHints":{"allow":["GET"]}}],"collection":[{"href":"https:\/\/fuentesfidedignas.com.mx\/index.php\/wp-json\/wp\/v2\/posts"}],"about":[{"href":"https:\/\/fuentesfidedignas.com.mx\/index.php\/wp-json\/wp\/v2\/types\/post"}],"author":[{"embeddable":true,"href":"https:\/\/fuentesfidedignas.com.mx\/index.php\/wp-json\/wp\/v2\/users\/47"}],"replies":[{"embeddable":true,"href":"https:\/\/fuentesfidedignas.com.mx\/index.php\/wp-json\/wp\/v2\/comments?post=78894"}],"version-history":[{"count":1,"href":"https:\/\/fuentesfidedignas.com.mx\/index.php\/wp-json\/wp\/v2\/posts\/78894\/revisions"}],"predecessor-version":[{"id":78895,"href":"https:\/\/fuentesfidedignas.com.mx\/index.php\/wp-json\/wp\/v2\/posts\/78894\/revisions\/78895"}],"wp:featuredmedia":[{"embeddable":true,"href":"https:\/\/fuentesfidedignas.com.mx\/index.php\/wp-json\/wp\/v2\/media\/78893"}],"wp:attachment":[{"href":"https:\/\/fuentesfidedignas.com.mx\/index.php\/wp-json\/wp\/v2\/media?parent=78894"}],"wp:term":[{"taxonomy":"category","embeddable":true,"href":"https:\/\/fuentesfidedignas.com.mx\/index.php\/wp-json\/wp\/v2\/categories?post=78894"},{"taxonomy":"post_tag","embeddable":true,"href":"https:\/\/fuentesfidedignas.com.mx\/index.php\/wp-json\/wp\/v2\/tags?post=78894"}],"curies":[{"name":"wp","href":"https:\/\/api.w.org\/{rel}","templated":true}]}}