{"id":78848,"date":"2024-04-08T17:49:34","date_gmt":"2024-04-09T00:49:34","guid":{"rendered":"https:\/\/fuentesfidedignas.com.mx\/?p=78848"},"modified":"2024-04-08T17:58:14","modified_gmt":"2024-04-09T00:58:14","slug":"juez-niega-a-la-fgr-orden-de-aprehension-contra-rosario-robles","status":"publish","type":"post","link":"https:\/\/fuentesfidedignas.com.mx\/index.php\/2024\/04\/08\/juez-niega-a-la-fgr-orden-de-aprehension-contra-rosario-robles\/","title":{"rendered":"Juez niega a la FGR orden de aprehensi\u00f3n contra Rosario Robles"},"content":{"rendered":"\n<p><strong><em>Un juez de Control del Centro de Justicia Penal Federal neg\u00f3 una orden de aprehensi\u00f3n contra Rosario Robles, quien es investigada por la FGR por delitos de delincuencia organizada.<\/em><\/strong><\/p>\n\n\n\n<p>En acato a la sentencia de Tribunal Colegiado, un juez de Control del Centro de Justicia Penal Federal, adscrito al penal federal de m\u00e1xima seguridad Altiplano, en Almoloya de Ju\u00e1rez, Estado de M\u00e9xico, neg\u00f3 una orden de aprehensi\u00f3n en contra de la ex secretaria de Desarrollo Social, Rosario Robles.<\/p>\n\n\n\n<p>El mandamiento fue solicitado por la Fiscal\u00eda General de la Rep\u00fablica (FGR), como parte de una investigaci\u00f3n en contra de Rosario Robles, por su presunta responsabilidad en los delitos de delincuencia organizada y operaciones con recursos de procedencia il\u00edcita.<\/p>\n\n\n\n<p>Las investigaciones de la FGR establecen la presunta participaci\u00f3n de la ex titular de la Sedesol en un presunto lavado de dinero, por medio de factureras, por un monto superior a los 77 millones de pesos, que fueron pagados a la Universidad Aut\u00f3noma de Morelos.<\/p>\n\n\n\n<p>De acuerdo con los registros judiciales, el juez de Control del Centro de Readaptaci\u00f3n Social n\u00famero 1, Altiplano, neg\u00f3 la petici\u00f3n del Ministerio P\u00fablico Federal, en acato a la resoluci\u00f3n de un Tribunal Colegiado que confirm\u00f3 un amparo concedido a la exfuncionaria, en primera instancia, el pasado 3 de abril.<\/p>\n\n\n\n<p>En acato a la sentencia de Tribunal Colegiado, un juez de Control del Centro de Justicia Penal Federal, adscrito al penal federal de m\u00e1xima seguridad Altiplano, en Almoloya de Ju\u00e1rez, Estado de M\u00e9xico, neg\u00f3 una orden de aprehensi\u00f3n en contra de la ex secretaria de Desarrollo Social, Rosario Robles.<\/p>\n\n\n\n<p>El mandamiento fue solicitado por la Fiscal\u00eda General de la Rep\u00fablica (FGR), como parte de una investigaci\u00f3n en contra de Rosario Robles, por su presunta responsabilidad en los delitos de delincuencia organizada y operaciones con recursos de procedencia il\u00edcita.<\/p>\n\n\n\n<p>Las investigaciones de la FGR establecen la presunta participaci\u00f3n de la ex titular de la Sedesol en un presunto lavado de dinero, por medio de factureras, por un monto superior a los 77 millones de pesos, que fueron pagados a la Universidad Aut\u00f3noma de Morelos.<\/p>\n\n\n\n<p>De acuerdo con los registros judiciales, el juez de Control del Centro de Readaptaci\u00f3n Social n\u00famero 1, Altiplano, neg\u00f3 la petici\u00f3n del Ministerio P\u00fablico Federal, en acato a la resoluci\u00f3n de un Tribunal Colegiado que confirm\u00f3 un amparo concedido a la exfuncionaria, en primera instancia, el pasado 3 de abril.<\/p>\n","protected":false},"excerpt":{"rendered":"<p>Un juez de Control del Centro de Justicia Penal Federal neg\u00f3 una orden de aprehensi\u00f3n contra Rosario Robles, quien es investigada por la FGR por delitos de delincuencia organizada. En acato a la sentencia de Tribunal Colegiado, un juez de Control del Centro de Justicia Penal Federal, adscrito al penal federal de m\u00e1xima seguridad Altiplano, [&hellip;]<\/p>\n","protected":false},"author":47,"featured_media":78849,"comment_status":"open","ping_status":"open","sticky":false,"template":"","format":"standard","meta":{"tdm_status":"","tdm_grid_status":"","footnotes":""},"categories":[39],"tags":[],"class_list":{"0":"post-78848","1":"post","2":"type-post","3":"status-publish","4":"format-standard","5":"has-post-thumbnail","7":"category-noticias-nacionales"},"yoast_head":"<!-- This site is optimized with the Yoast SEO plugin v27.5 - https:\/\/yoast.com\/product\/yoast-seo-wordpress\/ -->\n<title>Juez niega a la FGR orden de aprehensi\u00f3n contra Rosario Robles - Fuentes Fidedignas<\/title>\n<meta name=\"robots\" content=\"index, follow, max-snippet:-1, max-image-preview:large, max-video-preview:-1\" \/>\n<link rel=\"canonical\" href=\"https:\/\/fuentesfidedignas.com.mx\/index.php\/2024\/04\/08\/juez-niega-a-la-fgr-orden-de-aprehension-contra-rosario-robles\/\" \/>\n<meta property=\"og:locale\" content=\"es_MX\" \/>\n<meta property=\"og:type\" content=\"article\" \/>\n<meta property=\"og:title\" content=\"Juez niega a la FGR orden de aprehensi\u00f3n contra Rosario Robles - Fuentes Fidedignas\" \/>\n<meta property=\"og:description\" content=\"Un juez de Control del Centro de Justicia Penal Federal neg\u00f3 una orden de aprehensi\u00f3n contra Rosario Robles, quien es investigada por la FGR por delitos de delincuencia organizada. En acato a la sentencia de Tribunal Colegiado, un juez de Control del Centro de Justicia Penal Federal, adscrito al penal federal de m\u00e1xima seguridad Altiplano, [&hellip;]\" \/>\n<meta property=\"og:url\" content=\"https:\/\/fuentesfidedignas.com.mx\/index.php\/2024\/04\/08\/juez-niega-a-la-fgr-orden-de-aprehension-contra-rosario-robles\/\" \/>\n<meta property=\"og:site_name\" content=\"Fuentes Fidedignas\" \/>\n<meta property=\"article:publisher\" content=\"https:\/\/www.facebook.com\/Fuentes-Fidedignas-368234489921644\" \/>\n<meta property=\"article:published_time\" content=\"2024-04-09T00:49:34+00:00\" \/>\n<meta property=\"article:modified_time\" content=\"2024-04-09T00:58:14+00:00\" \/>\n<meta property=\"og:image\" content=\"https:\/\/fuentesfidedignas.com.mx\/wp-content\/uploads\/2024\/04\/rosario-roble.jpg\" \/>\n\t<meta property=\"og:image:width\" content=\"600\" \/>\n\t<meta property=\"og:image:height\" content=\"452\" \/>\n\t<meta property=\"og:image:type\" content=\"image\/jpeg\" \/>\n<meta name=\"author\" content=\"L\u00f3pez D\u00f3riga\" \/>\n<meta name=\"twitter:card\" content=\"summary_large_image\" \/>\n<meta name=\"twitter:creator\" content=\"@fidedignas\" \/>\n<meta name=\"twitter:site\" content=\"@fidedignas\" \/>\n<meta name=\"twitter:label1\" content=\"Escrito por\" \/>\n\t<meta name=\"twitter:data1\" content=\"L\u00f3pez D\u00f3riga\" \/>\n\t<meta name=\"twitter:label2\" content=\"Tiempo de lectura\" \/>\n\t<meta name=\"twitter:data2\" content=\"2 minutos\" \/>\n<script type=\"application\/ld+json\" class=\"yoast-schema-graph\">{\"@context\":\"https:\\\/\\\/schema.org\",\"@graph\":[{\"@type\":\"Article\",\"@id\":\"https:\\\/\\\/fuentesfidedignas.com.mx\\\/index.php\\\/2024\\\/04\\\/08\\\/juez-niega-a-la-fgr-orden-de-aprehension-contra-rosario-robles\\\/#article\",\"isPartOf\":{\"@id\":\"https:\\\/\\\/fuentesfidedignas.com.mx\\\/index.php\\\/2024\\\/04\\\/08\\\/juez-niega-a-la-fgr-orden-de-aprehension-contra-rosario-robles\\\/\"},\"author\":{\"name\":\"L\u00f3pez D\u00f3riga\",\"@id\":\"https:\\\/\\\/fuentesfidedignas.com.mx\\\/#\\\/schema\\\/person\\\/67d852f0557c8509146a4b9ddebd543a\"},\"headline\":\"Juez niega a la FGR orden de aprehensi\u00f3n contra Rosario Robles\",\"datePublished\":\"2024-04-09T00:49:34+00:00\",\"dateModified\":\"2024-04-09T00:58:14+00:00\",\"mainEntityOfPage\":{\"@id\":\"https:\\\/\\\/fuentesfidedignas.com.mx\\\/index.php\\\/2024\\\/04\\\/08\\\/juez-niega-a-la-fgr-orden-de-aprehension-contra-rosario-robles\\\/\"},\"wordCount\":432,\"commentCount\":0,\"publisher\":{\"@id\":\"https:\\\/\\\/fuentesfidedignas.com.mx\\\/#organization\"},\"image\":{\"@id\":\"https:\\\/\\\/fuentesfidedignas.com.mx\\\/index.php\\\/2024\\\/04\\\/08\\\/juez-niega-a-la-fgr-orden-de-aprehension-contra-rosario-robles\\\/#primaryimage\"},\"thumbnailUrl\":\"https:\\\/\\\/fuentesfidedignas.com.mx\\\/wp-content\\\/uploads\\\/2024\\\/04\\\/rosario-roble.jpg\",\"articleSection\":[\"NOTICIAS NACIONALES\"],\"inLanguage\":\"es\",\"potentialAction\":[{\"@type\":\"CommentAction\",\"name\":\"Comment\",\"target\":[\"https:\\\/\\\/fuentesfidedignas.com.mx\\\/index.php\\\/2024\\\/04\\\/08\\\/juez-niega-a-la-fgr-orden-de-aprehension-contra-rosario-robles\\\/#respond\"]}]},{\"@type\":\"WebPage\",\"@id\":\"https:\\\/\\\/fuentesfidedignas.com.mx\\\/index.php\\\/2024\\\/04\\\/08\\\/juez-niega-a-la-fgr-orden-de-aprehension-contra-rosario-robles\\\/\",\"url\":\"https:\\\/\\\/fuentesfidedignas.com.mx\\\/index.php\\\/2024\\\/04\\\/08\\\/juez-niega-a-la-fgr-orden-de-aprehension-contra-rosario-robles\\\/\",\"name\":\"Juez niega a la FGR orden de aprehensi\u00f3n contra Rosario Robles - Fuentes Fidedignas\",\"isPartOf\":{\"@id\":\"https:\\\/\\\/fuentesfidedignas.com.mx\\\/#website\"},\"primaryImageOfPage\":{\"@id\":\"https:\\\/\\\/fuentesfidedignas.com.mx\\\/index.php\\\/2024\\\/04\\\/08\\\/juez-niega-a-la-fgr-orden-de-aprehension-contra-rosario-robles\\\/#primaryimage\"},\"image\":{\"@id\":\"https:\\\/\\\/fuentesfidedignas.com.mx\\\/index.php\\\/2024\\\/04\\\/08\\\/juez-niega-a-la-fgr-orden-de-aprehension-contra-rosario-robles\\\/#primaryimage\"},\"thumbnailUrl\":\"https:\\\/\\\/fuentesfidedignas.com.mx\\\/wp-content\\\/uploads\\\/2024\\\/04\\\/rosario-roble.jpg\",\"datePublished\":\"2024-04-09T00:49:34+00:00\",\"dateModified\":\"2024-04-09T00:58:14+00:00\",\"breadcrumb\":{\"@id\":\"https:\\\/\\\/fuentesfidedignas.com.mx\\\/index.php\\\/2024\\\/04\\\/08\\\/juez-niega-a-la-fgr-orden-de-aprehension-contra-rosario-robles\\\/#breadcrumb\"},\"inLanguage\":\"es\",\"potentialAction\":[{\"@type\":\"ReadAction\",\"target\":[\"https:\\\/\\\/fuentesfidedignas.com.mx\\\/index.php\\\/2024\\\/04\\\/08\\\/juez-niega-a-la-fgr-orden-de-aprehension-contra-rosario-robles\\\/\"]}]},{\"@type\":\"ImageObject\",\"inLanguage\":\"es\",\"@id\":\"https:\\\/\\\/fuentesfidedignas.com.mx\\\/index.php\\\/2024\\\/04\\\/08\\\/juez-niega-a-la-fgr-orden-de-aprehension-contra-rosario-robles\\\/#primaryimage\",\"url\":\"https:\\\/\\\/fuentesfidedignas.com.mx\\\/wp-content\\\/uploads\\\/2024\\\/04\\\/rosario-roble.jpg\",\"contentUrl\":\"https:\\\/\\\/fuentesfidedignas.com.mx\\\/wp-content\\\/uploads\\\/2024\\\/04\\\/rosario-roble.jpg\",\"width\":600,\"height\":452},{\"@type\":\"BreadcrumbList\",\"@id\":\"https:\\\/\\\/fuentesfidedignas.com.mx\\\/index.php\\\/2024\\\/04\\\/08\\\/juez-niega-a-la-fgr-orden-de-aprehension-contra-rosario-robles\\\/#breadcrumb\",\"itemListElement\":[{\"@type\":\"ListItem\",\"position\":1,\"name\":\"Inicio\",\"item\":\"https:\\\/\\\/fuentesfidedignas.com.mx\\\/\"},{\"@type\":\"ListItem\",\"position\":2,\"name\":\"Juez niega a la FGR orden de aprehensi\u00f3n contra Rosario Robles\"}]},{\"@type\":\"WebSite\",\"@id\":\"https:\\\/\\\/fuentesfidedignas.com.mx\\\/#website\",\"url\":\"https:\\\/\\\/fuentesfidedignas.com.mx\\\/\",\"name\":\"Fuentes Fidedignas\",\"description\":\"Otro sitio realizado con WordPress\",\"publisher\":{\"@id\":\"https:\\\/\\\/fuentesfidedignas.com.mx\\\/#organization\"},\"potentialAction\":[{\"@type\":\"SearchAction\",\"target\":{\"@type\":\"EntryPoint\",\"urlTemplate\":\"https:\\\/\\\/fuentesfidedignas.com.mx\\\/?s={search_term_string}\"},\"query-input\":{\"@type\":\"PropertyValueSpecification\",\"valueRequired\":true,\"valueName\":\"search_term_string\"}}],\"inLanguage\":\"es\"},{\"@type\":\"Organization\",\"@id\":\"https:\\\/\\\/fuentesfidedignas.com.mx\\\/#organization\",\"name\":\"Fuentes Fidedignas\",\"url\":\"https:\\\/\\\/fuentesfidedignas.com.mx\\\/\",\"logo\":{\"@type\":\"ImageObject\",\"inLanguage\":\"es\",\"@id\":\"https:\\\/\\\/fuentesfidedignas.com.mx\\\/#\\\/schema\\\/logo\\\/image\\\/\",\"url\":\"https:\\\/\\\/fuentesfidedignas.com.mx\\\/wp-content\\\/uploads\\\/2021\\\/04\\\/logo-retina.png\",\"contentUrl\":\"https:\\\/\\\/fuentesfidedignas.com.mx\\\/wp-content\\\/uploads\\\/2021\\\/04\\\/logo-retina.png\",\"width\":280,\"height\":51,\"caption\":\"Fuentes Fidedignas\"},\"image\":{\"@id\":\"https:\\\/\\\/fuentesfidedignas.com.mx\\\/#\\\/schema\\\/logo\\\/image\\\/\"},\"sameAs\":[\"https:\\\/\\\/www.facebook.com\\\/Fuentes-Fidedignas-368234489921644\",\"https:\\\/\\\/x.com\\\/fidedignas\"]},{\"@type\":\"Person\",\"@id\":\"https:\\\/\\\/fuentesfidedignas.com.mx\\\/#\\\/schema\\\/person\\\/67d852f0557c8509146a4b9ddebd543a\",\"name\":\"L\u00f3pez D\u00f3riga\",\"image\":{\"@type\":\"ImageObject\",\"inLanguage\":\"es\",\"@id\":\"https:\\\/\\\/secure.gravatar.com\\\/avatar\\\/e525b06574ca18b33cded59dfe5778d6c823b9513154eff47da551b0551bdd1e?s=96&d=mm&r=g\",\"url\":\"https:\\\/\\\/secure.gravatar.com\\\/avatar\\\/e525b06574ca18b33cded59dfe5778d6c823b9513154eff47da551b0551bdd1e?s=96&d=mm&r=g\",\"contentUrl\":\"https:\\\/\\\/secure.gravatar.com\\\/avatar\\\/e525b06574ca18b33cded59dfe5778d6c823b9513154eff47da551b0551bdd1e?s=96&d=mm&r=g\",\"caption\":\"L\u00f3pez D\u00f3riga\"},\"url\":\"https:\\\/\\\/fuentesfidedignas.com.mx\\\/index.php\\\/author\\\/doriga\\\/\"}]}<\/script>\n<!-- \/ Yoast SEO plugin. -->","yoast_head_json":{"title":"Juez niega a la FGR orden de aprehensi\u00f3n contra Rosario Robles - Fuentes Fidedignas","robots":{"index":"index","follow":"follow","max-snippet":"max-snippet:-1","max-image-preview":"max-image-preview:large","max-video-preview":"max-video-preview:-1"},"canonical":"https:\/\/fuentesfidedignas.com.mx\/index.php\/2024\/04\/08\/juez-niega-a-la-fgr-orden-de-aprehension-contra-rosario-robles\/","og_locale":"es_MX","og_type":"article","og_title":"Juez niega a la FGR orden de aprehensi\u00f3n contra Rosario Robles - Fuentes Fidedignas","og_description":"Un juez de Control del Centro de Justicia Penal Federal neg\u00f3 una orden de aprehensi\u00f3n contra Rosario Robles, quien es investigada por la FGR por delitos de delincuencia organizada. En acato a la sentencia de Tribunal Colegiado, un juez de Control del Centro de Justicia Penal Federal, adscrito al penal federal de m\u00e1xima seguridad Altiplano, [&hellip;]","og_url":"https:\/\/fuentesfidedignas.com.mx\/index.php\/2024\/04\/08\/juez-niega-a-la-fgr-orden-de-aprehension-contra-rosario-robles\/","og_site_name":"Fuentes Fidedignas","article_publisher":"https:\/\/www.facebook.com\/Fuentes-Fidedignas-368234489921644","article_published_time":"2024-04-09T00:49:34+00:00","article_modified_time":"2024-04-09T00:58:14+00:00","og_image":[{"width":600,"height":452,"url":"https:\/\/fuentesfidedignas.com.mx\/wp-content\/uploads\/2024\/04\/rosario-roble.jpg","type":"image\/jpeg"}],"author":"L\u00f3pez D\u00f3riga","twitter_card":"summary_large_image","twitter_creator":"@fidedignas","twitter_site":"@fidedignas","twitter_misc":{"Escrito por":"L\u00f3pez D\u00f3riga","Tiempo de lectura":"2 minutos"},"schema":{"@context":"https:\/\/schema.org","@graph":[{"@type":"Article","@id":"https:\/\/fuentesfidedignas.com.mx\/index.php\/2024\/04\/08\/juez-niega-a-la-fgr-orden-de-aprehension-contra-rosario-robles\/#article","isPartOf":{"@id":"https:\/\/fuentesfidedignas.com.mx\/index.php\/2024\/04\/08\/juez-niega-a-la-fgr-orden-de-aprehension-contra-rosario-robles\/"},"author":{"name":"L\u00f3pez D\u00f3riga","@id":"https:\/\/fuentesfidedignas.com.mx\/#\/schema\/person\/67d852f0557c8509146a4b9ddebd543a"},"headline":"Juez niega a la FGR orden de aprehensi\u00f3n contra Rosario Robles","datePublished":"2024-04-09T00:49:34+00:00","dateModified":"2024-04-09T00:58:14+00:00","mainEntityOfPage":{"@id":"https:\/\/fuentesfidedignas.com.mx\/index.php\/2024\/04\/08\/juez-niega-a-la-fgr-orden-de-aprehension-contra-rosario-robles\/"},"wordCount":432,"commentCount":0,"publisher":{"@id":"https:\/\/fuentesfidedignas.com.mx\/#organization"},"image":{"@id":"https:\/\/fuentesfidedignas.com.mx\/index.php\/2024\/04\/08\/juez-niega-a-la-fgr-orden-de-aprehension-contra-rosario-robles\/#primaryimage"},"thumbnailUrl":"https:\/\/fuentesfidedignas.com.mx\/wp-content\/uploads\/2024\/04\/rosario-roble.jpg","articleSection":["NOTICIAS NACIONALES"],"inLanguage":"es","potentialAction":[{"@type":"CommentAction","name":"Comment","target":["https:\/\/fuentesfidedignas.com.mx\/index.php\/2024\/04\/08\/juez-niega-a-la-fgr-orden-de-aprehension-contra-rosario-robles\/#respond"]}]},{"@type":"WebPage","@id":"https:\/\/fuentesfidedignas.com.mx\/index.php\/2024\/04\/08\/juez-niega-a-la-fgr-orden-de-aprehension-contra-rosario-robles\/","url":"https:\/\/fuentesfidedignas.com.mx\/index.php\/2024\/04\/08\/juez-niega-a-la-fgr-orden-de-aprehension-contra-rosario-robles\/","name":"Juez niega a la FGR orden de aprehensi\u00f3n contra Rosario Robles - Fuentes Fidedignas","isPartOf":{"@id":"https:\/\/fuentesfidedignas.com.mx\/#website"},"primaryImageOfPage":{"@id":"https:\/\/fuentesfidedignas.com.mx\/index.php\/2024\/04\/08\/juez-niega-a-la-fgr-orden-de-aprehension-contra-rosario-robles\/#primaryimage"},"image":{"@id":"https:\/\/fuentesfidedignas.com.mx\/index.php\/2024\/04\/08\/juez-niega-a-la-fgr-orden-de-aprehension-contra-rosario-robles\/#primaryimage"},"thumbnailUrl":"https:\/\/fuentesfidedignas.com.mx\/wp-content\/uploads\/2024\/04\/rosario-roble.jpg","datePublished":"2024-04-09T00:49:34+00:00","dateModified":"2024-04-09T00:58:14+00:00","breadcrumb":{"@id":"https:\/\/fuentesfidedignas.com.mx\/index.php\/2024\/04\/08\/juez-niega-a-la-fgr-orden-de-aprehension-contra-rosario-robles\/#breadcrumb"},"inLanguage":"es","potentialAction":[{"@type":"ReadAction","target":["https:\/\/fuentesfidedignas.com.mx\/index.php\/2024\/04\/08\/juez-niega-a-la-fgr-orden-de-aprehension-contra-rosario-robles\/"]}]},{"@type":"ImageObject","inLanguage":"es","@id":"https:\/\/fuentesfidedignas.com.mx\/index.php\/2024\/04\/08\/juez-niega-a-la-fgr-orden-de-aprehension-contra-rosario-robles\/#primaryimage","url":"https:\/\/fuentesfidedignas.com.mx\/wp-content\/uploads\/2024\/04\/rosario-roble.jpg","contentUrl":"https:\/\/fuentesfidedignas.com.mx\/wp-content\/uploads\/2024\/04\/rosario-roble.jpg","width":600,"height":452},{"@type":"BreadcrumbList","@id":"https:\/\/fuentesfidedignas.com.mx\/index.php\/2024\/04\/08\/juez-niega-a-la-fgr-orden-de-aprehension-contra-rosario-robles\/#breadcrumb","itemListElement":[{"@type":"ListItem","position":1,"name":"Inicio","item":"https:\/\/fuentesfidedignas.com.mx\/"},{"@type":"ListItem","position":2,"name":"Juez niega a la FGR orden de aprehensi\u00f3n contra Rosario Robles"}]},{"@type":"WebSite","@id":"https:\/\/fuentesfidedignas.com.mx\/#website","url":"https:\/\/fuentesfidedignas.com.mx\/","name":"Fuentes Fidedignas","description":"Otro sitio realizado con WordPress","publisher":{"@id":"https:\/\/fuentesfidedignas.com.mx\/#organization"},"potentialAction":[{"@type":"SearchAction","target":{"@type":"EntryPoint","urlTemplate":"https:\/\/fuentesfidedignas.com.mx\/?s={search_term_string}"},"query-input":{"@type":"PropertyValueSpecification","valueRequired":true,"valueName":"search_term_string"}}],"inLanguage":"es"},{"@type":"Organization","@id":"https:\/\/fuentesfidedignas.com.mx\/#organization","name":"Fuentes Fidedignas","url":"https:\/\/fuentesfidedignas.com.mx\/","logo":{"@type":"ImageObject","inLanguage":"es","@id":"https:\/\/fuentesfidedignas.com.mx\/#\/schema\/logo\/image\/","url":"https:\/\/fuentesfidedignas.com.mx\/wp-content\/uploads\/2021\/04\/logo-retina.png","contentUrl":"https:\/\/fuentesfidedignas.com.mx\/wp-content\/uploads\/2021\/04\/logo-retina.png","width":280,"height":51,"caption":"Fuentes Fidedignas"},"image":{"@id":"https:\/\/fuentesfidedignas.com.mx\/#\/schema\/logo\/image\/"},"sameAs":["https:\/\/www.facebook.com\/Fuentes-Fidedignas-368234489921644","https:\/\/x.com\/fidedignas"]},{"@type":"Person","@id":"https:\/\/fuentesfidedignas.com.mx\/#\/schema\/person\/67d852f0557c8509146a4b9ddebd543a","name":"L\u00f3pez D\u00f3riga","image":{"@type":"ImageObject","inLanguage":"es","@id":"https:\/\/secure.gravatar.com\/avatar\/e525b06574ca18b33cded59dfe5778d6c823b9513154eff47da551b0551bdd1e?s=96&d=mm&r=g","url":"https:\/\/secure.gravatar.com\/avatar\/e525b06574ca18b33cded59dfe5778d6c823b9513154eff47da551b0551bdd1e?s=96&d=mm&r=g","contentUrl":"https:\/\/secure.gravatar.com\/avatar\/e525b06574ca18b33cded59dfe5778d6c823b9513154eff47da551b0551bdd1e?s=96&d=mm&r=g","caption":"L\u00f3pez D\u00f3riga"},"url":"https:\/\/fuentesfidedignas.com.mx\/index.php\/author\/doriga\/"}]}},"_links":{"self":[{"href":"https:\/\/fuentesfidedignas.com.mx\/index.php\/wp-json\/wp\/v2\/posts\/78848","targetHints":{"allow":["GET"]}}],"collection":[{"href":"https:\/\/fuentesfidedignas.com.mx\/index.php\/wp-json\/wp\/v2\/posts"}],"about":[{"href":"https:\/\/fuentesfidedignas.com.mx\/index.php\/wp-json\/wp\/v2\/types\/post"}],"author":[{"embeddable":true,"href":"https:\/\/fuentesfidedignas.com.mx\/index.php\/wp-json\/wp\/v2\/users\/47"}],"replies":[{"embeddable":true,"href":"https:\/\/fuentesfidedignas.com.mx\/index.php\/wp-json\/wp\/v2\/comments?post=78848"}],"version-history":[{"count":1,"href":"https:\/\/fuentesfidedignas.com.mx\/index.php\/wp-json\/wp\/v2\/posts\/78848\/revisions"}],"predecessor-version":[{"id":78850,"href":"https:\/\/fuentesfidedignas.com.mx\/index.php\/wp-json\/wp\/v2\/posts\/78848\/revisions\/78850"}],"wp:featuredmedia":[{"embeddable":true,"href":"https:\/\/fuentesfidedignas.com.mx\/index.php\/wp-json\/wp\/v2\/media\/78849"}],"wp:attachment":[{"href":"https:\/\/fuentesfidedignas.com.mx\/index.php\/wp-json\/wp\/v2\/media?parent=78848"}],"wp:term":[{"taxonomy":"category","embeddable":true,"href":"https:\/\/fuentesfidedignas.com.mx\/index.php\/wp-json\/wp\/v2\/categories?post=78848"},{"taxonomy":"post_tag","embeddable":true,"href":"https:\/\/fuentesfidedignas.com.mx\/index.php\/wp-json\/wp\/v2\/tags?post=78848"}],"curies":[{"name":"wp","href":"https:\/\/api.w.org\/{rel}","templated":true}]}}