{"id":78797,"date":"2024-04-08T06:32:12","date_gmt":"2024-04-08T13:32:12","guid":{"rendered":"https:\/\/fuentesfidedignas.com.mx\/?p=78797"},"modified":"2024-04-08T06:32:12","modified_gmt":"2024-04-08T13:32:12","slug":"es-hoy-arranca-la-uas-su-proceso-de-preinscripciones-para-el-ciclo-escolar-2024-2025","status":"publish","type":"post","link":"https:\/\/fuentesfidedignas.com.mx\/index.php\/2024\/04\/08\/es-hoy-arranca-la-uas-su-proceso-de-preinscripciones-para-el-ciclo-escolar-2024-2025\/","title":{"rendered":"\u00a1Es hoy! Arranca la UAS su proceso de preinscripciones para el ciclo escolar 2024-2025"},"content":{"rendered":"\n<p><strong><em>La convocatoria fue publicada el pasado domingo 3 de marzo a trav\u00e9s de las plataformas institucionales; se tiene estimado ofertar m\u00e1s de 55 mil fichas para el nuevo ingreso al ciclo escolar 2024-2025, en ambos niveles.<\/em><\/strong><\/p>\n\n\n\n<p>Culiac\u00e1n, Sin.- La Universidad Aut\u00f3noma de Sinaloa (UAS) est\u00e1 lista para arrancar con el proceso de preinscripci\u00f3n a partir de hoy 8 de abril para el nivel medio superior y el 15 de abril para el nivel superior, en donde se tiene estimado ofertar m\u00e1s de 55 mil fichas para el nuevo ingreso al ciclo escolar 2024-2025, en ambos niveles.<\/p>\n\n\n\n<p>En reuni\u00f3n de trabajo la Comisi\u00f3n Institucional de Admisi\u00f3n encabezada por el Secretario General de la UAS, el doctor Candelario Ortiz Bueno y el Secretario Acad\u00e9mico, doctor Jorge Mil\u00e1n Carrillo, resaltaron el esfuerzo may\u00fasculo que hace la casa de estudios para refrendar su compromiso con la sociedad sinaloense, la cual pese a la situaci\u00f3n de incertidumbre que enfrenta, dar\u00e1 inicio al proceso de preinscripci\u00f3n, otorgando cobertura universal en el nivel bachillerato.<\/p>\n\n\n\n<p>\u201cCon este proceso daremos cumplimento a nuestra misi\u00f3n social de brindar acceso a la educaci\u00f3n en condiciones de equidad\u201d, expres\u00f3 Ortiz Bueno.<\/p>\n\n\n\n<p>Por su parte, el Director de Servicios Escolares, el doctor Alfonso Mercado G\u00f3mez especific\u00f3 las fechas en las que se estar\u00e1 desarrollando el proceso de preinscripci\u00f3n, cuya convocatoria fue publicada el pasado domingo 3 de marzo a trav\u00e9s de las plataformas institucionales, puntualizando que previo a este se realiz\u00f3 un exhaustivo an\u00e1lisis por unidad regional y en cada unidad acad\u00e9mica para determinar la capacidad de los programas educativos y la matr\u00edcula a ofertar el pr\u00f3ximo ciclo escolar.<\/p>\n\n\n\n<p>Inform\u00f3 que el portal de preinscripciones para el nivel bachillerato se abrir\u00e1 de forma diferenciada por unidad regional, iniciando el hoy 8 abril con la Unidad Regional Centro; 9 de abril en la Unidad Regional Centro-Norte; para la unidad Regional Norte, el 10 de abril, y en la Unidad Regional Sur se apertura el 11 de abril.<\/p>\n\n\n\n<iframe loading=\"lazy\" src=\"https:\/\/www.facebook.com\/plugins\/post.php?href=https%3A%2F%2Fwww.facebook.com%2FUASoficial%2Fposts%2Fpfbid02fD6jEwvWcSH4FDjpRwpXhaU3BaZKNWY3UankgSnmoRYGTY5RAVMTVCtjoi9oAqGWl&#038;show_text=true&#038;width=500\" width=\"500\" height=\"590\" style=\"border:none;overflow:hidden\" scrolling=\"no\" frameborder=\"0\" allowfullscreen=\"true\" allow=\"autoplay; clipboard-write; encrypted-media; picture-in-picture; web-share\"><\/iframe>\n\n\n\n<p>Para el nivel superior, la apertura de la plataforma se realizar\u00e1 por bloques, dando inicio el 15 de abril, con el Bloque \u201cA\u201d que integra las carreras de las \u00e1reas de las ciencias de la salud; el 16 de abril, el Bloque \u201cB\u201d que corresponde a las ingenier\u00edas; y el 17 de abril, es para el Bloque \u201cC\u201d que comprende las \u00e1reas de las ciencias sociales y humanidades.<\/p>\n\n\n\n<p>\u201cLa plataformas van a funcionar tal y como han funcionado en el ciclo anterior, toda va a ser a trav\u00e9s de las plataformas de Servicios Escolares, el proceso va a ser 100 por ciento en l\u00ednea e incluso se mantiene lo que es el pago en l\u00ednea, tanto de la ficha correspondiente como una vez que abramos el proceso de inscripci\u00f3n y reinscripci\u00f3n\u201d, indic\u00f3.<\/p>\n\n\n\n<iframe loading=\"lazy\" src=\"https:\/\/www.facebook.com\/plugins\/post.php?href=https%3A%2F%2Fwww.facebook.com%2FUASoficial%2Fposts%2Fpfbid0oGxSeQ7BBJt3dhkD6auuU9tXxi1TydGAmYsumSQDtQtjMjW5rkAd4VQTnVkA96frl&#038;show_text=true&#038;width=500\" width=\"500\" height=\"667\" style=\"border:none;overflow:hidden\" scrolling=\"no\" frameborder=\"0\" allowfullscreen=\"true\" allow=\"autoplay; clipboard-write; encrypted-media; picture-in-picture; web-share\"><\/iframe>\n\n\n\n<p>Se\u00f1al\u00f3 que el proceso de preinscripci\u00f3n UAS 2024 para ambos niveles educativos cierra el 10 de mayo; mientras que el examen institucional de diagn\u00f3stico y de admisi\u00f3n, se llevar\u00e1 a cabo el s\u00e1bado 15 de junio.<\/p>\n\n\n\n<p>\u201cEstamos en la posibilidad de recibir a 55 mil alumnos de nuevo ingreso, es decir de acuerdo a este primer diagn\u00f3stico que nos hizo llegar las diferentes unidades acad\u00e9micas\u201d, indic\u00f3.<\/p>\n\n\n\n<p>La M\u00e1xima Casa de Estudios cuenta con una oferta educativa en nivel bachillerato de 43 unidades acad\u00e9micas y 60 extensiones; y en lo que respecta al nivel superior su oferta es de 189 programas a trav\u00e9s de 58 planteles a lo largo y ancho de Sinaloa.<\/p>\n\n\n\n<p>Cabe mencionar que en dicha reuni\u00f3n se anunciaron cuatro nuevos programas de estudio que ofertar\u00e1 la instituci\u00f3n en el nivel superior: Ingenier\u00eda en Agrobiotecnolog\u00eda; Ingenier\u00eda en inteligencia y Anal\u00edtica de Negocios; Ingenier\u00eda Computacional de Procesos, as\u00ed como, la Licenciatura en Dise\u00f1o Industrial.<\/p>\n","protected":false},"excerpt":{"rendered":"<p>La convocatoria fue publicada el pasado domingo 3 de marzo a trav\u00e9s de las plataformas institucionales; se tiene estimado ofertar m\u00e1s de 55 mil fichas para el nuevo ingreso al ciclo escolar 2024-2025, en ambos niveles. Culiac\u00e1n, Sin.- La Universidad Aut\u00f3noma de Sinaloa (UAS) est\u00e1 lista para arrancar con el proceso de preinscripci\u00f3n a partir [&hellip;]<\/p>\n","protected":false},"author":4,"featured_media":57025,"comment_status":"open","ping_status":"open","sticky":false,"template":"","format":"standard","meta":{"tdm_status":"","tdm_grid_status":"","footnotes":""},"categories":[37],"tags":[],"class_list":{"0":"post-78797","1":"post","2":"type-post","3":"status-publish","4":"format-standard","5":"has-post-thumbnail","7":"category-nota-principal"},"yoast_head":"<!-- This site is optimized with the Yoast SEO plugin v27.4 - https:\/\/yoast.com\/product\/yoast-seo-wordpress\/ -->\n<title>\u00a1Es hoy! Arranca la UAS su proceso de preinscripciones para el ciclo escolar 2024-2025 - Fuentes Fidedignas<\/title>\n<meta name=\"robots\" content=\"index, follow, max-snippet:-1, max-image-preview:large, max-video-preview:-1\" \/>\n<link rel=\"canonical\" href=\"https:\/\/fuentesfidedignas.com.mx\/index.php\/2024\/04\/08\/es-hoy-arranca-la-uas-su-proceso-de-preinscripciones-para-el-ciclo-escolar-2024-2025\/\" \/>\n<meta property=\"og:locale\" content=\"es_MX\" \/>\n<meta property=\"og:type\" content=\"article\" \/>\n<meta property=\"og:title\" content=\"\u00a1Es hoy! Arranca la UAS su proceso de preinscripciones para el ciclo escolar 2024-2025 - Fuentes Fidedignas\" \/>\n<meta property=\"og:description\" content=\"La convocatoria fue publicada el pasado domingo 3 de marzo a trav\u00e9s de las plataformas institucionales; se tiene estimado ofertar m\u00e1s de 55 mil fichas para el nuevo ingreso al ciclo escolar 2024-2025, en ambos niveles. Culiac\u00e1n, Sin.- La Universidad Aut\u00f3noma de Sinaloa (UAS) est\u00e1 lista para arrancar con el proceso de preinscripci\u00f3n a partir [&hellip;]\" \/>\n<meta property=\"og:url\" content=\"https:\/\/fuentesfidedignas.com.mx\/index.php\/2024\/04\/08\/es-hoy-arranca-la-uas-su-proceso-de-preinscripciones-para-el-ciclo-escolar-2024-2025\/\" \/>\n<meta property=\"og:site_name\" content=\"Fuentes Fidedignas\" \/>\n<meta property=\"article:publisher\" content=\"https:\/\/www.facebook.com\/Fuentes-Fidedignas-368234489921644\" \/>\n<meta property=\"article:published_time\" content=\"2024-04-08T13:32:12+00:00\" \/>\n<meta property=\"og:image\" content=\"https:\/\/fuentesfidedignas.com.mx\/wp-content\/uploads\/2023\/08\/BACHILLERATO-UAS-4.jpg\" \/>\n\t<meta property=\"og:image:width\" content=\"1600\" \/>\n\t<meta property=\"og:image:height\" content=\"702\" \/>\n\t<meta property=\"og:image:type\" content=\"image\/jpeg\" \/>\n<meta name=\"author\" content=\"Redacci\u00f3n\" \/>\n<meta name=\"twitter:card\" content=\"summary_large_image\" \/>\n<meta name=\"twitter:creator\" content=\"@fidedignas\" \/>\n<meta name=\"twitter:site\" content=\"@fidedignas\" \/>\n<meta name=\"twitter:label1\" content=\"Escrito por\" \/>\n\t<meta name=\"twitter:data1\" content=\"Redacci\u00f3n\" \/>\n\t<meta name=\"twitter:label2\" content=\"Tiempo de lectura\" \/>\n\t<meta name=\"twitter:data2\" content=\"3 minutos\" \/>\n<script type=\"application\/ld+json\" class=\"yoast-schema-graph\">{\"@context\":\"https:\\\/\\\/schema.org\",\"@graph\":[{\"@type\":\"Article\",\"@id\":\"https:\\\/\\\/fuentesfidedignas.com.mx\\\/index.php\\\/2024\\\/04\\\/08\\\/es-hoy-arranca-la-uas-su-proceso-de-preinscripciones-para-el-ciclo-escolar-2024-2025\\\/#article\",\"isPartOf\":{\"@id\":\"https:\\\/\\\/fuentesfidedignas.com.mx\\\/index.php\\\/2024\\\/04\\\/08\\\/es-hoy-arranca-la-uas-su-proceso-de-preinscripciones-para-el-ciclo-escolar-2024-2025\\\/\"},\"author\":{\"name\":\"Redacci\u00f3n\",\"@id\":\"https:\\\/\\\/fuentesfidedignas.com.mx\\\/#\\\/schema\\\/person\\\/331be9283d37198e2acd5750279085b0\"},\"headline\":\"\u00a1Es hoy! Arranca la UAS su proceso de preinscripciones para el ciclo escolar 2024-2025\",\"datePublished\":\"2024-04-08T13:32:12+00:00\",\"mainEntityOfPage\":{\"@id\":\"https:\\\/\\\/fuentesfidedignas.com.mx\\\/index.php\\\/2024\\\/04\\\/08\\\/es-hoy-arranca-la-uas-su-proceso-de-preinscripciones-para-el-ciclo-escolar-2024-2025\\\/\"},\"wordCount\":649,\"commentCount\":0,\"publisher\":{\"@id\":\"https:\\\/\\\/fuentesfidedignas.com.mx\\\/#organization\"},\"image\":{\"@id\":\"https:\\\/\\\/fuentesfidedignas.com.mx\\\/index.php\\\/2024\\\/04\\\/08\\\/es-hoy-arranca-la-uas-su-proceso-de-preinscripciones-para-el-ciclo-escolar-2024-2025\\\/#primaryimage\"},\"thumbnailUrl\":\"https:\\\/\\\/fuentesfidedignas.com.mx\\\/wp-content\\\/uploads\\\/2023\\\/08\\\/BACHILLERATO-UAS-4.jpg\",\"articleSection\":[\"NOTA PRINCIPAL\"],\"inLanguage\":\"es\",\"potentialAction\":[{\"@type\":\"CommentAction\",\"name\":\"Comment\",\"target\":[\"https:\\\/\\\/fuentesfidedignas.com.mx\\\/index.php\\\/2024\\\/04\\\/08\\\/es-hoy-arranca-la-uas-su-proceso-de-preinscripciones-para-el-ciclo-escolar-2024-2025\\\/#respond\"]}]},{\"@type\":\"WebPage\",\"@id\":\"https:\\\/\\\/fuentesfidedignas.com.mx\\\/index.php\\\/2024\\\/04\\\/08\\\/es-hoy-arranca-la-uas-su-proceso-de-preinscripciones-para-el-ciclo-escolar-2024-2025\\\/\",\"url\":\"https:\\\/\\\/fuentesfidedignas.com.mx\\\/index.php\\\/2024\\\/04\\\/08\\\/es-hoy-arranca-la-uas-su-proceso-de-preinscripciones-para-el-ciclo-escolar-2024-2025\\\/\",\"name\":\"\u00a1Es hoy! Arranca la UAS su proceso de preinscripciones para el ciclo escolar 2024-2025 - Fuentes Fidedignas\",\"isPartOf\":{\"@id\":\"https:\\\/\\\/fuentesfidedignas.com.mx\\\/#website\"},\"primaryImageOfPage\":{\"@id\":\"https:\\\/\\\/fuentesfidedignas.com.mx\\\/index.php\\\/2024\\\/04\\\/08\\\/es-hoy-arranca-la-uas-su-proceso-de-preinscripciones-para-el-ciclo-escolar-2024-2025\\\/#primaryimage\"},\"image\":{\"@id\":\"https:\\\/\\\/fuentesfidedignas.com.mx\\\/index.php\\\/2024\\\/04\\\/08\\\/es-hoy-arranca-la-uas-su-proceso-de-preinscripciones-para-el-ciclo-escolar-2024-2025\\\/#primaryimage\"},\"thumbnailUrl\":\"https:\\\/\\\/fuentesfidedignas.com.mx\\\/wp-content\\\/uploads\\\/2023\\\/08\\\/BACHILLERATO-UAS-4.jpg\",\"datePublished\":\"2024-04-08T13:32:12+00:00\",\"breadcrumb\":{\"@id\":\"https:\\\/\\\/fuentesfidedignas.com.mx\\\/index.php\\\/2024\\\/04\\\/08\\\/es-hoy-arranca-la-uas-su-proceso-de-preinscripciones-para-el-ciclo-escolar-2024-2025\\\/#breadcrumb\"},\"inLanguage\":\"es\",\"potentialAction\":[{\"@type\":\"ReadAction\",\"target\":[\"https:\\\/\\\/fuentesfidedignas.com.mx\\\/index.php\\\/2024\\\/04\\\/08\\\/es-hoy-arranca-la-uas-su-proceso-de-preinscripciones-para-el-ciclo-escolar-2024-2025\\\/\"]}]},{\"@type\":\"ImageObject\",\"inLanguage\":\"es\",\"@id\":\"https:\\\/\\\/fuentesfidedignas.com.mx\\\/index.php\\\/2024\\\/04\\\/08\\\/es-hoy-arranca-la-uas-su-proceso-de-preinscripciones-para-el-ciclo-escolar-2024-2025\\\/#primaryimage\",\"url\":\"https:\\\/\\\/fuentesfidedignas.com.mx\\\/wp-content\\\/uploads\\\/2023\\\/08\\\/BACHILLERATO-UAS-4.jpg\",\"contentUrl\":\"https:\\\/\\\/fuentesfidedignas.com.mx\\\/wp-content\\\/uploads\\\/2023\\\/08\\\/BACHILLERATO-UAS-4.jpg\",\"width\":1600,\"height\":702},{\"@type\":\"BreadcrumbList\",\"@id\":\"https:\\\/\\\/fuentesfidedignas.com.mx\\\/index.php\\\/2024\\\/04\\\/08\\\/es-hoy-arranca-la-uas-su-proceso-de-preinscripciones-para-el-ciclo-escolar-2024-2025\\\/#breadcrumb\",\"itemListElement\":[{\"@type\":\"ListItem\",\"position\":1,\"name\":\"Inicio\",\"item\":\"https:\\\/\\\/fuentesfidedignas.com.mx\\\/\"},{\"@type\":\"ListItem\",\"position\":2,\"name\":\"\u00a1Es hoy! Arranca la UAS su proceso de preinscripciones para el ciclo escolar 2024-2025\"}]},{\"@type\":\"WebSite\",\"@id\":\"https:\\\/\\\/fuentesfidedignas.com.mx\\\/#website\",\"url\":\"https:\\\/\\\/fuentesfidedignas.com.mx\\\/\",\"name\":\"Fuentes Fidedignas\",\"description\":\"Otro sitio realizado con WordPress\",\"publisher\":{\"@id\":\"https:\\\/\\\/fuentesfidedignas.com.mx\\\/#organization\"},\"potentialAction\":[{\"@type\":\"SearchAction\",\"target\":{\"@type\":\"EntryPoint\",\"urlTemplate\":\"https:\\\/\\\/fuentesfidedignas.com.mx\\\/?s={search_term_string}\"},\"query-input\":{\"@type\":\"PropertyValueSpecification\",\"valueRequired\":true,\"valueName\":\"search_term_string\"}}],\"inLanguage\":\"es\"},{\"@type\":\"Organization\",\"@id\":\"https:\\\/\\\/fuentesfidedignas.com.mx\\\/#organization\",\"name\":\"Fuentes Fidedignas\",\"url\":\"https:\\\/\\\/fuentesfidedignas.com.mx\\\/\",\"logo\":{\"@type\":\"ImageObject\",\"inLanguage\":\"es\",\"@id\":\"https:\\\/\\\/fuentesfidedignas.com.mx\\\/#\\\/schema\\\/logo\\\/image\\\/\",\"url\":\"https:\\\/\\\/fuentesfidedignas.com.mx\\\/wp-content\\\/uploads\\\/2021\\\/04\\\/logo-retina.png\",\"contentUrl\":\"https:\\\/\\\/fuentesfidedignas.com.mx\\\/wp-content\\\/uploads\\\/2021\\\/04\\\/logo-retina.png\",\"width\":280,\"height\":51,\"caption\":\"Fuentes Fidedignas\"},\"image\":{\"@id\":\"https:\\\/\\\/fuentesfidedignas.com.mx\\\/#\\\/schema\\\/logo\\\/image\\\/\"},\"sameAs\":[\"https:\\\/\\\/www.facebook.com\\\/Fuentes-Fidedignas-368234489921644\",\"https:\\\/\\\/x.com\\\/fidedignas\"]},{\"@type\":\"Person\",\"@id\":\"https:\\\/\\\/fuentesfidedignas.com.mx\\\/#\\\/schema\\\/person\\\/331be9283d37198e2acd5750279085b0\",\"name\":\"Redacci\u00f3n\",\"image\":{\"@type\":\"ImageObject\",\"inLanguage\":\"es\",\"@id\":\"https:\\\/\\\/secure.gravatar.com\\\/avatar\\\/f6d8782c11d12b2d4ad3fbb6931aeab5309937a4d6cd2fc9cfaa28a6396a5aec?s=96&d=mm&r=g\",\"url\":\"https:\\\/\\\/secure.gravatar.com\\\/avatar\\\/f6d8782c11d12b2d4ad3fbb6931aeab5309937a4d6cd2fc9cfaa28a6396a5aec?s=96&d=mm&r=g\",\"contentUrl\":\"https:\\\/\\\/secure.gravatar.com\\\/avatar\\\/f6d8782c11d12b2d4ad3fbb6931aeab5309937a4d6cd2fc9cfaa28a6396a5aec?s=96&d=mm&r=g\",\"caption\":\"Redacci\u00f3n\"},\"url\":\"https:\\\/\\\/fuentesfidedignas.com.mx\\\/index.php\\\/author\\\/redaccion\\\/\"}]}<\/script>\n<!-- \/ Yoast SEO plugin. -->","yoast_head_json":{"title":"\u00a1Es hoy! Arranca la UAS su proceso de preinscripciones para el ciclo escolar 2024-2025 - Fuentes Fidedignas","robots":{"index":"index","follow":"follow","max-snippet":"max-snippet:-1","max-image-preview":"max-image-preview:large","max-video-preview":"max-video-preview:-1"},"canonical":"https:\/\/fuentesfidedignas.com.mx\/index.php\/2024\/04\/08\/es-hoy-arranca-la-uas-su-proceso-de-preinscripciones-para-el-ciclo-escolar-2024-2025\/","og_locale":"es_MX","og_type":"article","og_title":"\u00a1Es hoy! Arranca la UAS su proceso de preinscripciones para el ciclo escolar 2024-2025 - Fuentes Fidedignas","og_description":"La convocatoria fue publicada el pasado domingo 3 de marzo a trav\u00e9s de las plataformas institucionales; se tiene estimado ofertar m\u00e1s de 55 mil fichas para el nuevo ingreso al ciclo escolar 2024-2025, en ambos niveles. Culiac\u00e1n, Sin.- La Universidad Aut\u00f3noma de Sinaloa (UAS) est\u00e1 lista para arrancar con el proceso de preinscripci\u00f3n a partir [&hellip;]","og_url":"https:\/\/fuentesfidedignas.com.mx\/index.php\/2024\/04\/08\/es-hoy-arranca-la-uas-su-proceso-de-preinscripciones-para-el-ciclo-escolar-2024-2025\/","og_site_name":"Fuentes Fidedignas","article_publisher":"https:\/\/www.facebook.com\/Fuentes-Fidedignas-368234489921644","article_published_time":"2024-04-08T13:32:12+00:00","og_image":[{"width":1600,"height":702,"url":"https:\/\/fuentesfidedignas.com.mx\/wp-content\/uploads\/2023\/08\/BACHILLERATO-UAS-4.jpg","type":"image\/jpeg"}],"author":"Redacci\u00f3n","twitter_card":"summary_large_image","twitter_creator":"@fidedignas","twitter_site":"@fidedignas","twitter_misc":{"Escrito por":"Redacci\u00f3n","Tiempo de lectura":"3 minutos"},"schema":{"@context":"https:\/\/schema.org","@graph":[{"@type":"Article","@id":"https:\/\/fuentesfidedignas.com.mx\/index.php\/2024\/04\/08\/es-hoy-arranca-la-uas-su-proceso-de-preinscripciones-para-el-ciclo-escolar-2024-2025\/#article","isPartOf":{"@id":"https:\/\/fuentesfidedignas.com.mx\/index.php\/2024\/04\/08\/es-hoy-arranca-la-uas-su-proceso-de-preinscripciones-para-el-ciclo-escolar-2024-2025\/"},"author":{"name":"Redacci\u00f3n","@id":"https:\/\/fuentesfidedignas.com.mx\/#\/schema\/person\/331be9283d37198e2acd5750279085b0"},"headline":"\u00a1Es hoy! Arranca la UAS su proceso de preinscripciones para el ciclo escolar 2024-2025","datePublished":"2024-04-08T13:32:12+00:00","mainEntityOfPage":{"@id":"https:\/\/fuentesfidedignas.com.mx\/index.php\/2024\/04\/08\/es-hoy-arranca-la-uas-su-proceso-de-preinscripciones-para-el-ciclo-escolar-2024-2025\/"},"wordCount":649,"commentCount":0,"publisher":{"@id":"https:\/\/fuentesfidedignas.com.mx\/#organization"},"image":{"@id":"https:\/\/fuentesfidedignas.com.mx\/index.php\/2024\/04\/08\/es-hoy-arranca-la-uas-su-proceso-de-preinscripciones-para-el-ciclo-escolar-2024-2025\/#primaryimage"},"thumbnailUrl":"https:\/\/fuentesfidedignas.com.mx\/wp-content\/uploads\/2023\/08\/BACHILLERATO-UAS-4.jpg","articleSection":["NOTA PRINCIPAL"],"inLanguage":"es","potentialAction":[{"@type":"CommentAction","name":"Comment","target":["https:\/\/fuentesfidedignas.com.mx\/index.php\/2024\/04\/08\/es-hoy-arranca-la-uas-su-proceso-de-preinscripciones-para-el-ciclo-escolar-2024-2025\/#respond"]}]},{"@type":"WebPage","@id":"https:\/\/fuentesfidedignas.com.mx\/index.php\/2024\/04\/08\/es-hoy-arranca-la-uas-su-proceso-de-preinscripciones-para-el-ciclo-escolar-2024-2025\/","url":"https:\/\/fuentesfidedignas.com.mx\/index.php\/2024\/04\/08\/es-hoy-arranca-la-uas-su-proceso-de-preinscripciones-para-el-ciclo-escolar-2024-2025\/","name":"\u00a1Es hoy! Arranca la UAS su proceso de preinscripciones para el ciclo escolar 2024-2025 - Fuentes Fidedignas","isPartOf":{"@id":"https:\/\/fuentesfidedignas.com.mx\/#website"},"primaryImageOfPage":{"@id":"https:\/\/fuentesfidedignas.com.mx\/index.php\/2024\/04\/08\/es-hoy-arranca-la-uas-su-proceso-de-preinscripciones-para-el-ciclo-escolar-2024-2025\/#primaryimage"},"image":{"@id":"https:\/\/fuentesfidedignas.com.mx\/index.php\/2024\/04\/08\/es-hoy-arranca-la-uas-su-proceso-de-preinscripciones-para-el-ciclo-escolar-2024-2025\/#primaryimage"},"thumbnailUrl":"https:\/\/fuentesfidedignas.com.mx\/wp-content\/uploads\/2023\/08\/BACHILLERATO-UAS-4.jpg","datePublished":"2024-04-08T13:32:12+00:00","breadcrumb":{"@id":"https:\/\/fuentesfidedignas.com.mx\/index.php\/2024\/04\/08\/es-hoy-arranca-la-uas-su-proceso-de-preinscripciones-para-el-ciclo-escolar-2024-2025\/#breadcrumb"},"inLanguage":"es","potentialAction":[{"@type":"ReadAction","target":["https:\/\/fuentesfidedignas.com.mx\/index.php\/2024\/04\/08\/es-hoy-arranca-la-uas-su-proceso-de-preinscripciones-para-el-ciclo-escolar-2024-2025\/"]}]},{"@type":"ImageObject","inLanguage":"es","@id":"https:\/\/fuentesfidedignas.com.mx\/index.php\/2024\/04\/08\/es-hoy-arranca-la-uas-su-proceso-de-preinscripciones-para-el-ciclo-escolar-2024-2025\/#primaryimage","url":"https:\/\/fuentesfidedignas.com.mx\/wp-content\/uploads\/2023\/08\/BACHILLERATO-UAS-4.jpg","contentUrl":"https:\/\/fuentesfidedignas.com.mx\/wp-content\/uploads\/2023\/08\/BACHILLERATO-UAS-4.jpg","width":1600,"height":702},{"@type":"BreadcrumbList","@id":"https:\/\/fuentesfidedignas.com.mx\/index.php\/2024\/04\/08\/es-hoy-arranca-la-uas-su-proceso-de-preinscripciones-para-el-ciclo-escolar-2024-2025\/#breadcrumb","itemListElement":[{"@type":"ListItem","position":1,"name":"Inicio","item":"https:\/\/fuentesfidedignas.com.mx\/"},{"@type":"ListItem","position":2,"name":"\u00a1Es hoy! Arranca la UAS su proceso de preinscripciones para el ciclo escolar 2024-2025"}]},{"@type":"WebSite","@id":"https:\/\/fuentesfidedignas.com.mx\/#website","url":"https:\/\/fuentesfidedignas.com.mx\/","name":"Fuentes Fidedignas","description":"Otro sitio realizado con WordPress","publisher":{"@id":"https:\/\/fuentesfidedignas.com.mx\/#organization"},"potentialAction":[{"@type":"SearchAction","target":{"@type":"EntryPoint","urlTemplate":"https:\/\/fuentesfidedignas.com.mx\/?s={search_term_string}"},"query-input":{"@type":"PropertyValueSpecification","valueRequired":true,"valueName":"search_term_string"}}],"inLanguage":"es"},{"@type":"Organization","@id":"https:\/\/fuentesfidedignas.com.mx\/#organization","name":"Fuentes Fidedignas","url":"https:\/\/fuentesfidedignas.com.mx\/","logo":{"@type":"ImageObject","inLanguage":"es","@id":"https:\/\/fuentesfidedignas.com.mx\/#\/schema\/logo\/image\/","url":"https:\/\/fuentesfidedignas.com.mx\/wp-content\/uploads\/2021\/04\/logo-retina.png","contentUrl":"https:\/\/fuentesfidedignas.com.mx\/wp-content\/uploads\/2021\/04\/logo-retina.png","width":280,"height":51,"caption":"Fuentes Fidedignas"},"image":{"@id":"https:\/\/fuentesfidedignas.com.mx\/#\/schema\/logo\/image\/"},"sameAs":["https:\/\/www.facebook.com\/Fuentes-Fidedignas-368234489921644","https:\/\/x.com\/fidedignas"]},{"@type":"Person","@id":"https:\/\/fuentesfidedignas.com.mx\/#\/schema\/person\/331be9283d37198e2acd5750279085b0","name":"Redacci\u00f3n","image":{"@type":"ImageObject","inLanguage":"es","@id":"https:\/\/secure.gravatar.com\/avatar\/f6d8782c11d12b2d4ad3fbb6931aeab5309937a4d6cd2fc9cfaa28a6396a5aec?s=96&d=mm&r=g","url":"https:\/\/secure.gravatar.com\/avatar\/f6d8782c11d12b2d4ad3fbb6931aeab5309937a4d6cd2fc9cfaa28a6396a5aec?s=96&d=mm&r=g","contentUrl":"https:\/\/secure.gravatar.com\/avatar\/f6d8782c11d12b2d4ad3fbb6931aeab5309937a4d6cd2fc9cfaa28a6396a5aec?s=96&d=mm&r=g","caption":"Redacci\u00f3n"},"url":"https:\/\/fuentesfidedignas.com.mx\/index.php\/author\/redaccion\/"}]}},"_links":{"self":[{"href":"https:\/\/fuentesfidedignas.com.mx\/index.php\/wp-json\/wp\/v2\/posts\/78797","targetHints":{"allow":["GET"]}}],"collection":[{"href":"https:\/\/fuentesfidedignas.com.mx\/index.php\/wp-json\/wp\/v2\/posts"}],"about":[{"href":"https:\/\/fuentesfidedignas.com.mx\/index.php\/wp-json\/wp\/v2\/types\/post"}],"author":[{"embeddable":true,"href":"https:\/\/fuentesfidedignas.com.mx\/index.php\/wp-json\/wp\/v2\/users\/4"}],"replies":[{"embeddable":true,"href":"https:\/\/fuentesfidedignas.com.mx\/index.php\/wp-json\/wp\/v2\/comments?post=78797"}],"version-history":[{"count":2,"href":"https:\/\/fuentesfidedignas.com.mx\/index.php\/wp-json\/wp\/v2\/posts\/78797\/revisions"}],"predecessor-version":[{"id":78799,"href":"https:\/\/fuentesfidedignas.com.mx\/index.php\/wp-json\/wp\/v2\/posts\/78797\/revisions\/78799"}],"wp:featuredmedia":[{"embeddable":true,"href":"https:\/\/fuentesfidedignas.com.mx\/index.php\/wp-json\/wp\/v2\/media\/57025"}],"wp:attachment":[{"href":"https:\/\/fuentesfidedignas.com.mx\/index.php\/wp-json\/wp\/v2\/media?parent=78797"}],"wp:term":[{"taxonomy":"category","embeddable":true,"href":"https:\/\/fuentesfidedignas.com.mx\/index.php\/wp-json\/wp\/v2\/categories?post=78797"},{"taxonomy":"post_tag","embeddable":true,"href":"https:\/\/fuentesfidedignas.com.mx\/index.php\/wp-json\/wp\/v2\/tags?post=78797"}],"curies":[{"name":"wp","href":"https:\/\/api.w.org\/{rel}","templated":true}]}}