{"id":7867,"date":"2021-07-20T06:17:02","date_gmt":"2021-07-20T13:17:02","guid":{"rendered":"https:\/\/fuentesfidedignas.com.mx\/?p=7867"},"modified":"2021-07-20T06:17:04","modified_gmt":"2021-07-20T13:17:04","slug":"por-arribar-250-mil-vacunas-a-sinaloa-para-personas-de-30-a-39-anos","status":"publish","type":"post","link":"https:\/\/fuentesfidedignas.com.mx\/index.php\/2021\/07\/20\/por-arribar-250-mil-vacunas-a-sinaloa-para-personas-de-30-a-39-anos\/","title":{"rendered":"Por arribar 250 mil vacunas a Sinaloa para personas de 30 a 39 a\u00f1os"},"content":{"rendered":"\n<p><em><strong>Se busca concluir esta semana con la vacunaci\u00f3n de la poblaci\u00f3n en esa edad y continuar la siguiente semana con los j\u00f3venes de 18 a 29 a\u00f1os<\/strong><\/em><\/p>\n\n\n\n<p>Culiac\u00e1n, Sin.- Est\u00e1n por arribar al estado 250 mil dosis para terminar el esquema de vacunaci\u00f3n en personas de 30 a 39 a\u00f1os y la pr\u00f3xima semana iniciar con los j\u00f3venes de 18 a 29 a\u00f1os con lo que se busca bajar dr\u00e1sticamente los niveles de contagio de Covid, inform\u00f3 el gobernador Quirino Ordaz Coppel, durante un recorrido que hizo por las instalaciones del Centro Regulador de Urgencias M\u00e9dicas (CRUM), junto al secretario de Salud P\u00fablica, Dr. Efr\u00e9n Encinas Torres.<\/p>\n\n\n\n<p>En la sorpresiva visita al Call Center de Culiac\u00e1n, el gobernador supervis\u00f3 el trabajo que m\u00e9dicos y psic\u00f3logos, entre otros profesionales de la salud, llevan a cabo al atender a la ciudadan\u00eda sinaloense que as\u00ed lo requiere, con motivo de la pandemia por Covid-19, donde las llamadas se incrementaron exponencialmente las \u00faltimas semanas.<\/p>\n\n\n\n<p>\u201cSe est\u00e1n recibiendo un promedio de 800 llamadas diarias, es un n\u00famero muy importante pero eso habla del valor que tiene en la orientaci\u00f3n y en la atenci\u00f3n, y sobre todo lo que ayuda es a no hospitalizar a la gente, se logra darles el tratamiento, y en algunos casos cuando as\u00ed requiere el asunto, mandarles medicamentos a sus domicilios. De entre 40 y 50 llamadas que hab\u00eda en mayo, aumenta a 800 diarias\u201d, precis\u00f3 Quirino Ordaz.<\/p>\n\n\n\n<p>Por otro lado, destac\u00f3 que derivado de gestiones que ha hecho personalmente con el subsecretario de Salud Federal, Hugo L\u00f3pez Gatell, para obtener m\u00e1s apoyo en la agilizaci\u00f3n de vacunaci\u00f3n, est\u00e1n por llegar a Sinaloa 250 mil dosis de AstraZeneca, Sinovac y Cansino.<\/p>\n\n\n\n<p>\u201cGracias a la gesti\u00f3n que hicimos hace un par de semanas, esta semana se tendr\u00e1n ya 250 mil vacunas aqu\u00ed en Sinaloa, ya est\u00e1n llegando, y se aplicar\u00e1 a lo que falta de la poblaci\u00f3n de 30 a 39 a\u00f1os, vamos a dar mucha prioridad a todo lo que es Culiac\u00e1n y Mazatl\u00e1n que son los lugares de m\u00e1s alto contagio. Lo queremos terminar esta semana, para la semana que entra iniciar con la poblaci\u00f3n de 18 a 29 a\u00f1os\u201d, indic\u00f3.<\/p>\n\n\n\n<p>As\u00ed tambi\u00e9n, Quirino Ordaz a\u00f1adi\u00f3 que lo importante es reforzar las medidas preventivas en centros nocturnos y comercios, por lo que se reuni\u00f3 el Consejo Estatal de Seguridad de Salud.<\/p>\n\n\n\n<p>En ese mismo sentido, el secretario de Salud, Efr\u00e9n Encinas Torres, puntualiz\u00f3 que se llegaron a acuerdos en los municipios con m\u00e1s casos de contagios como son Mazatl\u00e1n y Culiac\u00e1n para disminuir aforos en \u00e1reas recreativas tales como bares, antros, gimnasios, entre otros, adem\u00e1s en transporte p\u00fablico, plazas comerciales y espacios cerrados.<\/p>\n\n\n\n<p>Gobierno del Estado de Sinaloa invita a la poblaci\u00f3n a hacer uso oportuno de la Atenci\u00f3n Covid a los n\u00fameros 6677130063 en Culiac\u00e1n, 6681234557 en Los Mochis, 687210659 en Guasave, 6736880630 en Guam\u00fachil, y 6699101839 en Mazatl\u00e1n.<\/p>\n","protected":false},"excerpt":{"rendered":"<p>Se busca concluir esta semana con la vacunaci\u00f3n de la poblaci\u00f3n en esa edad y continuar la siguiente semana con los j\u00f3venes de 18 a 29 a\u00f1os Culiac\u00e1n, Sin.- Est\u00e1n por arribar al estado 250 mil dosis para terminar el esquema de vacunaci\u00f3n en personas de 30 a 39 a\u00f1os y la pr\u00f3xima semana iniciar [&hellip;]<\/p>\n","protected":false},"author":4,"featured_media":7868,"comment_status":"open","ping_status":"open","sticky":false,"template":"","format":"standard","meta":{"tdm_status":"","tdm_grid_status":"","footnotes":""},"categories":[38],"tags":[],"class_list":{"0":"post-7867","1":"post","2":"type-post","3":"status-publish","4":"format-standard","5":"has-post-thumbnail","7":"category-noticias-locales"},"yoast_head":"<!-- This site is optimized with the Yoast SEO plugin v27.5 - https:\/\/yoast.com\/product\/yoast-seo-wordpress\/ -->\n<title>Por arribar 250 mil vacunas a Sinaloa para personas de 30 a 39 a\u00f1os - Fuentes Fidedignas<\/title>\n<meta name=\"robots\" content=\"index, follow, max-snippet:-1, max-image-preview:large, max-video-preview:-1\" \/>\n<link rel=\"canonical\" href=\"https:\/\/fuentesfidedignas.com.mx\/index.php\/2021\/07\/20\/por-arribar-250-mil-vacunas-a-sinaloa-para-personas-de-30-a-39-anos\/\" \/>\n<meta property=\"og:locale\" content=\"es_MX\" \/>\n<meta property=\"og:type\" content=\"article\" \/>\n<meta property=\"og:title\" content=\"Por arribar 250 mil vacunas a Sinaloa para personas de 30 a 39 a\u00f1os - Fuentes Fidedignas\" \/>\n<meta property=\"og:description\" content=\"Se busca concluir esta semana con la vacunaci\u00f3n de la poblaci\u00f3n en esa edad y continuar la siguiente semana con los j\u00f3venes de 18 a 29 a\u00f1os Culiac\u00e1n, Sin.- Est\u00e1n por arribar al estado 250 mil dosis para terminar el esquema de vacunaci\u00f3n en personas de 30 a 39 a\u00f1os y la pr\u00f3xima semana iniciar [&hellip;]\" \/>\n<meta property=\"og:url\" content=\"https:\/\/fuentesfidedignas.com.mx\/index.php\/2021\/07\/20\/por-arribar-250-mil-vacunas-a-sinaloa-para-personas-de-30-a-39-anos\/\" \/>\n<meta property=\"og:site_name\" content=\"Fuentes Fidedignas\" \/>\n<meta property=\"article:publisher\" content=\"https:\/\/www.facebook.com\/Fuentes-Fidedignas-368234489921644\" \/>\n<meta property=\"article:published_time\" content=\"2021-07-20T13:17:02+00:00\" \/>\n<meta property=\"article:modified_time\" content=\"2021-07-20T13:17:04+00:00\" \/>\n<meta property=\"og:image\" content=\"https:\/\/fuentesfidedignas.com.mx\/wp-content\/uploads\/2021\/07\/IMG-20210720-WA0007.jpg\" \/>\n\t<meta property=\"og:image:width\" content=\"1024\" \/>\n\t<meta property=\"og:image:height\" content=\"683\" \/>\n\t<meta property=\"og:image:type\" content=\"image\/jpeg\" \/>\n<meta name=\"author\" content=\"Redacci\u00f3n\" \/>\n<meta name=\"twitter:card\" content=\"summary_large_image\" \/>\n<meta name=\"twitter:creator\" content=\"@fidedignas\" \/>\n<meta name=\"twitter:site\" content=\"@fidedignas\" \/>\n<meta name=\"twitter:label1\" content=\"Escrito por\" \/>\n\t<meta name=\"twitter:data1\" content=\"Redacci\u00f3n\" \/>\n\t<meta name=\"twitter:label2\" content=\"Tiempo de lectura\" \/>\n\t<meta name=\"twitter:data2\" content=\"3 minutos\" \/>\n<script type=\"application\/ld+json\" class=\"yoast-schema-graph\">{\"@context\":\"https:\\\/\\\/schema.org\",\"@graph\":[{\"@type\":\"Article\",\"@id\":\"https:\\\/\\\/fuentesfidedignas.com.mx\\\/index.php\\\/2021\\\/07\\\/20\\\/por-arribar-250-mil-vacunas-a-sinaloa-para-personas-de-30-a-39-anos\\\/#article\",\"isPartOf\":{\"@id\":\"https:\\\/\\\/fuentesfidedignas.com.mx\\\/index.php\\\/2021\\\/07\\\/20\\\/por-arribar-250-mil-vacunas-a-sinaloa-para-personas-de-30-a-39-anos\\\/\"},\"author\":{\"name\":\"Redacci\u00f3n\",\"@id\":\"https:\\\/\\\/fuentesfidedignas.com.mx\\\/#\\\/schema\\\/person\\\/331be9283d37198e2acd5750279085b0\"},\"headline\":\"Por arribar 250 mil vacunas a Sinaloa para personas de 30 a 39 a\u00f1os\",\"datePublished\":\"2021-07-20T13:17:02+00:00\",\"dateModified\":\"2021-07-20T13:17:04+00:00\",\"mainEntityOfPage\":{\"@id\":\"https:\\\/\\\/fuentesfidedignas.com.mx\\\/index.php\\\/2021\\\/07\\\/20\\\/por-arribar-250-mil-vacunas-a-sinaloa-para-personas-de-30-a-39-anos\\\/\"},\"wordCount\":524,\"commentCount\":0,\"publisher\":{\"@id\":\"https:\\\/\\\/fuentesfidedignas.com.mx\\\/#organization\"},\"image\":{\"@id\":\"https:\\\/\\\/fuentesfidedignas.com.mx\\\/index.php\\\/2021\\\/07\\\/20\\\/por-arribar-250-mil-vacunas-a-sinaloa-para-personas-de-30-a-39-anos\\\/#primaryimage\"},\"thumbnailUrl\":\"https:\\\/\\\/fuentesfidedignas.com.mx\\\/wp-content\\\/uploads\\\/2021\\\/07\\\/IMG-20210720-WA0007.jpg\",\"articleSection\":[\"NOTICIAS LOCALES\"],\"inLanguage\":\"es\",\"potentialAction\":[{\"@type\":\"CommentAction\",\"name\":\"Comment\",\"target\":[\"https:\\\/\\\/fuentesfidedignas.com.mx\\\/index.php\\\/2021\\\/07\\\/20\\\/por-arribar-250-mil-vacunas-a-sinaloa-para-personas-de-30-a-39-anos\\\/#respond\"]}]},{\"@type\":\"WebPage\",\"@id\":\"https:\\\/\\\/fuentesfidedignas.com.mx\\\/index.php\\\/2021\\\/07\\\/20\\\/por-arribar-250-mil-vacunas-a-sinaloa-para-personas-de-30-a-39-anos\\\/\",\"url\":\"https:\\\/\\\/fuentesfidedignas.com.mx\\\/index.php\\\/2021\\\/07\\\/20\\\/por-arribar-250-mil-vacunas-a-sinaloa-para-personas-de-30-a-39-anos\\\/\",\"name\":\"Por arribar 250 mil vacunas a Sinaloa para personas de 30 a 39 a\u00f1os - Fuentes Fidedignas\",\"isPartOf\":{\"@id\":\"https:\\\/\\\/fuentesfidedignas.com.mx\\\/#website\"},\"primaryImageOfPage\":{\"@id\":\"https:\\\/\\\/fuentesfidedignas.com.mx\\\/index.php\\\/2021\\\/07\\\/20\\\/por-arribar-250-mil-vacunas-a-sinaloa-para-personas-de-30-a-39-anos\\\/#primaryimage\"},\"image\":{\"@id\":\"https:\\\/\\\/fuentesfidedignas.com.mx\\\/index.php\\\/2021\\\/07\\\/20\\\/por-arribar-250-mil-vacunas-a-sinaloa-para-personas-de-30-a-39-anos\\\/#primaryimage\"},\"thumbnailUrl\":\"https:\\\/\\\/fuentesfidedignas.com.mx\\\/wp-content\\\/uploads\\\/2021\\\/07\\\/IMG-20210720-WA0007.jpg\",\"datePublished\":\"2021-07-20T13:17:02+00:00\",\"dateModified\":\"2021-07-20T13:17:04+00:00\",\"breadcrumb\":{\"@id\":\"https:\\\/\\\/fuentesfidedignas.com.mx\\\/index.php\\\/2021\\\/07\\\/20\\\/por-arribar-250-mil-vacunas-a-sinaloa-para-personas-de-30-a-39-anos\\\/#breadcrumb\"},\"inLanguage\":\"es\",\"potentialAction\":[{\"@type\":\"ReadAction\",\"target\":[\"https:\\\/\\\/fuentesfidedignas.com.mx\\\/index.php\\\/2021\\\/07\\\/20\\\/por-arribar-250-mil-vacunas-a-sinaloa-para-personas-de-30-a-39-anos\\\/\"]}]},{\"@type\":\"ImageObject\",\"inLanguage\":\"es\",\"@id\":\"https:\\\/\\\/fuentesfidedignas.com.mx\\\/index.php\\\/2021\\\/07\\\/20\\\/por-arribar-250-mil-vacunas-a-sinaloa-para-personas-de-30-a-39-anos\\\/#primaryimage\",\"url\":\"https:\\\/\\\/fuentesfidedignas.com.mx\\\/wp-content\\\/uploads\\\/2021\\\/07\\\/IMG-20210720-WA0007.jpg\",\"contentUrl\":\"https:\\\/\\\/fuentesfidedignas.com.mx\\\/wp-content\\\/uploads\\\/2021\\\/07\\\/IMG-20210720-WA0007.jpg\",\"width\":1024,\"height\":683},{\"@type\":\"BreadcrumbList\",\"@id\":\"https:\\\/\\\/fuentesfidedignas.com.mx\\\/index.php\\\/2021\\\/07\\\/20\\\/por-arribar-250-mil-vacunas-a-sinaloa-para-personas-de-30-a-39-anos\\\/#breadcrumb\",\"itemListElement\":[{\"@type\":\"ListItem\",\"position\":1,\"name\":\"Inicio\",\"item\":\"https:\\\/\\\/fuentesfidedignas.com.mx\\\/\"},{\"@type\":\"ListItem\",\"position\":2,\"name\":\"Por arribar 250 mil vacunas a Sinaloa para personas de 30 a 39 a\u00f1os\"}]},{\"@type\":\"WebSite\",\"@id\":\"https:\\\/\\\/fuentesfidedignas.com.mx\\\/#website\",\"url\":\"https:\\\/\\\/fuentesfidedignas.com.mx\\\/\",\"name\":\"Fuentes Fidedignas\",\"description\":\"Otro sitio realizado con WordPress\",\"publisher\":{\"@id\":\"https:\\\/\\\/fuentesfidedignas.com.mx\\\/#organization\"},\"potentialAction\":[{\"@type\":\"SearchAction\",\"target\":{\"@type\":\"EntryPoint\",\"urlTemplate\":\"https:\\\/\\\/fuentesfidedignas.com.mx\\\/?s={search_term_string}\"},\"query-input\":{\"@type\":\"PropertyValueSpecification\",\"valueRequired\":true,\"valueName\":\"search_term_string\"}}],\"inLanguage\":\"es\"},{\"@type\":\"Organization\",\"@id\":\"https:\\\/\\\/fuentesfidedignas.com.mx\\\/#organization\",\"name\":\"Fuentes Fidedignas\",\"url\":\"https:\\\/\\\/fuentesfidedignas.com.mx\\\/\",\"logo\":{\"@type\":\"ImageObject\",\"inLanguage\":\"es\",\"@id\":\"https:\\\/\\\/fuentesfidedignas.com.mx\\\/#\\\/schema\\\/logo\\\/image\\\/\",\"url\":\"https:\\\/\\\/fuentesfidedignas.com.mx\\\/wp-content\\\/uploads\\\/2021\\\/04\\\/logo-retina.png\",\"contentUrl\":\"https:\\\/\\\/fuentesfidedignas.com.mx\\\/wp-content\\\/uploads\\\/2021\\\/04\\\/logo-retina.png\",\"width\":280,\"height\":51,\"caption\":\"Fuentes Fidedignas\"},\"image\":{\"@id\":\"https:\\\/\\\/fuentesfidedignas.com.mx\\\/#\\\/schema\\\/logo\\\/image\\\/\"},\"sameAs\":[\"https:\\\/\\\/www.facebook.com\\\/Fuentes-Fidedignas-368234489921644\",\"https:\\\/\\\/x.com\\\/fidedignas\"]},{\"@type\":\"Person\",\"@id\":\"https:\\\/\\\/fuentesfidedignas.com.mx\\\/#\\\/schema\\\/person\\\/331be9283d37198e2acd5750279085b0\",\"name\":\"Redacci\u00f3n\",\"image\":{\"@type\":\"ImageObject\",\"inLanguage\":\"es\",\"@id\":\"https:\\\/\\\/secure.gravatar.com\\\/avatar\\\/f6d8782c11d12b2d4ad3fbb6931aeab5309937a4d6cd2fc9cfaa28a6396a5aec?s=96&d=mm&r=g\",\"url\":\"https:\\\/\\\/secure.gravatar.com\\\/avatar\\\/f6d8782c11d12b2d4ad3fbb6931aeab5309937a4d6cd2fc9cfaa28a6396a5aec?s=96&d=mm&r=g\",\"contentUrl\":\"https:\\\/\\\/secure.gravatar.com\\\/avatar\\\/f6d8782c11d12b2d4ad3fbb6931aeab5309937a4d6cd2fc9cfaa28a6396a5aec?s=96&d=mm&r=g\",\"caption\":\"Redacci\u00f3n\"},\"url\":\"https:\\\/\\\/fuentesfidedignas.com.mx\\\/index.php\\\/author\\\/redaccion\\\/\"}]}<\/script>\n<!-- \/ Yoast SEO plugin. -->","yoast_head_json":{"title":"Por arribar 250 mil vacunas a Sinaloa para personas de 30 a 39 a\u00f1os - Fuentes Fidedignas","robots":{"index":"index","follow":"follow","max-snippet":"max-snippet:-1","max-image-preview":"max-image-preview:large","max-video-preview":"max-video-preview:-1"},"canonical":"https:\/\/fuentesfidedignas.com.mx\/index.php\/2021\/07\/20\/por-arribar-250-mil-vacunas-a-sinaloa-para-personas-de-30-a-39-anos\/","og_locale":"es_MX","og_type":"article","og_title":"Por arribar 250 mil vacunas a Sinaloa para personas de 30 a 39 a\u00f1os - Fuentes Fidedignas","og_description":"Se busca concluir esta semana con la vacunaci\u00f3n de la poblaci\u00f3n en esa edad y continuar la siguiente semana con los j\u00f3venes de 18 a 29 a\u00f1os Culiac\u00e1n, Sin.- Est\u00e1n por arribar al estado 250 mil dosis para terminar el esquema de vacunaci\u00f3n en personas de 30 a 39 a\u00f1os y la pr\u00f3xima semana iniciar [&hellip;]","og_url":"https:\/\/fuentesfidedignas.com.mx\/index.php\/2021\/07\/20\/por-arribar-250-mil-vacunas-a-sinaloa-para-personas-de-30-a-39-anos\/","og_site_name":"Fuentes Fidedignas","article_publisher":"https:\/\/www.facebook.com\/Fuentes-Fidedignas-368234489921644","article_published_time":"2021-07-20T13:17:02+00:00","article_modified_time":"2021-07-20T13:17:04+00:00","og_image":[{"width":1024,"height":683,"url":"https:\/\/fuentesfidedignas.com.mx\/wp-content\/uploads\/2021\/07\/IMG-20210720-WA0007.jpg","type":"image\/jpeg"}],"author":"Redacci\u00f3n","twitter_card":"summary_large_image","twitter_creator":"@fidedignas","twitter_site":"@fidedignas","twitter_misc":{"Escrito por":"Redacci\u00f3n","Tiempo de lectura":"3 minutos"},"schema":{"@context":"https:\/\/schema.org","@graph":[{"@type":"Article","@id":"https:\/\/fuentesfidedignas.com.mx\/index.php\/2021\/07\/20\/por-arribar-250-mil-vacunas-a-sinaloa-para-personas-de-30-a-39-anos\/#article","isPartOf":{"@id":"https:\/\/fuentesfidedignas.com.mx\/index.php\/2021\/07\/20\/por-arribar-250-mil-vacunas-a-sinaloa-para-personas-de-30-a-39-anos\/"},"author":{"name":"Redacci\u00f3n","@id":"https:\/\/fuentesfidedignas.com.mx\/#\/schema\/person\/331be9283d37198e2acd5750279085b0"},"headline":"Por arribar 250 mil vacunas a Sinaloa para personas de 30 a 39 a\u00f1os","datePublished":"2021-07-20T13:17:02+00:00","dateModified":"2021-07-20T13:17:04+00:00","mainEntityOfPage":{"@id":"https:\/\/fuentesfidedignas.com.mx\/index.php\/2021\/07\/20\/por-arribar-250-mil-vacunas-a-sinaloa-para-personas-de-30-a-39-anos\/"},"wordCount":524,"commentCount":0,"publisher":{"@id":"https:\/\/fuentesfidedignas.com.mx\/#organization"},"image":{"@id":"https:\/\/fuentesfidedignas.com.mx\/index.php\/2021\/07\/20\/por-arribar-250-mil-vacunas-a-sinaloa-para-personas-de-30-a-39-anos\/#primaryimage"},"thumbnailUrl":"https:\/\/fuentesfidedignas.com.mx\/wp-content\/uploads\/2021\/07\/IMG-20210720-WA0007.jpg","articleSection":["NOTICIAS LOCALES"],"inLanguage":"es","potentialAction":[{"@type":"CommentAction","name":"Comment","target":["https:\/\/fuentesfidedignas.com.mx\/index.php\/2021\/07\/20\/por-arribar-250-mil-vacunas-a-sinaloa-para-personas-de-30-a-39-anos\/#respond"]}]},{"@type":"WebPage","@id":"https:\/\/fuentesfidedignas.com.mx\/index.php\/2021\/07\/20\/por-arribar-250-mil-vacunas-a-sinaloa-para-personas-de-30-a-39-anos\/","url":"https:\/\/fuentesfidedignas.com.mx\/index.php\/2021\/07\/20\/por-arribar-250-mil-vacunas-a-sinaloa-para-personas-de-30-a-39-anos\/","name":"Por arribar 250 mil vacunas a Sinaloa para personas de 30 a 39 a\u00f1os - Fuentes Fidedignas","isPartOf":{"@id":"https:\/\/fuentesfidedignas.com.mx\/#website"},"primaryImageOfPage":{"@id":"https:\/\/fuentesfidedignas.com.mx\/index.php\/2021\/07\/20\/por-arribar-250-mil-vacunas-a-sinaloa-para-personas-de-30-a-39-anos\/#primaryimage"},"image":{"@id":"https:\/\/fuentesfidedignas.com.mx\/index.php\/2021\/07\/20\/por-arribar-250-mil-vacunas-a-sinaloa-para-personas-de-30-a-39-anos\/#primaryimage"},"thumbnailUrl":"https:\/\/fuentesfidedignas.com.mx\/wp-content\/uploads\/2021\/07\/IMG-20210720-WA0007.jpg","datePublished":"2021-07-20T13:17:02+00:00","dateModified":"2021-07-20T13:17:04+00:00","breadcrumb":{"@id":"https:\/\/fuentesfidedignas.com.mx\/index.php\/2021\/07\/20\/por-arribar-250-mil-vacunas-a-sinaloa-para-personas-de-30-a-39-anos\/#breadcrumb"},"inLanguage":"es","potentialAction":[{"@type":"ReadAction","target":["https:\/\/fuentesfidedignas.com.mx\/index.php\/2021\/07\/20\/por-arribar-250-mil-vacunas-a-sinaloa-para-personas-de-30-a-39-anos\/"]}]},{"@type":"ImageObject","inLanguage":"es","@id":"https:\/\/fuentesfidedignas.com.mx\/index.php\/2021\/07\/20\/por-arribar-250-mil-vacunas-a-sinaloa-para-personas-de-30-a-39-anos\/#primaryimage","url":"https:\/\/fuentesfidedignas.com.mx\/wp-content\/uploads\/2021\/07\/IMG-20210720-WA0007.jpg","contentUrl":"https:\/\/fuentesfidedignas.com.mx\/wp-content\/uploads\/2021\/07\/IMG-20210720-WA0007.jpg","width":1024,"height":683},{"@type":"BreadcrumbList","@id":"https:\/\/fuentesfidedignas.com.mx\/index.php\/2021\/07\/20\/por-arribar-250-mil-vacunas-a-sinaloa-para-personas-de-30-a-39-anos\/#breadcrumb","itemListElement":[{"@type":"ListItem","position":1,"name":"Inicio","item":"https:\/\/fuentesfidedignas.com.mx\/"},{"@type":"ListItem","position":2,"name":"Por arribar 250 mil vacunas a Sinaloa para personas de 30 a 39 a\u00f1os"}]},{"@type":"WebSite","@id":"https:\/\/fuentesfidedignas.com.mx\/#website","url":"https:\/\/fuentesfidedignas.com.mx\/","name":"Fuentes Fidedignas","description":"Otro sitio realizado con WordPress","publisher":{"@id":"https:\/\/fuentesfidedignas.com.mx\/#organization"},"potentialAction":[{"@type":"SearchAction","target":{"@type":"EntryPoint","urlTemplate":"https:\/\/fuentesfidedignas.com.mx\/?s={search_term_string}"},"query-input":{"@type":"PropertyValueSpecification","valueRequired":true,"valueName":"search_term_string"}}],"inLanguage":"es"},{"@type":"Organization","@id":"https:\/\/fuentesfidedignas.com.mx\/#organization","name":"Fuentes Fidedignas","url":"https:\/\/fuentesfidedignas.com.mx\/","logo":{"@type":"ImageObject","inLanguage":"es","@id":"https:\/\/fuentesfidedignas.com.mx\/#\/schema\/logo\/image\/","url":"https:\/\/fuentesfidedignas.com.mx\/wp-content\/uploads\/2021\/04\/logo-retina.png","contentUrl":"https:\/\/fuentesfidedignas.com.mx\/wp-content\/uploads\/2021\/04\/logo-retina.png","width":280,"height":51,"caption":"Fuentes Fidedignas"},"image":{"@id":"https:\/\/fuentesfidedignas.com.mx\/#\/schema\/logo\/image\/"},"sameAs":["https:\/\/www.facebook.com\/Fuentes-Fidedignas-368234489921644","https:\/\/x.com\/fidedignas"]},{"@type":"Person","@id":"https:\/\/fuentesfidedignas.com.mx\/#\/schema\/person\/331be9283d37198e2acd5750279085b0","name":"Redacci\u00f3n","image":{"@type":"ImageObject","inLanguage":"es","@id":"https:\/\/secure.gravatar.com\/avatar\/f6d8782c11d12b2d4ad3fbb6931aeab5309937a4d6cd2fc9cfaa28a6396a5aec?s=96&d=mm&r=g","url":"https:\/\/secure.gravatar.com\/avatar\/f6d8782c11d12b2d4ad3fbb6931aeab5309937a4d6cd2fc9cfaa28a6396a5aec?s=96&d=mm&r=g","contentUrl":"https:\/\/secure.gravatar.com\/avatar\/f6d8782c11d12b2d4ad3fbb6931aeab5309937a4d6cd2fc9cfaa28a6396a5aec?s=96&d=mm&r=g","caption":"Redacci\u00f3n"},"url":"https:\/\/fuentesfidedignas.com.mx\/index.php\/author\/redaccion\/"}]}},"_links":{"self":[{"href":"https:\/\/fuentesfidedignas.com.mx\/index.php\/wp-json\/wp\/v2\/posts\/7867","targetHints":{"allow":["GET"]}}],"collection":[{"href":"https:\/\/fuentesfidedignas.com.mx\/index.php\/wp-json\/wp\/v2\/posts"}],"about":[{"href":"https:\/\/fuentesfidedignas.com.mx\/index.php\/wp-json\/wp\/v2\/types\/post"}],"author":[{"embeddable":true,"href":"https:\/\/fuentesfidedignas.com.mx\/index.php\/wp-json\/wp\/v2\/users\/4"}],"replies":[{"embeddable":true,"href":"https:\/\/fuentesfidedignas.com.mx\/index.php\/wp-json\/wp\/v2\/comments?post=7867"}],"version-history":[{"count":1,"href":"https:\/\/fuentesfidedignas.com.mx\/index.php\/wp-json\/wp\/v2\/posts\/7867\/revisions"}],"predecessor-version":[{"id":7869,"href":"https:\/\/fuentesfidedignas.com.mx\/index.php\/wp-json\/wp\/v2\/posts\/7867\/revisions\/7869"}],"wp:featuredmedia":[{"embeddable":true,"href":"https:\/\/fuentesfidedignas.com.mx\/index.php\/wp-json\/wp\/v2\/media\/7868"}],"wp:attachment":[{"href":"https:\/\/fuentesfidedignas.com.mx\/index.php\/wp-json\/wp\/v2\/media?parent=7867"}],"wp:term":[{"taxonomy":"category","embeddable":true,"href":"https:\/\/fuentesfidedignas.com.mx\/index.php\/wp-json\/wp\/v2\/categories?post=7867"},{"taxonomy":"post_tag","embeddable":true,"href":"https:\/\/fuentesfidedignas.com.mx\/index.php\/wp-json\/wp\/v2\/tags?post=7867"}],"curies":[{"name":"wp","href":"https:\/\/api.w.org\/{rel}","templated":true}]}}