{"id":78295,"date":"2024-04-02T07:19:03","date_gmt":"2024-04-02T14:19:03","guid":{"rendered":"https:\/\/fuentesfidedignas.com.mx\/?p=78295"},"modified":"2024-04-02T09:34:56","modified_gmt":"2024-04-02T16:34:56","slug":"hoy-se-conmemora-el-dia-de-la-concientizacion-sobre-el-autismo","status":"publish","type":"post","link":"https:\/\/fuentesfidedignas.com.mx\/index.php\/2024\/04\/02\/hoy-se-conmemora-el-dia-de-la-concientizacion-sobre-el-autismo\/","title":{"rendered":"Hoy se conmemora el D\u00eda Mundial de la Concientizaci\u00f3n sobre el Autismo"},"content":{"rendered":"\n<p><strong><em>El d\u00eda 2 de abril se conmemora el D\u00eda Mundial de Concienciaci\u00f3n sobre el Autismo, una fecha instaurada por la Asamblea General de las Naciones Unidas<\/em><\/strong><\/p>\n\n\n\n<p>El 2 de abril se conmemora el D\u00eda Mundial de Concienciaci\u00f3n sobre el Autismo, una fecha establecida por la Asamblea General de las Naciones Unidas el 18 de diciembre de 2007. El objetivo es sensibilizar y concienciar a m\u00e1s personas sobre las condiciones del espectro autista.<\/p>\n\n\n\n<p>El autismo, una condici\u00f3n de vida, cuyas causas a\u00fan se desconocen completamente, se cree que tiene un componente gen\u00e9tico asociado a factores ambientales. Impacta la interacci\u00f3n social, la comunicaci\u00f3n, la conducta, el lenguaje y la integraci\u00f3n sensorial de las personas.<\/p>\n\n\n\n<p>Es crucial comprender que el autismo no es una enfermedad. Las personas que viven con \u00e9l experimentan el mundo de manera diferente, interpretando palabras, colores, formas y sonidos de manera \u00fanica. Con un tratamiento terap\u00e9utico personalizado y especializado, se puede mejorar significativamente su calidad de vida.<\/p>\n\n\n\n<figure class=\"wp-block-embed is-type-rich is-provider-twitter wp-block-embed-twitter\"><div class=\"wp-block-embed__wrapper\">\n<blockquote class=\"twitter-tweet\" data-width=\"550\" data-dnt=\"true\"><p lang=\"es\" dir=\"ltr\">\u00a1Erradiquemos estigmas!<br>En el marco del D\u00eda Mundial de Concienciaci\u00f3n sobre el Autismo, el instituto hace llamado a sensibilizarse sobre esta condici\u00f3n. <a href=\"https:\/\/t.co\/hHBdpQJu0B\">pic.twitter.com\/hHBdpQJu0B<\/a><\/p>&mdash; ISSSTE (@ISSSTE_mx) <a href=\"https:\/\/twitter.com\/ISSSTE_mx\/status\/1774903301705769170?ref_src=twsrc%5Etfw\">April 1, 2024<\/a><\/blockquote><script async src=\"https:\/\/platform.twitter.com\/widgets.js\" charset=\"utf-8\"><\/script>\n<\/div><\/figure>\n\n\n\n<p>Seg\u00fan la Organizaci\u00f3n Mundial de la Salud (OMS), 1 de cada 160 ni\u00f1os en el mundo presenta autismo, y esta incidencia se incrementa anualmente en un 17%. Sorprendentemente, cada a\u00f1o se diagnostican m\u00e1s casos de autismo que de SIDA, c\u00e1ncer y diabetes combinados.<\/p>\n\n\n\n<p>En M\u00e9xico, un estudio auspiciado por Autism Speaks (2016) estima que 1 de cada 115 ni\u00f1os tiene autismo, aproximadamente el 1% de la poblaci\u00f3n infantil. Sin embargo, a\u00fan queda por explorar la incidencia en la vida adulta y el conocimiento de la situaci\u00f3n en la adolescencia.<\/p>\n\n\n\n<p>El autismo se ha identificado simb\u00f3licamente con el color azul y una pieza de rompecabezas. El azul representa la tranquilidad que tanto las familias como las personas dentro del espectro autista necesitan. La pieza de rompecabezas simboliza que quienes tienen autismo no se a\u00edslan por elecci\u00f3n, sino que requieren el apoyo y la comprensi\u00f3n de los dem\u00e1s.<\/p>\n","protected":false},"excerpt":{"rendered":"<p>El d\u00eda 2 de abril se conmemora el D\u00eda Mundial de Concienciaci\u00f3n sobre el Autismo, una fecha instaurada por la Asamblea General de las Naciones Unidas El 2 de abril se conmemora el D\u00eda Mundial de Concienciaci\u00f3n sobre el Autismo, una fecha establecida por la Asamblea General de las Naciones Unidas el 18 de diciembre [&hellip;]<\/p>\n","protected":false},"author":37,"featured_media":78297,"comment_status":"open","ping_status":"open","sticky":false,"template":"","format":"standard","meta":{"tdm_status":"","tdm_grid_status":"","footnotes":""},"categories":[37],"tags":[],"class_list":{"0":"post-78295","1":"post","2":"type-post","3":"status-publish","4":"format-standard","5":"has-post-thumbnail","7":"category-nota-principal"},"yoast_head":"<!-- This site is optimized with the Yoast SEO plugin v27.5 - https:\/\/yoast.com\/product\/yoast-seo-wordpress\/ -->\n<title>Hoy se conmemora el D\u00eda Mundial de la Concientizaci\u00f3n sobre el Autismo - Fuentes Fidedignas<\/title>\n<meta name=\"robots\" content=\"index, follow, max-snippet:-1, max-image-preview:large, max-video-preview:-1\" \/>\n<link rel=\"canonical\" href=\"https:\/\/fuentesfidedignas.com.mx\/index.php\/2024\/04\/02\/hoy-se-conmemora-el-dia-de-la-concientizacion-sobre-el-autismo\/\" \/>\n<meta property=\"og:locale\" content=\"es_MX\" \/>\n<meta property=\"og:type\" content=\"article\" \/>\n<meta property=\"og:title\" content=\"Hoy se conmemora el D\u00eda Mundial de la Concientizaci\u00f3n sobre el Autismo - Fuentes Fidedignas\" \/>\n<meta property=\"og:description\" content=\"El d\u00eda 2 de abril se conmemora el D\u00eda Mundial de Concienciaci\u00f3n sobre el Autismo, una fecha instaurada por la Asamblea General de las Naciones Unidas El 2 de abril se conmemora el D\u00eda Mundial de Concienciaci\u00f3n sobre el Autismo, una fecha establecida por la Asamblea General de las Naciones Unidas el 18 de diciembre [&hellip;]\" \/>\n<meta property=\"og:url\" content=\"https:\/\/fuentesfidedignas.com.mx\/index.php\/2024\/04\/02\/hoy-se-conmemora-el-dia-de-la-concientizacion-sobre-el-autismo\/\" \/>\n<meta property=\"og:site_name\" content=\"Fuentes Fidedignas\" \/>\n<meta property=\"article:publisher\" content=\"https:\/\/www.facebook.com\/Fuentes-Fidedignas-368234489921644\" \/>\n<meta property=\"article:published_time\" content=\"2024-04-02T14:19:03+00:00\" \/>\n<meta property=\"article:modified_time\" content=\"2024-04-02T16:34:56+00:00\" \/>\n<meta property=\"og:image\" content=\"https:\/\/fuentesfidedignas.com.mx\/wp-content\/uploads\/2024\/04\/autismo-.jpg\" \/>\n\t<meta property=\"og:image:width\" content=\"600\" \/>\n\t<meta property=\"og:image:height\" content=\"375\" \/>\n\t<meta property=\"og:image:type\" content=\"image\/jpeg\" \/>\n<meta name=\"author\" content=\"Heraldo de M\u00e9xico\" \/>\n<meta name=\"twitter:card\" content=\"summary_large_image\" \/>\n<meta name=\"twitter:creator\" content=\"@fidedignas\" \/>\n<meta name=\"twitter:site\" content=\"@fidedignas\" \/>\n<meta name=\"twitter:label1\" content=\"Escrito por\" \/>\n\t<meta name=\"twitter:data1\" content=\"Heraldo de M\u00e9xico\" \/>\n\t<meta name=\"twitter:label2\" content=\"Tiempo de lectura\" \/>\n\t<meta name=\"twitter:data2\" content=\"2 minutos\" \/>\n<script type=\"application\/ld+json\" class=\"yoast-schema-graph\">{\"@context\":\"https:\\\/\\\/schema.org\",\"@graph\":[{\"@type\":\"Article\",\"@id\":\"https:\\\/\\\/fuentesfidedignas.com.mx\\\/index.php\\\/2024\\\/04\\\/02\\\/hoy-se-conmemora-el-dia-de-la-concientizacion-sobre-el-autismo\\\/#article\",\"isPartOf\":{\"@id\":\"https:\\\/\\\/fuentesfidedignas.com.mx\\\/index.php\\\/2024\\\/04\\\/02\\\/hoy-se-conmemora-el-dia-de-la-concientizacion-sobre-el-autismo\\\/\"},\"author\":{\"name\":\"Heraldo de M\u00e9xico\",\"@id\":\"https:\\\/\\\/fuentesfidedignas.com.mx\\\/#\\\/schema\\\/person\\\/1c75a595e538894333ebe35c2bf6e23a\"},\"headline\":\"Hoy se conmemora el D\u00eda Mundial de la Concientizaci\u00f3n sobre el Autismo\",\"datePublished\":\"2024-04-02T14:19:03+00:00\",\"dateModified\":\"2024-04-02T16:34:56+00:00\",\"mainEntityOfPage\":{\"@id\":\"https:\\\/\\\/fuentesfidedignas.com.mx\\\/index.php\\\/2024\\\/04\\\/02\\\/hoy-se-conmemora-el-dia-de-la-concientizacion-sobre-el-autismo\\\/\"},\"wordCount\":341,\"commentCount\":0,\"publisher\":{\"@id\":\"https:\\\/\\\/fuentesfidedignas.com.mx\\\/#organization\"},\"image\":{\"@id\":\"https:\\\/\\\/fuentesfidedignas.com.mx\\\/index.php\\\/2024\\\/04\\\/02\\\/hoy-se-conmemora-el-dia-de-la-concientizacion-sobre-el-autismo\\\/#primaryimage\"},\"thumbnailUrl\":\"https:\\\/\\\/fuentesfidedignas.com.mx\\\/wp-content\\\/uploads\\\/2024\\\/04\\\/autismo-.jpg\",\"articleSection\":[\"NOTA PRINCIPAL\"],\"inLanguage\":\"es\",\"potentialAction\":[{\"@type\":\"CommentAction\",\"name\":\"Comment\",\"target\":[\"https:\\\/\\\/fuentesfidedignas.com.mx\\\/index.php\\\/2024\\\/04\\\/02\\\/hoy-se-conmemora-el-dia-de-la-concientizacion-sobre-el-autismo\\\/#respond\"]}]},{\"@type\":\"WebPage\",\"@id\":\"https:\\\/\\\/fuentesfidedignas.com.mx\\\/index.php\\\/2024\\\/04\\\/02\\\/hoy-se-conmemora-el-dia-de-la-concientizacion-sobre-el-autismo\\\/\",\"url\":\"https:\\\/\\\/fuentesfidedignas.com.mx\\\/index.php\\\/2024\\\/04\\\/02\\\/hoy-se-conmemora-el-dia-de-la-concientizacion-sobre-el-autismo\\\/\",\"name\":\"Hoy se conmemora el D\u00eda Mundial de la Concientizaci\u00f3n sobre el Autismo - Fuentes Fidedignas\",\"isPartOf\":{\"@id\":\"https:\\\/\\\/fuentesfidedignas.com.mx\\\/#website\"},\"primaryImageOfPage\":{\"@id\":\"https:\\\/\\\/fuentesfidedignas.com.mx\\\/index.php\\\/2024\\\/04\\\/02\\\/hoy-se-conmemora-el-dia-de-la-concientizacion-sobre-el-autismo\\\/#primaryimage\"},\"image\":{\"@id\":\"https:\\\/\\\/fuentesfidedignas.com.mx\\\/index.php\\\/2024\\\/04\\\/02\\\/hoy-se-conmemora-el-dia-de-la-concientizacion-sobre-el-autismo\\\/#primaryimage\"},\"thumbnailUrl\":\"https:\\\/\\\/fuentesfidedignas.com.mx\\\/wp-content\\\/uploads\\\/2024\\\/04\\\/autismo-.jpg\",\"datePublished\":\"2024-04-02T14:19:03+00:00\",\"dateModified\":\"2024-04-02T16:34:56+00:00\",\"breadcrumb\":{\"@id\":\"https:\\\/\\\/fuentesfidedignas.com.mx\\\/index.php\\\/2024\\\/04\\\/02\\\/hoy-se-conmemora-el-dia-de-la-concientizacion-sobre-el-autismo\\\/#breadcrumb\"},\"inLanguage\":\"es\",\"potentialAction\":[{\"@type\":\"ReadAction\",\"target\":[\"https:\\\/\\\/fuentesfidedignas.com.mx\\\/index.php\\\/2024\\\/04\\\/02\\\/hoy-se-conmemora-el-dia-de-la-concientizacion-sobre-el-autismo\\\/\"]}]},{\"@type\":\"ImageObject\",\"inLanguage\":\"es\",\"@id\":\"https:\\\/\\\/fuentesfidedignas.com.mx\\\/index.php\\\/2024\\\/04\\\/02\\\/hoy-se-conmemora-el-dia-de-la-concientizacion-sobre-el-autismo\\\/#primaryimage\",\"url\":\"https:\\\/\\\/fuentesfidedignas.com.mx\\\/wp-content\\\/uploads\\\/2024\\\/04\\\/autismo-.jpg\",\"contentUrl\":\"https:\\\/\\\/fuentesfidedignas.com.mx\\\/wp-content\\\/uploads\\\/2024\\\/04\\\/autismo-.jpg\",\"width\":600,\"height\":375},{\"@type\":\"BreadcrumbList\",\"@id\":\"https:\\\/\\\/fuentesfidedignas.com.mx\\\/index.php\\\/2024\\\/04\\\/02\\\/hoy-se-conmemora-el-dia-de-la-concientizacion-sobre-el-autismo\\\/#breadcrumb\",\"itemListElement\":[{\"@type\":\"ListItem\",\"position\":1,\"name\":\"Inicio\",\"item\":\"https:\\\/\\\/fuentesfidedignas.com.mx\\\/\"},{\"@type\":\"ListItem\",\"position\":2,\"name\":\"Hoy se conmemora el D\u00eda Mundial de la Concientizaci\u00f3n sobre el Autismo\"}]},{\"@type\":\"WebSite\",\"@id\":\"https:\\\/\\\/fuentesfidedignas.com.mx\\\/#website\",\"url\":\"https:\\\/\\\/fuentesfidedignas.com.mx\\\/\",\"name\":\"Fuentes Fidedignas\",\"description\":\"Otro sitio realizado con WordPress\",\"publisher\":{\"@id\":\"https:\\\/\\\/fuentesfidedignas.com.mx\\\/#organization\"},\"potentialAction\":[{\"@type\":\"SearchAction\",\"target\":{\"@type\":\"EntryPoint\",\"urlTemplate\":\"https:\\\/\\\/fuentesfidedignas.com.mx\\\/?s={search_term_string}\"},\"query-input\":{\"@type\":\"PropertyValueSpecification\",\"valueRequired\":true,\"valueName\":\"search_term_string\"}}],\"inLanguage\":\"es\"},{\"@type\":\"Organization\",\"@id\":\"https:\\\/\\\/fuentesfidedignas.com.mx\\\/#organization\",\"name\":\"Fuentes Fidedignas\",\"url\":\"https:\\\/\\\/fuentesfidedignas.com.mx\\\/\",\"logo\":{\"@type\":\"ImageObject\",\"inLanguage\":\"es\",\"@id\":\"https:\\\/\\\/fuentesfidedignas.com.mx\\\/#\\\/schema\\\/logo\\\/image\\\/\",\"url\":\"https:\\\/\\\/fuentesfidedignas.com.mx\\\/wp-content\\\/uploads\\\/2021\\\/04\\\/logo-retina.png\",\"contentUrl\":\"https:\\\/\\\/fuentesfidedignas.com.mx\\\/wp-content\\\/uploads\\\/2021\\\/04\\\/logo-retina.png\",\"width\":280,\"height\":51,\"caption\":\"Fuentes Fidedignas\"},\"image\":{\"@id\":\"https:\\\/\\\/fuentesfidedignas.com.mx\\\/#\\\/schema\\\/logo\\\/image\\\/\"},\"sameAs\":[\"https:\\\/\\\/www.facebook.com\\\/Fuentes-Fidedignas-368234489921644\",\"https:\\\/\\\/x.com\\\/fidedignas\"]},{\"@type\":\"Person\",\"@id\":\"https:\\\/\\\/fuentesfidedignas.com.mx\\\/#\\\/schema\\\/person\\\/1c75a595e538894333ebe35c2bf6e23a\",\"name\":\"Heraldo de M\u00e9xico\",\"image\":{\"@type\":\"ImageObject\",\"inLanguage\":\"es\",\"@id\":\"https:\\\/\\\/secure.gravatar.com\\\/avatar\\\/6a6c40de68e5cf2d8aac15267bd2dad2b9fdeb309dac7c5a7c2bb87ed5b81cb6?s=96&d=mm&r=g\",\"url\":\"https:\\\/\\\/secure.gravatar.com\\\/avatar\\\/6a6c40de68e5cf2d8aac15267bd2dad2b9fdeb309dac7c5a7c2bb87ed5b81cb6?s=96&d=mm&r=g\",\"contentUrl\":\"https:\\\/\\\/secure.gravatar.com\\\/avatar\\\/6a6c40de68e5cf2d8aac15267bd2dad2b9fdeb309dac7c5a7c2bb87ed5b81cb6?s=96&d=mm&r=g\",\"caption\":\"Heraldo de M\u00e9xico\"},\"url\":\"https:\\\/\\\/fuentesfidedignas.com.mx\\\/index.php\\\/author\\\/heraldo\\\/\"}]}<\/script>\n<!-- \/ Yoast SEO plugin. -->","yoast_head_json":{"title":"Hoy se conmemora el D\u00eda Mundial de la Concientizaci\u00f3n sobre el Autismo - Fuentes Fidedignas","robots":{"index":"index","follow":"follow","max-snippet":"max-snippet:-1","max-image-preview":"max-image-preview:large","max-video-preview":"max-video-preview:-1"},"canonical":"https:\/\/fuentesfidedignas.com.mx\/index.php\/2024\/04\/02\/hoy-se-conmemora-el-dia-de-la-concientizacion-sobre-el-autismo\/","og_locale":"es_MX","og_type":"article","og_title":"Hoy se conmemora el D\u00eda Mundial de la Concientizaci\u00f3n sobre el Autismo - Fuentes Fidedignas","og_description":"El d\u00eda 2 de abril se conmemora el D\u00eda Mundial de Concienciaci\u00f3n sobre el Autismo, una fecha instaurada por la Asamblea General de las Naciones Unidas El 2 de abril se conmemora el D\u00eda Mundial de Concienciaci\u00f3n sobre el Autismo, una fecha establecida por la Asamblea General de las Naciones Unidas el 18 de diciembre [&hellip;]","og_url":"https:\/\/fuentesfidedignas.com.mx\/index.php\/2024\/04\/02\/hoy-se-conmemora-el-dia-de-la-concientizacion-sobre-el-autismo\/","og_site_name":"Fuentes Fidedignas","article_publisher":"https:\/\/www.facebook.com\/Fuentes-Fidedignas-368234489921644","article_published_time":"2024-04-02T14:19:03+00:00","article_modified_time":"2024-04-02T16:34:56+00:00","og_image":[{"width":600,"height":375,"url":"https:\/\/fuentesfidedignas.com.mx\/wp-content\/uploads\/2024\/04\/autismo-.jpg","type":"image\/jpeg"}],"author":"Heraldo de M\u00e9xico","twitter_card":"summary_large_image","twitter_creator":"@fidedignas","twitter_site":"@fidedignas","twitter_misc":{"Escrito por":"Heraldo de M\u00e9xico","Tiempo de lectura":"2 minutos"},"schema":{"@context":"https:\/\/schema.org","@graph":[{"@type":"Article","@id":"https:\/\/fuentesfidedignas.com.mx\/index.php\/2024\/04\/02\/hoy-se-conmemora-el-dia-de-la-concientizacion-sobre-el-autismo\/#article","isPartOf":{"@id":"https:\/\/fuentesfidedignas.com.mx\/index.php\/2024\/04\/02\/hoy-se-conmemora-el-dia-de-la-concientizacion-sobre-el-autismo\/"},"author":{"name":"Heraldo de M\u00e9xico","@id":"https:\/\/fuentesfidedignas.com.mx\/#\/schema\/person\/1c75a595e538894333ebe35c2bf6e23a"},"headline":"Hoy se conmemora el D\u00eda Mundial de la Concientizaci\u00f3n sobre el Autismo","datePublished":"2024-04-02T14:19:03+00:00","dateModified":"2024-04-02T16:34:56+00:00","mainEntityOfPage":{"@id":"https:\/\/fuentesfidedignas.com.mx\/index.php\/2024\/04\/02\/hoy-se-conmemora-el-dia-de-la-concientizacion-sobre-el-autismo\/"},"wordCount":341,"commentCount":0,"publisher":{"@id":"https:\/\/fuentesfidedignas.com.mx\/#organization"},"image":{"@id":"https:\/\/fuentesfidedignas.com.mx\/index.php\/2024\/04\/02\/hoy-se-conmemora-el-dia-de-la-concientizacion-sobre-el-autismo\/#primaryimage"},"thumbnailUrl":"https:\/\/fuentesfidedignas.com.mx\/wp-content\/uploads\/2024\/04\/autismo-.jpg","articleSection":["NOTA PRINCIPAL"],"inLanguage":"es","potentialAction":[{"@type":"CommentAction","name":"Comment","target":["https:\/\/fuentesfidedignas.com.mx\/index.php\/2024\/04\/02\/hoy-se-conmemora-el-dia-de-la-concientizacion-sobre-el-autismo\/#respond"]}]},{"@type":"WebPage","@id":"https:\/\/fuentesfidedignas.com.mx\/index.php\/2024\/04\/02\/hoy-se-conmemora-el-dia-de-la-concientizacion-sobre-el-autismo\/","url":"https:\/\/fuentesfidedignas.com.mx\/index.php\/2024\/04\/02\/hoy-se-conmemora-el-dia-de-la-concientizacion-sobre-el-autismo\/","name":"Hoy se conmemora el D\u00eda Mundial de la Concientizaci\u00f3n sobre el Autismo - Fuentes Fidedignas","isPartOf":{"@id":"https:\/\/fuentesfidedignas.com.mx\/#website"},"primaryImageOfPage":{"@id":"https:\/\/fuentesfidedignas.com.mx\/index.php\/2024\/04\/02\/hoy-se-conmemora-el-dia-de-la-concientizacion-sobre-el-autismo\/#primaryimage"},"image":{"@id":"https:\/\/fuentesfidedignas.com.mx\/index.php\/2024\/04\/02\/hoy-se-conmemora-el-dia-de-la-concientizacion-sobre-el-autismo\/#primaryimage"},"thumbnailUrl":"https:\/\/fuentesfidedignas.com.mx\/wp-content\/uploads\/2024\/04\/autismo-.jpg","datePublished":"2024-04-02T14:19:03+00:00","dateModified":"2024-04-02T16:34:56+00:00","breadcrumb":{"@id":"https:\/\/fuentesfidedignas.com.mx\/index.php\/2024\/04\/02\/hoy-se-conmemora-el-dia-de-la-concientizacion-sobre-el-autismo\/#breadcrumb"},"inLanguage":"es","potentialAction":[{"@type":"ReadAction","target":["https:\/\/fuentesfidedignas.com.mx\/index.php\/2024\/04\/02\/hoy-se-conmemora-el-dia-de-la-concientizacion-sobre-el-autismo\/"]}]},{"@type":"ImageObject","inLanguage":"es","@id":"https:\/\/fuentesfidedignas.com.mx\/index.php\/2024\/04\/02\/hoy-se-conmemora-el-dia-de-la-concientizacion-sobre-el-autismo\/#primaryimage","url":"https:\/\/fuentesfidedignas.com.mx\/wp-content\/uploads\/2024\/04\/autismo-.jpg","contentUrl":"https:\/\/fuentesfidedignas.com.mx\/wp-content\/uploads\/2024\/04\/autismo-.jpg","width":600,"height":375},{"@type":"BreadcrumbList","@id":"https:\/\/fuentesfidedignas.com.mx\/index.php\/2024\/04\/02\/hoy-se-conmemora-el-dia-de-la-concientizacion-sobre-el-autismo\/#breadcrumb","itemListElement":[{"@type":"ListItem","position":1,"name":"Inicio","item":"https:\/\/fuentesfidedignas.com.mx\/"},{"@type":"ListItem","position":2,"name":"Hoy se conmemora el D\u00eda Mundial de la Concientizaci\u00f3n sobre el Autismo"}]},{"@type":"WebSite","@id":"https:\/\/fuentesfidedignas.com.mx\/#website","url":"https:\/\/fuentesfidedignas.com.mx\/","name":"Fuentes Fidedignas","description":"Otro sitio realizado con WordPress","publisher":{"@id":"https:\/\/fuentesfidedignas.com.mx\/#organization"},"potentialAction":[{"@type":"SearchAction","target":{"@type":"EntryPoint","urlTemplate":"https:\/\/fuentesfidedignas.com.mx\/?s={search_term_string}"},"query-input":{"@type":"PropertyValueSpecification","valueRequired":true,"valueName":"search_term_string"}}],"inLanguage":"es"},{"@type":"Organization","@id":"https:\/\/fuentesfidedignas.com.mx\/#organization","name":"Fuentes Fidedignas","url":"https:\/\/fuentesfidedignas.com.mx\/","logo":{"@type":"ImageObject","inLanguage":"es","@id":"https:\/\/fuentesfidedignas.com.mx\/#\/schema\/logo\/image\/","url":"https:\/\/fuentesfidedignas.com.mx\/wp-content\/uploads\/2021\/04\/logo-retina.png","contentUrl":"https:\/\/fuentesfidedignas.com.mx\/wp-content\/uploads\/2021\/04\/logo-retina.png","width":280,"height":51,"caption":"Fuentes Fidedignas"},"image":{"@id":"https:\/\/fuentesfidedignas.com.mx\/#\/schema\/logo\/image\/"},"sameAs":["https:\/\/www.facebook.com\/Fuentes-Fidedignas-368234489921644","https:\/\/x.com\/fidedignas"]},{"@type":"Person","@id":"https:\/\/fuentesfidedignas.com.mx\/#\/schema\/person\/1c75a595e538894333ebe35c2bf6e23a","name":"Heraldo de M\u00e9xico","image":{"@type":"ImageObject","inLanguage":"es","@id":"https:\/\/secure.gravatar.com\/avatar\/6a6c40de68e5cf2d8aac15267bd2dad2b9fdeb309dac7c5a7c2bb87ed5b81cb6?s=96&d=mm&r=g","url":"https:\/\/secure.gravatar.com\/avatar\/6a6c40de68e5cf2d8aac15267bd2dad2b9fdeb309dac7c5a7c2bb87ed5b81cb6?s=96&d=mm&r=g","contentUrl":"https:\/\/secure.gravatar.com\/avatar\/6a6c40de68e5cf2d8aac15267bd2dad2b9fdeb309dac7c5a7c2bb87ed5b81cb6?s=96&d=mm&r=g","caption":"Heraldo de M\u00e9xico"},"url":"https:\/\/fuentesfidedignas.com.mx\/index.php\/author\/heraldo\/"}]}},"_links":{"self":[{"href":"https:\/\/fuentesfidedignas.com.mx\/index.php\/wp-json\/wp\/v2\/posts\/78295","targetHints":{"allow":["GET"]}}],"collection":[{"href":"https:\/\/fuentesfidedignas.com.mx\/index.php\/wp-json\/wp\/v2\/posts"}],"about":[{"href":"https:\/\/fuentesfidedignas.com.mx\/index.php\/wp-json\/wp\/v2\/types\/post"}],"author":[{"embeddable":true,"href":"https:\/\/fuentesfidedignas.com.mx\/index.php\/wp-json\/wp\/v2\/users\/37"}],"replies":[{"embeddable":true,"href":"https:\/\/fuentesfidedignas.com.mx\/index.php\/wp-json\/wp\/v2\/comments?post=78295"}],"version-history":[{"count":2,"href":"https:\/\/fuentesfidedignas.com.mx\/index.php\/wp-json\/wp\/v2\/posts\/78295\/revisions"}],"predecessor-version":[{"id":78309,"href":"https:\/\/fuentesfidedignas.com.mx\/index.php\/wp-json\/wp\/v2\/posts\/78295\/revisions\/78309"}],"wp:featuredmedia":[{"embeddable":true,"href":"https:\/\/fuentesfidedignas.com.mx\/index.php\/wp-json\/wp\/v2\/media\/78297"}],"wp:attachment":[{"href":"https:\/\/fuentesfidedignas.com.mx\/index.php\/wp-json\/wp\/v2\/media?parent=78295"}],"wp:term":[{"taxonomy":"category","embeddable":true,"href":"https:\/\/fuentesfidedignas.com.mx\/index.php\/wp-json\/wp\/v2\/categories?post=78295"},{"taxonomy":"post_tag","embeddable":true,"href":"https:\/\/fuentesfidedignas.com.mx\/index.php\/wp-json\/wp\/v2\/tags?post=78295"}],"curies":[{"name":"wp","href":"https:\/\/api.w.org\/{rel}","templated":true}]}}