{"id":78257,"date":"2024-04-01T16:12:08","date_gmt":"2024-04-01T23:12:08","guid":{"rendered":"https:\/\/fuentesfidedignas.com.mx\/?p=78257"},"modified":"2024-04-01T16:12:09","modified_gmt":"2024-04-01T23:12:09","slug":"inauguran-taller-de-investigacion-en-salud-para-medicos-residentes-en-el-hospital-general-de-culiacan","status":"publish","type":"post","link":"https:\/\/fuentesfidedignas.com.mx\/index.php\/2024\/04\/01\/inauguran-taller-de-investigacion-en-salud-para-medicos-residentes-en-el-hospital-general-de-culiacan\/","title":{"rendered":"Inauguran Taller de Investigaci\u00f3n en Salud para M\u00e9dicos Residentes en el Hospital General de Culiac\u00e1n"},"content":{"rendered":"\n<p>Culiac\u00e1n, Sin.- Este lunes fue inaugurado este lunes el Curso-Taller \u201cinvestigaci\u00f3n en Salud\u201d que organizan los departamentos de ense\u00f1anza m\u00e9dica e investigaci\u00f3n del Hospital General de Culiac\u00e1n \u201cDr. Bernardo J. Gast\u00e9lum\u201d.<\/p>\n\n\n\n<p>El programa se desarrollar\u00e1 del 1 de abril al 27 de mayo de 2024, los lunes y martes de cada semana, teniendo como sede el Auditorio \u201cDr. Jes\u00fas Kumate Rodr\u00edguez\u201d.<\/p>\n\n\n\n<p>La Dra. Mar\u00eda Luisa Moya Palazuelos, jefa del departamento de ense\u00f1anza m\u00e9dica y la Dra. Oralia Sandoval Guerrero, jefa del departamento de investigaci\u00f3n est\u00e1n a cargo de este ejercicio acad\u00e9mico.<\/p>\n\n\n\n<p>Esta ma\u00f1ana los participantes hicieron una evaluaci\u00f3n inicial en una din\u00e1mica que busca que los residentes de nuevo ingreso adquieran los conocimientos para dise\u00f1ar una investigaci\u00f3n con apego cient\u00edfico.<\/p>\n\n\n\n<p>El Dr. Jes\u00fas Salvador Velarde F\u00e9lix fue el primer ponente de este Curso-Taller, quien este lunes brind\u00f3 una introducci\u00f3n a la metodolog\u00eda de la investigaci\u00f3n, abordando los referentes conceptuales, etapas, dimensiones y m\u00e9todos generales de la investigaci\u00f3n.<\/p>\n\n\n\n<p>Al exponer los criterios para seleccionar el tema de investigaci\u00f3n, el Dr. Salvador Velarde puso como origen la necesidad de precisar la preparaci\u00f3n, curiosidad, reflexi\u00f3n, vocaci\u00f3n, experiencia y l\u00ednea de investigaci\u00f3n del investigador.<\/p>\n\n\n\n<p>Como caracter\u00edsticas se\u00f1al\u00f3 el inter\u00e9s del tema para el investigador, importancia, novedad, originalidad, viabilidad o precisi\u00f3n.<\/p>\n\n\n\n<p>Posteriormente destac\u00f3 la asesor\u00eda como el camino para buscar el v\u00ednculo con profesores o investigadores que le puedan orientar al residente en la elecci\u00f3n y en la consecuci\u00f3n del trabajo de investigaci\u00f3n.<\/p>\n\n\n\n<p>Sobre los gustos o deseos personales advirti\u00f3 que es recomendable que el alumno elija el tema que m\u00e1s le guste y finalmente, sobre la factibilidad del tema, apunt\u00f3 que se debe contar con la bibliograf\u00eda adecuada, los recursos humanos y financieros suficientes.<\/p>\n\n\n\n<p>Coment\u00f3 que un m\u00e9dico de Guadalajara estudio neurociencias e hizo investigaciones de Alzheimer porque su mam\u00e1 ten\u00eda Alzheimer, una doctora hizo investigaciones sobre asma por una situaci\u00f3n similar, o puede ser que a lo largo de la carrera un tema haya generado curiosidad, al destacar que debe existir una motivaci\u00f3n o un inter\u00e9s por parte del investigador para realizar su trabajo.<\/p>\n\n\n\n<p>Subray\u00f3 que un proceso de investigaci\u00f3n es un proceso sistem\u00e1tico que implica tres fases: planeaci\u00f3n, ejecuci\u00f3n, y evaluaci\u00f3n y divulgaci\u00f3n.<\/p>\n\n\n\n<p>En una exposici\u00f3n pormenorizada enfatiz\u00f3 el valor de plantearse las preguntas b\u00e1sicas en cada investigaci\u00f3n como son: \u201c\u00bfQu\u00e9? \u00bfPor qu\u00e9? \u00bfC\u00f3mo? \u00bfD\u00f3nde? \u00bfQui\u00e9nes? \u00bfCu\u00e1ndo? \u00bfCon qu\u00e9?\u201d<\/p>\n\n\n\n<p>En su exposici\u00f3n advirti\u00f3 que los residentes tendr\u00edan los conocimientos para realizar su tesis pero manifest\u00f3 que ser\u00eda extraordinario que por el empe\u00f1o y la calidad del trabajo pudieran realizar una publicaci\u00f3n cient\u00edfica e ir m\u00e1s all\u00e1 en este esfuerzo de investigaci\u00f3n.<\/p>\n\n\n\n<p>Ma\u00f1ana martes el ponente explicar\u00e1 los antecedentes o estado del arte, las funciones del marco te\u00f3rico y referente te\u00f3rico, proceso de revisi\u00f3n documental, registros documentales y la construcci\u00f3n de perspectiva te\u00f3rica.<\/p>\n\n\n\n<p>El curso-taller de Metodolog\u00eda de la investigaci\u00f3n tiene como prop\u00f3sito compartir, analizar y aplicar las herramientas y procedimientos metodol\u00f3gicos para lograr dise\u00f1ar un proyecto de investigaci\u00f3n de calidad.<\/p>\n","protected":false},"excerpt":{"rendered":"<p>Culiac\u00e1n, Sin.- Este lunes fue inaugurado este lunes el Curso-Taller \u201cinvestigaci\u00f3n en Salud\u201d que organizan los departamentos de ense\u00f1anza m\u00e9dica e investigaci\u00f3n del Hospital General de Culiac\u00e1n \u201cDr. Bernardo J. Gast\u00e9lum\u201d. El programa se desarrollar\u00e1 del 1 de abril al 27 de mayo de 2024, los lunes y martes de cada semana, teniendo como sede [&hellip;]<\/p>\n","protected":false},"author":4,"featured_media":78258,"comment_status":"open","ping_status":"open","sticky":false,"template":"","format":"standard","meta":{"tdm_status":"","tdm_grid_status":"","footnotes":""},"categories":[1],"tags":[],"class_list":{"0":"post-78257","1":"post","2":"type-post","3":"status-publish","4":"format-standard","5":"has-post-thumbnail","7":"category-sin-categoria"},"yoast_head":"<!-- This site is optimized with the Yoast SEO plugin v27.5 - https:\/\/yoast.com\/product\/yoast-seo-wordpress\/ -->\n<title>Inauguran Taller de Investigaci\u00f3n en Salud para M\u00e9dicos Residentes en el Hospital General de Culiac\u00e1n - Fuentes Fidedignas<\/title>\n<meta name=\"robots\" content=\"index, follow, max-snippet:-1, max-image-preview:large, max-video-preview:-1\" \/>\n<link rel=\"canonical\" href=\"https:\/\/fuentesfidedignas.com.mx\/index.php\/2024\/04\/01\/inauguran-taller-de-investigacion-en-salud-para-medicos-residentes-en-el-hospital-general-de-culiacan\/\" \/>\n<meta property=\"og:locale\" content=\"es_MX\" \/>\n<meta property=\"og:type\" content=\"article\" \/>\n<meta property=\"og:title\" content=\"Inauguran Taller de Investigaci\u00f3n en Salud para M\u00e9dicos Residentes en el Hospital General de Culiac\u00e1n - Fuentes Fidedignas\" \/>\n<meta property=\"og:description\" content=\"Culiac\u00e1n, Sin.- Este lunes fue inaugurado este lunes el Curso-Taller \u201cinvestigaci\u00f3n en Salud\u201d que organizan los departamentos de ense\u00f1anza m\u00e9dica e investigaci\u00f3n del Hospital General de Culiac\u00e1n \u201cDr. Bernardo J. Gast\u00e9lum\u201d. El programa se desarrollar\u00e1 del 1 de abril al 27 de mayo de 2024, los lunes y martes de cada semana, teniendo como sede [&hellip;]\" \/>\n<meta property=\"og:url\" content=\"https:\/\/fuentesfidedignas.com.mx\/index.php\/2024\/04\/01\/inauguran-taller-de-investigacion-en-salud-para-medicos-residentes-en-el-hospital-general-de-culiacan\/\" \/>\n<meta property=\"og:site_name\" content=\"Fuentes Fidedignas\" \/>\n<meta property=\"article:publisher\" content=\"https:\/\/www.facebook.com\/Fuentes-Fidedignas-368234489921644\" \/>\n<meta property=\"article:published_time\" content=\"2024-04-01T23:12:08+00:00\" \/>\n<meta property=\"article:modified_time\" content=\"2024-04-01T23:12:09+00:00\" \/>\n<meta property=\"og:image\" content=\"https:\/\/fuentesfidedignas.com.mx\/wp-content\/uploads\/2024\/04\/WhatsApp-Image-2024-04-01-at-3.33.18-PM.jpeg\" \/>\n\t<meta property=\"og:image:width\" content=\"600\" \/>\n\t<meta property=\"og:image:height\" content=\"465\" \/>\n\t<meta property=\"og:image:type\" content=\"image\/jpeg\" \/>\n<meta name=\"author\" content=\"Redacci\u00f3n\" \/>\n<meta name=\"twitter:card\" content=\"summary_large_image\" \/>\n<meta name=\"twitter:creator\" content=\"@fidedignas\" \/>\n<meta name=\"twitter:site\" content=\"@fidedignas\" \/>\n<meta name=\"twitter:label1\" content=\"Escrito por\" \/>\n\t<meta name=\"twitter:data1\" content=\"Redacci\u00f3n\" \/>\n\t<meta name=\"twitter:label2\" content=\"Tiempo de lectura\" \/>\n\t<meta name=\"twitter:data2\" content=\"3 minutos\" \/>\n<script type=\"application\/ld+json\" class=\"yoast-schema-graph\">{\"@context\":\"https:\\\/\\\/schema.org\",\"@graph\":[{\"@type\":\"Article\",\"@id\":\"https:\\\/\\\/fuentesfidedignas.com.mx\\\/index.php\\\/2024\\\/04\\\/01\\\/inauguran-taller-de-investigacion-en-salud-para-medicos-residentes-en-el-hospital-general-de-culiacan\\\/#article\",\"isPartOf\":{\"@id\":\"https:\\\/\\\/fuentesfidedignas.com.mx\\\/index.php\\\/2024\\\/04\\\/01\\\/inauguran-taller-de-investigacion-en-salud-para-medicos-residentes-en-el-hospital-general-de-culiacan\\\/\"},\"author\":{\"name\":\"Redacci\u00f3n\",\"@id\":\"https:\\\/\\\/fuentesfidedignas.com.mx\\\/#\\\/schema\\\/person\\\/331be9283d37198e2acd5750279085b0\"},\"headline\":\"Inauguran Taller de Investigaci\u00f3n en Salud para M\u00e9dicos Residentes en el Hospital General de Culiac\u00e1n\",\"datePublished\":\"2024-04-01T23:12:08+00:00\",\"dateModified\":\"2024-04-01T23:12:09+00:00\",\"mainEntityOfPage\":{\"@id\":\"https:\\\/\\\/fuentesfidedignas.com.mx\\\/index.php\\\/2024\\\/04\\\/01\\\/inauguran-taller-de-investigacion-en-salud-para-medicos-residentes-en-el-hospital-general-de-culiacan\\\/\"},\"wordCount\":587,\"commentCount\":0,\"publisher\":{\"@id\":\"https:\\\/\\\/fuentesfidedignas.com.mx\\\/#organization\"},\"image\":{\"@id\":\"https:\\\/\\\/fuentesfidedignas.com.mx\\\/index.php\\\/2024\\\/04\\\/01\\\/inauguran-taller-de-investigacion-en-salud-para-medicos-residentes-en-el-hospital-general-de-culiacan\\\/#primaryimage\"},\"thumbnailUrl\":\"https:\\\/\\\/fuentesfidedignas.com.mx\\\/wp-content\\\/uploads\\\/2024\\\/04\\\/WhatsApp-Image-2024-04-01-at-3.33.18-PM.jpeg\",\"inLanguage\":\"es\",\"potentialAction\":[{\"@type\":\"CommentAction\",\"name\":\"Comment\",\"target\":[\"https:\\\/\\\/fuentesfidedignas.com.mx\\\/index.php\\\/2024\\\/04\\\/01\\\/inauguran-taller-de-investigacion-en-salud-para-medicos-residentes-en-el-hospital-general-de-culiacan\\\/#respond\"]}]},{\"@type\":\"WebPage\",\"@id\":\"https:\\\/\\\/fuentesfidedignas.com.mx\\\/index.php\\\/2024\\\/04\\\/01\\\/inauguran-taller-de-investigacion-en-salud-para-medicos-residentes-en-el-hospital-general-de-culiacan\\\/\",\"url\":\"https:\\\/\\\/fuentesfidedignas.com.mx\\\/index.php\\\/2024\\\/04\\\/01\\\/inauguran-taller-de-investigacion-en-salud-para-medicos-residentes-en-el-hospital-general-de-culiacan\\\/\",\"name\":\"Inauguran Taller de Investigaci\u00f3n en Salud para M\u00e9dicos Residentes en el Hospital General de Culiac\u00e1n - Fuentes Fidedignas\",\"isPartOf\":{\"@id\":\"https:\\\/\\\/fuentesfidedignas.com.mx\\\/#website\"},\"primaryImageOfPage\":{\"@id\":\"https:\\\/\\\/fuentesfidedignas.com.mx\\\/index.php\\\/2024\\\/04\\\/01\\\/inauguran-taller-de-investigacion-en-salud-para-medicos-residentes-en-el-hospital-general-de-culiacan\\\/#primaryimage\"},\"image\":{\"@id\":\"https:\\\/\\\/fuentesfidedignas.com.mx\\\/index.php\\\/2024\\\/04\\\/01\\\/inauguran-taller-de-investigacion-en-salud-para-medicos-residentes-en-el-hospital-general-de-culiacan\\\/#primaryimage\"},\"thumbnailUrl\":\"https:\\\/\\\/fuentesfidedignas.com.mx\\\/wp-content\\\/uploads\\\/2024\\\/04\\\/WhatsApp-Image-2024-04-01-at-3.33.18-PM.jpeg\",\"datePublished\":\"2024-04-01T23:12:08+00:00\",\"dateModified\":\"2024-04-01T23:12:09+00:00\",\"breadcrumb\":{\"@id\":\"https:\\\/\\\/fuentesfidedignas.com.mx\\\/index.php\\\/2024\\\/04\\\/01\\\/inauguran-taller-de-investigacion-en-salud-para-medicos-residentes-en-el-hospital-general-de-culiacan\\\/#breadcrumb\"},\"inLanguage\":\"es\",\"potentialAction\":[{\"@type\":\"ReadAction\",\"target\":[\"https:\\\/\\\/fuentesfidedignas.com.mx\\\/index.php\\\/2024\\\/04\\\/01\\\/inauguran-taller-de-investigacion-en-salud-para-medicos-residentes-en-el-hospital-general-de-culiacan\\\/\"]}]},{\"@type\":\"ImageObject\",\"inLanguage\":\"es\",\"@id\":\"https:\\\/\\\/fuentesfidedignas.com.mx\\\/index.php\\\/2024\\\/04\\\/01\\\/inauguran-taller-de-investigacion-en-salud-para-medicos-residentes-en-el-hospital-general-de-culiacan\\\/#primaryimage\",\"url\":\"https:\\\/\\\/fuentesfidedignas.com.mx\\\/wp-content\\\/uploads\\\/2024\\\/04\\\/WhatsApp-Image-2024-04-01-at-3.33.18-PM.jpeg\",\"contentUrl\":\"https:\\\/\\\/fuentesfidedignas.com.mx\\\/wp-content\\\/uploads\\\/2024\\\/04\\\/WhatsApp-Image-2024-04-01-at-3.33.18-PM.jpeg\",\"width\":600,\"height\":465},{\"@type\":\"BreadcrumbList\",\"@id\":\"https:\\\/\\\/fuentesfidedignas.com.mx\\\/index.php\\\/2024\\\/04\\\/01\\\/inauguran-taller-de-investigacion-en-salud-para-medicos-residentes-en-el-hospital-general-de-culiacan\\\/#breadcrumb\",\"itemListElement\":[{\"@type\":\"ListItem\",\"position\":1,\"name\":\"Inicio\",\"item\":\"https:\\\/\\\/fuentesfidedignas.com.mx\\\/\"},{\"@type\":\"ListItem\",\"position\":2,\"name\":\"Inauguran Taller de Investigaci\u00f3n en Salud para M\u00e9dicos Residentes en el Hospital General de Culiac\u00e1n\"}]},{\"@type\":\"WebSite\",\"@id\":\"https:\\\/\\\/fuentesfidedignas.com.mx\\\/#website\",\"url\":\"https:\\\/\\\/fuentesfidedignas.com.mx\\\/\",\"name\":\"Fuentes Fidedignas\",\"description\":\"Otro sitio realizado con WordPress\",\"publisher\":{\"@id\":\"https:\\\/\\\/fuentesfidedignas.com.mx\\\/#organization\"},\"potentialAction\":[{\"@type\":\"SearchAction\",\"target\":{\"@type\":\"EntryPoint\",\"urlTemplate\":\"https:\\\/\\\/fuentesfidedignas.com.mx\\\/?s={search_term_string}\"},\"query-input\":{\"@type\":\"PropertyValueSpecification\",\"valueRequired\":true,\"valueName\":\"search_term_string\"}}],\"inLanguage\":\"es\"},{\"@type\":\"Organization\",\"@id\":\"https:\\\/\\\/fuentesfidedignas.com.mx\\\/#organization\",\"name\":\"Fuentes Fidedignas\",\"url\":\"https:\\\/\\\/fuentesfidedignas.com.mx\\\/\",\"logo\":{\"@type\":\"ImageObject\",\"inLanguage\":\"es\",\"@id\":\"https:\\\/\\\/fuentesfidedignas.com.mx\\\/#\\\/schema\\\/logo\\\/image\\\/\",\"url\":\"https:\\\/\\\/fuentesfidedignas.com.mx\\\/wp-content\\\/uploads\\\/2021\\\/04\\\/logo-retina.png\",\"contentUrl\":\"https:\\\/\\\/fuentesfidedignas.com.mx\\\/wp-content\\\/uploads\\\/2021\\\/04\\\/logo-retina.png\",\"width\":280,\"height\":51,\"caption\":\"Fuentes Fidedignas\"},\"image\":{\"@id\":\"https:\\\/\\\/fuentesfidedignas.com.mx\\\/#\\\/schema\\\/logo\\\/image\\\/\"},\"sameAs\":[\"https:\\\/\\\/www.facebook.com\\\/Fuentes-Fidedignas-368234489921644\",\"https:\\\/\\\/x.com\\\/fidedignas\"]},{\"@type\":\"Person\",\"@id\":\"https:\\\/\\\/fuentesfidedignas.com.mx\\\/#\\\/schema\\\/person\\\/331be9283d37198e2acd5750279085b0\",\"name\":\"Redacci\u00f3n\",\"image\":{\"@type\":\"ImageObject\",\"inLanguage\":\"es\",\"@id\":\"https:\\\/\\\/secure.gravatar.com\\\/avatar\\\/f6d8782c11d12b2d4ad3fbb6931aeab5309937a4d6cd2fc9cfaa28a6396a5aec?s=96&d=mm&r=g\",\"url\":\"https:\\\/\\\/secure.gravatar.com\\\/avatar\\\/f6d8782c11d12b2d4ad3fbb6931aeab5309937a4d6cd2fc9cfaa28a6396a5aec?s=96&d=mm&r=g\",\"contentUrl\":\"https:\\\/\\\/secure.gravatar.com\\\/avatar\\\/f6d8782c11d12b2d4ad3fbb6931aeab5309937a4d6cd2fc9cfaa28a6396a5aec?s=96&d=mm&r=g\",\"caption\":\"Redacci\u00f3n\"},\"url\":\"https:\\\/\\\/fuentesfidedignas.com.mx\\\/index.php\\\/author\\\/redaccion\\\/\"}]}<\/script>\n<!-- \/ Yoast SEO plugin. -->","yoast_head_json":{"title":"Inauguran Taller de Investigaci\u00f3n en Salud para M\u00e9dicos Residentes en el Hospital General de Culiac\u00e1n - Fuentes Fidedignas","robots":{"index":"index","follow":"follow","max-snippet":"max-snippet:-1","max-image-preview":"max-image-preview:large","max-video-preview":"max-video-preview:-1"},"canonical":"https:\/\/fuentesfidedignas.com.mx\/index.php\/2024\/04\/01\/inauguran-taller-de-investigacion-en-salud-para-medicos-residentes-en-el-hospital-general-de-culiacan\/","og_locale":"es_MX","og_type":"article","og_title":"Inauguran Taller de Investigaci\u00f3n en Salud para M\u00e9dicos Residentes en el Hospital General de Culiac\u00e1n - Fuentes Fidedignas","og_description":"Culiac\u00e1n, Sin.- Este lunes fue inaugurado este lunes el Curso-Taller \u201cinvestigaci\u00f3n en Salud\u201d que organizan los departamentos de ense\u00f1anza m\u00e9dica e investigaci\u00f3n del Hospital General de Culiac\u00e1n \u201cDr. Bernardo J. Gast\u00e9lum\u201d. El programa se desarrollar\u00e1 del 1 de abril al 27 de mayo de 2024, los lunes y martes de cada semana, teniendo como sede [&hellip;]","og_url":"https:\/\/fuentesfidedignas.com.mx\/index.php\/2024\/04\/01\/inauguran-taller-de-investigacion-en-salud-para-medicos-residentes-en-el-hospital-general-de-culiacan\/","og_site_name":"Fuentes Fidedignas","article_publisher":"https:\/\/www.facebook.com\/Fuentes-Fidedignas-368234489921644","article_published_time":"2024-04-01T23:12:08+00:00","article_modified_time":"2024-04-01T23:12:09+00:00","og_image":[{"width":600,"height":465,"url":"https:\/\/fuentesfidedignas.com.mx\/wp-content\/uploads\/2024\/04\/WhatsApp-Image-2024-04-01-at-3.33.18-PM.jpeg","type":"image\/jpeg"}],"author":"Redacci\u00f3n","twitter_card":"summary_large_image","twitter_creator":"@fidedignas","twitter_site":"@fidedignas","twitter_misc":{"Escrito por":"Redacci\u00f3n","Tiempo de lectura":"3 minutos"},"schema":{"@context":"https:\/\/schema.org","@graph":[{"@type":"Article","@id":"https:\/\/fuentesfidedignas.com.mx\/index.php\/2024\/04\/01\/inauguran-taller-de-investigacion-en-salud-para-medicos-residentes-en-el-hospital-general-de-culiacan\/#article","isPartOf":{"@id":"https:\/\/fuentesfidedignas.com.mx\/index.php\/2024\/04\/01\/inauguran-taller-de-investigacion-en-salud-para-medicos-residentes-en-el-hospital-general-de-culiacan\/"},"author":{"name":"Redacci\u00f3n","@id":"https:\/\/fuentesfidedignas.com.mx\/#\/schema\/person\/331be9283d37198e2acd5750279085b0"},"headline":"Inauguran Taller de Investigaci\u00f3n en Salud para M\u00e9dicos Residentes en el Hospital General de Culiac\u00e1n","datePublished":"2024-04-01T23:12:08+00:00","dateModified":"2024-04-01T23:12:09+00:00","mainEntityOfPage":{"@id":"https:\/\/fuentesfidedignas.com.mx\/index.php\/2024\/04\/01\/inauguran-taller-de-investigacion-en-salud-para-medicos-residentes-en-el-hospital-general-de-culiacan\/"},"wordCount":587,"commentCount":0,"publisher":{"@id":"https:\/\/fuentesfidedignas.com.mx\/#organization"},"image":{"@id":"https:\/\/fuentesfidedignas.com.mx\/index.php\/2024\/04\/01\/inauguran-taller-de-investigacion-en-salud-para-medicos-residentes-en-el-hospital-general-de-culiacan\/#primaryimage"},"thumbnailUrl":"https:\/\/fuentesfidedignas.com.mx\/wp-content\/uploads\/2024\/04\/WhatsApp-Image-2024-04-01-at-3.33.18-PM.jpeg","inLanguage":"es","potentialAction":[{"@type":"CommentAction","name":"Comment","target":["https:\/\/fuentesfidedignas.com.mx\/index.php\/2024\/04\/01\/inauguran-taller-de-investigacion-en-salud-para-medicos-residentes-en-el-hospital-general-de-culiacan\/#respond"]}]},{"@type":"WebPage","@id":"https:\/\/fuentesfidedignas.com.mx\/index.php\/2024\/04\/01\/inauguran-taller-de-investigacion-en-salud-para-medicos-residentes-en-el-hospital-general-de-culiacan\/","url":"https:\/\/fuentesfidedignas.com.mx\/index.php\/2024\/04\/01\/inauguran-taller-de-investigacion-en-salud-para-medicos-residentes-en-el-hospital-general-de-culiacan\/","name":"Inauguran Taller de Investigaci\u00f3n en Salud para M\u00e9dicos Residentes en el Hospital General de Culiac\u00e1n - Fuentes Fidedignas","isPartOf":{"@id":"https:\/\/fuentesfidedignas.com.mx\/#website"},"primaryImageOfPage":{"@id":"https:\/\/fuentesfidedignas.com.mx\/index.php\/2024\/04\/01\/inauguran-taller-de-investigacion-en-salud-para-medicos-residentes-en-el-hospital-general-de-culiacan\/#primaryimage"},"image":{"@id":"https:\/\/fuentesfidedignas.com.mx\/index.php\/2024\/04\/01\/inauguran-taller-de-investigacion-en-salud-para-medicos-residentes-en-el-hospital-general-de-culiacan\/#primaryimage"},"thumbnailUrl":"https:\/\/fuentesfidedignas.com.mx\/wp-content\/uploads\/2024\/04\/WhatsApp-Image-2024-04-01-at-3.33.18-PM.jpeg","datePublished":"2024-04-01T23:12:08+00:00","dateModified":"2024-04-01T23:12:09+00:00","breadcrumb":{"@id":"https:\/\/fuentesfidedignas.com.mx\/index.php\/2024\/04\/01\/inauguran-taller-de-investigacion-en-salud-para-medicos-residentes-en-el-hospital-general-de-culiacan\/#breadcrumb"},"inLanguage":"es","potentialAction":[{"@type":"ReadAction","target":["https:\/\/fuentesfidedignas.com.mx\/index.php\/2024\/04\/01\/inauguran-taller-de-investigacion-en-salud-para-medicos-residentes-en-el-hospital-general-de-culiacan\/"]}]},{"@type":"ImageObject","inLanguage":"es","@id":"https:\/\/fuentesfidedignas.com.mx\/index.php\/2024\/04\/01\/inauguran-taller-de-investigacion-en-salud-para-medicos-residentes-en-el-hospital-general-de-culiacan\/#primaryimage","url":"https:\/\/fuentesfidedignas.com.mx\/wp-content\/uploads\/2024\/04\/WhatsApp-Image-2024-04-01-at-3.33.18-PM.jpeg","contentUrl":"https:\/\/fuentesfidedignas.com.mx\/wp-content\/uploads\/2024\/04\/WhatsApp-Image-2024-04-01-at-3.33.18-PM.jpeg","width":600,"height":465},{"@type":"BreadcrumbList","@id":"https:\/\/fuentesfidedignas.com.mx\/index.php\/2024\/04\/01\/inauguran-taller-de-investigacion-en-salud-para-medicos-residentes-en-el-hospital-general-de-culiacan\/#breadcrumb","itemListElement":[{"@type":"ListItem","position":1,"name":"Inicio","item":"https:\/\/fuentesfidedignas.com.mx\/"},{"@type":"ListItem","position":2,"name":"Inauguran Taller de Investigaci\u00f3n en Salud para M\u00e9dicos Residentes en el Hospital General de Culiac\u00e1n"}]},{"@type":"WebSite","@id":"https:\/\/fuentesfidedignas.com.mx\/#website","url":"https:\/\/fuentesfidedignas.com.mx\/","name":"Fuentes Fidedignas","description":"Otro sitio realizado con WordPress","publisher":{"@id":"https:\/\/fuentesfidedignas.com.mx\/#organization"},"potentialAction":[{"@type":"SearchAction","target":{"@type":"EntryPoint","urlTemplate":"https:\/\/fuentesfidedignas.com.mx\/?s={search_term_string}"},"query-input":{"@type":"PropertyValueSpecification","valueRequired":true,"valueName":"search_term_string"}}],"inLanguage":"es"},{"@type":"Organization","@id":"https:\/\/fuentesfidedignas.com.mx\/#organization","name":"Fuentes Fidedignas","url":"https:\/\/fuentesfidedignas.com.mx\/","logo":{"@type":"ImageObject","inLanguage":"es","@id":"https:\/\/fuentesfidedignas.com.mx\/#\/schema\/logo\/image\/","url":"https:\/\/fuentesfidedignas.com.mx\/wp-content\/uploads\/2021\/04\/logo-retina.png","contentUrl":"https:\/\/fuentesfidedignas.com.mx\/wp-content\/uploads\/2021\/04\/logo-retina.png","width":280,"height":51,"caption":"Fuentes Fidedignas"},"image":{"@id":"https:\/\/fuentesfidedignas.com.mx\/#\/schema\/logo\/image\/"},"sameAs":["https:\/\/www.facebook.com\/Fuentes-Fidedignas-368234489921644","https:\/\/x.com\/fidedignas"]},{"@type":"Person","@id":"https:\/\/fuentesfidedignas.com.mx\/#\/schema\/person\/331be9283d37198e2acd5750279085b0","name":"Redacci\u00f3n","image":{"@type":"ImageObject","inLanguage":"es","@id":"https:\/\/secure.gravatar.com\/avatar\/f6d8782c11d12b2d4ad3fbb6931aeab5309937a4d6cd2fc9cfaa28a6396a5aec?s=96&d=mm&r=g","url":"https:\/\/secure.gravatar.com\/avatar\/f6d8782c11d12b2d4ad3fbb6931aeab5309937a4d6cd2fc9cfaa28a6396a5aec?s=96&d=mm&r=g","contentUrl":"https:\/\/secure.gravatar.com\/avatar\/f6d8782c11d12b2d4ad3fbb6931aeab5309937a4d6cd2fc9cfaa28a6396a5aec?s=96&d=mm&r=g","caption":"Redacci\u00f3n"},"url":"https:\/\/fuentesfidedignas.com.mx\/index.php\/author\/redaccion\/"}]}},"_links":{"self":[{"href":"https:\/\/fuentesfidedignas.com.mx\/index.php\/wp-json\/wp\/v2\/posts\/78257","targetHints":{"allow":["GET"]}}],"collection":[{"href":"https:\/\/fuentesfidedignas.com.mx\/index.php\/wp-json\/wp\/v2\/posts"}],"about":[{"href":"https:\/\/fuentesfidedignas.com.mx\/index.php\/wp-json\/wp\/v2\/types\/post"}],"author":[{"embeddable":true,"href":"https:\/\/fuentesfidedignas.com.mx\/index.php\/wp-json\/wp\/v2\/users\/4"}],"replies":[{"embeddable":true,"href":"https:\/\/fuentesfidedignas.com.mx\/index.php\/wp-json\/wp\/v2\/comments?post=78257"}],"version-history":[{"count":1,"href":"https:\/\/fuentesfidedignas.com.mx\/index.php\/wp-json\/wp\/v2\/posts\/78257\/revisions"}],"predecessor-version":[{"id":78259,"href":"https:\/\/fuentesfidedignas.com.mx\/index.php\/wp-json\/wp\/v2\/posts\/78257\/revisions\/78259"}],"wp:featuredmedia":[{"embeddable":true,"href":"https:\/\/fuentesfidedignas.com.mx\/index.php\/wp-json\/wp\/v2\/media\/78258"}],"wp:attachment":[{"href":"https:\/\/fuentesfidedignas.com.mx\/index.php\/wp-json\/wp\/v2\/media?parent=78257"}],"wp:term":[{"taxonomy":"category","embeddable":true,"href":"https:\/\/fuentesfidedignas.com.mx\/index.php\/wp-json\/wp\/v2\/categories?post=78257"},{"taxonomy":"post_tag","embeddable":true,"href":"https:\/\/fuentesfidedignas.com.mx\/index.php\/wp-json\/wp\/v2\/tags?post=78257"}],"curies":[{"name":"wp","href":"https:\/\/api.w.org\/{rel}","templated":true}]}}