{"id":78069,"date":"2024-03-28T17:59:17","date_gmt":"2024-03-29T00:59:17","guid":{"rendered":"https:\/\/fuentesfidedignas.com.mx\/?p=78069"},"modified":"2024-03-28T17:59:18","modified_gmt":"2024-03-29T00:59:18","slug":"gentrificacion-el-secuestro-silencioso-de-nuestra-identidad-urbana","status":"publish","type":"post","link":"https:\/\/fuentesfidedignas.com.mx\/index.php\/2024\/03\/28\/gentrificacion-el-secuestro-silencioso-de-nuestra-identidad-urbana\/","title":{"rendered":"Gentrificaci\u00f3n: El Secuestro Silencioso de Nuestra Identidad Urbana"},"content":{"rendered":"\n<p><\/p>\n\n\n\n<p>En d\u00edas recientes, un coro de voces se alz\u00f3 en el puerto de Mazatl\u00e1n. M\u00fasicos locales tomaron las calles para defender su derecho a entonar las distintivas y alegres melod\u00edas de la m\u00fasica banda en las playas p\u00fablicas del puerto. \u00bfLa raz\u00f3n? Un grupo de empresarios hoteleros y residentes extranjeros hab\u00edan manifestado su inconformidad con estos \u201cruidos\u201d que, seg\u00fan ellos, romp\u00edan con la tranquilidad que buscaban en su \u201coasis tur\u00edstico\u201d. Una simple an\u00e9cdota que refleja un fen\u00f3meno mucho m\u00e1s profundo y preocupante: la gentrificaci\u00f3n de los espacios p\u00fablicos y de uso com\u00fan en M\u00e9xico.<br>Como oleadas privatizadoras, ciertos grupos econ\u00f3micos y poblaciones for\u00e1neas han buscado apropiarse de zonas urbanas completas. Buscan crear peque\u00f1os enclaves exclusivos, rehuyendo de lo que consideran vulgar, ruidoso o fuera de su estilo de vida privilegiado. En la Ciudad de M\u00e9xico, Guadalajara, Monterrey y otras urbes, hemos sido testigos de c\u00f3mo \u00e1reas otrora de uso colectivo han sido efectivamente \u201csecuestradas\u201d por estos intereses particulares.<br>Pero este no es simplemente un conflicto econ\u00f3mico o pol\u00edtico. Es un choque cultural e identitario. Detr\u00e1s de este embate gentrificador existe una din\u00e1mica de desplazamiento de clases y una visi\u00f3n sumamente sesgada de la realidad. Apegados a sus privilegios y temores, los grupos \u00e9lite tienden a interpretar el entorno desde sus preconceptos, invisibilizando lo que no encaja en sus est\u00e1ndares est\u00e9ticos o de &#8220;decoro&#8221;. Una perspectiva que recuerda las novelas de Jane Austen, donde la servidumbre parec\u00eda no existir para las clases adineradas de la \u00e9poca.<br>En el caso mexicano, estos patrones remiten a los turbulentos a\u00f1os del Porfiriato, cuando se busc\u00f3 crear verdaderos \u201coasis\u201d europeos en suelo nacional, atrayendo inversi\u00f3n extranjera a costa de relegar y destruir la identidad del M\u00e9xico profundo. Las consecuencias hoy son igualmente preocupantes: al privatizar los espacios comunes, se erosiona el tejido social de nuestros pueblos y comunidades. Se desplaza y menosprecia la riqueza de las tradiciones locales &#8211; como la c\u00e9lebre m\u00fasica banda sinaloense &#8211; en aras de lucrativos desarrollos inmobiliarios y zonas tur\u00edsticas homogeneizadas.<br>Es urgente revertir esta tendencia que atenta contra la diversidad cultural y el leg\u00edtimo derecho a la ciudad que tenemos como ciudadanos. Ejemplos internacionales como Medell\u00edn, Colombia o Curitiba, Brasil, han demostrado que es posible urbanizar y renovar respetando a las comunidades originarias. Mediante procesos participativos y regulaciones espec\u00edficas para preservar las \u00e1reas p\u00fablicas, se puede impulsar el desarrollo sin destruir identidades.<br>En M\u00e9xico, organizaciones sociales y colectivos culturales ya han alzado la voz en defensa de nuestros espacios comunes en Oaxaca, la CDMX y ahora Mazatl\u00e1n. Toca a las autoridades municipales y federales respaldar estos reclamos con acciones concretas. Legislaciones que impidan la privatizaci\u00f3n indiscriminada, pol\u00edticas que garanticen la consulta comunitaria en las obras p\u00fablicas y un compromiso genuino con salvaguardar el car\u00e1cter p\u00fablico e incluyente de nuestras plazas, calles y litorales.<br>La gentrificaci\u00f3n no es un mal inevitable, pero s\u00ed una amenaza constante que debemos combatir colectivamente. Desde los espacios m\u00e1s peque\u00f1os a las grandes urbes, la defensa de lo p\u00fablico y comunitario es una prioridad impostergable. \u00bfQueremos convertirnos en ciudades-simulacro, archipi\u00e9lagos de \u00e9lites desconectadas de su entorno? O, por el contrario, \u00bfpreservaremos los m\u00faltiples rincones de encuentro e interacci\u00f3n que constituyen la aut\u00e9ntica alma de nuestra identidad nacional? La lucha por lo p\u00fablico es tambi\u00e9n la lucha por lo que somos.<\/p>\n","protected":false},"excerpt":{"rendered":"<p>En d\u00edas recientes, un coro de voces se alz\u00f3 en el puerto de Mazatl\u00e1n. M\u00fasicos locales tomaron las calles para defender su derecho a entonar las distintivas y alegres melod\u00edas de la m\u00fasica banda en las playas p\u00fablicas del puerto. \u00bfLa raz\u00f3n? Un grupo de empresarios hoteleros y residentes extranjeros hab\u00edan manifestado su inconformidad con [&hellip;]<\/p>\n","protected":false},"author":146,"featured_media":78070,"comment_status":"open","ping_status":"open","sticky":false,"template":"","format":"standard","meta":{"tdm_status":"","tdm_grid_status":"","footnotes":""},"categories":[3064,3089],"tags":[],"class_list":{"0":"post-78069","1":"post","2":"type-post","3":"status-publish","4":"format-standard","5":"has-post-thumbnail","7":"category-columnas","8":"category-nutriendo-la-mente"},"yoast_head":"<!-- This site is optimized with the Yoast SEO plugin v27.5 - https:\/\/yoast.com\/product\/yoast-seo-wordpress\/ -->\n<title>Gentrificaci\u00f3n: El Secuestro Silencioso de Nuestra Identidad Urbana - Fuentes Fidedignas<\/title>\n<meta name=\"robots\" content=\"index, follow, max-snippet:-1, max-image-preview:large, max-video-preview:-1\" \/>\n<link rel=\"canonical\" href=\"https:\/\/fuentesfidedignas.com.mx\/index.php\/2024\/03\/28\/gentrificacion-el-secuestro-silencioso-de-nuestra-identidad-urbana\/\" \/>\n<meta property=\"og:locale\" content=\"es_MX\" \/>\n<meta property=\"og:type\" content=\"article\" \/>\n<meta property=\"og:title\" content=\"Gentrificaci\u00f3n: El Secuestro Silencioso de Nuestra Identidad Urbana - Fuentes Fidedignas\" \/>\n<meta property=\"og:description\" content=\"En d\u00edas recientes, un coro de voces se alz\u00f3 en el puerto de Mazatl\u00e1n. M\u00fasicos locales tomaron las calles para defender su derecho a entonar las distintivas y alegres melod\u00edas de la m\u00fasica banda en las playas p\u00fablicas del puerto. \u00bfLa raz\u00f3n? Un grupo de empresarios hoteleros y residentes extranjeros hab\u00edan manifestado su inconformidad con [&hellip;]\" \/>\n<meta property=\"og:url\" content=\"https:\/\/fuentesfidedignas.com.mx\/index.php\/2024\/03\/28\/gentrificacion-el-secuestro-silencioso-de-nuestra-identidad-urbana\/\" \/>\n<meta property=\"og:site_name\" content=\"Fuentes Fidedignas\" \/>\n<meta property=\"article:publisher\" content=\"https:\/\/www.facebook.com\/Fuentes-Fidedignas-368234489921644\" \/>\n<meta property=\"article:published_time\" content=\"2024-03-29T00:59:17+00:00\" \/>\n<meta property=\"article:modified_time\" content=\"2024-03-29T00:59:18+00:00\" \/>\n<meta property=\"og:image\" content=\"https:\/\/fuentesfidedignas.com.mx\/wp-content\/uploads\/2024\/03\/PHOTO-2024-03-28-17-54-16.jpg\" \/>\n\t<meta property=\"og:image:width\" content=\"992\" \/>\n\t<meta property=\"og:image:height\" content=\"669\" \/>\n\t<meta property=\"og:image:type\" content=\"image\/jpeg\" \/>\n<meta name=\"author\" content=\"Mtro. Horacio de Jes\u00fas Malcampo Moreno\" \/>\n<meta name=\"twitter:card\" content=\"summary_large_image\" \/>\n<meta name=\"twitter:creator\" content=\"@fidedignas\" \/>\n<meta name=\"twitter:site\" content=\"@fidedignas\" \/>\n<meta name=\"twitter:label1\" content=\"Escrito por\" \/>\n\t<meta name=\"twitter:data1\" content=\"Mtro. Horacio de Jes\u00fas Malcampo Moreno\" \/>\n\t<meta name=\"twitter:label2\" content=\"Tiempo de lectura\" \/>\n\t<meta name=\"twitter:data2\" content=\"3 minutos\" \/>\n<script type=\"application\/ld+json\" class=\"yoast-schema-graph\">{\"@context\":\"https:\\\/\\\/schema.org\",\"@graph\":[{\"@type\":\"Article\",\"@id\":\"https:\\\/\\\/fuentesfidedignas.com.mx\\\/index.php\\\/2024\\\/03\\\/28\\\/gentrificacion-el-secuestro-silencioso-de-nuestra-identidad-urbana\\\/#article\",\"isPartOf\":{\"@id\":\"https:\\\/\\\/fuentesfidedignas.com.mx\\\/index.php\\\/2024\\\/03\\\/28\\\/gentrificacion-el-secuestro-silencioso-de-nuestra-identidad-urbana\\\/\"},\"author\":{\"name\":\"Mtro. Horacio de Jes\u00fas Malcampo Moreno\",\"@id\":\"https:\\\/\\\/fuentesfidedignas.com.mx\\\/#\\\/schema\\\/person\\\/3f687c55082c557a647c7836bde45728\"},\"headline\":\"Gentrificaci\u00f3n: El Secuestro Silencioso de Nuestra Identidad Urbana\",\"datePublished\":\"2024-03-29T00:59:17+00:00\",\"dateModified\":\"2024-03-29T00:59:18+00:00\",\"mainEntityOfPage\":{\"@id\":\"https:\\\/\\\/fuentesfidedignas.com.mx\\\/index.php\\\/2024\\\/03\\\/28\\\/gentrificacion-el-secuestro-silencioso-de-nuestra-identidad-urbana\\\/\"},\"wordCount\":612,\"commentCount\":0,\"publisher\":{\"@id\":\"https:\\\/\\\/fuentesfidedignas.com.mx\\\/#organization\"},\"image\":{\"@id\":\"https:\\\/\\\/fuentesfidedignas.com.mx\\\/index.php\\\/2024\\\/03\\\/28\\\/gentrificacion-el-secuestro-silencioso-de-nuestra-identidad-urbana\\\/#primaryimage\"},\"thumbnailUrl\":\"https:\\\/\\\/fuentesfidedignas.com.mx\\\/wp-content\\\/uploads\\\/2024\\\/03\\\/PHOTO-2024-03-28-17-54-16.jpg\",\"articleSection\":[\"COLUMNAS\",\"NUTRIENDO LA MENTE\"],\"inLanguage\":\"es\",\"potentialAction\":[{\"@type\":\"CommentAction\",\"name\":\"Comment\",\"target\":[\"https:\\\/\\\/fuentesfidedignas.com.mx\\\/index.php\\\/2024\\\/03\\\/28\\\/gentrificacion-el-secuestro-silencioso-de-nuestra-identidad-urbana\\\/#respond\"]}]},{\"@type\":\"WebPage\",\"@id\":\"https:\\\/\\\/fuentesfidedignas.com.mx\\\/index.php\\\/2024\\\/03\\\/28\\\/gentrificacion-el-secuestro-silencioso-de-nuestra-identidad-urbana\\\/\",\"url\":\"https:\\\/\\\/fuentesfidedignas.com.mx\\\/index.php\\\/2024\\\/03\\\/28\\\/gentrificacion-el-secuestro-silencioso-de-nuestra-identidad-urbana\\\/\",\"name\":\"Gentrificaci\u00f3n: El Secuestro Silencioso de Nuestra Identidad Urbana - Fuentes Fidedignas\",\"isPartOf\":{\"@id\":\"https:\\\/\\\/fuentesfidedignas.com.mx\\\/#website\"},\"primaryImageOfPage\":{\"@id\":\"https:\\\/\\\/fuentesfidedignas.com.mx\\\/index.php\\\/2024\\\/03\\\/28\\\/gentrificacion-el-secuestro-silencioso-de-nuestra-identidad-urbana\\\/#primaryimage\"},\"image\":{\"@id\":\"https:\\\/\\\/fuentesfidedignas.com.mx\\\/index.php\\\/2024\\\/03\\\/28\\\/gentrificacion-el-secuestro-silencioso-de-nuestra-identidad-urbana\\\/#primaryimage\"},\"thumbnailUrl\":\"https:\\\/\\\/fuentesfidedignas.com.mx\\\/wp-content\\\/uploads\\\/2024\\\/03\\\/PHOTO-2024-03-28-17-54-16.jpg\",\"datePublished\":\"2024-03-29T00:59:17+00:00\",\"dateModified\":\"2024-03-29T00:59:18+00:00\",\"breadcrumb\":{\"@id\":\"https:\\\/\\\/fuentesfidedignas.com.mx\\\/index.php\\\/2024\\\/03\\\/28\\\/gentrificacion-el-secuestro-silencioso-de-nuestra-identidad-urbana\\\/#breadcrumb\"},\"inLanguage\":\"es\",\"potentialAction\":[{\"@type\":\"ReadAction\",\"target\":[\"https:\\\/\\\/fuentesfidedignas.com.mx\\\/index.php\\\/2024\\\/03\\\/28\\\/gentrificacion-el-secuestro-silencioso-de-nuestra-identidad-urbana\\\/\"]}]},{\"@type\":\"ImageObject\",\"inLanguage\":\"es\",\"@id\":\"https:\\\/\\\/fuentesfidedignas.com.mx\\\/index.php\\\/2024\\\/03\\\/28\\\/gentrificacion-el-secuestro-silencioso-de-nuestra-identidad-urbana\\\/#primaryimage\",\"url\":\"https:\\\/\\\/fuentesfidedignas.com.mx\\\/wp-content\\\/uploads\\\/2024\\\/03\\\/PHOTO-2024-03-28-17-54-16.jpg\",\"contentUrl\":\"https:\\\/\\\/fuentesfidedignas.com.mx\\\/wp-content\\\/uploads\\\/2024\\\/03\\\/PHOTO-2024-03-28-17-54-16.jpg\",\"width\":992,\"height\":669},{\"@type\":\"BreadcrumbList\",\"@id\":\"https:\\\/\\\/fuentesfidedignas.com.mx\\\/index.php\\\/2024\\\/03\\\/28\\\/gentrificacion-el-secuestro-silencioso-de-nuestra-identidad-urbana\\\/#breadcrumb\",\"itemListElement\":[{\"@type\":\"ListItem\",\"position\":1,\"name\":\"Inicio\",\"item\":\"https:\\\/\\\/fuentesfidedignas.com.mx\\\/\"},{\"@type\":\"ListItem\",\"position\":2,\"name\":\"Gentrificaci\u00f3n: El Secuestro Silencioso de Nuestra Identidad Urbana\"}]},{\"@type\":\"WebSite\",\"@id\":\"https:\\\/\\\/fuentesfidedignas.com.mx\\\/#website\",\"url\":\"https:\\\/\\\/fuentesfidedignas.com.mx\\\/\",\"name\":\"Fuentes Fidedignas\",\"description\":\"Otro sitio realizado con WordPress\",\"publisher\":{\"@id\":\"https:\\\/\\\/fuentesfidedignas.com.mx\\\/#organization\"},\"potentialAction\":[{\"@type\":\"SearchAction\",\"target\":{\"@type\":\"EntryPoint\",\"urlTemplate\":\"https:\\\/\\\/fuentesfidedignas.com.mx\\\/?s={search_term_string}\"},\"query-input\":{\"@type\":\"PropertyValueSpecification\",\"valueRequired\":true,\"valueName\":\"search_term_string\"}}],\"inLanguage\":\"es\"},{\"@type\":\"Organization\",\"@id\":\"https:\\\/\\\/fuentesfidedignas.com.mx\\\/#organization\",\"name\":\"Fuentes Fidedignas\",\"url\":\"https:\\\/\\\/fuentesfidedignas.com.mx\\\/\",\"logo\":{\"@type\":\"ImageObject\",\"inLanguage\":\"es\",\"@id\":\"https:\\\/\\\/fuentesfidedignas.com.mx\\\/#\\\/schema\\\/logo\\\/image\\\/\",\"url\":\"https:\\\/\\\/fuentesfidedignas.com.mx\\\/wp-content\\\/uploads\\\/2021\\\/04\\\/logo-retina.png\",\"contentUrl\":\"https:\\\/\\\/fuentesfidedignas.com.mx\\\/wp-content\\\/uploads\\\/2021\\\/04\\\/logo-retina.png\",\"width\":280,\"height\":51,\"caption\":\"Fuentes Fidedignas\"},\"image\":{\"@id\":\"https:\\\/\\\/fuentesfidedignas.com.mx\\\/#\\\/schema\\\/logo\\\/image\\\/\"},\"sameAs\":[\"https:\\\/\\\/www.facebook.com\\\/Fuentes-Fidedignas-368234489921644\",\"https:\\\/\\\/x.com\\\/fidedignas\"]},{\"@type\":\"Person\",\"@id\":\"https:\\\/\\\/fuentesfidedignas.com.mx\\\/#\\\/schema\\\/person\\\/3f687c55082c557a647c7836bde45728\",\"name\":\"Mtro. Horacio de Jes\u00fas Malcampo Moreno\",\"image\":{\"@type\":\"ImageObject\",\"inLanguage\":\"es\",\"@id\":\"https:\\\/\\\/secure.gravatar.com\\\/avatar\\\/21fd667a5b9de079d383e44390566d4c728a6ce47b9b5e8419c61f1b793461ac?s=96&d=mm&r=g\",\"url\":\"https:\\\/\\\/secure.gravatar.com\\\/avatar\\\/21fd667a5b9de079d383e44390566d4c728a6ce47b9b5e8419c61f1b793461ac?s=96&d=mm&r=g\",\"contentUrl\":\"https:\\\/\\\/secure.gravatar.com\\\/avatar\\\/21fd667a5b9de079d383e44390566d4c728a6ce47b9b5e8419c61f1b793461ac?s=96&d=mm&r=g\",\"caption\":\"Mtro. Horacio de Jes\u00fas Malcampo Moreno\"},\"url\":\"https:\\\/\\\/fuentesfidedignas.com.mx\\\/index.php\\\/author\\\/horacio\\\/\"}]}<\/script>\n<!-- \/ Yoast SEO plugin. -->","yoast_head_json":{"title":"Gentrificaci\u00f3n: El Secuestro Silencioso de Nuestra Identidad Urbana - Fuentes Fidedignas","robots":{"index":"index","follow":"follow","max-snippet":"max-snippet:-1","max-image-preview":"max-image-preview:large","max-video-preview":"max-video-preview:-1"},"canonical":"https:\/\/fuentesfidedignas.com.mx\/index.php\/2024\/03\/28\/gentrificacion-el-secuestro-silencioso-de-nuestra-identidad-urbana\/","og_locale":"es_MX","og_type":"article","og_title":"Gentrificaci\u00f3n: El Secuestro Silencioso de Nuestra Identidad Urbana - Fuentes Fidedignas","og_description":"En d\u00edas recientes, un coro de voces se alz\u00f3 en el puerto de Mazatl\u00e1n. M\u00fasicos locales tomaron las calles para defender su derecho a entonar las distintivas y alegres melod\u00edas de la m\u00fasica banda en las playas p\u00fablicas del puerto. \u00bfLa raz\u00f3n? Un grupo de empresarios hoteleros y residentes extranjeros hab\u00edan manifestado su inconformidad con [&hellip;]","og_url":"https:\/\/fuentesfidedignas.com.mx\/index.php\/2024\/03\/28\/gentrificacion-el-secuestro-silencioso-de-nuestra-identidad-urbana\/","og_site_name":"Fuentes Fidedignas","article_publisher":"https:\/\/www.facebook.com\/Fuentes-Fidedignas-368234489921644","article_published_time":"2024-03-29T00:59:17+00:00","article_modified_time":"2024-03-29T00:59:18+00:00","og_image":[{"width":992,"height":669,"url":"https:\/\/fuentesfidedignas.com.mx\/wp-content\/uploads\/2024\/03\/PHOTO-2024-03-28-17-54-16.jpg","type":"image\/jpeg"}],"author":"Mtro. Horacio de Jes\u00fas Malcampo Moreno","twitter_card":"summary_large_image","twitter_creator":"@fidedignas","twitter_site":"@fidedignas","twitter_misc":{"Escrito por":"Mtro. Horacio de Jes\u00fas Malcampo Moreno","Tiempo de lectura":"3 minutos"},"schema":{"@context":"https:\/\/schema.org","@graph":[{"@type":"Article","@id":"https:\/\/fuentesfidedignas.com.mx\/index.php\/2024\/03\/28\/gentrificacion-el-secuestro-silencioso-de-nuestra-identidad-urbana\/#article","isPartOf":{"@id":"https:\/\/fuentesfidedignas.com.mx\/index.php\/2024\/03\/28\/gentrificacion-el-secuestro-silencioso-de-nuestra-identidad-urbana\/"},"author":{"name":"Mtro. Horacio de Jes\u00fas Malcampo Moreno","@id":"https:\/\/fuentesfidedignas.com.mx\/#\/schema\/person\/3f687c55082c557a647c7836bde45728"},"headline":"Gentrificaci\u00f3n: El Secuestro Silencioso de Nuestra Identidad Urbana","datePublished":"2024-03-29T00:59:17+00:00","dateModified":"2024-03-29T00:59:18+00:00","mainEntityOfPage":{"@id":"https:\/\/fuentesfidedignas.com.mx\/index.php\/2024\/03\/28\/gentrificacion-el-secuestro-silencioso-de-nuestra-identidad-urbana\/"},"wordCount":612,"commentCount":0,"publisher":{"@id":"https:\/\/fuentesfidedignas.com.mx\/#organization"},"image":{"@id":"https:\/\/fuentesfidedignas.com.mx\/index.php\/2024\/03\/28\/gentrificacion-el-secuestro-silencioso-de-nuestra-identidad-urbana\/#primaryimage"},"thumbnailUrl":"https:\/\/fuentesfidedignas.com.mx\/wp-content\/uploads\/2024\/03\/PHOTO-2024-03-28-17-54-16.jpg","articleSection":["COLUMNAS","NUTRIENDO LA MENTE"],"inLanguage":"es","potentialAction":[{"@type":"CommentAction","name":"Comment","target":["https:\/\/fuentesfidedignas.com.mx\/index.php\/2024\/03\/28\/gentrificacion-el-secuestro-silencioso-de-nuestra-identidad-urbana\/#respond"]}]},{"@type":"WebPage","@id":"https:\/\/fuentesfidedignas.com.mx\/index.php\/2024\/03\/28\/gentrificacion-el-secuestro-silencioso-de-nuestra-identidad-urbana\/","url":"https:\/\/fuentesfidedignas.com.mx\/index.php\/2024\/03\/28\/gentrificacion-el-secuestro-silencioso-de-nuestra-identidad-urbana\/","name":"Gentrificaci\u00f3n: El Secuestro Silencioso de Nuestra Identidad Urbana - Fuentes Fidedignas","isPartOf":{"@id":"https:\/\/fuentesfidedignas.com.mx\/#website"},"primaryImageOfPage":{"@id":"https:\/\/fuentesfidedignas.com.mx\/index.php\/2024\/03\/28\/gentrificacion-el-secuestro-silencioso-de-nuestra-identidad-urbana\/#primaryimage"},"image":{"@id":"https:\/\/fuentesfidedignas.com.mx\/index.php\/2024\/03\/28\/gentrificacion-el-secuestro-silencioso-de-nuestra-identidad-urbana\/#primaryimage"},"thumbnailUrl":"https:\/\/fuentesfidedignas.com.mx\/wp-content\/uploads\/2024\/03\/PHOTO-2024-03-28-17-54-16.jpg","datePublished":"2024-03-29T00:59:17+00:00","dateModified":"2024-03-29T00:59:18+00:00","breadcrumb":{"@id":"https:\/\/fuentesfidedignas.com.mx\/index.php\/2024\/03\/28\/gentrificacion-el-secuestro-silencioso-de-nuestra-identidad-urbana\/#breadcrumb"},"inLanguage":"es","potentialAction":[{"@type":"ReadAction","target":["https:\/\/fuentesfidedignas.com.mx\/index.php\/2024\/03\/28\/gentrificacion-el-secuestro-silencioso-de-nuestra-identidad-urbana\/"]}]},{"@type":"ImageObject","inLanguage":"es","@id":"https:\/\/fuentesfidedignas.com.mx\/index.php\/2024\/03\/28\/gentrificacion-el-secuestro-silencioso-de-nuestra-identidad-urbana\/#primaryimage","url":"https:\/\/fuentesfidedignas.com.mx\/wp-content\/uploads\/2024\/03\/PHOTO-2024-03-28-17-54-16.jpg","contentUrl":"https:\/\/fuentesfidedignas.com.mx\/wp-content\/uploads\/2024\/03\/PHOTO-2024-03-28-17-54-16.jpg","width":992,"height":669},{"@type":"BreadcrumbList","@id":"https:\/\/fuentesfidedignas.com.mx\/index.php\/2024\/03\/28\/gentrificacion-el-secuestro-silencioso-de-nuestra-identidad-urbana\/#breadcrumb","itemListElement":[{"@type":"ListItem","position":1,"name":"Inicio","item":"https:\/\/fuentesfidedignas.com.mx\/"},{"@type":"ListItem","position":2,"name":"Gentrificaci\u00f3n: El Secuestro Silencioso de Nuestra Identidad Urbana"}]},{"@type":"WebSite","@id":"https:\/\/fuentesfidedignas.com.mx\/#website","url":"https:\/\/fuentesfidedignas.com.mx\/","name":"Fuentes Fidedignas","description":"Otro sitio realizado con WordPress","publisher":{"@id":"https:\/\/fuentesfidedignas.com.mx\/#organization"},"potentialAction":[{"@type":"SearchAction","target":{"@type":"EntryPoint","urlTemplate":"https:\/\/fuentesfidedignas.com.mx\/?s={search_term_string}"},"query-input":{"@type":"PropertyValueSpecification","valueRequired":true,"valueName":"search_term_string"}}],"inLanguage":"es"},{"@type":"Organization","@id":"https:\/\/fuentesfidedignas.com.mx\/#organization","name":"Fuentes Fidedignas","url":"https:\/\/fuentesfidedignas.com.mx\/","logo":{"@type":"ImageObject","inLanguage":"es","@id":"https:\/\/fuentesfidedignas.com.mx\/#\/schema\/logo\/image\/","url":"https:\/\/fuentesfidedignas.com.mx\/wp-content\/uploads\/2021\/04\/logo-retina.png","contentUrl":"https:\/\/fuentesfidedignas.com.mx\/wp-content\/uploads\/2021\/04\/logo-retina.png","width":280,"height":51,"caption":"Fuentes Fidedignas"},"image":{"@id":"https:\/\/fuentesfidedignas.com.mx\/#\/schema\/logo\/image\/"},"sameAs":["https:\/\/www.facebook.com\/Fuentes-Fidedignas-368234489921644","https:\/\/x.com\/fidedignas"]},{"@type":"Person","@id":"https:\/\/fuentesfidedignas.com.mx\/#\/schema\/person\/3f687c55082c557a647c7836bde45728","name":"Mtro. Horacio de Jes\u00fas Malcampo Moreno","image":{"@type":"ImageObject","inLanguage":"es","@id":"https:\/\/secure.gravatar.com\/avatar\/21fd667a5b9de079d383e44390566d4c728a6ce47b9b5e8419c61f1b793461ac?s=96&d=mm&r=g","url":"https:\/\/secure.gravatar.com\/avatar\/21fd667a5b9de079d383e44390566d4c728a6ce47b9b5e8419c61f1b793461ac?s=96&d=mm&r=g","contentUrl":"https:\/\/secure.gravatar.com\/avatar\/21fd667a5b9de079d383e44390566d4c728a6ce47b9b5e8419c61f1b793461ac?s=96&d=mm&r=g","caption":"Mtro. Horacio de Jes\u00fas Malcampo Moreno"},"url":"https:\/\/fuentesfidedignas.com.mx\/index.php\/author\/horacio\/"}]}},"_links":{"self":[{"href":"https:\/\/fuentesfidedignas.com.mx\/index.php\/wp-json\/wp\/v2\/posts\/78069","targetHints":{"allow":["GET"]}}],"collection":[{"href":"https:\/\/fuentesfidedignas.com.mx\/index.php\/wp-json\/wp\/v2\/posts"}],"about":[{"href":"https:\/\/fuentesfidedignas.com.mx\/index.php\/wp-json\/wp\/v2\/types\/post"}],"author":[{"embeddable":true,"href":"https:\/\/fuentesfidedignas.com.mx\/index.php\/wp-json\/wp\/v2\/users\/146"}],"replies":[{"embeddable":true,"href":"https:\/\/fuentesfidedignas.com.mx\/index.php\/wp-json\/wp\/v2\/comments?post=78069"}],"version-history":[{"count":1,"href":"https:\/\/fuentesfidedignas.com.mx\/index.php\/wp-json\/wp\/v2\/posts\/78069\/revisions"}],"predecessor-version":[{"id":78071,"href":"https:\/\/fuentesfidedignas.com.mx\/index.php\/wp-json\/wp\/v2\/posts\/78069\/revisions\/78071"}],"wp:featuredmedia":[{"embeddable":true,"href":"https:\/\/fuentesfidedignas.com.mx\/index.php\/wp-json\/wp\/v2\/media\/78070"}],"wp:attachment":[{"href":"https:\/\/fuentesfidedignas.com.mx\/index.php\/wp-json\/wp\/v2\/media?parent=78069"}],"wp:term":[{"taxonomy":"category","embeddable":true,"href":"https:\/\/fuentesfidedignas.com.mx\/index.php\/wp-json\/wp\/v2\/categories?post=78069"},{"taxonomy":"post_tag","embeddable":true,"href":"https:\/\/fuentesfidedignas.com.mx\/index.php\/wp-json\/wp\/v2\/tags?post=78069"}],"curies":[{"name":"wp","href":"https:\/\/api.w.org\/{rel}","templated":true}]}}