{"id":77883,"date":"2024-03-26T08:34:44","date_gmt":"2024-03-26T15:34:44","guid":{"rendered":"https:\/\/fuentesfidedignas.com.mx\/?p=77883"},"modified":"2024-03-26T08:37:33","modified_gmt":"2024-03-26T15:37:33","slug":"se-investiga-si-fue-algo-intencional-o-un-error-amlo-sobre-descarrilamiento-del-tren-maya","status":"publish","type":"post","link":"https:\/\/fuentesfidedignas.com.mx\/index.php\/2024\/03\/26\/se-investiga-si-fue-algo-intencional-o-un-error-amlo-sobre-descarrilamiento-del-tren-maya\/","title":{"rendered":"Se investiga si fue \u201calgo intencional\u201d o un \u201cerror\u201d: AMLO sobre accidente del Tren Maya"},"content":{"rendered":"\n<p><strong><em>El presidente L\u00f3pez Obrador indic\u00f3 que se busca ver si fue \u201calgo intencional\u201d o un \u201cerror de los responsables\u201d del Tren Maya<\/em><\/strong><\/p>\n\n\n\n<p>Ciudad de M\u00e9xico.- El presidente de M\u00e9xico, Andr\u00e9s Manuel L\u00f3pez Obrador, detall\u00f3 que su Gobierno realiza la investigaci\u00f3n sobre el descarrilamiento de un vag\u00f3n del Tren Maya en Yucat\u00e1n, ocurrido el lunes por la ma\u00f1ana.<\/p>\n\n\n\n<p>En la conferencia matutina de Palacio Nacional, L\u00f3pez Obrador indic\u00f3 que se busca ver si fue \u201calgo intencional\u201d o un \u201cerror de los responsables\u201d del tren.<\/p>\n\n\n\n<p>Se est\u00e1 haciendo una investigaci\u00f3n porque s\u00ed est\u00e1 raro. Hubo en la estaci\u00f3n un error humano, no hubo un cambio de v\u00eda, no se llev\u00f3 a cabo en un aparato de v\u00eda y se est\u00e1 buscando para ver si fue algo intencional o fue un error de los responsables del manejo de las v\u00edas\u201d, dijo.<\/p>\n\n\n\n<p>Afortunadamente (el descarrilamiento) fue en la estaci\u00f3n pr\u00e1cticamente. Y s\u00ed tiene un sistema el tren de seguridad que funcion\u00f3 y por eso afortunadamente no hubieron heridos y desgracias lamentables. Se est\u00e1 haciendo la investigaci\u00f3n y vamos a ver qu\u00e9 cosa fue lo que pas\u00f3\u201d, indic\u00f3 en el Sal\u00f3n Tesorer\u00eda.<\/p>\n\n\n\n<p>La empresa Tren Maya integr\u00f3 una Comisi\u00f3n Dictaminadora para realizar una investigaci\u00f3n exhaustiva del descarrilamiento de un vag\u00f3n el lunes por la ma\u00f1ana, justo cuando ingresaba a la estaci\u00f3n Tixkokob, en el tramo 3.<\/p>\n\n\n\n<p>Por medio de un comunicado, la empresa detall\u00f3 que el cuarto vag\u00f3n del tren D006 experiment\u00f3 una interrupci\u00f3n del flujo sobre la v\u00eda en la estaci\u00f3n Tixkokob, sin registrar afectaciones humanas ni materiales.<\/p>\n\n\n\n<p>\u201cEl hecho se registr\u00f3 a las 9:30h cuando, para ingresar a la estaci\u00f3n Tixkokob, los 3 primeros vagones del tren D006 pasaron un cambio de v\u00edas a una velocidad aproximada de 10 km\/h, sali\u00e9ndose de las v\u00edas el cuarto vag\u00f3n. Ante esta situaci\u00f3n se procedi\u00f3 a evacuar a nuestros pasajeros para brindarles la atenci\u00f3n de transborde, a fin de que continuaran su viaje con destino a Canc\u00fan. Este incidente no afect\u00f3 la operaci\u00f3n programada del resto de los trenes\u201d, se apunt\u00f3.<\/p>\n\n\n\n<p>\u201cAsimismo, se integr\u00f3 una Comisi\u00f3n Dictaminadora que ya est\u00e1 realizando una investigaci\u00f3n exhaustiva del hecho para determinar sus causas y prevenir cualquier situaci\u00f3n similar que pudiera comprometer el servicio del Tren Maya\u201d, se puede leer en el comunicado difundid en redes sociales.<\/p>\n","protected":false},"excerpt":{"rendered":"<p>El presidente L\u00f3pez Obrador indic\u00f3 que se busca ver si fue \u201calgo intencional\u201d o un \u201cerror de los responsables\u201d del Tren Maya Ciudad de M\u00e9xico.- El presidente de M\u00e9xico, Andr\u00e9s Manuel L\u00f3pez Obrador, detall\u00f3 que su Gobierno realiza la investigaci\u00f3n sobre el descarrilamiento de un vag\u00f3n del Tren Maya en Yucat\u00e1n, ocurrido el lunes por [&hellip;]<\/p>\n","protected":false},"author":47,"featured_media":49080,"comment_status":"open","ping_status":"open","sticky":false,"template":"","format":"standard","meta":{"tdm_status":"","tdm_grid_status":"","footnotes":""},"categories":[39],"tags":[],"class_list":{"0":"post-77883","1":"post","2":"type-post","3":"status-publish","4":"format-standard","5":"has-post-thumbnail","7":"category-noticias-nacionales"},"yoast_head":"<!-- This site is optimized with the Yoast SEO plugin v27.5 - https:\/\/yoast.com\/product\/yoast-seo-wordpress\/ -->\n<title>Se investiga si fue \u201calgo intencional\u201d o un \u201cerror\u201d: AMLO sobre accidente del Tren Maya - Fuentes Fidedignas<\/title>\n<meta name=\"robots\" content=\"index, follow, max-snippet:-1, max-image-preview:large, max-video-preview:-1\" \/>\n<link rel=\"canonical\" href=\"https:\/\/fuentesfidedignas.com.mx\/index.php\/2024\/03\/26\/se-investiga-si-fue-algo-intencional-o-un-error-amlo-sobre-descarrilamiento-del-tren-maya\/\" \/>\n<meta property=\"og:locale\" content=\"es_MX\" \/>\n<meta property=\"og:type\" content=\"article\" \/>\n<meta property=\"og:title\" content=\"Se investiga si fue \u201calgo intencional\u201d o un \u201cerror\u201d: AMLO sobre accidente del Tren Maya - Fuentes Fidedignas\" \/>\n<meta property=\"og:description\" content=\"El presidente L\u00f3pez Obrador indic\u00f3 que se busca ver si fue \u201calgo intencional\u201d o un \u201cerror de los responsables\u201d del Tren Maya Ciudad de M\u00e9xico.- El presidente de M\u00e9xico, Andr\u00e9s Manuel L\u00f3pez Obrador, detall\u00f3 que su Gobierno realiza la investigaci\u00f3n sobre el descarrilamiento de un vag\u00f3n del Tren Maya en Yucat\u00e1n, ocurrido el lunes por [&hellip;]\" \/>\n<meta property=\"og:url\" content=\"https:\/\/fuentesfidedignas.com.mx\/index.php\/2024\/03\/26\/se-investiga-si-fue-algo-intencional-o-un-error-amlo-sobre-descarrilamiento-del-tren-maya\/\" \/>\n<meta property=\"og:site_name\" content=\"Fuentes Fidedignas\" \/>\n<meta property=\"article:publisher\" content=\"https:\/\/www.facebook.com\/Fuentes-Fidedignas-368234489921644\" \/>\n<meta property=\"article:published_time\" content=\"2024-03-26T15:34:44+00:00\" \/>\n<meta property=\"article:modified_time\" content=\"2024-03-26T15:37:33+00:00\" \/>\n<meta property=\"og:image\" content=\"https:\/\/fuentesfidedignas.com.mx\/wp-content\/uploads\/2023\/06\/amlo-lopez-obrador-morena.jpg\" \/>\n\t<meta property=\"og:image:width\" content=\"768\" \/>\n\t<meta property=\"og:image:height\" content=\"524\" \/>\n\t<meta property=\"og:image:type\" content=\"image\/jpeg\" \/>\n<meta name=\"author\" content=\"L\u00f3pez D\u00f3riga\" \/>\n<meta name=\"twitter:card\" content=\"summary_large_image\" \/>\n<meta name=\"twitter:creator\" content=\"@fidedignas\" \/>\n<meta name=\"twitter:site\" content=\"@fidedignas\" \/>\n<meta name=\"twitter:label1\" content=\"Escrito por\" \/>\n\t<meta name=\"twitter:data1\" content=\"L\u00f3pez D\u00f3riga\" \/>\n\t<meta name=\"twitter:label2\" content=\"Tiempo de lectura\" \/>\n\t<meta name=\"twitter:data2\" content=\"2 minutos\" \/>\n<script type=\"application\/ld+json\" class=\"yoast-schema-graph\">{\"@context\":\"https:\\\/\\\/schema.org\",\"@graph\":[{\"@type\":\"Article\",\"@id\":\"https:\\\/\\\/fuentesfidedignas.com.mx\\\/index.php\\\/2024\\\/03\\\/26\\\/se-investiga-si-fue-algo-intencional-o-un-error-amlo-sobre-descarrilamiento-del-tren-maya\\\/#article\",\"isPartOf\":{\"@id\":\"https:\\\/\\\/fuentesfidedignas.com.mx\\\/index.php\\\/2024\\\/03\\\/26\\\/se-investiga-si-fue-algo-intencional-o-un-error-amlo-sobre-descarrilamiento-del-tren-maya\\\/\"},\"author\":{\"name\":\"L\u00f3pez D\u00f3riga\",\"@id\":\"https:\\\/\\\/fuentesfidedignas.com.mx\\\/#\\\/schema\\\/person\\\/67d852f0557c8509146a4b9ddebd543a\"},\"headline\":\"Se investiga si fue \u201calgo intencional\u201d o un \u201cerror\u201d: AMLO sobre accidente del Tren Maya\",\"datePublished\":\"2024-03-26T15:34:44+00:00\",\"dateModified\":\"2024-03-26T15:37:33+00:00\",\"mainEntityOfPage\":{\"@id\":\"https:\\\/\\\/fuentesfidedignas.com.mx\\\/index.php\\\/2024\\\/03\\\/26\\\/se-investiga-si-fue-algo-intencional-o-un-error-amlo-sobre-descarrilamiento-del-tren-maya\\\/\"},\"wordCount\":432,\"commentCount\":0,\"publisher\":{\"@id\":\"https:\\\/\\\/fuentesfidedignas.com.mx\\\/#organization\"},\"image\":{\"@id\":\"https:\\\/\\\/fuentesfidedignas.com.mx\\\/index.php\\\/2024\\\/03\\\/26\\\/se-investiga-si-fue-algo-intencional-o-un-error-amlo-sobre-descarrilamiento-del-tren-maya\\\/#primaryimage\"},\"thumbnailUrl\":\"https:\\\/\\\/fuentesfidedignas.com.mx\\\/wp-content\\\/uploads\\\/2023\\\/06\\\/amlo-lopez-obrador-morena.jpg\",\"articleSection\":[\"NOTICIAS NACIONALES\"],\"inLanguage\":\"es\",\"potentialAction\":[{\"@type\":\"CommentAction\",\"name\":\"Comment\",\"target\":[\"https:\\\/\\\/fuentesfidedignas.com.mx\\\/index.php\\\/2024\\\/03\\\/26\\\/se-investiga-si-fue-algo-intencional-o-un-error-amlo-sobre-descarrilamiento-del-tren-maya\\\/#respond\"]}]},{\"@type\":\"WebPage\",\"@id\":\"https:\\\/\\\/fuentesfidedignas.com.mx\\\/index.php\\\/2024\\\/03\\\/26\\\/se-investiga-si-fue-algo-intencional-o-un-error-amlo-sobre-descarrilamiento-del-tren-maya\\\/\",\"url\":\"https:\\\/\\\/fuentesfidedignas.com.mx\\\/index.php\\\/2024\\\/03\\\/26\\\/se-investiga-si-fue-algo-intencional-o-un-error-amlo-sobre-descarrilamiento-del-tren-maya\\\/\",\"name\":\"Se investiga si fue \u201calgo intencional\u201d o un \u201cerror\u201d: AMLO sobre accidente del Tren Maya - Fuentes Fidedignas\",\"isPartOf\":{\"@id\":\"https:\\\/\\\/fuentesfidedignas.com.mx\\\/#website\"},\"primaryImageOfPage\":{\"@id\":\"https:\\\/\\\/fuentesfidedignas.com.mx\\\/index.php\\\/2024\\\/03\\\/26\\\/se-investiga-si-fue-algo-intencional-o-un-error-amlo-sobre-descarrilamiento-del-tren-maya\\\/#primaryimage\"},\"image\":{\"@id\":\"https:\\\/\\\/fuentesfidedignas.com.mx\\\/index.php\\\/2024\\\/03\\\/26\\\/se-investiga-si-fue-algo-intencional-o-un-error-amlo-sobre-descarrilamiento-del-tren-maya\\\/#primaryimage\"},\"thumbnailUrl\":\"https:\\\/\\\/fuentesfidedignas.com.mx\\\/wp-content\\\/uploads\\\/2023\\\/06\\\/amlo-lopez-obrador-morena.jpg\",\"datePublished\":\"2024-03-26T15:34:44+00:00\",\"dateModified\":\"2024-03-26T15:37:33+00:00\",\"breadcrumb\":{\"@id\":\"https:\\\/\\\/fuentesfidedignas.com.mx\\\/index.php\\\/2024\\\/03\\\/26\\\/se-investiga-si-fue-algo-intencional-o-un-error-amlo-sobre-descarrilamiento-del-tren-maya\\\/#breadcrumb\"},\"inLanguage\":\"es\",\"potentialAction\":[{\"@type\":\"ReadAction\",\"target\":[\"https:\\\/\\\/fuentesfidedignas.com.mx\\\/index.php\\\/2024\\\/03\\\/26\\\/se-investiga-si-fue-algo-intencional-o-un-error-amlo-sobre-descarrilamiento-del-tren-maya\\\/\"]}]},{\"@type\":\"ImageObject\",\"inLanguage\":\"es\",\"@id\":\"https:\\\/\\\/fuentesfidedignas.com.mx\\\/index.php\\\/2024\\\/03\\\/26\\\/se-investiga-si-fue-algo-intencional-o-un-error-amlo-sobre-descarrilamiento-del-tren-maya\\\/#primaryimage\",\"url\":\"https:\\\/\\\/fuentesfidedignas.com.mx\\\/wp-content\\\/uploads\\\/2023\\\/06\\\/amlo-lopez-obrador-morena.jpg\",\"contentUrl\":\"https:\\\/\\\/fuentesfidedignas.com.mx\\\/wp-content\\\/uploads\\\/2023\\\/06\\\/amlo-lopez-obrador-morena.jpg\",\"width\":768,\"height\":524},{\"@type\":\"BreadcrumbList\",\"@id\":\"https:\\\/\\\/fuentesfidedignas.com.mx\\\/index.php\\\/2024\\\/03\\\/26\\\/se-investiga-si-fue-algo-intencional-o-un-error-amlo-sobre-descarrilamiento-del-tren-maya\\\/#breadcrumb\",\"itemListElement\":[{\"@type\":\"ListItem\",\"position\":1,\"name\":\"Inicio\",\"item\":\"https:\\\/\\\/fuentesfidedignas.com.mx\\\/\"},{\"@type\":\"ListItem\",\"position\":2,\"name\":\"Se investiga si fue \u201calgo intencional\u201d o un \u201cerror\u201d: AMLO sobre accidente del Tren Maya\"}]},{\"@type\":\"WebSite\",\"@id\":\"https:\\\/\\\/fuentesfidedignas.com.mx\\\/#website\",\"url\":\"https:\\\/\\\/fuentesfidedignas.com.mx\\\/\",\"name\":\"Fuentes Fidedignas\",\"description\":\"Otro sitio realizado con WordPress\",\"publisher\":{\"@id\":\"https:\\\/\\\/fuentesfidedignas.com.mx\\\/#organization\"},\"potentialAction\":[{\"@type\":\"SearchAction\",\"target\":{\"@type\":\"EntryPoint\",\"urlTemplate\":\"https:\\\/\\\/fuentesfidedignas.com.mx\\\/?s={search_term_string}\"},\"query-input\":{\"@type\":\"PropertyValueSpecification\",\"valueRequired\":true,\"valueName\":\"search_term_string\"}}],\"inLanguage\":\"es\"},{\"@type\":\"Organization\",\"@id\":\"https:\\\/\\\/fuentesfidedignas.com.mx\\\/#organization\",\"name\":\"Fuentes Fidedignas\",\"url\":\"https:\\\/\\\/fuentesfidedignas.com.mx\\\/\",\"logo\":{\"@type\":\"ImageObject\",\"inLanguage\":\"es\",\"@id\":\"https:\\\/\\\/fuentesfidedignas.com.mx\\\/#\\\/schema\\\/logo\\\/image\\\/\",\"url\":\"https:\\\/\\\/fuentesfidedignas.com.mx\\\/wp-content\\\/uploads\\\/2021\\\/04\\\/logo-retina.png\",\"contentUrl\":\"https:\\\/\\\/fuentesfidedignas.com.mx\\\/wp-content\\\/uploads\\\/2021\\\/04\\\/logo-retina.png\",\"width\":280,\"height\":51,\"caption\":\"Fuentes Fidedignas\"},\"image\":{\"@id\":\"https:\\\/\\\/fuentesfidedignas.com.mx\\\/#\\\/schema\\\/logo\\\/image\\\/\"},\"sameAs\":[\"https:\\\/\\\/www.facebook.com\\\/Fuentes-Fidedignas-368234489921644\",\"https:\\\/\\\/x.com\\\/fidedignas\"]},{\"@type\":\"Person\",\"@id\":\"https:\\\/\\\/fuentesfidedignas.com.mx\\\/#\\\/schema\\\/person\\\/67d852f0557c8509146a4b9ddebd543a\",\"name\":\"L\u00f3pez D\u00f3riga\",\"image\":{\"@type\":\"ImageObject\",\"inLanguage\":\"es\",\"@id\":\"https:\\\/\\\/secure.gravatar.com\\\/avatar\\\/e525b06574ca18b33cded59dfe5778d6c823b9513154eff47da551b0551bdd1e?s=96&d=mm&r=g\",\"url\":\"https:\\\/\\\/secure.gravatar.com\\\/avatar\\\/e525b06574ca18b33cded59dfe5778d6c823b9513154eff47da551b0551bdd1e?s=96&d=mm&r=g\",\"contentUrl\":\"https:\\\/\\\/secure.gravatar.com\\\/avatar\\\/e525b06574ca18b33cded59dfe5778d6c823b9513154eff47da551b0551bdd1e?s=96&d=mm&r=g\",\"caption\":\"L\u00f3pez D\u00f3riga\"},\"url\":\"https:\\\/\\\/fuentesfidedignas.com.mx\\\/index.php\\\/author\\\/doriga\\\/\"}]}<\/script>\n<!-- \/ Yoast SEO plugin. -->","yoast_head_json":{"title":"Se investiga si fue \u201calgo intencional\u201d o un \u201cerror\u201d: AMLO sobre accidente del Tren Maya - Fuentes Fidedignas","robots":{"index":"index","follow":"follow","max-snippet":"max-snippet:-1","max-image-preview":"max-image-preview:large","max-video-preview":"max-video-preview:-1"},"canonical":"https:\/\/fuentesfidedignas.com.mx\/index.php\/2024\/03\/26\/se-investiga-si-fue-algo-intencional-o-un-error-amlo-sobre-descarrilamiento-del-tren-maya\/","og_locale":"es_MX","og_type":"article","og_title":"Se investiga si fue \u201calgo intencional\u201d o un \u201cerror\u201d: AMLO sobre accidente del Tren Maya - Fuentes Fidedignas","og_description":"El presidente L\u00f3pez Obrador indic\u00f3 que se busca ver si fue \u201calgo intencional\u201d o un \u201cerror de los responsables\u201d del Tren Maya Ciudad de M\u00e9xico.- El presidente de M\u00e9xico, Andr\u00e9s Manuel L\u00f3pez Obrador, detall\u00f3 que su Gobierno realiza la investigaci\u00f3n sobre el descarrilamiento de un vag\u00f3n del Tren Maya en Yucat\u00e1n, ocurrido el lunes por [&hellip;]","og_url":"https:\/\/fuentesfidedignas.com.mx\/index.php\/2024\/03\/26\/se-investiga-si-fue-algo-intencional-o-un-error-amlo-sobre-descarrilamiento-del-tren-maya\/","og_site_name":"Fuentes Fidedignas","article_publisher":"https:\/\/www.facebook.com\/Fuentes-Fidedignas-368234489921644","article_published_time":"2024-03-26T15:34:44+00:00","article_modified_time":"2024-03-26T15:37:33+00:00","og_image":[{"width":768,"height":524,"url":"https:\/\/fuentesfidedignas.com.mx\/wp-content\/uploads\/2023\/06\/amlo-lopez-obrador-morena.jpg","type":"image\/jpeg"}],"author":"L\u00f3pez D\u00f3riga","twitter_card":"summary_large_image","twitter_creator":"@fidedignas","twitter_site":"@fidedignas","twitter_misc":{"Escrito por":"L\u00f3pez D\u00f3riga","Tiempo de lectura":"2 minutos"},"schema":{"@context":"https:\/\/schema.org","@graph":[{"@type":"Article","@id":"https:\/\/fuentesfidedignas.com.mx\/index.php\/2024\/03\/26\/se-investiga-si-fue-algo-intencional-o-un-error-amlo-sobre-descarrilamiento-del-tren-maya\/#article","isPartOf":{"@id":"https:\/\/fuentesfidedignas.com.mx\/index.php\/2024\/03\/26\/se-investiga-si-fue-algo-intencional-o-un-error-amlo-sobre-descarrilamiento-del-tren-maya\/"},"author":{"name":"L\u00f3pez D\u00f3riga","@id":"https:\/\/fuentesfidedignas.com.mx\/#\/schema\/person\/67d852f0557c8509146a4b9ddebd543a"},"headline":"Se investiga si fue \u201calgo intencional\u201d o un \u201cerror\u201d: AMLO sobre accidente del Tren Maya","datePublished":"2024-03-26T15:34:44+00:00","dateModified":"2024-03-26T15:37:33+00:00","mainEntityOfPage":{"@id":"https:\/\/fuentesfidedignas.com.mx\/index.php\/2024\/03\/26\/se-investiga-si-fue-algo-intencional-o-un-error-amlo-sobre-descarrilamiento-del-tren-maya\/"},"wordCount":432,"commentCount":0,"publisher":{"@id":"https:\/\/fuentesfidedignas.com.mx\/#organization"},"image":{"@id":"https:\/\/fuentesfidedignas.com.mx\/index.php\/2024\/03\/26\/se-investiga-si-fue-algo-intencional-o-un-error-amlo-sobre-descarrilamiento-del-tren-maya\/#primaryimage"},"thumbnailUrl":"https:\/\/fuentesfidedignas.com.mx\/wp-content\/uploads\/2023\/06\/amlo-lopez-obrador-morena.jpg","articleSection":["NOTICIAS NACIONALES"],"inLanguage":"es","potentialAction":[{"@type":"CommentAction","name":"Comment","target":["https:\/\/fuentesfidedignas.com.mx\/index.php\/2024\/03\/26\/se-investiga-si-fue-algo-intencional-o-un-error-amlo-sobre-descarrilamiento-del-tren-maya\/#respond"]}]},{"@type":"WebPage","@id":"https:\/\/fuentesfidedignas.com.mx\/index.php\/2024\/03\/26\/se-investiga-si-fue-algo-intencional-o-un-error-amlo-sobre-descarrilamiento-del-tren-maya\/","url":"https:\/\/fuentesfidedignas.com.mx\/index.php\/2024\/03\/26\/se-investiga-si-fue-algo-intencional-o-un-error-amlo-sobre-descarrilamiento-del-tren-maya\/","name":"Se investiga si fue \u201calgo intencional\u201d o un \u201cerror\u201d: AMLO sobre accidente del Tren Maya - Fuentes Fidedignas","isPartOf":{"@id":"https:\/\/fuentesfidedignas.com.mx\/#website"},"primaryImageOfPage":{"@id":"https:\/\/fuentesfidedignas.com.mx\/index.php\/2024\/03\/26\/se-investiga-si-fue-algo-intencional-o-un-error-amlo-sobre-descarrilamiento-del-tren-maya\/#primaryimage"},"image":{"@id":"https:\/\/fuentesfidedignas.com.mx\/index.php\/2024\/03\/26\/se-investiga-si-fue-algo-intencional-o-un-error-amlo-sobre-descarrilamiento-del-tren-maya\/#primaryimage"},"thumbnailUrl":"https:\/\/fuentesfidedignas.com.mx\/wp-content\/uploads\/2023\/06\/amlo-lopez-obrador-morena.jpg","datePublished":"2024-03-26T15:34:44+00:00","dateModified":"2024-03-26T15:37:33+00:00","breadcrumb":{"@id":"https:\/\/fuentesfidedignas.com.mx\/index.php\/2024\/03\/26\/se-investiga-si-fue-algo-intencional-o-un-error-amlo-sobre-descarrilamiento-del-tren-maya\/#breadcrumb"},"inLanguage":"es","potentialAction":[{"@type":"ReadAction","target":["https:\/\/fuentesfidedignas.com.mx\/index.php\/2024\/03\/26\/se-investiga-si-fue-algo-intencional-o-un-error-amlo-sobre-descarrilamiento-del-tren-maya\/"]}]},{"@type":"ImageObject","inLanguage":"es","@id":"https:\/\/fuentesfidedignas.com.mx\/index.php\/2024\/03\/26\/se-investiga-si-fue-algo-intencional-o-un-error-amlo-sobre-descarrilamiento-del-tren-maya\/#primaryimage","url":"https:\/\/fuentesfidedignas.com.mx\/wp-content\/uploads\/2023\/06\/amlo-lopez-obrador-morena.jpg","contentUrl":"https:\/\/fuentesfidedignas.com.mx\/wp-content\/uploads\/2023\/06\/amlo-lopez-obrador-morena.jpg","width":768,"height":524},{"@type":"BreadcrumbList","@id":"https:\/\/fuentesfidedignas.com.mx\/index.php\/2024\/03\/26\/se-investiga-si-fue-algo-intencional-o-un-error-amlo-sobre-descarrilamiento-del-tren-maya\/#breadcrumb","itemListElement":[{"@type":"ListItem","position":1,"name":"Inicio","item":"https:\/\/fuentesfidedignas.com.mx\/"},{"@type":"ListItem","position":2,"name":"Se investiga si fue \u201calgo intencional\u201d o un \u201cerror\u201d: AMLO sobre accidente del Tren Maya"}]},{"@type":"WebSite","@id":"https:\/\/fuentesfidedignas.com.mx\/#website","url":"https:\/\/fuentesfidedignas.com.mx\/","name":"Fuentes Fidedignas","description":"Otro sitio realizado con WordPress","publisher":{"@id":"https:\/\/fuentesfidedignas.com.mx\/#organization"},"potentialAction":[{"@type":"SearchAction","target":{"@type":"EntryPoint","urlTemplate":"https:\/\/fuentesfidedignas.com.mx\/?s={search_term_string}"},"query-input":{"@type":"PropertyValueSpecification","valueRequired":true,"valueName":"search_term_string"}}],"inLanguage":"es"},{"@type":"Organization","@id":"https:\/\/fuentesfidedignas.com.mx\/#organization","name":"Fuentes Fidedignas","url":"https:\/\/fuentesfidedignas.com.mx\/","logo":{"@type":"ImageObject","inLanguage":"es","@id":"https:\/\/fuentesfidedignas.com.mx\/#\/schema\/logo\/image\/","url":"https:\/\/fuentesfidedignas.com.mx\/wp-content\/uploads\/2021\/04\/logo-retina.png","contentUrl":"https:\/\/fuentesfidedignas.com.mx\/wp-content\/uploads\/2021\/04\/logo-retina.png","width":280,"height":51,"caption":"Fuentes Fidedignas"},"image":{"@id":"https:\/\/fuentesfidedignas.com.mx\/#\/schema\/logo\/image\/"},"sameAs":["https:\/\/www.facebook.com\/Fuentes-Fidedignas-368234489921644","https:\/\/x.com\/fidedignas"]},{"@type":"Person","@id":"https:\/\/fuentesfidedignas.com.mx\/#\/schema\/person\/67d852f0557c8509146a4b9ddebd543a","name":"L\u00f3pez D\u00f3riga","image":{"@type":"ImageObject","inLanguage":"es","@id":"https:\/\/secure.gravatar.com\/avatar\/e525b06574ca18b33cded59dfe5778d6c823b9513154eff47da551b0551bdd1e?s=96&d=mm&r=g","url":"https:\/\/secure.gravatar.com\/avatar\/e525b06574ca18b33cded59dfe5778d6c823b9513154eff47da551b0551bdd1e?s=96&d=mm&r=g","contentUrl":"https:\/\/secure.gravatar.com\/avatar\/e525b06574ca18b33cded59dfe5778d6c823b9513154eff47da551b0551bdd1e?s=96&d=mm&r=g","caption":"L\u00f3pez D\u00f3riga"},"url":"https:\/\/fuentesfidedignas.com.mx\/index.php\/author\/doriga\/"}]}},"_links":{"self":[{"href":"https:\/\/fuentesfidedignas.com.mx\/index.php\/wp-json\/wp\/v2\/posts\/77883","targetHints":{"allow":["GET"]}}],"collection":[{"href":"https:\/\/fuentesfidedignas.com.mx\/index.php\/wp-json\/wp\/v2\/posts"}],"about":[{"href":"https:\/\/fuentesfidedignas.com.mx\/index.php\/wp-json\/wp\/v2\/types\/post"}],"author":[{"embeddable":true,"href":"https:\/\/fuentesfidedignas.com.mx\/index.php\/wp-json\/wp\/v2\/users\/47"}],"replies":[{"embeddable":true,"href":"https:\/\/fuentesfidedignas.com.mx\/index.php\/wp-json\/wp\/v2\/comments?post=77883"}],"version-history":[{"count":3,"href":"https:\/\/fuentesfidedignas.com.mx\/index.php\/wp-json\/wp\/v2\/posts\/77883\/revisions"}],"predecessor-version":[{"id":77886,"href":"https:\/\/fuentesfidedignas.com.mx\/index.php\/wp-json\/wp\/v2\/posts\/77883\/revisions\/77886"}],"wp:featuredmedia":[{"embeddable":true,"href":"https:\/\/fuentesfidedignas.com.mx\/index.php\/wp-json\/wp\/v2\/media\/49080"}],"wp:attachment":[{"href":"https:\/\/fuentesfidedignas.com.mx\/index.php\/wp-json\/wp\/v2\/media?parent=77883"}],"wp:term":[{"taxonomy":"category","embeddable":true,"href":"https:\/\/fuentesfidedignas.com.mx\/index.php\/wp-json\/wp\/v2\/categories?post=77883"},{"taxonomy":"post_tag","embeddable":true,"href":"https:\/\/fuentesfidedignas.com.mx\/index.php\/wp-json\/wp\/v2\/tags?post=77883"}],"curies":[{"name":"wp","href":"https:\/\/api.w.org\/{rel}","templated":true}]}}