{"id":77808,"date":"2024-03-25T08:15:43","date_gmt":"2024-03-25T15:15:43","guid":{"rendered":"https:\/\/fuentesfidedignas.com.mx\/?p=77808"},"modified":"2024-03-25T08:15:43","modified_gmt":"2024-03-25T15:15:43","slug":"aulas-que-enferman-la-crisis-de-salud-mental-que-azota-a-los-estudiantes","status":"publish","type":"post","link":"https:\/\/fuentesfidedignas.com.mx\/index.php\/2024\/03\/25\/aulas-que-enferman-la-crisis-de-salud-mental-que-azota-a-los-estudiantes\/","title":{"rendered":"Aulas que enferman: la crisis de salud mental que azota a los estudiantes"},"content":{"rendered":"\n<p>La educaci\u00f3n deber\u00eda ser un camino hacia el conocimiento y el desarrollo personal. Sin embargo, se ha convertido en un sombr\u00edo terreno de angustia para millones de estudiantes en todo el mundo. Un reciente estudio de la Organizaci\u00f3n para la Cooperaci\u00f3n y el Desarrollo Econ\u00f3micos (OCDE) revel\u00f3 que el 27% de los alumnos sufren de s\u00edntomas severos de ansiedad y depresi\u00f3n relacionados con el estr\u00e9s acad\u00e9mico.<\/p>\n\n\n\n<p>En M\u00e9xico, las cifras del Instituto Nacional de Psiquiatr\u00eda Ram\u00f3n de la Fuente sobre depresi\u00f3n en adolescentes son escalofriantes: 18% ha sufrido un episodio depresivo mayor. Una pandemia silenciosa que se propaga sin control en los centros educativos.<\/p>\n\n\n\n<p>\u00bfPero cu\u00e1les son las causas profundas de esta crisis de salud mental estudiantil? Las ra\u00edces se encuentran en un sistema pedag\u00f3gico sumamente anticuado y deshumanizante. A\u00fan persisten pr\u00e1cticas docentes arcaicas como sobrecargar de trabajos y tareas sin sentido, dar prioridad absoluta a resultados num\u00e9ricos sobre el aprendizaje significativo, as\u00ed como horarios extenuantes que no permiten equilibrio alguno.<\/p>\n\n\n\n<p>Jornadas de clases que f\u00e1cilmente superan las 6 horas, m\u00e1s todas las tareas, trabajos y horas de estudio posterior necesarias. Un tormento interminable de estr\u00e9s, ansiedad y privaci\u00f3n de sue\u00f1o al que nuestros estudiantes se ven sometidos, d\u00eda tras d\u00eda. Todo en pro de &#8220;buenas calificaciones&#8221; que son el \u00fanico objetivo.<\/p>\n\n\n\n<p>La pedagog\u00eda tradicional ha sacrificado por completo el bienestar integral de los alumnos para imponer un molde r\u00edgido centrado en la productividad y los resultados cuantitativos. Los costos han sido devastadores tanto para la salud f\u00edsica como mental.<\/p>\n\n\n\n<p>Problemas de concentraci\u00f3n, trastornos alimenticios, migra\u00f1as, insomnio, depresi\u00f3n severa, e incluso ideaci\u00f3n suicida, son solo algunas de las terribles consecuencias que aquejan a estudiantes en todos los niveles acad\u00e9micos. Y resulta a\u00fan m\u00e1s preocupante que los \u00edndices m\u00e1s altos se den entre la poblaci\u00f3n universitaria, donde el 35% experimenta una condici\u00f3n de salud mental seg\u00fan la Organizaci\u00f3n Mundial de la Salud.<\/p>\n\n\n\n<p>En esta cr\u00edtica etapa de consolidaci\u00f3n hacia una vida profesional independiente, los universitarios se ven sometidos a exigencias laborales excesivas, estr\u00e9s financiero y una total desconexi\u00f3n con sus necesidades personales de crecimiento y autorrealizaci\u00f3n. Un c\u00f3ctel perfecto para el surgimiento de trastornos psicol\u00f3gicos graves.<\/p>\n\n\n\n<p>Es urgente un cambio radical de paradigma. La educaci\u00f3n debe concebirse como un medio para forjar seres humanos plenos, no simples m\u00e1quinas de producci\u00f3n y consumo. Esto implica implementar nuevos modelos pedag\u00f3gicos orientados al desarrollo multidimensional de los educandos.<\/p>\n\n\n\n<p>Tanto las instituciones acad\u00e9micas como las familias y la sociedad en su conjunto deben comprometerse a prestar especial atenci\u00f3n a esta problem\u00e1tica que est\u00e1 arruinando el presente y futuro de nuestros j\u00f3venes. Programas de acompa\u00f1amiento psicol\u00f3gico, control de cargas acad\u00e9micas, ambientes m\u00e1s estimulantes y humanistas, son s\u00f3lo algunas de las tantas acciones pendientes.<\/p>\n\n\n\n<p>Ya no podemos seguir tolerando un sistema que enferma en lugar de educar. Nuestros estudiantes no est\u00e1n deprimidos, estamos deprimiendo sus anhelos, creatividad y vitalidad con pr\u00e1cticas caducas. Urge evolucionar hacia entornos acad\u00e9micos que promuevan la formaci\u00f3n integral, estimulen el pensamiento cr\u00edtico y, sobre todo, fomenten la buena salud f\u00edsica y mental.<\/p>\n\n\n\n<p>La educaci\u00f3n es un derecho humano fundamental que debe garantizarse priorizando el bienestar de nuestros alumnos. Sigamos tolerando esta situaci\u00f3n y estaremos condenando a nuestro presente y futuro a un cruel bucle de desesperanza. Actuemos hoy para revertir esta lamentable realidad. Por un ma\u00f1ana donde las aulas sean espacios de inspiraci\u00f3n, no cl\u00ednicas de estr\u00e9s y angustia.<\/p>\n","protected":false},"excerpt":{"rendered":"<p>La educaci\u00f3n deber\u00eda ser un camino hacia el conocimiento y el desarrollo personal. Sin embargo, se ha convertido en un sombr\u00edo terreno de angustia para millones de estudiantes en todo el mundo. Un reciente estudio de la Organizaci\u00f3n para la Cooperaci\u00f3n y el Desarrollo Econ\u00f3micos (OCDE) revel\u00f3 que el 27% de los alumnos sufren de [&hellip;]<\/p>\n","protected":false},"author":146,"featured_media":77809,"comment_status":"open","ping_status":"open","sticky":false,"template":"","format":"standard","meta":{"tdm_status":"","tdm_grid_status":"","footnotes":""},"categories":[3064,3089],"tags":[],"class_list":{"0":"post-77808","1":"post","2":"type-post","3":"status-publish","4":"format-standard","5":"has-post-thumbnail","7":"category-columnas","8":"category-nutriendo-la-mente"},"yoast_head":"<!-- This site is optimized with the Yoast SEO plugin v27.5 - https:\/\/yoast.com\/product\/yoast-seo-wordpress\/ -->\n<title>Aulas que enferman: la crisis de salud mental que azota a los estudiantes - Fuentes Fidedignas<\/title>\n<meta name=\"robots\" content=\"index, follow, max-snippet:-1, max-image-preview:large, max-video-preview:-1\" \/>\n<link rel=\"canonical\" href=\"https:\/\/fuentesfidedignas.com.mx\/index.php\/2024\/03\/25\/aulas-que-enferman-la-crisis-de-salud-mental-que-azota-a-los-estudiantes\/\" \/>\n<meta property=\"og:locale\" content=\"es_MX\" \/>\n<meta property=\"og:type\" content=\"article\" \/>\n<meta property=\"og:title\" content=\"Aulas que enferman: la crisis de salud mental que azota a los estudiantes - Fuentes Fidedignas\" \/>\n<meta property=\"og:description\" content=\"La educaci\u00f3n deber\u00eda ser un camino hacia el conocimiento y el desarrollo personal. Sin embargo, se ha convertido en un sombr\u00edo terreno de angustia para millones de estudiantes en todo el mundo. Un reciente estudio de la Organizaci\u00f3n para la Cooperaci\u00f3n y el Desarrollo Econ\u00f3micos (OCDE) revel\u00f3 que el 27% de los alumnos sufren de [&hellip;]\" \/>\n<meta property=\"og:url\" content=\"https:\/\/fuentesfidedignas.com.mx\/index.php\/2024\/03\/25\/aulas-que-enferman-la-crisis-de-salud-mental-que-azota-a-los-estudiantes\/\" \/>\n<meta property=\"og:site_name\" content=\"Fuentes Fidedignas\" \/>\n<meta property=\"article:publisher\" content=\"https:\/\/www.facebook.com\/Fuentes-Fidedignas-368234489921644\" \/>\n<meta property=\"article:published_time\" content=\"2024-03-25T15:15:43+00:00\" \/>\n<meta property=\"og:image\" content=\"https:\/\/fuentesfidedignas.com.mx\/wp-content\/uploads\/2024\/03\/WhatsApp-Image-2024-03-25-at-6.27.04-AM-2.jpeg\" \/>\n\t<meta property=\"og:image:width\" content=\"853\" \/>\n\t<meta property=\"og:image:height\" content=\"1280\" \/>\n\t<meta property=\"og:image:type\" content=\"image\/jpeg\" \/>\n<meta name=\"author\" content=\"Mtro. Horacio de Jes\u00fas Malcampo Moreno\" \/>\n<meta name=\"twitter:card\" content=\"summary_large_image\" \/>\n<meta name=\"twitter:creator\" content=\"@fidedignas\" \/>\n<meta name=\"twitter:site\" content=\"@fidedignas\" \/>\n<meta name=\"twitter:label1\" content=\"Escrito por\" \/>\n\t<meta name=\"twitter:data1\" content=\"Mtro. Horacio de Jes\u00fas Malcampo Moreno\" \/>\n\t<meta name=\"twitter:label2\" content=\"Tiempo de lectura\" \/>\n\t<meta name=\"twitter:data2\" content=\"3 minutos\" \/>\n<script type=\"application\/ld+json\" class=\"yoast-schema-graph\">{\"@context\":\"https:\\\/\\\/schema.org\",\"@graph\":[{\"@type\":\"Article\",\"@id\":\"https:\\\/\\\/fuentesfidedignas.com.mx\\\/index.php\\\/2024\\\/03\\\/25\\\/aulas-que-enferman-la-crisis-de-salud-mental-que-azota-a-los-estudiantes\\\/#article\",\"isPartOf\":{\"@id\":\"https:\\\/\\\/fuentesfidedignas.com.mx\\\/index.php\\\/2024\\\/03\\\/25\\\/aulas-que-enferman-la-crisis-de-salud-mental-que-azota-a-los-estudiantes\\\/\"},\"author\":{\"name\":\"Mtro. Horacio de Jes\u00fas Malcampo Moreno\",\"@id\":\"https:\\\/\\\/fuentesfidedignas.com.mx\\\/#\\\/schema\\\/person\\\/3f687c55082c557a647c7836bde45728\"},\"headline\":\"Aulas que enferman: la crisis de salud mental que azota a los estudiantes\",\"datePublished\":\"2024-03-25T15:15:43+00:00\",\"mainEntityOfPage\":{\"@id\":\"https:\\\/\\\/fuentesfidedignas.com.mx\\\/index.php\\\/2024\\\/03\\\/25\\\/aulas-que-enferman-la-crisis-de-salud-mental-que-azota-a-los-estudiantes\\\/\"},\"wordCount\":639,\"commentCount\":0,\"publisher\":{\"@id\":\"https:\\\/\\\/fuentesfidedignas.com.mx\\\/#organization\"},\"image\":{\"@id\":\"https:\\\/\\\/fuentesfidedignas.com.mx\\\/index.php\\\/2024\\\/03\\\/25\\\/aulas-que-enferman-la-crisis-de-salud-mental-que-azota-a-los-estudiantes\\\/#primaryimage\"},\"thumbnailUrl\":\"https:\\\/\\\/fuentesfidedignas.com.mx\\\/wp-content\\\/uploads\\\/2024\\\/03\\\/WhatsApp-Image-2024-03-25-at-6.27.04-AM-2.jpeg\",\"articleSection\":[\"COLUMNAS\",\"NUTRIENDO LA MENTE\"],\"inLanguage\":\"es\",\"potentialAction\":[{\"@type\":\"CommentAction\",\"name\":\"Comment\",\"target\":[\"https:\\\/\\\/fuentesfidedignas.com.mx\\\/index.php\\\/2024\\\/03\\\/25\\\/aulas-que-enferman-la-crisis-de-salud-mental-que-azota-a-los-estudiantes\\\/#respond\"]}]},{\"@type\":\"WebPage\",\"@id\":\"https:\\\/\\\/fuentesfidedignas.com.mx\\\/index.php\\\/2024\\\/03\\\/25\\\/aulas-que-enferman-la-crisis-de-salud-mental-que-azota-a-los-estudiantes\\\/\",\"url\":\"https:\\\/\\\/fuentesfidedignas.com.mx\\\/index.php\\\/2024\\\/03\\\/25\\\/aulas-que-enferman-la-crisis-de-salud-mental-que-azota-a-los-estudiantes\\\/\",\"name\":\"Aulas que enferman: la crisis de salud mental que azota a los estudiantes - Fuentes Fidedignas\",\"isPartOf\":{\"@id\":\"https:\\\/\\\/fuentesfidedignas.com.mx\\\/#website\"},\"primaryImageOfPage\":{\"@id\":\"https:\\\/\\\/fuentesfidedignas.com.mx\\\/index.php\\\/2024\\\/03\\\/25\\\/aulas-que-enferman-la-crisis-de-salud-mental-que-azota-a-los-estudiantes\\\/#primaryimage\"},\"image\":{\"@id\":\"https:\\\/\\\/fuentesfidedignas.com.mx\\\/index.php\\\/2024\\\/03\\\/25\\\/aulas-que-enferman-la-crisis-de-salud-mental-que-azota-a-los-estudiantes\\\/#primaryimage\"},\"thumbnailUrl\":\"https:\\\/\\\/fuentesfidedignas.com.mx\\\/wp-content\\\/uploads\\\/2024\\\/03\\\/WhatsApp-Image-2024-03-25-at-6.27.04-AM-2.jpeg\",\"datePublished\":\"2024-03-25T15:15:43+00:00\",\"breadcrumb\":{\"@id\":\"https:\\\/\\\/fuentesfidedignas.com.mx\\\/index.php\\\/2024\\\/03\\\/25\\\/aulas-que-enferman-la-crisis-de-salud-mental-que-azota-a-los-estudiantes\\\/#breadcrumb\"},\"inLanguage\":\"es\",\"potentialAction\":[{\"@type\":\"ReadAction\",\"target\":[\"https:\\\/\\\/fuentesfidedignas.com.mx\\\/index.php\\\/2024\\\/03\\\/25\\\/aulas-que-enferman-la-crisis-de-salud-mental-que-azota-a-los-estudiantes\\\/\"]}]},{\"@type\":\"ImageObject\",\"inLanguage\":\"es\",\"@id\":\"https:\\\/\\\/fuentesfidedignas.com.mx\\\/index.php\\\/2024\\\/03\\\/25\\\/aulas-que-enferman-la-crisis-de-salud-mental-que-azota-a-los-estudiantes\\\/#primaryimage\",\"url\":\"https:\\\/\\\/fuentesfidedignas.com.mx\\\/wp-content\\\/uploads\\\/2024\\\/03\\\/WhatsApp-Image-2024-03-25-at-6.27.04-AM-2.jpeg\",\"contentUrl\":\"https:\\\/\\\/fuentesfidedignas.com.mx\\\/wp-content\\\/uploads\\\/2024\\\/03\\\/WhatsApp-Image-2024-03-25-at-6.27.04-AM-2.jpeg\",\"width\":853,\"height\":1280},{\"@type\":\"BreadcrumbList\",\"@id\":\"https:\\\/\\\/fuentesfidedignas.com.mx\\\/index.php\\\/2024\\\/03\\\/25\\\/aulas-que-enferman-la-crisis-de-salud-mental-que-azota-a-los-estudiantes\\\/#breadcrumb\",\"itemListElement\":[{\"@type\":\"ListItem\",\"position\":1,\"name\":\"Inicio\",\"item\":\"https:\\\/\\\/fuentesfidedignas.com.mx\\\/\"},{\"@type\":\"ListItem\",\"position\":2,\"name\":\"Aulas que enferman: la crisis de salud mental que azota a los estudiantes\"}]},{\"@type\":\"WebSite\",\"@id\":\"https:\\\/\\\/fuentesfidedignas.com.mx\\\/#website\",\"url\":\"https:\\\/\\\/fuentesfidedignas.com.mx\\\/\",\"name\":\"Fuentes Fidedignas\",\"description\":\"Otro sitio realizado con WordPress\",\"publisher\":{\"@id\":\"https:\\\/\\\/fuentesfidedignas.com.mx\\\/#organization\"},\"potentialAction\":[{\"@type\":\"SearchAction\",\"target\":{\"@type\":\"EntryPoint\",\"urlTemplate\":\"https:\\\/\\\/fuentesfidedignas.com.mx\\\/?s={search_term_string}\"},\"query-input\":{\"@type\":\"PropertyValueSpecification\",\"valueRequired\":true,\"valueName\":\"search_term_string\"}}],\"inLanguage\":\"es\"},{\"@type\":\"Organization\",\"@id\":\"https:\\\/\\\/fuentesfidedignas.com.mx\\\/#organization\",\"name\":\"Fuentes Fidedignas\",\"url\":\"https:\\\/\\\/fuentesfidedignas.com.mx\\\/\",\"logo\":{\"@type\":\"ImageObject\",\"inLanguage\":\"es\",\"@id\":\"https:\\\/\\\/fuentesfidedignas.com.mx\\\/#\\\/schema\\\/logo\\\/image\\\/\",\"url\":\"https:\\\/\\\/fuentesfidedignas.com.mx\\\/wp-content\\\/uploads\\\/2021\\\/04\\\/logo-retina.png\",\"contentUrl\":\"https:\\\/\\\/fuentesfidedignas.com.mx\\\/wp-content\\\/uploads\\\/2021\\\/04\\\/logo-retina.png\",\"width\":280,\"height\":51,\"caption\":\"Fuentes Fidedignas\"},\"image\":{\"@id\":\"https:\\\/\\\/fuentesfidedignas.com.mx\\\/#\\\/schema\\\/logo\\\/image\\\/\"},\"sameAs\":[\"https:\\\/\\\/www.facebook.com\\\/Fuentes-Fidedignas-368234489921644\",\"https:\\\/\\\/x.com\\\/fidedignas\"]},{\"@type\":\"Person\",\"@id\":\"https:\\\/\\\/fuentesfidedignas.com.mx\\\/#\\\/schema\\\/person\\\/3f687c55082c557a647c7836bde45728\",\"name\":\"Mtro. Horacio de Jes\u00fas Malcampo Moreno\",\"image\":{\"@type\":\"ImageObject\",\"inLanguage\":\"es\",\"@id\":\"https:\\\/\\\/secure.gravatar.com\\\/avatar\\\/21fd667a5b9de079d383e44390566d4c728a6ce47b9b5e8419c61f1b793461ac?s=96&d=mm&r=g\",\"url\":\"https:\\\/\\\/secure.gravatar.com\\\/avatar\\\/21fd667a5b9de079d383e44390566d4c728a6ce47b9b5e8419c61f1b793461ac?s=96&d=mm&r=g\",\"contentUrl\":\"https:\\\/\\\/secure.gravatar.com\\\/avatar\\\/21fd667a5b9de079d383e44390566d4c728a6ce47b9b5e8419c61f1b793461ac?s=96&d=mm&r=g\",\"caption\":\"Mtro. Horacio de Jes\u00fas Malcampo Moreno\"},\"url\":\"https:\\\/\\\/fuentesfidedignas.com.mx\\\/index.php\\\/author\\\/horacio\\\/\"}]}<\/script>\n<!-- \/ Yoast SEO plugin. -->","yoast_head_json":{"title":"Aulas que enferman: la crisis de salud mental que azota a los estudiantes - Fuentes Fidedignas","robots":{"index":"index","follow":"follow","max-snippet":"max-snippet:-1","max-image-preview":"max-image-preview:large","max-video-preview":"max-video-preview:-1"},"canonical":"https:\/\/fuentesfidedignas.com.mx\/index.php\/2024\/03\/25\/aulas-que-enferman-la-crisis-de-salud-mental-que-azota-a-los-estudiantes\/","og_locale":"es_MX","og_type":"article","og_title":"Aulas que enferman: la crisis de salud mental que azota a los estudiantes - Fuentes Fidedignas","og_description":"La educaci\u00f3n deber\u00eda ser un camino hacia el conocimiento y el desarrollo personal. Sin embargo, se ha convertido en un sombr\u00edo terreno de angustia para millones de estudiantes en todo el mundo. Un reciente estudio de la Organizaci\u00f3n para la Cooperaci\u00f3n y el Desarrollo Econ\u00f3micos (OCDE) revel\u00f3 que el 27% de los alumnos sufren de [&hellip;]","og_url":"https:\/\/fuentesfidedignas.com.mx\/index.php\/2024\/03\/25\/aulas-que-enferman-la-crisis-de-salud-mental-que-azota-a-los-estudiantes\/","og_site_name":"Fuentes Fidedignas","article_publisher":"https:\/\/www.facebook.com\/Fuentes-Fidedignas-368234489921644","article_published_time":"2024-03-25T15:15:43+00:00","og_image":[{"width":853,"height":1280,"url":"https:\/\/fuentesfidedignas.com.mx\/wp-content\/uploads\/2024\/03\/WhatsApp-Image-2024-03-25-at-6.27.04-AM-2.jpeg","type":"image\/jpeg"}],"author":"Mtro. Horacio de Jes\u00fas Malcampo Moreno","twitter_card":"summary_large_image","twitter_creator":"@fidedignas","twitter_site":"@fidedignas","twitter_misc":{"Escrito por":"Mtro. Horacio de Jes\u00fas Malcampo Moreno","Tiempo de lectura":"3 minutos"},"schema":{"@context":"https:\/\/schema.org","@graph":[{"@type":"Article","@id":"https:\/\/fuentesfidedignas.com.mx\/index.php\/2024\/03\/25\/aulas-que-enferman-la-crisis-de-salud-mental-que-azota-a-los-estudiantes\/#article","isPartOf":{"@id":"https:\/\/fuentesfidedignas.com.mx\/index.php\/2024\/03\/25\/aulas-que-enferman-la-crisis-de-salud-mental-que-azota-a-los-estudiantes\/"},"author":{"name":"Mtro. Horacio de Jes\u00fas Malcampo Moreno","@id":"https:\/\/fuentesfidedignas.com.mx\/#\/schema\/person\/3f687c55082c557a647c7836bde45728"},"headline":"Aulas que enferman: la crisis de salud mental que azota a los estudiantes","datePublished":"2024-03-25T15:15:43+00:00","mainEntityOfPage":{"@id":"https:\/\/fuentesfidedignas.com.mx\/index.php\/2024\/03\/25\/aulas-que-enferman-la-crisis-de-salud-mental-que-azota-a-los-estudiantes\/"},"wordCount":639,"commentCount":0,"publisher":{"@id":"https:\/\/fuentesfidedignas.com.mx\/#organization"},"image":{"@id":"https:\/\/fuentesfidedignas.com.mx\/index.php\/2024\/03\/25\/aulas-que-enferman-la-crisis-de-salud-mental-que-azota-a-los-estudiantes\/#primaryimage"},"thumbnailUrl":"https:\/\/fuentesfidedignas.com.mx\/wp-content\/uploads\/2024\/03\/WhatsApp-Image-2024-03-25-at-6.27.04-AM-2.jpeg","articleSection":["COLUMNAS","NUTRIENDO LA MENTE"],"inLanguage":"es","potentialAction":[{"@type":"CommentAction","name":"Comment","target":["https:\/\/fuentesfidedignas.com.mx\/index.php\/2024\/03\/25\/aulas-que-enferman-la-crisis-de-salud-mental-que-azota-a-los-estudiantes\/#respond"]}]},{"@type":"WebPage","@id":"https:\/\/fuentesfidedignas.com.mx\/index.php\/2024\/03\/25\/aulas-que-enferman-la-crisis-de-salud-mental-que-azota-a-los-estudiantes\/","url":"https:\/\/fuentesfidedignas.com.mx\/index.php\/2024\/03\/25\/aulas-que-enferman-la-crisis-de-salud-mental-que-azota-a-los-estudiantes\/","name":"Aulas que enferman: la crisis de salud mental que azota a los estudiantes - Fuentes Fidedignas","isPartOf":{"@id":"https:\/\/fuentesfidedignas.com.mx\/#website"},"primaryImageOfPage":{"@id":"https:\/\/fuentesfidedignas.com.mx\/index.php\/2024\/03\/25\/aulas-que-enferman-la-crisis-de-salud-mental-que-azota-a-los-estudiantes\/#primaryimage"},"image":{"@id":"https:\/\/fuentesfidedignas.com.mx\/index.php\/2024\/03\/25\/aulas-que-enferman-la-crisis-de-salud-mental-que-azota-a-los-estudiantes\/#primaryimage"},"thumbnailUrl":"https:\/\/fuentesfidedignas.com.mx\/wp-content\/uploads\/2024\/03\/WhatsApp-Image-2024-03-25-at-6.27.04-AM-2.jpeg","datePublished":"2024-03-25T15:15:43+00:00","breadcrumb":{"@id":"https:\/\/fuentesfidedignas.com.mx\/index.php\/2024\/03\/25\/aulas-que-enferman-la-crisis-de-salud-mental-que-azota-a-los-estudiantes\/#breadcrumb"},"inLanguage":"es","potentialAction":[{"@type":"ReadAction","target":["https:\/\/fuentesfidedignas.com.mx\/index.php\/2024\/03\/25\/aulas-que-enferman-la-crisis-de-salud-mental-que-azota-a-los-estudiantes\/"]}]},{"@type":"ImageObject","inLanguage":"es","@id":"https:\/\/fuentesfidedignas.com.mx\/index.php\/2024\/03\/25\/aulas-que-enferman-la-crisis-de-salud-mental-que-azota-a-los-estudiantes\/#primaryimage","url":"https:\/\/fuentesfidedignas.com.mx\/wp-content\/uploads\/2024\/03\/WhatsApp-Image-2024-03-25-at-6.27.04-AM-2.jpeg","contentUrl":"https:\/\/fuentesfidedignas.com.mx\/wp-content\/uploads\/2024\/03\/WhatsApp-Image-2024-03-25-at-6.27.04-AM-2.jpeg","width":853,"height":1280},{"@type":"BreadcrumbList","@id":"https:\/\/fuentesfidedignas.com.mx\/index.php\/2024\/03\/25\/aulas-que-enferman-la-crisis-de-salud-mental-que-azota-a-los-estudiantes\/#breadcrumb","itemListElement":[{"@type":"ListItem","position":1,"name":"Inicio","item":"https:\/\/fuentesfidedignas.com.mx\/"},{"@type":"ListItem","position":2,"name":"Aulas que enferman: la crisis de salud mental que azota a los estudiantes"}]},{"@type":"WebSite","@id":"https:\/\/fuentesfidedignas.com.mx\/#website","url":"https:\/\/fuentesfidedignas.com.mx\/","name":"Fuentes Fidedignas","description":"Otro sitio realizado con WordPress","publisher":{"@id":"https:\/\/fuentesfidedignas.com.mx\/#organization"},"potentialAction":[{"@type":"SearchAction","target":{"@type":"EntryPoint","urlTemplate":"https:\/\/fuentesfidedignas.com.mx\/?s={search_term_string}"},"query-input":{"@type":"PropertyValueSpecification","valueRequired":true,"valueName":"search_term_string"}}],"inLanguage":"es"},{"@type":"Organization","@id":"https:\/\/fuentesfidedignas.com.mx\/#organization","name":"Fuentes Fidedignas","url":"https:\/\/fuentesfidedignas.com.mx\/","logo":{"@type":"ImageObject","inLanguage":"es","@id":"https:\/\/fuentesfidedignas.com.mx\/#\/schema\/logo\/image\/","url":"https:\/\/fuentesfidedignas.com.mx\/wp-content\/uploads\/2021\/04\/logo-retina.png","contentUrl":"https:\/\/fuentesfidedignas.com.mx\/wp-content\/uploads\/2021\/04\/logo-retina.png","width":280,"height":51,"caption":"Fuentes Fidedignas"},"image":{"@id":"https:\/\/fuentesfidedignas.com.mx\/#\/schema\/logo\/image\/"},"sameAs":["https:\/\/www.facebook.com\/Fuentes-Fidedignas-368234489921644","https:\/\/x.com\/fidedignas"]},{"@type":"Person","@id":"https:\/\/fuentesfidedignas.com.mx\/#\/schema\/person\/3f687c55082c557a647c7836bde45728","name":"Mtro. Horacio de Jes\u00fas Malcampo Moreno","image":{"@type":"ImageObject","inLanguage":"es","@id":"https:\/\/secure.gravatar.com\/avatar\/21fd667a5b9de079d383e44390566d4c728a6ce47b9b5e8419c61f1b793461ac?s=96&d=mm&r=g","url":"https:\/\/secure.gravatar.com\/avatar\/21fd667a5b9de079d383e44390566d4c728a6ce47b9b5e8419c61f1b793461ac?s=96&d=mm&r=g","contentUrl":"https:\/\/secure.gravatar.com\/avatar\/21fd667a5b9de079d383e44390566d4c728a6ce47b9b5e8419c61f1b793461ac?s=96&d=mm&r=g","caption":"Mtro. Horacio de Jes\u00fas Malcampo Moreno"},"url":"https:\/\/fuentesfidedignas.com.mx\/index.php\/author\/horacio\/"}]}},"_links":{"self":[{"href":"https:\/\/fuentesfidedignas.com.mx\/index.php\/wp-json\/wp\/v2\/posts\/77808","targetHints":{"allow":["GET"]}}],"collection":[{"href":"https:\/\/fuentesfidedignas.com.mx\/index.php\/wp-json\/wp\/v2\/posts"}],"about":[{"href":"https:\/\/fuentesfidedignas.com.mx\/index.php\/wp-json\/wp\/v2\/types\/post"}],"author":[{"embeddable":true,"href":"https:\/\/fuentesfidedignas.com.mx\/index.php\/wp-json\/wp\/v2\/users\/146"}],"replies":[{"embeddable":true,"href":"https:\/\/fuentesfidedignas.com.mx\/index.php\/wp-json\/wp\/v2\/comments?post=77808"}],"version-history":[{"count":1,"href":"https:\/\/fuentesfidedignas.com.mx\/index.php\/wp-json\/wp\/v2\/posts\/77808\/revisions"}],"predecessor-version":[{"id":77810,"href":"https:\/\/fuentesfidedignas.com.mx\/index.php\/wp-json\/wp\/v2\/posts\/77808\/revisions\/77810"}],"wp:featuredmedia":[{"embeddable":true,"href":"https:\/\/fuentesfidedignas.com.mx\/index.php\/wp-json\/wp\/v2\/media\/77809"}],"wp:attachment":[{"href":"https:\/\/fuentesfidedignas.com.mx\/index.php\/wp-json\/wp\/v2\/media?parent=77808"}],"wp:term":[{"taxonomy":"category","embeddable":true,"href":"https:\/\/fuentesfidedignas.com.mx\/index.php\/wp-json\/wp\/v2\/categories?post=77808"},{"taxonomy":"post_tag","embeddable":true,"href":"https:\/\/fuentesfidedignas.com.mx\/index.php\/wp-json\/wp\/v2\/tags?post=77808"}],"curies":[{"name":"wp","href":"https:\/\/api.w.org\/{rel}","templated":true}]}}