{"id":77804,"date":"2024-03-25T08:11:42","date_gmt":"2024-03-25T15:11:42","guid":{"rendered":"https:\/\/fuentesfidedignas.com.mx\/?p=77804"},"modified":"2024-03-25T08:11:42","modified_gmt":"2024-03-25T15:11:42","slug":"la-autonomia-universitaria-en-la-uas","status":"publish","type":"post","link":"https:\/\/fuentesfidedignas.com.mx\/index.php\/2024\/03\/25\/la-autonomia-universitaria-en-la-uas\/","title":{"rendered":"La Autonom\u00eda Universitaria en la UAS"},"content":{"rendered":"\n<p>El 7 de abril de 1972 se obtuvo la Autonom\u00eda Universitaria, de entonces a la fecha, la universidad ha transitado por distintas etapas, de la Universidad de masas a la Universidad empresa.<\/p>\n\n\n\n<p>Hoy existe un transitar a un nuevo momento: la Universidad neoliberal ha pasado a mejor vida, es momento de la Universidad Industria.<\/p>\n\n\n\n<p>La Transformaci\u00f3n de la realidad, el impulso al trabajo directo con la sociedad, el rescate del Desarrollo Regional, es importante trascender a nuevos retos, la Universidad no debe quedar estancada.<\/p>\n\n\n\n<p>La Universidad de Occidente, hoy Universidad Aut\u00f3noma de Occidente (UAdeO), surge como respuesta de la Reacci\u00f3n al movimiento universitario, en un tono conservador, hoy se presenta renovada y democr\u00e1tica.<\/p>\n\n\n\n<p>Lo cierto es que no hay a\u00fan un tono de participaci\u00f3n que rebase una puesta en escena, falta tiempo para ver a donde conduce este experimento, esta &#8220;ingenier\u00eda social&#8221;, este Asalto al Cielo&#8221;.<\/p>\n\n\n\n<p>Lo que s\u00ed es extra\u00f1o, es que la Universidad Aut\u00f3noma de Sinaloa pierda su esp\u00edritu renovador.<\/p>\n\n\n\n<p>Es de extra\u00f1ar la falta de debate, y sobre todo de autocr\u00edtica, en donde se intente sostener un modelo que limita la vida democr\u00e1tica de las Facultades a partir de nulificar al Consejo T\u00e9cnico, hay que transitar al debate, jam\u00e1s dejar la vanguardia.<\/p>\n\n\n\n<p>Me gusta ver a los &#8220;revolucionarios&#8221; del PRIMOR rompiendo los l\u00edmites, mientras intentan negar a los actores de lucha en la Universidad Aut\u00f3noma de Sinaloa, son los viejos perros con collares nuevos, una puesta en escena tras otra.<\/p>\n\n\n\n<p>Este 7 de abril, es momento para la reflexi\u00f3n, es tiempo para desatar la imaginaci\u00f3n destructiva del Gral. Rafael Buelna Tenorio.<\/p>\n\n\n\n<p>Se tendr\u00e1n que reforzar las trincheras, con la vanguardia, no para la sorpresa, no para la Generaci\u00f3n que nos entreg\u00f3 en los noventas, sino para el Relevo Generacional, la que fue sacrificada por el Reluciente Porfirismo del Reinicio de Sistema que estamos derrotando.<br>\u00a1Hay que abrir la mesa de Di\u00e1logo en Gobernaci\u00f3n!<\/p>\n\n\n\n<p>\u00a1No m\u00e1s Simulaci\u00f3n!<\/p>\n","protected":false},"excerpt":{"rendered":"<p>El 7 de abril de 1972 se obtuvo la Autonom\u00eda Universitaria, de entonces a la fecha, la universidad ha transitado por distintas etapas, de la Universidad de masas a la Universidad empresa. Hoy existe un transitar a un nuevo momento: la Universidad neoliberal ha pasado a mejor vida, es momento de la Universidad Industria. La [&hellip;]<\/p>\n","protected":false},"author":144,"featured_media":77805,"comment_status":"open","ping_status":"open","sticky":false,"template":"","format":"standard","meta":{"tdm_status":"","tdm_grid_status":"","footnotes":""},"categories":[3064,3088],"tags":[],"class_list":{"0":"post-77804","1":"post","2":"type-post","3":"status-publish","4":"format-standard","5":"has-post-thumbnail","7":"category-columnas","8":"category-escritos-al-carbon"},"yoast_head":"<!-- This site is optimized with the Yoast SEO plugin v27.5 - https:\/\/yoast.com\/product\/yoast-seo-wordpress\/ -->\n<title>La Autonom\u00eda Universitaria en la UAS - Fuentes Fidedignas<\/title>\n<meta name=\"robots\" content=\"index, follow, max-snippet:-1, max-image-preview:large, max-video-preview:-1\" \/>\n<link rel=\"canonical\" href=\"https:\/\/fuentesfidedignas.com.mx\/index.php\/2024\/03\/25\/la-autonomia-universitaria-en-la-uas\/\" \/>\n<meta property=\"og:locale\" content=\"es_MX\" \/>\n<meta property=\"og:type\" content=\"article\" \/>\n<meta property=\"og:title\" content=\"La Autonom\u00eda Universitaria en la UAS - Fuentes Fidedignas\" \/>\n<meta property=\"og:description\" content=\"El 7 de abril de 1972 se obtuvo la Autonom\u00eda Universitaria, de entonces a la fecha, la universidad ha transitado por distintas etapas, de la Universidad de masas a la Universidad empresa. Hoy existe un transitar a un nuevo momento: la Universidad neoliberal ha pasado a mejor vida, es momento de la Universidad Industria. La [&hellip;]\" \/>\n<meta property=\"og:url\" content=\"https:\/\/fuentesfidedignas.com.mx\/index.php\/2024\/03\/25\/la-autonomia-universitaria-en-la-uas\/\" \/>\n<meta property=\"og:site_name\" content=\"Fuentes Fidedignas\" \/>\n<meta property=\"article:publisher\" content=\"https:\/\/www.facebook.com\/Fuentes-Fidedignas-368234489921644\" \/>\n<meta property=\"article:published_time\" content=\"2024-03-25T15:11:42+00:00\" \/>\n<meta property=\"og:image\" content=\"https:\/\/fuentesfidedignas.com.mx\/wp-content\/uploads\/2024\/03\/WhatsApp-Image-2024-03-25-at-6.27.04-AM.jpeg\" \/>\n\t<meta property=\"og:image:width\" content=\"1068\" \/>\n\t<meta property=\"og:image:height\" content=\"1600\" \/>\n\t<meta property=\"og:image:type\" content=\"image\/jpeg\" \/>\n<meta name=\"author\" content=\"FRANCISCO MORALES ZEPEDA\" \/>\n<meta name=\"twitter:card\" content=\"summary_large_image\" \/>\n<meta name=\"twitter:creator\" content=\"@fidedignas\" \/>\n<meta name=\"twitter:site\" content=\"@fidedignas\" \/>\n<meta name=\"twitter:label1\" content=\"Escrito por\" \/>\n\t<meta name=\"twitter:data1\" content=\"FRANCISCO MORALES ZEPEDA\" \/>\n\t<meta name=\"twitter:label2\" content=\"Tiempo de lectura\" \/>\n\t<meta name=\"twitter:data2\" content=\"2 minutos\" \/>\n<script type=\"application\/ld+json\" class=\"yoast-schema-graph\">{\"@context\":\"https:\\\/\\\/schema.org\",\"@graph\":[{\"@type\":\"Article\",\"@id\":\"https:\\\/\\\/fuentesfidedignas.com.mx\\\/index.php\\\/2024\\\/03\\\/25\\\/la-autonomia-universitaria-en-la-uas\\\/#article\",\"isPartOf\":{\"@id\":\"https:\\\/\\\/fuentesfidedignas.com.mx\\\/index.php\\\/2024\\\/03\\\/25\\\/la-autonomia-universitaria-en-la-uas\\\/\"},\"author\":{\"name\":\"FRANCISCO MORALES ZEPEDA\",\"@id\":\"https:\\\/\\\/fuentesfidedignas.com.mx\\\/#\\\/schema\\\/person\\\/6640c7c8af5ac0bcd172eb834c670df1\"},\"headline\":\"La Autonom\u00eda Universitaria en la UAS\",\"datePublished\":\"2024-03-25T15:11:42+00:00\",\"mainEntityOfPage\":{\"@id\":\"https:\\\/\\\/fuentesfidedignas.com.mx\\\/index.php\\\/2024\\\/03\\\/25\\\/la-autonomia-universitaria-en-la-uas\\\/\"},\"wordCount\":349,\"commentCount\":0,\"publisher\":{\"@id\":\"https:\\\/\\\/fuentesfidedignas.com.mx\\\/#organization\"},\"image\":{\"@id\":\"https:\\\/\\\/fuentesfidedignas.com.mx\\\/index.php\\\/2024\\\/03\\\/25\\\/la-autonomia-universitaria-en-la-uas\\\/#primaryimage\"},\"thumbnailUrl\":\"https:\\\/\\\/fuentesfidedignas.com.mx\\\/wp-content\\\/uploads\\\/2024\\\/03\\\/WhatsApp-Image-2024-03-25-at-6.27.04-AM.jpeg\",\"articleSection\":[\"COLUMNAS\",\"ESCRITOS AL CARB\u00d3N\"],\"inLanguage\":\"es\",\"potentialAction\":[{\"@type\":\"CommentAction\",\"name\":\"Comment\",\"target\":[\"https:\\\/\\\/fuentesfidedignas.com.mx\\\/index.php\\\/2024\\\/03\\\/25\\\/la-autonomia-universitaria-en-la-uas\\\/#respond\"]}]},{\"@type\":\"WebPage\",\"@id\":\"https:\\\/\\\/fuentesfidedignas.com.mx\\\/index.php\\\/2024\\\/03\\\/25\\\/la-autonomia-universitaria-en-la-uas\\\/\",\"url\":\"https:\\\/\\\/fuentesfidedignas.com.mx\\\/index.php\\\/2024\\\/03\\\/25\\\/la-autonomia-universitaria-en-la-uas\\\/\",\"name\":\"La Autonom\u00eda Universitaria en la UAS - Fuentes Fidedignas\",\"isPartOf\":{\"@id\":\"https:\\\/\\\/fuentesfidedignas.com.mx\\\/#website\"},\"primaryImageOfPage\":{\"@id\":\"https:\\\/\\\/fuentesfidedignas.com.mx\\\/index.php\\\/2024\\\/03\\\/25\\\/la-autonomia-universitaria-en-la-uas\\\/#primaryimage\"},\"image\":{\"@id\":\"https:\\\/\\\/fuentesfidedignas.com.mx\\\/index.php\\\/2024\\\/03\\\/25\\\/la-autonomia-universitaria-en-la-uas\\\/#primaryimage\"},\"thumbnailUrl\":\"https:\\\/\\\/fuentesfidedignas.com.mx\\\/wp-content\\\/uploads\\\/2024\\\/03\\\/WhatsApp-Image-2024-03-25-at-6.27.04-AM.jpeg\",\"datePublished\":\"2024-03-25T15:11:42+00:00\",\"breadcrumb\":{\"@id\":\"https:\\\/\\\/fuentesfidedignas.com.mx\\\/index.php\\\/2024\\\/03\\\/25\\\/la-autonomia-universitaria-en-la-uas\\\/#breadcrumb\"},\"inLanguage\":\"es\",\"potentialAction\":[{\"@type\":\"ReadAction\",\"target\":[\"https:\\\/\\\/fuentesfidedignas.com.mx\\\/index.php\\\/2024\\\/03\\\/25\\\/la-autonomia-universitaria-en-la-uas\\\/\"]}]},{\"@type\":\"ImageObject\",\"inLanguage\":\"es\",\"@id\":\"https:\\\/\\\/fuentesfidedignas.com.mx\\\/index.php\\\/2024\\\/03\\\/25\\\/la-autonomia-universitaria-en-la-uas\\\/#primaryimage\",\"url\":\"https:\\\/\\\/fuentesfidedignas.com.mx\\\/wp-content\\\/uploads\\\/2024\\\/03\\\/WhatsApp-Image-2024-03-25-at-6.27.04-AM.jpeg\",\"contentUrl\":\"https:\\\/\\\/fuentesfidedignas.com.mx\\\/wp-content\\\/uploads\\\/2024\\\/03\\\/WhatsApp-Image-2024-03-25-at-6.27.04-AM.jpeg\",\"width\":1068,\"height\":1600},{\"@type\":\"BreadcrumbList\",\"@id\":\"https:\\\/\\\/fuentesfidedignas.com.mx\\\/index.php\\\/2024\\\/03\\\/25\\\/la-autonomia-universitaria-en-la-uas\\\/#breadcrumb\",\"itemListElement\":[{\"@type\":\"ListItem\",\"position\":1,\"name\":\"Inicio\",\"item\":\"https:\\\/\\\/fuentesfidedignas.com.mx\\\/\"},{\"@type\":\"ListItem\",\"position\":2,\"name\":\"La Autonom\u00eda Universitaria en la UAS\"}]},{\"@type\":\"WebSite\",\"@id\":\"https:\\\/\\\/fuentesfidedignas.com.mx\\\/#website\",\"url\":\"https:\\\/\\\/fuentesfidedignas.com.mx\\\/\",\"name\":\"Fuentes Fidedignas\",\"description\":\"Otro sitio realizado con WordPress\",\"publisher\":{\"@id\":\"https:\\\/\\\/fuentesfidedignas.com.mx\\\/#organization\"},\"potentialAction\":[{\"@type\":\"SearchAction\",\"target\":{\"@type\":\"EntryPoint\",\"urlTemplate\":\"https:\\\/\\\/fuentesfidedignas.com.mx\\\/?s={search_term_string}\"},\"query-input\":{\"@type\":\"PropertyValueSpecification\",\"valueRequired\":true,\"valueName\":\"search_term_string\"}}],\"inLanguage\":\"es\"},{\"@type\":\"Organization\",\"@id\":\"https:\\\/\\\/fuentesfidedignas.com.mx\\\/#organization\",\"name\":\"Fuentes Fidedignas\",\"url\":\"https:\\\/\\\/fuentesfidedignas.com.mx\\\/\",\"logo\":{\"@type\":\"ImageObject\",\"inLanguage\":\"es\",\"@id\":\"https:\\\/\\\/fuentesfidedignas.com.mx\\\/#\\\/schema\\\/logo\\\/image\\\/\",\"url\":\"https:\\\/\\\/fuentesfidedignas.com.mx\\\/wp-content\\\/uploads\\\/2021\\\/04\\\/logo-retina.png\",\"contentUrl\":\"https:\\\/\\\/fuentesfidedignas.com.mx\\\/wp-content\\\/uploads\\\/2021\\\/04\\\/logo-retina.png\",\"width\":280,\"height\":51,\"caption\":\"Fuentes Fidedignas\"},\"image\":{\"@id\":\"https:\\\/\\\/fuentesfidedignas.com.mx\\\/#\\\/schema\\\/logo\\\/image\\\/\"},\"sameAs\":[\"https:\\\/\\\/www.facebook.com\\\/Fuentes-Fidedignas-368234489921644\",\"https:\\\/\\\/x.com\\\/fidedignas\"]},{\"@type\":\"Person\",\"@id\":\"https:\\\/\\\/fuentesfidedignas.com.mx\\\/#\\\/schema\\\/person\\\/6640c7c8af5ac0bcd172eb834c670df1\",\"name\":\"FRANCISCO MORALES ZEPEDA\",\"image\":{\"@type\":\"ImageObject\",\"inLanguage\":\"es\",\"@id\":\"https:\\\/\\\/secure.gravatar.com\\\/avatar\\\/be738775789ce0aa2aeecbfc33425ce3b878acf8b9d6ead9942fcb6500ad1126?s=96&d=mm&r=g\",\"url\":\"https:\\\/\\\/secure.gravatar.com\\\/avatar\\\/be738775789ce0aa2aeecbfc33425ce3b878acf8b9d6ead9942fcb6500ad1126?s=96&d=mm&r=g\",\"contentUrl\":\"https:\\\/\\\/secure.gravatar.com\\\/avatar\\\/be738775789ce0aa2aeecbfc33425ce3b878acf8b9d6ead9942fcb6500ad1126?s=96&d=mm&r=g\",\"caption\":\"FRANCISCO MORALES ZEPEDA\"},\"url\":\"https:\\\/\\\/fuentesfidedignas.com.mx\\\/index.php\\\/author\\\/francismo-morales-zepeda\\\/\"}]}<\/script>\n<!-- \/ Yoast SEO plugin. -->","yoast_head_json":{"title":"La Autonom\u00eda Universitaria en la UAS - Fuentes Fidedignas","robots":{"index":"index","follow":"follow","max-snippet":"max-snippet:-1","max-image-preview":"max-image-preview:large","max-video-preview":"max-video-preview:-1"},"canonical":"https:\/\/fuentesfidedignas.com.mx\/index.php\/2024\/03\/25\/la-autonomia-universitaria-en-la-uas\/","og_locale":"es_MX","og_type":"article","og_title":"La Autonom\u00eda Universitaria en la UAS - Fuentes Fidedignas","og_description":"El 7 de abril de 1972 se obtuvo la Autonom\u00eda Universitaria, de entonces a la fecha, la universidad ha transitado por distintas etapas, de la Universidad de masas a la Universidad empresa. Hoy existe un transitar a un nuevo momento: la Universidad neoliberal ha pasado a mejor vida, es momento de la Universidad Industria. La [&hellip;]","og_url":"https:\/\/fuentesfidedignas.com.mx\/index.php\/2024\/03\/25\/la-autonomia-universitaria-en-la-uas\/","og_site_name":"Fuentes Fidedignas","article_publisher":"https:\/\/www.facebook.com\/Fuentes-Fidedignas-368234489921644","article_published_time":"2024-03-25T15:11:42+00:00","og_image":[{"width":1068,"height":1600,"url":"https:\/\/fuentesfidedignas.com.mx\/wp-content\/uploads\/2024\/03\/WhatsApp-Image-2024-03-25-at-6.27.04-AM.jpeg","type":"image\/jpeg"}],"author":"FRANCISCO MORALES ZEPEDA","twitter_card":"summary_large_image","twitter_creator":"@fidedignas","twitter_site":"@fidedignas","twitter_misc":{"Escrito por":"FRANCISCO MORALES ZEPEDA","Tiempo de lectura":"2 minutos"},"schema":{"@context":"https:\/\/schema.org","@graph":[{"@type":"Article","@id":"https:\/\/fuentesfidedignas.com.mx\/index.php\/2024\/03\/25\/la-autonomia-universitaria-en-la-uas\/#article","isPartOf":{"@id":"https:\/\/fuentesfidedignas.com.mx\/index.php\/2024\/03\/25\/la-autonomia-universitaria-en-la-uas\/"},"author":{"name":"FRANCISCO MORALES ZEPEDA","@id":"https:\/\/fuentesfidedignas.com.mx\/#\/schema\/person\/6640c7c8af5ac0bcd172eb834c670df1"},"headline":"La Autonom\u00eda Universitaria en la UAS","datePublished":"2024-03-25T15:11:42+00:00","mainEntityOfPage":{"@id":"https:\/\/fuentesfidedignas.com.mx\/index.php\/2024\/03\/25\/la-autonomia-universitaria-en-la-uas\/"},"wordCount":349,"commentCount":0,"publisher":{"@id":"https:\/\/fuentesfidedignas.com.mx\/#organization"},"image":{"@id":"https:\/\/fuentesfidedignas.com.mx\/index.php\/2024\/03\/25\/la-autonomia-universitaria-en-la-uas\/#primaryimage"},"thumbnailUrl":"https:\/\/fuentesfidedignas.com.mx\/wp-content\/uploads\/2024\/03\/WhatsApp-Image-2024-03-25-at-6.27.04-AM.jpeg","articleSection":["COLUMNAS","ESCRITOS AL CARB\u00d3N"],"inLanguage":"es","potentialAction":[{"@type":"CommentAction","name":"Comment","target":["https:\/\/fuentesfidedignas.com.mx\/index.php\/2024\/03\/25\/la-autonomia-universitaria-en-la-uas\/#respond"]}]},{"@type":"WebPage","@id":"https:\/\/fuentesfidedignas.com.mx\/index.php\/2024\/03\/25\/la-autonomia-universitaria-en-la-uas\/","url":"https:\/\/fuentesfidedignas.com.mx\/index.php\/2024\/03\/25\/la-autonomia-universitaria-en-la-uas\/","name":"La Autonom\u00eda Universitaria en la UAS - Fuentes Fidedignas","isPartOf":{"@id":"https:\/\/fuentesfidedignas.com.mx\/#website"},"primaryImageOfPage":{"@id":"https:\/\/fuentesfidedignas.com.mx\/index.php\/2024\/03\/25\/la-autonomia-universitaria-en-la-uas\/#primaryimage"},"image":{"@id":"https:\/\/fuentesfidedignas.com.mx\/index.php\/2024\/03\/25\/la-autonomia-universitaria-en-la-uas\/#primaryimage"},"thumbnailUrl":"https:\/\/fuentesfidedignas.com.mx\/wp-content\/uploads\/2024\/03\/WhatsApp-Image-2024-03-25-at-6.27.04-AM.jpeg","datePublished":"2024-03-25T15:11:42+00:00","breadcrumb":{"@id":"https:\/\/fuentesfidedignas.com.mx\/index.php\/2024\/03\/25\/la-autonomia-universitaria-en-la-uas\/#breadcrumb"},"inLanguage":"es","potentialAction":[{"@type":"ReadAction","target":["https:\/\/fuentesfidedignas.com.mx\/index.php\/2024\/03\/25\/la-autonomia-universitaria-en-la-uas\/"]}]},{"@type":"ImageObject","inLanguage":"es","@id":"https:\/\/fuentesfidedignas.com.mx\/index.php\/2024\/03\/25\/la-autonomia-universitaria-en-la-uas\/#primaryimage","url":"https:\/\/fuentesfidedignas.com.mx\/wp-content\/uploads\/2024\/03\/WhatsApp-Image-2024-03-25-at-6.27.04-AM.jpeg","contentUrl":"https:\/\/fuentesfidedignas.com.mx\/wp-content\/uploads\/2024\/03\/WhatsApp-Image-2024-03-25-at-6.27.04-AM.jpeg","width":1068,"height":1600},{"@type":"BreadcrumbList","@id":"https:\/\/fuentesfidedignas.com.mx\/index.php\/2024\/03\/25\/la-autonomia-universitaria-en-la-uas\/#breadcrumb","itemListElement":[{"@type":"ListItem","position":1,"name":"Inicio","item":"https:\/\/fuentesfidedignas.com.mx\/"},{"@type":"ListItem","position":2,"name":"La Autonom\u00eda Universitaria en la UAS"}]},{"@type":"WebSite","@id":"https:\/\/fuentesfidedignas.com.mx\/#website","url":"https:\/\/fuentesfidedignas.com.mx\/","name":"Fuentes Fidedignas","description":"Otro sitio realizado con WordPress","publisher":{"@id":"https:\/\/fuentesfidedignas.com.mx\/#organization"},"potentialAction":[{"@type":"SearchAction","target":{"@type":"EntryPoint","urlTemplate":"https:\/\/fuentesfidedignas.com.mx\/?s={search_term_string}"},"query-input":{"@type":"PropertyValueSpecification","valueRequired":true,"valueName":"search_term_string"}}],"inLanguage":"es"},{"@type":"Organization","@id":"https:\/\/fuentesfidedignas.com.mx\/#organization","name":"Fuentes Fidedignas","url":"https:\/\/fuentesfidedignas.com.mx\/","logo":{"@type":"ImageObject","inLanguage":"es","@id":"https:\/\/fuentesfidedignas.com.mx\/#\/schema\/logo\/image\/","url":"https:\/\/fuentesfidedignas.com.mx\/wp-content\/uploads\/2021\/04\/logo-retina.png","contentUrl":"https:\/\/fuentesfidedignas.com.mx\/wp-content\/uploads\/2021\/04\/logo-retina.png","width":280,"height":51,"caption":"Fuentes Fidedignas"},"image":{"@id":"https:\/\/fuentesfidedignas.com.mx\/#\/schema\/logo\/image\/"},"sameAs":["https:\/\/www.facebook.com\/Fuentes-Fidedignas-368234489921644","https:\/\/x.com\/fidedignas"]},{"@type":"Person","@id":"https:\/\/fuentesfidedignas.com.mx\/#\/schema\/person\/6640c7c8af5ac0bcd172eb834c670df1","name":"FRANCISCO MORALES ZEPEDA","image":{"@type":"ImageObject","inLanguage":"es","@id":"https:\/\/secure.gravatar.com\/avatar\/be738775789ce0aa2aeecbfc33425ce3b878acf8b9d6ead9942fcb6500ad1126?s=96&d=mm&r=g","url":"https:\/\/secure.gravatar.com\/avatar\/be738775789ce0aa2aeecbfc33425ce3b878acf8b9d6ead9942fcb6500ad1126?s=96&d=mm&r=g","contentUrl":"https:\/\/secure.gravatar.com\/avatar\/be738775789ce0aa2aeecbfc33425ce3b878acf8b9d6ead9942fcb6500ad1126?s=96&d=mm&r=g","caption":"FRANCISCO MORALES ZEPEDA"},"url":"https:\/\/fuentesfidedignas.com.mx\/index.php\/author\/francismo-morales-zepeda\/"}]}},"_links":{"self":[{"href":"https:\/\/fuentesfidedignas.com.mx\/index.php\/wp-json\/wp\/v2\/posts\/77804","targetHints":{"allow":["GET"]}}],"collection":[{"href":"https:\/\/fuentesfidedignas.com.mx\/index.php\/wp-json\/wp\/v2\/posts"}],"about":[{"href":"https:\/\/fuentesfidedignas.com.mx\/index.php\/wp-json\/wp\/v2\/types\/post"}],"author":[{"embeddable":true,"href":"https:\/\/fuentesfidedignas.com.mx\/index.php\/wp-json\/wp\/v2\/users\/144"}],"replies":[{"embeddable":true,"href":"https:\/\/fuentesfidedignas.com.mx\/index.php\/wp-json\/wp\/v2\/comments?post=77804"}],"version-history":[{"count":1,"href":"https:\/\/fuentesfidedignas.com.mx\/index.php\/wp-json\/wp\/v2\/posts\/77804\/revisions"}],"predecessor-version":[{"id":77806,"href":"https:\/\/fuentesfidedignas.com.mx\/index.php\/wp-json\/wp\/v2\/posts\/77804\/revisions\/77806"}],"wp:featuredmedia":[{"embeddable":true,"href":"https:\/\/fuentesfidedignas.com.mx\/index.php\/wp-json\/wp\/v2\/media\/77805"}],"wp:attachment":[{"href":"https:\/\/fuentesfidedignas.com.mx\/index.php\/wp-json\/wp\/v2\/media?parent=77804"}],"wp:term":[{"taxonomy":"category","embeddable":true,"href":"https:\/\/fuentesfidedignas.com.mx\/index.php\/wp-json\/wp\/v2\/categories?post=77804"},{"taxonomy":"post_tag","embeddable":true,"href":"https:\/\/fuentesfidedignas.com.mx\/index.php\/wp-json\/wp\/v2\/tags?post=77804"}],"curies":[{"name":"wp","href":"https:\/\/api.w.org\/{rel}","templated":true}]}}