{"id":77579,"date":"2024-03-22T14:17:03","date_gmt":"2024-03-22T21:17:03","guid":{"rendered":"https:\/\/fuentesfidedignas.com.mx\/?p=77579"},"modified":"2024-03-22T14:40:45","modified_gmt":"2024-03-22T21:40:45","slug":"investigan-secuestro-de-familias-en-sinaloa-son-cosas-que-ocurren-gobernador-pide-no-tener-miedo","status":"publish","type":"post","link":"https:\/\/fuentesfidedignas.com.mx\/index.php\/2024\/03\/22\/investigan-secuestro-de-familias-en-sinaloa-son-cosas-que-ocurren-gobernador-pide-no-tener-miedo\/","title":{"rendered":"Investigan secuestro de familias en Sinaloa; \u201cson cosas que ocurren\u201d: gobernador pide no tener miedo"},"content":{"rendered":"\n<p><strong><em>La SSP de Sinaloa investiga el secuestro en Culiac\u00e1n de al menos 50 personas que pertenecer\u00edan a ocho familias<\/em><\/strong><\/p>\n\n\n\n<p>Culiac\u00e1n, Sin.- Autoridades de Sinaloa investigan el secuestro de varias familias en Culiac\u00e1n, situaci\u00f3n ante la cual, el gobernador Rub\u00e9n Rocha pidi\u00f3 no tener miedo pues, indic\u00f3, \u201cson cosas que pasan\u201d.<\/p>\n\n\n\n<p>El secretario de Seguridad P\u00fablica del estado, Gerardo M\u00e9rida, inform\u00f3 que recibieron el reporte de que al menos 15 personas fueron \u201clevantadas\u201d la madrugada de este viernes en la comunidad de La Noria.<\/p>\n\n\n\n<p>Las v\u00edctimas, entre ellas varios menores de edad, ser\u00edan parte de al menos tres familias de nivel econ\u00f3mico medio y bajo.<\/p>\n\n\n\n<p>El funcionario destac\u00f3 que la SSP implement\u00f3 un operativo especial para confirmar los hechos e iniciar la b\u00fasqueda de las v\u00edctimas.<\/p>\n\n\n\n<p>Medios locales contabilizan 50 personas secuestradas, miembros de por lo menos 8 familias.<\/p>\n\n\n\n<p>Integrantes del crimen organizado se habr\u00edan llevado a las personas de domicilios en la colonia Industrial El Palmito, el ejido Plan de Oriente, y fraccionamientos como Los \u00c1ngeles, Belcanto y Villa Bonita.<\/p>\n\n\n\n<p>Por su parte, el gobernador de Sinaloa, Rub\u00e9n Rocha, pidi\u00f3 no temer ante la situaci\u00f3n, pues precis\u00f3, no est\u00e1n confirmados los secuestros.<\/p>\n\n\n\n<p>Hay elementos de relativa certeza de que esto s\u00ed ocurri\u00f3, pero necesitamos comprobarlo.<\/p>\n\n\n\n<p>&#8220;No tengan miedo, son cosas que lamentablemente ocurren\u201d, refiri\u00f3 a la ciudadan\u00eda en una entrevista ante medios de comunicaci\u00f3n.<\/p>\n\n\n\n<p>A punto de iniciar las vacaciones de Semana Santa, Rub\u00e9n Rocha pidi\u00f3 a la poblaci\u00f3n en general y a los turistas no dejar de visitar las playas del estado, pues afirm\u00f3, \u201clos vamos a cuidar\u201d.<\/p>\n\n\n\n<p>Descart\u00f3 que las autoridades est\u00e9n rebasadas, as\u00ed como la necesidad de solicitar refuerzos.<\/p>\n\n\n\n<blockquote class=\"twitter-tweet\"><p lang=\"es\" dir=\"ltr\">Respecto a los hechos difundidos en medios de comunicaci\u00f3n, presuntamente ocurridos esta ma\u00f1ana en diversas comunidades de Culiac\u00e1n, donde se refiere que integrantes de varias familias fueron privados de la libertad, se trata de versiones a\u00fan no confirmadas. <br><br>Desde temprano, las\u2026<\/p>&mdash; Rub\u00e9n Rocha Moya (@rochamoya_) <a href=\"https:\/\/twitter.com\/rochamoya_\/status\/1771285399404486965?ref_src=twsrc%5Etfw\">March 22, 2024<\/a><\/blockquote> <script async src=\"https:\/\/platform.twitter.com\/widgets.js\" charset=\"utf-8\"><\/script>\n","protected":false},"excerpt":{"rendered":"<p>La SSP de Sinaloa investiga el secuestro en Culiac\u00e1n de al menos 50 personas que pertenecer\u00edan a ocho familias Culiac\u00e1n, Sin.- Autoridades de Sinaloa investigan el secuestro de varias familias en Culiac\u00e1n, situaci\u00f3n ante la cual, el gobernador Rub\u00e9n Rocha pidi\u00f3 no tener miedo pues, indic\u00f3, \u201cson cosas que pasan\u201d. El secretario de Seguridad P\u00fablica [&hellip;]<\/p>\n","protected":false},"author":47,"featured_media":58576,"comment_status":"open","ping_status":"open","sticky":false,"template":"","format":"standard","meta":{"tdm_status":"","tdm_grid_status":"","footnotes":""},"categories":[37],"tags":[],"class_list":{"0":"post-77579","1":"post","2":"type-post","3":"status-publish","4":"format-standard","5":"has-post-thumbnail","7":"category-nota-principal"},"yoast_head":"<!-- This site is optimized with the Yoast SEO plugin v27.5 - https:\/\/yoast.com\/product\/yoast-seo-wordpress\/ -->\n<title>Investigan secuestro de familias en Sinaloa; \u201cson cosas que ocurren\u201d: gobernador pide no tener miedo - Fuentes Fidedignas<\/title>\n<meta name=\"robots\" content=\"index, follow, max-snippet:-1, max-image-preview:large, max-video-preview:-1\" \/>\n<link rel=\"canonical\" href=\"https:\/\/fuentesfidedignas.com.mx\/index.php\/2024\/03\/22\/investigan-secuestro-de-familias-en-sinaloa-son-cosas-que-ocurren-gobernador-pide-no-tener-miedo\/\" \/>\n<meta property=\"og:locale\" content=\"es_MX\" \/>\n<meta property=\"og:type\" content=\"article\" \/>\n<meta property=\"og:title\" content=\"Investigan secuestro de familias en Sinaloa; \u201cson cosas que ocurren\u201d: gobernador pide no tener miedo - Fuentes Fidedignas\" \/>\n<meta property=\"og:description\" content=\"La SSP de Sinaloa investiga el secuestro en Culiac\u00e1n de al menos 50 personas que pertenecer\u00edan a ocho familias Culiac\u00e1n, Sin.- Autoridades de Sinaloa investigan el secuestro de varias familias en Culiac\u00e1n, situaci\u00f3n ante la cual, el gobernador Rub\u00e9n Rocha pidi\u00f3 no tener miedo pues, indic\u00f3, \u201cson cosas que pasan\u201d. El secretario de Seguridad P\u00fablica [&hellip;]\" \/>\n<meta property=\"og:url\" content=\"https:\/\/fuentesfidedignas.com.mx\/index.php\/2024\/03\/22\/investigan-secuestro-de-familias-en-sinaloa-son-cosas-que-ocurren-gobernador-pide-no-tener-miedo\/\" \/>\n<meta property=\"og:site_name\" content=\"Fuentes Fidedignas\" \/>\n<meta property=\"article:publisher\" content=\"https:\/\/www.facebook.com\/Fuentes-Fidedignas-368234489921644\" \/>\n<meta property=\"article:published_time\" content=\"2024-03-22T21:17:03+00:00\" \/>\n<meta property=\"article:modified_time\" content=\"2024-03-22T21:40:45+00:00\" \/>\n<meta property=\"og:image\" content=\"https:\/\/fuentesfidedignas.com.mx\/wp-content\/uploads\/2023\/09\/rocha-3008-e1694462398875.jpg\" \/>\n\t<meta property=\"og:image:width\" content=\"600\" \/>\n\t<meta property=\"og:image:height\" content=\"450\" \/>\n\t<meta property=\"og:image:type\" content=\"image\/jpeg\" \/>\n<meta name=\"author\" content=\"L\u00f3pez D\u00f3riga\" \/>\n<meta name=\"twitter:card\" content=\"summary_large_image\" \/>\n<meta name=\"twitter:creator\" content=\"@fidedignas\" \/>\n<meta name=\"twitter:site\" content=\"@fidedignas\" \/>\n<meta name=\"twitter:label1\" content=\"Escrito por\" \/>\n\t<meta name=\"twitter:data1\" content=\"L\u00f3pez D\u00f3riga\" \/>\n\t<meta name=\"twitter:label2\" content=\"Tiempo de lectura\" \/>\n\t<meta name=\"twitter:data2\" content=\"2 minutos\" \/>\n<script type=\"application\/ld+json\" class=\"yoast-schema-graph\">{\"@context\":\"https:\\\/\\\/schema.org\",\"@graph\":[{\"@type\":\"Article\",\"@id\":\"https:\\\/\\\/fuentesfidedignas.com.mx\\\/index.php\\\/2024\\\/03\\\/22\\\/investigan-secuestro-de-familias-en-sinaloa-son-cosas-que-ocurren-gobernador-pide-no-tener-miedo\\\/#article\",\"isPartOf\":{\"@id\":\"https:\\\/\\\/fuentesfidedignas.com.mx\\\/index.php\\\/2024\\\/03\\\/22\\\/investigan-secuestro-de-familias-en-sinaloa-son-cosas-que-ocurren-gobernador-pide-no-tener-miedo\\\/\"},\"author\":{\"name\":\"L\u00f3pez D\u00f3riga\",\"@id\":\"https:\\\/\\\/fuentesfidedignas.com.mx\\\/#\\\/schema\\\/person\\\/67d852f0557c8509146a4b9ddebd543a\"},\"headline\":\"Investigan secuestro de familias en Sinaloa; \u201cson cosas que ocurren\u201d: gobernador pide no tener miedo\",\"datePublished\":\"2024-03-22T21:17:03+00:00\",\"dateModified\":\"2024-03-22T21:40:45+00:00\",\"mainEntityOfPage\":{\"@id\":\"https:\\\/\\\/fuentesfidedignas.com.mx\\\/index.php\\\/2024\\\/03\\\/22\\\/investigan-secuestro-de-familias-en-sinaloa-son-cosas-que-ocurren-gobernador-pide-no-tener-miedo\\\/\"},\"wordCount\":358,\"commentCount\":0,\"publisher\":{\"@id\":\"https:\\\/\\\/fuentesfidedignas.com.mx\\\/#organization\"},\"image\":{\"@id\":\"https:\\\/\\\/fuentesfidedignas.com.mx\\\/index.php\\\/2024\\\/03\\\/22\\\/investigan-secuestro-de-familias-en-sinaloa-son-cosas-que-ocurren-gobernador-pide-no-tener-miedo\\\/#primaryimage\"},\"thumbnailUrl\":\"https:\\\/\\\/fuentesfidedignas.com.mx\\\/wp-content\\\/uploads\\\/2023\\\/09\\\/rocha-3008-e1694462398875.jpg\",\"articleSection\":[\"NOTA PRINCIPAL\"],\"inLanguage\":\"es\",\"potentialAction\":[{\"@type\":\"CommentAction\",\"name\":\"Comment\",\"target\":[\"https:\\\/\\\/fuentesfidedignas.com.mx\\\/index.php\\\/2024\\\/03\\\/22\\\/investigan-secuestro-de-familias-en-sinaloa-son-cosas-que-ocurren-gobernador-pide-no-tener-miedo\\\/#respond\"]}]},{\"@type\":\"WebPage\",\"@id\":\"https:\\\/\\\/fuentesfidedignas.com.mx\\\/index.php\\\/2024\\\/03\\\/22\\\/investigan-secuestro-de-familias-en-sinaloa-son-cosas-que-ocurren-gobernador-pide-no-tener-miedo\\\/\",\"url\":\"https:\\\/\\\/fuentesfidedignas.com.mx\\\/index.php\\\/2024\\\/03\\\/22\\\/investigan-secuestro-de-familias-en-sinaloa-son-cosas-que-ocurren-gobernador-pide-no-tener-miedo\\\/\",\"name\":\"Investigan secuestro de familias en Sinaloa; \u201cson cosas que ocurren\u201d: gobernador pide no tener miedo - Fuentes Fidedignas\",\"isPartOf\":{\"@id\":\"https:\\\/\\\/fuentesfidedignas.com.mx\\\/#website\"},\"primaryImageOfPage\":{\"@id\":\"https:\\\/\\\/fuentesfidedignas.com.mx\\\/index.php\\\/2024\\\/03\\\/22\\\/investigan-secuestro-de-familias-en-sinaloa-son-cosas-que-ocurren-gobernador-pide-no-tener-miedo\\\/#primaryimage\"},\"image\":{\"@id\":\"https:\\\/\\\/fuentesfidedignas.com.mx\\\/index.php\\\/2024\\\/03\\\/22\\\/investigan-secuestro-de-familias-en-sinaloa-son-cosas-que-ocurren-gobernador-pide-no-tener-miedo\\\/#primaryimage\"},\"thumbnailUrl\":\"https:\\\/\\\/fuentesfidedignas.com.mx\\\/wp-content\\\/uploads\\\/2023\\\/09\\\/rocha-3008-e1694462398875.jpg\",\"datePublished\":\"2024-03-22T21:17:03+00:00\",\"dateModified\":\"2024-03-22T21:40:45+00:00\",\"breadcrumb\":{\"@id\":\"https:\\\/\\\/fuentesfidedignas.com.mx\\\/index.php\\\/2024\\\/03\\\/22\\\/investigan-secuestro-de-familias-en-sinaloa-son-cosas-que-ocurren-gobernador-pide-no-tener-miedo\\\/#breadcrumb\"},\"inLanguage\":\"es\",\"potentialAction\":[{\"@type\":\"ReadAction\",\"target\":[\"https:\\\/\\\/fuentesfidedignas.com.mx\\\/index.php\\\/2024\\\/03\\\/22\\\/investigan-secuestro-de-familias-en-sinaloa-son-cosas-que-ocurren-gobernador-pide-no-tener-miedo\\\/\"]}]},{\"@type\":\"ImageObject\",\"inLanguage\":\"es\",\"@id\":\"https:\\\/\\\/fuentesfidedignas.com.mx\\\/index.php\\\/2024\\\/03\\\/22\\\/investigan-secuestro-de-familias-en-sinaloa-son-cosas-que-ocurren-gobernador-pide-no-tener-miedo\\\/#primaryimage\",\"url\":\"https:\\\/\\\/fuentesfidedignas.com.mx\\\/wp-content\\\/uploads\\\/2023\\\/09\\\/rocha-3008-e1694462398875.jpg\",\"contentUrl\":\"https:\\\/\\\/fuentesfidedignas.com.mx\\\/wp-content\\\/uploads\\\/2023\\\/09\\\/rocha-3008-e1694462398875.jpg\",\"width\":600,\"height\":450},{\"@type\":\"BreadcrumbList\",\"@id\":\"https:\\\/\\\/fuentesfidedignas.com.mx\\\/index.php\\\/2024\\\/03\\\/22\\\/investigan-secuestro-de-familias-en-sinaloa-son-cosas-que-ocurren-gobernador-pide-no-tener-miedo\\\/#breadcrumb\",\"itemListElement\":[{\"@type\":\"ListItem\",\"position\":1,\"name\":\"Inicio\",\"item\":\"https:\\\/\\\/fuentesfidedignas.com.mx\\\/\"},{\"@type\":\"ListItem\",\"position\":2,\"name\":\"Investigan secuestro de familias en Sinaloa; \u201cson cosas que ocurren\u201d: gobernador pide no tener miedo\"}]},{\"@type\":\"WebSite\",\"@id\":\"https:\\\/\\\/fuentesfidedignas.com.mx\\\/#website\",\"url\":\"https:\\\/\\\/fuentesfidedignas.com.mx\\\/\",\"name\":\"Fuentes Fidedignas\",\"description\":\"Otro sitio realizado con WordPress\",\"publisher\":{\"@id\":\"https:\\\/\\\/fuentesfidedignas.com.mx\\\/#organization\"},\"potentialAction\":[{\"@type\":\"SearchAction\",\"target\":{\"@type\":\"EntryPoint\",\"urlTemplate\":\"https:\\\/\\\/fuentesfidedignas.com.mx\\\/?s={search_term_string}\"},\"query-input\":{\"@type\":\"PropertyValueSpecification\",\"valueRequired\":true,\"valueName\":\"search_term_string\"}}],\"inLanguage\":\"es\"},{\"@type\":\"Organization\",\"@id\":\"https:\\\/\\\/fuentesfidedignas.com.mx\\\/#organization\",\"name\":\"Fuentes Fidedignas\",\"url\":\"https:\\\/\\\/fuentesfidedignas.com.mx\\\/\",\"logo\":{\"@type\":\"ImageObject\",\"inLanguage\":\"es\",\"@id\":\"https:\\\/\\\/fuentesfidedignas.com.mx\\\/#\\\/schema\\\/logo\\\/image\\\/\",\"url\":\"https:\\\/\\\/fuentesfidedignas.com.mx\\\/wp-content\\\/uploads\\\/2021\\\/04\\\/logo-retina.png\",\"contentUrl\":\"https:\\\/\\\/fuentesfidedignas.com.mx\\\/wp-content\\\/uploads\\\/2021\\\/04\\\/logo-retina.png\",\"width\":280,\"height\":51,\"caption\":\"Fuentes Fidedignas\"},\"image\":{\"@id\":\"https:\\\/\\\/fuentesfidedignas.com.mx\\\/#\\\/schema\\\/logo\\\/image\\\/\"},\"sameAs\":[\"https:\\\/\\\/www.facebook.com\\\/Fuentes-Fidedignas-368234489921644\",\"https:\\\/\\\/x.com\\\/fidedignas\"]},{\"@type\":\"Person\",\"@id\":\"https:\\\/\\\/fuentesfidedignas.com.mx\\\/#\\\/schema\\\/person\\\/67d852f0557c8509146a4b9ddebd543a\",\"name\":\"L\u00f3pez D\u00f3riga\",\"image\":{\"@type\":\"ImageObject\",\"inLanguage\":\"es\",\"@id\":\"https:\\\/\\\/secure.gravatar.com\\\/avatar\\\/e525b06574ca18b33cded59dfe5778d6c823b9513154eff47da551b0551bdd1e?s=96&d=mm&r=g\",\"url\":\"https:\\\/\\\/secure.gravatar.com\\\/avatar\\\/e525b06574ca18b33cded59dfe5778d6c823b9513154eff47da551b0551bdd1e?s=96&d=mm&r=g\",\"contentUrl\":\"https:\\\/\\\/secure.gravatar.com\\\/avatar\\\/e525b06574ca18b33cded59dfe5778d6c823b9513154eff47da551b0551bdd1e?s=96&d=mm&r=g\",\"caption\":\"L\u00f3pez D\u00f3riga\"},\"url\":\"https:\\\/\\\/fuentesfidedignas.com.mx\\\/index.php\\\/author\\\/doriga\\\/\"}]}<\/script>\n<!-- \/ Yoast SEO plugin. -->","yoast_head_json":{"title":"Investigan secuestro de familias en Sinaloa; \u201cson cosas que ocurren\u201d: gobernador pide no tener miedo - Fuentes Fidedignas","robots":{"index":"index","follow":"follow","max-snippet":"max-snippet:-1","max-image-preview":"max-image-preview:large","max-video-preview":"max-video-preview:-1"},"canonical":"https:\/\/fuentesfidedignas.com.mx\/index.php\/2024\/03\/22\/investigan-secuestro-de-familias-en-sinaloa-son-cosas-que-ocurren-gobernador-pide-no-tener-miedo\/","og_locale":"es_MX","og_type":"article","og_title":"Investigan secuestro de familias en Sinaloa; \u201cson cosas que ocurren\u201d: gobernador pide no tener miedo - Fuentes Fidedignas","og_description":"La SSP de Sinaloa investiga el secuestro en Culiac\u00e1n de al menos 50 personas que pertenecer\u00edan a ocho familias Culiac\u00e1n, Sin.- Autoridades de Sinaloa investigan el secuestro de varias familias en Culiac\u00e1n, situaci\u00f3n ante la cual, el gobernador Rub\u00e9n Rocha pidi\u00f3 no tener miedo pues, indic\u00f3, \u201cson cosas que pasan\u201d. El secretario de Seguridad P\u00fablica [&hellip;]","og_url":"https:\/\/fuentesfidedignas.com.mx\/index.php\/2024\/03\/22\/investigan-secuestro-de-familias-en-sinaloa-son-cosas-que-ocurren-gobernador-pide-no-tener-miedo\/","og_site_name":"Fuentes Fidedignas","article_publisher":"https:\/\/www.facebook.com\/Fuentes-Fidedignas-368234489921644","article_published_time":"2024-03-22T21:17:03+00:00","article_modified_time":"2024-03-22T21:40:45+00:00","og_image":[{"width":600,"height":450,"url":"https:\/\/fuentesfidedignas.com.mx\/wp-content\/uploads\/2023\/09\/rocha-3008-e1694462398875.jpg","type":"image\/jpeg"}],"author":"L\u00f3pez D\u00f3riga","twitter_card":"summary_large_image","twitter_creator":"@fidedignas","twitter_site":"@fidedignas","twitter_misc":{"Escrito por":"L\u00f3pez D\u00f3riga","Tiempo de lectura":"2 minutos"},"schema":{"@context":"https:\/\/schema.org","@graph":[{"@type":"Article","@id":"https:\/\/fuentesfidedignas.com.mx\/index.php\/2024\/03\/22\/investigan-secuestro-de-familias-en-sinaloa-son-cosas-que-ocurren-gobernador-pide-no-tener-miedo\/#article","isPartOf":{"@id":"https:\/\/fuentesfidedignas.com.mx\/index.php\/2024\/03\/22\/investigan-secuestro-de-familias-en-sinaloa-son-cosas-que-ocurren-gobernador-pide-no-tener-miedo\/"},"author":{"name":"L\u00f3pez D\u00f3riga","@id":"https:\/\/fuentesfidedignas.com.mx\/#\/schema\/person\/67d852f0557c8509146a4b9ddebd543a"},"headline":"Investigan secuestro de familias en Sinaloa; \u201cson cosas que ocurren\u201d: gobernador pide no tener miedo","datePublished":"2024-03-22T21:17:03+00:00","dateModified":"2024-03-22T21:40:45+00:00","mainEntityOfPage":{"@id":"https:\/\/fuentesfidedignas.com.mx\/index.php\/2024\/03\/22\/investigan-secuestro-de-familias-en-sinaloa-son-cosas-que-ocurren-gobernador-pide-no-tener-miedo\/"},"wordCount":358,"commentCount":0,"publisher":{"@id":"https:\/\/fuentesfidedignas.com.mx\/#organization"},"image":{"@id":"https:\/\/fuentesfidedignas.com.mx\/index.php\/2024\/03\/22\/investigan-secuestro-de-familias-en-sinaloa-son-cosas-que-ocurren-gobernador-pide-no-tener-miedo\/#primaryimage"},"thumbnailUrl":"https:\/\/fuentesfidedignas.com.mx\/wp-content\/uploads\/2023\/09\/rocha-3008-e1694462398875.jpg","articleSection":["NOTA PRINCIPAL"],"inLanguage":"es","potentialAction":[{"@type":"CommentAction","name":"Comment","target":["https:\/\/fuentesfidedignas.com.mx\/index.php\/2024\/03\/22\/investigan-secuestro-de-familias-en-sinaloa-son-cosas-que-ocurren-gobernador-pide-no-tener-miedo\/#respond"]}]},{"@type":"WebPage","@id":"https:\/\/fuentesfidedignas.com.mx\/index.php\/2024\/03\/22\/investigan-secuestro-de-familias-en-sinaloa-son-cosas-que-ocurren-gobernador-pide-no-tener-miedo\/","url":"https:\/\/fuentesfidedignas.com.mx\/index.php\/2024\/03\/22\/investigan-secuestro-de-familias-en-sinaloa-son-cosas-que-ocurren-gobernador-pide-no-tener-miedo\/","name":"Investigan secuestro de familias en Sinaloa; \u201cson cosas que ocurren\u201d: gobernador pide no tener miedo - Fuentes Fidedignas","isPartOf":{"@id":"https:\/\/fuentesfidedignas.com.mx\/#website"},"primaryImageOfPage":{"@id":"https:\/\/fuentesfidedignas.com.mx\/index.php\/2024\/03\/22\/investigan-secuestro-de-familias-en-sinaloa-son-cosas-que-ocurren-gobernador-pide-no-tener-miedo\/#primaryimage"},"image":{"@id":"https:\/\/fuentesfidedignas.com.mx\/index.php\/2024\/03\/22\/investigan-secuestro-de-familias-en-sinaloa-son-cosas-que-ocurren-gobernador-pide-no-tener-miedo\/#primaryimage"},"thumbnailUrl":"https:\/\/fuentesfidedignas.com.mx\/wp-content\/uploads\/2023\/09\/rocha-3008-e1694462398875.jpg","datePublished":"2024-03-22T21:17:03+00:00","dateModified":"2024-03-22T21:40:45+00:00","breadcrumb":{"@id":"https:\/\/fuentesfidedignas.com.mx\/index.php\/2024\/03\/22\/investigan-secuestro-de-familias-en-sinaloa-son-cosas-que-ocurren-gobernador-pide-no-tener-miedo\/#breadcrumb"},"inLanguage":"es","potentialAction":[{"@type":"ReadAction","target":["https:\/\/fuentesfidedignas.com.mx\/index.php\/2024\/03\/22\/investigan-secuestro-de-familias-en-sinaloa-son-cosas-que-ocurren-gobernador-pide-no-tener-miedo\/"]}]},{"@type":"ImageObject","inLanguage":"es","@id":"https:\/\/fuentesfidedignas.com.mx\/index.php\/2024\/03\/22\/investigan-secuestro-de-familias-en-sinaloa-son-cosas-que-ocurren-gobernador-pide-no-tener-miedo\/#primaryimage","url":"https:\/\/fuentesfidedignas.com.mx\/wp-content\/uploads\/2023\/09\/rocha-3008-e1694462398875.jpg","contentUrl":"https:\/\/fuentesfidedignas.com.mx\/wp-content\/uploads\/2023\/09\/rocha-3008-e1694462398875.jpg","width":600,"height":450},{"@type":"BreadcrumbList","@id":"https:\/\/fuentesfidedignas.com.mx\/index.php\/2024\/03\/22\/investigan-secuestro-de-familias-en-sinaloa-son-cosas-que-ocurren-gobernador-pide-no-tener-miedo\/#breadcrumb","itemListElement":[{"@type":"ListItem","position":1,"name":"Inicio","item":"https:\/\/fuentesfidedignas.com.mx\/"},{"@type":"ListItem","position":2,"name":"Investigan secuestro de familias en Sinaloa; \u201cson cosas que ocurren\u201d: gobernador pide no tener miedo"}]},{"@type":"WebSite","@id":"https:\/\/fuentesfidedignas.com.mx\/#website","url":"https:\/\/fuentesfidedignas.com.mx\/","name":"Fuentes Fidedignas","description":"Otro sitio realizado con WordPress","publisher":{"@id":"https:\/\/fuentesfidedignas.com.mx\/#organization"},"potentialAction":[{"@type":"SearchAction","target":{"@type":"EntryPoint","urlTemplate":"https:\/\/fuentesfidedignas.com.mx\/?s={search_term_string}"},"query-input":{"@type":"PropertyValueSpecification","valueRequired":true,"valueName":"search_term_string"}}],"inLanguage":"es"},{"@type":"Organization","@id":"https:\/\/fuentesfidedignas.com.mx\/#organization","name":"Fuentes Fidedignas","url":"https:\/\/fuentesfidedignas.com.mx\/","logo":{"@type":"ImageObject","inLanguage":"es","@id":"https:\/\/fuentesfidedignas.com.mx\/#\/schema\/logo\/image\/","url":"https:\/\/fuentesfidedignas.com.mx\/wp-content\/uploads\/2021\/04\/logo-retina.png","contentUrl":"https:\/\/fuentesfidedignas.com.mx\/wp-content\/uploads\/2021\/04\/logo-retina.png","width":280,"height":51,"caption":"Fuentes Fidedignas"},"image":{"@id":"https:\/\/fuentesfidedignas.com.mx\/#\/schema\/logo\/image\/"},"sameAs":["https:\/\/www.facebook.com\/Fuentes-Fidedignas-368234489921644","https:\/\/x.com\/fidedignas"]},{"@type":"Person","@id":"https:\/\/fuentesfidedignas.com.mx\/#\/schema\/person\/67d852f0557c8509146a4b9ddebd543a","name":"L\u00f3pez D\u00f3riga","image":{"@type":"ImageObject","inLanguage":"es","@id":"https:\/\/secure.gravatar.com\/avatar\/e525b06574ca18b33cded59dfe5778d6c823b9513154eff47da551b0551bdd1e?s=96&d=mm&r=g","url":"https:\/\/secure.gravatar.com\/avatar\/e525b06574ca18b33cded59dfe5778d6c823b9513154eff47da551b0551bdd1e?s=96&d=mm&r=g","contentUrl":"https:\/\/secure.gravatar.com\/avatar\/e525b06574ca18b33cded59dfe5778d6c823b9513154eff47da551b0551bdd1e?s=96&d=mm&r=g","caption":"L\u00f3pez D\u00f3riga"},"url":"https:\/\/fuentesfidedignas.com.mx\/index.php\/author\/doriga\/"}]}},"_links":{"self":[{"href":"https:\/\/fuentesfidedignas.com.mx\/index.php\/wp-json\/wp\/v2\/posts\/77579","targetHints":{"allow":["GET"]}}],"collection":[{"href":"https:\/\/fuentesfidedignas.com.mx\/index.php\/wp-json\/wp\/v2\/posts"}],"about":[{"href":"https:\/\/fuentesfidedignas.com.mx\/index.php\/wp-json\/wp\/v2\/types\/post"}],"author":[{"embeddable":true,"href":"https:\/\/fuentesfidedignas.com.mx\/index.php\/wp-json\/wp\/v2\/users\/47"}],"replies":[{"embeddable":true,"href":"https:\/\/fuentesfidedignas.com.mx\/index.php\/wp-json\/wp\/v2\/comments?post=77579"}],"version-history":[{"count":2,"href":"https:\/\/fuentesfidedignas.com.mx\/index.php\/wp-json\/wp\/v2\/posts\/77579\/revisions"}],"predecessor-version":[{"id":77588,"href":"https:\/\/fuentesfidedignas.com.mx\/index.php\/wp-json\/wp\/v2\/posts\/77579\/revisions\/77588"}],"wp:featuredmedia":[{"embeddable":true,"href":"https:\/\/fuentesfidedignas.com.mx\/index.php\/wp-json\/wp\/v2\/media\/58576"}],"wp:attachment":[{"href":"https:\/\/fuentesfidedignas.com.mx\/index.php\/wp-json\/wp\/v2\/media?parent=77579"}],"wp:term":[{"taxonomy":"category","embeddable":true,"href":"https:\/\/fuentesfidedignas.com.mx\/index.php\/wp-json\/wp\/v2\/categories?post=77579"},{"taxonomy":"post_tag","embeddable":true,"href":"https:\/\/fuentesfidedignas.com.mx\/index.php\/wp-json\/wp\/v2\/tags?post=77579"}],"curies":[{"name":"wp","href":"https:\/\/api.w.org\/{rel}","templated":true}]}}