{"id":7756,"date":"2021-07-18T15:34:42","date_gmt":"2021-07-18T22:34:42","guid":{"rendered":"https:\/\/fuentesfidedignas.com.mx\/?p=7756"},"modified":"2021-07-18T15:34:43","modified_gmt":"2021-07-18T22:34:43","slug":"en-oaxaca-hay-variantes-delta-alfa-y-lambda-del-covid-19","status":"publish","type":"post","link":"https:\/\/fuentesfidedignas.com.mx\/index.php\/2021\/07\/18\/en-oaxaca-hay-variantes-delta-alfa-y-lambda-del-covid-19\/","title":{"rendered":"En Oaxaca hay variantes Delta, Alfa y Lambda del Covid-19"},"content":{"rendered":"\n<p><strong><em>Los Servicios de Salud de Oaxaca confirmaron que en la entidad circulan tres variantes del virus SARS-CoV-2, la Delta, Alfa y Lambda, consideradas por la OMS como las de mayor inter\u00e9s epidemiol\u00f3gico<\/em><\/strong><\/p>\n\n\n\n<p>Oaxaca, Oax.\u2013 Los Servicios de Salud de Oaxaca (SSO) confirmaron que en la entidad circulan tres variantes del virus SARS-CoV-2, la Delta, Alfa y Lambda, consideradas por la Organizaci\u00f3n Mundial de la Salud (OMS) como las de mayor inter\u00e9s epidemiol\u00f3gico debido a su alta transmisibilidad, virulencia y capacidad para generar brotes m\u00e1s grandes en menos tiempo.<\/p>\n\n\n\n<p>De acuerdo con la \u00faltima actualizaci\u00f3n del Instituto de Diagn\u00f3stico y Referencia Epidemiol\u00f3gicos (InDRE) y de la Direcci\u00f3n General de Epidemiolog\u00eda (DGE) de la Secretar\u00eda de Salud, a la fecha se contabilizan 13 variantes de la covid-19 en las seis Jurisdicciones Sanitarias de la entidad.<\/p>\n\n\n\n<p>La instituci\u00f3n de Salud refiere que la variante B.1.617.2 del nuevo coronavirus, denominado Delta, ha sido detectado en Santa Mar\u00eda Tonameca, en la regi\u00f3n de la Costa, y en San Juan Bautista Tuxtepec, en la Cuenca del Papaloapan.<\/p>\n\n\n\n<p>De igual forma, en San Juan Bautista Tuxtepec se encuentra la P.4, mientras que en el Istmo de Tehuantepec, precisamente en Santa Mar\u00eda Jalapa del Marqu\u00e9s, fue localizada la variante C.37 (Lambda).<\/p>\n\n\n\n<p>Antes, en junio, se detectaron dos casos de la variante B.1.1.7 o Alfa del virus SARS-CoV-2, uno en Juchit\u00e1n, en el Istmo de Tehuantepec, y otro en Santa Luc\u00eda del Camino, en Valles Centrales.<\/p>\n\n\n\n<p>A la fecha se han detectado 13 variantes en Oaxaca entre las que se encuentran: la B.1.1.519, B.1, B.1.2, B.1.1.432, B.1.301, B.1.1.222, B.1.427 y B.1.429 (Epsilon), P.1, B.1.1.7 (Alfa), P.4 , B.1.617.2 ( Delta) y la C.37 (Lambda), todas sujetas a vigilancia epid\u00e9mica.<\/p>\n\n\n\n<p>Mencionaron que Oaxaca, al ser un estado altamente tur\u00edstico, existe un flujo constante de personas que se desplazan de una comunidad a otra a realizar sus actividades, aunado a que muchas familias oaxaque\u00f1as tienen parientes que radican en el extranjero, sobre todo en Estados Unidos, y al interior de la Rep\u00fablica Mexicana, quienes tambi\u00e9n visitan de manera constante sus comunidades de origen, de ah\u00ed que estos linajes del virus se acent\u00faen m\u00e1s en ciertas demarcaciones.<\/p>\n\n\n\n<p>Sin embargo, precisa que independientemente de las variantes que circulen, todas tienen en com\u00fan la misma forma de contagio.<\/p>\n\n\n\n<p>Es decir \u201cse propagan de una persona a otra, a trav\u00e9s de peque\u00f1as part\u00edculas l\u00edquidas expulsadas por alguien infectado por la boca o la nariz al toser, estornudar, hablar, cantar o respirar, una persona puede infectarse al inhalar aerosoles o got\u00edculas que contienen el virus o que entran en contacto directo con los ojos, la nariz o la boca\u201d, puntualiza.<\/p>\n\n\n\n<p>De ah\u00ed la importancia de que la ciudadan\u00eda contin\u00fae aplicando las medidas de prevenci\u00f3n contra el SARS-CoV-2, como son el uso correcto del cubrebocas, mantener la sana distancia de 1.5 metros, al toser o estornudar cubrirse la boca y la nariz con el codo flexionado y evitar acudir a lugares concurridos, principalmente, pues solo de esta manera se podr\u00e1n reducir los contagios, hospitalizaciones y defunciones.<\/p>\n\n\n\n<p>Por otra parte, el gobernador Alejandro Murat Hinojosa pidi\u00f3 al Consejo de Salubridad Federal que Oaxaca pase a Sem\u00e1foro Amarillo debido a que en las \u00faltimas semanas se ha presentado un incremento importante en los contagios de covid-19 en diversas regiones de Oaxaca como el Istmo y la Costa.<\/p>\n\n\n\n<p>De igual forma, pidi\u00f3 a la poblaci\u00f3n que no baje la guardia principalmente a los j\u00f3venes porque lamentablemente la pandemia no ha terminado.<\/p>\n","protected":false},"excerpt":{"rendered":"<p>Los Servicios de Salud de Oaxaca confirmaron que en la entidad circulan tres variantes del virus SARS-CoV-2, la Delta, Alfa y Lambda, consideradas por la OMS como las de mayor inter\u00e9s epidemiol\u00f3gico Oaxaca, Oax.\u2013 Los Servicios de Salud de Oaxaca (SSO) confirmaron que en la entidad circulan tres variantes del virus SARS-CoV-2, la Delta, Alfa [&hellip;]<\/p>\n","protected":false},"author":14,"featured_media":7757,"comment_status":"open","ping_status":"open","sticky":false,"template":"","format":"standard","meta":{"tdm_status":"","tdm_grid_status":"","footnotes":""},"categories":[39],"tags":[332,59,416,743],"class_list":{"0":"post-7756","1":"post","2":"type-post","3":"status-publish","4":"format-standard","5":"has-post-thumbnail","7":"category-noticias-nacionales","8":"tag-coronavirus","9":"tag-covid-19","10":"tag-sars-cov-2","11":"tag-variante-delta"},"yoast_head":"<!-- This site is optimized with the Yoast SEO plugin v27.4 - https:\/\/yoast.com\/product\/yoast-seo-wordpress\/ -->\n<title>En Oaxaca hay variantes Delta, Alfa y Lambda del Covid-19 - Fuentes Fidedignas<\/title>\n<meta name=\"robots\" content=\"index, follow, max-snippet:-1, max-image-preview:large, max-video-preview:-1\" \/>\n<link rel=\"canonical\" href=\"https:\/\/fuentesfidedignas.com.mx\/index.php\/2021\/07\/18\/en-oaxaca-hay-variantes-delta-alfa-y-lambda-del-covid-19\/\" \/>\n<meta property=\"og:locale\" content=\"es_MX\" \/>\n<meta property=\"og:type\" content=\"article\" \/>\n<meta property=\"og:title\" content=\"En Oaxaca hay variantes Delta, Alfa y Lambda del Covid-19 - Fuentes Fidedignas\" \/>\n<meta property=\"og:description\" content=\"Los Servicios de Salud de Oaxaca confirmaron que en la entidad circulan tres variantes del virus SARS-CoV-2, la Delta, Alfa y Lambda, consideradas por la OMS como las de mayor inter\u00e9s epidemiol\u00f3gico Oaxaca, Oax.\u2013 Los Servicios de Salud de Oaxaca (SSO) confirmaron que en la entidad circulan tres variantes del virus SARS-CoV-2, la Delta, Alfa [&hellip;]\" \/>\n<meta property=\"og:url\" content=\"https:\/\/fuentesfidedignas.com.mx\/index.php\/2021\/07\/18\/en-oaxaca-hay-variantes-delta-alfa-y-lambda-del-covid-19\/\" \/>\n<meta property=\"og:site_name\" content=\"Fuentes Fidedignas\" \/>\n<meta property=\"article:publisher\" content=\"https:\/\/www.facebook.com\/Fuentes-Fidedignas-368234489921644\" \/>\n<meta property=\"article:published_time\" content=\"2021-07-18T22:34:42+00:00\" \/>\n<meta property=\"article:modified_time\" content=\"2021-07-18T22:34:43+00:00\" \/>\n<meta property=\"og:image\" content=\"https:\/\/fuentesfidedignas.com.mx\/wp-content\/uploads\/2021\/07\/PERSONAS_CUBRE.jpg\" \/>\n\t<meta property=\"og:image:width\" content=\"980\" \/>\n\t<meta property=\"og:image:height\" content=\"693\" \/>\n\t<meta property=\"og:image:type\" content=\"image\/jpeg\" \/>\n<meta name=\"author\" content=\"Vanguardia\" \/>\n<meta name=\"twitter:card\" content=\"summary_large_image\" \/>\n<meta name=\"twitter:creator\" content=\"@fidedignas\" \/>\n<meta name=\"twitter:site\" content=\"@fidedignas\" \/>\n<meta name=\"twitter:label1\" content=\"Escrito por\" \/>\n\t<meta name=\"twitter:data1\" content=\"Vanguardia\" \/>\n\t<meta name=\"twitter:label2\" content=\"Tiempo de lectura\" \/>\n\t<meta name=\"twitter:data2\" content=\"3 minutos\" \/>\n<script type=\"application\/ld+json\" class=\"yoast-schema-graph\">{\"@context\":\"https:\\\/\\\/schema.org\",\"@graph\":[{\"@type\":\"Article\",\"@id\":\"https:\\\/\\\/fuentesfidedignas.com.mx\\\/index.php\\\/2021\\\/07\\\/18\\\/en-oaxaca-hay-variantes-delta-alfa-y-lambda-del-covid-19\\\/#article\",\"isPartOf\":{\"@id\":\"https:\\\/\\\/fuentesfidedignas.com.mx\\\/index.php\\\/2021\\\/07\\\/18\\\/en-oaxaca-hay-variantes-delta-alfa-y-lambda-del-covid-19\\\/\"},\"author\":{\"name\":\"Vanguardia\",\"@id\":\"https:\\\/\\\/fuentesfidedignas.com.mx\\\/#\\\/schema\\\/person\\\/bce747fb6a0b0feefab1e3e7c4e84d2b\"},\"headline\":\"En Oaxaca hay variantes Delta, Alfa y Lambda del Covid-19\",\"datePublished\":\"2021-07-18T22:34:42+00:00\",\"dateModified\":\"2021-07-18T22:34:43+00:00\",\"mainEntityOfPage\":{\"@id\":\"https:\\\/\\\/fuentesfidedignas.com.mx\\\/index.php\\\/2021\\\/07\\\/18\\\/en-oaxaca-hay-variantes-delta-alfa-y-lambda-del-covid-19\\\/\"},\"wordCount\":615,\"commentCount\":0,\"publisher\":{\"@id\":\"https:\\\/\\\/fuentesfidedignas.com.mx\\\/#organization\"},\"image\":{\"@id\":\"https:\\\/\\\/fuentesfidedignas.com.mx\\\/index.php\\\/2021\\\/07\\\/18\\\/en-oaxaca-hay-variantes-delta-alfa-y-lambda-del-covid-19\\\/#primaryimage\"},\"thumbnailUrl\":\"https:\\\/\\\/fuentesfidedignas.com.mx\\\/wp-content\\\/uploads\\\/2021\\\/07\\\/PERSONAS_CUBRE.jpg\",\"keywords\":[\"Coronavirus\",\"Covid-19\",\"SARS-CoV-2\",\"Variante Delta\"],\"articleSection\":[\"NOTICIAS NACIONALES\"],\"inLanguage\":\"es\",\"potentialAction\":[{\"@type\":\"CommentAction\",\"name\":\"Comment\",\"target\":[\"https:\\\/\\\/fuentesfidedignas.com.mx\\\/index.php\\\/2021\\\/07\\\/18\\\/en-oaxaca-hay-variantes-delta-alfa-y-lambda-del-covid-19\\\/#respond\"]}]},{\"@type\":\"WebPage\",\"@id\":\"https:\\\/\\\/fuentesfidedignas.com.mx\\\/index.php\\\/2021\\\/07\\\/18\\\/en-oaxaca-hay-variantes-delta-alfa-y-lambda-del-covid-19\\\/\",\"url\":\"https:\\\/\\\/fuentesfidedignas.com.mx\\\/index.php\\\/2021\\\/07\\\/18\\\/en-oaxaca-hay-variantes-delta-alfa-y-lambda-del-covid-19\\\/\",\"name\":\"En Oaxaca hay variantes Delta, Alfa y Lambda del Covid-19 - Fuentes Fidedignas\",\"isPartOf\":{\"@id\":\"https:\\\/\\\/fuentesfidedignas.com.mx\\\/#website\"},\"primaryImageOfPage\":{\"@id\":\"https:\\\/\\\/fuentesfidedignas.com.mx\\\/index.php\\\/2021\\\/07\\\/18\\\/en-oaxaca-hay-variantes-delta-alfa-y-lambda-del-covid-19\\\/#primaryimage\"},\"image\":{\"@id\":\"https:\\\/\\\/fuentesfidedignas.com.mx\\\/index.php\\\/2021\\\/07\\\/18\\\/en-oaxaca-hay-variantes-delta-alfa-y-lambda-del-covid-19\\\/#primaryimage\"},\"thumbnailUrl\":\"https:\\\/\\\/fuentesfidedignas.com.mx\\\/wp-content\\\/uploads\\\/2021\\\/07\\\/PERSONAS_CUBRE.jpg\",\"datePublished\":\"2021-07-18T22:34:42+00:00\",\"dateModified\":\"2021-07-18T22:34:43+00:00\",\"breadcrumb\":{\"@id\":\"https:\\\/\\\/fuentesfidedignas.com.mx\\\/index.php\\\/2021\\\/07\\\/18\\\/en-oaxaca-hay-variantes-delta-alfa-y-lambda-del-covid-19\\\/#breadcrumb\"},\"inLanguage\":\"es\",\"potentialAction\":[{\"@type\":\"ReadAction\",\"target\":[\"https:\\\/\\\/fuentesfidedignas.com.mx\\\/index.php\\\/2021\\\/07\\\/18\\\/en-oaxaca-hay-variantes-delta-alfa-y-lambda-del-covid-19\\\/\"]}]},{\"@type\":\"ImageObject\",\"inLanguage\":\"es\",\"@id\":\"https:\\\/\\\/fuentesfidedignas.com.mx\\\/index.php\\\/2021\\\/07\\\/18\\\/en-oaxaca-hay-variantes-delta-alfa-y-lambda-del-covid-19\\\/#primaryimage\",\"url\":\"https:\\\/\\\/fuentesfidedignas.com.mx\\\/wp-content\\\/uploads\\\/2021\\\/07\\\/PERSONAS_CUBRE.jpg\",\"contentUrl\":\"https:\\\/\\\/fuentesfidedignas.com.mx\\\/wp-content\\\/uploads\\\/2021\\\/07\\\/PERSONAS_CUBRE.jpg\",\"width\":980,\"height\":693},{\"@type\":\"BreadcrumbList\",\"@id\":\"https:\\\/\\\/fuentesfidedignas.com.mx\\\/index.php\\\/2021\\\/07\\\/18\\\/en-oaxaca-hay-variantes-delta-alfa-y-lambda-del-covid-19\\\/#breadcrumb\",\"itemListElement\":[{\"@type\":\"ListItem\",\"position\":1,\"name\":\"Inicio\",\"item\":\"https:\\\/\\\/fuentesfidedignas.com.mx\\\/\"},{\"@type\":\"ListItem\",\"position\":2,\"name\":\"En Oaxaca hay variantes Delta, Alfa y Lambda del Covid-19\"}]},{\"@type\":\"WebSite\",\"@id\":\"https:\\\/\\\/fuentesfidedignas.com.mx\\\/#website\",\"url\":\"https:\\\/\\\/fuentesfidedignas.com.mx\\\/\",\"name\":\"Fuentes Fidedignas\",\"description\":\"Otro sitio realizado con WordPress\",\"publisher\":{\"@id\":\"https:\\\/\\\/fuentesfidedignas.com.mx\\\/#organization\"},\"potentialAction\":[{\"@type\":\"SearchAction\",\"target\":{\"@type\":\"EntryPoint\",\"urlTemplate\":\"https:\\\/\\\/fuentesfidedignas.com.mx\\\/?s={search_term_string}\"},\"query-input\":{\"@type\":\"PropertyValueSpecification\",\"valueRequired\":true,\"valueName\":\"search_term_string\"}}],\"inLanguage\":\"es\"},{\"@type\":\"Organization\",\"@id\":\"https:\\\/\\\/fuentesfidedignas.com.mx\\\/#organization\",\"name\":\"Fuentes Fidedignas\",\"url\":\"https:\\\/\\\/fuentesfidedignas.com.mx\\\/\",\"logo\":{\"@type\":\"ImageObject\",\"inLanguage\":\"es\",\"@id\":\"https:\\\/\\\/fuentesfidedignas.com.mx\\\/#\\\/schema\\\/logo\\\/image\\\/\",\"url\":\"https:\\\/\\\/fuentesfidedignas.com.mx\\\/wp-content\\\/uploads\\\/2021\\\/04\\\/logo-retina.png\",\"contentUrl\":\"https:\\\/\\\/fuentesfidedignas.com.mx\\\/wp-content\\\/uploads\\\/2021\\\/04\\\/logo-retina.png\",\"width\":280,\"height\":51,\"caption\":\"Fuentes Fidedignas\"},\"image\":{\"@id\":\"https:\\\/\\\/fuentesfidedignas.com.mx\\\/#\\\/schema\\\/logo\\\/image\\\/\"},\"sameAs\":[\"https:\\\/\\\/www.facebook.com\\\/Fuentes-Fidedignas-368234489921644\",\"https:\\\/\\\/x.com\\\/fidedignas\"]},{\"@type\":\"Person\",\"@id\":\"https:\\\/\\\/fuentesfidedignas.com.mx\\\/#\\\/schema\\\/person\\\/bce747fb6a0b0feefab1e3e7c4e84d2b\",\"name\":\"Vanguardia\",\"image\":{\"@type\":\"ImageObject\",\"inLanguage\":\"es\",\"@id\":\"https:\\\/\\\/secure.gravatar.com\\\/avatar\\\/6d7e1e0fdcdef594fdfc9206070adafb95cd5cd9b47c113cb987d91ee74e35df?s=96&d=mm&r=g\",\"url\":\"https:\\\/\\\/secure.gravatar.com\\\/avatar\\\/6d7e1e0fdcdef594fdfc9206070adafb95cd5cd9b47c113cb987d91ee74e35df?s=96&d=mm&r=g\",\"contentUrl\":\"https:\\\/\\\/secure.gravatar.com\\\/avatar\\\/6d7e1e0fdcdef594fdfc9206070adafb95cd5cd9b47c113cb987d91ee74e35df?s=96&d=mm&r=g\",\"caption\":\"Vanguardia\"},\"url\":\"https:\\\/\\\/fuentesfidedignas.com.mx\\\/index.php\\\/author\\\/vanguardia\\\/\"}]}<\/script>\n<!-- \/ Yoast SEO plugin. -->","yoast_head_json":{"title":"En Oaxaca hay variantes Delta, Alfa y Lambda del Covid-19 - Fuentes Fidedignas","robots":{"index":"index","follow":"follow","max-snippet":"max-snippet:-1","max-image-preview":"max-image-preview:large","max-video-preview":"max-video-preview:-1"},"canonical":"https:\/\/fuentesfidedignas.com.mx\/index.php\/2021\/07\/18\/en-oaxaca-hay-variantes-delta-alfa-y-lambda-del-covid-19\/","og_locale":"es_MX","og_type":"article","og_title":"En Oaxaca hay variantes Delta, Alfa y Lambda del Covid-19 - Fuentes Fidedignas","og_description":"Los Servicios de Salud de Oaxaca confirmaron que en la entidad circulan tres variantes del virus SARS-CoV-2, la Delta, Alfa y Lambda, consideradas por la OMS como las de mayor inter\u00e9s epidemiol\u00f3gico Oaxaca, Oax.\u2013 Los Servicios de Salud de Oaxaca (SSO) confirmaron que en la entidad circulan tres variantes del virus SARS-CoV-2, la Delta, Alfa [&hellip;]","og_url":"https:\/\/fuentesfidedignas.com.mx\/index.php\/2021\/07\/18\/en-oaxaca-hay-variantes-delta-alfa-y-lambda-del-covid-19\/","og_site_name":"Fuentes Fidedignas","article_publisher":"https:\/\/www.facebook.com\/Fuentes-Fidedignas-368234489921644","article_published_time":"2021-07-18T22:34:42+00:00","article_modified_time":"2021-07-18T22:34:43+00:00","og_image":[{"width":980,"height":693,"url":"https:\/\/fuentesfidedignas.com.mx\/wp-content\/uploads\/2021\/07\/PERSONAS_CUBRE.jpg","type":"image\/jpeg"}],"author":"Vanguardia","twitter_card":"summary_large_image","twitter_creator":"@fidedignas","twitter_site":"@fidedignas","twitter_misc":{"Escrito por":"Vanguardia","Tiempo de lectura":"3 minutos"},"schema":{"@context":"https:\/\/schema.org","@graph":[{"@type":"Article","@id":"https:\/\/fuentesfidedignas.com.mx\/index.php\/2021\/07\/18\/en-oaxaca-hay-variantes-delta-alfa-y-lambda-del-covid-19\/#article","isPartOf":{"@id":"https:\/\/fuentesfidedignas.com.mx\/index.php\/2021\/07\/18\/en-oaxaca-hay-variantes-delta-alfa-y-lambda-del-covid-19\/"},"author":{"name":"Vanguardia","@id":"https:\/\/fuentesfidedignas.com.mx\/#\/schema\/person\/bce747fb6a0b0feefab1e3e7c4e84d2b"},"headline":"En Oaxaca hay variantes Delta, Alfa y Lambda del Covid-19","datePublished":"2021-07-18T22:34:42+00:00","dateModified":"2021-07-18T22:34:43+00:00","mainEntityOfPage":{"@id":"https:\/\/fuentesfidedignas.com.mx\/index.php\/2021\/07\/18\/en-oaxaca-hay-variantes-delta-alfa-y-lambda-del-covid-19\/"},"wordCount":615,"commentCount":0,"publisher":{"@id":"https:\/\/fuentesfidedignas.com.mx\/#organization"},"image":{"@id":"https:\/\/fuentesfidedignas.com.mx\/index.php\/2021\/07\/18\/en-oaxaca-hay-variantes-delta-alfa-y-lambda-del-covid-19\/#primaryimage"},"thumbnailUrl":"https:\/\/fuentesfidedignas.com.mx\/wp-content\/uploads\/2021\/07\/PERSONAS_CUBRE.jpg","keywords":["Coronavirus","Covid-19","SARS-CoV-2","Variante Delta"],"articleSection":["NOTICIAS NACIONALES"],"inLanguage":"es","potentialAction":[{"@type":"CommentAction","name":"Comment","target":["https:\/\/fuentesfidedignas.com.mx\/index.php\/2021\/07\/18\/en-oaxaca-hay-variantes-delta-alfa-y-lambda-del-covid-19\/#respond"]}]},{"@type":"WebPage","@id":"https:\/\/fuentesfidedignas.com.mx\/index.php\/2021\/07\/18\/en-oaxaca-hay-variantes-delta-alfa-y-lambda-del-covid-19\/","url":"https:\/\/fuentesfidedignas.com.mx\/index.php\/2021\/07\/18\/en-oaxaca-hay-variantes-delta-alfa-y-lambda-del-covid-19\/","name":"En Oaxaca hay variantes Delta, Alfa y Lambda del Covid-19 - Fuentes Fidedignas","isPartOf":{"@id":"https:\/\/fuentesfidedignas.com.mx\/#website"},"primaryImageOfPage":{"@id":"https:\/\/fuentesfidedignas.com.mx\/index.php\/2021\/07\/18\/en-oaxaca-hay-variantes-delta-alfa-y-lambda-del-covid-19\/#primaryimage"},"image":{"@id":"https:\/\/fuentesfidedignas.com.mx\/index.php\/2021\/07\/18\/en-oaxaca-hay-variantes-delta-alfa-y-lambda-del-covid-19\/#primaryimage"},"thumbnailUrl":"https:\/\/fuentesfidedignas.com.mx\/wp-content\/uploads\/2021\/07\/PERSONAS_CUBRE.jpg","datePublished":"2021-07-18T22:34:42+00:00","dateModified":"2021-07-18T22:34:43+00:00","breadcrumb":{"@id":"https:\/\/fuentesfidedignas.com.mx\/index.php\/2021\/07\/18\/en-oaxaca-hay-variantes-delta-alfa-y-lambda-del-covid-19\/#breadcrumb"},"inLanguage":"es","potentialAction":[{"@type":"ReadAction","target":["https:\/\/fuentesfidedignas.com.mx\/index.php\/2021\/07\/18\/en-oaxaca-hay-variantes-delta-alfa-y-lambda-del-covid-19\/"]}]},{"@type":"ImageObject","inLanguage":"es","@id":"https:\/\/fuentesfidedignas.com.mx\/index.php\/2021\/07\/18\/en-oaxaca-hay-variantes-delta-alfa-y-lambda-del-covid-19\/#primaryimage","url":"https:\/\/fuentesfidedignas.com.mx\/wp-content\/uploads\/2021\/07\/PERSONAS_CUBRE.jpg","contentUrl":"https:\/\/fuentesfidedignas.com.mx\/wp-content\/uploads\/2021\/07\/PERSONAS_CUBRE.jpg","width":980,"height":693},{"@type":"BreadcrumbList","@id":"https:\/\/fuentesfidedignas.com.mx\/index.php\/2021\/07\/18\/en-oaxaca-hay-variantes-delta-alfa-y-lambda-del-covid-19\/#breadcrumb","itemListElement":[{"@type":"ListItem","position":1,"name":"Inicio","item":"https:\/\/fuentesfidedignas.com.mx\/"},{"@type":"ListItem","position":2,"name":"En Oaxaca hay variantes Delta, Alfa y Lambda del Covid-19"}]},{"@type":"WebSite","@id":"https:\/\/fuentesfidedignas.com.mx\/#website","url":"https:\/\/fuentesfidedignas.com.mx\/","name":"Fuentes Fidedignas","description":"Otro sitio realizado con WordPress","publisher":{"@id":"https:\/\/fuentesfidedignas.com.mx\/#organization"},"potentialAction":[{"@type":"SearchAction","target":{"@type":"EntryPoint","urlTemplate":"https:\/\/fuentesfidedignas.com.mx\/?s={search_term_string}"},"query-input":{"@type":"PropertyValueSpecification","valueRequired":true,"valueName":"search_term_string"}}],"inLanguage":"es"},{"@type":"Organization","@id":"https:\/\/fuentesfidedignas.com.mx\/#organization","name":"Fuentes Fidedignas","url":"https:\/\/fuentesfidedignas.com.mx\/","logo":{"@type":"ImageObject","inLanguage":"es","@id":"https:\/\/fuentesfidedignas.com.mx\/#\/schema\/logo\/image\/","url":"https:\/\/fuentesfidedignas.com.mx\/wp-content\/uploads\/2021\/04\/logo-retina.png","contentUrl":"https:\/\/fuentesfidedignas.com.mx\/wp-content\/uploads\/2021\/04\/logo-retina.png","width":280,"height":51,"caption":"Fuentes Fidedignas"},"image":{"@id":"https:\/\/fuentesfidedignas.com.mx\/#\/schema\/logo\/image\/"},"sameAs":["https:\/\/www.facebook.com\/Fuentes-Fidedignas-368234489921644","https:\/\/x.com\/fidedignas"]},{"@type":"Person","@id":"https:\/\/fuentesfidedignas.com.mx\/#\/schema\/person\/bce747fb6a0b0feefab1e3e7c4e84d2b","name":"Vanguardia","image":{"@type":"ImageObject","inLanguage":"es","@id":"https:\/\/secure.gravatar.com\/avatar\/6d7e1e0fdcdef594fdfc9206070adafb95cd5cd9b47c113cb987d91ee74e35df?s=96&d=mm&r=g","url":"https:\/\/secure.gravatar.com\/avatar\/6d7e1e0fdcdef594fdfc9206070adafb95cd5cd9b47c113cb987d91ee74e35df?s=96&d=mm&r=g","contentUrl":"https:\/\/secure.gravatar.com\/avatar\/6d7e1e0fdcdef594fdfc9206070adafb95cd5cd9b47c113cb987d91ee74e35df?s=96&d=mm&r=g","caption":"Vanguardia"},"url":"https:\/\/fuentesfidedignas.com.mx\/index.php\/author\/vanguardia\/"}]}},"_links":{"self":[{"href":"https:\/\/fuentesfidedignas.com.mx\/index.php\/wp-json\/wp\/v2\/posts\/7756","targetHints":{"allow":["GET"]}}],"collection":[{"href":"https:\/\/fuentesfidedignas.com.mx\/index.php\/wp-json\/wp\/v2\/posts"}],"about":[{"href":"https:\/\/fuentesfidedignas.com.mx\/index.php\/wp-json\/wp\/v2\/types\/post"}],"author":[{"embeddable":true,"href":"https:\/\/fuentesfidedignas.com.mx\/index.php\/wp-json\/wp\/v2\/users\/14"}],"replies":[{"embeddable":true,"href":"https:\/\/fuentesfidedignas.com.mx\/index.php\/wp-json\/wp\/v2\/comments?post=7756"}],"version-history":[{"count":1,"href":"https:\/\/fuentesfidedignas.com.mx\/index.php\/wp-json\/wp\/v2\/posts\/7756\/revisions"}],"predecessor-version":[{"id":7758,"href":"https:\/\/fuentesfidedignas.com.mx\/index.php\/wp-json\/wp\/v2\/posts\/7756\/revisions\/7758"}],"wp:featuredmedia":[{"embeddable":true,"href":"https:\/\/fuentesfidedignas.com.mx\/index.php\/wp-json\/wp\/v2\/media\/7757"}],"wp:attachment":[{"href":"https:\/\/fuentesfidedignas.com.mx\/index.php\/wp-json\/wp\/v2\/media?parent=7756"}],"wp:term":[{"taxonomy":"category","embeddable":true,"href":"https:\/\/fuentesfidedignas.com.mx\/index.php\/wp-json\/wp\/v2\/categories?post=7756"},{"taxonomy":"post_tag","embeddable":true,"href":"https:\/\/fuentesfidedignas.com.mx\/index.php\/wp-json\/wp\/v2\/tags?post=7756"}],"curies":[{"name":"wp","href":"https:\/\/api.w.org\/{rel}","templated":true}]}}