{"id":77533,"date":"2024-03-21T18:19:29","date_gmt":"2024-03-22T01:19:29","guid":{"rendered":"https:\/\/fuentesfidedignas.com.mx\/?p=77533"},"modified":"2024-03-21T18:19:29","modified_gmt":"2024-03-22T01:19:29","slug":"colectivos-de-buscadoras-convocan-a-marcha-nacional-por-desapariciones-en-mexico","status":"publish","type":"post","link":"https:\/\/fuentesfidedignas.com.mx\/index.php\/2024\/03\/21\/colectivos-de-buscadoras-convocan-a-marcha-nacional-por-desapariciones-en-mexico\/","title":{"rendered":"Colectivos de buscadoras convocan a marcha nacional por desapariciones en M\u00e9xico"},"content":{"rendered":"\n<p><strong><em>Colectivos de familiares de personas desaparecidas en M\u00e9xico hicieron un llamado a la sociedad civil para sumarse a una marcha nacional en el pr\u00f3ximo 10 de mayo<\/em><\/strong><\/p>\n\n\n\n<p>Unos 250 colectivos de familiares de personas desaparecidas en M\u00e9xico hicieron un llamado a la sociedad civil para sumarse en una jornada nacional de b\u00fasqueda y posterior marcha nacional en el pr\u00f3ximo 10 de mayo, D\u00eda de las Madres.<\/p>\n\n\n\n<p>En su mayor\u00eda, madres buscadoras, sostuvieron tras una concentraci\u00f3n en la capital Ciudad de M\u00e9xico que trabajan en un proceso de unificaci\u00f3n nacional de personas con alg\u00fan familiar no localizado.<\/p>\n\n\n\n<blockquote class=\"twitter-tweet\"><p lang=\"es\" dir=\"ltr\">Les compartimos el comunicado que se ley\u00f3 hoy como inicio a la Jornada Nacional de B\u00fasqueda y al proceso de unidad nacional de familias de personas desaparecidas. <a href=\"https:\/\/t.co\/kQpIf9JTyL\">pic.twitter.com\/kQpIf9JTyL<\/a><\/p>&mdash; Glorieta de las y los Desaparecidos (@GlorietaMx) <a href=\"https:\/\/twitter.com\/GlorietaMx\/status\/1770900057887264844?ref_src=twsrc%5Etfw\">March 21, 2024<\/a><\/blockquote> <script async src=\"https:\/\/platform.twitter.com\/widgets.js\" charset=\"utf-8\"><\/script>\n\n\n\n<p>En este sentido, pidieron a la sociedad civil organizada y no organizada a sumarse a la jornada nacional de b\u00fasqueda, a realizarse los pr\u00f3ximos 19 y 20 de abril; as\u00ed como a la marcha nacional de 10 de mayo, en el D\u00eda de las Madres en M\u00e9xico, donde ya esperan movilizaciones en al menos 28 entidades.<\/p>\n\n\n\n<p>\u201cNuestro proceso de organizaci\u00f3n se hab\u00eda estado dando en silencio, hoy lo hacemos p\u00fablico para hacer un llamado a todas las familias a las que a\u00fan no hemos llegado, as\u00ed como a los colectivos de familias y familias v\u00edctimas de la violencia para que se sumen a este esfuerzo de unidad\u201d, se\u00f1alaron en un comunicado.<\/p>\n\n\n\n<p>Las m\u00e1s de 300 buscadoras y buscadores que integran estas agrupaciones dijeron que buscan construir acuerdos por encima de las diferencias, as\u00ed como abrazarse \u201csin colores, ni banderas, ni el Estado\u201d.<\/p>\n\n\n\n<p>\u201cLlevamos a\u00f1os tratando de reconstruir este pa\u00eds, que no hemos dejado de buscar ni un minuto a nuestros seres queridos desaparecidos para tenerlos de regreso a casa que es donde pertenecen\u201d, sostuvieron.<\/p>\n\n\n\n<p>Criticaron que M\u00e9xico ya es sin\u00f3nimo de desaparici\u00f3n de personas y advirtieron que en los \u00faltimos 15 a\u00f1os se han incrementado alarmantemente los casos de personas desaparecidas.<\/p>\n\n\n\n<p>\u201cLa tolerancia y complicidad de los Gobiernos han mandado el mensaje de que este crimen atroz se puede cometer sin mayores consecuencias\u201d, se\u00f1alaron.<\/p>\n\n\n\n<p>En este sentido, las organizaciones pidieron alcanzar medidas en conjunto que ayuden a prevenir m\u00e1s desapariciones y que m\u00e1s familias se sumen a la tortura de buscar a un familiar desaparecido.<\/p>\n\n\n\n<p>Tambi\u00e9n pidieron a los candidatos presidenciales y los partidos en el pa\u00eds no utilizar a las personas desaparecidas como bot\u00edn pol\u00edtico rumbo a las m\u00e1s grandes elecciones en M\u00e9xico, a celebrarse el 2 de junio pr\u00f3ximo.<\/p>\n\n\n\n<p>\u201cNo permitiremos que intenten deslegitimar nuestra lucha diciendo que somos manipuladas por personas que quieren \u2018golpear al Gobierno\u2019\u201d, a\u00f1adieron.<\/p>\n\n\n\n<p>Los 250 colectivos demandaron la b\u00fasqueda de las m\u00e1s de 112.000 personas desaparecidas y pidieron detener la actual pol\u00edtica de \u201cseguir desapareciendo a los desaparecidos\u201d, en medio de cifras que contrastan entre las diversas fuentes oficiales y no oficiales.<\/p>\n","protected":false},"excerpt":{"rendered":"<p>Colectivos de familiares de personas desaparecidas en M\u00e9xico hicieron un llamado a la sociedad civil para sumarse a una marcha nacional en el pr\u00f3ximo 10 de mayo Unos 250 colectivos de familiares de personas desaparecidas en M\u00e9xico hicieron un llamado a la sociedad civil para sumarse en una jornada nacional de b\u00fasqueda y posterior marcha [&hellip;]<\/p>\n","protected":false},"author":47,"featured_media":77534,"comment_status":"open","ping_status":"open","sticky":false,"template":"","format":"standard","meta":{"tdm_status":"","tdm_grid_status":"","footnotes":""},"categories":[39],"tags":[],"class_list":{"0":"post-77533","1":"post","2":"type-post","3":"status-publish","4":"format-standard","5":"has-post-thumbnail","7":"category-noticias-nacionales"},"yoast_head":"<!-- This site is optimized with the Yoast SEO plugin v27.5 - https:\/\/yoast.com\/product\/yoast-seo-wordpress\/ -->\n<title>Colectivos de buscadoras convocan a marcha nacional por desapariciones en M\u00e9xico - Fuentes Fidedignas<\/title>\n<meta name=\"robots\" content=\"index, follow, max-snippet:-1, max-image-preview:large, max-video-preview:-1\" \/>\n<link rel=\"canonical\" href=\"https:\/\/fuentesfidedignas.com.mx\/index.php\/2024\/03\/21\/colectivos-de-buscadoras-convocan-a-marcha-nacional-por-desapariciones-en-mexico\/\" \/>\n<meta property=\"og:locale\" content=\"es_MX\" \/>\n<meta property=\"og:type\" content=\"article\" \/>\n<meta property=\"og:title\" content=\"Colectivos de buscadoras convocan a marcha nacional por desapariciones en M\u00e9xico - Fuentes Fidedignas\" \/>\n<meta property=\"og:description\" content=\"Colectivos de familiares de personas desaparecidas en M\u00e9xico hicieron un llamado a la sociedad civil para sumarse a una marcha nacional en el pr\u00f3ximo 10 de mayo Unos 250 colectivos de familiares de personas desaparecidas en M\u00e9xico hicieron un llamado a la sociedad civil para sumarse en una jornada nacional de b\u00fasqueda y posterior marcha [&hellip;]\" \/>\n<meta property=\"og:url\" content=\"https:\/\/fuentesfidedignas.com.mx\/index.php\/2024\/03\/21\/colectivos-de-buscadoras-convocan-a-marcha-nacional-por-desapariciones-en-mexico\/\" \/>\n<meta property=\"og:site_name\" content=\"Fuentes Fidedignas\" \/>\n<meta property=\"article:publisher\" content=\"https:\/\/www.facebook.com\/Fuentes-Fidedignas-368234489921644\" \/>\n<meta property=\"article:published_time\" content=\"2024-03-22T01:19:29+00:00\" \/>\n<meta property=\"og:image\" content=\"https:\/\/fuentesfidedignas.com.mx\/wp-content\/uploads\/2024\/03\/desapariciones-desaparecidos-mexico.jpg\" \/>\n\t<meta property=\"og:image:width\" content=\"600\" \/>\n\t<meta property=\"og:image:height\" content=\"400\" \/>\n\t<meta property=\"og:image:type\" content=\"image\/jpeg\" \/>\n<meta name=\"author\" content=\"L\u00f3pez D\u00f3riga\" \/>\n<meta name=\"twitter:card\" content=\"summary_large_image\" \/>\n<meta name=\"twitter:creator\" content=\"@fidedignas\" \/>\n<meta name=\"twitter:site\" content=\"@fidedignas\" \/>\n<meta name=\"twitter:label1\" content=\"Escrito por\" \/>\n\t<meta name=\"twitter:data1\" content=\"L\u00f3pez D\u00f3riga\" \/>\n\t<meta name=\"twitter:label2\" content=\"Tiempo de lectura\" \/>\n\t<meta name=\"twitter:data2\" content=\"3 minutos\" \/>\n<script type=\"application\/ld+json\" class=\"yoast-schema-graph\">{\"@context\":\"https:\\\/\\\/schema.org\",\"@graph\":[{\"@type\":\"Article\",\"@id\":\"https:\\\/\\\/fuentesfidedignas.com.mx\\\/index.php\\\/2024\\\/03\\\/21\\\/colectivos-de-buscadoras-convocan-a-marcha-nacional-por-desapariciones-en-mexico\\\/#article\",\"isPartOf\":{\"@id\":\"https:\\\/\\\/fuentesfidedignas.com.mx\\\/index.php\\\/2024\\\/03\\\/21\\\/colectivos-de-buscadoras-convocan-a-marcha-nacional-por-desapariciones-en-mexico\\\/\"},\"author\":{\"name\":\"L\u00f3pez D\u00f3riga\",\"@id\":\"https:\\\/\\\/fuentesfidedignas.com.mx\\\/#\\\/schema\\\/person\\\/67d852f0557c8509146a4b9ddebd543a\"},\"headline\":\"Colectivos de buscadoras convocan a marcha nacional por desapariciones en M\u00e9xico\",\"datePublished\":\"2024-03-22T01:19:29+00:00\",\"mainEntityOfPage\":{\"@id\":\"https:\\\/\\\/fuentesfidedignas.com.mx\\\/index.php\\\/2024\\\/03\\\/21\\\/colectivos-de-buscadoras-convocan-a-marcha-nacional-por-desapariciones-en-mexico\\\/\"},\"wordCount\":529,\"commentCount\":0,\"publisher\":{\"@id\":\"https:\\\/\\\/fuentesfidedignas.com.mx\\\/#organization\"},\"image\":{\"@id\":\"https:\\\/\\\/fuentesfidedignas.com.mx\\\/index.php\\\/2024\\\/03\\\/21\\\/colectivos-de-buscadoras-convocan-a-marcha-nacional-por-desapariciones-en-mexico\\\/#primaryimage\"},\"thumbnailUrl\":\"https:\\\/\\\/fuentesfidedignas.com.mx\\\/wp-content\\\/uploads\\\/2024\\\/03\\\/desapariciones-desaparecidos-mexico.jpg\",\"articleSection\":[\"NOTICIAS NACIONALES\"],\"inLanguage\":\"es\",\"potentialAction\":[{\"@type\":\"CommentAction\",\"name\":\"Comment\",\"target\":[\"https:\\\/\\\/fuentesfidedignas.com.mx\\\/index.php\\\/2024\\\/03\\\/21\\\/colectivos-de-buscadoras-convocan-a-marcha-nacional-por-desapariciones-en-mexico\\\/#respond\"]}]},{\"@type\":\"WebPage\",\"@id\":\"https:\\\/\\\/fuentesfidedignas.com.mx\\\/index.php\\\/2024\\\/03\\\/21\\\/colectivos-de-buscadoras-convocan-a-marcha-nacional-por-desapariciones-en-mexico\\\/\",\"url\":\"https:\\\/\\\/fuentesfidedignas.com.mx\\\/index.php\\\/2024\\\/03\\\/21\\\/colectivos-de-buscadoras-convocan-a-marcha-nacional-por-desapariciones-en-mexico\\\/\",\"name\":\"Colectivos de buscadoras convocan a marcha nacional por desapariciones en M\u00e9xico - Fuentes Fidedignas\",\"isPartOf\":{\"@id\":\"https:\\\/\\\/fuentesfidedignas.com.mx\\\/#website\"},\"primaryImageOfPage\":{\"@id\":\"https:\\\/\\\/fuentesfidedignas.com.mx\\\/index.php\\\/2024\\\/03\\\/21\\\/colectivos-de-buscadoras-convocan-a-marcha-nacional-por-desapariciones-en-mexico\\\/#primaryimage\"},\"image\":{\"@id\":\"https:\\\/\\\/fuentesfidedignas.com.mx\\\/index.php\\\/2024\\\/03\\\/21\\\/colectivos-de-buscadoras-convocan-a-marcha-nacional-por-desapariciones-en-mexico\\\/#primaryimage\"},\"thumbnailUrl\":\"https:\\\/\\\/fuentesfidedignas.com.mx\\\/wp-content\\\/uploads\\\/2024\\\/03\\\/desapariciones-desaparecidos-mexico.jpg\",\"datePublished\":\"2024-03-22T01:19:29+00:00\",\"breadcrumb\":{\"@id\":\"https:\\\/\\\/fuentesfidedignas.com.mx\\\/index.php\\\/2024\\\/03\\\/21\\\/colectivos-de-buscadoras-convocan-a-marcha-nacional-por-desapariciones-en-mexico\\\/#breadcrumb\"},\"inLanguage\":\"es\",\"potentialAction\":[{\"@type\":\"ReadAction\",\"target\":[\"https:\\\/\\\/fuentesfidedignas.com.mx\\\/index.php\\\/2024\\\/03\\\/21\\\/colectivos-de-buscadoras-convocan-a-marcha-nacional-por-desapariciones-en-mexico\\\/\"]}]},{\"@type\":\"ImageObject\",\"inLanguage\":\"es\",\"@id\":\"https:\\\/\\\/fuentesfidedignas.com.mx\\\/index.php\\\/2024\\\/03\\\/21\\\/colectivos-de-buscadoras-convocan-a-marcha-nacional-por-desapariciones-en-mexico\\\/#primaryimage\",\"url\":\"https:\\\/\\\/fuentesfidedignas.com.mx\\\/wp-content\\\/uploads\\\/2024\\\/03\\\/desapariciones-desaparecidos-mexico.jpg\",\"contentUrl\":\"https:\\\/\\\/fuentesfidedignas.com.mx\\\/wp-content\\\/uploads\\\/2024\\\/03\\\/desapariciones-desaparecidos-mexico.jpg\",\"width\":600,\"height\":400},{\"@type\":\"BreadcrumbList\",\"@id\":\"https:\\\/\\\/fuentesfidedignas.com.mx\\\/index.php\\\/2024\\\/03\\\/21\\\/colectivos-de-buscadoras-convocan-a-marcha-nacional-por-desapariciones-en-mexico\\\/#breadcrumb\",\"itemListElement\":[{\"@type\":\"ListItem\",\"position\":1,\"name\":\"Inicio\",\"item\":\"https:\\\/\\\/fuentesfidedignas.com.mx\\\/\"},{\"@type\":\"ListItem\",\"position\":2,\"name\":\"Colectivos de buscadoras convocan a marcha nacional por desapariciones en M\u00e9xico\"}]},{\"@type\":\"WebSite\",\"@id\":\"https:\\\/\\\/fuentesfidedignas.com.mx\\\/#website\",\"url\":\"https:\\\/\\\/fuentesfidedignas.com.mx\\\/\",\"name\":\"Fuentes Fidedignas\",\"description\":\"Otro sitio realizado con WordPress\",\"publisher\":{\"@id\":\"https:\\\/\\\/fuentesfidedignas.com.mx\\\/#organization\"},\"potentialAction\":[{\"@type\":\"SearchAction\",\"target\":{\"@type\":\"EntryPoint\",\"urlTemplate\":\"https:\\\/\\\/fuentesfidedignas.com.mx\\\/?s={search_term_string}\"},\"query-input\":{\"@type\":\"PropertyValueSpecification\",\"valueRequired\":true,\"valueName\":\"search_term_string\"}}],\"inLanguage\":\"es\"},{\"@type\":\"Organization\",\"@id\":\"https:\\\/\\\/fuentesfidedignas.com.mx\\\/#organization\",\"name\":\"Fuentes Fidedignas\",\"url\":\"https:\\\/\\\/fuentesfidedignas.com.mx\\\/\",\"logo\":{\"@type\":\"ImageObject\",\"inLanguage\":\"es\",\"@id\":\"https:\\\/\\\/fuentesfidedignas.com.mx\\\/#\\\/schema\\\/logo\\\/image\\\/\",\"url\":\"https:\\\/\\\/fuentesfidedignas.com.mx\\\/wp-content\\\/uploads\\\/2021\\\/04\\\/logo-retina.png\",\"contentUrl\":\"https:\\\/\\\/fuentesfidedignas.com.mx\\\/wp-content\\\/uploads\\\/2021\\\/04\\\/logo-retina.png\",\"width\":280,\"height\":51,\"caption\":\"Fuentes Fidedignas\"},\"image\":{\"@id\":\"https:\\\/\\\/fuentesfidedignas.com.mx\\\/#\\\/schema\\\/logo\\\/image\\\/\"},\"sameAs\":[\"https:\\\/\\\/www.facebook.com\\\/Fuentes-Fidedignas-368234489921644\",\"https:\\\/\\\/x.com\\\/fidedignas\"]},{\"@type\":\"Person\",\"@id\":\"https:\\\/\\\/fuentesfidedignas.com.mx\\\/#\\\/schema\\\/person\\\/67d852f0557c8509146a4b9ddebd543a\",\"name\":\"L\u00f3pez D\u00f3riga\",\"image\":{\"@type\":\"ImageObject\",\"inLanguage\":\"es\",\"@id\":\"https:\\\/\\\/secure.gravatar.com\\\/avatar\\\/e525b06574ca18b33cded59dfe5778d6c823b9513154eff47da551b0551bdd1e?s=96&d=mm&r=g\",\"url\":\"https:\\\/\\\/secure.gravatar.com\\\/avatar\\\/e525b06574ca18b33cded59dfe5778d6c823b9513154eff47da551b0551bdd1e?s=96&d=mm&r=g\",\"contentUrl\":\"https:\\\/\\\/secure.gravatar.com\\\/avatar\\\/e525b06574ca18b33cded59dfe5778d6c823b9513154eff47da551b0551bdd1e?s=96&d=mm&r=g\",\"caption\":\"L\u00f3pez D\u00f3riga\"},\"url\":\"https:\\\/\\\/fuentesfidedignas.com.mx\\\/index.php\\\/author\\\/doriga\\\/\"}]}<\/script>\n<!-- \/ Yoast SEO plugin. -->","yoast_head_json":{"title":"Colectivos de buscadoras convocan a marcha nacional por desapariciones en M\u00e9xico - Fuentes Fidedignas","robots":{"index":"index","follow":"follow","max-snippet":"max-snippet:-1","max-image-preview":"max-image-preview:large","max-video-preview":"max-video-preview:-1"},"canonical":"https:\/\/fuentesfidedignas.com.mx\/index.php\/2024\/03\/21\/colectivos-de-buscadoras-convocan-a-marcha-nacional-por-desapariciones-en-mexico\/","og_locale":"es_MX","og_type":"article","og_title":"Colectivos de buscadoras convocan a marcha nacional por desapariciones en M\u00e9xico - Fuentes Fidedignas","og_description":"Colectivos de familiares de personas desaparecidas en M\u00e9xico hicieron un llamado a la sociedad civil para sumarse a una marcha nacional en el pr\u00f3ximo 10 de mayo Unos 250 colectivos de familiares de personas desaparecidas en M\u00e9xico hicieron un llamado a la sociedad civil para sumarse en una jornada nacional de b\u00fasqueda y posterior marcha [&hellip;]","og_url":"https:\/\/fuentesfidedignas.com.mx\/index.php\/2024\/03\/21\/colectivos-de-buscadoras-convocan-a-marcha-nacional-por-desapariciones-en-mexico\/","og_site_name":"Fuentes Fidedignas","article_publisher":"https:\/\/www.facebook.com\/Fuentes-Fidedignas-368234489921644","article_published_time":"2024-03-22T01:19:29+00:00","og_image":[{"width":600,"height":400,"url":"https:\/\/fuentesfidedignas.com.mx\/wp-content\/uploads\/2024\/03\/desapariciones-desaparecidos-mexico.jpg","type":"image\/jpeg"}],"author":"L\u00f3pez D\u00f3riga","twitter_card":"summary_large_image","twitter_creator":"@fidedignas","twitter_site":"@fidedignas","twitter_misc":{"Escrito por":"L\u00f3pez D\u00f3riga","Tiempo de lectura":"3 minutos"},"schema":{"@context":"https:\/\/schema.org","@graph":[{"@type":"Article","@id":"https:\/\/fuentesfidedignas.com.mx\/index.php\/2024\/03\/21\/colectivos-de-buscadoras-convocan-a-marcha-nacional-por-desapariciones-en-mexico\/#article","isPartOf":{"@id":"https:\/\/fuentesfidedignas.com.mx\/index.php\/2024\/03\/21\/colectivos-de-buscadoras-convocan-a-marcha-nacional-por-desapariciones-en-mexico\/"},"author":{"name":"L\u00f3pez D\u00f3riga","@id":"https:\/\/fuentesfidedignas.com.mx\/#\/schema\/person\/67d852f0557c8509146a4b9ddebd543a"},"headline":"Colectivos de buscadoras convocan a marcha nacional por desapariciones en M\u00e9xico","datePublished":"2024-03-22T01:19:29+00:00","mainEntityOfPage":{"@id":"https:\/\/fuentesfidedignas.com.mx\/index.php\/2024\/03\/21\/colectivos-de-buscadoras-convocan-a-marcha-nacional-por-desapariciones-en-mexico\/"},"wordCount":529,"commentCount":0,"publisher":{"@id":"https:\/\/fuentesfidedignas.com.mx\/#organization"},"image":{"@id":"https:\/\/fuentesfidedignas.com.mx\/index.php\/2024\/03\/21\/colectivos-de-buscadoras-convocan-a-marcha-nacional-por-desapariciones-en-mexico\/#primaryimage"},"thumbnailUrl":"https:\/\/fuentesfidedignas.com.mx\/wp-content\/uploads\/2024\/03\/desapariciones-desaparecidos-mexico.jpg","articleSection":["NOTICIAS NACIONALES"],"inLanguage":"es","potentialAction":[{"@type":"CommentAction","name":"Comment","target":["https:\/\/fuentesfidedignas.com.mx\/index.php\/2024\/03\/21\/colectivos-de-buscadoras-convocan-a-marcha-nacional-por-desapariciones-en-mexico\/#respond"]}]},{"@type":"WebPage","@id":"https:\/\/fuentesfidedignas.com.mx\/index.php\/2024\/03\/21\/colectivos-de-buscadoras-convocan-a-marcha-nacional-por-desapariciones-en-mexico\/","url":"https:\/\/fuentesfidedignas.com.mx\/index.php\/2024\/03\/21\/colectivos-de-buscadoras-convocan-a-marcha-nacional-por-desapariciones-en-mexico\/","name":"Colectivos de buscadoras convocan a marcha nacional por desapariciones en M\u00e9xico - Fuentes Fidedignas","isPartOf":{"@id":"https:\/\/fuentesfidedignas.com.mx\/#website"},"primaryImageOfPage":{"@id":"https:\/\/fuentesfidedignas.com.mx\/index.php\/2024\/03\/21\/colectivos-de-buscadoras-convocan-a-marcha-nacional-por-desapariciones-en-mexico\/#primaryimage"},"image":{"@id":"https:\/\/fuentesfidedignas.com.mx\/index.php\/2024\/03\/21\/colectivos-de-buscadoras-convocan-a-marcha-nacional-por-desapariciones-en-mexico\/#primaryimage"},"thumbnailUrl":"https:\/\/fuentesfidedignas.com.mx\/wp-content\/uploads\/2024\/03\/desapariciones-desaparecidos-mexico.jpg","datePublished":"2024-03-22T01:19:29+00:00","breadcrumb":{"@id":"https:\/\/fuentesfidedignas.com.mx\/index.php\/2024\/03\/21\/colectivos-de-buscadoras-convocan-a-marcha-nacional-por-desapariciones-en-mexico\/#breadcrumb"},"inLanguage":"es","potentialAction":[{"@type":"ReadAction","target":["https:\/\/fuentesfidedignas.com.mx\/index.php\/2024\/03\/21\/colectivos-de-buscadoras-convocan-a-marcha-nacional-por-desapariciones-en-mexico\/"]}]},{"@type":"ImageObject","inLanguage":"es","@id":"https:\/\/fuentesfidedignas.com.mx\/index.php\/2024\/03\/21\/colectivos-de-buscadoras-convocan-a-marcha-nacional-por-desapariciones-en-mexico\/#primaryimage","url":"https:\/\/fuentesfidedignas.com.mx\/wp-content\/uploads\/2024\/03\/desapariciones-desaparecidos-mexico.jpg","contentUrl":"https:\/\/fuentesfidedignas.com.mx\/wp-content\/uploads\/2024\/03\/desapariciones-desaparecidos-mexico.jpg","width":600,"height":400},{"@type":"BreadcrumbList","@id":"https:\/\/fuentesfidedignas.com.mx\/index.php\/2024\/03\/21\/colectivos-de-buscadoras-convocan-a-marcha-nacional-por-desapariciones-en-mexico\/#breadcrumb","itemListElement":[{"@type":"ListItem","position":1,"name":"Inicio","item":"https:\/\/fuentesfidedignas.com.mx\/"},{"@type":"ListItem","position":2,"name":"Colectivos de buscadoras convocan a marcha nacional por desapariciones en M\u00e9xico"}]},{"@type":"WebSite","@id":"https:\/\/fuentesfidedignas.com.mx\/#website","url":"https:\/\/fuentesfidedignas.com.mx\/","name":"Fuentes Fidedignas","description":"Otro sitio realizado con WordPress","publisher":{"@id":"https:\/\/fuentesfidedignas.com.mx\/#organization"},"potentialAction":[{"@type":"SearchAction","target":{"@type":"EntryPoint","urlTemplate":"https:\/\/fuentesfidedignas.com.mx\/?s={search_term_string}"},"query-input":{"@type":"PropertyValueSpecification","valueRequired":true,"valueName":"search_term_string"}}],"inLanguage":"es"},{"@type":"Organization","@id":"https:\/\/fuentesfidedignas.com.mx\/#organization","name":"Fuentes Fidedignas","url":"https:\/\/fuentesfidedignas.com.mx\/","logo":{"@type":"ImageObject","inLanguage":"es","@id":"https:\/\/fuentesfidedignas.com.mx\/#\/schema\/logo\/image\/","url":"https:\/\/fuentesfidedignas.com.mx\/wp-content\/uploads\/2021\/04\/logo-retina.png","contentUrl":"https:\/\/fuentesfidedignas.com.mx\/wp-content\/uploads\/2021\/04\/logo-retina.png","width":280,"height":51,"caption":"Fuentes Fidedignas"},"image":{"@id":"https:\/\/fuentesfidedignas.com.mx\/#\/schema\/logo\/image\/"},"sameAs":["https:\/\/www.facebook.com\/Fuentes-Fidedignas-368234489921644","https:\/\/x.com\/fidedignas"]},{"@type":"Person","@id":"https:\/\/fuentesfidedignas.com.mx\/#\/schema\/person\/67d852f0557c8509146a4b9ddebd543a","name":"L\u00f3pez D\u00f3riga","image":{"@type":"ImageObject","inLanguage":"es","@id":"https:\/\/secure.gravatar.com\/avatar\/e525b06574ca18b33cded59dfe5778d6c823b9513154eff47da551b0551bdd1e?s=96&d=mm&r=g","url":"https:\/\/secure.gravatar.com\/avatar\/e525b06574ca18b33cded59dfe5778d6c823b9513154eff47da551b0551bdd1e?s=96&d=mm&r=g","contentUrl":"https:\/\/secure.gravatar.com\/avatar\/e525b06574ca18b33cded59dfe5778d6c823b9513154eff47da551b0551bdd1e?s=96&d=mm&r=g","caption":"L\u00f3pez D\u00f3riga"},"url":"https:\/\/fuentesfidedignas.com.mx\/index.php\/author\/doriga\/"}]}},"_links":{"self":[{"href":"https:\/\/fuentesfidedignas.com.mx\/index.php\/wp-json\/wp\/v2\/posts\/77533","targetHints":{"allow":["GET"]}}],"collection":[{"href":"https:\/\/fuentesfidedignas.com.mx\/index.php\/wp-json\/wp\/v2\/posts"}],"about":[{"href":"https:\/\/fuentesfidedignas.com.mx\/index.php\/wp-json\/wp\/v2\/types\/post"}],"author":[{"embeddable":true,"href":"https:\/\/fuentesfidedignas.com.mx\/index.php\/wp-json\/wp\/v2\/users\/47"}],"replies":[{"embeddable":true,"href":"https:\/\/fuentesfidedignas.com.mx\/index.php\/wp-json\/wp\/v2\/comments?post=77533"}],"version-history":[{"count":1,"href":"https:\/\/fuentesfidedignas.com.mx\/index.php\/wp-json\/wp\/v2\/posts\/77533\/revisions"}],"predecessor-version":[{"id":77535,"href":"https:\/\/fuentesfidedignas.com.mx\/index.php\/wp-json\/wp\/v2\/posts\/77533\/revisions\/77535"}],"wp:featuredmedia":[{"embeddable":true,"href":"https:\/\/fuentesfidedignas.com.mx\/index.php\/wp-json\/wp\/v2\/media\/77534"}],"wp:attachment":[{"href":"https:\/\/fuentesfidedignas.com.mx\/index.php\/wp-json\/wp\/v2\/media?parent=77533"}],"wp:term":[{"taxonomy":"category","embeddable":true,"href":"https:\/\/fuentesfidedignas.com.mx\/index.php\/wp-json\/wp\/v2\/categories?post=77533"},{"taxonomy":"post_tag","embeddable":true,"href":"https:\/\/fuentesfidedignas.com.mx\/index.php\/wp-json\/wp\/v2\/tags?post=77533"}],"curies":[{"name":"wp","href":"https:\/\/api.w.org\/{rel}","templated":true}]}}