{"id":77526,"date":"2024-03-21T17:56:41","date_gmt":"2024-03-22T00:56:41","guid":{"rendered":"https:\/\/fuentesfidedignas.com.mx\/?p=77526"},"modified":"2024-03-21T17:56:41","modified_gmt":"2024-03-22T00:56:41","slug":"de-manteles-largos-la-facultad-de-ciencias-fisico-matematicas-de-la-uas-al-ser-sede-de-la-olimpiada-estatal-de-fisica","status":"publish","type":"post","link":"https:\/\/fuentesfidedignas.com.mx\/index.php\/2024\/03\/21\/de-manteles-largos-la-facultad-de-ciencias-fisico-matematicas-de-la-uas-al-ser-sede-de-la-olimpiada-estatal-de-fisica\/","title":{"rendered":"De manteles largos la Facultad de Ciencias F\u00edsico Matem\u00e1ticas de la UAS, al ser sede de la Olimpiada Estatal de F\u00edsica"},"content":{"rendered":"\n<p><strong><em>Este evento lo organiza la Sociedad Mexicana De F\u00edsica, en colaboraci\u00f3n con dicha Facultad de la UAS, con el objetivo de preseleccionar a 20 j\u00f3venes de todo el estado de Sinaloa<\/em><\/strong><\/p>\n\n\n\n<p>Culiac\u00e1n, Sin.- La Facultad de Ciencias F\u00edsico Matem\u00e1ticas de la Universidad Aut\u00f3noma de Sinaloa (UAS) se viste de manteles largos al ser la sede de la Olimpiada Estatal De F\u00edsica, en su edici\u00f3n n\u00famero 34 de nivel bachillerato, donde se dieron cita estudiantes de los diferentes sistemas educativos tanto p\u00fablicos como privados, se\u00f1al\u00f3 Edgar Alejandro Le\u00f3n Espinoza, delegado de la Olimpiada.<\/p>\n\n\n\n<p>El tambi\u00e9n investigador de la Facultad de Ciencias F\u00edsico Matem\u00e1ticas explic\u00f3 que este evento lo organiza la Sociedad Mexicana De F\u00edsica, en colaboraci\u00f3n con dicha Facultad de la UAS, con el objetivo de preseleccionar a 20 j\u00f3venes de todo el estado de Sinaloa y de ah\u00ed seleccionar a cuatro estudiantes que representar\u00e1n a Sinaloa en la Olimpiada Nacional de F\u00edsica.<\/p>\n\n\n\n<p>Destac\u00f3 que este es un evento muy importante para los j\u00f3venes, pues se trata de realizar un examen donde podr\u00e1n a prueba sus conocimientos de esta importante ciencia, adem\u00e1s de realizar una sana convivencia con estudiantes interesados en la F\u00edsica.<\/p>\n\n\n\n<p>Le\u00f3n Espinoza, subray\u00f3 que Sinaloa a nivel nacional en los \u00faltimos a\u00f1os ha sido un fuerte contrincante en la Olimpiada Nacional de F\u00edsica, gracias a que los estudiantes son capacitados por personal capacitado como docentes de la Casa Rosalina, as\u00ed como estudiantes ex ol\u00edmpicos que comparten con las nuevas generaciones sus experiencias en competencias internacionales.<\/p>\n","protected":false},"excerpt":{"rendered":"<p>Este evento lo organiza la Sociedad Mexicana De F\u00edsica, en colaboraci\u00f3n con dicha Facultad de la UAS, con el objetivo de preseleccionar a 20 j\u00f3venes de todo el estado de Sinaloa Culiac\u00e1n, Sin.- La Facultad de Ciencias F\u00edsico Matem\u00e1ticas de la Universidad Aut\u00f3noma de Sinaloa (UAS) se viste de manteles largos al ser la sede [&hellip;]<\/p>\n","protected":false},"author":4,"featured_media":77527,"comment_status":"open","ping_status":"open","sticky":false,"template":"","format":"standard","meta":{"tdm_status":"","tdm_grid_status":"","footnotes":""},"categories":[1],"tags":[],"class_list":{"0":"post-77526","1":"post","2":"type-post","3":"status-publish","4":"format-standard","5":"has-post-thumbnail","7":"category-sin-categoria"},"yoast_head":"<!-- This site is optimized with the Yoast SEO plugin v27.5 - https:\/\/yoast.com\/product\/yoast-seo-wordpress\/ -->\n<title>De manteles largos la Facultad de Ciencias F\u00edsico Matem\u00e1ticas de la UAS, al ser sede de la Olimpiada Estatal de F\u00edsica - Fuentes Fidedignas<\/title>\n<meta name=\"robots\" content=\"index, follow, max-snippet:-1, max-image-preview:large, max-video-preview:-1\" \/>\n<link rel=\"canonical\" href=\"https:\/\/fuentesfidedignas.com.mx\/index.php\/2024\/03\/21\/de-manteles-largos-la-facultad-de-ciencias-fisico-matematicas-de-la-uas-al-ser-sede-de-la-olimpiada-estatal-de-fisica\/\" \/>\n<meta property=\"og:locale\" content=\"es_MX\" \/>\n<meta property=\"og:type\" content=\"article\" \/>\n<meta property=\"og:title\" content=\"De manteles largos la Facultad de Ciencias F\u00edsico Matem\u00e1ticas de la UAS, al ser sede de la Olimpiada Estatal de F\u00edsica - Fuentes Fidedignas\" \/>\n<meta property=\"og:description\" content=\"Este evento lo organiza la Sociedad Mexicana De F\u00edsica, en colaboraci\u00f3n con dicha Facultad de la UAS, con el objetivo de preseleccionar a 20 j\u00f3venes de todo el estado de Sinaloa Culiac\u00e1n, Sin.- La Facultad de Ciencias F\u00edsico Matem\u00e1ticas de la Universidad Aut\u00f3noma de Sinaloa (UAS) se viste de manteles largos al ser la sede [&hellip;]\" \/>\n<meta property=\"og:url\" content=\"https:\/\/fuentesfidedignas.com.mx\/index.php\/2024\/03\/21\/de-manteles-largos-la-facultad-de-ciencias-fisico-matematicas-de-la-uas-al-ser-sede-de-la-olimpiada-estatal-de-fisica\/\" \/>\n<meta property=\"og:site_name\" content=\"Fuentes Fidedignas\" \/>\n<meta property=\"article:publisher\" content=\"https:\/\/www.facebook.com\/Fuentes-Fidedignas-368234489921644\" \/>\n<meta property=\"article:published_time\" content=\"2024-03-22T00:56:41+00:00\" \/>\n<meta property=\"og:image\" content=\"https:\/\/fuentesfidedignas.com.mx\/wp-content\/uploads\/2024\/03\/OLIMPIADA-2.jpg\" \/>\n\t<meta property=\"og:image:width\" content=\"600\" \/>\n\t<meta property=\"og:image:height\" content=\"369\" \/>\n\t<meta property=\"og:image:type\" content=\"image\/jpeg\" \/>\n<meta name=\"author\" content=\"Redacci\u00f3n\" \/>\n<meta name=\"twitter:card\" content=\"summary_large_image\" \/>\n<meta name=\"twitter:creator\" content=\"@fidedignas\" \/>\n<meta name=\"twitter:site\" content=\"@fidedignas\" \/>\n<meta name=\"twitter:label1\" content=\"Escrito por\" \/>\n\t<meta name=\"twitter:data1\" content=\"Redacci\u00f3n\" \/>\n\t<meta name=\"twitter:label2\" content=\"Tiempo de lectura\" \/>\n\t<meta name=\"twitter:data2\" content=\"2 minutos\" \/>\n<script type=\"application\/ld+json\" class=\"yoast-schema-graph\">{\"@context\":\"https:\\\/\\\/schema.org\",\"@graph\":[{\"@type\":\"Article\",\"@id\":\"https:\\\/\\\/fuentesfidedignas.com.mx\\\/index.php\\\/2024\\\/03\\\/21\\\/de-manteles-largos-la-facultad-de-ciencias-fisico-matematicas-de-la-uas-al-ser-sede-de-la-olimpiada-estatal-de-fisica\\\/#article\",\"isPartOf\":{\"@id\":\"https:\\\/\\\/fuentesfidedignas.com.mx\\\/index.php\\\/2024\\\/03\\\/21\\\/de-manteles-largos-la-facultad-de-ciencias-fisico-matematicas-de-la-uas-al-ser-sede-de-la-olimpiada-estatal-de-fisica\\\/\"},\"author\":{\"name\":\"Redacci\u00f3n\",\"@id\":\"https:\\\/\\\/fuentesfidedignas.com.mx\\\/#\\\/schema\\\/person\\\/331be9283d37198e2acd5750279085b0\"},\"headline\":\"De manteles largos la Facultad de Ciencias F\u00edsico Matem\u00e1ticas de la UAS, al ser sede de la Olimpiada Estatal de F\u00edsica\",\"datePublished\":\"2024-03-22T00:56:41+00:00\",\"mainEntityOfPage\":{\"@id\":\"https:\\\/\\\/fuentesfidedignas.com.mx\\\/index.php\\\/2024\\\/03\\\/21\\\/de-manteles-largos-la-facultad-de-ciencias-fisico-matematicas-de-la-uas-al-ser-sede-de-la-olimpiada-estatal-de-fisica\\\/\"},\"wordCount\":298,\"commentCount\":0,\"publisher\":{\"@id\":\"https:\\\/\\\/fuentesfidedignas.com.mx\\\/#organization\"},\"image\":{\"@id\":\"https:\\\/\\\/fuentesfidedignas.com.mx\\\/index.php\\\/2024\\\/03\\\/21\\\/de-manteles-largos-la-facultad-de-ciencias-fisico-matematicas-de-la-uas-al-ser-sede-de-la-olimpiada-estatal-de-fisica\\\/#primaryimage\"},\"thumbnailUrl\":\"https:\\\/\\\/fuentesfidedignas.com.mx\\\/wp-content\\\/uploads\\\/2024\\\/03\\\/OLIMPIADA-2.jpg\",\"inLanguage\":\"es\",\"potentialAction\":[{\"@type\":\"CommentAction\",\"name\":\"Comment\",\"target\":[\"https:\\\/\\\/fuentesfidedignas.com.mx\\\/index.php\\\/2024\\\/03\\\/21\\\/de-manteles-largos-la-facultad-de-ciencias-fisico-matematicas-de-la-uas-al-ser-sede-de-la-olimpiada-estatal-de-fisica\\\/#respond\"]}]},{\"@type\":\"WebPage\",\"@id\":\"https:\\\/\\\/fuentesfidedignas.com.mx\\\/index.php\\\/2024\\\/03\\\/21\\\/de-manteles-largos-la-facultad-de-ciencias-fisico-matematicas-de-la-uas-al-ser-sede-de-la-olimpiada-estatal-de-fisica\\\/\",\"url\":\"https:\\\/\\\/fuentesfidedignas.com.mx\\\/index.php\\\/2024\\\/03\\\/21\\\/de-manteles-largos-la-facultad-de-ciencias-fisico-matematicas-de-la-uas-al-ser-sede-de-la-olimpiada-estatal-de-fisica\\\/\",\"name\":\"De manteles largos la Facultad de Ciencias F\u00edsico Matem\u00e1ticas de la UAS, al ser sede de la Olimpiada Estatal de F\u00edsica - Fuentes Fidedignas\",\"isPartOf\":{\"@id\":\"https:\\\/\\\/fuentesfidedignas.com.mx\\\/#website\"},\"primaryImageOfPage\":{\"@id\":\"https:\\\/\\\/fuentesfidedignas.com.mx\\\/index.php\\\/2024\\\/03\\\/21\\\/de-manteles-largos-la-facultad-de-ciencias-fisico-matematicas-de-la-uas-al-ser-sede-de-la-olimpiada-estatal-de-fisica\\\/#primaryimage\"},\"image\":{\"@id\":\"https:\\\/\\\/fuentesfidedignas.com.mx\\\/index.php\\\/2024\\\/03\\\/21\\\/de-manteles-largos-la-facultad-de-ciencias-fisico-matematicas-de-la-uas-al-ser-sede-de-la-olimpiada-estatal-de-fisica\\\/#primaryimage\"},\"thumbnailUrl\":\"https:\\\/\\\/fuentesfidedignas.com.mx\\\/wp-content\\\/uploads\\\/2024\\\/03\\\/OLIMPIADA-2.jpg\",\"datePublished\":\"2024-03-22T00:56:41+00:00\",\"breadcrumb\":{\"@id\":\"https:\\\/\\\/fuentesfidedignas.com.mx\\\/index.php\\\/2024\\\/03\\\/21\\\/de-manteles-largos-la-facultad-de-ciencias-fisico-matematicas-de-la-uas-al-ser-sede-de-la-olimpiada-estatal-de-fisica\\\/#breadcrumb\"},\"inLanguage\":\"es\",\"potentialAction\":[{\"@type\":\"ReadAction\",\"target\":[\"https:\\\/\\\/fuentesfidedignas.com.mx\\\/index.php\\\/2024\\\/03\\\/21\\\/de-manteles-largos-la-facultad-de-ciencias-fisico-matematicas-de-la-uas-al-ser-sede-de-la-olimpiada-estatal-de-fisica\\\/\"]}]},{\"@type\":\"ImageObject\",\"inLanguage\":\"es\",\"@id\":\"https:\\\/\\\/fuentesfidedignas.com.mx\\\/index.php\\\/2024\\\/03\\\/21\\\/de-manteles-largos-la-facultad-de-ciencias-fisico-matematicas-de-la-uas-al-ser-sede-de-la-olimpiada-estatal-de-fisica\\\/#primaryimage\",\"url\":\"https:\\\/\\\/fuentesfidedignas.com.mx\\\/wp-content\\\/uploads\\\/2024\\\/03\\\/OLIMPIADA-2.jpg\",\"contentUrl\":\"https:\\\/\\\/fuentesfidedignas.com.mx\\\/wp-content\\\/uploads\\\/2024\\\/03\\\/OLIMPIADA-2.jpg\",\"width\":600,\"height\":369},{\"@type\":\"BreadcrumbList\",\"@id\":\"https:\\\/\\\/fuentesfidedignas.com.mx\\\/index.php\\\/2024\\\/03\\\/21\\\/de-manteles-largos-la-facultad-de-ciencias-fisico-matematicas-de-la-uas-al-ser-sede-de-la-olimpiada-estatal-de-fisica\\\/#breadcrumb\",\"itemListElement\":[{\"@type\":\"ListItem\",\"position\":1,\"name\":\"Inicio\",\"item\":\"https:\\\/\\\/fuentesfidedignas.com.mx\\\/\"},{\"@type\":\"ListItem\",\"position\":2,\"name\":\"De manteles largos la Facultad de Ciencias F\u00edsico Matem\u00e1ticas de la UAS, al ser sede de la Olimpiada Estatal de F\u00edsica\"}]},{\"@type\":\"WebSite\",\"@id\":\"https:\\\/\\\/fuentesfidedignas.com.mx\\\/#website\",\"url\":\"https:\\\/\\\/fuentesfidedignas.com.mx\\\/\",\"name\":\"Fuentes Fidedignas\",\"description\":\"Otro sitio realizado con WordPress\",\"publisher\":{\"@id\":\"https:\\\/\\\/fuentesfidedignas.com.mx\\\/#organization\"},\"potentialAction\":[{\"@type\":\"SearchAction\",\"target\":{\"@type\":\"EntryPoint\",\"urlTemplate\":\"https:\\\/\\\/fuentesfidedignas.com.mx\\\/?s={search_term_string}\"},\"query-input\":{\"@type\":\"PropertyValueSpecification\",\"valueRequired\":true,\"valueName\":\"search_term_string\"}}],\"inLanguage\":\"es\"},{\"@type\":\"Organization\",\"@id\":\"https:\\\/\\\/fuentesfidedignas.com.mx\\\/#organization\",\"name\":\"Fuentes Fidedignas\",\"url\":\"https:\\\/\\\/fuentesfidedignas.com.mx\\\/\",\"logo\":{\"@type\":\"ImageObject\",\"inLanguage\":\"es\",\"@id\":\"https:\\\/\\\/fuentesfidedignas.com.mx\\\/#\\\/schema\\\/logo\\\/image\\\/\",\"url\":\"https:\\\/\\\/fuentesfidedignas.com.mx\\\/wp-content\\\/uploads\\\/2021\\\/04\\\/logo-retina.png\",\"contentUrl\":\"https:\\\/\\\/fuentesfidedignas.com.mx\\\/wp-content\\\/uploads\\\/2021\\\/04\\\/logo-retina.png\",\"width\":280,\"height\":51,\"caption\":\"Fuentes Fidedignas\"},\"image\":{\"@id\":\"https:\\\/\\\/fuentesfidedignas.com.mx\\\/#\\\/schema\\\/logo\\\/image\\\/\"},\"sameAs\":[\"https:\\\/\\\/www.facebook.com\\\/Fuentes-Fidedignas-368234489921644\",\"https:\\\/\\\/x.com\\\/fidedignas\"]},{\"@type\":\"Person\",\"@id\":\"https:\\\/\\\/fuentesfidedignas.com.mx\\\/#\\\/schema\\\/person\\\/331be9283d37198e2acd5750279085b0\",\"name\":\"Redacci\u00f3n\",\"image\":{\"@type\":\"ImageObject\",\"inLanguage\":\"es\",\"@id\":\"https:\\\/\\\/secure.gravatar.com\\\/avatar\\\/f6d8782c11d12b2d4ad3fbb6931aeab5309937a4d6cd2fc9cfaa28a6396a5aec?s=96&d=mm&r=g\",\"url\":\"https:\\\/\\\/secure.gravatar.com\\\/avatar\\\/f6d8782c11d12b2d4ad3fbb6931aeab5309937a4d6cd2fc9cfaa28a6396a5aec?s=96&d=mm&r=g\",\"contentUrl\":\"https:\\\/\\\/secure.gravatar.com\\\/avatar\\\/f6d8782c11d12b2d4ad3fbb6931aeab5309937a4d6cd2fc9cfaa28a6396a5aec?s=96&d=mm&r=g\",\"caption\":\"Redacci\u00f3n\"},\"url\":\"https:\\\/\\\/fuentesfidedignas.com.mx\\\/index.php\\\/author\\\/redaccion\\\/\"}]}<\/script>\n<!-- \/ Yoast SEO plugin. -->","yoast_head_json":{"title":"De manteles largos la Facultad de Ciencias F\u00edsico Matem\u00e1ticas de la UAS, al ser sede de la Olimpiada Estatal de F\u00edsica - Fuentes Fidedignas","robots":{"index":"index","follow":"follow","max-snippet":"max-snippet:-1","max-image-preview":"max-image-preview:large","max-video-preview":"max-video-preview:-1"},"canonical":"https:\/\/fuentesfidedignas.com.mx\/index.php\/2024\/03\/21\/de-manteles-largos-la-facultad-de-ciencias-fisico-matematicas-de-la-uas-al-ser-sede-de-la-olimpiada-estatal-de-fisica\/","og_locale":"es_MX","og_type":"article","og_title":"De manteles largos la Facultad de Ciencias F\u00edsico Matem\u00e1ticas de la UAS, al ser sede de la Olimpiada Estatal de F\u00edsica - Fuentes Fidedignas","og_description":"Este evento lo organiza la Sociedad Mexicana De F\u00edsica, en colaboraci\u00f3n con dicha Facultad de la UAS, con el objetivo de preseleccionar a 20 j\u00f3venes de todo el estado de Sinaloa Culiac\u00e1n, Sin.- La Facultad de Ciencias F\u00edsico Matem\u00e1ticas de la Universidad Aut\u00f3noma de Sinaloa (UAS) se viste de manteles largos al ser la sede [&hellip;]","og_url":"https:\/\/fuentesfidedignas.com.mx\/index.php\/2024\/03\/21\/de-manteles-largos-la-facultad-de-ciencias-fisico-matematicas-de-la-uas-al-ser-sede-de-la-olimpiada-estatal-de-fisica\/","og_site_name":"Fuentes Fidedignas","article_publisher":"https:\/\/www.facebook.com\/Fuentes-Fidedignas-368234489921644","article_published_time":"2024-03-22T00:56:41+00:00","og_image":[{"width":600,"height":369,"url":"https:\/\/fuentesfidedignas.com.mx\/wp-content\/uploads\/2024\/03\/OLIMPIADA-2.jpg","type":"image\/jpeg"}],"author":"Redacci\u00f3n","twitter_card":"summary_large_image","twitter_creator":"@fidedignas","twitter_site":"@fidedignas","twitter_misc":{"Escrito por":"Redacci\u00f3n","Tiempo de lectura":"2 minutos"},"schema":{"@context":"https:\/\/schema.org","@graph":[{"@type":"Article","@id":"https:\/\/fuentesfidedignas.com.mx\/index.php\/2024\/03\/21\/de-manteles-largos-la-facultad-de-ciencias-fisico-matematicas-de-la-uas-al-ser-sede-de-la-olimpiada-estatal-de-fisica\/#article","isPartOf":{"@id":"https:\/\/fuentesfidedignas.com.mx\/index.php\/2024\/03\/21\/de-manteles-largos-la-facultad-de-ciencias-fisico-matematicas-de-la-uas-al-ser-sede-de-la-olimpiada-estatal-de-fisica\/"},"author":{"name":"Redacci\u00f3n","@id":"https:\/\/fuentesfidedignas.com.mx\/#\/schema\/person\/331be9283d37198e2acd5750279085b0"},"headline":"De manteles largos la Facultad de Ciencias F\u00edsico Matem\u00e1ticas de la UAS, al ser sede de la Olimpiada Estatal de F\u00edsica","datePublished":"2024-03-22T00:56:41+00:00","mainEntityOfPage":{"@id":"https:\/\/fuentesfidedignas.com.mx\/index.php\/2024\/03\/21\/de-manteles-largos-la-facultad-de-ciencias-fisico-matematicas-de-la-uas-al-ser-sede-de-la-olimpiada-estatal-de-fisica\/"},"wordCount":298,"commentCount":0,"publisher":{"@id":"https:\/\/fuentesfidedignas.com.mx\/#organization"},"image":{"@id":"https:\/\/fuentesfidedignas.com.mx\/index.php\/2024\/03\/21\/de-manteles-largos-la-facultad-de-ciencias-fisico-matematicas-de-la-uas-al-ser-sede-de-la-olimpiada-estatal-de-fisica\/#primaryimage"},"thumbnailUrl":"https:\/\/fuentesfidedignas.com.mx\/wp-content\/uploads\/2024\/03\/OLIMPIADA-2.jpg","inLanguage":"es","potentialAction":[{"@type":"CommentAction","name":"Comment","target":["https:\/\/fuentesfidedignas.com.mx\/index.php\/2024\/03\/21\/de-manteles-largos-la-facultad-de-ciencias-fisico-matematicas-de-la-uas-al-ser-sede-de-la-olimpiada-estatal-de-fisica\/#respond"]}]},{"@type":"WebPage","@id":"https:\/\/fuentesfidedignas.com.mx\/index.php\/2024\/03\/21\/de-manteles-largos-la-facultad-de-ciencias-fisico-matematicas-de-la-uas-al-ser-sede-de-la-olimpiada-estatal-de-fisica\/","url":"https:\/\/fuentesfidedignas.com.mx\/index.php\/2024\/03\/21\/de-manteles-largos-la-facultad-de-ciencias-fisico-matematicas-de-la-uas-al-ser-sede-de-la-olimpiada-estatal-de-fisica\/","name":"De manteles largos la Facultad de Ciencias F\u00edsico Matem\u00e1ticas de la UAS, al ser sede de la Olimpiada Estatal de F\u00edsica - Fuentes Fidedignas","isPartOf":{"@id":"https:\/\/fuentesfidedignas.com.mx\/#website"},"primaryImageOfPage":{"@id":"https:\/\/fuentesfidedignas.com.mx\/index.php\/2024\/03\/21\/de-manteles-largos-la-facultad-de-ciencias-fisico-matematicas-de-la-uas-al-ser-sede-de-la-olimpiada-estatal-de-fisica\/#primaryimage"},"image":{"@id":"https:\/\/fuentesfidedignas.com.mx\/index.php\/2024\/03\/21\/de-manteles-largos-la-facultad-de-ciencias-fisico-matematicas-de-la-uas-al-ser-sede-de-la-olimpiada-estatal-de-fisica\/#primaryimage"},"thumbnailUrl":"https:\/\/fuentesfidedignas.com.mx\/wp-content\/uploads\/2024\/03\/OLIMPIADA-2.jpg","datePublished":"2024-03-22T00:56:41+00:00","breadcrumb":{"@id":"https:\/\/fuentesfidedignas.com.mx\/index.php\/2024\/03\/21\/de-manteles-largos-la-facultad-de-ciencias-fisico-matematicas-de-la-uas-al-ser-sede-de-la-olimpiada-estatal-de-fisica\/#breadcrumb"},"inLanguage":"es","potentialAction":[{"@type":"ReadAction","target":["https:\/\/fuentesfidedignas.com.mx\/index.php\/2024\/03\/21\/de-manteles-largos-la-facultad-de-ciencias-fisico-matematicas-de-la-uas-al-ser-sede-de-la-olimpiada-estatal-de-fisica\/"]}]},{"@type":"ImageObject","inLanguage":"es","@id":"https:\/\/fuentesfidedignas.com.mx\/index.php\/2024\/03\/21\/de-manteles-largos-la-facultad-de-ciencias-fisico-matematicas-de-la-uas-al-ser-sede-de-la-olimpiada-estatal-de-fisica\/#primaryimage","url":"https:\/\/fuentesfidedignas.com.mx\/wp-content\/uploads\/2024\/03\/OLIMPIADA-2.jpg","contentUrl":"https:\/\/fuentesfidedignas.com.mx\/wp-content\/uploads\/2024\/03\/OLIMPIADA-2.jpg","width":600,"height":369},{"@type":"BreadcrumbList","@id":"https:\/\/fuentesfidedignas.com.mx\/index.php\/2024\/03\/21\/de-manteles-largos-la-facultad-de-ciencias-fisico-matematicas-de-la-uas-al-ser-sede-de-la-olimpiada-estatal-de-fisica\/#breadcrumb","itemListElement":[{"@type":"ListItem","position":1,"name":"Inicio","item":"https:\/\/fuentesfidedignas.com.mx\/"},{"@type":"ListItem","position":2,"name":"De manteles largos la Facultad de Ciencias F\u00edsico Matem\u00e1ticas de la UAS, al ser sede de la Olimpiada Estatal de F\u00edsica"}]},{"@type":"WebSite","@id":"https:\/\/fuentesfidedignas.com.mx\/#website","url":"https:\/\/fuentesfidedignas.com.mx\/","name":"Fuentes Fidedignas","description":"Otro sitio realizado con WordPress","publisher":{"@id":"https:\/\/fuentesfidedignas.com.mx\/#organization"},"potentialAction":[{"@type":"SearchAction","target":{"@type":"EntryPoint","urlTemplate":"https:\/\/fuentesfidedignas.com.mx\/?s={search_term_string}"},"query-input":{"@type":"PropertyValueSpecification","valueRequired":true,"valueName":"search_term_string"}}],"inLanguage":"es"},{"@type":"Organization","@id":"https:\/\/fuentesfidedignas.com.mx\/#organization","name":"Fuentes Fidedignas","url":"https:\/\/fuentesfidedignas.com.mx\/","logo":{"@type":"ImageObject","inLanguage":"es","@id":"https:\/\/fuentesfidedignas.com.mx\/#\/schema\/logo\/image\/","url":"https:\/\/fuentesfidedignas.com.mx\/wp-content\/uploads\/2021\/04\/logo-retina.png","contentUrl":"https:\/\/fuentesfidedignas.com.mx\/wp-content\/uploads\/2021\/04\/logo-retina.png","width":280,"height":51,"caption":"Fuentes Fidedignas"},"image":{"@id":"https:\/\/fuentesfidedignas.com.mx\/#\/schema\/logo\/image\/"},"sameAs":["https:\/\/www.facebook.com\/Fuentes-Fidedignas-368234489921644","https:\/\/x.com\/fidedignas"]},{"@type":"Person","@id":"https:\/\/fuentesfidedignas.com.mx\/#\/schema\/person\/331be9283d37198e2acd5750279085b0","name":"Redacci\u00f3n","image":{"@type":"ImageObject","inLanguage":"es","@id":"https:\/\/secure.gravatar.com\/avatar\/f6d8782c11d12b2d4ad3fbb6931aeab5309937a4d6cd2fc9cfaa28a6396a5aec?s=96&d=mm&r=g","url":"https:\/\/secure.gravatar.com\/avatar\/f6d8782c11d12b2d4ad3fbb6931aeab5309937a4d6cd2fc9cfaa28a6396a5aec?s=96&d=mm&r=g","contentUrl":"https:\/\/secure.gravatar.com\/avatar\/f6d8782c11d12b2d4ad3fbb6931aeab5309937a4d6cd2fc9cfaa28a6396a5aec?s=96&d=mm&r=g","caption":"Redacci\u00f3n"},"url":"https:\/\/fuentesfidedignas.com.mx\/index.php\/author\/redaccion\/"}]}},"_links":{"self":[{"href":"https:\/\/fuentesfidedignas.com.mx\/index.php\/wp-json\/wp\/v2\/posts\/77526","targetHints":{"allow":["GET"]}}],"collection":[{"href":"https:\/\/fuentesfidedignas.com.mx\/index.php\/wp-json\/wp\/v2\/posts"}],"about":[{"href":"https:\/\/fuentesfidedignas.com.mx\/index.php\/wp-json\/wp\/v2\/types\/post"}],"author":[{"embeddable":true,"href":"https:\/\/fuentesfidedignas.com.mx\/index.php\/wp-json\/wp\/v2\/users\/4"}],"replies":[{"embeddable":true,"href":"https:\/\/fuentesfidedignas.com.mx\/index.php\/wp-json\/wp\/v2\/comments?post=77526"}],"version-history":[{"count":1,"href":"https:\/\/fuentesfidedignas.com.mx\/index.php\/wp-json\/wp\/v2\/posts\/77526\/revisions"}],"predecessor-version":[{"id":77528,"href":"https:\/\/fuentesfidedignas.com.mx\/index.php\/wp-json\/wp\/v2\/posts\/77526\/revisions\/77528"}],"wp:featuredmedia":[{"embeddable":true,"href":"https:\/\/fuentesfidedignas.com.mx\/index.php\/wp-json\/wp\/v2\/media\/77527"}],"wp:attachment":[{"href":"https:\/\/fuentesfidedignas.com.mx\/index.php\/wp-json\/wp\/v2\/media?parent=77526"}],"wp:term":[{"taxonomy":"category","embeddable":true,"href":"https:\/\/fuentesfidedignas.com.mx\/index.php\/wp-json\/wp\/v2\/categories?post=77526"},{"taxonomy":"post_tag","embeddable":true,"href":"https:\/\/fuentesfidedignas.com.mx\/index.php\/wp-json\/wp\/v2\/tags?post=77526"}],"curies":[{"name":"wp","href":"https:\/\/api.w.org\/{rel}","templated":true}]}}