{"id":77359,"date":"2024-03-20T07:41:09","date_gmt":"2024-03-20T14:41:09","guid":{"rendered":"https:\/\/fuentesfidedignas.com.mx\/?p=77359"},"modified":"2024-03-20T07:41:09","modified_gmt":"2024-03-20T14:41:09","slug":"audiencia-de-barcelona-deja-en-libertad-a-dani-alves-bajo-fianza-de-un-millon-de-euros","status":"publish","type":"post","link":"https:\/\/fuentesfidedignas.com.mx\/index.php\/2024\/03\/20\/audiencia-de-barcelona-deja-en-libertad-a-dani-alves-bajo-fianza-de-un-millon-de-euros\/","title":{"rendered":"Audiencia de Barcelona deja en libertad a Dani Alves bajo fianza de un mill\u00f3n de euros"},"content":{"rendered":"\n<p><strong><em>La Audiencia de Barcelona permite a Alves salir de la c\u00e1rcel si paga la fianza, con la obligaci\u00f3n de entregar sus dos pasaportes<\/em><\/strong><\/p>\n\n\n\n<p>La Audiencia de Barcelona ha acordado dejar en libertad provisional a Dani Alves, exjugador del Barcelona, bajo fianza de un mill\u00f3n de euros, a la espera de que sea firme la sentencia que lo conden\u00f3 a cuatro a\u00f1os y medio de c\u00e1rcel por violar a una joven en una discoteca.<\/p>\n\n\n\n<p>En un auto, que cuenta con el voto particular de un magistrado partidario de mantener al futbolista en la c\u00e1rcel, la Audiencia de Barcelona permite a Alves salir de la c\u00e1rcel si paga la fianza, con la obligaci\u00f3n de entregar sus dos pasaportes -espa\u00f1ol y brasile\u00f1o-, no salir de Espa\u00f1a y comparecer semanalmente ante el tribunal.<\/p>\n\n\n\n<p>El auto tambi\u00e9n proh\u00edbe al futbolista acercarse a menos de mil metros del domicilio de la v\u00edctima, su lugar de trabajo y cualquier otro lugar que pueda frecuentar, as\u00ed como comunicarse con ella por cualquier medio.<\/p>\n\n\n\n<p>Tras recibir la resoluci\u00f3n de la Audiencia, la defensa del internacional brasile\u00f1o est\u00e1 tratando de reunir el mill\u00f3n de euros que le exige el tribunal: no podr\u00e1 salir de prisi\u00f3n hasta que lo deposite en la cuenta del juzgado y se dicte un nuevo auto que acuerde su libertad provisional.<\/p>\n\n\n\n<p><strong>Riesgo de fuga aminorado<\/strong><br>La secci\u00f3n 21\u00aa de la Audiencia de Barcelona celebr\u00f3 ayer una audiencia para resolver la petici\u00f3n de Alves de salir en libertad, a lo que se opusieron la Fiscal\u00eda y la acusaci\u00f3n particular, por entender que persiste el riesgo de fuga dada su elevada capacidad econ\u00f3mica.<\/p>\n\n\n\n<p>La defensa del deportista solicit\u00f3 que fuera excarcelado, mientras el Tribunal Superior de Justicia de Catalu\u00f1a (TSJC) resuelve los recursos contra la sentencia que lo conden\u00f3 a cuatro a\u00f1os y medio de c\u00e1rcel por violar a una joven en el ba\u00f1o de la discoteca Sutton de Barcelona la noche del 30 de enero de 2022.<\/p>\n\n\n\n<p>En su auto, la Audiencia razona que, tras la condena a cuatro a\u00f1os y medio de c\u00e1rcel impuesta al acusado, se ha \u201caminorado\u201d el riesgo de fuga vinculado a la gravedad de la pena y, aunque admite que \u201cpersiste\u201d cierto peligro, este puede ser \u201ccontrarrestado\u201d con otras medidas, como la fianza impuesta y la prohibici\u00f3n de salir de Espa\u00f1a.<\/p>\n\n\n\n<p>Otro de los elementos que la sala ha tenido en cuenta para dejar a Alves en libertad bajo fianza es que \u201cla pena impuesta se ha reducido de forma ostensible\u201d en relaci\u00f3n con las que ped\u00edan las acusaciones -de nueve a doce a\u00f1os de c\u00e1rcel- y que lleva ya 14 meses en prisi\u00f3n preventiva.<\/p>\n\n\n\n<p>A lo sumo, aduce el tribunal, se le podr\u00eda prorrogar la prisi\u00f3n provisional hasta una vez cumplida la mitad de la condena, pero \u201cdif\u00edcilmente\u201d habr\u00e1 sentencia firme en ese per\u00edodo, advierte.<\/p>\n\n\n\n<p>Seg\u00fan la sala, el condenado, que en la vista de ayer intervino por videconferencia ante el tribunal para garantizar que no huir\u00eda si quedaba libre, \u201cha expresado su firme prop\u00f3sito de permanecer en todo momento a disposici\u00f3n del tribunal\u201d, como \u201cha hecho desde el inicio del procedimiento\u201d.<\/p>\n\n\n\n<p>En ese sentido, los magistrados recuerdan que Alves viaj\u00f3 a Espa\u00f1a, donde actualmente tiene fijado su domicilio, y se entreg\u00f3 \u201cvoluntariamente\u201d a las autoridades cuando supo que se le investigaba por violaci\u00f3n.<\/p>\n\n\n\n<p>Tras recordar que el objetivo de la prisi\u00f3n provisional \u201cno puede ser en ning\u00fan caso adelantar los efectos de una hipot\u00e9tica pena\u201d porque ello vulnerar\u00eda la Constituci\u00f3n, el tribunal argumenta que una medida tan gravosa debe ser revisada, una vez dictada sentencia en primera instancia.<\/p>\n\n\n\n<p>Cada escenario exige de su propia valoraci\u00f3n y exige asimismo la constataci\u00f3n del mantenimiento o, por el contrario, la valoraci\u00f3n de las circunstancias\u201d, sostiene la sala, que se remite a una sentencia del Constitucional que establece que el tiempo debe ser considerado \u201cfactor mitigador\u201d al acordar una prisi\u00f3n preventiva.<\/p>\n\n\n\n<p><strong>Uno de los tres jueces: el riesgo de fuga se refuerza<\/strong><br>Uno de los tres magistrados de la sala ha discrepado del criterio de la mayor\u00eda y ha emitido un voto particular en el que considera que se deber\u00eda mantener a Alves en la c\u00e1rcel, porque el riesgo de fuga \u201cno solamente se han confirmado, sino que se ha reforzado\u201d con la condena y la posibilidad de que esta aumente cuando se resuelvan los recursos.<\/p>\n\n\n\n<p>En su voto particular, el magistrado Luis Belest\u00e1 expone que el \u201chorizonte punitivo\u201d que ten\u00eda Alves cuando entr\u00f3 en prisi\u00f3n preventiva no ha variado, puesto que las acusaciones contin\u00faan solicitando para \u00e9l en sus recursos entre 9 y 12 a\u00f1os de c\u00e1rcel.<\/p>\n\n\n\n<p>Tambi\u00e9n argumenta que Alves \u201csigue teniendo una gran capacidad econ\u00f3mica\u201d -solo su casa en Esplugues fue comprada por cinco millones de euros, detalla-, y que el mill\u00f3n de euros impuesto como fianza es la cantidad que percibe mensualmente un futbolista de alto nivel.<\/p>\n\n\n\n<p>Adem\u00e1s, apunta que \u201csu entorno personal, familiar y de amistades, estas \u00faltimas de elevado poder adquisitivo\u201d, hacen viable que le faciliten la salida de Espa\u00f1a, incluso renunciado al mill\u00f3n de euros depositado como fianza.<\/p>\n\n\n\n<p>Por ello, recuerda que Brasil no entrega a sus nacionales a otro pa\u00eds sin tratado de extradici\u00f3n y que la experiencia demuestra la \u201cfacilidad con que cualquier persona puede eludir los controles fronterizos para colocarse en situaci\u00f3n de ignorado paradero\u201d, incluso sin pasaportes.<\/p>\n\n\n\n<p>El voto particular aduce adem\u00e1s que la funci\u00f3n de los jueces quedar\u00eda \u201cirremediablemente da\u00f1ada\u201d si no pudiera ejecutarse la sentencia, tras la \u201cingente\u201d labor de investigaci\u00f3n del caso y la \u201cdoble victimizaci\u00f3n\u201d sufrida por la v\u00edctima, y advierte de que el futbolista no ha sido sometido a un tratamiento de rehabilitaci\u00f3n que garantice que no vuelva a delinquir.<\/p>\n","protected":false},"excerpt":{"rendered":"<p>La Audiencia de Barcelona permite a Alves salir de la c\u00e1rcel si paga la fianza, con la obligaci\u00f3n de entregar sus dos pasaportes La Audiencia de Barcelona ha acordado dejar en libertad provisional a Dani Alves, exjugador del Barcelona, bajo fianza de un mill\u00f3n de euros, a la espera de que sea firme la sentencia [&hellip;]<\/p>\n","protected":false},"author":47,"featured_media":77360,"comment_status":"open","ping_status":"open","sticky":false,"template":"","format":"standard","meta":{"tdm_status":"","tdm_grid_status":"","footnotes":""},"categories":[39],"tags":[],"class_list":{"0":"post-77359","1":"post","2":"type-post","3":"status-publish","4":"format-standard","5":"has-post-thumbnail","7":"category-noticias-nacionales"},"yoast_head":"<!-- This site is optimized with the Yoast SEO plugin v27.5 - https:\/\/yoast.com\/product\/yoast-seo-wordpress\/ -->\n<title>Audiencia de Barcelona deja en libertad a Dani Alves bajo fianza de un mill\u00f3n de euros - Fuentes Fidedignas<\/title>\n<meta name=\"robots\" content=\"index, follow, max-snippet:-1, max-image-preview:large, max-video-preview:-1\" \/>\n<link rel=\"canonical\" href=\"https:\/\/fuentesfidedignas.com.mx\/index.php\/2024\/03\/20\/audiencia-de-barcelona-deja-en-libertad-a-dani-alves-bajo-fianza-de-un-millon-de-euros\/\" \/>\n<meta property=\"og:locale\" content=\"es_MX\" \/>\n<meta property=\"og:type\" content=\"article\" \/>\n<meta property=\"og:title\" content=\"Audiencia de Barcelona deja en libertad a Dani Alves bajo fianza de un mill\u00f3n de euros - Fuentes Fidedignas\" \/>\n<meta property=\"og:description\" content=\"La Audiencia de Barcelona permite a Alves salir de la c\u00e1rcel si paga la fianza, con la obligaci\u00f3n de entregar sus dos pasaportes La Audiencia de Barcelona ha acordado dejar en libertad provisional a Dani Alves, exjugador del Barcelona, bajo fianza de un mill\u00f3n de euros, a la espera de que sea firme la sentencia [&hellip;]\" \/>\n<meta property=\"og:url\" content=\"https:\/\/fuentesfidedignas.com.mx\/index.php\/2024\/03\/20\/audiencia-de-barcelona-deja-en-libertad-a-dani-alves-bajo-fianza-de-un-millon-de-euros\/\" \/>\n<meta property=\"og:site_name\" content=\"Fuentes Fidedignas\" \/>\n<meta property=\"article:publisher\" content=\"https:\/\/www.facebook.com\/Fuentes-Fidedignas-368234489921644\" \/>\n<meta property=\"article:published_time\" content=\"2024-03-20T14:41:09+00:00\" \/>\n<meta property=\"og:image\" content=\"https:\/\/fuentesfidedignas.com.mx\/wp-content\/uploads\/2024\/03\/dani-alves-juicio-violacion-barcelona.jpg\" \/>\n\t<meta property=\"og:image:width\" content=\"600\" \/>\n\t<meta property=\"og:image:height\" content=\"400\" \/>\n\t<meta property=\"og:image:type\" content=\"image\/jpeg\" \/>\n<meta name=\"author\" content=\"L\u00f3pez D\u00f3riga\" \/>\n<meta name=\"twitter:card\" content=\"summary_large_image\" \/>\n<meta name=\"twitter:creator\" content=\"@fidedignas\" \/>\n<meta name=\"twitter:site\" content=\"@fidedignas\" \/>\n<meta name=\"twitter:label1\" content=\"Escrito por\" \/>\n\t<meta name=\"twitter:data1\" content=\"L\u00f3pez D\u00f3riga\" \/>\n\t<meta name=\"twitter:label2\" content=\"Tiempo de lectura\" \/>\n\t<meta name=\"twitter:data2\" content=\"5 minutos\" \/>\n<script type=\"application\/ld+json\" class=\"yoast-schema-graph\">{\"@context\":\"https:\\\/\\\/schema.org\",\"@graph\":[{\"@type\":\"Article\",\"@id\":\"https:\\\/\\\/fuentesfidedignas.com.mx\\\/index.php\\\/2024\\\/03\\\/20\\\/audiencia-de-barcelona-deja-en-libertad-a-dani-alves-bajo-fianza-de-un-millon-de-euros\\\/#article\",\"isPartOf\":{\"@id\":\"https:\\\/\\\/fuentesfidedignas.com.mx\\\/index.php\\\/2024\\\/03\\\/20\\\/audiencia-de-barcelona-deja-en-libertad-a-dani-alves-bajo-fianza-de-un-millon-de-euros\\\/\"},\"author\":{\"name\":\"L\u00f3pez D\u00f3riga\",\"@id\":\"https:\\\/\\\/fuentesfidedignas.com.mx\\\/#\\\/schema\\\/person\\\/67d852f0557c8509146a4b9ddebd543a\"},\"headline\":\"Audiencia de Barcelona deja en libertad a Dani Alves bajo fianza de un mill\u00f3n de euros\",\"datePublished\":\"2024-03-20T14:41:09+00:00\",\"mainEntityOfPage\":{\"@id\":\"https:\\\/\\\/fuentesfidedignas.com.mx\\\/index.php\\\/2024\\\/03\\\/20\\\/audiencia-de-barcelona-deja-en-libertad-a-dani-alves-bajo-fianza-de-un-millon-de-euros\\\/\"},\"wordCount\":1023,\"commentCount\":0,\"publisher\":{\"@id\":\"https:\\\/\\\/fuentesfidedignas.com.mx\\\/#organization\"},\"image\":{\"@id\":\"https:\\\/\\\/fuentesfidedignas.com.mx\\\/index.php\\\/2024\\\/03\\\/20\\\/audiencia-de-barcelona-deja-en-libertad-a-dani-alves-bajo-fianza-de-un-millon-de-euros\\\/#primaryimage\"},\"thumbnailUrl\":\"https:\\\/\\\/fuentesfidedignas.com.mx\\\/wp-content\\\/uploads\\\/2024\\\/03\\\/dani-alves-juicio-violacion-barcelona.jpg\",\"articleSection\":[\"NOTICIAS NACIONALES\"],\"inLanguage\":\"es\",\"potentialAction\":[{\"@type\":\"CommentAction\",\"name\":\"Comment\",\"target\":[\"https:\\\/\\\/fuentesfidedignas.com.mx\\\/index.php\\\/2024\\\/03\\\/20\\\/audiencia-de-barcelona-deja-en-libertad-a-dani-alves-bajo-fianza-de-un-millon-de-euros\\\/#respond\"]}]},{\"@type\":\"WebPage\",\"@id\":\"https:\\\/\\\/fuentesfidedignas.com.mx\\\/index.php\\\/2024\\\/03\\\/20\\\/audiencia-de-barcelona-deja-en-libertad-a-dani-alves-bajo-fianza-de-un-millon-de-euros\\\/\",\"url\":\"https:\\\/\\\/fuentesfidedignas.com.mx\\\/index.php\\\/2024\\\/03\\\/20\\\/audiencia-de-barcelona-deja-en-libertad-a-dani-alves-bajo-fianza-de-un-millon-de-euros\\\/\",\"name\":\"Audiencia de Barcelona deja en libertad a Dani Alves bajo fianza de un mill\u00f3n de euros - Fuentes Fidedignas\",\"isPartOf\":{\"@id\":\"https:\\\/\\\/fuentesfidedignas.com.mx\\\/#website\"},\"primaryImageOfPage\":{\"@id\":\"https:\\\/\\\/fuentesfidedignas.com.mx\\\/index.php\\\/2024\\\/03\\\/20\\\/audiencia-de-barcelona-deja-en-libertad-a-dani-alves-bajo-fianza-de-un-millon-de-euros\\\/#primaryimage\"},\"image\":{\"@id\":\"https:\\\/\\\/fuentesfidedignas.com.mx\\\/index.php\\\/2024\\\/03\\\/20\\\/audiencia-de-barcelona-deja-en-libertad-a-dani-alves-bajo-fianza-de-un-millon-de-euros\\\/#primaryimage\"},\"thumbnailUrl\":\"https:\\\/\\\/fuentesfidedignas.com.mx\\\/wp-content\\\/uploads\\\/2024\\\/03\\\/dani-alves-juicio-violacion-barcelona.jpg\",\"datePublished\":\"2024-03-20T14:41:09+00:00\",\"breadcrumb\":{\"@id\":\"https:\\\/\\\/fuentesfidedignas.com.mx\\\/index.php\\\/2024\\\/03\\\/20\\\/audiencia-de-barcelona-deja-en-libertad-a-dani-alves-bajo-fianza-de-un-millon-de-euros\\\/#breadcrumb\"},\"inLanguage\":\"es\",\"potentialAction\":[{\"@type\":\"ReadAction\",\"target\":[\"https:\\\/\\\/fuentesfidedignas.com.mx\\\/index.php\\\/2024\\\/03\\\/20\\\/audiencia-de-barcelona-deja-en-libertad-a-dani-alves-bajo-fianza-de-un-millon-de-euros\\\/\"]}]},{\"@type\":\"ImageObject\",\"inLanguage\":\"es\",\"@id\":\"https:\\\/\\\/fuentesfidedignas.com.mx\\\/index.php\\\/2024\\\/03\\\/20\\\/audiencia-de-barcelona-deja-en-libertad-a-dani-alves-bajo-fianza-de-un-millon-de-euros\\\/#primaryimage\",\"url\":\"https:\\\/\\\/fuentesfidedignas.com.mx\\\/wp-content\\\/uploads\\\/2024\\\/03\\\/dani-alves-juicio-violacion-barcelona.jpg\",\"contentUrl\":\"https:\\\/\\\/fuentesfidedignas.com.mx\\\/wp-content\\\/uploads\\\/2024\\\/03\\\/dani-alves-juicio-violacion-barcelona.jpg\",\"width\":600,\"height\":400},{\"@type\":\"BreadcrumbList\",\"@id\":\"https:\\\/\\\/fuentesfidedignas.com.mx\\\/index.php\\\/2024\\\/03\\\/20\\\/audiencia-de-barcelona-deja-en-libertad-a-dani-alves-bajo-fianza-de-un-millon-de-euros\\\/#breadcrumb\",\"itemListElement\":[{\"@type\":\"ListItem\",\"position\":1,\"name\":\"Inicio\",\"item\":\"https:\\\/\\\/fuentesfidedignas.com.mx\\\/\"},{\"@type\":\"ListItem\",\"position\":2,\"name\":\"Audiencia de Barcelona deja en libertad a Dani Alves bajo fianza de un mill\u00f3n de euros\"}]},{\"@type\":\"WebSite\",\"@id\":\"https:\\\/\\\/fuentesfidedignas.com.mx\\\/#website\",\"url\":\"https:\\\/\\\/fuentesfidedignas.com.mx\\\/\",\"name\":\"Fuentes Fidedignas\",\"description\":\"Otro sitio realizado con WordPress\",\"publisher\":{\"@id\":\"https:\\\/\\\/fuentesfidedignas.com.mx\\\/#organization\"},\"potentialAction\":[{\"@type\":\"SearchAction\",\"target\":{\"@type\":\"EntryPoint\",\"urlTemplate\":\"https:\\\/\\\/fuentesfidedignas.com.mx\\\/?s={search_term_string}\"},\"query-input\":{\"@type\":\"PropertyValueSpecification\",\"valueRequired\":true,\"valueName\":\"search_term_string\"}}],\"inLanguage\":\"es\"},{\"@type\":\"Organization\",\"@id\":\"https:\\\/\\\/fuentesfidedignas.com.mx\\\/#organization\",\"name\":\"Fuentes Fidedignas\",\"url\":\"https:\\\/\\\/fuentesfidedignas.com.mx\\\/\",\"logo\":{\"@type\":\"ImageObject\",\"inLanguage\":\"es\",\"@id\":\"https:\\\/\\\/fuentesfidedignas.com.mx\\\/#\\\/schema\\\/logo\\\/image\\\/\",\"url\":\"https:\\\/\\\/fuentesfidedignas.com.mx\\\/wp-content\\\/uploads\\\/2021\\\/04\\\/logo-retina.png\",\"contentUrl\":\"https:\\\/\\\/fuentesfidedignas.com.mx\\\/wp-content\\\/uploads\\\/2021\\\/04\\\/logo-retina.png\",\"width\":280,\"height\":51,\"caption\":\"Fuentes Fidedignas\"},\"image\":{\"@id\":\"https:\\\/\\\/fuentesfidedignas.com.mx\\\/#\\\/schema\\\/logo\\\/image\\\/\"},\"sameAs\":[\"https:\\\/\\\/www.facebook.com\\\/Fuentes-Fidedignas-368234489921644\",\"https:\\\/\\\/x.com\\\/fidedignas\"]},{\"@type\":\"Person\",\"@id\":\"https:\\\/\\\/fuentesfidedignas.com.mx\\\/#\\\/schema\\\/person\\\/67d852f0557c8509146a4b9ddebd543a\",\"name\":\"L\u00f3pez D\u00f3riga\",\"image\":{\"@type\":\"ImageObject\",\"inLanguage\":\"es\",\"@id\":\"https:\\\/\\\/secure.gravatar.com\\\/avatar\\\/e525b06574ca18b33cded59dfe5778d6c823b9513154eff47da551b0551bdd1e?s=96&d=mm&r=g\",\"url\":\"https:\\\/\\\/secure.gravatar.com\\\/avatar\\\/e525b06574ca18b33cded59dfe5778d6c823b9513154eff47da551b0551bdd1e?s=96&d=mm&r=g\",\"contentUrl\":\"https:\\\/\\\/secure.gravatar.com\\\/avatar\\\/e525b06574ca18b33cded59dfe5778d6c823b9513154eff47da551b0551bdd1e?s=96&d=mm&r=g\",\"caption\":\"L\u00f3pez D\u00f3riga\"},\"url\":\"https:\\\/\\\/fuentesfidedignas.com.mx\\\/index.php\\\/author\\\/doriga\\\/\"}]}<\/script>\n<!-- \/ Yoast SEO plugin. -->","yoast_head_json":{"title":"Audiencia de Barcelona deja en libertad a Dani Alves bajo fianza de un mill\u00f3n de euros - Fuentes Fidedignas","robots":{"index":"index","follow":"follow","max-snippet":"max-snippet:-1","max-image-preview":"max-image-preview:large","max-video-preview":"max-video-preview:-1"},"canonical":"https:\/\/fuentesfidedignas.com.mx\/index.php\/2024\/03\/20\/audiencia-de-barcelona-deja-en-libertad-a-dani-alves-bajo-fianza-de-un-millon-de-euros\/","og_locale":"es_MX","og_type":"article","og_title":"Audiencia de Barcelona deja en libertad a Dani Alves bajo fianza de un mill\u00f3n de euros - Fuentes Fidedignas","og_description":"La Audiencia de Barcelona permite a Alves salir de la c\u00e1rcel si paga la fianza, con la obligaci\u00f3n de entregar sus dos pasaportes La Audiencia de Barcelona ha acordado dejar en libertad provisional a Dani Alves, exjugador del Barcelona, bajo fianza de un mill\u00f3n de euros, a la espera de que sea firme la sentencia [&hellip;]","og_url":"https:\/\/fuentesfidedignas.com.mx\/index.php\/2024\/03\/20\/audiencia-de-barcelona-deja-en-libertad-a-dani-alves-bajo-fianza-de-un-millon-de-euros\/","og_site_name":"Fuentes Fidedignas","article_publisher":"https:\/\/www.facebook.com\/Fuentes-Fidedignas-368234489921644","article_published_time":"2024-03-20T14:41:09+00:00","og_image":[{"width":600,"height":400,"url":"https:\/\/fuentesfidedignas.com.mx\/wp-content\/uploads\/2024\/03\/dani-alves-juicio-violacion-barcelona.jpg","type":"image\/jpeg"}],"author":"L\u00f3pez D\u00f3riga","twitter_card":"summary_large_image","twitter_creator":"@fidedignas","twitter_site":"@fidedignas","twitter_misc":{"Escrito por":"L\u00f3pez D\u00f3riga","Tiempo de lectura":"5 minutos"},"schema":{"@context":"https:\/\/schema.org","@graph":[{"@type":"Article","@id":"https:\/\/fuentesfidedignas.com.mx\/index.php\/2024\/03\/20\/audiencia-de-barcelona-deja-en-libertad-a-dani-alves-bajo-fianza-de-un-millon-de-euros\/#article","isPartOf":{"@id":"https:\/\/fuentesfidedignas.com.mx\/index.php\/2024\/03\/20\/audiencia-de-barcelona-deja-en-libertad-a-dani-alves-bajo-fianza-de-un-millon-de-euros\/"},"author":{"name":"L\u00f3pez D\u00f3riga","@id":"https:\/\/fuentesfidedignas.com.mx\/#\/schema\/person\/67d852f0557c8509146a4b9ddebd543a"},"headline":"Audiencia de Barcelona deja en libertad a Dani Alves bajo fianza de un mill\u00f3n de euros","datePublished":"2024-03-20T14:41:09+00:00","mainEntityOfPage":{"@id":"https:\/\/fuentesfidedignas.com.mx\/index.php\/2024\/03\/20\/audiencia-de-barcelona-deja-en-libertad-a-dani-alves-bajo-fianza-de-un-millon-de-euros\/"},"wordCount":1023,"commentCount":0,"publisher":{"@id":"https:\/\/fuentesfidedignas.com.mx\/#organization"},"image":{"@id":"https:\/\/fuentesfidedignas.com.mx\/index.php\/2024\/03\/20\/audiencia-de-barcelona-deja-en-libertad-a-dani-alves-bajo-fianza-de-un-millon-de-euros\/#primaryimage"},"thumbnailUrl":"https:\/\/fuentesfidedignas.com.mx\/wp-content\/uploads\/2024\/03\/dani-alves-juicio-violacion-barcelona.jpg","articleSection":["NOTICIAS NACIONALES"],"inLanguage":"es","potentialAction":[{"@type":"CommentAction","name":"Comment","target":["https:\/\/fuentesfidedignas.com.mx\/index.php\/2024\/03\/20\/audiencia-de-barcelona-deja-en-libertad-a-dani-alves-bajo-fianza-de-un-millon-de-euros\/#respond"]}]},{"@type":"WebPage","@id":"https:\/\/fuentesfidedignas.com.mx\/index.php\/2024\/03\/20\/audiencia-de-barcelona-deja-en-libertad-a-dani-alves-bajo-fianza-de-un-millon-de-euros\/","url":"https:\/\/fuentesfidedignas.com.mx\/index.php\/2024\/03\/20\/audiencia-de-barcelona-deja-en-libertad-a-dani-alves-bajo-fianza-de-un-millon-de-euros\/","name":"Audiencia de Barcelona deja en libertad a Dani Alves bajo fianza de un mill\u00f3n de euros - Fuentes Fidedignas","isPartOf":{"@id":"https:\/\/fuentesfidedignas.com.mx\/#website"},"primaryImageOfPage":{"@id":"https:\/\/fuentesfidedignas.com.mx\/index.php\/2024\/03\/20\/audiencia-de-barcelona-deja-en-libertad-a-dani-alves-bajo-fianza-de-un-millon-de-euros\/#primaryimage"},"image":{"@id":"https:\/\/fuentesfidedignas.com.mx\/index.php\/2024\/03\/20\/audiencia-de-barcelona-deja-en-libertad-a-dani-alves-bajo-fianza-de-un-millon-de-euros\/#primaryimage"},"thumbnailUrl":"https:\/\/fuentesfidedignas.com.mx\/wp-content\/uploads\/2024\/03\/dani-alves-juicio-violacion-barcelona.jpg","datePublished":"2024-03-20T14:41:09+00:00","breadcrumb":{"@id":"https:\/\/fuentesfidedignas.com.mx\/index.php\/2024\/03\/20\/audiencia-de-barcelona-deja-en-libertad-a-dani-alves-bajo-fianza-de-un-millon-de-euros\/#breadcrumb"},"inLanguage":"es","potentialAction":[{"@type":"ReadAction","target":["https:\/\/fuentesfidedignas.com.mx\/index.php\/2024\/03\/20\/audiencia-de-barcelona-deja-en-libertad-a-dani-alves-bajo-fianza-de-un-millon-de-euros\/"]}]},{"@type":"ImageObject","inLanguage":"es","@id":"https:\/\/fuentesfidedignas.com.mx\/index.php\/2024\/03\/20\/audiencia-de-barcelona-deja-en-libertad-a-dani-alves-bajo-fianza-de-un-millon-de-euros\/#primaryimage","url":"https:\/\/fuentesfidedignas.com.mx\/wp-content\/uploads\/2024\/03\/dani-alves-juicio-violacion-barcelona.jpg","contentUrl":"https:\/\/fuentesfidedignas.com.mx\/wp-content\/uploads\/2024\/03\/dani-alves-juicio-violacion-barcelona.jpg","width":600,"height":400},{"@type":"BreadcrumbList","@id":"https:\/\/fuentesfidedignas.com.mx\/index.php\/2024\/03\/20\/audiencia-de-barcelona-deja-en-libertad-a-dani-alves-bajo-fianza-de-un-millon-de-euros\/#breadcrumb","itemListElement":[{"@type":"ListItem","position":1,"name":"Inicio","item":"https:\/\/fuentesfidedignas.com.mx\/"},{"@type":"ListItem","position":2,"name":"Audiencia de Barcelona deja en libertad a Dani Alves bajo fianza de un mill\u00f3n de euros"}]},{"@type":"WebSite","@id":"https:\/\/fuentesfidedignas.com.mx\/#website","url":"https:\/\/fuentesfidedignas.com.mx\/","name":"Fuentes Fidedignas","description":"Otro sitio realizado con WordPress","publisher":{"@id":"https:\/\/fuentesfidedignas.com.mx\/#organization"},"potentialAction":[{"@type":"SearchAction","target":{"@type":"EntryPoint","urlTemplate":"https:\/\/fuentesfidedignas.com.mx\/?s={search_term_string}"},"query-input":{"@type":"PropertyValueSpecification","valueRequired":true,"valueName":"search_term_string"}}],"inLanguage":"es"},{"@type":"Organization","@id":"https:\/\/fuentesfidedignas.com.mx\/#organization","name":"Fuentes Fidedignas","url":"https:\/\/fuentesfidedignas.com.mx\/","logo":{"@type":"ImageObject","inLanguage":"es","@id":"https:\/\/fuentesfidedignas.com.mx\/#\/schema\/logo\/image\/","url":"https:\/\/fuentesfidedignas.com.mx\/wp-content\/uploads\/2021\/04\/logo-retina.png","contentUrl":"https:\/\/fuentesfidedignas.com.mx\/wp-content\/uploads\/2021\/04\/logo-retina.png","width":280,"height":51,"caption":"Fuentes Fidedignas"},"image":{"@id":"https:\/\/fuentesfidedignas.com.mx\/#\/schema\/logo\/image\/"},"sameAs":["https:\/\/www.facebook.com\/Fuentes-Fidedignas-368234489921644","https:\/\/x.com\/fidedignas"]},{"@type":"Person","@id":"https:\/\/fuentesfidedignas.com.mx\/#\/schema\/person\/67d852f0557c8509146a4b9ddebd543a","name":"L\u00f3pez D\u00f3riga","image":{"@type":"ImageObject","inLanguage":"es","@id":"https:\/\/secure.gravatar.com\/avatar\/e525b06574ca18b33cded59dfe5778d6c823b9513154eff47da551b0551bdd1e?s=96&d=mm&r=g","url":"https:\/\/secure.gravatar.com\/avatar\/e525b06574ca18b33cded59dfe5778d6c823b9513154eff47da551b0551bdd1e?s=96&d=mm&r=g","contentUrl":"https:\/\/secure.gravatar.com\/avatar\/e525b06574ca18b33cded59dfe5778d6c823b9513154eff47da551b0551bdd1e?s=96&d=mm&r=g","caption":"L\u00f3pez D\u00f3riga"},"url":"https:\/\/fuentesfidedignas.com.mx\/index.php\/author\/doriga\/"}]}},"_links":{"self":[{"href":"https:\/\/fuentesfidedignas.com.mx\/index.php\/wp-json\/wp\/v2\/posts\/77359","targetHints":{"allow":["GET"]}}],"collection":[{"href":"https:\/\/fuentesfidedignas.com.mx\/index.php\/wp-json\/wp\/v2\/posts"}],"about":[{"href":"https:\/\/fuentesfidedignas.com.mx\/index.php\/wp-json\/wp\/v2\/types\/post"}],"author":[{"embeddable":true,"href":"https:\/\/fuentesfidedignas.com.mx\/index.php\/wp-json\/wp\/v2\/users\/47"}],"replies":[{"embeddable":true,"href":"https:\/\/fuentesfidedignas.com.mx\/index.php\/wp-json\/wp\/v2\/comments?post=77359"}],"version-history":[{"count":1,"href":"https:\/\/fuentesfidedignas.com.mx\/index.php\/wp-json\/wp\/v2\/posts\/77359\/revisions"}],"predecessor-version":[{"id":77361,"href":"https:\/\/fuentesfidedignas.com.mx\/index.php\/wp-json\/wp\/v2\/posts\/77359\/revisions\/77361"}],"wp:featuredmedia":[{"embeddable":true,"href":"https:\/\/fuentesfidedignas.com.mx\/index.php\/wp-json\/wp\/v2\/media\/77360"}],"wp:attachment":[{"href":"https:\/\/fuentesfidedignas.com.mx\/index.php\/wp-json\/wp\/v2\/media?parent=77359"}],"wp:term":[{"taxonomy":"category","embeddable":true,"href":"https:\/\/fuentesfidedignas.com.mx\/index.php\/wp-json\/wp\/v2\/categories?post=77359"},{"taxonomy":"post_tag","embeddable":true,"href":"https:\/\/fuentesfidedignas.com.mx\/index.php\/wp-json\/wp\/v2\/tags?post=77359"}],"curies":[{"name":"wp","href":"https:\/\/api.w.org\/{rel}","templated":true}]}}