{"id":77257,"date":"2024-03-19T07:00:00","date_gmt":"2024-03-19T14:00:00","guid":{"rendered":"https:\/\/fuentesfidedignas.com.mx\/?p=77257"},"modified":"2024-03-19T07:00:40","modified_gmt":"2024-03-19T14:00:40","slug":"mas-que-un-recurso-economico-la-dimension-social-de-la-soberania-energetica","status":"publish","type":"post","link":"https:\/\/fuentesfidedignas.com.mx\/index.php\/2024\/03\/19\/mas-que-un-recurso-economico-la-dimension-social-de-la-soberania-energetica\/","title":{"rendered":"M\u00e1s que un Recurso Econ\u00f3mico: La Dimensi\u00f3n Social de la Soberan\u00eda Energ\u00e9tica"},"content":{"rendered":"\n<p>Actualmente en M\u00e9xico se proyectan dos posturas o visiones radicalmente antag\u00f3nicas en torno al sector energ\u00e9tico, augurando un destino diametralmente opuesto para millones de mexicanos. Por un lado, los sectores conservadores abogan por la privatizaci\u00f3n desmedida y la entrega inescrupulosa de estos recursos estrat\u00e9gicos a las voraces fauces de empresas extranjeras. Por otro, una corriente nacionalista de izquierdas defiende el control sobre el petr\u00f3leo y la electricidad, enarbolando la bandera de la justicia social. Pero esta disyuntiva trasciende con mucho las meras dimensiones econ\u00f3micas. Es una cuesti\u00f3n primordial de seguridad nacional, desarrollo aut\u00f3nomo y, sobre todo, dignidad y equidad para millones de mexicanos marginados y oprimidos.<\/p>\n\n\n\n<p>Las amargas experiencias del pasado han desvelado la cruda realidad que se oculta tras las enga\u00f1osas promesas de eficiencia, inversi\u00f3n y empleos enarboladas por los grupos privatizadores. Las fallidas aperturas energ\u00e9ticas han dejado una gran desigualdad insondable, explotaci\u00f3n de comunidades vulnerables y depredaci\u00f3n ambiental. &#8220;El saqueo despiadado de los recursos naturales por parte del capital privado transnacional ha sido una constante lacerante en los pa\u00edses en v\u00edas de desarrollo&#8221;, advierte con voz grave el ling\u00fcista y fil\u00f3sofo Noam Chomsky, f\u00e9rreo defensor de la soberan\u00eda de los pueblos sobre sus riquezas naturales.<\/p>\n\n\n\n<p>Por el contrario, una pol\u00edtica energ\u00e9tica nacionalista con un enfoque social genuino permitir\u00eda canalizar la enorme riqueza proveniente del petr\u00f3leo y la electricidad hacia donde m\u00e1s se necesita con urgencia: desarrollo comunitario integral, infraestructura digna, becas educativas transformadoras y servicios de salud de calidad en las regiones m\u00e1s desprotegidas y olvidadas del pa\u00eds. Tarifas preferenciales garantizar\u00edan el acceso universal a estos servicios b\u00e1sicos para los sectores m\u00e1s vulnerables y empobrecidos, sentando las bases para una aut\u00e9ntica justicia redistributiva.<\/p>\n\n\n\n<p>Desde una perspectiva geopol\u00edtica inaplazable, la soberan\u00eda energ\u00e9tica es un asunto primordial de seguridad nacional que no admite tregua ni dilaci\u00f3n. Depender de empresas privadas extranjeras nos colocar\u00eda en una posici\u00f3n de vulnerabilidad extrema ante posibles disrupciones o presiones, atentando directamente contra los intereses supremos de la naci\u00f3n. \u00bfAcaso estamos dispuestos a poner nuestro destino en las manos codiciosas de corporaciones que s\u00f3lo velan por sus intereses econ\u00f3micos desmedidos y rapaces? Las lecciones amargas de la historia nos advierten con voz atronadora sobre las consecuencias nefastas del entreguismo y el saqueo imperialista de recursos naturales.<\/p>\n\n\n\n<p>Debemos aprender de los casos donde las nacionalizaciones energ\u00e9ticas han sido un rotundo \u00e9xito cuando se gestionan de forma responsable, transparente y con visi\u00f3n de Estado, como en el paradigm\u00e1tico ejemplo de Noruega. Su fondo soberano de petr\u00f3leo es un ep\u00edtome resplandeciente de c\u00f3mo estos recursos pueden impulsar el desarrollo integral y sostenible de un pa\u00eds entero, convirtiendo la riqueza del subsuelo en progreso tangible para todas las capas de la sociedad.<\/p>\n\n\n\n<p>Por otro lado, experiencias an\u00e1logas como la venezolana nos recuerdan con crudeza que el Estado debe administrar con eficiencia intachable y combatir sin tregua la corrupci\u00f3n end\u00e9mica que corroe las entra\u00f1as de la naci\u00f3n. Soberan\u00eda no puede ser jam\u00e1s un eufemismo para encubrir opacidad, desidia gubernamental o malversaci\u00f3n de los bienes p\u00fablicos.<\/p>\n\n\n\n<p>Definitivamente, esta no es una decisi\u00f3n meramente econ\u00f3mica o t\u00e9cnica. Es un aut\u00e9ntico dilema civilizatorio que definir\u00e1 de manera indefectible el rumbo de millones de mexicanos por generaciones: \u00bfpondremos nuestra riqueza al servicio de las \u00e9lites empresariales depredadoras o de las mayor\u00edas empobrecidas y oprimidas? \u00bfMantendremos la soberan\u00eda de nuestros recursos o nos someteremos indignamente a los intereses extranjeros?<\/p>\n\n\n\n<p>La izquierda nacionalista nos ofrece la oportunidad inaplazable de rescatar de las sombras del olvido y la marginaci\u00f3n a quienes la desigualdad estructural ha condenado a una existencia indigna y miserable. Mientras que la derecha conservadora nos augura un futuro sombr\u00edo de polarizaci\u00f3n galopante, explotaci\u00f3n sin freno y entreguismo ante el capital internacional.<\/p>\n\n\n\n<p>La soberan\u00eda energ\u00e9tica no es un lujo superficial, es una necesidad apremiante e inaplazable. Es la llave maestra que permitir\u00e1 desatar el verdadero potencial de desarrollo aut\u00f3nomo y justicia social en M\u00e9xico. A nosotros, como ciudadanos conscientes, nos toca decidir el camino a seguir en las urnas. El petr\u00f3leo y la electricidad deben ser patrimonio inviolable de la naci\u00f3n, no bot\u00edn de unos cuantos privilegiados insaciables. La hora de la reivindicaci\u00f3n energ\u00e9tica por la dignidad de nuestro pueblo ha llegado.<\/p>\n","protected":false},"excerpt":{"rendered":"<p>Actualmente en M\u00e9xico se proyectan dos posturas o visiones radicalmente antag\u00f3nicas en torno al sector energ\u00e9tico, augurando un destino diametralmente opuesto para millones de mexicanos. Por un lado, los sectores conservadores abogan por la privatizaci\u00f3n desmedida y la entrega inescrupulosa de estos recursos estrat\u00e9gicos a las voraces fauces de empresas extranjeras. Por otro, una corriente [&hellip;]<\/p>\n","protected":false},"author":146,"featured_media":77258,"comment_status":"open","ping_status":"open","sticky":false,"template":"","format":"standard","meta":{"tdm_status":"","tdm_grid_status":"","footnotes":""},"categories":[3064,3089],"tags":[],"class_list":{"0":"post-77257","1":"post","2":"type-post","3":"status-publish","4":"format-standard","5":"has-post-thumbnail","7":"category-columnas","8":"category-nutriendo-la-mente"},"yoast_head":"<!-- This site is optimized with the Yoast SEO plugin v27.5 - https:\/\/yoast.com\/product\/yoast-seo-wordpress\/ -->\n<title>M\u00e1s que un Recurso Econ\u00f3mico: La Dimensi\u00f3n Social de la Soberan\u00eda Energ\u00e9tica - Fuentes Fidedignas<\/title>\n<meta name=\"robots\" content=\"index, follow, max-snippet:-1, max-image-preview:large, max-video-preview:-1\" \/>\n<link rel=\"canonical\" href=\"https:\/\/fuentesfidedignas.com.mx\/index.php\/2024\/03\/19\/mas-que-un-recurso-economico-la-dimension-social-de-la-soberania-energetica\/\" \/>\n<meta property=\"og:locale\" content=\"es_MX\" \/>\n<meta property=\"og:type\" content=\"article\" \/>\n<meta property=\"og:title\" content=\"M\u00e1s que un Recurso Econ\u00f3mico: La Dimensi\u00f3n Social de la Soberan\u00eda Energ\u00e9tica - Fuentes Fidedignas\" \/>\n<meta property=\"og:description\" content=\"Actualmente en M\u00e9xico se proyectan dos posturas o visiones radicalmente antag\u00f3nicas en torno al sector energ\u00e9tico, augurando un destino diametralmente opuesto para millones de mexicanos. Por un lado, los sectores conservadores abogan por la privatizaci\u00f3n desmedida y la entrega inescrupulosa de estos recursos estrat\u00e9gicos a las voraces fauces de empresas extranjeras. Por otro, una corriente [&hellip;]\" \/>\n<meta property=\"og:url\" content=\"https:\/\/fuentesfidedignas.com.mx\/index.php\/2024\/03\/19\/mas-que-un-recurso-economico-la-dimension-social-de-la-soberania-energetica\/\" \/>\n<meta property=\"og:site_name\" content=\"Fuentes Fidedignas\" \/>\n<meta property=\"article:publisher\" content=\"https:\/\/www.facebook.com\/Fuentes-Fidedignas-368234489921644\" \/>\n<meta property=\"article:published_time\" content=\"2024-03-19T14:00:00+00:00\" \/>\n<meta property=\"article:modified_time\" content=\"2024-03-19T14:00:40+00:00\" \/>\n<meta property=\"og:image\" content=\"https:\/\/fuentesfidedignas.com.mx\/wp-content\/uploads\/2024\/03\/ENERGIA.jpg\" \/>\n\t<meta property=\"og:image:width\" content=\"600\" \/>\n\t<meta property=\"og:image:height\" content=\"399\" \/>\n\t<meta property=\"og:image:type\" content=\"image\/jpeg\" \/>\n<meta name=\"author\" content=\"Mtro. Horacio de Jes\u00fas Malcampo Moreno\" \/>\n<meta name=\"twitter:card\" content=\"summary_large_image\" \/>\n<meta name=\"twitter:creator\" content=\"@fidedignas\" \/>\n<meta name=\"twitter:site\" content=\"@fidedignas\" \/>\n<meta name=\"twitter:label1\" content=\"Escrito por\" \/>\n\t<meta name=\"twitter:data1\" content=\"Mtro. Horacio de Jes\u00fas Malcampo Moreno\" \/>\n\t<meta name=\"twitter:label2\" content=\"Tiempo de lectura\" \/>\n\t<meta name=\"twitter:data2\" content=\"4 minutos\" \/>\n<script type=\"application\/ld+json\" class=\"yoast-schema-graph\">{\"@context\":\"https:\\\/\\\/schema.org\",\"@graph\":[{\"@type\":\"Article\",\"@id\":\"https:\\\/\\\/fuentesfidedignas.com.mx\\\/index.php\\\/2024\\\/03\\\/19\\\/mas-que-un-recurso-economico-la-dimension-social-de-la-soberania-energetica\\\/#article\",\"isPartOf\":{\"@id\":\"https:\\\/\\\/fuentesfidedignas.com.mx\\\/index.php\\\/2024\\\/03\\\/19\\\/mas-que-un-recurso-economico-la-dimension-social-de-la-soberania-energetica\\\/\"},\"author\":{\"name\":\"Mtro. Horacio de Jes\u00fas Malcampo Moreno\",\"@id\":\"https:\\\/\\\/fuentesfidedignas.com.mx\\\/#\\\/schema\\\/person\\\/3f687c55082c557a647c7836bde45728\"},\"headline\":\"M\u00e1s que un Recurso Econ\u00f3mico: La Dimensi\u00f3n Social de la Soberan\u00eda Energ\u00e9tica\",\"datePublished\":\"2024-03-19T14:00:00+00:00\",\"dateModified\":\"2024-03-19T14:00:40+00:00\",\"mainEntityOfPage\":{\"@id\":\"https:\\\/\\\/fuentesfidedignas.com.mx\\\/index.php\\\/2024\\\/03\\\/19\\\/mas-que-un-recurso-economico-la-dimension-social-de-la-soberania-energetica\\\/\"},\"wordCount\":778,\"commentCount\":0,\"publisher\":{\"@id\":\"https:\\\/\\\/fuentesfidedignas.com.mx\\\/#organization\"},\"image\":{\"@id\":\"https:\\\/\\\/fuentesfidedignas.com.mx\\\/index.php\\\/2024\\\/03\\\/19\\\/mas-que-un-recurso-economico-la-dimension-social-de-la-soberania-energetica\\\/#primaryimage\"},\"thumbnailUrl\":\"https:\\\/\\\/fuentesfidedignas.com.mx\\\/wp-content\\\/uploads\\\/2024\\\/03\\\/ENERGIA.jpg\",\"articleSection\":[\"COLUMNAS\",\"NUTRIENDO LA MENTE\"],\"inLanguage\":\"es\",\"potentialAction\":[{\"@type\":\"CommentAction\",\"name\":\"Comment\",\"target\":[\"https:\\\/\\\/fuentesfidedignas.com.mx\\\/index.php\\\/2024\\\/03\\\/19\\\/mas-que-un-recurso-economico-la-dimension-social-de-la-soberania-energetica\\\/#respond\"]}]},{\"@type\":\"WebPage\",\"@id\":\"https:\\\/\\\/fuentesfidedignas.com.mx\\\/index.php\\\/2024\\\/03\\\/19\\\/mas-que-un-recurso-economico-la-dimension-social-de-la-soberania-energetica\\\/\",\"url\":\"https:\\\/\\\/fuentesfidedignas.com.mx\\\/index.php\\\/2024\\\/03\\\/19\\\/mas-que-un-recurso-economico-la-dimension-social-de-la-soberania-energetica\\\/\",\"name\":\"M\u00e1s que un Recurso Econ\u00f3mico: La Dimensi\u00f3n Social de la Soberan\u00eda Energ\u00e9tica - Fuentes Fidedignas\",\"isPartOf\":{\"@id\":\"https:\\\/\\\/fuentesfidedignas.com.mx\\\/#website\"},\"primaryImageOfPage\":{\"@id\":\"https:\\\/\\\/fuentesfidedignas.com.mx\\\/index.php\\\/2024\\\/03\\\/19\\\/mas-que-un-recurso-economico-la-dimension-social-de-la-soberania-energetica\\\/#primaryimage\"},\"image\":{\"@id\":\"https:\\\/\\\/fuentesfidedignas.com.mx\\\/index.php\\\/2024\\\/03\\\/19\\\/mas-que-un-recurso-economico-la-dimension-social-de-la-soberania-energetica\\\/#primaryimage\"},\"thumbnailUrl\":\"https:\\\/\\\/fuentesfidedignas.com.mx\\\/wp-content\\\/uploads\\\/2024\\\/03\\\/ENERGIA.jpg\",\"datePublished\":\"2024-03-19T14:00:00+00:00\",\"dateModified\":\"2024-03-19T14:00:40+00:00\",\"breadcrumb\":{\"@id\":\"https:\\\/\\\/fuentesfidedignas.com.mx\\\/index.php\\\/2024\\\/03\\\/19\\\/mas-que-un-recurso-economico-la-dimension-social-de-la-soberania-energetica\\\/#breadcrumb\"},\"inLanguage\":\"es\",\"potentialAction\":[{\"@type\":\"ReadAction\",\"target\":[\"https:\\\/\\\/fuentesfidedignas.com.mx\\\/index.php\\\/2024\\\/03\\\/19\\\/mas-que-un-recurso-economico-la-dimension-social-de-la-soberania-energetica\\\/\"]}]},{\"@type\":\"ImageObject\",\"inLanguage\":\"es\",\"@id\":\"https:\\\/\\\/fuentesfidedignas.com.mx\\\/index.php\\\/2024\\\/03\\\/19\\\/mas-que-un-recurso-economico-la-dimension-social-de-la-soberania-energetica\\\/#primaryimage\",\"url\":\"https:\\\/\\\/fuentesfidedignas.com.mx\\\/wp-content\\\/uploads\\\/2024\\\/03\\\/ENERGIA.jpg\",\"contentUrl\":\"https:\\\/\\\/fuentesfidedignas.com.mx\\\/wp-content\\\/uploads\\\/2024\\\/03\\\/ENERGIA.jpg\",\"width\":600,\"height\":399},{\"@type\":\"BreadcrumbList\",\"@id\":\"https:\\\/\\\/fuentesfidedignas.com.mx\\\/index.php\\\/2024\\\/03\\\/19\\\/mas-que-un-recurso-economico-la-dimension-social-de-la-soberania-energetica\\\/#breadcrumb\",\"itemListElement\":[{\"@type\":\"ListItem\",\"position\":1,\"name\":\"Inicio\",\"item\":\"https:\\\/\\\/fuentesfidedignas.com.mx\\\/\"},{\"@type\":\"ListItem\",\"position\":2,\"name\":\"M\u00e1s que un Recurso Econ\u00f3mico: La Dimensi\u00f3n Social de la Soberan\u00eda Energ\u00e9tica\"}]},{\"@type\":\"WebSite\",\"@id\":\"https:\\\/\\\/fuentesfidedignas.com.mx\\\/#website\",\"url\":\"https:\\\/\\\/fuentesfidedignas.com.mx\\\/\",\"name\":\"Fuentes Fidedignas\",\"description\":\"Otro sitio realizado con WordPress\",\"publisher\":{\"@id\":\"https:\\\/\\\/fuentesfidedignas.com.mx\\\/#organization\"},\"potentialAction\":[{\"@type\":\"SearchAction\",\"target\":{\"@type\":\"EntryPoint\",\"urlTemplate\":\"https:\\\/\\\/fuentesfidedignas.com.mx\\\/?s={search_term_string}\"},\"query-input\":{\"@type\":\"PropertyValueSpecification\",\"valueRequired\":true,\"valueName\":\"search_term_string\"}}],\"inLanguage\":\"es\"},{\"@type\":\"Organization\",\"@id\":\"https:\\\/\\\/fuentesfidedignas.com.mx\\\/#organization\",\"name\":\"Fuentes Fidedignas\",\"url\":\"https:\\\/\\\/fuentesfidedignas.com.mx\\\/\",\"logo\":{\"@type\":\"ImageObject\",\"inLanguage\":\"es\",\"@id\":\"https:\\\/\\\/fuentesfidedignas.com.mx\\\/#\\\/schema\\\/logo\\\/image\\\/\",\"url\":\"https:\\\/\\\/fuentesfidedignas.com.mx\\\/wp-content\\\/uploads\\\/2021\\\/04\\\/logo-retina.png\",\"contentUrl\":\"https:\\\/\\\/fuentesfidedignas.com.mx\\\/wp-content\\\/uploads\\\/2021\\\/04\\\/logo-retina.png\",\"width\":280,\"height\":51,\"caption\":\"Fuentes Fidedignas\"},\"image\":{\"@id\":\"https:\\\/\\\/fuentesfidedignas.com.mx\\\/#\\\/schema\\\/logo\\\/image\\\/\"},\"sameAs\":[\"https:\\\/\\\/www.facebook.com\\\/Fuentes-Fidedignas-368234489921644\",\"https:\\\/\\\/x.com\\\/fidedignas\"]},{\"@type\":\"Person\",\"@id\":\"https:\\\/\\\/fuentesfidedignas.com.mx\\\/#\\\/schema\\\/person\\\/3f687c55082c557a647c7836bde45728\",\"name\":\"Mtro. Horacio de Jes\u00fas Malcampo Moreno\",\"image\":{\"@type\":\"ImageObject\",\"inLanguage\":\"es\",\"@id\":\"https:\\\/\\\/secure.gravatar.com\\\/avatar\\\/21fd667a5b9de079d383e44390566d4c728a6ce47b9b5e8419c61f1b793461ac?s=96&d=mm&r=g\",\"url\":\"https:\\\/\\\/secure.gravatar.com\\\/avatar\\\/21fd667a5b9de079d383e44390566d4c728a6ce47b9b5e8419c61f1b793461ac?s=96&d=mm&r=g\",\"contentUrl\":\"https:\\\/\\\/secure.gravatar.com\\\/avatar\\\/21fd667a5b9de079d383e44390566d4c728a6ce47b9b5e8419c61f1b793461ac?s=96&d=mm&r=g\",\"caption\":\"Mtro. Horacio de Jes\u00fas Malcampo Moreno\"},\"url\":\"https:\\\/\\\/fuentesfidedignas.com.mx\\\/index.php\\\/author\\\/horacio\\\/\"}]}<\/script>\n<!-- \/ Yoast SEO plugin. -->","yoast_head_json":{"title":"M\u00e1s que un Recurso Econ\u00f3mico: La Dimensi\u00f3n Social de la Soberan\u00eda Energ\u00e9tica - Fuentes Fidedignas","robots":{"index":"index","follow":"follow","max-snippet":"max-snippet:-1","max-image-preview":"max-image-preview:large","max-video-preview":"max-video-preview:-1"},"canonical":"https:\/\/fuentesfidedignas.com.mx\/index.php\/2024\/03\/19\/mas-que-un-recurso-economico-la-dimension-social-de-la-soberania-energetica\/","og_locale":"es_MX","og_type":"article","og_title":"M\u00e1s que un Recurso Econ\u00f3mico: La Dimensi\u00f3n Social de la Soberan\u00eda Energ\u00e9tica - Fuentes Fidedignas","og_description":"Actualmente en M\u00e9xico se proyectan dos posturas o visiones radicalmente antag\u00f3nicas en torno al sector energ\u00e9tico, augurando un destino diametralmente opuesto para millones de mexicanos. Por un lado, los sectores conservadores abogan por la privatizaci\u00f3n desmedida y la entrega inescrupulosa de estos recursos estrat\u00e9gicos a las voraces fauces de empresas extranjeras. Por otro, una corriente [&hellip;]","og_url":"https:\/\/fuentesfidedignas.com.mx\/index.php\/2024\/03\/19\/mas-que-un-recurso-economico-la-dimension-social-de-la-soberania-energetica\/","og_site_name":"Fuentes Fidedignas","article_publisher":"https:\/\/www.facebook.com\/Fuentes-Fidedignas-368234489921644","article_published_time":"2024-03-19T14:00:00+00:00","article_modified_time":"2024-03-19T14:00:40+00:00","og_image":[{"width":600,"height":399,"url":"https:\/\/fuentesfidedignas.com.mx\/wp-content\/uploads\/2024\/03\/ENERGIA.jpg","type":"image\/jpeg"}],"author":"Mtro. Horacio de Jes\u00fas Malcampo Moreno","twitter_card":"summary_large_image","twitter_creator":"@fidedignas","twitter_site":"@fidedignas","twitter_misc":{"Escrito por":"Mtro. Horacio de Jes\u00fas Malcampo Moreno","Tiempo de lectura":"4 minutos"},"schema":{"@context":"https:\/\/schema.org","@graph":[{"@type":"Article","@id":"https:\/\/fuentesfidedignas.com.mx\/index.php\/2024\/03\/19\/mas-que-un-recurso-economico-la-dimension-social-de-la-soberania-energetica\/#article","isPartOf":{"@id":"https:\/\/fuentesfidedignas.com.mx\/index.php\/2024\/03\/19\/mas-que-un-recurso-economico-la-dimension-social-de-la-soberania-energetica\/"},"author":{"name":"Mtro. Horacio de Jes\u00fas Malcampo Moreno","@id":"https:\/\/fuentesfidedignas.com.mx\/#\/schema\/person\/3f687c55082c557a647c7836bde45728"},"headline":"M\u00e1s que un Recurso Econ\u00f3mico: La Dimensi\u00f3n Social de la Soberan\u00eda Energ\u00e9tica","datePublished":"2024-03-19T14:00:00+00:00","dateModified":"2024-03-19T14:00:40+00:00","mainEntityOfPage":{"@id":"https:\/\/fuentesfidedignas.com.mx\/index.php\/2024\/03\/19\/mas-que-un-recurso-economico-la-dimension-social-de-la-soberania-energetica\/"},"wordCount":778,"commentCount":0,"publisher":{"@id":"https:\/\/fuentesfidedignas.com.mx\/#organization"},"image":{"@id":"https:\/\/fuentesfidedignas.com.mx\/index.php\/2024\/03\/19\/mas-que-un-recurso-economico-la-dimension-social-de-la-soberania-energetica\/#primaryimage"},"thumbnailUrl":"https:\/\/fuentesfidedignas.com.mx\/wp-content\/uploads\/2024\/03\/ENERGIA.jpg","articleSection":["COLUMNAS","NUTRIENDO LA MENTE"],"inLanguage":"es","potentialAction":[{"@type":"CommentAction","name":"Comment","target":["https:\/\/fuentesfidedignas.com.mx\/index.php\/2024\/03\/19\/mas-que-un-recurso-economico-la-dimension-social-de-la-soberania-energetica\/#respond"]}]},{"@type":"WebPage","@id":"https:\/\/fuentesfidedignas.com.mx\/index.php\/2024\/03\/19\/mas-que-un-recurso-economico-la-dimension-social-de-la-soberania-energetica\/","url":"https:\/\/fuentesfidedignas.com.mx\/index.php\/2024\/03\/19\/mas-que-un-recurso-economico-la-dimension-social-de-la-soberania-energetica\/","name":"M\u00e1s que un Recurso Econ\u00f3mico: La Dimensi\u00f3n Social de la Soberan\u00eda Energ\u00e9tica - Fuentes Fidedignas","isPartOf":{"@id":"https:\/\/fuentesfidedignas.com.mx\/#website"},"primaryImageOfPage":{"@id":"https:\/\/fuentesfidedignas.com.mx\/index.php\/2024\/03\/19\/mas-que-un-recurso-economico-la-dimension-social-de-la-soberania-energetica\/#primaryimage"},"image":{"@id":"https:\/\/fuentesfidedignas.com.mx\/index.php\/2024\/03\/19\/mas-que-un-recurso-economico-la-dimension-social-de-la-soberania-energetica\/#primaryimage"},"thumbnailUrl":"https:\/\/fuentesfidedignas.com.mx\/wp-content\/uploads\/2024\/03\/ENERGIA.jpg","datePublished":"2024-03-19T14:00:00+00:00","dateModified":"2024-03-19T14:00:40+00:00","breadcrumb":{"@id":"https:\/\/fuentesfidedignas.com.mx\/index.php\/2024\/03\/19\/mas-que-un-recurso-economico-la-dimension-social-de-la-soberania-energetica\/#breadcrumb"},"inLanguage":"es","potentialAction":[{"@type":"ReadAction","target":["https:\/\/fuentesfidedignas.com.mx\/index.php\/2024\/03\/19\/mas-que-un-recurso-economico-la-dimension-social-de-la-soberania-energetica\/"]}]},{"@type":"ImageObject","inLanguage":"es","@id":"https:\/\/fuentesfidedignas.com.mx\/index.php\/2024\/03\/19\/mas-que-un-recurso-economico-la-dimension-social-de-la-soberania-energetica\/#primaryimage","url":"https:\/\/fuentesfidedignas.com.mx\/wp-content\/uploads\/2024\/03\/ENERGIA.jpg","contentUrl":"https:\/\/fuentesfidedignas.com.mx\/wp-content\/uploads\/2024\/03\/ENERGIA.jpg","width":600,"height":399},{"@type":"BreadcrumbList","@id":"https:\/\/fuentesfidedignas.com.mx\/index.php\/2024\/03\/19\/mas-que-un-recurso-economico-la-dimension-social-de-la-soberania-energetica\/#breadcrumb","itemListElement":[{"@type":"ListItem","position":1,"name":"Inicio","item":"https:\/\/fuentesfidedignas.com.mx\/"},{"@type":"ListItem","position":2,"name":"M\u00e1s que un Recurso Econ\u00f3mico: La Dimensi\u00f3n Social de la Soberan\u00eda Energ\u00e9tica"}]},{"@type":"WebSite","@id":"https:\/\/fuentesfidedignas.com.mx\/#website","url":"https:\/\/fuentesfidedignas.com.mx\/","name":"Fuentes Fidedignas","description":"Otro sitio realizado con WordPress","publisher":{"@id":"https:\/\/fuentesfidedignas.com.mx\/#organization"},"potentialAction":[{"@type":"SearchAction","target":{"@type":"EntryPoint","urlTemplate":"https:\/\/fuentesfidedignas.com.mx\/?s={search_term_string}"},"query-input":{"@type":"PropertyValueSpecification","valueRequired":true,"valueName":"search_term_string"}}],"inLanguage":"es"},{"@type":"Organization","@id":"https:\/\/fuentesfidedignas.com.mx\/#organization","name":"Fuentes Fidedignas","url":"https:\/\/fuentesfidedignas.com.mx\/","logo":{"@type":"ImageObject","inLanguage":"es","@id":"https:\/\/fuentesfidedignas.com.mx\/#\/schema\/logo\/image\/","url":"https:\/\/fuentesfidedignas.com.mx\/wp-content\/uploads\/2021\/04\/logo-retina.png","contentUrl":"https:\/\/fuentesfidedignas.com.mx\/wp-content\/uploads\/2021\/04\/logo-retina.png","width":280,"height":51,"caption":"Fuentes Fidedignas"},"image":{"@id":"https:\/\/fuentesfidedignas.com.mx\/#\/schema\/logo\/image\/"},"sameAs":["https:\/\/www.facebook.com\/Fuentes-Fidedignas-368234489921644","https:\/\/x.com\/fidedignas"]},{"@type":"Person","@id":"https:\/\/fuentesfidedignas.com.mx\/#\/schema\/person\/3f687c55082c557a647c7836bde45728","name":"Mtro. Horacio de Jes\u00fas Malcampo Moreno","image":{"@type":"ImageObject","inLanguage":"es","@id":"https:\/\/secure.gravatar.com\/avatar\/21fd667a5b9de079d383e44390566d4c728a6ce47b9b5e8419c61f1b793461ac?s=96&d=mm&r=g","url":"https:\/\/secure.gravatar.com\/avatar\/21fd667a5b9de079d383e44390566d4c728a6ce47b9b5e8419c61f1b793461ac?s=96&d=mm&r=g","contentUrl":"https:\/\/secure.gravatar.com\/avatar\/21fd667a5b9de079d383e44390566d4c728a6ce47b9b5e8419c61f1b793461ac?s=96&d=mm&r=g","caption":"Mtro. Horacio de Jes\u00fas Malcampo Moreno"},"url":"https:\/\/fuentesfidedignas.com.mx\/index.php\/author\/horacio\/"}]}},"_links":{"self":[{"href":"https:\/\/fuentesfidedignas.com.mx\/index.php\/wp-json\/wp\/v2\/posts\/77257","targetHints":{"allow":["GET"]}}],"collection":[{"href":"https:\/\/fuentesfidedignas.com.mx\/index.php\/wp-json\/wp\/v2\/posts"}],"about":[{"href":"https:\/\/fuentesfidedignas.com.mx\/index.php\/wp-json\/wp\/v2\/types\/post"}],"author":[{"embeddable":true,"href":"https:\/\/fuentesfidedignas.com.mx\/index.php\/wp-json\/wp\/v2\/users\/146"}],"replies":[{"embeddable":true,"href":"https:\/\/fuentesfidedignas.com.mx\/index.php\/wp-json\/wp\/v2\/comments?post=77257"}],"version-history":[{"count":2,"href":"https:\/\/fuentesfidedignas.com.mx\/index.php\/wp-json\/wp\/v2\/posts\/77257\/revisions"}],"predecessor-version":[{"id":77260,"href":"https:\/\/fuentesfidedignas.com.mx\/index.php\/wp-json\/wp\/v2\/posts\/77257\/revisions\/77260"}],"wp:featuredmedia":[{"embeddable":true,"href":"https:\/\/fuentesfidedignas.com.mx\/index.php\/wp-json\/wp\/v2\/media\/77258"}],"wp:attachment":[{"href":"https:\/\/fuentesfidedignas.com.mx\/index.php\/wp-json\/wp\/v2\/media?parent=77257"}],"wp:term":[{"taxonomy":"category","embeddable":true,"href":"https:\/\/fuentesfidedignas.com.mx\/index.php\/wp-json\/wp\/v2\/categories?post=77257"},{"taxonomy":"post_tag","embeddable":true,"href":"https:\/\/fuentesfidedignas.com.mx\/index.php\/wp-json\/wp\/v2\/tags?post=77257"}],"curies":[{"name":"wp","href":"https:\/\/api.w.org\/{rel}","templated":true}]}}