{"id":77223,"date":"2024-03-18T12:27:17","date_gmt":"2024-03-18T19:27:17","guid":{"rendered":"https:\/\/fuentesfidedignas.com.mx\/?p=77223"},"modified":"2024-03-18T12:27:18","modified_gmt":"2024-03-18T19:27:18","slug":"fallece-nicandro-diaz-productor-de-television-y-teatro","status":"publish","type":"post","link":"https:\/\/fuentesfidedignas.com.mx\/index.php\/2024\/03\/18\/fallece-nicandro-diaz-productor-de-television-y-teatro\/","title":{"rendered":"Fallece Nicandro D\u00edaz, productor de televisi\u00f3n y teatro"},"content":{"rendered":"\n<p><br><strong><em>El productor Nicandro D\u00edaz hab\u00eda sido hospitalizado tras sufrir un fuerte accidente en moto acu\u00e1tica en Cozumel, Quintana Roo<\/em><\/strong><\/p>\n\n\n\n<p>Ciudad de M\u00e9xico. <strong>Nicandro D\u00edaz<\/strong>, productor de televisi\u00f3n y teatro,&nbsp;<strong>muri\u00f3<\/strong>este lunes a los&nbsp;<strong>60 a\u00f1os<\/strong>&nbsp;de edad, luego de estar&nbsp;<strong>hospitalizado<\/strong>&nbsp;tras sufrir un accidente.<\/p>\n\n\n\n<figure class=\"wp-block-embed is-type-rich is-provider-twitter wp-block-embed-twitter\"><div class=\"wp-block-embed__wrapper\">\n<blockquote class=\"twitter-tweet\" data-width=\"550\" data-dnt=\"true\"><p lang=\"es\" dir=\"ltr\">Lamentamos el sensible fallecimiento del productor <a href=\"https:\/\/twitter.com\/hashtag\/NicandroD%C3%ADaz?src=hash&amp;ref_src=twsrc%5Etfw\">#NicandroD\u00edaz<\/a> Q.E.P.D. \ud83d\ude4f\ud83c\udffc<br><br>Nos unimos a la pena que embarga a sus familiares, amigos y seguidores \ud83d\udd4a\ufe0f\ud83e\udd0d <a href=\"https:\/\/t.co\/s0eDSuEF4X\">pic.twitter.com\/s0eDSuEF4X<\/a><\/p>&mdash; Programa Hoy (@programa_hoy) <a href=\"https:\/\/twitter.com\/programa_hoy\/status\/1769764928477393084?ref_src=twsrc%5Etfw\">March 18, 2024<\/a><\/blockquote><script async src=\"https:\/\/platform.twitter.com\/widgets.js\" charset=\"utf-8\"><\/script>\n<\/div><\/figure>\n\n\n\n<p>Medios detallaron que D\u00edaz hab\u00eda sido hospitalizado tras sufrir un fuerte&nbsp;<strong>accidente<\/strong>&nbsp;en&nbsp;<strong>moto acu\u00e1tica<\/strong>&nbsp;en&nbsp;<strong>Cozumel, Quintana Roo<\/strong>.<\/p>\n\n\n\n<p>A trav\u00e9s de redes sociales, se hab\u00edan solicitado donadores de sangre para el productor de televisi\u00f3n, quien fue hospitalizado en primera instancia en el nosocomio Costamed de Cozumel.<\/p>\n\n\n\n<p>\u201c\u00a1URGENTE! Amigos de Cozumel, les pedimos su valioso apoyo para donar sangre tipo AB negativo u O negativo en el Hospital Costamed Cozumel a nombre de Nicandro D\u00edaz Gonz\u00e1lez. Agradecemos su pronta ayuda\u201d, se apunt\u00f3 en un mensaje publicado en la cuenta de X del productor de telenovelas como&nbsp;<em>Golpe de Suerte<\/em>.<\/p>\n\n\n\n<p>Nicandro D\u00edaz Gonz\u00e1lez naci\u00f3 el 7 de agosto de 1863, Su trayectoria profesional abarc\u00f3 30 a\u00f1os dentro de la industria del entretenimiento. Inici\u00f3 como asistente en telenovelas como&nbsp;<em>Monte calvario<\/em>&nbsp;y&nbsp;<em>Rosa salvaje<\/em>, en los a\u00f1os 80.<\/p>\n\n\n\n<p>Entre las telenovelas en las que estuvo detr\u00e1s de su producci\u00f3n son:&nbsp;<em>Alma rebelde<\/em>&nbsp;(1999),&nbsp;<em>Carita de \u00e1ngel<\/em>(2000),&nbsp;<em>\u00a1Vivan los ni\u00f1os!<\/em>&nbsp;(2002),&nbsp;<em>Contra viento y marea<\/em>(2005),<em>&nbsp;Destilando amor<\/em>&nbsp;(2007),&nbsp;<em>Ma\u00f1ana es para siempre<\/em>(2008),&nbsp;<em>Soy tu due\u00f1a<\/em>&nbsp;(2010),&nbsp;<em>Amores verdaderos<\/em>&nbsp;(2012),&nbsp;<em>Hasta el fin del mundo<\/em>&nbsp;(2014),<em>&nbsp;El Bienamado<\/em>&nbsp;(2017),&nbsp;<em>Hijas de la luna<\/em>&nbsp;(2018),&nbsp;<em>La mexicana y el g\u00fcero<\/em>&nbsp;(2020),&nbsp;<em>Mi fortuna es amarte<\/em>&nbsp;(2021),&nbsp;<em>Mi camino es amarte<\/em>&nbsp;(2022) y&nbsp;<em>Golpe de suerte<\/em>&nbsp;(2023).<\/p>\n","protected":false},"excerpt":{"rendered":"<p>El productor Nicandro D\u00edaz hab\u00eda sido hospitalizado tras sufrir un fuerte accidente en moto acu\u00e1tica en Cozumel, Quintana Roo Ciudad de M\u00e9xico. Nicandro D\u00edaz, productor de televisi\u00f3n y teatro,&nbsp;muri\u00f3este lunes a los&nbsp;60 a\u00f1os&nbsp;de edad, luego de estar&nbsp;hospitalizado&nbsp;tras sufrir un accidente. Medios detallaron que D\u00edaz hab\u00eda sido hospitalizado tras sufrir un fuerte&nbsp;accidente&nbsp;en&nbsp;moto acu\u00e1tica&nbsp;en&nbsp;Cozumel, Quintana Roo. A [&hellip;]<\/p>\n","protected":false},"author":47,"featured_media":77222,"comment_status":"open","ping_status":"open","sticky":false,"template":"","format":"standard","meta":{"tdm_status":"","tdm_grid_status":"","footnotes":""},"categories":[39],"tags":[],"class_list":{"0":"post-77223","1":"post","2":"type-post","3":"status-publish","4":"format-standard","5":"has-post-thumbnail","7":"category-noticias-nacionales"},"yoast_head":"<!-- This site is optimized with the Yoast SEO plugin v27.5 - https:\/\/yoast.com\/product\/yoast-seo-wordpress\/ -->\n<title>Fallece Nicandro D\u00edaz, productor de televisi\u00f3n y teatro - Fuentes Fidedignas<\/title>\n<meta name=\"robots\" content=\"index, follow, max-snippet:-1, max-image-preview:large, max-video-preview:-1\" \/>\n<link rel=\"canonical\" href=\"https:\/\/fuentesfidedignas.com.mx\/index.php\/2024\/03\/18\/fallece-nicandro-diaz-productor-de-television-y-teatro\/\" \/>\n<meta property=\"og:locale\" content=\"es_MX\" \/>\n<meta property=\"og:type\" content=\"article\" \/>\n<meta property=\"og:title\" content=\"Fallece Nicandro D\u00edaz, productor de televisi\u00f3n y teatro - Fuentes Fidedignas\" \/>\n<meta property=\"og:description\" content=\"El productor Nicandro D\u00edaz hab\u00eda sido hospitalizado tras sufrir un fuerte accidente en moto acu\u00e1tica en Cozumel, Quintana Roo Ciudad de M\u00e9xico. Nicandro D\u00edaz, productor de televisi\u00f3n y teatro,&nbsp;muri\u00f3este lunes a los&nbsp;60 a\u00f1os&nbsp;de edad, luego de estar&nbsp;hospitalizado&nbsp;tras sufrir un accidente. Medios detallaron que D\u00edaz hab\u00eda sido hospitalizado tras sufrir un fuerte&nbsp;accidente&nbsp;en&nbsp;moto acu\u00e1tica&nbsp;en&nbsp;Cozumel, Quintana Roo. A [&hellip;]\" \/>\n<meta property=\"og:url\" content=\"https:\/\/fuentesfidedignas.com.mx\/index.php\/2024\/03\/18\/fallece-nicandro-diaz-productor-de-television-y-teatro\/\" \/>\n<meta property=\"og:site_name\" content=\"Fuentes Fidedignas\" \/>\n<meta property=\"article:publisher\" content=\"https:\/\/www.facebook.com\/Fuentes-Fidedignas-368234489921644\" \/>\n<meta property=\"article:published_time\" content=\"2024-03-18T19:27:17+00:00\" \/>\n<meta property=\"article:modified_time\" content=\"2024-03-18T19:27:18+00:00\" \/>\n<meta property=\"og:image\" content=\"https:\/\/fuentesfidedignas.com.mx\/wp-content\/uploads\/2024\/03\/img_4130-1.png\" \/>\n\t<meta property=\"og:image:width\" content=\"1026\" \/>\n\t<meta property=\"og:image:height\" content=\"596\" \/>\n\t<meta property=\"og:image:type\" content=\"image\/png\" \/>\n<meta name=\"author\" content=\"L\u00f3pez D\u00f3riga\" \/>\n<meta name=\"twitter:card\" content=\"summary_large_image\" \/>\n<meta name=\"twitter:creator\" content=\"@fidedignas\" \/>\n<meta name=\"twitter:site\" content=\"@fidedignas\" \/>\n<meta name=\"twitter:label1\" content=\"Escrito por\" \/>\n\t<meta name=\"twitter:data1\" content=\"L\u00f3pez D\u00f3riga\" \/>\n\t<meta name=\"twitter:label2\" content=\"Tiempo de lectura\" \/>\n\t<meta name=\"twitter:data2\" content=\"2 minutos\" \/>\n<script type=\"application\/ld+json\" class=\"yoast-schema-graph\">{\"@context\":\"https:\\\/\\\/schema.org\",\"@graph\":[{\"@type\":\"Article\",\"@id\":\"https:\\\/\\\/fuentesfidedignas.com.mx\\\/index.php\\\/2024\\\/03\\\/18\\\/fallece-nicandro-diaz-productor-de-television-y-teatro\\\/#article\",\"isPartOf\":{\"@id\":\"https:\\\/\\\/fuentesfidedignas.com.mx\\\/index.php\\\/2024\\\/03\\\/18\\\/fallece-nicandro-diaz-productor-de-television-y-teatro\\\/\"},\"author\":{\"name\":\"L\u00f3pez D\u00f3riga\",\"@id\":\"https:\\\/\\\/fuentesfidedignas.com.mx\\\/#\\\/schema\\\/person\\\/67d852f0557c8509146a4b9ddebd543a\"},\"headline\":\"Fallece Nicandro D\u00edaz, productor de televisi\u00f3n y teatro\",\"datePublished\":\"2024-03-18T19:27:17+00:00\",\"dateModified\":\"2024-03-18T19:27:18+00:00\",\"mainEntityOfPage\":{\"@id\":\"https:\\\/\\\/fuentesfidedignas.com.mx\\\/index.php\\\/2024\\\/03\\\/18\\\/fallece-nicandro-diaz-productor-de-television-y-teatro\\\/\"},\"wordCount\":323,\"commentCount\":0,\"publisher\":{\"@id\":\"https:\\\/\\\/fuentesfidedignas.com.mx\\\/#organization\"},\"image\":{\"@id\":\"https:\\\/\\\/fuentesfidedignas.com.mx\\\/index.php\\\/2024\\\/03\\\/18\\\/fallece-nicandro-diaz-productor-de-television-y-teatro\\\/#primaryimage\"},\"thumbnailUrl\":\"https:\\\/\\\/fuentesfidedignas.com.mx\\\/wp-content\\\/uploads\\\/2024\\\/03\\\/img_4130-1.png\",\"articleSection\":[\"NOTICIAS NACIONALES\"],\"inLanguage\":\"es\",\"potentialAction\":[{\"@type\":\"CommentAction\",\"name\":\"Comment\",\"target\":[\"https:\\\/\\\/fuentesfidedignas.com.mx\\\/index.php\\\/2024\\\/03\\\/18\\\/fallece-nicandro-diaz-productor-de-television-y-teatro\\\/#respond\"]}]},{\"@type\":\"WebPage\",\"@id\":\"https:\\\/\\\/fuentesfidedignas.com.mx\\\/index.php\\\/2024\\\/03\\\/18\\\/fallece-nicandro-diaz-productor-de-television-y-teatro\\\/\",\"url\":\"https:\\\/\\\/fuentesfidedignas.com.mx\\\/index.php\\\/2024\\\/03\\\/18\\\/fallece-nicandro-diaz-productor-de-television-y-teatro\\\/\",\"name\":\"Fallece Nicandro D\u00edaz, productor de televisi\u00f3n y teatro - Fuentes Fidedignas\",\"isPartOf\":{\"@id\":\"https:\\\/\\\/fuentesfidedignas.com.mx\\\/#website\"},\"primaryImageOfPage\":{\"@id\":\"https:\\\/\\\/fuentesfidedignas.com.mx\\\/index.php\\\/2024\\\/03\\\/18\\\/fallece-nicandro-diaz-productor-de-television-y-teatro\\\/#primaryimage\"},\"image\":{\"@id\":\"https:\\\/\\\/fuentesfidedignas.com.mx\\\/index.php\\\/2024\\\/03\\\/18\\\/fallece-nicandro-diaz-productor-de-television-y-teatro\\\/#primaryimage\"},\"thumbnailUrl\":\"https:\\\/\\\/fuentesfidedignas.com.mx\\\/wp-content\\\/uploads\\\/2024\\\/03\\\/img_4130-1.png\",\"datePublished\":\"2024-03-18T19:27:17+00:00\",\"dateModified\":\"2024-03-18T19:27:18+00:00\",\"breadcrumb\":{\"@id\":\"https:\\\/\\\/fuentesfidedignas.com.mx\\\/index.php\\\/2024\\\/03\\\/18\\\/fallece-nicandro-diaz-productor-de-television-y-teatro\\\/#breadcrumb\"},\"inLanguage\":\"es\",\"potentialAction\":[{\"@type\":\"ReadAction\",\"target\":[\"https:\\\/\\\/fuentesfidedignas.com.mx\\\/index.php\\\/2024\\\/03\\\/18\\\/fallece-nicandro-diaz-productor-de-television-y-teatro\\\/\"]}]},{\"@type\":\"ImageObject\",\"inLanguage\":\"es\",\"@id\":\"https:\\\/\\\/fuentesfidedignas.com.mx\\\/index.php\\\/2024\\\/03\\\/18\\\/fallece-nicandro-diaz-productor-de-television-y-teatro\\\/#primaryimage\",\"url\":\"https:\\\/\\\/fuentesfidedignas.com.mx\\\/wp-content\\\/uploads\\\/2024\\\/03\\\/img_4130-1.png\",\"contentUrl\":\"https:\\\/\\\/fuentesfidedignas.com.mx\\\/wp-content\\\/uploads\\\/2024\\\/03\\\/img_4130-1.png\",\"width\":1026,\"height\":596},{\"@type\":\"BreadcrumbList\",\"@id\":\"https:\\\/\\\/fuentesfidedignas.com.mx\\\/index.php\\\/2024\\\/03\\\/18\\\/fallece-nicandro-diaz-productor-de-television-y-teatro\\\/#breadcrumb\",\"itemListElement\":[{\"@type\":\"ListItem\",\"position\":1,\"name\":\"Inicio\",\"item\":\"https:\\\/\\\/fuentesfidedignas.com.mx\\\/\"},{\"@type\":\"ListItem\",\"position\":2,\"name\":\"Fallece Nicandro D\u00edaz, productor de televisi\u00f3n y teatro\"}]},{\"@type\":\"WebSite\",\"@id\":\"https:\\\/\\\/fuentesfidedignas.com.mx\\\/#website\",\"url\":\"https:\\\/\\\/fuentesfidedignas.com.mx\\\/\",\"name\":\"Fuentes Fidedignas\",\"description\":\"Otro sitio realizado con WordPress\",\"publisher\":{\"@id\":\"https:\\\/\\\/fuentesfidedignas.com.mx\\\/#organization\"},\"potentialAction\":[{\"@type\":\"SearchAction\",\"target\":{\"@type\":\"EntryPoint\",\"urlTemplate\":\"https:\\\/\\\/fuentesfidedignas.com.mx\\\/?s={search_term_string}\"},\"query-input\":{\"@type\":\"PropertyValueSpecification\",\"valueRequired\":true,\"valueName\":\"search_term_string\"}}],\"inLanguage\":\"es\"},{\"@type\":\"Organization\",\"@id\":\"https:\\\/\\\/fuentesfidedignas.com.mx\\\/#organization\",\"name\":\"Fuentes Fidedignas\",\"url\":\"https:\\\/\\\/fuentesfidedignas.com.mx\\\/\",\"logo\":{\"@type\":\"ImageObject\",\"inLanguage\":\"es\",\"@id\":\"https:\\\/\\\/fuentesfidedignas.com.mx\\\/#\\\/schema\\\/logo\\\/image\\\/\",\"url\":\"https:\\\/\\\/fuentesfidedignas.com.mx\\\/wp-content\\\/uploads\\\/2021\\\/04\\\/logo-retina.png\",\"contentUrl\":\"https:\\\/\\\/fuentesfidedignas.com.mx\\\/wp-content\\\/uploads\\\/2021\\\/04\\\/logo-retina.png\",\"width\":280,\"height\":51,\"caption\":\"Fuentes Fidedignas\"},\"image\":{\"@id\":\"https:\\\/\\\/fuentesfidedignas.com.mx\\\/#\\\/schema\\\/logo\\\/image\\\/\"},\"sameAs\":[\"https:\\\/\\\/www.facebook.com\\\/Fuentes-Fidedignas-368234489921644\",\"https:\\\/\\\/x.com\\\/fidedignas\"]},{\"@type\":\"Person\",\"@id\":\"https:\\\/\\\/fuentesfidedignas.com.mx\\\/#\\\/schema\\\/person\\\/67d852f0557c8509146a4b9ddebd543a\",\"name\":\"L\u00f3pez D\u00f3riga\",\"image\":{\"@type\":\"ImageObject\",\"inLanguage\":\"es\",\"@id\":\"https:\\\/\\\/secure.gravatar.com\\\/avatar\\\/e525b06574ca18b33cded59dfe5778d6c823b9513154eff47da551b0551bdd1e?s=96&d=mm&r=g\",\"url\":\"https:\\\/\\\/secure.gravatar.com\\\/avatar\\\/e525b06574ca18b33cded59dfe5778d6c823b9513154eff47da551b0551bdd1e?s=96&d=mm&r=g\",\"contentUrl\":\"https:\\\/\\\/secure.gravatar.com\\\/avatar\\\/e525b06574ca18b33cded59dfe5778d6c823b9513154eff47da551b0551bdd1e?s=96&d=mm&r=g\",\"caption\":\"L\u00f3pez D\u00f3riga\"},\"url\":\"https:\\\/\\\/fuentesfidedignas.com.mx\\\/index.php\\\/author\\\/doriga\\\/\"}]}<\/script>\n<!-- \/ Yoast SEO plugin. -->","yoast_head_json":{"title":"Fallece Nicandro D\u00edaz, productor de televisi\u00f3n y teatro - Fuentes Fidedignas","robots":{"index":"index","follow":"follow","max-snippet":"max-snippet:-1","max-image-preview":"max-image-preview:large","max-video-preview":"max-video-preview:-1"},"canonical":"https:\/\/fuentesfidedignas.com.mx\/index.php\/2024\/03\/18\/fallece-nicandro-diaz-productor-de-television-y-teatro\/","og_locale":"es_MX","og_type":"article","og_title":"Fallece Nicandro D\u00edaz, productor de televisi\u00f3n y teatro - Fuentes Fidedignas","og_description":"El productor Nicandro D\u00edaz hab\u00eda sido hospitalizado tras sufrir un fuerte accidente en moto acu\u00e1tica en Cozumel, Quintana Roo Ciudad de M\u00e9xico. Nicandro D\u00edaz, productor de televisi\u00f3n y teatro,&nbsp;muri\u00f3este lunes a los&nbsp;60 a\u00f1os&nbsp;de edad, luego de estar&nbsp;hospitalizado&nbsp;tras sufrir un accidente. Medios detallaron que D\u00edaz hab\u00eda sido hospitalizado tras sufrir un fuerte&nbsp;accidente&nbsp;en&nbsp;moto acu\u00e1tica&nbsp;en&nbsp;Cozumel, Quintana Roo. A [&hellip;]","og_url":"https:\/\/fuentesfidedignas.com.mx\/index.php\/2024\/03\/18\/fallece-nicandro-diaz-productor-de-television-y-teatro\/","og_site_name":"Fuentes Fidedignas","article_publisher":"https:\/\/www.facebook.com\/Fuentes-Fidedignas-368234489921644","article_published_time":"2024-03-18T19:27:17+00:00","article_modified_time":"2024-03-18T19:27:18+00:00","og_image":[{"width":1026,"height":596,"url":"https:\/\/fuentesfidedignas.com.mx\/wp-content\/uploads\/2024\/03\/img_4130-1.png","type":"image\/png"}],"author":"L\u00f3pez D\u00f3riga","twitter_card":"summary_large_image","twitter_creator":"@fidedignas","twitter_site":"@fidedignas","twitter_misc":{"Escrito por":"L\u00f3pez D\u00f3riga","Tiempo de lectura":"2 minutos"},"schema":{"@context":"https:\/\/schema.org","@graph":[{"@type":"Article","@id":"https:\/\/fuentesfidedignas.com.mx\/index.php\/2024\/03\/18\/fallece-nicandro-diaz-productor-de-television-y-teatro\/#article","isPartOf":{"@id":"https:\/\/fuentesfidedignas.com.mx\/index.php\/2024\/03\/18\/fallece-nicandro-diaz-productor-de-television-y-teatro\/"},"author":{"name":"L\u00f3pez D\u00f3riga","@id":"https:\/\/fuentesfidedignas.com.mx\/#\/schema\/person\/67d852f0557c8509146a4b9ddebd543a"},"headline":"Fallece Nicandro D\u00edaz, productor de televisi\u00f3n y teatro","datePublished":"2024-03-18T19:27:17+00:00","dateModified":"2024-03-18T19:27:18+00:00","mainEntityOfPage":{"@id":"https:\/\/fuentesfidedignas.com.mx\/index.php\/2024\/03\/18\/fallece-nicandro-diaz-productor-de-television-y-teatro\/"},"wordCount":323,"commentCount":0,"publisher":{"@id":"https:\/\/fuentesfidedignas.com.mx\/#organization"},"image":{"@id":"https:\/\/fuentesfidedignas.com.mx\/index.php\/2024\/03\/18\/fallece-nicandro-diaz-productor-de-television-y-teatro\/#primaryimage"},"thumbnailUrl":"https:\/\/fuentesfidedignas.com.mx\/wp-content\/uploads\/2024\/03\/img_4130-1.png","articleSection":["NOTICIAS NACIONALES"],"inLanguage":"es","potentialAction":[{"@type":"CommentAction","name":"Comment","target":["https:\/\/fuentesfidedignas.com.mx\/index.php\/2024\/03\/18\/fallece-nicandro-diaz-productor-de-television-y-teatro\/#respond"]}]},{"@type":"WebPage","@id":"https:\/\/fuentesfidedignas.com.mx\/index.php\/2024\/03\/18\/fallece-nicandro-diaz-productor-de-television-y-teatro\/","url":"https:\/\/fuentesfidedignas.com.mx\/index.php\/2024\/03\/18\/fallece-nicandro-diaz-productor-de-television-y-teatro\/","name":"Fallece Nicandro D\u00edaz, productor de televisi\u00f3n y teatro - Fuentes Fidedignas","isPartOf":{"@id":"https:\/\/fuentesfidedignas.com.mx\/#website"},"primaryImageOfPage":{"@id":"https:\/\/fuentesfidedignas.com.mx\/index.php\/2024\/03\/18\/fallece-nicandro-diaz-productor-de-television-y-teatro\/#primaryimage"},"image":{"@id":"https:\/\/fuentesfidedignas.com.mx\/index.php\/2024\/03\/18\/fallece-nicandro-diaz-productor-de-television-y-teatro\/#primaryimage"},"thumbnailUrl":"https:\/\/fuentesfidedignas.com.mx\/wp-content\/uploads\/2024\/03\/img_4130-1.png","datePublished":"2024-03-18T19:27:17+00:00","dateModified":"2024-03-18T19:27:18+00:00","breadcrumb":{"@id":"https:\/\/fuentesfidedignas.com.mx\/index.php\/2024\/03\/18\/fallece-nicandro-diaz-productor-de-television-y-teatro\/#breadcrumb"},"inLanguage":"es","potentialAction":[{"@type":"ReadAction","target":["https:\/\/fuentesfidedignas.com.mx\/index.php\/2024\/03\/18\/fallece-nicandro-diaz-productor-de-television-y-teatro\/"]}]},{"@type":"ImageObject","inLanguage":"es","@id":"https:\/\/fuentesfidedignas.com.mx\/index.php\/2024\/03\/18\/fallece-nicandro-diaz-productor-de-television-y-teatro\/#primaryimage","url":"https:\/\/fuentesfidedignas.com.mx\/wp-content\/uploads\/2024\/03\/img_4130-1.png","contentUrl":"https:\/\/fuentesfidedignas.com.mx\/wp-content\/uploads\/2024\/03\/img_4130-1.png","width":1026,"height":596},{"@type":"BreadcrumbList","@id":"https:\/\/fuentesfidedignas.com.mx\/index.php\/2024\/03\/18\/fallece-nicandro-diaz-productor-de-television-y-teatro\/#breadcrumb","itemListElement":[{"@type":"ListItem","position":1,"name":"Inicio","item":"https:\/\/fuentesfidedignas.com.mx\/"},{"@type":"ListItem","position":2,"name":"Fallece Nicandro D\u00edaz, productor de televisi\u00f3n y teatro"}]},{"@type":"WebSite","@id":"https:\/\/fuentesfidedignas.com.mx\/#website","url":"https:\/\/fuentesfidedignas.com.mx\/","name":"Fuentes Fidedignas","description":"Otro sitio realizado con WordPress","publisher":{"@id":"https:\/\/fuentesfidedignas.com.mx\/#organization"},"potentialAction":[{"@type":"SearchAction","target":{"@type":"EntryPoint","urlTemplate":"https:\/\/fuentesfidedignas.com.mx\/?s={search_term_string}"},"query-input":{"@type":"PropertyValueSpecification","valueRequired":true,"valueName":"search_term_string"}}],"inLanguage":"es"},{"@type":"Organization","@id":"https:\/\/fuentesfidedignas.com.mx\/#organization","name":"Fuentes Fidedignas","url":"https:\/\/fuentesfidedignas.com.mx\/","logo":{"@type":"ImageObject","inLanguage":"es","@id":"https:\/\/fuentesfidedignas.com.mx\/#\/schema\/logo\/image\/","url":"https:\/\/fuentesfidedignas.com.mx\/wp-content\/uploads\/2021\/04\/logo-retina.png","contentUrl":"https:\/\/fuentesfidedignas.com.mx\/wp-content\/uploads\/2021\/04\/logo-retina.png","width":280,"height":51,"caption":"Fuentes Fidedignas"},"image":{"@id":"https:\/\/fuentesfidedignas.com.mx\/#\/schema\/logo\/image\/"},"sameAs":["https:\/\/www.facebook.com\/Fuentes-Fidedignas-368234489921644","https:\/\/x.com\/fidedignas"]},{"@type":"Person","@id":"https:\/\/fuentesfidedignas.com.mx\/#\/schema\/person\/67d852f0557c8509146a4b9ddebd543a","name":"L\u00f3pez D\u00f3riga","image":{"@type":"ImageObject","inLanguage":"es","@id":"https:\/\/secure.gravatar.com\/avatar\/e525b06574ca18b33cded59dfe5778d6c823b9513154eff47da551b0551bdd1e?s=96&d=mm&r=g","url":"https:\/\/secure.gravatar.com\/avatar\/e525b06574ca18b33cded59dfe5778d6c823b9513154eff47da551b0551bdd1e?s=96&d=mm&r=g","contentUrl":"https:\/\/secure.gravatar.com\/avatar\/e525b06574ca18b33cded59dfe5778d6c823b9513154eff47da551b0551bdd1e?s=96&d=mm&r=g","caption":"L\u00f3pez D\u00f3riga"},"url":"https:\/\/fuentesfidedignas.com.mx\/index.php\/author\/doriga\/"}]}},"_links":{"self":[{"href":"https:\/\/fuentesfidedignas.com.mx\/index.php\/wp-json\/wp\/v2\/posts\/77223","targetHints":{"allow":["GET"]}}],"collection":[{"href":"https:\/\/fuentesfidedignas.com.mx\/index.php\/wp-json\/wp\/v2\/posts"}],"about":[{"href":"https:\/\/fuentesfidedignas.com.mx\/index.php\/wp-json\/wp\/v2\/types\/post"}],"author":[{"embeddable":true,"href":"https:\/\/fuentesfidedignas.com.mx\/index.php\/wp-json\/wp\/v2\/users\/47"}],"replies":[{"embeddable":true,"href":"https:\/\/fuentesfidedignas.com.mx\/index.php\/wp-json\/wp\/v2\/comments?post=77223"}],"version-history":[{"count":1,"href":"https:\/\/fuentesfidedignas.com.mx\/index.php\/wp-json\/wp\/v2\/posts\/77223\/revisions"}],"predecessor-version":[{"id":77224,"href":"https:\/\/fuentesfidedignas.com.mx\/index.php\/wp-json\/wp\/v2\/posts\/77223\/revisions\/77224"}],"wp:featuredmedia":[{"embeddable":true,"href":"https:\/\/fuentesfidedignas.com.mx\/index.php\/wp-json\/wp\/v2\/media\/77222"}],"wp:attachment":[{"href":"https:\/\/fuentesfidedignas.com.mx\/index.php\/wp-json\/wp\/v2\/media?parent=77223"}],"wp:term":[{"taxonomy":"category","embeddable":true,"href":"https:\/\/fuentesfidedignas.com.mx\/index.php\/wp-json\/wp\/v2\/categories?post=77223"},{"taxonomy":"post_tag","embeddable":true,"href":"https:\/\/fuentesfidedignas.com.mx\/index.php\/wp-json\/wp\/v2\/tags?post=77223"}],"curies":[{"name":"wp","href":"https:\/\/api.w.org\/{rel}","templated":true}]}}