{"id":7709,"date":"2021-07-18T09:13:25","date_gmt":"2021-07-18T16:13:25","guid":{"rendered":"https:\/\/fuentesfidedignas.com.mx\/?p=7709"},"modified":"2021-07-18T09:18:05","modified_gmt":"2021-07-18T16:18:05","slug":"la-tormenta-tropical-guillermo-ya-se-encuentra-en-el-pacifico","status":"publish","type":"post","link":"https:\/\/fuentesfidedignas.com.mx\/index.php\/2021\/07\/18\/la-tormenta-tropical-guillermo-ya-se-encuentra-en-el-pacifico\/","title":{"rendered":"La tormenta tropical \u201cGuillermo\u201d ya se encuentra en el Pac\u00edfico"},"content":{"rendered":"\n<p><strong><em>\u201cGuillermo\u201d desencadenar\u00e1 chubascos y fuertes lluvias acompa\u00f1adas de actividad el\u00e9ctrica y posibles granizadas sobre los estados del noroeste, norte, occidente y centro de M\u00e9xico<\/em><\/strong><\/p>\n\n\n\n<p>Ciudad de M\u00e9xico.- Durante el domingo se extender\u00e1 un canal de baja presi\u00f3n desde el noroeste hasta el centro del pa\u00eds, asimismo, interaccionar\u00e1 con inestabilidad atmosf\u00e9rica superior as\u00ed como con la entrada de humedad generada por la circulaci\u00f3n de la tormenta tropical \u201cGuillermo\u201d en el Oc\u00e9ano Pac\u00edfico.<\/p>\n\n\n\n<p>Esto desencadenar\u00e1 chubascos y fuertes lluvias acompa\u00f1adas de actividad el\u00e9ctrica y posibles granizadas en los estados del noroeste, norte, occidente y centro de M\u00e9xico.<\/p>\n\n\n\n<p>De igual forma, se esperan lluvias muy puntuales y fuertes en Sonora, Sinaloa y Chihuahua, de acuerdo con informaci\u00f3n del Servicio Meteorol\u00f3gico Nacional (SMN).<\/p>\n\n\n\n<p>El pron\u00f3stico para el Valle de M\u00e9xico es de un cielo parcialmente nublado por la ma\u00f1ana, mientras que en la tarde la nubosidad incrementar\u00e1 y se pronostican lluvias puntuales fuertes, que estar\u00e1n acompa\u00f1adas de descargas el\u00e9ctricas y posible ca\u00edda de granizo en la Ciudad de M\u00e9xico y el Estado de M\u00e9xico.<\/p>\n\n\n\n<p>En la Ciudad de M\u00e9xico se pronostica una temperatura m\u00ednima de 12\u00b0C y una m\u00e1xima de 24\u00b0C. Para Toluca, el pron\u00f3stico indica que habr\u00e1 una temperatura m\u00ednima de 7\u00b0C y m\u00e1xima de 21\u00b0C.<\/p>\n\n\n\n<p>La onda tropical N\u00fam. 12 recorrer\u00e1 el sureste y oriente del territorio nacional, lo que generar\u00e1 lluvias fuertes a muy fuertes con descargas el\u00e9ctricas en dichas regiones.<\/p>\n\n\n\n<p>Por otra parte, un canal de baja presi\u00f3n sobre la Pen\u00ednsula de Yucat\u00e1n y la aproximaci\u00f3n de una nueva onda tropical, ocasionar\u00e1 lluvias puntuales muy fuertes con descargas el\u00e9ctricas en Campeche y Yucat\u00e1n, as\u00ed como fuertes en Quintana Roo.<\/p>\n\n\n\n<p>La Tormenta Tropical \u201cGuillermo\u201d al suroeste de Baja California Sur, ocasionar\u00e1 lluvias aisladas en la Pen\u00ednsula.<\/p>\n\n\n\n<p>Predominar\u00e1 el ambiente caluroso y muy caluroso sobre los estados del noroeste, norte, noreste y occidente de la Rep\u00fablica Mexicana, as\u00ed como en la Pen\u00ednsula de Yucat\u00e1n, con temperaturas m\u00e1ximas de 45 a 50\u00b0C en Baja California (norte) y de 40 a 45\u00b0 en Sonora (noroeste) y Campeche.<\/p>\n","protected":false},"excerpt":{"rendered":"<p>\u201cGuillermo\u201d desencadenar\u00e1 chubascos y fuertes lluvias acompa\u00f1adas de actividad el\u00e9ctrica y posibles granizadas sobre los estados del noroeste, norte, occidente y centro de M\u00e9xico Ciudad de M\u00e9xico.- Durante el domingo se extender\u00e1 un canal de baja presi\u00f3n desde el noroeste hasta el centro del pa\u00eds, asimismo, interaccionar\u00e1 con inestabilidad atmosf\u00e9rica superior as\u00ed como con la [&hellip;]<\/p>\n","protected":false},"author":41,"featured_media":7710,"comment_status":"open","ping_status":"open","sticky":false,"template":"","format":"standard","meta":{"tdm_status":"","tdm_grid_status":"","footnotes":""},"categories":[37],"tags":[1353,364,363,1352],"class_list":{"0":"post-7709","1":"post","2":"type-post","3":"status-publish","4":"format-standard","5":"has-post-thumbnail","7":"category-nota-principal","8":"tag-oceano-pacifico","9":"tag-servicio-meteorologico-nacional","10":"tag-smn","11":"tag-tormenta-tropical"},"yoast_head":"<!-- This site is optimized with the Yoast SEO plugin v27.5 - https:\/\/yoast.com\/product\/yoast-seo-wordpress\/ -->\n<title>La tormenta tropical \u201cGuillermo\u201d ya se encuentra en el Pac\u00edfico - Fuentes Fidedignas<\/title>\n<meta name=\"robots\" content=\"index, follow, max-snippet:-1, max-image-preview:large, max-video-preview:-1\" \/>\n<link rel=\"canonical\" href=\"https:\/\/fuentesfidedignas.com.mx\/index.php\/2021\/07\/18\/la-tormenta-tropical-guillermo-ya-se-encuentra-en-el-pacifico\/\" \/>\n<meta property=\"og:locale\" content=\"es_MX\" \/>\n<meta property=\"og:type\" content=\"article\" \/>\n<meta property=\"og:title\" content=\"La tormenta tropical \u201cGuillermo\u201d ya se encuentra en el Pac\u00edfico - Fuentes Fidedignas\" \/>\n<meta property=\"og:description\" content=\"\u201cGuillermo\u201d desencadenar\u00e1 chubascos y fuertes lluvias acompa\u00f1adas de actividad el\u00e9ctrica y posibles granizadas sobre los estados del noroeste, norte, occidente y centro de M\u00e9xico Ciudad de M\u00e9xico.- Durante el domingo se extender\u00e1 un canal de baja presi\u00f3n desde el noroeste hasta el centro del pa\u00eds, asimismo, interaccionar\u00e1 con inestabilidad atmosf\u00e9rica superior as\u00ed como con la [&hellip;]\" \/>\n<meta property=\"og:url\" content=\"https:\/\/fuentesfidedignas.com.mx\/index.php\/2021\/07\/18\/la-tormenta-tropical-guillermo-ya-se-encuentra-en-el-pacifico\/\" \/>\n<meta property=\"og:site_name\" content=\"Fuentes Fidedignas\" \/>\n<meta property=\"article:publisher\" content=\"https:\/\/www.facebook.com\/Fuentes-Fidedignas-368234489921644\" \/>\n<meta property=\"article:published_time\" content=\"2021-07-18T16:13:25+00:00\" \/>\n<meta property=\"article:modified_time\" content=\"2021-07-18T16:18:05+00:00\" \/>\n<meta property=\"og:image\" content=\"https:\/\/fuentesfidedignas.com.mx\/wp-content\/uploads\/2021\/07\/TORMENTA_MEMO.jpg\" \/>\n\t<meta property=\"og:image:width\" content=\"992\" \/>\n\t<meta property=\"og:image:height\" content=\"744\" \/>\n\t<meta property=\"og:image:type\" content=\"image\/jpeg\" \/>\n<meta name=\"author\" content=\"Infobae\" \/>\n<meta name=\"twitter:card\" content=\"summary_large_image\" \/>\n<meta name=\"twitter:creator\" content=\"@fidedignas\" \/>\n<meta name=\"twitter:site\" content=\"@fidedignas\" \/>\n<meta name=\"twitter:label1\" content=\"Escrito por\" \/>\n\t<meta name=\"twitter:data1\" content=\"Infobae\" \/>\n\t<meta name=\"twitter:label2\" content=\"Tiempo de lectura\" \/>\n\t<meta name=\"twitter:data2\" content=\"2 minutos\" \/>\n<script type=\"application\/ld+json\" class=\"yoast-schema-graph\">{\"@context\":\"https:\\\/\\\/schema.org\",\"@graph\":[{\"@type\":\"Article\",\"@id\":\"https:\\\/\\\/fuentesfidedignas.com.mx\\\/index.php\\\/2021\\\/07\\\/18\\\/la-tormenta-tropical-guillermo-ya-se-encuentra-en-el-pacifico\\\/#article\",\"isPartOf\":{\"@id\":\"https:\\\/\\\/fuentesfidedignas.com.mx\\\/index.php\\\/2021\\\/07\\\/18\\\/la-tormenta-tropical-guillermo-ya-se-encuentra-en-el-pacifico\\\/\"},\"author\":{\"name\":\"Infobae\",\"@id\":\"https:\\\/\\\/fuentesfidedignas.com.mx\\\/#\\\/schema\\\/person\\\/8575896a7c1067d352f6c1cd6582c389\"},\"headline\":\"La tormenta tropical \u201cGuillermo\u201d ya se encuentra en el Pac\u00edfico\",\"datePublished\":\"2021-07-18T16:13:25+00:00\",\"dateModified\":\"2021-07-18T16:18:05+00:00\",\"mainEntityOfPage\":{\"@id\":\"https:\\\/\\\/fuentesfidedignas.com.mx\\\/index.php\\\/2021\\\/07\\\/18\\\/la-tormenta-tropical-guillermo-ya-se-encuentra-en-el-pacifico\\\/\"},\"wordCount\":384,\"commentCount\":0,\"publisher\":{\"@id\":\"https:\\\/\\\/fuentesfidedignas.com.mx\\\/#organization\"},\"image\":{\"@id\":\"https:\\\/\\\/fuentesfidedignas.com.mx\\\/index.php\\\/2021\\\/07\\\/18\\\/la-tormenta-tropical-guillermo-ya-se-encuentra-en-el-pacifico\\\/#primaryimage\"},\"thumbnailUrl\":\"https:\\\/\\\/fuentesfidedignas.com.mx\\\/wp-content\\\/uploads\\\/2021\\\/07\\\/TORMENTA_MEMO.jpg\",\"keywords\":[\"Oc\u00e9ano Pac\u00edfico\",\"Servicio Meteorol\u00f3gico Nacional\",\"SMN\",\"Tormenta tropical\"],\"articleSection\":[\"NOTA PRINCIPAL\"],\"inLanguage\":\"es\",\"potentialAction\":[{\"@type\":\"CommentAction\",\"name\":\"Comment\",\"target\":[\"https:\\\/\\\/fuentesfidedignas.com.mx\\\/index.php\\\/2021\\\/07\\\/18\\\/la-tormenta-tropical-guillermo-ya-se-encuentra-en-el-pacifico\\\/#respond\"]}]},{\"@type\":\"WebPage\",\"@id\":\"https:\\\/\\\/fuentesfidedignas.com.mx\\\/index.php\\\/2021\\\/07\\\/18\\\/la-tormenta-tropical-guillermo-ya-se-encuentra-en-el-pacifico\\\/\",\"url\":\"https:\\\/\\\/fuentesfidedignas.com.mx\\\/index.php\\\/2021\\\/07\\\/18\\\/la-tormenta-tropical-guillermo-ya-se-encuentra-en-el-pacifico\\\/\",\"name\":\"La tormenta tropical \u201cGuillermo\u201d ya se encuentra en el Pac\u00edfico - Fuentes Fidedignas\",\"isPartOf\":{\"@id\":\"https:\\\/\\\/fuentesfidedignas.com.mx\\\/#website\"},\"primaryImageOfPage\":{\"@id\":\"https:\\\/\\\/fuentesfidedignas.com.mx\\\/index.php\\\/2021\\\/07\\\/18\\\/la-tormenta-tropical-guillermo-ya-se-encuentra-en-el-pacifico\\\/#primaryimage\"},\"image\":{\"@id\":\"https:\\\/\\\/fuentesfidedignas.com.mx\\\/index.php\\\/2021\\\/07\\\/18\\\/la-tormenta-tropical-guillermo-ya-se-encuentra-en-el-pacifico\\\/#primaryimage\"},\"thumbnailUrl\":\"https:\\\/\\\/fuentesfidedignas.com.mx\\\/wp-content\\\/uploads\\\/2021\\\/07\\\/TORMENTA_MEMO.jpg\",\"datePublished\":\"2021-07-18T16:13:25+00:00\",\"dateModified\":\"2021-07-18T16:18:05+00:00\",\"breadcrumb\":{\"@id\":\"https:\\\/\\\/fuentesfidedignas.com.mx\\\/index.php\\\/2021\\\/07\\\/18\\\/la-tormenta-tropical-guillermo-ya-se-encuentra-en-el-pacifico\\\/#breadcrumb\"},\"inLanguage\":\"es\",\"potentialAction\":[{\"@type\":\"ReadAction\",\"target\":[\"https:\\\/\\\/fuentesfidedignas.com.mx\\\/index.php\\\/2021\\\/07\\\/18\\\/la-tormenta-tropical-guillermo-ya-se-encuentra-en-el-pacifico\\\/\"]}]},{\"@type\":\"ImageObject\",\"inLanguage\":\"es\",\"@id\":\"https:\\\/\\\/fuentesfidedignas.com.mx\\\/index.php\\\/2021\\\/07\\\/18\\\/la-tormenta-tropical-guillermo-ya-se-encuentra-en-el-pacifico\\\/#primaryimage\",\"url\":\"https:\\\/\\\/fuentesfidedignas.com.mx\\\/wp-content\\\/uploads\\\/2021\\\/07\\\/TORMENTA_MEMO.jpg\",\"contentUrl\":\"https:\\\/\\\/fuentesfidedignas.com.mx\\\/wp-content\\\/uploads\\\/2021\\\/07\\\/TORMENTA_MEMO.jpg\",\"width\":992,\"height\":744},{\"@type\":\"BreadcrumbList\",\"@id\":\"https:\\\/\\\/fuentesfidedignas.com.mx\\\/index.php\\\/2021\\\/07\\\/18\\\/la-tormenta-tropical-guillermo-ya-se-encuentra-en-el-pacifico\\\/#breadcrumb\",\"itemListElement\":[{\"@type\":\"ListItem\",\"position\":1,\"name\":\"Inicio\",\"item\":\"https:\\\/\\\/fuentesfidedignas.com.mx\\\/\"},{\"@type\":\"ListItem\",\"position\":2,\"name\":\"La tormenta tropical \u201cGuillermo\u201d ya se encuentra en el Pac\u00edfico\"}]},{\"@type\":\"WebSite\",\"@id\":\"https:\\\/\\\/fuentesfidedignas.com.mx\\\/#website\",\"url\":\"https:\\\/\\\/fuentesfidedignas.com.mx\\\/\",\"name\":\"Fuentes Fidedignas\",\"description\":\"Otro sitio realizado con WordPress\",\"publisher\":{\"@id\":\"https:\\\/\\\/fuentesfidedignas.com.mx\\\/#organization\"},\"potentialAction\":[{\"@type\":\"SearchAction\",\"target\":{\"@type\":\"EntryPoint\",\"urlTemplate\":\"https:\\\/\\\/fuentesfidedignas.com.mx\\\/?s={search_term_string}\"},\"query-input\":{\"@type\":\"PropertyValueSpecification\",\"valueRequired\":true,\"valueName\":\"search_term_string\"}}],\"inLanguage\":\"es\"},{\"@type\":\"Organization\",\"@id\":\"https:\\\/\\\/fuentesfidedignas.com.mx\\\/#organization\",\"name\":\"Fuentes Fidedignas\",\"url\":\"https:\\\/\\\/fuentesfidedignas.com.mx\\\/\",\"logo\":{\"@type\":\"ImageObject\",\"inLanguage\":\"es\",\"@id\":\"https:\\\/\\\/fuentesfidedignas.com.mx\\\/#\\\/schema\\\/logo\\\/image\\\/\",\"url\":\"https:\\\/\\\/fuentesfidedignas.com.mx\\\/wp-content\\\/uploads\\\/2021\\\/04\\\/logo-retina.png\",\"contentUrl\":\"https:\\\/\\\/fuentesfidedignas.com.mx\\\/wp-content\\\/uploads\\\/2021\\\/04\\\/logo-retina.png\",\"width\":280,\"height\":51,\"caption\":\"Fuentes Fidedignas\"},\"image\":{\"@id\":\"https:\\\/\\\/fuentesfidedignas.com.mx\\\/#\\\/schema\\\/logo\\\/image\\\/\"},\"sameAs\":[\"https:\\\/\\\/www.facebook.com\\\/Fuentes-Fidedignas-368234489921644\",\"https:\\\/\\\/x.com\\\/fidedignas\"]},{\"@type\":\"Person\",\"@id\":\"https:\\\/\\\/fuentesfidedignas.com.mx\\\/#\\\/schema\\\/person\\\/8575896a7c1067d352f6c1cd6582c389\",\"name\":\"Infobae\",\"image\":{\"@type\":\"ImageObject\",\"inLanguage\":\"es\",\"@id\":\"https:\\\/\\\/secure.gravatar.com\\\/avatar\\\/e4ec95706f8d1670343f6526fdcec45474bab17475a851434a64ca12b5acba1c?s=96&d=mm&r=g\",\"url\":\"https:\\\/\\\/secure.gravatar.com\\\/avatar\\\/e4ec95706f8d1670343f6526fdcec45474bab17475a851434a64ca12b5acba1c?s=96&d=mm&r=g\",\"contentUrl\":\"https:\\\/\\\/secure.gravatar.com\\\/avatar\\\/e4ec95706f8d1670343f6526fdcec45474bab17475a851434a64ca12b5acba1c?s=96&d=mm&r=g\",\"caption\":\"Infobae\"},\"url\":\"https:\\\/\\\/fuentesfidedignas.com.mx\\\/index.php\\\/author\\\/infobae\\\/\"}]}<\/script>\n<!-- \/ Yoast SEO plugin. -->","yoast_head_json":{"title":"La tormenta tropical \u201cGuillermo\u201d ya se encuentra en el Pac\u00edfico - Fuentes Fidedignas","robots":{"index":"index","follow":"follow","max-snippet":"max-snippet:-1","max-image-preview":"max-image-preview:large","max-video-preview":"max-video-preview:-1"},"canonical":"https:\/\/fuentesfidedignas.com.mx\/index.php\/2021\/07\/18\/la-tormenta-tropical-guillermo-ya-se-encuentra-en-el-pacifico\/","og_locale":"es_MX","og_type":"article","og_title":"La tormenta tropical \u201cGuillermo\u201d ya se encuentra en el Pac\u00edfico - Fuentes Fidedignas","og_description":"\u201cGuillermo\u201d desencadenar\u00e1 chubascos y fuertes lluvias acompa\u00f1adas de actividad el\u00e9ctrica y posibles granizadas sobre los estados del noroeste, norte, occidente y centro de M\u00e9xico Ciudad de M\u00e9xico.- Durante el domingo se extender\u00e1 un canal de baja presi\u00f3n desde el noroeste hasta el centro del pa\u00eds, asimismo, interaccionar\u00e1 con inestabilidad atmosf\u00e9rica superior as\u00ed como con la [&hellip;]","og_url":"https:\/\/fuentesfidedignas.com.mx\/index.php\/2021\/07\/18\/la-tormenta-tropical-guillermo-ya-se-encuentra-en-el-pacifico\/","og_site_name":"Fuentes Fidedignas","article_publisher":"https:\/\/www.facebook.com\/Fuentes-Fidedignas-368234489921644","article_published_time":"2021-07-18T16:13:25+00:00","article_modified_time":"2021-07-18T16:18:05+00:00","og_image":[{"width":992,"height":744,"url":"https:\/\/fuentesfidedignas.com.mx\/wp-content\/uploads\/2021\/07\/TORMENTA_MEMO.jpg","type":"image\/jpeg"}],"author":"Infobae","twitter_card":"summary_large_image","twitter_creator":"@fidedignas","twitter_site":"@fidedignas","twitter_misc":{"Escrito por":"Infobae","Tiempo de lectura":"2 minutos"},"schema":{"@context":"https:\/\/schema.org","@graph":[{"@type":"Article","@id":"https:\/\/fuentesfidedignas.com.mx\/index.php\/2021\/07\/18\/la-tormenta-tropical-guillermo-ya-se-encuentra-en-el-pacifico\/#article","isPartOf":{"@id":"https:\/\/fuentesfidedignas.com.mx\/index.php\/2021\/07\/18\/la-tormenta-tropical-guillermo-ya-se-encuentra-en-el-pacifico\/"},"author":{"name":"Infobae","@id":"https:\/\/fuentesfidedignas.com.mx\/#\/schema\/person\/8575896a7c1067d352f6c1cd6582c389"},"headline":"La tormenta tropical \u201cGuillermo\u201d ya se encuentra en el Pac\u00edfico","datePublished":"2021-07-18T16:13:25+00:00","dateModified":"2021-07-18T16:18:05+00:00","mainEntityOfPage":{"@id":"https:\/\/fuentesfidedignas.com.mx\/index.php\/2021\/07\/18\/la-tormenta-tropical-guillermo-ya-se-encuentra-en-el-pacifico\/"},"wordCount":384,"commentCount":0,"publisher":{"@id":"https:\/\/fuentesfidedignas.com.mx\/#organization"},"image":{"@id":"https:\/\/fuentesfidedignas.com.mx\/index.php\/2021\/07\/18\/la-tormenta-tropical-guillermo-ya-se-encuentra-en-el-pacifico\/#primaryimage"},"thumbnailUrl":"https:\/\/fuentesfidedignas.com.mx\/wp-content\/uploads\/2021\/07\/TORMENTA_MEMO.jpg","keywords":["Oc\u00e9ano Pac\u00edfico","Servicio Meteorol\u00f3gico Nacional","SMN","Tormenta tropical"],"articleSection":["NOTA PRINCIPAL"],"inLanguage":"es","potentialAction":[{"@type":"CommentAction","name":"Comment","target":["https:\/\/fuentesfidedignas.com.mx\/index.php\/2021\/07\/18\/la-tormenta-tropical-guillermo-ya-se-encuentra-en-el-pacifico\/#respond"]}]},{"@type":"WebPage","@id":"https:\/\/fuentesfidedignas.com.mx\/index.php\/2021\/07\/18\/la-tormenta-tropical-guillermo-ya-se-encuentra-en-el-pacifico\/","url":"https:\/\/fuentesfidedignas.com.mx\/index.php\/2021\/07\/18\/la-tormenta-tropical-guillermo-ya-se-encuentra-en-el-pacifico\/","name":"La tormenta tropical \u201cGuillermo\u201d ya se encuentra en el Pac\u00edfico - Fuentes Fidedignas","isPartOf":{"@id":"https:\/\/fuentesfidedignas.com.mx\/#website"},"primaryImageOfPage":{"@id":"https:\/\/fuentesfidedignas.com.mx\/index.php\/2021\/07\/18\/la-tormenta-tropical-guillermo-ya-se-encuentra-en-el-pacifico\/#primaryimage"},"image":{"@id":"https:\/\/fuentesfidedignas.com.mx\/index.php\/2021\/07\/18\/la-tormenta-tropical-guillermo-ya-se-encuentra-en-el-pacifico\/#primaryimage"},"thumbnailUrl":"https:\/\/fuentesfidedignas.com.mx\/wp-content\/uploads\/2021\/07\/TORMENTA_MEMO.jpg","datePublished":"2021-07-18T16:13:25+00:00","dateModified":"2021-07-18T16:18:05+00:00","breadcrumb":{"@id":"https:\/\/fuentesfidedignas.com.mx\/index.php\/2021\/07\/18\/la-tormenta-tropical-guillermo-ya-se-encuentra-en-el-pacifico\/#breadcrumb"},"inLanguage":"es","potentialAction":[{"@type":"ReadAction","target":["https:\/\/fuentesfidedignas.com.mx\/index.php\/2021\/07\/18\/la-tormenta-tropical-guillermo-ya-se-encuentra-en-el-pacifico\/"]}]},{"@type":"ImageObject","inLanguage":"es","@id":"https:\/\/fuentesfidedignas.com.mx\/index.php\/2021\/07\/18\/la-tormenta-tropical-guillermo-ya-se-encuentra-en-el-pacifico\/#primaryimage","url":"https:\/\/fuentesfidedignas.com.mx\/wp-content\/uploads\/2021\/07\/TORMENTA_MEMO.jpg","contentUrl":"https:\/\/fuentesfidedignas.com.mx\/wp-content\/uploads\/2021\/07\/TORMENTA_MEMO.jpg","width":992,"height":744},{"@type":"BreadcrumbList","@id":"https:\/\/fuentesfidedignas.com.mx\/index.php\/2021\/07\/18\/la-tormenta-tropical-guillermo-ya-se-encuentra-en-el-pacifico\/#breadcrumb","itemListElement":[{"@type":"ListItem","position":1,"name":"Inicio","item":"https:\/\/fuentesfidedignas.com.mx\/"},{"@type":"ListItem","position":2,"name":"La tormenta tropical \u201cGuillermo\u201d ya se encuentra en el Pac\u00edfico"}]},{"@type":"WebSite","@id":"https:\/\/fuentesfidedignas.com.mx\/#website","url":"https:\/\/fuentesfidedignas.com.mx\/","name":"Fuentes Fidedignas","description":"Otro sitio realizado con WordPress","publisher":{"@id":"https:\/\/fuentesfidedignas.com.mx\/#organization"},"potentialAction":[{"@type":"SearchAction","target":{"@type":"EntryPoint","urlTemplate":"https:\/\/fuentesfidedignas.com.mx\/?s={search_term_string}"},"query-input":{"@type":"PropertyValueSpecification","valueRequired":true,"valueName":"search_term_string"}}],"inLanguage":"es"},{"@type":"Organization","@id":"https:\/\/fuentesfidedignas.com.mx\/#organization","name":"Fuentes Fidedignas","url":"https:\/\/fuentesfidedignas.com.mx\/","logo":{"@type":"ImageObject","inLanguage":"es","@id":"https:\/\/fuentesfidedignas.com.mx\/#\/schema\/logo\/image\/","url":"https:\/\/fuentesfidedignas.com.mx\/wp-content\/uploads\/2021\/04\/logo-retina.png","contentUrl":"https:\/\/fuentesfidedignas.com.mx\/wp-content\/uploads\/2021\/04\/logo-retina.png","width":280,"height":51,"caption":"Fuentes Fidedignas"},"image":{"@id":"https:\/\/fuentesfidedignas.com.mx\/#\/schema\/logo\/image\/"},"sameAs":["https:\/\/www.facebook.com\/Fuentes-Fidedignas-368234489921644","https:\/\/x.com\/fidedignas"]},{"@type":"Person","@id":"https:\/\/fuentesfidedignas.com.mx\/#\/schema\/person\/8575896a7c1067d352f6c1cd6582c389","name":"Infobae","image":{"@type":"ImageObject","inLanguage":"es","@id":"https:\/\/secure.gravatar.com\/avatar\/e4ec95706f8d1670343f6526fdcec45474bab17475a851434a64ca12b5acba1c?s=96&d=mm&r=g","url":"https:\/\/secure.gravatar.com\/avatar\/e4ec95706f8d1670343f6526fdcec45474bab17475a851434a64ca12b5acba1c?s=96&d=mm&r=g","contentUrl":"https:\/\/secure.gravatar.com\/avatar\/e4ec95706f8d1670343f6526fdcec45474bab17475a851434a64ca12b5acba1c?s=96&d=mm&r=g","caption":"Infobae"},"url":"https:\/\/fuentesfidedignas.com.mx\/index.php\/author\/infobae\/"}]}},"_links":{"self":[{"href":"https:\/\/fuentesfidedignas.com.mx\/index.php\/wp-json\/wp\/v2\/posts\/7709","targetHints":{"allow":["GET"]}}],"collection":[{"href":"https:\/\/fuentesfidedignas.com.mx\/index.php\/wp-json\/wp\/v2\/posts"}],"about":[{"href":"https:\/\/fuentesfidedignas.com.mx\/index.php\/wp-json\/wp\/v2\/types\/post"}],"author":[{"embeddable":true,"href":"https:\/\/fuentesfidedignas.com.mx\/index.php\/wp-json\/wp\/v2\/users\/41"}],"replies":[{"embeddable":true,"href":"https:\/\/fuentesfidedignas.com.mx\/index.php\/wp-json\/wp\/v2\/comments?post=7709"}],"version-history":[{"count":2,"href":"https:\/\/fuentesfidedignas.com.mx\/index.php\/wp-json\/wp\/v2\/posts\/7709\/revisions"}],"predecessor-version":[{"id":7712,"href":"https:\/\/fuentesfidedignas.com.mx\/index.php\/wp-json\/wp\/v2\/posts\/7709\/revisions\/7712"}],"wp:featuredmedia":[{"embeddable":true,"href":"https:\/\/fuentesfidedignas.com.mx\/index.php\/wp-json\/wp\/v2\/media\/7710"}],"wp:attachment":[{"href":"https:\/\/fuentesfidedignas.com.mx\/index.php\/wp-json\/wp\/v2\/media?parent=7709"}],"wp:term":[{"taxonomy":"category","embeddable":true,"href":"https:\/\/fuentesfidedignas.com.mx\/index.php\/wp-json\/wp\/v2\/categories?post=7709"},{"taxonomy":"post_tag","embeddable":true,"href":"https:\/\/fuentesfidedignas.com.mx\/index.php\/wp-json\/wp\/v2\/tags?post=7709"}],"curies":[{"name":"wp","href":"https:\/\/api.w.org\/{rel}","templated":true}]}}