{"id":76888,"date":"2024-03-14T15:44:02","date_gmt":"2024-03-14T22:44:02","guid":{"rendered":"https:\/\/fuentesfidedignas.com.mx\/?p=76888"},"modified":"2024-03-14T15:44:03","modified_gmt":"2024-03-14T22:44:03","slug":"gracias-al-gobierno-de-la-cuarta-transformacion-juan-jose-rios-se-convierte-en-municipio-imelda-e-inzunza","status":"publish","type":"post","link":"https:\/\/fuentesfidedignas.com.mx\/index.php\/2024\/03\/14\/gracias-al-gobierno-de-la-cuarta-transformacion-juan-jose-rios-se-convierte-en-municipio-imelda-e-inzunza\/","title":{"rendered":"Gracias al gobierno de la Cuarta Transformaci\u00f3n, Juan Jos\u00e9 R\u00edos se convierte en municipio: Imelda e Inzunza"},"content":{"rendered":"\n<p><strong><em>Seguiremos recorriendo el estado para continuar con la labor del presidente L\u00f3pez Obrador: Enrique Inzunza<\/em><\/strong><\/p>\n\n\n\n<p>Juan Jos\u00e9 R\u00edos, Sin.- Los candidatos al Senado de la Rep\u00fablica por Morena, Imelda Castro y Enrique Inzunza, visitaron la sindicatura de Juan Jos\u00e9 R\u00edos. Estuvieron acompa\u00f1ados de Fel\u00edcita Pompa Robles, candidata a diputada federal por el distrito 4.<\/p>\n\n\n\n<p>Los candidatos al Congreso de la Uni\u00f3n destacaron la relevancia de estar en Juan Jos\u00e9 R\u00edos, lugar que se convertir\u00e1 en municipio a partir del 1 de noviembre del a\u00f1o 2024.<\/p>\n\n\n\n<p>La candidata Fel\u00edcita Pompa Robles expres\u00f3 su agradecimiento a los asistentes. Haciendo referencia al movimiento que comenz\u00f3 con L\u00f3pez Obrador, enfatizando la importancia de seguir caminando de la mano.<\/p>\n\n\n\n<p>Enrique Inzunza, candidato al Senado por Morena manifest\u00f3 estar contento en Juan Jos\u00e9 R\u00edos, destacando la traves\u00eda c\u00edvica que est\u00e1n realizando por pueblos y colonias. Hizo menci\u00f3n especial a Don Jos\u00e9 Rom\u00e1n, habitante de \u201cChe R\u00edos\u201d, y resalt\u00f3 su visi\u00f3n humanista, compar\u00e1ndola con la visi\u00f3n de Morena.<br>El candidato de la coalici\u00f3n Sigamos Haciendo Historia, hizo un llamado a sentir orgullo por los mayores y mencion\u00f3 que est\u00e1n recorriendo el estado para continuar con la labor del presidente Andr\u00e9s Manuel L\u00f3pez Obrador.<\/p>\n\n\n\n<p>La candidata al Senado Imelda Castro record\u00f3 en su intervenci\u00f3n las d\u00e9cadas de lucha que dieron los pobladores de Juan Jos\u00e9 R\u00edos, ante la presencia de don Jos\u00e9 Rom\u00e1n Lugo, por lograr la creaci\u00f3n del municipio, que este a\u00f1o concurrir\u00e1 a las primeras elecciones para elegir autoridades propias. \u201cEsta plazuela y estos \u00e1rboles fueron testigos\u201d, se\u00f1al\u00f3. \u201cTen\u00eda que llegar el gobierno de la Cuarta Transformaci\u00f3n para que Juan Jos\u00e9 R\u00edos se convirtiera en municipio\u201d.<\/p>\n\n\n\n<p>La candidata de Morena al Senado de la Rep\u00fablica destac\u00f3 que Juan Jos\u00e9 R\u00edos ha librado tambi\u00e9n batallas por la comercializaci\u00f3n de los productos del campo, por tener agua limpia y calles pavimentadas, y anim\u00f3 a los asistentes a recobrar la memoria de la gente que ha hecho posible estos avances.<\/p>\n\n\n\n<p>Juan Jos\u00e9 R\u00edos, anteriormente un ejido, lleva el nombre del General Juan Jos\u00e9 R\u00edos, un pol\u00edtico y militar mexicano durante la \u00e9poca de la Revoluci\u00f3n Mexicana.<\/p>\n\n\n\n<p>\u201cChe R\u00edos\u201d se dividir\u00e1 pol\u00edticamente en cuatro sindicaturas y sus respectivas comisar\u00edas. La regi\u00f3n a municipalizar cuenta con la infraestructura necesaria y legalmente requerida, y su creaci\u00f3n no afectar\u00e1 de manera significativa a los municipios de Guasave, Ahome, El Fuerte y Sinaloa.<\/p>\n","protected":false},"excerpt":{"rendered":"<p>Seguiremos recorriendo el estado para continuar con la labor del presidente L\u00f3pez Obrador: Enrique Inzunza Juan Jos\u00e9 R\u00edos, Sin.- Los candidatos al Senado de la Rep\u00fablica por Morena, Imelda Castro y Enrique Inzunza, visitaron la sindicatura de Juan Jos\u00e9 R\u00edos. Estuvieron acompa\u00f1ados de Fel\u00edcita Pompa Robles, candidata a diputada federal por el distrito 4. Los [&hellip;]<\/p>\n","protected":false},"author":4,"featured_media":76891,"comment_status":"open","ping_status":"open","sticky":false,"template":"","format":"standard","meta":{"tdm_status":"","tdm_grid_status":"","footnotes":""},"categories":[1],"tags":[],"class_list":{"0":"post-76888","1":"post","2":"type-post","3":"status-publish","4":"format-standard","5":"has-post-thumbnail","7":"category-sin-categoria"},"yoast_head":"<!-- This site is optimized with the Yoast SEO plugin v27.5 - https:\/\/yoast.com\/product\/yoast-seo-wordpress\/ -->\n<title>Gracias al gobierno de la Cuarta Transformaci\u00f3n, Juan Jos\u00e9 R\u00edos se convierte en municipio: Imelda e Inzunza - Fuentes Fidedignas<\/title>\n<meta name=\"robots\" content=\"index, follow, max-snippet:-1, max-image-preview:large, max-video-preview:-1\" \/>\n<link rel=\"canonical\" href=\"https:\/\/fuentesfidedignas.com.mx\/index.php\/2024\/03\/14\/gracias-al-gobierno-de-la-cuarta-transformacion-juan-jose-rios-se-convierte-en-municipio-imelda-e-inzunza\/\" \/>\n<meta property=\"og:locale\" content=\"es_MX\" \/>\n<meta property=\"og:type\" content=\"article\" \/>\n<meta property=\"og:title\" content=\"Gracias al gobierno de la Cuarta Transformaci\u00f3n, Juan Jos\u00e9 R\u00edos se convierte en municipio: Imelda e Inzunza - Fuentes Fidedignas\" \/>\n<meta property=\"og:description\" content=\"Seguiremos recorriendo el estado para continuar con la labor del presidente L\u00f3pez Obrador: Enrique Inzunza Juan Jos\u00e9 R\u00edos, Sin.- Los candidatos al Senado de la Rep\u00fablica por Morena, Imelda Castro y Enrique Inzunza, visitaron la sindicatura de Juan Jos\u00e9 R\u00edos. Estuvieron acompa\u00f1ados de Fel\u00edcita Pompa Robles, candidata a diputada federal por el distrito 4. Los [&hellip;]\" \/>\n<meta property=\"og:url\" content=\"https:\/\/fuentesfidedignas.com.mx\/index.php\/2024\/03\/14\/gracias-al-gobierno-de-la-cuarta-transformacion-juan-jose-rios-se-convierte-en-municipio-imelda-e-inzunza\/\" \/>\n<meta property=\"og:site_name\" content=\"Fuentes Fidedignas\" \/>\n<meta property=\"article:publisher\" content=\"https:\/\/www.facebook.com\/Fuentes-Fidedignas-368234489921644\" \/>\n<meta property=\"article:published_time\" content=\"2024-03-14T22:44:02+00:00\" \/>\n<meta property=\"article:modified_time\" content=\"2024-03-14T22:44:03+00:00\" \/>\n<meta property=\"og:image\" content=\"https:\/\/fuentesfidedignas.com.mx\/wp-content\/uploads\/2024\/03\/WhatsApp-Image-2024-03-14-at-3.15.38-PM-1-e1710456238327.jpeg\" \/>\n\t<meta property=\"og:image:width\" content=\"580\" \/>\n\t<meta property=\"og:image:height\" content=\"388\" \/>\n\t<meta property=\"og:image:type\" content=\"image\/jpeg\" \/>\n<meta name=\"author\" content=\"Redacci\u00f3n\" \/>\n<meta name=\"twitter:card\" content=\"summary_large_image\" \/>\n<meta name=\"twitter:creator\" content=\"@fidedignas\" \/>\n<meta name=\"twitter:site\" content=\"@fidedignas\" \/>\n<meta name=\"twitter:label1\" content=\"Escrito por\" \/>\n\t<meta name=\"twitter:data1\" content=\"Redacci\u00f3n\" \/>\n\t<meta name=\"twitter:label2\" content=\"Tiempo de lectura\" \/>\n\t<meta name=\"twitter:data2\" content=\"2 minutos\" \/>\n<script type=\"application\/ld+json\" class=\"yoast-schema-graph\">{\"@context\":\"https:\\\/\\\/schema.org\",\"@graph\":[{\"@type\":\"Article\",\"@id\":\"https:\\\/\\\/fuentesfidedignas.com.mx\\\/index.php\\\/2024\\\/03\\\/14\\\/gracias-al-gobierno-de-la-cuarta-transformacion-juan-jose-rios-se-convierte-en-municipio-imelda-e-inzunza\\\/#article\",\"isPartOf\":{\"@id\":\"https:\\\/\\\/fuentesfidedignas.com.mx\\\/index.php\\\/2024\\\/03\\\/14\\\/gracias-al-gobierno-de-la-cuarta-transformacion-juan-jose-rios-se-convierte-en-municipio-imelda-e-inzunza\\\/\"},\"author\":{\"name\":\"Redacci\u00f3n\",\"@id\":\"https:\\\/\\\/fuentesfidedignas.com.mx\\\/#\\\/schema\\\/person\\\/331be9283d37198e2acd5750279085b0\"},\"headline\":\"Gracias al gobierno de la Cuarta Transformaci\u00f3n, Juan Jos\u00e9 R\u00edos se convierte en municipio: Imelda e Inzunza\",\"datePublished\":\"2024-03-14T22:44:02+00:00\",\"dateModified\":\"2024-03-14T22:44:03+00:00\",\"mainEntityOfPage\":{\"@id\":\"https:\\\/\\\/fuentesfidedignas.com.mx\\\/index.php\\\/2024\\\/03\\\/14\\\/gracias-al-gobierno-de-la-cuarta-transformacion-juan-jose-rios-se-convierte-en-municipio-imelda-e-inzunza\\\/\"},\"wordCount\":454,\"commentCount\":0,\"publisher\":{\"@id\":\"https:\\\/\\\/fuentesfidedignas.com.mx\\\/#organization\"},\"image\":{\"@id\":\"https:\\\/\\\/fuentesfidedignas.com.mx\\\/index.php\\\/2024\\\/03\\\/14\\\/gracias-al-gobierno-de-la-cuarta-transformacion-juan-jose-rios-se-convierte-en-municipio-imelda-e-inzunza\\\/#primaryimage\"},\"thumbnailUrl\":\"https:\\\/\\\/fuentesfidedignas.com.mx\\\/wp-content\\\/uploads\\\/2024\\\/03\\\/WhatsApp-Image-2024-03-14-at-3.15.38-PM-1-e1710456238327.jpeg\",\"inLanguage\":\"es\",\"potentialAction\":[{\"@type\":\"CommentAction\",\"name\":\"Comment\",\"target\":[\"https:\\\/\\\/fuentesfidedignas.com.mx\\\/index.php\\\/2024\\\/03\\\/14\\\/gracias-al-gobierno-de-la-cuarta-transformacion-juan-jose-rios-se-convierte-en-municipio-imelda-e-inzunza\\\/#respond\"]}]},{\"@type\":\"WebPage\",\"@id\":\"https:\\\/\\\/fuentesfidedignas.com.mx\\\/index.php\\\/2024\\\/03\\\/14\\\/gracias-al-gobierno-de-la-cuarta-transformacion-juan-jose-rios-se-convierte-en-municipio-imelda-e-inzunza\\\/\",\"url\":\"https:\\\/\\\/fuentesfidedignas.com.mx\\\/index.php\\\/2024\\\/03\\\/14\\\/gracias-al-gobierno-de-la-cuarta-transformacion-juan-jose-rios-se-convierte-en-municipio-imelda-e-inzunza\\\/\",\"name\":\"Gracias al gobierno de la Cuarta Transformaci\u00f3n, Juan Jos\u00e9 R\u00edos se convierte en municipio: Imelda e Inzunza - Fuentes Fidedignas\",\"isPartOf\":{\"@id\":\"https:\\\/\\\/fuentesfidedignas.com.mx\\\/#website\"},\"primaryImageOfPage\":{\"@id\":\"https:\\\/\\\/fuentesfidedignas.com.mx\\\/index.php\\\/2024\\\/03\\\/14\\\/gracias-al-gobierno-de-la-cuarta-transformacion-juan-jose-rios-se-convierte-en-municipio-imelda-e-inzunza\\\/#primaryimage\"},\"image\":{\"@id\":\"https:\\\/\\\/fuentesfidedignas.com.mx\\\/index.php\\\/2024\\\/03\\\/14\\\/gracias-al-gobierno-de-la-cuarta-transformacion-juan-jose-rios-se-convierte-en-municipio-imelda-e-inzunza\\\/#primaryimage\"},\"thumbnailUrl\":\"https:\\\/\\\/fuentesfidedignas.com.mx\\\/wp-content\\\/uploads\\\/2024\\\/03\\\/WhatsApp-Image-2024-03-14-at-3.15.38-PM-1-e1710456238327.jpeg\",\"datePublished\":\"2024-03-14T22:44:02+00:00\",\"dateModified\":\"2024-03-14T22:44:03+00:00\",\"breadcrumb\":{\"@id\":\"https:\\\/\\\/fuentesfidedignas.com.mx\\\/index.php\\\/2024\\\/03\\\/14\\\/gracias-al-gobierno-de-la-cuarta-transformacion-juan-jose-rios-se-convierte-en-municipio-imelda-e-inzunza\\\/#breadcrumb\"},\"inLanguage\":\"es\",\"potentialAction\":[{\"@type\":\"ReadAction\",\"target\":[\"https:\\\/\\\/fuentesfidedignas.com.mx\\\/index.php\\\/2024\\\/03\\\/14\\\/gracias-al-gobierno-de-la-cuarta-transformacion-juan-jose-rios-se-convierte-en-municipio-imelda-e-inzunza\\\/\"]}]},{\"@type\":\"ImageObject\",\"inLanguage\":\"es\",\"@id\":\"https:\\\/\\\/fuentesfidedignas.com.mx\\\/index.php\\\/2024\\\/03\\\/14\\\/gracias-al-gobierno-de-la-cuarta-transformacion-juan-jose-rios-se-convierte-en-municipio-imelda-e-inzunza\\\/#primaryimage\",\"url\":\"https:\\\/\\\/fuentesfidedignas.com.mx\\\/wp-content\\\/uploads\\\/2024\\\/03\\\/WhatsApp-Image-2024-03-14-at-3.15.38-PM-1-e1710456238327.jpeg\",\"contentUrl\":\"https:\\\/\\\/fuentesfidedignas.com.mx\\\/wp-content\\\/uploads\\\/2024\\\/03\\\/WhatsApp-Image-2024-03-14-at-3.15.38-PM-1-e1710456238327.jpeg\",\"width\":580,\"height\":388},{\"@type\":\"BreadcrumbList\",\"@id\":\"https:\\\/\\\/fuentesfidedignas.com.mx\\\/index.php\\\/2024\\\/03\\\/14\\\/gracias-al-gobierno-de-la-cuarta-transformacion-juan-jose-rios-se-convierte-en-municipio-imelda-e-inzunza\\\/#breadcrumb\",\"itemListElement\":[{\"@type\":\"ListItem\",\"position\":1,\"name\":\"Inicio\",\"item\":\"https:\\\/\\\/fuentesfidedignas.com.mx\\\/\"},{\"@type\":\"ListItem\",\"position\":2,\"name\":\"Gracias al gobierno de la Cuarta Transformaci\u00f3n, Juan Jos\u00e9 R\u00edos se convierte en municipio: Imelda e Inzunza\"}]},{\"@type\":\"WebSite\",\"@id\":\"https:\\\/\\\/fuentesfidedignas.com.mx\\\/#website\",\"url\":\"https:\\\/\\\/fuentesfidedignas.com.mx\\\/\",\"name\":\"Fuentes Fidedignas\",\"description\":\"Otro sitio realizado con WordPress\",\"publisher\":{\"@id\":\"https:\\\/\\\/fuentesfidedignas.com.mx\\\/#organization\"},\"potentialAction\":[{\"@type\":\"SearchAction\",\"target\":{\"@type\":\"EntryPoint\",\"urlTemplate\":\"https:\\\/\\\/fuentesfidedignas.com.mx\\\/?s={search_term_string}\"},\"query-input\":{\"@type\":\"PropertyValueSpecification\",\"valueRequired\":true,\"valueName\":\"search_term_string\"}}],\"inLanguage\":\"es\"},{\"@type\":\"Organization\",\"@id\":\"https:\\\/\\\/fuentesfidedignas.com.mx\\\/#organization\",\"name\":\"Fuentes Fidedignas\",\"url\":\"https:\\\/\\\/fuentesfidedignas.com.mx\\\/\",\"logo\":{\"@type\":\"ImageObject\",\"inLanguage\":\"es\",\"@id\":\"https:\\\/\\\/fuentesfidedignas.com.mx\\\/#\\\/schema\\\/logo\\\/image\\\/\",\"url\":\"https:\\\/\\\/fuentesfidedignas.com.mx\\\/wp-content\\\/uploads\\\/2021\\\/04\\\/logo-retina.png\",\"contentUrl\":\"https:\\\/\\\/fuentesfidedignas.com.mx\\\/wp-content\\\/uploads\\\/2021\\\/04\\\/logo-retina.png\",\"width\":280,\"height\":51,\"caption\":\"Fuentes Fidedignas\"},\"image\":{\"@id\":\"https:\\\/\\\/fuentesfidedignas.com.mx\\\/#\\\/schema\\\/logo\\\/image\\\/\"},\"sameAs\":[\"https:\\\/\\\/www.facebook.com\\\/Fuentes-Fidedignas-368234489921644\",\"https:\\\/\\\/x.com\\\/fidedignas\"]},{\"@type\":\"Person\",\"@id\":\"https:\\\/\\\/fuentesfidedignas.com.mx\\\/#\\\/schema\\\/person\\\/331be9283d37198e2acd5750279085b0\",\"name\":\"Redacci\u00f3n\",\"image\":{\"@type\":\"ImageObject\",\"inLanguage\":\"es\",\"@id\":\"https:\\\/\\\/secure.gravatar.com\\\/avatar\\\/f6d8782c11d12b2d4ad3fbb6931aeab5309937a4d6cd2fc9cfaa28a6396a5aec?s=96&d=mm&r=g\",\"url\":\"https:\\\/\\\/secure.gravatar.com\\\/avatar\\\/f6d8782c11d12b2d4ad3fbb6931aeab5309937a4d6cd2fc9cfaa28a6396a5aec?s=96&d=mm&r=g\",\"contentUrl\":\"https:\\\/\\\/secure.gravatar.com\\\/avatar\\\/f6d8782c11d12b2d4ad3fbb6931aeab5309937a4d6cd2fc9cfaa28a6396a5aec?s=96&d=mm&r=g\",\"caption\":\"Redacci\u00f3n\"},\"url\":\"https:\\\/\\\/fuentesfidedignas.com.mx\\\/index.php\\\/author\\\/redaccion\\\/\"}]}<\/script>\n<!-- \/ Yoast SEO plugin. -->","yoast_head_json":{"title":"Gracias al gobierno de la Cuarta Transformaci\u00f3n, Juan Jos\u00e9 R\u00edos se convierte en municipio: Imelda e Inzunza - Fuentes Fidedignas","robots":{"index":"index","follow":"follow","max-snippet":"max-snippet:-1","max-image-preview":"max-image-preview:large","max-video-preview":"max-video-preview:-1"},"canonical":"https:\/\/fuentesfidedignas.com.mx\/index.php\/2024\/03\/14\/gracias-al-gobierno-de-la-cuarta-transformacion-juan-jose-rios-se-convierte-en-municipio-imelda-e-inzunza\/","og_locale":"es_MX","og_type":"article","og_title":"Gracias al gobierno de la Cuarta Transformaci\u00f3n, Juan Jos\u00e9 R\u00edos se convierte en municipio: Imelda e Inzunza - Fuentes Fidedignas","og_description":"Seguiremos recorriendo el estado para continuar con la labor del presidente L\u00f3pez Obrador: Enrique Inzunza Juan Jos\u00e9 R\u00edos, Sin.- Los candidatos al Senado de la Rep\u00fablica por Morena, Imelda Castro y Enrique Inzunza, visitaron la sindicatura de Juan Jos\u00e9 R\u00edos. Estuvieron acompa\u00f1ados de Fel\u00edcita Pompa Robles, candidata a diputada federal por el distrito 4. Los [&hellip;]","og_url":"https:\/\/fuentesfidedignas.com.mx\/index.php\/2024\/03\/14\/gracias-al-gobierno-de-la-cuarta-transformacion-juan-jose-rios-se-convierte-en-municipio-imelda-e-inzunza\/","og_site_name":"Fuentes Fidedignas","article_publisher":"https:\/\/www.facebook.com\/Fuentes-Fidedignas-368234489921644","article_published_time":"2024-03-14T22:44:02+00:00","article_modified_time":"2024-03-14T22:44:03+00:00","og_image":[{"width":580,"height":388,"url":"https:\/\/fuentesfidedignas.com.mx\/wp-content\/uploads\/2024\/03\/WhatsApp-Image-2024-03-14-at-3.15.38-PM-1-e1710456238327.jpeg","type":"image\/jpeg"}],"author":"Redacci\u00f3n","twitter_card":"summary_large_image","twitter_creator":"@fidedignas","twitter_site":"@fidedignas","twitter_misc":{"Escrito por":"Redacci\u00f3n","Tiempo de lectura":"2 minutos"},"schema":{"@context":"https:\/\/schema.org","@graph":[{"@type":"Article","@id":"https:\/\/fuentesfidedignas.com.mx\/index.php\/2024\/03\/14\/gracias-al-gobierno-de-la-cuarta-transformacion-juan-jose-rios-se-convierte-en-municipio-imelda-e-inzunza\/#article","isPartOf":{"@id":"https:\/\/fuentesfidedignas.com.mx\/index.php\/2024\/03\/14\/gracias-al-gobierno-de-la-cuarta-transformacion-juan-jose-rios-se-convierte-en-municipio-imelda-e-inzunza\/"},"author":{"name":"Redacci\u00f3n","@id":"https:\/\/fuentesfidedignas.com.mx\/#\/schema\/person\/331be9283d37198e2acd5750279085b0"},"headline":"Gracias al gobierno de la Cuarta Transformaci\u00f3n, Juan Jos\u00e9 R\u00edos se convierte en municipio: Imelda e Inzunza","datePublished":"2024-03-14T22:44:02+00:00","dateModified":"2024-03-14T22:44:03+00:00","mainEntityOfPage":{"@id":"https:\/\/fuentesfidedignas.com.mx\/index.php\/2024\/03\/14\/gracias-al-gobierno-de-la-cuarta-transformacion-juan-jose-rios-se-convierte-en-municipio-imelda-e-inzunza\/"},"wordCount":454,"commentCount":0,"publisher":{"@id":"https:\/\/fuentesfidedignas.com.mx\/#organization"},"image":{"@id":"https:\/\/fuentesfidedignas.com.mx\/index.php\/2024\/03\/14\/gracias-al-gobierno-de-la-cuarta-transformacion-juan-jose-rios-se-convierte-en-municipio-imelda-e-inzunza\/#primaryimage"},"thumbnailUrl":"https:\/\/fuentesfidedignas.com.mx\/wp-content\/uploads\/2024\/03\/WhatsApp-Image-2024-03-14-at-3.15.38-PM-1-e1710456238327.jpeg","inLanguage":"es","potentialAction":[{"@type":"CommentAction","name":"Comment","target":["https:\/\/fuentesfidedignas.com.mx\/index.php\/2024\/03\/14\/gracias-al-gobierno-de-la-cuarta-transformacion-juan-jose-rios-se-convierte-en-municipio-imelda-e-inzunza\/#respond"]}]},{"@type":"WebPage","@id":"https:\/\/fuentesfidedignas.com.mx\/index.php\/2024\/03\/14\/gracias-al-gobierno-de-la-cuarta-transformacion-juan-jose-rios-se-convierte-en-municipio-imelda-e-inzunza\/","url":"https:\/\/fuentesfidedignas.com.mx\/index.php\/2024\/03\/14\/gracias-al-gobierno-de-la-cuarta-transformacion-juan-jose-rios-se-convierte-en-municipio-imelda-e-inzunza\/","name":"Gracias al gobierno de la Cuarta Transformaci\u00f3n, Juan Jos\u00e9 R\u00edos se convierte en municipio: Imelda e Inzunza - Fuentes Fidedignas","isPartOf":{"@id":"https:\/\/fuentesfidedignas.com.mx\/#website"},"primaryImageOfPage":{"@id":"https:\/\/fuentesfidedignas.com.mx\/index.php\/2024\/03\/14\/gracias-al-gobierno-de-la-cuarta-transformacion-juan-jose-rios-se-convierte-en-municipio-imelda-e-inzunza\/#primaryimage"},"image":{"@id":"https:\/\/fuentesfidedignas.com.mx\/index.php\/2024\/03\/14\/gracias-al-gobierno-de-la-cuarta-transformacion-juan-jose-rios-se-convierte-en-municipio-imelda-e-inzunza\/#primaryimage"},"thumbnailUrl":"https:\/\/fuentesfidedignas.com.mx\/wp-content\/uploads\/2024\/03\/WhatsApp-Image-2024-03-14-at-3.15.38-PM-1-e1710456238327.jpeg","datePublished":"2024-03-14T22:44:02+00:00","dateModified":"2024-03-14T22:44:03+00:00","breadcrumb":{"@id":"https:\/\/fuentesfidedignas.com.mx\/index.php\/2024\/03\/14\/gracias-al-gobierno-de-la-cuarta-transformacion-juan-jose-rios-se-convierte-en-municipio-imelda-e-inzunza\/#breadcrumb"},"inLanguage":"es","potentialAction":[{"@type":"ReadAction","target":["https:\/\/fuentesfidedignas.com.mx\/index.php\/2024\/03\/14\/gracias-al-gobierno-de-la-cuarta-transformacion-juan-jose-rios-se-convierte-en-municipio-imelda-e-inzunza\/"]}]},{"@type":"ImageObject","inLanguage":"es","@id":"https:\/\/fuentesfidedignas.com.mx\/index.php\/2024\/03\/14\/gracias-al-gobierno-de-la-cuarta-transformacion-juan-jose-rios-se-convierte-en-municipio-imelda-e-inzunza\/#primaryimage","url":"https:\/\/fuentesfidedignas.com.mx\/wp-content\/uploads\/2024\/03\/WhatsApp-Image-2024-03-14-at-3.15.38-PM-1-e1710456238327.jpeg","contentUrl":"https:\/\/fuentesfidedignas.com.mx\/wp-content\/uploads\/2024\/03\/WhatsApp-Image-2024-03-14-at-3.15.38-PM-1-e1710456238327.jpeg","width":580,"height":388},{"@type":"BreadcrumbList","@id":"https:\/\/fuentesfidedignas.com.mx\/index.php\/2024\/03\/14\/gracias-al-gobierno-de-la-cuarta-transformacion-juan-jose-rios-se-convierte-en-municipio-imelda-e-inzunza\/#breadcrumb","itemListElement":[{"@type":"ListItem","position":1,"name":"Inicio","item":"https:\/\/fuentesfidedignas.com.mx\/"},{"@type":"ListItem","position":2,"name":"Gracias al gobierno de la Cuarta Transformaci\u00f3n, Juan Jos\u00e9 R\u00edos se convierte en municipio: Imelda e Inzunza"}]},{"@type":"WebSite","@id":"https:\/\/fuentesfidedignas.com.mx\/#website","url":"https:\/\/fuentesfidedignas.com.mx\/","name":"Fuentes Fidedignas","description":"Otro sitio realizado con WordPress","publisher":{"@id":"https:\/\/fuentesfidedignas.com.mx\/#organization"},"potentialAction":[{"@type":"SearchAction","target":{"@type":"EntryPoint","urlTemplate":"https:\/\/fuentesfidedignas.com.mx\/?s={search_term_string}"},"query-input":{"@type":"PropertyValueSpecification","valueRequired":true,"valueName":"search_term_string"}}],"inLanguage":"es"},{"@type":"Organization","@id":"https:\/\/fuentesfidedignas.com.mx\/#organization","name":"Fuentes Fidedignas","url":"https:\/\/fuentesfidedignas.com.mx\/","logo":{"@type":"ImageObject","inLanguage":"es","@id":"https:\/\/fuentesfidedignas.com.mx\/#\/schema\/logo\/image\/","url":"https:\/\/fuentesfidedignas.com.mx\/wp-content\/uploads\/2021\/04\/logo-retina.png","contentUrl":"https:\/\/fuentesfidedignas.com.mx\/wp-content\/uploads\/2021\/04\/logo-retina.png","width":280,"height":51,"caption":"Fuentes Fidedignas"},"image":{"@id":"https:\/\/fuentesfidedignas.com.mx\/#\/schema\/logo\/image\/"},"sameAs":["https:\/\/www.facebook.com\/Fuentes-Fidedignas-368234489921644","https:\/\/x.com\/fidedignas"]},{"@type":"Person","@id":"https:\/\/fuentesfidedignas.com.mx\/#\/schema\/person\/331be9283d37198e2acd5750279085b0","name":"Redacci\u00f3n","image":{"@type":"ImageObject","inLanguage":"es","@id":"https:\/\/secure.gravatar.com\/avatar\/f6d8782c11d12b2d4ad3fbb6931aeab5309937a4d6cd2fc9cfaa28a6396a5aec?s=96&d=mm&r=g","url":"https:\/\/secure.gravatar.com\/avatar\/f6d8782c11d12b2d4ad3fbb6931aeab5309937a4d6cd2fc9cfaa28a6396a5aec?s=96&d=mm&r=g","contentUrl":"https:\/\/secure.gravatar.com\/avatar\/f6d8782c11d12b2d4ad3fbb6931aeab5309937a4d6cd2fc9cfaa28a6396a5aec?s=96&d=mm&r=g","caption":"Redacci\u00f3n"},"url":"https:\/\/fuentesfidedignas.com.mx\/index.php\/author\/redaccion\/"}]}},"_links":{"self":[{"href":"https:\/\/fuentesfidedignas.com.mx\/index.php\/wp-json\/wp\/v2\/posts\/76888","targetHints":{"allow":["GET"]}}],"collection":[{"href":"https:\/\/fuentesfidedignas.com.mx\/index.php\/wp-json\/wp\/v2\/posts"}],"about":[{"href":"https:\/\/fuentesfidedignas.com.mx\/index.php\/wp-json\/wp\/v2\/types\/post"}],"author":[{"embeddable":true,"href":"https:\/\/fuentesfidedignas.com.mx\/index.php\/wp-json\/wp\/v2\/users\/4"}],"replies":[{"embeddable":true,"href":"https:\/\/fuentesfidedignas.com.mx\/index.php\/wp-json\/wp\/v2\/comments?post=76888"}],"version-history":[{"count":1,"href":"https:\/\/fuentesfidedignas.com.mx\/index.php\/wp-json\/wp\/v2\/posts\/76888\/revisions"}],"predecessor-version":[{"id":76892,"href":"https:\/\/fuentesfidedignas.com.mx\/index.php\/wp-json\/wp\/v2\/posts\/76888\/revisions\/76892"}],"wp:featuredmedia":[{"embeddable":true,"href":"https:\/\/fuentesfidedignas.com.mx\/index.php\/wp-json\/wp\/v2\/media\/76891"}],"wp:attachment":[{"href":"https:\/\/fuentesfidedignas.com.mx\/index.php\/wp-json\/wp\/v2\/media?parent=76888"}],"wp:term":[{"taxonomy":"category","embeddable":true,"href":"https:\/\/fuentesfidedignas.com.mx\/index.php\/wp-json\/wp\/v2\/categories?post=76888"},{"taxonomy":"post_tag","embeddable":true,"href":"https:\/\/fuentesfidedignas.com.mx\/index.php\/wp-json\/wp\/v2\/tags?post=76888"}],"curies":[{"name":"wp","href":"https:\/\/api.w.org\/{rel}","templated":true}]}}