{"id":76795,"date":"2024-03-13T17:08:18","date_gmt":"2024-03-14T00:08:18","guid":{"rendered":"https:\/\/fuentesfidedignas.com.mx\/?p=76795"},"modified":"2024-03-13T17:08:18","modified_gmt":"2024-03-14T00:08:18","slug":"el-problema-no-es-milei","status":"publish","type":"post","link":"https:\/\/fuentesfidedignas.com.mx\/index.php\/2024\/03\/13\/el-problema-no-es-milei\/","title":{"rendered":"El problema no es Milei"},"content":{"rendered":"\n<p>\u00bfQui\u00e9n pari\u00f3 a Milei? \u00bfQu\u00e9 condiciones lo llevaron al poder?<\/p>\n\n\n\n<p>El llamado Ciclo Progresista en Latinoam\u00e9rica comenz\u00f3 con la llegada de Hugo Ch\u00e1vez al poder, las democracias reci\u00e9n liberadas de las dictaduras anticomunistas, estaban bajo la tutela de Espa\u00f1a y de la Uni\u00f3n Europea, que vend\u00eda la transmisi\u00f3n Espa\u00f1ola como la mejor, nada m\u00e1s lejos de la realidad.<\/p>\n\n\n\n<p>La presencia de Hugo Ch\u00e1vez y el petr\u00f3leo de Venezuela reci\u00e9n liberado, puso sobre la mesa la posibilidad de ganar a los militares y a la derecha que a sangre y fuego detuvo el camino al Comunismo de las Rep\u00fablicas de Latinoam\u00e9rica.<\/p>\n\n\n\n<p>La regresi\u00f3n de los &#8220;progres&#8221; ha sido la Reelecci\u00f3n, en todos los estados en donde se ha incorporado este retroceso, la derecha a reconquistado el poder, con m\u00e1s \u00edmpetu y en franca decadencia, porque las propuestas progresistas terminan en manos de los mismos grupos burocr\u00e1ticos que lejos de imprimir nuevas ideas, se dedican a poner en los puestos a parientes y ahijados.<\/p>\n\n\n\n<p>Milei no es un problema, como tampoco lo es la derecha en M\u00e9xico, retroceso con el que nos enfrentamos, es el reinicio del sistema encarnado en los Reeleccionistas, en los conservadores en las filas del PRIANDMOR y del PRIAND-AS-MC, ah\u00ed es donde la partidocracia tuerce el rabo, porque considera que puede enga\u00f1ar a los ciudadanos como en la monarqu\u00eda espa\u00f1ola, de voto indirecto y de listas partidistas, en donde se rasura a los candidatos que pueden trastocar los intereses del sistema.<\/p>\n\n\n\n<p>Derrotar la Reelecci\u00f3n, recuperar el Lema de la Revoluci\u00f3n Mexicana, es el camino para evitar a los Milei, a los &#8220;disruptivos&#8221; de las redes que venden al &#8220;anarcocapitalismo&#8221; como una opci\u00f3n ultra neoliberal, a quienes no han padecido el retroceso del Neoliberalismo y la rapi\u00f1a del imperialismo norteamericano y europeo.<\/p>\n\n\n\n<p>Los argentinos entendieron tarde la importancia de la renovaci\u00f3n de los cuadros al interior del poder, porque no es posible cerrar las elecciones o limitar los espacios a las opciones, sobre todo en una econom\u00eda sin petr\u00f3leo, sin Reforma Agraria, que se dedica a repartir lo que no produce, sin tejido industrial, esperemos que en M\u00e9xico se entiendan las lecciones de Pudimos en Espa\u00f1a y de los Progres en Latinoam\u00e9rica, no se puede repartir sino se produce y menos si son las mismas caras.<\/p>\n\n\n\n<p>\u00a1Sufragio Efectivo, No Reelecci\u00f3n!<\/p>\n","protected":false},"excerpt":{"rendered":"<p>\u00bfQui\u00e9n pari\u00f3 a Milei? \u00bfQu\u00e9 condiciones lo llevaron al poder? El llamado Ciclo Progresista en Latinoam\u00e9rica comenz\u00f3 con la llegada de Hugo Ch\u00e1vez al poder, las democracias reci\u00e9n liberadas de las dictaduras anticomunistas, estaban bajo la tutela de Espa\u00f1a y de la Uni\u00f3n Europea, que vend\u00eda la transmisi\u00f3n Espa\u00f1ola como la mejor, nada m\u00e1s lejos [&hellip;]<\/p>\n","protected":false},"author":144,"featured_media":76796,"comment_status":"open","ping_status":"open","sticky":false,"template":"","format":"standard","meta":{"tdm_status":"","tdm_grid_status":"","footnotes":""},"categories":[3064,3088],"tags":[],"class_list":{"0":"post-76795","1":"post","2":"type-post","3":"status-publish","4":"format-standard","5":"has-post-thumbnail","7":"category-columnas","8":"category-escritos-al-carbon"},"yoast_head":"<!-- This site is optimized with the Yoast SEO plugin v27.5 - https:\/\/yoast.com\/product\/yoast-seo-wordpress\/ -->\n<title>El problema no es Milei - Fuentes Fidedignas<\/title>\n<meta name=\"robots\" content=\"index, follow, max-snippet:-1, max-image-preview:large, max-video-preview:-1\" \/>\n<link rel=\"canonical\" href=\"https:\/\/fuentesfidedignas.com.mx\/index.php\/2024\/03\/13\/el-problema-no-es-milei\/\" \/>\n<meta property=\"og:locale\" content=\"es_MX\" \/>\n<meta property=\"og:type\" content=\"article\" \/>\n<meta property=\"og:title\" content=\"El problema no es Milei - Fuentes Fidedignas\" \/>\n<meta property=\"og:description\" content=\"\u00bfQui\u00e9n pari\u00f3 a Milei? \u00bfQu\u00e9 condiciones lo llevaron al poder? El llamado Ciclo Progresista en Latinoam\u00e9rica comenz\u00f3 con la llegada de Hugo Ch\u00e1vez al poder, las democracias reci\u00e9n liberadas de las dictaduras anticomunistas, estaban bajo la tutela de Espa\u00f1a y de la Uni\u00f3n Europea, que vend\u00eda la transmisi\u00f3n Espa\u00f1ola como la mejor, nada m\u00e1s lejos [&hellip;]\" \/>\n<meta property=\"og:url\" content=\"https:\/\/fuentesfidedignas.com.mx\/index.php\/2024\/03\/13\/el-problema-no-es-milei\/\" \/>\n<meta property=\"og:site_name\" content=\"Fuentes Fidedignas\" \/>\n<meta property=\"article:publisher\" content=\"https:\/\/www.facebook.com\/Fuentes-Fidedignas-368234489921644\" \/>\n<meta property=\"article:published_time\" content=\"2024-03-14T00:08:18+00:00\" \/>\n<meta property=\"og:image\" content=\"https:\/\/fuentesfidedignas.com.mx\/wp-content\/uploads\/2024\/03\/MILEI_1.jpg\" \/>\n\t<meta property=\"og:image:width\" content=\"721\" \/>\n\t<meta property=\"og:image:height\" content=\"478\" \/>\n\t<meta property=\"og:image:type\" content=\"image\/jpeg\" \/>\n<meta name=\"author\" content=\"FRANCISCO MORALES ZEPEDA\" \/>\n<meta name=\"twitter:card\" content=\"summary_large_image\" \/>\n<meta name=\"twitter:creator\" content=\"@fidedignas\" \/>\n<meta name=\"twitter:site\" content=\"@fidedignas\" \/>\n<meta name=\"twitter:label1\" content=\"Escrito por\" \/>\n\t<meta name=\"twitter:data1\" content=\"FRANCISCO MORALES ZEPEDA\" \/>\n\t<meta name=\"twitter:label2\" content=\"Tiempo de lectura\" \/>\n\t<meta name=\"twitter:data2\" content=\"2 minutos\" \/>\n<script type=\"application\/ld+json\" class=\"yoast-schema-graph\">{\"@context\":\"https:\\\/\\\/schema.org\",\"@graph\":[{\"@type\":\"Article\",\"@id\":\"https:\\\/\\\/fuentesfidedignas.com.mx\\\/index.php\\\/2024\\\/03\\\/13\\\/el-problema-no-es-milei\\\/#article\",\"isPartOf\":{\"@id\":\"https:\\\/\\\/fuentesfidedignas.com.mx\\\/index.php\\\/2024\\\/03\\\/13\\\/el-problema-no-es-milei\\\/\"},\"author\":{\"name\":\"FRANCISCO MORALES ZEPEDA\",\"@id\":\"https:\\\/\\\/fuentesfidedignas.com.mx\\\/#\\\/schema\\\/person\\\/6640c7c8af5ac0bcd172eb834c670df1\"},\"headline\":\"El problema no es Milei\",\"datePublished\":\"2024-03-14T00:08:18+00:00\",\"mainEntityOfPage\":{\"@id\":\"https:\\\/\\\/fuentesfidedignas.com.mx\\\/index.php\\\/2024\\\/03\\\/13\\\/el-problema-no-es-milei\\\/\"},\"wordCount\":420,\"commentCount\":0,\"publisher\":{\"@id\":\"https:\\\/\\\/fuentesfidedignas.com.mx\\\/#organization\"},\"image\":{\"@id\":\"https:\\\/\\\/fuentesfidedignas.com.mx\\\/index.php\\\/2024\\\/03\\\/13\\\/el-problema-no-es-milei\\\/#primaryimage\"},\"thumbnailUrl\":\"https:\\\/\\\/fuentesfidedignas.com.mx\\\/wp-content\\\/uploads\\\/2024\\\/03\\\/MILEI_1.jpg\",\"articleSection\":[\"COLUMNAS\",\"ESCRITOS AL CARB\u00d3N\"],\"inLanguage\":\"es\",\"potentialAction\":[{\"@type\":\"CommentAction\",\"name\":\"Comment\",\"target\":[\"https:\\\/\\\/fuentesfidedignas.com.mx\\\/index.php\\\/2024\\\/03\\\/13\\\/el-problema-no-es-milei\\\/#respond\"]}]},{\"@type\":\"WebPage\",\"@id\":\"https:\\\/\\\/fuentesfidedignas.com.mx\\\/index.php\\\/2024\\\/03\\\/13\\\/el-problema-no-es-milei\\\/\",\"url\":\"https:\\\/\\\/fuentesfidedignas.com.mx\\\/index.php\\\/2024\\\/03\\\/13\\\/el-problema-no-es-milei\\\/\",\"name\":\"El problema no es Milei - Fuentes Fidedignas\",\"isPartOf\":{\"@id\":\"https:\\\/\\\/fuentesfidedignas.com.mx\\\/#website\"},\"primaryImageOfPage\":{\"@id\":\"https:\\\/\\\/fuentesfidedignas.com.mx\\\/index.php\\\/2024\\\/03\\\/13\\\/el-problema-no-es-milei\\\/#primaryimage\"},\"image\":{\"@id\":\"https:\\\/\\\/fuentesfidedignas.com.mx\\\/index.php\\\/2024\\\/03\\\/13\\\/el-problema-no-es-milei\\\/#primaryimage\"},\"thumbnailUrl\":\"https:\\\/\\\/fuentesfidedignas.com.mx\\\/wp-content\\\/uploads\\\/2024\\\/03\\\/MILEI_1.jpg\",\"datePublished\":\"2024-03-14T00:08:18+00:00\",\"breadcrumb\":{\"@id\":\"https:\\\/\\\/fuentesfidedignas.com.mx\\\/index.php\\\/2024\\\/03\\\/13\\\/el-problema-no-es-milei\\\/#breadcrumb\"},\"inLanguage\":\"es\",\"potentialAction\":[{\"@type\":\"ReadAction\",\"target\":[\"https:\\\/\\\/fuentesfidedignas.com.mx\\\/index.php\\\/2024\\\/03\\\/13\\\/el-problema-no-es-milei\\\/\"]}]},{\"@type\":\"ImageObject\",\"inLanguage\":\"es\",\"@id\":\"https:\\\/\\\/fuentesfidedignas.com.mx\\\/index.php\\\/2024\\\/03\\\/13\\\/el-problema-no-es-milei\\\/#primaryimage\",\"url\":\"https:\\\/\\\/fuentesfidedignas.com.mx\\\/wp-content\\\/uploads\\\/2024\\\/03\\\/MILEI_1.jpg\",\"contentUrl\":\"https:\\\/\\\/fuentesfidedignas.com.mx\\\/wp-content\\\/uploads\\\/2024\\\/03\\\/MILEI_1.jpg\",\"width\":721,\"height\":478},{\"@type\":\"BreadcrumbList\",\"@id\":\"https:\\\/\\\/fuentesfidedignas.com.mx\\\/index.php\\\/2024\\\/03\\\/13\\\/el-problema-no-es-milei\\\/#breadcrumb\",\"itemListElement\":[{\"@type\":\"ListItem\",\"position\":1,\"name\":\"Inicio\",\"item\":\"https:\\\/\\\/fuentesfidedignas.com.mx\\\/\"},{\"@type\":\"ListItem\",\"position\":2,\"name\":\"El problema no es Milei\"}]},{\"@type\":\"WebSite\",\"@id\":\"https:\\\/\\\/fuentesfidedignas.com.mx\\\/#website\",\"url\":\"https:\\\/\\\/fuentesfidedignas.com.mx\\\/\",\"name\":\"Fuentes Fidedignas\",\"description\":\"Otro sitio realizado con WordPress\",\"publisher\":{\"@id\":\"https:\\\/\\\/fuentesfidedignas.com.mx\\\/#organization\"},\"potentialAction\":[{\"@type\":\"SearchAction\",\"target\":{\"@type\":\"EntryPoint\",\"urlTemplate\":\"https:\\\/\\\/fuentesfidedignas.com.mx\\\/?s={search_term_string}\"},\"query-input\":{\"@type\":\"PropertyValueSpecification\",\"valueRequired\":true,\"valueName\":\"search_term_string\"}}],\"inLanguage\":\"es\"},{\"@type\":\"Organization\",\"@id\":\"https:\\\/\\\/fuentesfidedignas.com.mx\\\/#organization\",\"name\":\"Fuentes Fidedignas\",\"url\":\"https:\\\/\\\/fuentesfidedignas.com.mx\\\/\",\"logo\":{\"@type\":\"ImageObject\",\"inLanguage\":\"es\",\"@id\":\"https:\\\/\\\/fuentesfidedignas.com.mx\\\/#\\\/schema\\\/logo\\\/image\\\/\",\"url\":\"https:\\\/\\\/fuentesfidedignas.com.mx\\\/wp-content\\\/uploads\\\/2021\\\/04\\\/logo-retina.png\",\"contentUrl\":\"https:\\\/\\\/fuentesfidedignas.com.mx\\\/wp-content\\\/uploads\\\/2021\\\/04\\\/logo-retina.png\",\"width\":280,\"height\":51,\"caption\":\"Fuentes Fidedignas\"},\"image\":{\"@id\":\"https:\\\/\\\/fuentesfidedignas.com.mx\\\/#\\\/schema\\\/logo\\\/image\\\/\"},\"sameAs\":[\"https:\\\/\\\/www.facebook.com\\\/Fuentes-Fidedignas-368234489921644\",\"https:\\\/\\\/x.com\\\/fidedignas\"]},{\"@type\":\"Person\",\"@id\":\"https:\\\/\\\/fuentesfidedignas.com.mx\\\/#\\\/schema\\\/person\\\/6640c7c8af5ac0bcd172eb834c670df1\",\"name\":\"FRANCISCO MORALES ZEPEDA\",\"image\":{\"@type\":\"ImageObject\",\"inLanguage\":\"es\",\"@id\":\"https:\\\/\\\/secure.gravatar.com\\\/avatar\\\/be738775789ce0aa2aeecbfc33425ce3b878acf8b9d6ead9942fcb6500ad1126?s=96&d=mm&r=g\",\"url\":\"https:\\\/\\\/secure.gravatar.com\\\/avatar\\\/be738775789ce0aa2aeecbfc33425ce3b878acf8b9d6ead9942fcb6500ad1126?s=96&d=mm&r=g\",\"contentUrl\":\"https:\\\/\\\/secure.gravatar.com\\\/avatar\\\/be738775789ce0aa2aeecbfc33425ce3b878acf8b9d6ead9942fcb6500ad1126?s=96&d=mm&r=g\",\"caption\":\"FRANCISCO MORALES ZEPEDA\"},\"url\":\"https:\\\/\\\/fuentesfidedignas.com.mx\\\/index.php\\\/author\\\/francismo-morales-zepeda\\\/\"}]}<\/script>\n<!-- \/ Yoast SEO plugin. -->","yoast_head_json":{"title":"El problema no es Milei - Fuentes Fidedignas","robots":{"index":"index","follow":"follow","max-snippet":"max-snippet:-1","max-image-preview":"max-image-preview:large","max-video-preview":"max-video-preview:-1"},"canonical":"https:\/\/fuentesfidedignas.com.mx\/index.php\/2024\/03\/13\/el-problema-no-es-milei\/","og_locale":"es_MX","og_type":"article","og_title":"El problema no es Milei - Fuentes Fidedignas","og_description":"\u00bfQui\u00e9n pari\u00f3 a Milei? \u00bfQu\u00e9 condiciones lo llevaron al poder? El llamado Ciclo Progresista en Latinoam\u00e9rica comenz\u00f3 con la llegada de Hugo Ch\u00e1vez al poder, las democracias reci\u00e9n liberadas de las dictaduras anticomunistas, estaban bajo la tutela de Espa\u00f1a y de la Uni\u00f3n Europea, que vend\u00eda la transmisi\u00f3n Espa\u00f1ola como la mejor, nada m\u00e1s lejos [&hellip;]","og_url":"https:\/\/fuentesfidedignas.com.mx\/index.php\/2024\/03\/13\/el-problema-no-es-milei\/","og_site_name":"Fuentes Fidedignas","article_publisher":"https:\/\/www.facebook.com\/Fuentes-Fidedignas-368234489921644","article_published_time":"2024-03-14T00:08:18+00:00","og_image":[{"width":721,"height":478,"url":"https:\/\/fuentesfidedignas.com.mx\/wp-content\/uploads\/2024\/03\/MILEI_1.jpg","type":"image\/jpeg"}],"author":"FRANCISCO MORALES ZEPEDA","twitter_card":"summary_large_image","twitter_creator":"@fidedignas","twitter_site":"@fidedignas","twitter_misc":{"Escrito por":"FRANCISCO MORALES ZEPEDA","Tiempo de lectura":"2 minutos"},"schema":{"@context":"https:\/\/schema.org","@graph":[{"@type":"Article","@id":"https:\/\/fuentesfidedignas.com.mx\/index.php\/2024\/03\/13\/el-problema-no-es-milei\/#article","isPartOf":{"@id":"https:\/\/fuentesfidedignas.com.mx\/index.php\/2024\/03\/13\/el-problema-no-es-milei\/"},"author":{"name":"FRANCISCO MORALES ZEPEDA","@id":"https:\/\/fuentesfidedignas.com.mx\/#\/schema\/person\/6640c7c8af5ac0bcd172eb834c670df1"},"headline":"El problema no es Milei","datePublished":"2024-03-14T00:08:18+00:00","mainEntityOfPage":{"@id":"https:\/\/fuentesfidedignas.com.mx\/index.php\/2024\/03\/13\/el-problema-no-es-milei\/"},"wordCount":420,"commentCount":0,"publisher":{"@id":"https:\/\/fuentesfidedignas.com.mx\/#organization"},"image":{"@id":"https:\/\/fuentesfidedignas.com.mx\/index.php\/2024\/03\/13\/el-problema-no-es-milei\/#primaryimage"},"thumbnailUrl":"https:\/\/fuentesfidedignas.com.mx\/wp-content\/uploads\/2024\/03\/MILEI_1.jpg","articleSection":["COLUMNAS","ESCRITOS AL CARB\u00d3N"],"inLanguage":"es","potentialAction":[{"@type":"CommentAction","name":"Comment","target":["https:\/\/fuentesfidedignas.com.mx\/index.php\/2024\/03\/13\/el-problema-no-es-milei\/#respond"]}]},{"@type":"WebPage","@id":"https:\/\/fuentesfidedignas.com.mx\/index.php\/2024\/03\/13\/el-problema-no-es-milei\/","url":"https:\/\/fuentesfidedignas.com.mx\/index.php\/2024\/03\/13\/el-problema-no-es-milei\/","name":"El problema no es Milei - Fuentes Fidedignas","isPartOf":{"@id":"https:\/\/fuentesfidedignas.com.mx\/#website"},"primaryImageOfPage":{"@id":"https:\/\/fuentesfidedignas.com.mx\/index.php\/2024\/03\/13\/el-problema-no-es-milei\/#primaryimage"},"image":{"@id":"https:\/\/fuentesfidedignas.com.mx\/index.php\/2024\/03\/13\/el-problema-no-es-milei\/#primaryimage"},"thumbnailUrl":"https:\/\/fuentesfidedignas.com.mx\/wp-content\/uploads\/2024\/03\/MILEI_1.jpg","datePublished":"2024-03-14T00:08:18+00:00","breadcrumb":{"@id":"https:\/\/fuentesfidedignas.com.mx\/index.php\/2024\/03\/13\/el-problema-no-es-milei\/#breadcrumb"},"inLanguage":"es","potentialAction":[{"@type":"ReadAction","target":["https:\/\/fuentesfidedignas.com.mx\/index.php\/2024\/03\/13\/el-problema-no-es-milei\/"]}]},{"@type":"ImageObject","inLanguage":"es","@id":"https:\/\/fuentesfidedignas.com.mx\/index.php\/2024\/03\/13\/el-problema-no-es-milei\/#primaryimage","url":"https:\/\/fuentesfidedignas.com.mx\/wp-content\/uploads\/2024\/03\/MILEI_1.jpg","contentUrl":"https:\/\/fuentesfidedignas.com.mx\/wp-content\/uploads\/2024\/03\/MILEI_1.jpg","width":721,"height":478},{"@type":"BreadcrumbList","@id":"https:\/\/fuentesfidedignas.com.mx\/index.php\/2024\/03\/13\/el-problema-no-es-milei\/#breadcrumb","itemListElement":[{"@type":"ListItem","position":1,"name":"Inicio","item":"https:\/\/fuentesfidedignas.com.mx\/"},{"@type":"ListItem","position":2,"name":"El problema no es Milei"}]},{"@type":"WebSite","@id":"https:\/\/fuentesfidedignas.com.mx\/#website","url":"https:\/\/fuentesfidedignas.com.mx\/","name":"Fuentes Fidedignas","description":"Otro sitio realizado con WordPress","publisher":{"@id":"https:\/\/fuentesfidedignas.com.mx\/#organization"},"potentialAction":[{"@type":"SearchAction","target":{"@type":"EntryPoint","urlTemplate":"https:\/\/fuentesfidedignas.com.mx\/?s={search_term_string}"},"query-input":{"@type":"PropertyValueSpecification","valueRequired":true,"valueName":"search_term_string"}}],"inLanguage":"es"},{"@type":"Organization","@id":"https:\/\/fuentesfidedignas.com.mx\/#organization","name":"Fuentes Fidedignas","url":"https:\/\/fuentesfidedignas.com.mx\/","logo":{"@type":"ImageObject","inLanguage":"es","@id":"https:\/\/fuentesfidedignas.com.mx\/#\/schema\/logo\/image\/","url":"https:\/\/fuentesfidedignas.com.mx\/wp-content\/uploads\/2021\/04\/logo-retina.png","contentUrl":"https:\/\/fuentesfidedignas.com.mx\/wp-content\/uploads\/2021\/04\/logo-retina.png","width":280,"height":51,"caption":"Fuentes Fidedignas"},"image":{"@id":"https:\/\/fuentesfidedignas.com.mx\/#\/schema\/logo\/image\/"},"sameAs":["https:\/\/www.facebook.com\/Fuentes-Fidedignas-368234489921644","https:\/\/x.com\/fidedignas"]},{"@type":"Person","@id":"https:\/\/fuentesfidedignas.com.mx\/#\/schema\/person\/6640c7c8af5ac0bcd172eb834c670df1","name":"FRANCISCO MORALES ZEPEDA","image":{"@type":"ImageObject","inLanguage":"es","@id":"https:\/\/secure.gravatar.com\/avatar\/be738775789ce0aa2aeecbfc33425ce3b878acf8b9d6ead9942fcb6500ad1126?s=96&d=mm&r=g","url":"https:\/\/secure.gravatar.com\/avatar\/be738775789ce0aa2aeecbfc33425ce3b878acf8b9d6ead9942fcb6500ad1126?s=96&d=mm&r=g","contentUrl":"https:\/\/secure.gravatar.com\/avatar\/be738775789ce0aa2aeecbfc33425ce3b878acf8b9d6ead9942fcb6500ad1126?s=96&d=mm&r=g","caption":"FRANCISCO MORALES ZEPEDA"},"url":"https:\/\/fuentesfidedignas.com.mx\/index.php\/author\/francismo-morales-zepeda\/"}]}},"_links":{"self":[{"href":"https:\/\/fuentesfidedignas.com.mx\/index.php\/wp-json\/wp\/v2\/posts\/76795","targetHints":{"allow":["GET"]}}],"collection":[{"href":"https:\/\/fuentesfidedignas.com.mx\/index.php\/wp-json\/wp\/v2\/posts"}],"about":[{"href":"https:\/\/fuentesfidedignas.com.mx\/index.php\/wp-json\/wp\/v2\/types\/post"}],"author":[{"embeddable":true,"href":"https:\/\/fuentesfidedignas.com.mx\/index.php\/wp-json\/wp\/v2\/users\/144"}],"replies":[{"embeddable":true,"href":"https:\/\/fuentesfidedignas.com.mx\/index.php\/wp-json\/wp\/v2\/comments?post=76795"}],"version-history":[{"count":1,"href":"https:\/\/fuentesfidedignas.com.mx\/index.php\/wp-json\/wp\/v2\/posts\/76795\/revisions"}],"predecessor-version":[{"id":76797,"href":"https:\/\/fuentesfidedignas.com.mx\/index.php\/wp-json\/wp\/v2\/posts\/76795\/revisions\/76797"}],"wp:featuredmedia":[{"embeddable":true,"href":"https:\/\/fuentesfidedignas.com.mx\/index.php\/wp-json\/wp\/v2\/media\/76796"}],"wp:attachment":[{"href":"https:\/\/fuentesfidedignas.com.mx\/index.php\/wp-json\/wp\/v2\/media?parent=76795"}],"wp:term":[{"taxonomy":"category","embeddable":true,"href":"https:\/\/fuentesfidedignas.com.mx\/index.php\/wp-json\/wp\/v2\/categories?post=76795"},{"taxonomy":"post_tag","embeddable":true,"href":"https:\/\/fuentesfidedignas.com.mx\/index.php\/wp-json\/wp\/v2\/tags?post=76795"}],"curies":[{"name":"wp","href":"https:\/\/api.w.org\/{rel}","templated":true}]}}