{"id":76780,"date":"2024-03-13T14:25:11","date_gmt":"2024-03-13T21:25:11","guid":{"rendered":"https:\/\/fuentesfidedignas.com.mx\/?p=76780"},"modified":"2024-03-13T14:25:12","modified_gmt":"2024-03-13T21:25:12","slug":"enrique-inzunza-candidato-al-senado-por-morena-anuncia-primer-foro-agricola-sinaloense","status":"publish","type":"post","link":"https:\/\/fuentesfidedignas.com.mx\/index.php\/2024\/03\/13\/enrique-inzunza-candidato-al-senado-por-morena-anuncia-primer-foro-agricola-sinaloense\/","title":{"rendered":"Enrique Inzunza, candidato al Senado por Morena; anuncia primer Foro Agr\u00edcola sinaloense"},"content":{"rendered":"\n<p><strong><em>El candidato a la C\u00e1mara Alta, recorri\u00f3 la Central Internacional de Autobuses en Culiac\u00e1n<\/em><\/strong><\/p>\n\n\n\n<p>Culiac\u00e1n, Sin. El candidato al Senado de la Rep\u00fablica Enrique Inzunza tras encuentro con Medios de Comunicaci\u00f3n, anunci\u00f3 que el pr\u00f3ximo 25 de marzo, se tiene agendado el primer Foro con el sector agr\u00edcola del estado.<\/p>\n\n\n\n<p>Su agenda inici\u00f3 con la activaci\u00f3n de brigadistas en el crucero Aeropuerto y Blvd. Las Torres en la ciudad de Culiac\u00e1n.<br \/>En la interacci\u00f3n de preguntas y respuestas habl\u00f3 de las propuestas que tanto \u00e9l y su compa\u00f1era la candidata Imelda Castro presentan a los sinaloenses que a diario saludan en su traves\u00eda c\u00edvica.<\/p>\n\n\n\n<p>Enrique Inzunza coment\u00f3 que seguir\u00e1n los pasos de la Dra. Claudia Sheinbaum y que profundizar\u00e1n la pol\u00edtica social de Andr\u00e9s Manuel L\u00f3pez Obrador.<br \/>Dijo que al llegar al Senado, \u00e9l y su compa\u00f1era de f\u00f3rmula de la coalici\u00f3n Sigamos Haciendo Historia, legislar\u00e1n para que contin\u00faen los distintos apoyos a adultos mayores, j\u00f3venes y sobre todo para las comunidades vulnerables.<\/p>\n\n\n\n<p>Adem\u00e1s de presentar las propuestas que respaldan de la candidata Claudia Sheinbaum, el candidato Enrique Inzunza anunci\u00f3 que el pr\u00f3ximo 25 de marzo, se tiene agendado el primer Foro Agr\u00edcola, que ser\u00e1 encabezado por el especialista sinaloense Julio Berdegu\u00e9; donde estar\u00e1n invitados los representantes de todos los sectores productivos (agricultura, pesca, ganader\u00eda, etc), as\u00ed como las organizaciones sociales sinaloenses y especialistas en el tema del agua.<\/p>\n\n\n\n<p>El candidato al Senado, durante estos 13 d\u00edas de campa\u00f1a, ha recibido muestras de apoyo y gran aceptaci\u00f3n por parte de los sinaloenses.<br \/>Agreg\u00f3 que durante todo el recorrido que han hecho hasta ahora, \u00e9l y su compa\u00f1era Imelda Castro, est\u00e1n haciendo una playlist (lista de canciones), pregunt\u00e1ndoles a las personas qu\u00e9 canciones les gustan para el 2 de junio, y con esta lista har\u00e1n un recordatorio de todo lo vivido en la campa\u00f1a.<\/p>\n\n\n\n<p>Tras la activaci\u00f3n en el crucero, donde estuvo acompa\u00f1ado por Jes\u00fas Ibarra candidato a Diputado federal por el Distrito 5; el candidato por Morena al Senado, pas\u00f3 a saludar a cada uno de los locatarios de la colonia sector Terranova.<\/p>\n\n\n\n<p>Enrique Inzunza ha se\u00f1alado que su campa\u00f1a es a ras de suelo y en contacto directo con la gente; por ello realiz\u00f3 una visita a la Central Internacional de Autobuses Millenium donde salud\u00f3 y escuch\u00f3 a l\u00edderes e integrantes de la Federaci\u00f3n de autotransportistas del estado de Sinaloa, encabezada por el Presidente Joel Camacho y Jos\u00e9 Miguel Luna<br>de la Transportes CTM.<br>Ah\u00ed tuvo la oportunidad de saludar a comerciantes y transe\u00fantes de distintas localidades del estado y a turistas vecinos de Durango que se encontraban en la central de autobuses Culiac\u00e1n.<br>\u2014\u2014\u2014<\/p>\n","protected":false},"excerpt":{"rendered":"<p>El candidato a la C\u00e1mara Alta, recorri\u00f3 la Central Internacional de Autobuses en Culiac\u00e1n Culiac\u00e1n, Sin. El candidato al Senado de la Rep\u00fablica Enrique Inzunza tras encuentro con Medios de Comunicaci\u00f3n, anunci\u00f3 que el pr\u00f3ximo 25 de marzo, se tiene agendado el primer Foro con el sector agr\u00edcola del estado. Su agenda inici\u00f3 con la [&hellip;]<\/p>\n","protected":false},"author":4,"featured_media":76779,"comment_status":"open","ping_status":"open","sticky":false,"template":"","format":"standard","meta":{"tdm_status":"","tdm_grid_status":"","footnotes":""},"categories":[1],"tags":[],"class_list":{"0":"post-76780","1":"post","2":"type-post","3":"status-publish","4":"format-standard","5":"has-post-thumbnail","7":"category-sin-categoria"},"yoast_head":"<!-- This site is optimized with the Yoast SEO plugin v27.5 - https:\/\/yoast.com\/product\/yoast-seo-wordpress\/ -->\n<title>Enrique Inzunza, candidato al Senado por Morena; anuncia primer Foro Agr\u00edcola sinaloense - Fuentes Fidedignas<\/title>\n<meta name=\"robots\" content=\"index, follow, max-snippet:-1, max-image-preview:large, max-video-preview:-1\" \/>\n<link rel=\"canonical\" href=\"https:\/\/fuentesfidedignas.com.mx\/index.php\/2024\/03\/13\/enrique-inzunza-candidato-al-senado-por-morena-anuncia-primer-foro-agricola-sinaloense\/\" \/>\n<meta property=\"og:locale\" content=\"es_MX\" \/>\n<meta property=\"og:type\" content=\"article\" \/>\n<meta property=\"og:title\" content=\"Enrique Inzunza, candidato al Senado por Morena; anuncia primer Foro Agr\u00edcola sinaloense - Fuentes Fidedignas\" \/>\n<meta property=\"og:description\" content=\"El candidato a la C\u00e1mara Alta, recorri\u00f3 la Central Internacional de Autobuses en Culiac\u00e1n Culiac\u00e1n, Sin. El candidato al Senado de la Rep\u00fablica Enrique Inzunza tras encuentro con Medios de Comunicaci\u00f3n, anunci\u00f3 que el pr\u00f3ximo 25 de marzo, se tiene agendado el primer Foro con el sector agr\u00edcola del estado. Su agenda inici\u00f3 con la [&hellip;]\" \/>\n<meta property=\"og:url\" content=\"https:\/\/fuentesfidedignas.com.mx\/index.php\/2024\/03\/13\/enrique-inzunza-candidato-al-senado-por-morena-anuncia-primer-foro-agricola-sinaloense\/\" \/>\n<meta property=\"og:site_name\" content=\"Fuentes Fidedignas\" \/>\n<meta property=\"article:publisher\" content=\"https:\/\/www.facebook.com\/Fuentes-Fidedignas-368234489921644\" \/>\n<meta property=\"article:published_time\" content=\"2024-03-13T21:25:11+00:00\" \/>\n<meta property=\"article:modified_time\" content=\"2024-03-13T21:25:12+00:00\" \/>\n<meta property=\"og:image\" content=\"https:\/\/fuentesfidedignas.com.mx\/wp-content\/uploads\/2024\/03\/49569fdd-21fd-4230-b6b4-3f2d19a6e445-1.jpg\" \/>\n\t<meta property=\"og:image:width\" content=\"1280\" \/>\n\t<meta property=\"og:image:height\" content=\"853\" \/>\n\t<meta property=\"og:image:type\" content=\"image\/jpeg\" \/>\n<meta name=\"author\" content=\"Redacci\u00f3n\" \/>\n<meta name=\"twitter:card\" content=\"summary_large_image\" \/>\n<meta name=\"twitter:creator\" content=\"@fidedignas\" \/>\n<meta name=\"twitter:site\" content=\"@fidedignas\" \/>\n<meta name=\"twitter:label1\" content=\"Escrito por\" \/>\n\t<meta name=\"twitter:data1\" content=\"Redacci\u00f3n\" \/>\n\t<meta name=\"twitter:label2\" content=\"Tiempo de lectura\" \/>\n\t<meta name=\"twitter:data2\" content=\"2 minutos\" \/>\n<script type=\"application\/ld+json\" class=\"yoast-schema-graph\">{\"@context\":\"https:\\\/\\\/schema.org\",\"@graph\":[{\"@type\":\"Article\",\"@id\":\"https:\\\/\\\/fuentesfidedignas.com.mx\\\/index.php\\\/2024\\\/03\\\/13\\\/enrique-inzunza-candidato-al-senado-por-morena-anuncia-primer-foro-agricola-sinaloense\\\/#article\",\"isPartOf\":{\"@id\":\"https:\\\/\\\/fuentesfidedignas.com.mx\\\/index.php\\\/2024\\\/03\\\/13\\\/enrique-inzunza-candidato-al-senado-por-morena-anuncia-primer-foro-agricola-sinaloense\\\/\"},\"author\":{\"name\":\"Redacci\u00f3n\",\"@id\":\"https:\\\/\\\/fuentesfidedignas.com.mx\\\/#\\\/schema\\\/person\\\/331be9283d37198e2acd5750279085b0\"},\"headline\":\"Enrique Inzunza, candidato al Senado por Morena; anuncia primer Foro Agr\u00edcola sinaloense\",\"datePublished\":\"2024-03-13T21:25:11+00:00\",\"dateModified\":\"2024-03-13T21:25:12+00:00\",\"mainEntityOfPage\":{\"@id\":\"https:\\\/\\\/fuentesfidedignas.com.mx\\\/index.php\\\/2024\\\/03\\\/13\\\/enrique-inzunza-candidato-al-senado-por-morena-anuncia-primer-foro-agricola-sinaloense\\\/\"},\"wordCount\":488,\"commentCount\":0,\"publisher\":{\"@id\":\"https:\\\/\\\/fuentesfidedignas.com.mx\\\/#organization\"},\"image\":{\"@id\":\"https:\\\/\\\/fuentesfidedignas.com.mx\\\/index.php\\\/2024\\\/03\\\/13\\\/enrique-inzunza-candidato-al-senado-por-morena-anuncia-primer-foro-agricola-sinaloense\\\/#primaryimage\"},\"thumbnailUrl\":\"https:\\\/\\\/fuentesfidedignas.com.mx\\\/wp-content\\\/uploads\\\/2024\\\/03\\\/49569fdd-21fd-4230-b6b4-3f2d19a6e445-1.jpg\",\"inLanguage\":\"es\",\"potentialAction\":[{\"@type\":\"CommentAction\",\"name\":\"Comment\",\"target\":[\"https:\\\/\\\/fuentesfidedignas.com.mx\\\/index.php\\\/2024\\\/03\\\/13\\\/enrique-inzunza-candidato-al-senado-por-morena-anuncia-primer-foro-agricola-sinaloense\\\/#respond\"]}]},{\"@type\":\"WebPage\",\"@id\":\"https:\\\/\\\/fuentesfidedignas.com.mx\\\/index.php\\\/2024\\\/03\\\/13\\\/enrique-inzunza-candidato-al-senado-por-morena-anuncia-primer-foro-agricola-sinaloense\\\/\",\"url\":\"https:\\\/\\\/fuentesfidedignas.com.mx\\\/index.php\\\/2024\\\/03\\\/13\\\/enrique-inzunza-candidato-al-senado-por-morena-anuncia-primer-foro-agricola-sinaloense\\\/\",\"name\":\"Enrique Inzunza, candidato al Senado por Morena; anuncia primer Foro Agr\u00edcola sinaloense - Fuentes Fidedignas\",\"isPartOf\":{\"@id\":\"https:\\\/\\\/fuentesfidedignas.com.mx\\\/#website\"},\"primaryImageOfPage\":{\"@id\":\"https:\\\/\\\/fuentesfidedignas.com.mx\\\/index.php\\\/2024\\\/03\\\/13\\\/enrique-inzunza-candidato-al-senado-por-morena-anuncia-primer-foro-agricola-sinaloense\\\/#primaryimage\"},\"image\":{\"@id\":\"https:\\\/\\\/fuentesfidedignas.com.mx\\\/index.php\\\/2024\\\/03\\\/13\\\/enrique-inzunza-candidato-al-senado-por-morena-anuncia-primer-foro-agricola-sinaloense\\\/#primaryimage\"},\"thumbnailUrl\":\"https:\\\/\\\/fuentesfidedignas.com.mx\\\/wp-content\\\/uploads\\\/2024\\\/03\\\/49569fdd-21fd-4230-b6b4-3f2d19a6e445-1.jpg\",\"datePublished\":\"2024-03-13T21:25:11+00:00\",\"dateModified\":\"2024-03-13T21:25:12+00:00\",\"breadcrumb\":{\"@id\":\"https:\\\/\\\/fuentesfidedignas.com.mx\\\/index.php\\\/2024\\\/03\\\/13\\\/enrique-inzunza-candidato-al-senado-por-morena-anuncia-primer-foro-agricola-sinaloense\\\/#breadcrumb\"},\"inLanguage\":\"es\",\"potentialAction\":[{\"@type\":\"ReadAction\",\"target\":[\"https:\\\/\\\/fuentesfidedignas.com.mx\\\/index.php\\\/2024\\\/03\\\/13\\\/enrique-inzunza-candidato-al-senado-por-morena-anuncia-primer-foro-agricola-sinaloense\\\/\"]}]},{\"@type\":\"ImageObject\",\"inLanguage\":\"es\",\"@id\":\"https:\\\/\\\/fuentesfidedignas.com.mx\\\/index.php\\\/2024\\\/03\\\/13\\\/enrique-inzunza-candidato-al-senado-por-morena-anuncia-primer-foro-agricola-sinaloense\\\/#primaryimage\",\"url\":\"https:\\\/\\\/fuentesfidedignas.com.mx\\\/wp-content\\\/uploads\\\/2024\\\/03\\\/49569fdd-21fd-4230-b6b4-3f2d19a6e445-1.jpg\",\"contentUrl\":\"https:\\\/\\\/fuentesfidedignas.com.mx\\\/wp-content\\\/uploads\\\/2024\\\/03\\\/49569fdd-21fd-4230-b6b4-3f2d19a6e445-1.jpg\",\"width\":1280,\"height\":853},{\"@type\":\"BreadcrumbList\",\"@id\":\"https:\\\/\\\/fuentesfidedignas.com.mx\\\/index.php\\\/2024\\\/03\\\/13\\\/enrique-inzunza-candidato-al-senado-por-morena-anuncia-primer-foro-agricola-sinaloense\\\/#breadcrumb\",\"itemListElement\":[{\"@type\":\"ListItem\",\"position\":1,\"name\":\"Inicio\",\"item\":\"https:\\\/\\\/fuentesfidedignas.com.mx\\\/\"},{\"@type\":\"ListItem\",\"position\":2,\"name\":\"Enrique Inzunza, candidato al Senado por Morena; anuncia primer Foro Agr\u00edcola sinaloense\"}]},{\"@type\":\"WebSite\",\"@id\":\"https:\\\/\\\/fuentesfidedignas.com.mx\\\/#website\",\"url\":\"https:\\\/\\\/fuentesfidedignas.com.mx\\\/\",\"name\":\"Fuentes Fidedignas\",\"description\":\"Otro sitio realizado con WordPress\",\"publisher\":{\"@id\":\"https:\\\/\\\/fuentesfidedignas.com.mx\\\/#organization\"},\"potentialAction\":[{\"@type\":\"SearchAction\",\"target\":{\"@type\":\"EntryPoint\",\"urlTemplate\":\"https:\\\/\\\/fuentesfidedignas.com.mx\\\/?s={search_term_string}\"},\"query-input\":{\"@type\":\"PropertyValueSpecification\",\"valueRequired\":true,\"valueName\":\"search_term_string\"}}],\"inLanguage\":\"es\"},{\"@type\":\"Organization\",\"@id\":\"https:\\\/\\\/fuentesfidedignas.com.mx\\\/#organization\",\"name\":\"Fuentes Fidedignas\",\"url\":\"https:\\\/\\\/fuentesfidedignas.com.mx\\\/\",\"logo\":{\"@type\":\"ImageObject\",\"inLanguage\":\"es\",\"@id\":\"https:\\\/\\\/fuentesfidedignas.com.mx\\\/#\\\/schema\\\/logo\\\/image\\\/\",\"url\":\"https:\\\/\\\/fuentesfidedignas.com.mx\\\/wp-content\\\/uploads\\\/2021\\\/04\\\/logo-retina.png\",\"contentUrl\":\"https:\\\/\\\/fuentesfidedignas.com.mx\\\/wp-content\\\/uploads\\\/2021\\\/04\\\/logo-retina.png\",\"width\":280,\"height\":51,\"caption\":\"Fuentes Fidedignas\"},\"image\":{\"@id\":\"https:\\\/\\\/fuentesfidedignas.com.mx\\\/#\\\/schema\\\/logo\\\/image\\\/\"},\"sameAs\":[\"https:\\\/\\\/www.facebook.com\\\/Fuentes-Fidedignas-368234489921644\",\"https:\\\/\\\/x.com\\\/fidedignas\"]},{\"@type\":\"Person\",\"@id\":\"https:\\\/\\\/fuentesfidedignas.com.mx\\\/#\\\/schema\\\/person\\\/331be9283d37198e2acd5750279085b0\",\"name\":\"Redacci\u00f3n\",\"image\":{\"@type\":\"ImageObject\",\"inLanguage\":\"es\",\"@id\":\"https:\\\/\\\/secure.gravatar.com\\\/avatar\\\/f6d8782c11d12b2d4ad3fbb6931aeab5309937a4d6cd2fc9cfaa28a6396a5aec?s=96&d=mm&r=g\",\"url\":\"https:\\\/\\\/secure.gravatar.com\\\/avatar\\\/f6d8782c11d12b2d4ad3fbb6931aeab5309937a4d6cd2fc9cfaa28a6396a5aec?s=96&d=mm&r=g\",\"contentUrl\":\"https:\\\/\\\/secure.gravatar.com\\\/avatar\\\/f6d8782c11d12b2d4ad3fbb6931aeab5309937a4d6cd2fc9cfaa28a6396a5aec?s=96&d=mm&r=g\",\"caption\":\"Redacci\u00f3n\"},\"url\":\"https:\\\/\\\/fuentesfidedignas.com.mx\\\/index.php\\\/author\\\/redaccion\\\/\"}]}<\/script>\n<!-- \/ Yoast SEO plugin. -->","yoast_head_json":{"title":"Enrique Inzunza, candidato al Senado por Morena; anuncia primer Foro Agr\u00edcola sinaloense - Fuentes Fidedignas","robots":{"index":"index","follow":"follow","max-snippet":"max-snippet:-1","max-image-preview":"max-image-preview:large","max-video-preview":"max-video-preview:-1"},"canonical":"https:\/\/fuentesfidedignas.com.mx\/index.php\/2024\/03\/13\/enrique-inzunza-candidato-al-senado-por-morena-anuncia-primer-foro-agricola-sinaloense\/","og_locale":"es_MX","og_type":"article","og_title":"Enrique Inzunza, candidato al Senado por Morena; anuncia primer Foro Agr\u00edcola sinaloense - Fuentes Fidedignas","og_description":"El candidato a la C\u00e1mara Alta, recorri\u00f3 la Central Internacional de Autobuses en Culiac\u00e1n Culiac\u00e1n, Sin. El candidato al Senado de la Rep\u00fablica Enrique Inzunza tras encuentro con Medios de Comunicaci\u00f3n, anunci\u00f3 que el pr\u00f3ximo 25 de marzo, se tiene agendado el primer Foro con el sector agr\u00edcola del estado. Su agenda inici\u00f3 con la [&hellip;]","og_url":"https:\/\/fuentesfidedignas.com.mx\/index.php\/2024\/03\/13\/enrique-inzunza-candidato-al-senado-por-morena-anuncia-primer-foro-agricola-sinaloense\/","og_site_name":"Fuentes Fidedignas","article_publisher":"https:\/\/www.facebook.com\/Fuentes-Fidedignas-368234489921644","article_published_time":"2024-03-13T21:25:11+00:00","article_modified_time":"2024-03-13T21:25:12+00:00","og_image":[{"width":1280,"height":853,"url":"https:\/\/fuentesfidedignas.com.mx\/wp-content\/uploads\/2024\/03\/49569fdd-21fd-4230-b6b4-3f2d19a6e445-1.jpg","type":"image\/jpeg"}],"author":"Redacci\u00f3n","twitter_card":"summary_large_image","twitter_creator":"@fidedignas","twitter_site":"@fidedignas","twitter_misc":{"Escrito por":"Redacci\u00f3n","Tiempo de lectura":"2 minutos"},"schema":{"@context":"https:\/\/schema.org","@graph":[{"@type":"Article","@id":"https:\/\/fuentesfidedignas.com.mx\/index.php\/2024\/03\/13\/enrique-inzunza-candidato-al-senado-por-morena-anuncia-primer-foro-agricola-sinaloense\/#article","isPartOf":{"@id":"https:\/\/fuentesfidedignas.com.mx\/index.php\/2024\/03\/13\/enrique-inzunza-candidato-al-senado-por-morena-anuncia-primer-foro-agricola-sinaloense\/"},"author":{"name":"Redacci\u00f3n","@id":"https:\/\/fuentesfidedignas.com.mx\/#\/schema\/person\/331be9283d37198e2acd5750279085b0"},"headline":"Enrique Inzunza, candidato al Senado por Morena; anuncia primer Foro Agr\u00edcola sinaloense","datePublished":"2024-03-13T21:25:11+00:00","dateModified":"2024-03-13T21:25:12+00:00","mainEntityOfPage":{"@id":"https:\/\/fuentesfidedignas.com.mx\/index.php\/2024\/03\/13\/enrique-inzunza-candidato-al-senado-por-morena-anuncia-primer-foro-agricola-sinaloense\/"},"wordCount":488,"commentCount":0,"publisher":{"@id":"https:\/\/fuentesfidedignas.com.mx\/#organization"},"image":{"@id":"https:\/\/fuentesfidedignas.com.mx\/index.php\/2024\/03\/13\/enrique-inzunza-candidato-al-senado-por-morena-anuncia-primer-foro-agricola-sinaloense\/#primaryimage"},"thumbnailUrl":"https:\/\/fuentesfidedignas.com.mx\/wp-content\/uploads\/2024\/03\/49569fdd-21fd-4230-b6b4-3f2d19a6e445-1.jpg","inLanguage":"es","potentialAction":[{"@type":"CommentAction","name":"Comment","target":["https:\/\/fuentesfidedignas.com.mx\/index.php\/2024\/03\/13\/enrique-inzunza-candidato-al-senado-por-morena-anuncia-primer-foro-agricola-sinaloense\/#respond"]}]},{"@type":"WebPage","@id":"https:\/\/fuentesfidedignas.com.mx\/index.php\/2024\/03\/13\/enrique-inzunza-candidato-al-senado-por-morena-anuncia-primer-foro-agricola-sinaloense\/","url":"https:\/\/fuentesfidedignas.com.mx\/index.php\/2024\/03\/13\/enrique-inzunza-candidato-al-senado-por-morena-anuncia-primer-foro-agricola-sinaloense\/","name":"Enrique Inzunza, candidato al Senado por Morena; anuncia primer Foro Agr\u00edcola sinaloense - Fuentes Fidedignas","isPartOf":{"@id":"https:\/\/fuentesfidedignas.com.mx\/#website"},"primaryImageOfPage":{"@id":"https:\/\/fuentesfidedignas.com.mx\/index.php\/2024\/03\/13\/enrique-inzunza-candidato-al-senado-por-morena-anuncia-primer-foro-agricola-sinaloense\/#primaryimage"},"image":{"@id":"https:\/\/fuentesfidedignas.com.mx\/index.php\/2024\/03\/13\/enrique-inzunza-candidato-al-senado-por-morena-anuncia-primer-foro-agricola-sinaloense\/#primaryimage"},"thumbnailUrl":"https:\/\/fuentesfidedignas.com.mx\/wp-content\/uploads\/2024\/03\/49569fdd-21fd-4230-b6b4-3f2d19a6e445-1.jpg","datePublished":"2024-03-13T21:25:11+00:00","dateModified":"2024-03-13T21:25:12+00:00","breadcrumb":{"@id":"https:\/\/fuentesfidedignas.com.mx\/index.php\/2024\/03\/13\/enrique-inzunza-candidato-al-senado-por-morena-anuncia-primer-foro-agricola-sinaloense\/#breadcrumb"},"inLanguage":"es","potentialAction":[{"@type":"ReadAction","target":["https:\/\/fuentesfidedignas.com.mx\/index.php\/2024\/03\/13\/enrique-inzunza-candidato-al-senado-por-morena-anuncia-primer-foro-agricola-sinaloense\/"]}]},{"@type":"ImageObject","inLanguage":"es","@id":"https:\/\/fuentesfidedignas.com.mx\/index.php\/2024\/03\/13\/enrique-inzunza-candidato-al-senado-por-morena-anuncia-primer-foro-agricola-sinaloense\/#primaryimage","url":"https:\/\/fuentesfidedignas.com.mx\/wp-content\/uploads\/2024\/03\/49569fdd-21fd-4230-b6b4-3f2d19a6e445-1.jpg","contentUrl":"https:\/\/fuentesfidedignas.com.mx\/wp-content\/uploads\/2024\/03\/49569fdd-21fd-4230-b6b4-3f2d19a6e445-1.jpg","width":1280,"height":853},{"@type":"BreadcrumbList","@id":"https:\/\/fuentesfidedignas.com.mx\/index.php\/2024\/03\/13\/enrique-inzunza-candidato-al-senado-por-morena-anuncia-primer-foro-agricola-sinaloense\/#breadcrumb","itemListElement":[{"@type":"ListItem","position":1,"name":"Inicio","item":"https:\/\/fuentesfidedignas.com.mx\/"},{"@type":"ListItem","position":2,"name":"Enrique Inzunza, candidato al Senado por Morena; anuncia primer Foro Agr\u00edcola sinaloense"}]},{"@type":"WebSite","@id":"https:\/\/fuentesfidedignas.com.mx\/#website","url":"https:\/\/fuentesfidedignas.com.mx\/","name":"Fuentes Fidedignas","description":"Otro sitio realizado con WordPress","publisher":{"@id":"https:\/\/fuentesfidedignas.com.mx\/#organization"},"potentialAction":[{"@type":"SearchAction","target":{"@type":"EntryPoint","urlTemplate":"https:\/\/fuentesfidedignas.com.mx\/?s={search_term_string}"},"query-input":{"@type":"PropertyValueSpecification","valueRequired":true,"valueName":"search_term_string"}}],"inLanguage":"es"},{"@type":"Organization","@id":"https:\/\/fuentesfidedignas.com.mx\/#organization","name":"Fuentes Fidedignas","url":"https:\/\/fuentesfidedignas.com.mx\/","logo":{"@type":"ImageObject","inLanguage":"es","@id":"https:\/\/fuentesfidedignas.com.mx\/#\/schema\/logo\/image\/","url":"https:\/\/fuentesfidedignas.com.mx\/wp-content\/uploads\/2021\/04\/logo-retina.png","contentUrl":"https:\/\/fuentesfidedignas.com.mx\/wp-content\/uploads\/2021\/04\/logo-retina.png","width":280,"height":51,"caption":"Fuentes Fidedignas"},"image":{"@id":"https:\/\/fuentesfidedignas.com.mx\/#\/schema\/logo\/image\/"},"sameAs":["https:\/\/www.facebook.com\/Fuentes-Fidedignas-368234489921644","https:\/\/x.com\/fidedignas"]},{"@type":"Person","@id":"https:\/\/fuentesfidedignas.com.mx\/#\/schema\/person\/331be9283d37198e2acd5750279085b0","name":"Redacci\u00f3n","image":{"@type":"ImageObject","inLanguage":"es","@id":"https:\/\/secure.gravatar.com\/avatar\/f6d8782c11d12b2d4ad3fbb6931aeab5309937a4d6cd2fc9cfaa28a6396a5aec?s=96&d=mm&r=g","url":"https:\/\/secure.gravatar.com\/avatar\/f6d8782c11d12b2d4ad3fbb6931aeab5309937a4d6cd2fc9cfaa28a6396a5aec?s=96&d=mm&r=g","contentUrl":"https:\/\/secure.gravatar.com\/avatar\/f6d8782c11d12b2d4ad3fbb6931aeab5309937a4d6cd2fc9cfaa28a6396a5aec?s=96&d=mm&r=g","caption":"Redacci\u00f3n"},"url":"https:\/\/fuentesfidedignas.com.mx\/index.php\/author\/redaccion\/"}]}},"_links":{"self":[{"href":"https:\/\/fuentesfidedignas.com.mx\/index.php\/wp-json\/wp\/v2\/posts\/76780","targetHints":{"allow":["GET"]}}],"collection":[{"href":"https:\/\/fuentesfidedignas.com.mx\/index.php\/wp-json\/wp\/v2\/posts"}],"about":[{"href":"https:\/\/fuentesfidedignas.com.mx\/index.php\/wp-json\/wp\/v2\/types\/post"}],"author":[{"embeddable":true,"href":"https:\/\/fuentesfidedignas.com.mx\/index.php\/wp-json\/wp\/v2\/users\/4"}],"replies":[{"embeddable":true,"href":"https:\/\/fuentesfidedignas.com.mx\/index.php\/wp-json\/wp\/v2\/comments?post=76780"}],"version-history":[{"count":1,"href":"https:\/\/fuentesfidedignas.com.mx\/index.php\/wp-json\/wp\/v2\/posts\/76780\/revisions"}],"predecessor-version":[{"id":76781,"href":"https:\/\/fuentesfidedignas.com.mx\/index.php\/wp-json\/wp\/v2\/posts\/76780\/revisions\/76781"}],"wp:featuredmedia":[{"embeddable":true,"href":"https:\/\/fuentesfidedignas.com.mx\/index.php\/wp-json\/wp\/v2\/media\/76779"}],"wp:attachment":[{"href":"https:\/\/fuentesfidedignas.com.mx\/index.php\/wp-json\/wp\/v2\/media?parent=76780"}],"wp:term":[{"taxonomy":"category","embeddable":true,"href":"https:\/\/fuentesfidedignas.com.mx\/index.php\/wp-json\/wp\/v2\/categories?post=76780"},{"taxonomy":"post_tag","embeddable":true,"href":"https:\/\/fuentesfidedignas.com.mx\/index.php\/wp-json\/wp\/v2\/tags?post=76780"}],"curies":[{"name":"wp","href":"https:\/\/api.w.org\/{rel}","templated":true}]}}