{"id":76765,"date":"2024-03-13T09:45:36","date_gmt":"2024-03-13T16:45:36","guid":{"rendered":"https:\/\/fuentesfidedignas.com.mx\/?p=76765"},"modified":"2024-03-13T09:47:41","modified_gmt":"2024-03-13T16:47:41","slug":"vinculado-a-proceso-a-jesus-n-por-abuso-sexual-a-nieta-de-su-pareja","status":"publish","type":"post","link":"https:\/\/fuentesfidedignas.com.mx\/index.php\/2024\/03\/13\/vinculado-a-proceso-a-jesus-n-por-abuso-sexual-a-nieta-de-su-pareja\/","title":{"rendered":"Vinculado a proceso a Jes\u00fas \u201cN\u201d por abuso sexual a nieta de su pareja"},"content":{"rendered":"\n<p><strong><em>El hombre aprovech\u00f3 la ausencia de la pareja para realizar acciones consideradas abuso sexual contra la menor con la que tiene parentesco por afinidad<\/em><\/strong><\/p>\n\n\n\n<p>Culiac\u00e1n, Sin.- Vinculado a proceso qued\u00f3 un sujeto acusado de abuso sexual cometido en perjuicio de la nieta de su concubina a quien presuntamente le realiz\u00f3 acciones consideradas como este delito.<\/p>\n\n\n\n<p>Bajo la causa penal 206\/2024 el Ministerio P\u00fablico Especializado en Delitos Sexuales Regi\u00f3n Centro de la Fiscal\u00eda General del Estado de Sinaloa formul\u00f3 imputaci\u00f3n contra Jes\u00fas \u201cC\u201d, quien el 28 de agosto de 2023 le realiz\u00f3 tocamientos de \u00edndole sexual a la v\u00edctima.<\/p>\n\n\n\n<p>Por estos hechos fue denunciado y abierta carpeta de investigaci\u00f3n, obteni\u00e9ndose los datos de prueba que se expusieron ante el Juez de Control y Enjuiciamiento Penal en audiencia inicial.<\/p>\n\n\n\n<p>Ah\u00ed se solicit\u00f3 la vinculaci\u00f3n a proceso por el delito mencionado que fue concedida por el Juez quien adem\u00e1s dicto prisi\u00f3n preventiva con vigencia de un a\u00f1o, y tres meses de plazo de investigaci\u00f3n complementaria.<\/p>\n","protected":false},"excerpt":{"rendered":"<p>El hombre aprovech\u00f3 la ausencia de la pareja para realizar acciones consideradas abuso sexual contra la menor con la que tiene parentesco por afinidad Culiac\u00e1n, Sin.- Vinculado a proceso qued\u00f3 un sujeto acusado de abuso sexual cometido en perjuicio de la nieta de su concubina a quien presuntamente le realiz\u00f3 acciones consideradas como este delito. [&hellip;]<\/p>\n","protected":false},"author":4,"featured_media":50158,"comment_status":"open","ping_status":"open","sticky":false,"template":"","format":"standard","meta":{"tdm_status":"","tdm_grid_status":"","footnotes":""},"categories":[38,1],"tags":[],"class_list":{"0":"post-76765","1":"post","2":"type-post","3":"status-publish","4":"format-standard","5":"has-post-thumbnail","7":"category-noticias-locales","8":"category-sin-categoria"},"yoast_head":"<!-- This site is optimized with the Yoast SEO plugin v27.5 - https:\/\/yoast.com\/product\/yoast-seo-wordpress\/ -->\n<title>Vinculado a proceso a Jes\u00fas \u201cN\u201d por abuso sexual a nieta de su pareja - Fuentes Fidedignas<\/title>\n<meta name=\"robots\" content=\"index, follow, max-snippet:-1, max-image-preview:large, max-video-preview:-1\" \/>\n<link rel=\"canonical\" href=\"https:\/\/fuentesfidedignas.com.mx\/index.php\/2024\/03\/13\/vinculado-a-proceso-a-jesus-n-por-abuso-sexual-a-nieta-de-su-pareja\/\" \/>\n<meta property=\"og:locale\" content=\"es_MX\" \/>\n<meta property=\"og:type\" content=\"article\" \/>\n<meta property=\"og:title\" content=\"Vinculado a proceso a Jes\u00fas \u201cN\u201d por abuso sexual a nieta de su pareja - Fuentes Fidedignas\" \/>\n<meta property=\"og:description\" content=\"El hombre aprovech\u00f3 la ausencia de la pareja para realizar acciones consideradas abuso sexual contra la menor con la que tiene parentesco por afinidad Culiac\u00e1n, Sin.- Vinculado a proceso qued\u00f3 un sujeto acusado de abuso sexual cometido en perjuicio de la nieta de su concubina a quien presuntamente le realiz\u00f3 acciones consideradas como este delito. [&hellip;]\" \/>\n<meta property=\"og:url\" content=\"https:\/\/fuentesfidedignas.com.mx\/index.php\/2024\/03\/13\/vinculado-a-proceso-a-jesus-n-por-abuso-sexual-a-nieta-de-su-pareja\/\" \/>\n<meta property=\"og:site_name\" content=\"Fuentes Fidedignas\" \/>\n<meta property=\"article:publisher\" content=\"https:\/\/www.facebook.com\/Fuentes-Fidedignas-368234489921644\" \/>\n<meta property=\"article:published_time\" content=\"2024-03-13T16:45:36+00:00\" \/>\n<meta property=\"article:modified_time\" content=\"2024-03-13T16:47:41+00:00\" \/>\n<meta property=\"og:image\" content=\"https:\/\/fuentesfidedignas.com.mx\/wp-content\/uploads\/2021\/04\/logo-retina.png\" \/>\n\t<meta property=\"og:image:width\" content=\"280\" \/>\n\t<meta property=\"og:image:height\" content=\"51\" \/>\n\t<meta property=\"og:image:type\" content=\"image\/png\" \/>\n<meta name=\"author\" content=\"Redacci\u00f3n\" \/>\n<meta name=\"twitter:card\" content=\"summary_large_image\" \/>\n<meta name=\"twitter:creator\" content=\"@fidedignas\" \/>\n<meta name=\"twitter:site\" content=\"@fidedignas\" \/>\n<meta name=\"twitter:label1\" content=\"Escrito por\" \/>\n\t<meta name=\"twitter:data1\" content=\"Redacci\u00f3n\" \/>\n\t<meta name=\"twitter:label2\" content=\"Tiempo de lectura\" \/>\n\t<meta name=\"twitter:data2\" content=\"1 minuto\" \/>\n<script type=\"application\/ld+json\" class=\"yoast-schema-graph\">{\"@context\":\"https:\\\/\\\/schema.org\",\"@graph\":[{\"@type\":\"Article\",\"@id\":\"https:\\\/\\\/fuentesfidedignas.com.mx\\\/index.php\\\/2024\\\/03\\\/13\\\/vinculado-a-proceso-a-jesus-n-por-abuso-sexual-a-nieta-de-su-pareja\\\/#article\",\"isPartOf\":{\"@id\":\"https:\\\/\\\/fuentesfidedignas.com.mx\\\/index.php\\\/2024\\\/03\\\/13\\\/vinculado-a-proceso-a-jesus-n-por-abuso-sexual-a-nieta-de-su-pareja\\\/\"},\"author\":{\"name\":\"Redacci\u00f3n\",\"@id\":\"https:\\\/\\\/fuentesfidedignas.com.mx\\\/#\\\/schema\\\/person\\\/331be9283d37198e2acd5750279085b0\"},\"headline\":\"Vinculado a proceso a Jes\u00fas \u201cN\u201d por abuso sexual a nieta de su pareja\",\"datePublished\":\"2024-03-13T16:45:36+00:00\",\"dateModified\":\"2024-03-13T16:47:41+00:00\",\"mainEntityOfPage\":{\"@id\":\"https:\\\/\\\/fuentesfidedignas.com.mx\\\/index.php\\\/2024\\\/03\\\/13\\\/vinculado-a-proceso-a-jesus-n-por-abuso-sexual-a-nieta-de-su-pareja\\\/\"},\"wordCount\":189,\"commentCount\":0,\"publisher\":{\"@id\":\"https:\\\/\\\/fuentesfidedignas.com.mx\\\/#organization\"},\"image\":{\"@id\":\"https:\\\/\\\/fuentesfidedignas.com.mx\\\/index.php\\\/2024\\\/03\\\/13\\\/vinculado-a-proceso-a-jesus-n-por-abuso-sexual-a-nieta-de-su-pareja\\\/#primaryimage\"},\"thumbnailUrl\":\"https:\\\/\\\/fuentesfidedignas.com.mx\\\/wp-content\\\/uploads\\\/2023\\\/06\\\/mujer-cumplira-5-anos-de-carcel-en-florida-por-muerte-de-menor-olvidada-en-un-auto.jpg\",\"articleSection\":[\"NOTICIAS LOCALES\"],\"inLanguage\":\"es\",\"potentialAction\":[{\"@type\":\"CommentAction\",\"name\":\"Comment\",\"target\":[\"https:\\\/\\\/fuentesfidedignas.com.mx\\\/index.php\\\/2024\\\/03\\\/13\\\/vinculado-a-proceso-a-jesus-n-por-abuso-sexual-a-nieta-de-su-pareja\\\/#respond\"]}]},{\"@type\":\"WebPage\",\"@id\":\"https:\\\/\\\/fuentesfidedignas.com.mx\\\/index.php\\\/2024\\\/03\\\/13\\\/vinculado-a-proceso-a-jesus-n-por-abuso-sexual-a-nieta-de-su-pareja\\\/\",\"url\":\"https:\\\/\\\/fuentesfidedignas.com.mx\\\/index.php\\\/2024\\\/03\\\/13\\\/vinculado-a-proceso-a-jesus-n-por-abuso-sexual-a-nieta-de-su-pareja\\\/\",\"name\":\"Vinculado a proceso a Jes\u00fas \u201cN\u201d por abuso sexual a nieta de su pareja - Fuentes Fidedignas\",\"isPartOf\":{\"@id\":\"https:\\\/\\\/fuentesfidedignas.com.mx\\\/#website\"},\"primaryImageOfPage\":{\"@id\":\"https:\\\/\\\/fuentesfidedignas.com.mx\\\/index.php\\\/2024\\\/03\\\/13\\\/vinculado-a-proceso-a-jesus-n-por-abuso-sexual-a-nieta-de-su-pareja\\\/#primaryimage\"},\"image\":{\"@id\":\"https:\\\/\\\/fuentesfidedignas.com.mx\\\/index.php\\\/2024\\\/03\\\/13\\\/vinculado-a-proceso-a-jesus-n-por-abuso-sexual-a-nieta-de-su-pareja\\\/#primaryimage\"},\"thumbnailUrl\":\"https:\\\/\\\/fuentesfidedignas.com.mx\\\/wp-content\\\/uploads\\\/2023\\\/06\\\/mujer-cumplira-5-anos-de-carcel-en-florida-por-muerte-de-menor-olvidada-en-un-auto.jpg\",\"datePublished\":\"2024-03-13T16:45:36+00:00\",\"dateModified\":\"2024-03-13T16:47:41+00:00\",\"breadcrumb\":{\"@id\":\"https:\\\/\\\/fuentesfidedignas.com.mx\\\/index.php\\\/2024\\\/03\\\/13\\\/vinculado-a-proceso-a-jesus-n-por-abuso-sexual-a-nieta-de-su-pareja\\\/#breadcrumb\"},\"inLanguage\":\"es\",\"potentialAction\":[{\"@type\":\"ReadAction\",\"target\":[\"https:\\\/\\\/fuentesfidedignas.com.mx\\\/index.php\\\/2024\\\/03\\\/13\\\/vinculado-a-proceso-a-jesus-n-por-abuso-sexual-a-nieta-de-su-pareja\\\/\"]}]},{\"@type\":\"ImageObject\",\"inLanguage\":\"es\",\"@id\":\"https:\\\/\\\/fuentesfidedignas.com.mx\\\/index.php\\\/2024\\\/03\\\/13\\\/vinculado-a-proceso-a-jesus-n-por-abuso-sexual-a-nieta-de-su-pareja\\\/#primaryimage\",\"url\":\"https:\\\/\\\/fuentesfidedignas.com.mx\\\/wp-content\\\/uploads\\\/2023\\\/06\\\/mujer-cumplira-5-anos-de-carcel-en-florida-por-muerte-de-menor-olvidada-en-un-auto.jpg\",\"contentUrl\":\"https:\\\/\\\/fuentesfidedignas.com.mx\\\/wp-content\\\/uploads\\\/2023\\\/06\\\/mujer-cumplira-5-anos-de-carcel-en-florida-por-muerte-de-menor-olvidada-en-un-auto.jpg\",\"width\":1920,\"height\":1281},{\"@type\":\"BreadcrumbList\",\"@id\":\"https:\\\/\\\/fuentesfidedignas.com.mx\\\/index.php\\\/2024\\\/03\\\/13\\\/vinculado-a-proceso-a-jesus-n-por-abuso-sexual-a-nieta-de-su-pareja\\\/#breadcrumb\",\"itemListElement\":[{\"@type\":\"ListItem\",\"position\":1,\"name\":\"Inicio\",\"item\":\"https:\\\/\\\/fuentesfidedignas.com.mx\\\/\"},{\"@type\":\"ListItem\",\"position\":2,\"name\":\"Vinculado a proceso a Jes\u00fas \u201cN\u201d por abuso sexual a nieta de su pareja\"}]},{\"@type\":\"WebSite\",\"@id\":\"https:\\\/\\\/fuentesfidedignas.com.mx\\\/#website\",\"url\":\"https:\\\/\\\/fuentesfidedignas.com.mx\\\/\",\"name\":\"Fuentes Fidedignas\",\"description\":\"Otro sitio realizado con WordPress\",\"publisher\":{\"@id\":\"https:\\\/\\\/fuentesfidedignas.com.mx\\\/#organization\"},\"potentialAction\":[{\"@type\":\"SearchAction\",\"target\":{\"@type\":\"EntryPoint\",\"urlTemplate\":\"https:\\\/\\\/fuentesfidedignas.com.mx\\\/?s={search_term_string}\"},\"query-input\":{\"@type\":\"PropertyValueSpecification\",\"valueRequired\":true,\"valueName\":\"search_term_string\"}}],\"inLanguage\":\"es\"},{\"@type\":\"Organization\",\"@id\":\"https:\\\/\\\/fuentesfidedignas.com.mx\\\/#organization\",\"name\":\"Fuentes Fidedignas\",\"url\":\"https:\\\/\\\/fuentesfidedignas.com.mx\\\/\",\"logo\":{\"@type\":\"ImageObject\",\"inLanguage\":\"es\",\"@id\":\"https:\\\/\\\/fuentesfidedignas.com.mx\\\/#\\\/schema\\\/logo\\\/image\\\/\",\"url\":\"https:\\\/\\\/fuentesfidedignas.com.mx\\\/wp-content\\\/uploads\\\/2021\\\/04\\\/logo-retina.png\",\"contentUrl\":\"https:\\\/\\\/fuentesfidedignas.com.mx\\\/wp-content\\\/uploads\\\/2021\\\/04\\\/logo-retina.png\",\"width\":280,\"height\":51,\"caption\":\"Fuentes Fidedignas\"},\"image\":{\"@id\":\"https:\\\/\\\/fuentesfidedignas.com.mx\\\/#\\\/schema\\\/logo\\\/image\\\/\"},\"sameAs\":[\"https:\\\/\\\/www.facebook.com\\\/Fuentes-Fidedignas-368234489921644\",\"https:\\\/\\\/x.com\\\/fidedignas\"]},{\"@type\":\"Person\",\"@id\":\"https:\\\/\\\/fuentesfidedignas.com.mx\\\/#\\\/schema\\\/person\\\/331be9283d37198e2acd5750279085b0\",\"name\":\"Redacci\u00f3n\",\"image\":{\"@type\":\"ImageObject\",\"inLanguage\":\"es\",\"@id\":\"https:\\\/\\\/secure.gravatar.com\\\/avatar\\\/f6d8782c11d12b2d4ad3fbb6931aeab5309937a4d6cd2fc9cfaa28a6396a5aec?s=96&d=mm&r=g\",\"url\":\"https:\\\/\\\/secure.gravatar.com\\\/avatar\\\/f6d8782c11d12b2d4ad3fbb6931aeab5309937a4d6cd2fc9cfaa28a6396a5aec?s=96&d=mm&r=g\",\"contentUrl\":\"https:\\\/\\\/secure.gravatar.com\\\/avatar\\\/f6d8782c11d12b2d4ad3fbb6931aeab5309937a4d6cd2fc9cfaa28a6396a5aec?s=96&d=mm&r=g\",\"caption\":\"Redacci\u00f3n\"},\"url\":\"https:\\\/\\\/fuentesfidedignas.com.mx\\\/index.php\\\/author\\\/redaccion\\\/\"}]}<\/script>\n<!-- \/ Yoast SEO plugin. -->","yoast_head_json":{"title":"Vinculado a proceso a Jes\u00fas \u201cN\u201d por abuso sexual a nieta de su pareja - Fuentes Fidedignas","robots":{"index":"index","follow":"follow","max-snippet":"max-snippet:-1","max-image-preview":"max-image-preview:large","max-video-preview":"max-video-preview:-1"},"canonical":"https:\/\/fuentesfidedignas.com.mx\/index.php\/2024\/03\/13\/vinculado-a-proceso-a-jesus-n-por-abuso-sexual-a-nieta-de-su-pareja\/","og_locale":"es_MX","og_type":"article","og_title":"Vinculado a proceso a Jes\u00fas \u201cN\u201d por abuso sexual a nieta de su pareja - Fuentes Fidedignas","og_description":"El hombre aprovech\u00f3 la ausencia de la pareja para realizar acciones consideradas abuso sexual contra la menor con la que tiene parentesco por afinidad Culiac\u00e1n, Sin.- Vinculado a proceso qued\u00f3 un sujeto acusado de abuso sexual cometido en perjuicio de la nieta de su concubina a quien presuntamente le realiz\u00f3 acciones consideradas como este delito. [&hellip;]","og_url":"https:\/\/fuentesfidedignas.com.mx\/index.php\/2024\/03\/13\/vinculado-a-proceso-a-jesus-n-por-abuso-sexual-a-nieta-de-su-pareja\/","og_site_name":"Fuentes Fidedignas","article_publisher":"https:\/\/www.facebook.com\/Fuentes-Fidedignas-368234489921644","article_published_time":"2024-03-13T16:45:36+00:00","article_modified_time":"2024-03-13T16:47:41+00:00","og_image":[{"width":280,"height":51,"url":"https:\/\/fuentesfidedignas.com.mx\/wp-content\/uploads\/2021\/04\/logo-retina.png","type":"image\/png"}],"author":"Redacci\u00f3n","twitter_card":"summary_large_image","twitter_creator":"@fidedignas","twitter_site":"@fidedignas","twitter_misc":{"Escrito por":"Redacci\u00f3n","Tiempo de lectura":"1 minuto"},"schema":{"@context":"https:\/\/schema.org","@graph":[{"@type":"Article","@id":"https:\/\/fuentesfidedignas.com.mx\/index.php\/2024\/03\/13\/vinculado-a-proceso-a-jesus-n-por-abuso-sexual-a-nieta-de-su-pareja\/#article","isPartOf":{"@id":"https:\/\/fuentesfidedignas.com.mx\/index.php\/2024\/03\/13\/vinculado-a-proceso-a-jesus-n-por-abuso-sexual-a-nieta-de-su-pareja\/"},"author":{"name":"Redacci\u00f3n","@id":"https:\/\/fuentesfidedignas.com.mx\/#\/schema\/person\/331be9283d37198e2acd5750279085b0"},"headline":"Vinculado a proceso a Jes\u00fas \u201cN\u201d por abuso sexual a nieta de su pareja","datePublished":"2024-03-13T16:45:36+00:00","dateModified":"2024-03-13T16:47:41+00:00","mainEntityOfPage":{"@id":"https:\/\/fuentesfidedignas.com.mx\/index.php\/2024\/03\/13\/vinculado-a-proceso-a-jesus-n-por-abuso-sexual-a-nieta-de-su-pareja\/"},"wordCount":189,"commentCount":0,"publisher":{"@id":"https:\/\/fuentesfidedignas.com.mx\/#organization"},"image":{"@id":"https:\/\/fuentesfidedignas.com.mx\/index.php\/2024\/03\/13\/vinculado-a-proceso-a-jesus-n-por-abuso-sexual-a-nieta-de-su-pareja\/#primaryimage"},"thumbnailUrl":"https:\/\/fuentesfidedignas.com.mx\/wp-content\/uploads\/2023\/06\/mujer-cumplira-5-anos-de-carcel-en-florida-por-muerte-de-menor-olvidada-en-un-auto.jpg","articleSection":["NOTICIAS LOCALES"],"inLanguage":"es","potentialAction":[{"@type":"CommentAction","name":"Comment","target":["https:\/\/fuentesfidedignas.com.mx\/index.php\/2024\/03\/13\/vinculado-a-proceso-a-jesus-n-por-abuso-sexual-a-nieta-de-su-pareja\/#respond"]}]},{"@type":"WebPage","@id":"https:\/\/fuentesfidedignas.com.mx\/index.php\/2024\/03\/13\/vinculado-a-proceso-a-jesus-n-por-abuso-sexual-a-nieta-de-su-pareja\/","url":"https:\/\/fuentesfidedignas.com.mx\/index.php\/2024\/03\/13\/vinculado-a-proceso-a-jesus-n-por-abuso-sexual-a-nieta-de-su-pareja\/","name":"Vinculado a proceso a Jes\u00fas \u201cN\u201d por abuso sexual a nieta de su pareja - Fuentes Fidedignas","isPartOf":{"@id":"https:\/\/fuentesfidedignas.com.mx\/#website"},"primaryImageOfPage":{"@id":"https:\/\/fuentesfidedignas.com.mx\/index.php\/2024\/03\/13\/vinculado-a-proceso-a-jesus-n-por-abuso-sexual-a-nieta-de-su-pareja\/#primaryimage"},"image":{"@id":"https:\/\/fuentesfidedignas.com.mx\/index.php\/2024\/03\/13\/vinculado-a-proceso-a-jesus-n-por-abuso-sexual-a-nieta-de-su-pareja\/#primaryimage"},"thumbnailUrl":"https:\/\/fuentesfidedignas.com.mx\/wp-content\/uploads\/2023\/06\/mujer-cumplira-5-anos-de-carcel-en-florida-por-muerte-de-menor-olvidada-en-un-auto.jpg","datePublished":"2024-03-13T16:45:36+00:00","dateModified":"2024-03-13T16:47:41+00:00","breadcrumb":{"@id":"https:\/\/fuentesfidedignas.com.mx\/index.php\/2024\/03\/13\/vinculado-a-proceso-a-jesus-n-por-abuso-sexual-a-nieta-de-su-pareja\/#breadcrumb"},"inLanguage":"es","potentialAction":[{"@type":"ReadAction","target":["https:\/\/fuentesfidedignas.com.mx\/index.php\/2024\/03\/13\/vinculado-a-proceso-a-jesus-n-por-abuso-sexual-a-nieta-de-su-pareja\/"]}]},{"@type":"ImageObject","inLanguage":"es","@id":"https:\/\/fuentesfidedignas.com.mx\/index.php\/2024\/03\/13\/vinculado-a-proceso-a-jesus-n-por-abuso-sexual-a-nieta-de-su-pareja\/#primaryimage","url":"https:\/\/fuentesfidedignas.com.mx\/wp-content\/uploads\/2023\/06\/mujer-cumplira-5-anos-de-carcel-en-florida-por-muerte-de-menor-olvidada-en-un-auto.jpg","contentUrl":"https:\/\/fuentesfidedignas.com.mx\/wp-content\/uploads\/2023\/06\/mujer-cumplira-5-anos-de-carcel-en-florida-por-muerte-de-menor-olvidada-en-un-auto.jpg","width":1920,"height":1281},{"@type":"BreadcrumbList","@id":"https:\/\/fuentesfidedignas.com.mx\/index.php\/2024\/03\/13\/vinculado-a-proceso-a-jesus-n-por-abuso-sexual-a-nieta-de-su-pareja\/#breadcrumb","itemListElement":[{"@type":"ListItem","position":1,"name":"Inicio","item":"https:\/\/fuentesfidedignas.com.mx\/"},{"@type":"ListItem","position":2,"name":"Vinculado a proceso a Jes\u00fas \u201cN\u201d por abuso sexual a nieta de su pareja"}]},{"@type":"WebSite","@id":"https:\/\/fuentesfidedignas.com.mx\/#website","url":"https:\/\/fuentesfidedignas.com.mx\/","name":"Fuentes Fidedignas","description":"Otro sitio realizado con WordPress","publisher":{"@id":"https:\/\/fuentesfidedignas.com.mx\/#organization"},"potentialAction":[{"@type":"SearchAction","target":{"@type":"EntryPoint","urlTemplate":"https:\/\/fuentesfidedignas.com.mx\/?s={search_term_string}"},"query-input":{"@type":"PropertyValueSpecification","valueRequired":true,"valueName":"search_term_string"}}],"inLanguage":"es"},{"@type":"Organization","@id":"https:\/\/fuentesfidedignas.com.mx\/#organization","name":"Fuentes Fidedignas","url":"https:\/\/fuentesfidedignas.com.mx\/","logo":{"@type":"ImageObject","inLanguage":"es","@id":"https:\/\/fuentesfidedignas.com.mx\/#\/schema\/logo\/image\/","url":"https:\/\/fuentesfidedignas.com.mx\/wp-content\/uploads\/2021\/04\/logo-retina.png","contentUrl":"https:\/\/fuentesfidedignas.com.mx\/wp-content\/uploads\/2021\/04\/logo-retina.png","width":280,"height":51,"caption":"Fuentes Fidedignas"},"image":{"@id":"https:\/\/fuentesfidedignas.com.mx\/#\/schema\/logo\/image\/"},"sameAs":["https:\/\/www.facebook.com\/Fuentes-Fidedignas-368234489921644","https:\/\/x.com\/fidedignas"]},{"@type":"Person","@id":"https:\/\/fuentesfidedignas.com.mx\/#\/schema\/person\/331be9283d37198e2acd5750279085b0","name":"Redacci\u00f3n","image":{"@type":"ImageObject","inLanguage":"es","@id":"https:\/\/secure.gravatar.com\/avatar\/f6d8782c11d12b2d4ad3fbb6931aeab5309937a4d6cd2fc9cfaa28a6396a5aec?s=96&d=mm&r=g","url":"https:\/\/secure.gravatar.com\/avatar\/f6d8782c11d12b2d4ad3fbb6931aeab5309937a4d6cd2fc9cfaa28a6396a5aec?s=96&d=mm&r=g","contentUrl":"https:\/\/secure.gravatar.com\/avatar\/f6d8782c11d12b2d4ad3fbb6931aeab5309937a4d6cd2fc9cfaa28a6396a5aec?s=96&d=mm&r=g","caption":"Redacci\u00f3n"},"url":"https:\/\/fuentesfidedignas.com.mx\/index.php\/author\/redaccion\/"}]}},"_links":{"self":[{"href":"https:\/\/fuentesfidedignas.com.mx\/index.php\/wp-json\/wp\/v2\/posts\/76765","targetHints":{"allow":["GET"]}}],"collection":[{"href":"https:\/\/fuentesfidedignas.com.mx\/index.php\/wp-json\/wp\/v2\/posts"}],"about":[{"href":"https:\/\/fuentesfidedignas.com.mx\/index.php\/wp-json\/wp\/v2\/types\/post"}],"author":[{"embeddable":true,"href":"https:\/\/fuentesfidedignas.com.mx\/index.php\/wp-json\/wp\/v2\/users\/4"}],"replies":[{"embeddable":true,"href":"https:\/\/fuentesfidedignas.com.mx\/index.php\/wp-json\/wp\/v2\/comments?post=76765"}],"version-history":[{"count":1,"href":"https:\/\/fuentesfidedignas.com.mx\/index.php\/wp-json\/wp\/v2\/posts\/76765\/revisions"}],"predecessor-version":[{"id":76766,"href":"https:\/\/fuentesfidedignas.com.mx\/index.php\/wp-json\/wp\/v2\/posts\/76765\/revisions\/76766"}],"wp:featuredmedia":[{"embeddable":true,"href":"https:\/\/fuentesfidedignas.com.mx\/index.php\/wp-json\/wp\/v2\/media\/50158"}],"wp:attachment":[{"href":"https:\/\/fuentesfidedignas.com.mx\/index.php\/wp-json\/wp\/v2\/media?parent=76765"}],"wp:term":[{"taxonomy":"category","embeddable":true,"href":"https:\/\/fuentesfidedignas.com.mx\/index.php\/wp-json\/wp\/v2\/categories?post=76765"},{"taxonomy":"post_tag","embeddable":true,"href":"https:\/\/fuentesfidedignas.com.mx\/index.php\/wp-json\/wp\/v2\/tags?post=76765"}],"curies":[{"name":"wp","href":"https:\/\/api.w.org\/{rel}","templated":true}]}}