{"id":7667,"date":"2021-07-17T09:10:15","date_gmt":"2021-07-17T16:10:15","guid":{"rendered":"https:\/\/fuentesfidedignas.com.mx\/?p=7667"},"modified":"2021-07-17T09:10:18","modified_gmt":"2021-07-17T16:10:18","slug":"anuncia-angostura-medidas-de-restriccion-durante-el-periodo-vacacional","status":"publish","type":"post","link":"https:\/\/fuentesfidedignas.com.mx\/index.php\/2021\/07\/17\/anuncia-angostura-medidas-de-restriccion-durante-el-periodo-vacacional\/","title":{"rendered":"Anuncia Angostura medidas de restricci\u00f3n durante el periodo vacacional"},"content":{"rendered":"\n<p><strong><em>\u00c9sto para evitar el aumento de casos de Covid-19 en el municipio.<\/em><\/strong><\/p>\n\n\n\n<p>Angostura, Sin. &#8211; Tras el inminente cambio de sem\u00e1foro a nivel estado, se llev\u00f3 a cabo una reuni\u00f3n donde se convoc\u00f3 al Comit\u00e9 de Salud del municipio, en donde en representaci\u00f3n de la Alcaldesa, Aglaee Montoya Mart\u00ednez, el secretario del Ayuntamiento, Sa\u00fal Gonz\u00e1lez Contreras, dio conocer algunas disposiciones que se consideraron el d\u00eda de ayer en la reuni\u00f3n previa para que fueron analizadas por dicho consejo.<\/p>\n\n\n\n<p>Gonz\u00e1lez Contreras, destac\u00f3 que pese que en el municipio a\u00fan no se tiene un aumento significativo de casos, es prudente restringir ciertas actividades debido al periodo vacacional por 15 d\u00edas, a reserva del comportamiento de los casos, para volver a reunirse y decidir si se disminuyan o se incrementen las medidas, seg\u00fan se requiera, las restricciones acordadas en esta reuni\u00f3n fueron las siguientes:<\/p>\n\n\n\n<p>Cierre de La Playita otorgando el paso a familias que requieren consumir en restaurantes, que deber\u00e1n tener una ocupaci\u00f3n del 50%, cabe se\u00f1alar que quedan suspendidos los eventos de veh\u00edculos automotores que se ven\u00edan realizando los fines de semana en ese lugar.<\/p>\n\n\n\n<p>Cierre de Playa Costa Azul y Playa Colorada, permitiendo acceso a restaurantes, con una ocupaci\u00f3n al 50%.<\/p>\n\n\n\n<p>Cierre total de Alameda del R\u00edo.<\/p>\n\n\n\n<p>Cierre de albercas y centros recreativos para uso p\u00fablico.<\/p>\n\n\n\n<p>Suspensi\u00f3n de todas las actividades deportivas, entrenamientos, ligas, etc. En el caso de los gimnasios, se estar\u00e1 vigilando que cumplan las medidas de salud, como lo son reducido n\u00famero de personas por espacio y constante sanitizaci\u00f3n de lugar y equipos.<\/p>\n\n\n\n<p>Suspensi\u00f3n de eventos p\u00fablicos, fiestas particulares restringidas al m\u00e1ximo, con una afluencia menor de 60 personas.<\/p>\n\n\n\n<p>Que los establecimientos comerciales y de servicios cumplan con los protocolos de salud.<\/p>\n\n\n\n<p>En est\u00e1 reuni\u00f3n participaron el Director de Salud, Dr. Ismael Angulo Meza, el Director de Seguridad P\u00fablica y Tr\u00e1nsito Municipal, Mayor Sergio Lagunes Incl\u00e1n, el Director de Protecci\u00f3n, Luciano Castro, la titular de CANACO, Liliana Camacho Mej\u00eda, el Comandante de Bomberos, Jos\u00e9 Humberto Romo, s\u00edndicos y funcionarios municipales.<\/p>\n","protected":false},"excerpt":{"rendered":"<p>\u00c9sto para evitar el aumento de casos de Covid-19 en el municipio. Angostura, Sin. &#8211; Tras el inminente cambio de sem\u00e1foro a nivel estado, se llev\u00f3 a cabo una reuni\u00f3n donde se convoc\u00f3 al Comit\u00e9 de Salud del municipio, en donde en representaci\u00f3n de la Alcaldesa, Aglaee Montoya Mart\u00ednez, el secretario del Ayuntamiento, Sa\u00fal Gonz\u00e1lez [&hellip;]<\/p>\n","protected":false},"author":4,"featured_media":7668,"comment_status":"open","ping_status":"open","sticky":false,"template":"","format":"standard","meta":{"tdm_status":"","tdm_grid_status":"","footnotes":""},"categories":[38],"tags":[],"class_list":{"0":"post-7667","1":"post","2":"type-post","3":"status-publish","4":"format-standard","5":"has-post-thumbnail","7":"category-noticias-locales"},"yoast_head":"<!-- This site is optimized with the Yoast SEO plugin v27.5 - https:\/\/yoast.com\/product\/yoast-seo-wordpress\/ -->\n<title>Anuncia Angostura medidas de restricci\u00f3n durante el periodo vacacional - Fuentes Fidedignas<\/title>\n<meta name=\"robots\" content=\"index, follow, max-snippet:-1, max-image-preview:large, max-video-preview:-1\" \/>\n<link rel=\"canonical\" href=\"https:\/\/fuentesfidedignas.com.mx\/index.php\/2021\/07\/17\/anuncia-angostura-medidas-de-restriccion-durante-el-periodo-vacacional\/\" \/>\n<meta property=\"og:locale\" content=\"es_MX\" \/>\n<meta property=\"og:type\" content=\"article\" \/>\n<meta property=\"og:title\" content=\"Anuncia Angostura medidas de restricci\u00f3n durante el periodo vacacional - Fuentes Fidedignas\" \/>\n<meta property=\"og:description\" content=\"\u00c9sto para evitar el aumento de casos de Covid-19 en el municipio. Angostura, Sin. &#8211; Tras el inminente cambio de sem\u00e1foro a nivel estado, se llev\u00f3 a cabo una reuni\u00f3n donde se convoc\u00f3 al Comit\u00e9 de Salud del municipio, en donde en representaci\u00f3n de la Alcaldesa, Aglaee Montoya Mart\u00ednez, el secretario del Ayuntamiento, Sa\u00fal Gonz\u00e1lez [&hellip;]\" \/>\n<meta property=\"og:url\" content=\"https:\/\/fuentesfidedignas.com.mx\/index.php\/2021\/07\/17\/anuncia-angostura-medidas-de-restriccion-durante-el-periodo-vacacional\/\" \/>\n<meta property=\"og:site_name\" content=\"Fuentes Fidedignas\" \/>\n<meta property=\"article:publisher\" content=\"https:\/\/www.facebook.com\/Fuentes-Fidedignas-368234489921644\" \/>\n<meta property=\"article:published_time\" content=\"2021-07-17T16:10:15+00:00\" \/>\n<meta property=\"article:modified_time\" content=\"2021-07-17T16:10:18+00:00\" \/>\n<meta property=\"og:image\" content=\"https:\/\/fuentesfidedignas.com.mx\/wp-content\/uploads\/2021\/07\/IMG-20210717-WA0010.jpg\" \/>\n\t<meta property=\"og:image:width\" content=\"1024\" \/>\n\t<meta property=\"og:image:height\" content=\"683\" \/>\n\t<meta property=\"og:image:type\" content=\"image\/jpeg\" \/>\n<meta name=\"author\" content=\"Redacci\u00f3n\" \/>\n<meta name=\"twitter:card\" content=\"summary_large_image\" \/>\n<meta name=\"twitter:creator\" content=\"@fidedignas\" \/>\n<meta name=\"twitter:site\" content=\"@fidedignas\" \/>\n<meta name=\"twitter:label1\" content=\"Escrito por\" \/>\n\t<meta name=\"twitter:data1\" content=\"Redacci\u00f3n\" \/>\n\t<meta name=\"twitter:label2\" content=\"Tiempo de lectura\" \/>\n\t<meta name=\"twitter:data2\" content=\"2 minutos\" \/>\n<script type=\"application\/ld+json\" class=\"yoast-schema-graph\">{\"@context\":\"https:\\\/\\\/schema.org\",\"@graph\":[{\"@type\":\"Article\",\"@id\":\"https:\\\/\\\/fuentesfidedignas.com.mx\\\/index.php\\\/2021\\\/07\\\/17\\\/anuncia-angostura-medidas-de-restriccion-durante-el-periodo-vacacional\\\/#article\",\"isPartOf\":{\"@id\":\"https:\\\/\\\/fuentesfidedignas.com.mx\\\/index.php\\\/2021\\\/07\\\/17\\\/anuncia-angostura-medidas-de-restriccion-durante-el-periodo-vacacional\\\/\"},\"author\":{\"name\":\"Redacci\u00f3n\",\"@id\":\"https:\\\/\\\/fuentesfidedignas.com.mx\\\/#\\\/schema\\\/person\\\/331be9283d37198e2acd5750279085b0\"},\"headline\":\"Anuncia Angostura medidas de restricci\u00f3n durante el periodo vacacional\",\"datePublished\":\"2021-07-17T16:10:15+00:00\",\"dateModified\":\"2021-07-17T16:10:18+00:00\",\"mainEntityOfPage\":{\"@id\":\"https:\\\/\\\/fuentesfidedignas.com.mx\\\/index.php\\\/2021\\\/07\\\/17\\\/anuncia-angostura-medidas-de-restriccion-durante-el-periodo-vacacional\\\/\"},\"wordCount\":372,\"commentCount\":0,\"publisher\":{\"@id\":\"https:\\\/\\\/fuentesfidedignas.com.mx\\\/#organization\"},\"image\":{\"@id\":\"https:\\\/\\\/fuentesfidedignas.com.mx\\\/index.php\\\/2021\\\/07\\\/17\\\/anuncia-angostura-medidas-de-restriccion-durante-el-periodo-vacacional\\\/#primaryimage\"},\"thumbnailUrl\":\"https:\\\/\\\/fuentesfidedignas.com.mx\\\/wp-content\\\/uploads\\\/2021\\\/07\\\/IMG-20210717-WA0010.jpg\",\"articleSection\":[\"NOTICIAS LOCALES\"],\"inLanguage\":\"es\",\"potentialAction\":[{\"@type\":\"CommentAction\",\"name\":\"Comment\",\"target\":[\"https:\\\/\\\/fuentesfidedignas.com.mx\\\/index.php\\\/2021\\\/07\\\/17\\\/anuncia-angostura-medidas-de-restriccion-durante-el-periodo-vacacional\\\/#respond\"]}]},{\"@type\":\"WebPage\",\"@id\":\"https:\\\/\\\/fuentesfidedignas.com.mx\\\/index.php\\\/2021\\\/07\\\/17\\\/anuncia-angostura-medidas-de-restriccion-durante-el-periodo-vacacional\\\/\",\"url\":\"https:\\\/\\\/fuentesfidedignas.com.mx\\\/index.php\\\/2021\\\/07\\\/17\\\/anuncia-angostura-medidas-de-restriccion-durante-el-periodo-vacacional\\\/\",\"name\":\"Anuncia Angostura medidas de restricci\u00f3n durante el periodo vacacional - Fuentes Fidedignas\",\"isPartOf\":{\"@id\":\"https:\\\/\\\/fuentesfidedignas.com.mx\\\/#website\"},\"primaryImageOfPage\":{\"@id\":\"https:\\\/\\\/fuentesfidedignas.com.mx\\\/index.php\\\/2021\\\/07\\\/17\\\/anuncia-angostura-medidas-de-restriccion-durante-el-periodo-vacacional\\\/#primaryimage\"},\"image\":{\"@id\":\"https:\\\/\\\/fuentesfidedignas.com.mx\\\/index.php\\\/2021\\\/07\\\/17\\\/anuncia-angostura-medidas-de-restriccion-durante-el-periodo-vacacional\\\/#primaryimage\"},\"thumbnailUrl\":\"https:\\\/\\\/fuentesfidedignas.com.mx\\\/wp-content\\\/uploads\\\/2021\\\/07\\\/IMG-20210717-WA0010.jpg\",\"datePublished\":\"2021-07-17T16:10:15+00:00\",\"dateModified\":\"2021-07-17T16:10:18+00:00\",\"breadcrumb\":{\"@id\":\"https:\\\/\\\/fuentesfidedignas.com.mx\\\/index.php\\\/2021\\\/07\\\/17\\\/anuncia-angostura-medidas-de-restriccion-durante-el-periodo-vacacional\\\/#breadcrumb\"},\"inLanguage\":\"es\",\"potentialAction\":[{\"@type\":\"ReadAction\",\"target\":[\"https:\\\/\\\/fuentesfidedignas.com.mx\\\/index.php\\\/2021\\\/07\\\/17\\\/anuncia-angostura-medidas-de-restriccion-durante-el-periodo-vacacional\\\/\"]}]},{\"@type\":\"ImageObject\",\"inLanguage\":\"es\",\"@id\":\"https:\\\/\\\/fuentesfidedignas.com.mx\\\/index.php\\\/2021\\\/07\\\/17\\\/anuncia-angostura-medidas-de-restriccion-durante-el-periodo-vacacional\\\/#primaryimage\",\"url\":\"https:\\\/\\\/fuentesfidedignas.com.mx\\\/wp-content\\\/uploads\\\/2021\\\/07\\\/IMG-20210717-WA0010.jpg\",\"contentUrl\":\"https:\\\/\\\/fuentesfidedignas.com.mx\\\/wp-content\\\/uploads\\\/2021\\\/07\\\/IMG-20210717-WA0010.jpg\",\"width\":1024,\"height\":683},{\"@type\":\"BreadcrumbList\",\"@id\":\"https:\\\/\\\/fuentesfidedignas.com.mx\\\/index.php\\\/2021\\\/07\\\/17\\\/anuncia-angostura-medidas-de-restriccion-durante-el-periodo-vacacional\\\/#breadcrumb\",\"itemListElement\":[{\"@type\":\"ListItem\",\"position\":1,\"name\":\"Inicio\",\"item\":\"https:\\\/\\\/fuentesfidedignas.com.mx\\\/\"},{\"@type\":\"ListItem\",\"position\":2,\"name\":\"Anuncia Angostura medidas de restricci\u00f3n durante el periodo vacacional\"}]},{\"@type\":\"WebSite\",\"@id\":\"https:\\\/\\\/fuentesfidedignas.com.mx\\\/#website\",\"url\":\"https:\\\/\\\/fuentesfidedignas.com.mx\\\/\",\"name\":\"Fuentes Fidedignas\",\"description\":\"Otro sitio realizado con WordPress\",\"publisher\":{\"@id\":\"https:\\\/\\\/fuentesfidedignas.com.mx\\\/#organization\"},\"potentialAction\":[{\"@type\":\"SearchAction\",\"target\":{\"@type\":\"EntryPoint\",\"urlTemplate\":\"https:\\\/\\\/fuentesfidedignas.com.mx\\\/?s={search_term_string}\"},\"query-input\":{\"@type\":\"PropertyValueSpecification\",\"valueRequired\":true,\"valueName\":\"search_term_string\"}}],\"inLanguage\":\"es\"},{\"@type\":\"Organization\",\"@id\":\"https:\\\/\\\/fuentesfidedignas.com.mx\\\/#organization\",\"name\":\"Fuentes Fidedignas\",\"url\":\"https:\\\/\\\/fuentesfidedignas.com.mx\\\/\",\"logo\":{\"@type\":\"ImageObject\",\"inLanguage\":\"es\",\"@id\":\"https:\\\/\\\/fuentesfidedignas.com.mx\\\/#\\\/schema\\\/logo\\\/image\\\/\",\"url\":\"https:\\\/\\\/fuentesfidedignas.com.mx\\\/wp-content\\\/uploads\\\/2021\\\/04\\\/logo-retina.png\",\"contentUrl\":\"https:\\\/\\\/fuentesfidedignas.com.mx\\\/wp-content\\\/uploads\\\/2021\\\/04\\\/logo-retina.png\",\"width\":280,\"height\":51,\"caption\":\"Fuentes Fidedignas\"},\"image\":{\"@id\":\"https:\\\/\\\/fuentesfidedignas.com.mx\\\/#\\\/schema\\\/logo\\\/image\\\/\"},\"sameAs\":[\"https:\\\/\\\/www.facebook.com\\\/Fuentes-Fidedignas-368234489921644\",\"https:\\\/\\\/x.com\\\/fidedignas\"]},{\"@type\":\"Person\",\"@id\":\"https:\\\/\\\/fuentesfidedignas.com.mx\\\/#\\\/schema\\\/person\\\/331be9283d37198e2acd5750279085b0\",\"name\":\"Redacci\u00f3n\",\"image\":{\"@type\":\"ImageObject\",\"inLanguage\":\"es\",\"@id\":\"https:\\\/\\\/secure.gravatar.com\\\/avatar\\\/f6d8782c11d12b2d4ad3fbb6931aeab5309937a4d6cd2fc9cfaa28a6396a5aec?s=96&d=mm&r=g\",\"url\":\"https:\\\/\\\/secure.gravatar.com\\\/avatar\\\/f6d8782c11d12b2d4ad3fbb6931aeab5309937a4d6cd2fc9cfaa28a6396a5aec?s=96&d=mm&r=g\",\"contentUrl\":\"https:\\\/\\\/secure.gravatar.com\\\/avatar\\\/f6d8782c11d12b2d4ad3fbb6931aeab5309937a4d6cd2fc9cfaa28a6396a5aec?s=96&d=mm&r=g\",\"caption\":\"Redacci\u00f3n\"},\"url\":\"https:\\\/\\\/fuentesfidedignas.com.mx\\\/index.php\\\/author\\\/redaccion\\\/\"}]}<\/script>\n<!-- \/ Yoast SEO plugin. -->","yoast_head_json":{"title":"Anuncia Angostura medidas de restricci\u00f3n durante el periodo vacacional - Fuentes Fidedignas","robots":{"index":"index","follow":"follow","max-snippet":"max-snippet:-1","max-image-preview":"max-image-preview:large","max-video-preview":"max-video-preview:-1"},"canonical":"https:\/\/fuentesfidedignas.com.mx\/index.php\/2021\/07\/17\/anuncia-angostura-medidas-de-restriccion-durante-el-periodo-vacacional\/","og_locale":"es_MX","og_type":"article","og_title":"Anuncia Angostura medidas de restricci\u00f3n durante el periodo vacacional - Fuentes Fidedignas","og_description":"\u00c9sto para evitar el aumento de casos de Covid-19 en el municipio. Angostura, Sin. &#8211; Tras el inminente cambio de sem\u00e1foro a nivel estado, se llev\u00f3 a cabo una reuni\u00f3n donde se convoc\u00f3 al Comit\u00e9 de Salud del municipio, en donde en representaci\u00f3n de la Alcaldesa, Aglaee Montoya Mart\u00ednez, el secretario del Ayuntamiento, Sa\u00fal Gonz\u00e1lez [&hellip;]","og_url":"https:\/\/fuentesfidedignas.com.mx\/index.php\/2021\/07\/17\/anuncia-angostura-medidas-de-restriccion-durante-el-periodo-vacacional\/","og_site_name":"Fuentes Fidedignas","article_publisher":"https:\/\/www.facebook.com\/Fuentes-Fidedignas-368234489921644","article_published_time":"2021-07-17T16:10:15+00:00","article_modified_time":"2021-07-17T16:10:18+00:00","og_image":[{"width":1024,"height":683,"url":"https:\/\/fuentesfidedignas.com.mx\/wp-content\/uploads\/2021\/07\/IMG-20210717-WA0010.jpg","type":"image\/jpeg"}],"author":"Redacci\u00f3n","twitter_card":"summary_large_image","twitter_creator":"@fidedignas","twitter_site":"@fidedignas","twitter_misc":{"Escrito por":"Redacci\u00f3n","Tiempo de lectura":"2 minutos"},"schema":{"@context":"https:\/\/schema.org","@graph":[{"@type":"Article","@id":"https:\/\/fuentesfidedignas.com.mx\/index.php\/2021\/07\/17\/anuncia-angostura-medidas-de-restriccion-durante-el-periodo-vacacional\/#article","isPartOf":{"@id":"https:\/\/fuentesfidedignas.com.mx\/index.php\/2021\/07\/17\/anuncia-angostura-medidas-de-restriccion-durante-el-periodo-vacacional\/"},"author":{"name":"Redacci\u00f3n","@id":"https:\/\/fuentesfidedignas.com.mx\/#\/schema\/person\/331be9283d37198e2acd5750279085b0"},"headline":"Anuncia Angostura medidas de restricci\u00f3n durante el periodo vacacional","datePublished":"2021-07-17T16:10:15+00:00","dateModified":"2021-07-17T16:10:18+00:00","mainEntityOfPage":{"@id":"https:\/\/fuentesfidedignas.com.mx\/index.php\/2021\/07\/17\/anuncia-angostura-medidas-de-restriccion-durante-el-periodo-vacacional\/"},"wordCount":372,"commentCount":0,"publisher":{"@id":"https:\/\/fuentesfidedignas.com.mx\/#organization"},"image":{"@id":"https:\/\/fuentesfidedignas.com.mx\/index.php\/2021\/07\/17\/anuncia-angostura-medidas-de-restriccion-durante-el-periodo-vacacional\/#primaryimage"},"thumbnailUrl":"https:\/\/fuentesfidedignas.com.mx\/wp-content\/uploads\/2021\/07\/IMG-20210717-WA0010.jpg","articleSection":["NOTICIAS LOCALES"],"inLanguage":"es","potentialAction":[{"@type":"CommentAction","name":"Comment","target":["https:\/\/fuentesfidedignas.com.mx\/index.php\/2021\/07\/17\/anuncia-angostura-medidas-de-restriccion-durante-el-periodo-vacacional\/#respond"]}]},{"@type":"WebPage","@id":"https:\/\/fuentesfidedignas.com.mx\/index.php\/2021\/07\/17\/anuncia-angostura-medidas-de-restriccion-durante-el-periodo-vacacional\/","url":"https:\/\/fuentesfidedignas.com.mx\/index.php\/2021\/07\/17\/anuncia-angostura-medidas-de-restriccion-durante-el-periodo-vacacional\/","name":"Anuncia Angostura medidas de restricci\u00f3n durante el periodo vacacional - Fuentes Fidedignas","isPartOf":{"@id":"https:\/\/fuentesfidedignas.com.mx\/#website"},"primaryImageOfPage":{"@id":"https:\/\/fuentesfidedignas.com.mx\/index.php\/2021\/07\/17\/anuncia-angostura-medidas-de-restriccion-durante-el-periodo-vacacional\/#primaryimage"},"image":{"@id":"https:\/\/fuentesfidedignas.com.mx\/index.php\/2021\/07\/17\/anuncia-angostura-medidas-de-restriccion-durante-el-periodo-vacacional\/#primaryimage"},"thumbnailUrl":"https:\/\/fuentesfidedignas.com.mx\/wp-content\/uploads\/2021\/07\/IMG-20210717-WA0010.jpg","datePublished":"2021-07-17T16:10:15+00:00","dateModified":"2021-07-17T16:10:18+00:00","breadcrumb":{"@id":"https:\/\/fuentesfidedignas.com.mx\/index.php\/2021\/07\/17\/anuncia-angostura-medidas-de-restriccion-durante-el-periodo-vacacional\/#breadcrumb"},"inLanguage":"es","potentialAction":[{"@type":"ReadAction","target":["https:\/\/fuentesfidedignas.com.mx\/index.php\/2021\/07\/17\/anuncia-angostura-medidas-de-restriccion-durante-el-periodo-vacacional\/"]}]},{"@type":"ImageObject","inLanguage":"es","@id":"https:\/\/fuentesfidedignas.com.mx\/index.php\/2021\/07\/17\/anuncia-angostura-medidas-de-restriccion-durante-el-periodo-vacacional\/#primaryimage","url":"https:\/\/fuentesfidedignas.com.mx\/wp-content\/uploads\/2021\/07\/IMG-20210717-WA0010.jpg","contentUrl":"https:\/\/fuentesfidedignas.com.mx\/wp-content\/uploads\/2021\/07\/IMG-20210717-WA0010.jpg","width":1024,"height":683},{"@type":"BreadcrumbList","@id":"https:\/\/fuentesfidedignas.com.mx\/index.php\/2021\/07\/17\/anuncia-angostura-medidas-de-restriccion-durante-el-periodo-vacacional\/#breadcrumb","itemListElement":[{"@type":"ListItem","position":1,"name":"Inicio","item":"https:\/\/fuentesfidedignas.com.mx\/"},{"@type":"ListItem","position":2,"name":"Anuncia Angostura medidas de restricci\u00f3n durante el periodo vacacional"}]},{"@type":"WebSite","@id":"https:\/\/fuentesfidedignas.com.mx\/#website","url":"https:\/\/fuentesfidedignas.com.mx\/","name":"Fuentes Fidedignas","description":"Otro sitio realizado con WordPress","publisher":{"@id":"https:\/\/fuentesfidedignas.com.mx\/#organization"},"potentialAction":[{"@type":"SearchAction","target":{"@type":"EntryPoint","urlTemplate":"https:\/\/fuentesfidedignas.com.mx\/?s={search_term_string}"},"query-input":{"@type":"PropertyValueSpecification","valueRequired":true,"valueName":"search_term_string"}}],"inLanguage":"es"},{"@type":"Organization","@id":"https:\/\/fuentesfidedignas.com.mx\/#organization","name":"Fuentes Fidedignas","url":"https:\/\/fuentesfidedignas.com.mx\/","logo":{"@type":"ImageObject","inLanguage":"es","@id":"https:\/\/fuentesfidedignas.com.mx\/#\/schema\/logo\/image\/","url":"https:\/\/fuentesfidedignas.com.mx\/wp-content\/uploads\/2021\/04\/logo-retina.png","contentUrl":"https:\/\/fuentesfidedignas.com.mx\/wp-content\/uploads\/2021\/04\/logo-retina.png","width":280,"height":51,"caption":"Fuentes Fidedignas"},"image":{"@id":"https:\/\/fuentesfidedignas.com.mx\/#\/schema\/logo\/image\/"},"sameAs":["https:\/\/www.facebook.com\/Fuentes-Fidedignas-368234489921644","https:\/\/x.com\/fidedignas"]},{"@type":"Person","@id":"https:\/\/fuentesfidedignas.com.mx\/#\/schema\/person\/331be9283d37198e2acd5750279085b0","name":"Redacci\u00f3n","image":{"@type":"ImageObject","inLanguage":"es","@id":"https:\/\/secure.gravatar.com\/avatar\/f6d8782c11d12b2d4ad3fbb6931aeab5309937a4d6cd2fc9cfaa28a6396a5aec?s=96&d=mm&r=g","url":"https:\/\/secure.gravatar.com\/avatar\/f6d8782c11d12b2d4ad3fbb6931aeab5309937a4d6cd2fc9cfaa28a6396a5aec?s=96&d=mm&r=g","contentUrl":"https:\/\/secure.gravatar.com\/avatar\/f6d8782c11d12b2d4ad3fbb6931aeab5309937a4d6cd2fc9cfaa28a6396a5aec?s=96&d=mm&r=g","caption":"Redacci\u00f3n"},"url":"https:\/\/fuentesfidedignas.com.mx\/index.php\/author\/redaccion\/"}]}},"_links":{"self":[{"href":"https:\/\/fuentesfidedignas.com.mx\/index.php\/wp-json\/wp\/v2\/posts\/7667","targetHints":{"allow":["GET"]}}],"collection":[{"href":"https:\/\/fuentesfidedignas.com.mx\/index.php\/wp-json\/wp\/v2\/posts"}],"about":[{"href":"https:\/\/fuentesfidedignas.com.mx\/index.php\/wp-json\/wp\/v2\/types\/post"}],"author":[{"embeddable":true,"href":"https:\/\/fuentesfidedignas.com.mx\/index.php\/wp-json\/wp\/v2\/users\/4"}],"replies":[{"embeddable":true,"href":"https:\/\/fuentesfidedignas.com.mx\/index.php\/wp-json\/wp\/v2\/comments?post=7667"}],"version-history":[{"count":1,"href":"https:\/\/fuentesfidedignas.com.mx\/index.php\/wp-json\/wp\/v2\/posts\/7667\/revisions"}],"predecessor-version":[{"id":7669,"href":"https:\/\/fuentesfidedignas.com.mx\/index.php\/wp-json\/wp\/v2\/posts\/7667\/revisions\/7669"}],"wp:featuredmedia":[{"embeddable":true,"href":"https:\/\/fuentesfidedignas.com.mx\/index.php\/wp-json\/wp\/v2\/media\/7668"}],"wp:attachment":[{"href":"https:\/\/fuentesfidedignas.com.mx\/index.php\/wp-json\/wp\/v2\/media?parent=7667"}],"wp:term":[{"taxonomy":"category","embeddable":true,"href":"https:\/\/fuentesfidedignas.com.mx\/index.php\/wp-json\/wp\/v2\/categories?post=7667"},{"taxonomy":"post_tag","embeddable":true,"href":"https:\/\/fuentesfidedignas.com.mx\/index.php\/wp-json\/wp\/v2\/tags?post=7667"}],"curies":[{"name":"wp","href":"https:\/\/api.w.org\/{rel}","templated":true}]}}