{"id":76553,"date":"2024-03-12T05:29:43","date_gmt":"2024-03-12T12:29:43","guid":{"rendered":"https:\/\/fuentesfidedignas.com.mx\/?p=76553"},"modified":"2024-03-11T17:30:07","modified_gmt":"2024-03-12T00:30:07","slug":"descubren-la-proteina-responsable-de-la-sensacion-de-frio","status":"publish","type":"post","link":"https:\/\/fuentesfidedignas.com.mx\/index.php\/2024\/03\/12\/descubren-la-proteina-responsable-de-la-sensacion-de-frio\/","title":{"rendered":"Descubren la prote\u00edna responsable de la sensaci\u00f3n de fr\u00edo"},"content":{"rendered":"\n<p><strong><em>El hallazgo ayudar\u00eda a desentra\u00f1ar por qu\u00e9 algunas personas experimentan el fr\u00edo de forma diferente cuando padecen determinadas enfermedades<\/em><\/strong><\/p>\n\n\n\n<p>Investigadores de la Universidad de M\u00edchigan, en Estados Unidos, identificaron la prote\u00edna que permite a los mam\u00edferos sentir el fr\u00edo, dando respuesta a una de las grandes cuestiones por resolver por la biolog\u00eda sensorial.<\/p>\n\n\n\n<p>El hallazgo, recogido en la revista Nature Neuroscience, podr\u00eda ayudar a desentra\u00f1ar c\u00f3mo se perciben y sufren las bajas temperaturas en invierno, y por qu\u00e9 algunas personas experimentan el fr\u00edo de forma diferente cuando padecen determinadas enfermedades.<\/p>\n\n\n\n<p>En un estudio de 2019, los autores de esta investigaci\u00f3n ya identificaron la primera prote\u00edna sensible al fr\u00edo en \u2018Caenorhabditis elegans\u2019, una especie de gusano milim\u00e9trico usado como modelo en los laboratorios para comprender las respuestas sensoriales.<\/p>\n\n\n\n<p>Dado que el gen que codifica la prote\u00edna sensible al fr\u00edo en esos gusanos est\u00e1 evolutivamente conservado en muchas especies, incluidos ratones y humanos, este hallazgo proporcion\u00f3 el punto de partida para verificar el sensor del fr\u00edo en mam\u00edferos: una prote\u00edna llamada GluK2 (abreviatura de Glutamate ionotropic receptor kainate type subunit 2).<\/p>\n\n\n\n<p>Para comprobarlo, los investigadores pusieron a prueba su hip\u00f3tesis en ratones a los que les faltaba el gen necesario para producir la prote\u00edna GluK2.<\/p>\n\n\n\n<p>Al hacerlo, observaron que los ratones actuaban con normalidad frente a las temperaturas c\u00e1lidas, templadas y fr\u00edas, pero no mostraban ninguna respuesta al fr\u00edo nocivo, considerando como tal temperaturas por debajo de los -15 grados Celsius.<\/p>\n\n\n\n<p>La prote\u00edna GluK2 se encuentra principalmente en las neuronas del cerebro, donde recibe se\u00f1ales qu\u00edmicas para facilitar la comunicaci\u00f3n neuronal, y tambi\u00e9n en las neuronas sensoriales del sistema nervioso perif\u00e9rico (fuera del cerebro y la m\u00e9dula espinal).<\/p>\n\n\n\n<p>Y es precisamente en el sistema nervioso perif\u00e9rico donde procesa se\u00f1ales de temperatura para detectar el fr\u00edo, seg\u00fan han visto los investigadores en experimentos con ratones.<\/p>\n\n\n\n<p>\u201cHace m\u00e1s de 20 a\u00f1os que se empezaron a descubrir estos sensores de temperatura, con el hallazgo de una prote\u00edna sensible al calor llamada TRPV1, pero hasta ahora no hab\u00edamos podido confirmar qu\u00e9 prote\u00edna era la que detecta temperaturas fr\u00edas nocivas para la salud\u201d, explica el neurocient\u00edfico Shawn Xu, en un comunicado de la Universidad de M\u00edchigan.<\/p>\n\n\n\n<p>Los investigadores creen que este descubrimiento puede tener implicaciones para la salud y el bienestar humanos, ya que, por ejemplo, los enfermos de c\u00e1ncer que reciben quimioterapia suelen experimentar reacciones dolorosas al fr\u00edo.<\/p>\n\n\n\n<p>\u201cEste descubrimiento de la prote\u00edna GluK2 como sensor del fr\u00edo en los mam\u00edferos abre nuevas v\u00edas para comprender mejor por qu\u00e9 los humanos experimentan reacciones dolorosas al fr\u00edo, e incluso puede llegar a ofrecer una posible diana terap\u00e9utica para tratar ese dolor en pacientes cuya sensaci\u00f3n de fr\u00edo est\u00e1 sobreestimulada\u201d, a\u00f1ade Xu.<\/p>\n","protected":false},"excerpt":{"rendered":"<p>El hallazgo ayudar\u00eda a desentra\u00f1ar por qu\u00e9 algunas personas experimentan el fr\u00edo de forma diferente cuando padecen determinadas enfermedades Investigadores de la Universidad de M\u00edchigan, en Estados Unidos, identificaron la prote\u00edna que permite a los mam\u00edferos sentir el fr\u00edo, dando respuesta a una de las grandes cuestiones por resolver por la biolog\u00eda sensorial. El hallazgo, [&hellip;]<\/p>\n","protected":false},"author":47,"featured_media":76554,"comment_status":"open","ping_status":"open","sticky":false,"template":"","format":"standard","meta":{"tdm_status":"","tdm_grid_status":"","footnotes":""},"categories":[40],"tags":[],"class_list":{"0":"post-76553","1":"post","2":"type-post","3":"status-publish","4":"format-standard","5":"has-post-thumbnail","7":"category-las-asombrosas"},"yoast_head":"<!-- This site is optimized with the Yoast SEO plugin v27.5 - https:\/\/yoast.com\/product\/yoast-seo-wordpress\/ -->\n<title>Descubren la prote\u00edna responsable de la sensaci\u00f3n de fr\u00edo - Fuentes Fidedignas<\/title>\n<meta name=\"robots\" content=\"index, follow, max-snippet:-1, max-image-preview:large, max-video-preview:-1\" \/>\n<link rel=\"canonical\" href=\"https:\/\/fuentesfidedignas.com.mx\/index.php\/2024\/03\/12\/descubren-la-proteina-responsable-de-la-sensacion-de-frio\/\" \/>\n<meta property=\"og:locale\" content=\"es_MX\" \/>\n<meta property=\"og:type\" content=\"article\" \/>\n<meta property=\"og:title\" content=\"Descubren la prote\u00edna responsable de la sensaci\u00f3n de fr\u00edo - Fuentes Fidedignas\" \/>\n<meta property=\"og:description\" content=\"El hallazgo ayudar\u00eda a desentra\u00f1ar por qu\u00e9 algunas personas experimentan el fr\u00edo de forma diferente cuando padecen determinadas enfermedades Investigadores de la Universidad de M\u00edchigan, en Estados Unidos, identificaron la prote\u00edna que permite a los mam\u00edferos sentir el fr\u00edo, dando respuesta a una de las grandes cuestiones por resolver por la biolog\u00eda sensorial. El hallazgo, [&hellip;]\" \/>\n<meta property=\"og:url\" content=\"https:\/\/fuentesfidedignas.com.mx\/index.php\/2024\/03\/12\/descubren-la-proteina-responsable-de-la-sensacion-de-frio\/\" \/>\n<meta property=\"og:site_name\" content=\"Fuentes Fidedignas\" \/>\n<meta property=\"article:publisher\" content=\"https:\/\/www.facebook.com\/Fuentes-Fidedignas-368234489921644\" \/>\n<meta property=\"article:published_time\" content=\"2024-03-12T12:29:43+00:00\" \/>\n<meta property=\"og:image\" content=\"https:\/\/fuentesfidedignas.com.mx\/wp-content\/uploads\/2024\/03\/FRIO_CUERPO.jpeg\" \/>\n\t<meta property=\"og:image:width\" content=\"880\" \/>\n\t<meta property=\"og:image:height\" content=\"495\" \/>\n\t<meta property=\"og:image:type\" content=\"image\/jpeg\" \/>\n<meta name=\"author\" content=\"L\u00f3pez D\u00f3riga\" \/>\n<meta name=\"twitter:card\" content=\"summary_large_image\" \/>\n<meta name=\"twitter:creator\" content=\"@fidedignas\" \/>\n<meta name=\"twitter:site\" content=\"@fidedignas\" \/>\n<meta name=\"twitter:label1\" content=\"Escrito por\" \/>\n\t<meta name=\"twitter:data1\" content=\"L\u00f3pez D\u00f3riga\" \/>\n\t<meta name=\"twitter:label2\" content=\"Tiempo de lectura\" \/>\n\t<meta name=\"twitter:data2\" content=\"3 minutos\" \/>\n<script type=\"application\/ld+json\" class=\"yoast-schema-graph\">{\"@context\":\"https:\\\/\\\/schema.org\",\"@graph\":[{\"@type\":\"Article\",\"@id\":\"https:\\\/\\\/fuentesfidedignas.com.mx\\\/index.php\\\/2024\\\/03\\\/12\\\/descubren-la-proteina-responsable-de-la-sensacion-de-frio\\\/#article\",\"isPartOf\":{\"@id\":\"https:\\\/\\\/fuentesfidedignas.com.mx\\\/index.php\\\/2024\\\/03\\\/12\\\/descubren-la-proteina-responsable-de-la-sensacion-de-frio\\\/\"},\"author\":{\"name\":\"L\u00f3pez D\u00f3riga\",\"@id\":\"https:\\\/\\\/fuentesfidedignas.com.mx\\\/#\\\/schema\\\/person\\\/67d852f0557c8509146a4b9ddebd543a\"},\"headline\":\"Descubren la prote\u00edna responsable de la sensaci\u00f3n de fr\u00edo\",\"datePublished\":\"2024-03-12T12:29:43+00:00\",\"mainEntityOfPage\":{\"@id\":\"https:\\\/\\\/fuentesfidedignas.com.mx\\\/index.php\\\/2024\\\/03\\\/12\\\/descubren-la-proteina-responsable-de-la-sensacion-de-frio\\\/\"},\"wordCount\":509,\"commentCount\":0,\"publisher\":{\"@id\":\"https:\\\/\\\/fuentesfidedignas.com.mx\\\/#organization\"},\"image\":{\"@id\":\"https:\\\/\\\/fuentesfidedignas.com.mx\\\/index.php\\\/2024\\\/03\\\/12\\\/descubren-la-proteina-responsable-de-la-sensacion-de-frio\\\/#primaryimage\"},\"thumbnailUrl\":\"https:\\\/\\\/fuentesfidedignas.com.mx\\\/wp-content\\\/uploads\\\/2024\\\/03\\\/FRIO_CUERPO.jpeg\",\"articleSection\":[\"LAS ASOMBROSAS\"],\"inLanguage\":\"es\",\"potentialAction\":[{\"@type\":\"CommentAction\",\"name\":\"Comment\",\"target\":[\"https:\\\/\\\/fuentesfidedignas.com.mx\\\/index.php\\\/2024\\\/03\\\/12\\\/descubren-la-proteina-responsable-de-la-sensacion-de-frio\\\/#respond\"]}]},{\"@type\":\"WebPage\",\"@id\":\"https:\\\/\\\/fuentesfidedignas.com.mx\\\/index.php\\\/2024\\\/03\\\/12\\\/descubren-la-proteina-responsable-de-la-sensacion-de-frio\\\/\",\"url\":\"https:\\\/\\\/fuentesfidedignas.com.mx\\\/index.php\\\/2024\\\/03\\\/12\\\/descubren-la-proteina-responsable-de-la-sensacion-de-frio\\\/\",\"name\":\"Descubren la prote\u00edna responsable de la sensaci\u00f3n de fr\u00edo - Fuentes Fidedignas\",\"isPartOf\":{\"@id\":\"https:\\\/\\\/fuentesfidedignas.com.mx\\\/#website\"},\"primaryImageOfPage\":{\"@id\":\"https:\\\/\\\/fuentesfidedignas.com.mx\\\/index.php\\\/2024\\\/03\\\/12\\\/descubren-la-proteina-responsable-de-la-sensacion-de-frio\\\/#primaryimage\"},\"image\":{\"@id\":\"https:\\\/\\\/fuentesfidedignas.com.mx\\\/index.php\\\/2024\\\/03\\\/12\\\/descubren-la-proteina-responsable-de-la-sensacion-de-frio\\\/#primaryimage\"},\"thumbnailUrl\":\"https:\\\/\\\/fuentesfidedignas.com.mx\\\/wp-content\\\/uploads\\\/2024\\\/03\\\/FRIO_CUERPO.jpeg\",\"datePublished\":\"2024-03-12T12:29:43+00:00\",\"breadcrumb\":{\"@id\":\"https:\\\/\\\/fuentesfidedignas.com.mx\\\/index.php\\\/2024\\\/03\\\/12\\\/descubren-la-proteina-responsable-de-la-sensacion-de-frio\\\/#breadcrumb\"},\"inLanguage\":\"es\",\"potentialAction\":[{\"@type\":\"ReadAction\",\"target\":[\"https:\\\/\\\/fuentesfidedignas.com.mx\\\/index.php\\\/2024\\\/03\\\/12\\\/descubren-la-proteina-responsable-de-la-sensacion-de-frio\\\/\"]}]},{\"@type\":\"ImageObject\",\"inLanguage\":\"es\",\"@id\":\"https:\\\/\\\/fuentesfidedignas.com.mx\\\/index.php\\\/2024\\\/03\\\/12\\\/descubren-la-proteina-responsable-de-la-sensacion-de-frio\\\/#primaryimage\",\"url\":\"https:\\\/\\\/fuentesfidedignas.com.mx\\\/wp-content\\\/uploads\\\/2024\\\/03\\\/FRIO_CUERPO.jpeg\",\"contentUrl\":\"https:\\\/\\\/fuentesfidedignas.com.mx\\\/wp-content\\\/uploads\\\/2024\\\/03\\\/FRIO_CUERPO.jpeg\",\"width\":880,\"height\":495},{\"@type\":\"BreadcrumbList\",\"@id\":\"https:\\\/\\\/fuentesfidedignas.com.mx\\\/index.php\\\/2024\\\/03\\\/12\\\/descubren-la-proteina-responsable-de-la-sensacion-de-frio\\\/#breadcrumb\",\"itemListElement\":[{\"@type\":\"ListItem\",\"position\":1,\"name\":\"Inicio\",\"item\":\"https:\\\/\\\/fuentesfidedignas.com.mx\\\/\"},{\"@type\":\"ListItem\",\"position\":2,\"name\":\"Descubren la prote\u00edna responsable de la sensaci\u00f3n de fr\u00edo\"}]},{\"@type\":\"WebSite\",\"@id\":\"https:\\\/\\\/fuentesfidedignas.com.mx\\\/#website\",\"url\":\"https:\\\/\\\/fuentesfidedignas.com.mx\\\/\",\"name\":\"Fuentes Fidedignas\",\"description\":\"Otro sitio realizado con WordPress\",\"publisher\":{\"@id\":\"https:\\\/\\\/fuentesfidedignas.com.mx\\\/#organization\"},\"potentialAction\":[{\"@type\":\"SearchAction\",\"target\":{\"@type\":\"EntryPoint\",\"urlTemplate\":\"https:\\\/\\\/fuentesfidedignas.com.mx\\\/?s={search_term_string}\"},\"query-input\":{\"@type\":\"PropertyValueSpecification\",\"valueRequired\":true,\"valueName\":\"search_term_string\"}}],\"inLanguage\":\"es\"},{\"@type\":\"Organization\",\"@id\":\"https:\\\/\\\/fuentesfidedignas.com.mx\\\/#organization\",\"name\":\"Fuentes Fidedignas\",\"url\":\"https:\\\/\\\/fuentesfidedignas.com.mx\\\/\",\"logo\":{\"@type\":\"ImageObject\",\"inLanguage\":\"es\",\"@id\":\"https:\\\/\\\/fuentesfidedignas.com.mx\\\/#\\\/schema\\\/logo\\\/image\\\/\",\"url\":\"https:\\\/\\\/fuentesfidedignas.com.mx\\\/wp-content\\\/uploads\\\/2021\\\/04\\\/logo-retina.png\",\"contentUrl\":\"https:\\\/\\\/fuentesfidedignas.com.mx\\\/wp-content\\\/uploads\\\/2021\\\/04\\\/logo-retina.png\",\"width\":280,\"height\":51,\"caption\":\"Fuentes Fidedignas\"},\"image\":{\"@id\":\"https:\\\/\\\/fuentesfidedignas.com.mx\\\/#\\\/schema\\\/logo\\\/image\\\/\"},\"sameAs\":[\"https:\\\/\\\/www.facebook.com\\\/Fuentes-Fidedignas-368234489921644\",\"https:\\\/\\\/x.com\\\/fidedignas\"]},{\"@type\":\"Person\",\"@id\":\"https:\\\/\\\/fuentesfidedignas.com.mx\\\/#\\\/schema\\\/person\\\/67d852f0557c8509146a4b9ddebd543a\",\"name\":\"L\u00f3pez D\u00f3riga\",\"image\":{\"@type\":\"ImageObject\",\"inLanguage\":\"es\",\"@id\":\"https:\\\/\\\/secure.gravatar.com\\\/avatar\\\/e525b06574ca18b33cded59dfe5778d6c823b9513154eff47da551b0551bdd1e?s=96&d=mm&r=g\",\"url\":\"https:\\\/\\\/secure.gravatar.com\\\/avatar\\\/e525b06574ca18b33cded59dfe5778d6c823b9513154eff47da551b0551bdd1e?s=96&d=mm&r=g\",\"contentUrl\":\"https:\\\/\\\/secure.gravatar.com\\\/avatar\\\/e525b06574ca18b33cded59dfe5778d6c823b9513154eff47da551b0551bdd1e?s=96&d=mm&r=g\",\"caption\":\"L\u00f3pez D\u00f3riga\"},\"url\":\"https:\\\/\\\/fuentesfidedignas.com.mx\\\/index.php\\\/author\\\/doriga\\\/\"}]}<\/script>\n<!-- \/ Yoast SEO plugin. -->","yoast_head_json":{"title":"Descubren la prote\u00edna responsable de la sensaci\u00f3n de fr\u00edo - Fuentes Fidedignas","robots":{"index":"index","follow":"follow","max-snippet":"max-snippet:-1","max-image-preview":"max-image-preview:large","max-video-preview":"max-video-preview:-1"},"canonical":"https:\/\/fuentesfidedignas.com.mx\/index.php\/2024\/03\/12\/descubren-la-proteina-responsable-de-la-sensacion-de-frio\/","og_locale":"es_MX","og_type":"article","og_title":"Descubren la prote\u00edna responsable de la sensaci\u00f3n de fr\u00edo - Fuentes Fidedignas","og_description":"El hallazgo ayudar\u00eda a desentra\u00f1ar por qu\u00e9 algunas personas experimentan el fr\u00edo de forma diferente cuando padecen determinadas enfermedades Investigadores de la Universidad de M\u00edchigan, en Estados Unidos, identificaron la prote\u00edna que permite a los mam\u00edferos sentir el fr\u00edo, dando respuesta a una de las grandes cuestiones por resolver por la biolog\u00eda sensorial. El hallazgo, [&hellip;]","og_url":"https:\/\/fuentesfidedignas.com.mx\/index.php\/2024\/03\/12\/descubren-la-proteina-responsable-de-la-sensacion-de-frio\/","og_site_name":"Fuentes Fidedignas","article_publisher":"https:\/\/www.facebook.com\/Fuentes-Fidedignas-368234489921644","article_published_time":"2024-03-12T12:29:43+00:00","og_image":[{"width":880,"height":495,"url":"https:\/\/fuentesfidedignas.com.mx\/wp-content\/uploads\/2024\/03\/FRIO_CUERPO.jpeg","type":"image\/jpeg"}],"author":"L\u00f3pez D\u00f3riga","twitter_card":"summary_large_image","twitter_creator":"@fidedignas","twitter_site":"@fidedignas","twitter_misc":{"Escrito por":"L\u00f3pez D\u00f3riga","Tiempo de lectura":"3 minutos"},"schema":{"@context":"https:\/\/schema.org","@graph":[{"@type":"Article","@id":"https:\/\/fuentesfidedignas.com.mx\/index.php\/2024\/03\/12\/descubren-la-proteina-responsable-de-la-sensacion-de-frio\/#article","isPartOf":{"@id":"https:\/\/fuentesfidedignas.com.mx\/index.php\/2024\/03\/12\/descubren-la-proteina-responsable-de-la-sensacion-de-frio\/"},"author":{"name":"L\u00f3pez D\u00f3riga","@id":"https:\/\/fuentesfidedignas.com.mx\/#\/schema\/person\/67d852f0557c8509146a4b9ddebd543a"},"headline":"Descubren la prote\u00edna responsable de la sensaci\u00f3n de fr\u00edo","datePublished":"2024-03-12T12:29:43+00:00","mainEntityOfPage":{"@id":"https:\/\/fuentesfidedignas.com.mx\/index.php\/2024\/03\/12\/descubren-la-proteina-responsable-de-la-sensacion-de-frio\/"},"wordCount":509,"commentCount":0,"publisher":{"@id":"https:\/\/fuentesfidedignas.com.mx\/#organization"},"image":{"@id":"https:\/\/fuentesfidedignas.com.mx\/index.php\/2024\/03\/12\/descubren-la-proteina-responsable-de-la-sensacion-de-frio\/#primaryimage"},"thumbnailUrl":"https:\/\/fuentesfidedignas.com.mx\/wp-content\/uploads\/2024\/03\/FRIO_CUERPO.jpeg","articleSection":["LAS ASOMBROSAS"],"inLanguage":"es","potentialAction":[{"@type":"CommentAction","name":"Comment","target":["https:\/\/fuentesfidedignas.com.mx\/index.php\/2024\/03\/12\/descubren-la-proteina-responsable-de-la-sensacion-de-frio\/#respond"]}]},{"@type":"WebPage","@id":"https:\/\/fuentesfidedignas.com.mx\/index.php\/2024\/03\/12\/descubren-la-proteina-responsable-de-la-sensacion-de-frio\/","url":"https:\/\/fuentesfidedignas.com.mx\/index.php\/2024\/03\/12\/descubren-la-proteina-responsable-de-la-sensacion-de-frio\/","name":"Descubren la prote\u00edna responsable de la sensaci\u00f3n de fr\u00edo - Fuentes Fidedignas","isPartOf":{"@id":"https:\/\/fuentesfidedignas.com.mx\/#website"},"primaryImageOfPage":{"@id":"https:\/\/fuentesfidedignas.com.mx\/index.php\/2024\/03\/12\/descubren-la-proteina-responsable-de-la-sensacion-de-frio\/#primaryimage"},"image":{"@id":"https:\/\/fuentesfidedignas.com.mx\/index.php\/2024\/03\/12\/descubren-la-proteina-responsable-de-la-sensacion-de-frio\/#primaryimage"},"thumbnailUrl":"https:\/\/fuentesfidedignas.com.mx\/wp-content\/uploads\/2024\/03\/FRIO_CUERPO.jpeg","datePublished":"2024-03-12T12:29:43+00:00","breadcrumb":{"@id":"https:\/\/fuentesfidedignas.com.mx\/index.php\/2024\/03\/12\/descubren-la-proteina-responsable-de-la-sensacion-de-frio\/#breadcrumb"},"inLanguage":"es","potentialAction":[{"@type":"ReadAction","target":["https:\/\/fuentesfidedignas.com.mx\/index.php\/2024\/03\/12\/descubren-la-proteina-responsable-de-la-sensacion-de-frio\/"]}]},{"@type":"ImageObject","inLanguage":"es","@id":"https:\/\/fuentesfidedignas.com.mx\/index.php\/2024\/03\/12\/descubren-la-proteina-responsable-de-la-sensacion-de-frio\/#primaryimage","url":"https:\/\/fuentesfidedignas.com.mx\/wp-content\/uploads\/2024\/03\/FRIO_CUERPO.jpeg","contentUrl":"https:\/\/fuentesfidedignas.com.mx\/wp-content\/uploads\/2024\/03\/FRIO_CUERPO.jpeg","width":880,"height":495},{"@type":"BreadcrumbList","@id":"https:\/\/fuentesfidedignas.com.mx\/index.php\/2024\/03\/12\/descubren-la-proteina-responsable-de-la-sensacion-de-frio\/#breadcrumb","itemListElement":[{"@type":"ListItem","position":1,"name":"Inicio","item":"https:\/\/fuentesfidedignas.com.mx\/"},{"@type":"ListItem","position":2,"name":"Descubren la prote\u00edna responsable de la sensaci\u00f3n de fr\u00edo"}]},{"@type":"WebSite","@id":"https:\/\/fuentesfidedignas.com.mx\/#website","url":"https:\/\/fuentesfidedignas.com.mx\/","name":"Fuentes Fidedignas","description":"Otro sitio realizado con WordPress","publisher":{"@id":"https:\/\/fuentesfidedignas.com.mx\/#organization"},"potentialAction":[{"@type":"SearchAction","target":{"@type":"EntryPoint","urlTemplate":"https:\/\/fuentesfidedignas.com.mx\/?s={search_term_string}"},"query-input":{"@type":"PropertyValueSpecification","valueRequired":true,"valueName":"search_term_string"}}],"inLanguage":"es"},{"@type":"Organization","@id":"https:\/\/fuentesfidedignas.com.mx\/#organization","name":"Fuentes Fidedignas","url":"https:\/\/fuentesfidedignas.com.mx\/","logo":{"@type":"ImageObject","inLanguage":"es","@id":"https:\/\/fuentesfidedignas.com.mx\/#\/schema\/logo\/image\/","url":"https:\/\/fuentesfidedignas.com.mx\/wp-content\/uploads\/2021\/04\/logo-retina.png","contentUrl":"https:\/\/fuentesfidedignas.com.mx\/wp-content\/uploads\/2021\/04\/logo-retina.png","width":280,"height":51,"caption":"Fuentes Fidedignas"},"image":{"@id":"https:\/\/fuentesfidedignas.com.mx\/#\/schema\/logo\/image\/"},"sameAs":["https:\/\/www.facebook.com\/Fuentes-Fidedignas-368234489921644","https:\/\/x.com\/fidedignas"]},{"@type":"Person","@id":"https:\/\/fuentesfidedignas.com.mx\/#\/schema\/person\/67d852f0557c8509146a4b9ddebd543a","name":"L\u00f3pez D\u00f3riga","image":{"@type":"ImageObject","inLanguage":"es","@id":"https:\/\/secure.gravatar.com\/avatar\/e525b06574ca18b33cded59dfe5778d6c823b9513154eff47da551b0551bdd1e?s=96&d=mm&r=g","url":"https:\/\/secure.gravatar.com\/avatar\/e525b06574ca18b33cded59dfe5778d6c823b9513154eff47da551b0551bdd1e?s=96&d=mm&r=g","contentUrl":"https:\/\/secure.gravatar.com\/avatar\/e525b06574ca18b33cded59dfe5778d6c823b9513154eff47da551b0551bdd1e?s=96&d=mm&r=g","caption":"L\u00f3pez D\u00f3riga"},"url":"https:\/\/fuentesfidedignas.com.mx\/index.php\/author\/doriga\/"}]}},"_links":{"self":[{"href":"https:\/\/fuentesfidedignas.com.mx\/index.php\/wp-json\/wp\/v2\/posts\/76553","targetHints":{"allow":["GET"]}}],"collection":[{"href":"https:\/\/fuentesfidedignas.com.mx\/index.php\/wp-json\/wp\/v2\/posts"}],"about":[{"href":"https:\/\/fuentesfidedignas.com.mx\/index.php\/wp-json\/wp\/v2\/types\/post"}],"author":[{"embeddable":true,"href":"https:\/\/fuentesfidedignas.com.mx\/index.php\/wp-json\/wp\/v2\/users\/47"}],"replies":[{"embeddable":true,"href":"https:\/\/fuentesfidedignas.com.mx\/index.php\/wp-json\/wp\/v2\/comments?post=76553"}],"version-history":[{"count":1,"href":"https:\/\/fuentesfidedignas.com.mx\/index.php\/wp-json\/wp\/v2\/posts\/76553\/revisions"}],"predecessor-version":[{"id":76555,"href":"https:\/\/fuentesfidedignas.com.mx\/index.php\/wp-json\/wp\/v2\/posts\/76553\/revisions\/76555"}],"wp:featuredmedia":[{"embeddable":true,"href":"https:\/\/fuentesfidedignas.com.mx\/index.php\/wp-json\/wp\/v2\/media\/76554"}],"wp:attachment":[{"href":"https:\/\/fuentesfidedignas.com.mx\/index.php\/wp-json\/wp\/v2\/media?parent=76553"}],"wp:term":[{"taxonomy":"category","embeddable":true,"href":"https:\/\/fuentesfidedignas.com.mx\/index.php\/wp-json\/wp\/v2\/categories?post=76553"},{"taxonomy":"post_tag","embeddable":true,"href":"https:\/\/fuentesfidedignas.com.mx\/index.php\/wp-json\/wp\/v2\/tags?post=76553"}],"curies":[{"name":"wp","href":"https:\/\/api.w.org\/{rel}","templated":true}]}}