{"id":7652,"date":"2021-07-16T18:51:09","date_gmt":"2021-07-17T01:51:09","guid":{"rendered":"https:\/\/fuentesfidedignas.com.mx\/?p=7652"},"modified":"2021-07-16T18:51:12","modified_gmt":"2021-07-17T01:51:12","slug":"no-se-preguntara-sobre-expresidentes-en-consulta-popular-aclara-ine","status":"publish","type":"post","link":"https:\/\/fuentesfidedignas.com.mx\/index.php\/2021\/07\/16\/no-se-preguntara-sobre-expresidentes-en-consulta-popular-aclara-ine\/","title":{"rendered":"No se preguntar\u00e1 sobre expresidentes en consulta popular, aclara INE"},"content":{"rendered":"\n<p><strong><em>Lorenzo C\u00f3rdova, el consejero presidente, afirm\u00f3 que la consulta popular ser\u00e1 para &#8220;esclarecer las decisiones pol\u00edticas del pasado&#8221;<\/em><\/strong><\/p>\n\n\n\n<p>Ciudad de M\u00e9xico.- El Instituto Nacional Electoral (INE) pidi\u00f3 este viernes \u201cno confundir\u201d a la ciudadan\u00eda puesto que la consulta popular del 1 de agosto preguntar\u00e1 por \u201cesclarecer las decisiones pol\u00edticas del pasado\u201d y no directamente por enjuiciar a los expresidentes del pa\u00eds.<\/p>\n\n\n\n<p>Ojal\u00e1 exista una convergencia de todos los actores pol\u00edticos para que no se confunda a la ciudadan\u00eda. Si alguien espera que el INE pregunte otra cosa a los ciudadanos, no tenemos facultades para hacerlo\u201d, dijo el consejero presidente del INE, Lorenzo C\u00f3rdova, en rueda de prensa desde M\u00e9rida, en Yucat\u00e1n.<\/p>\n\n\n\n<p>En un origen, la consulta convocada por el mandatario Andr\u00e9s Manuel L\u00f3pez Obrador preguntaba si enjuiciar por corrupci\u00f3n y otros delitos a los expresidentes Carlos Salinas de Gortari (1988-1994), Ernesto Zedillo (1994-2000), Vicente Fox (2000-2006), Felipe Calder\u00f3n (2006-2012) y Enrique Pe\u00f1a Nieto (2012-2018).<\/p>\n\n\n\n<p>Pero la Suprema Corte la modific\u00f3 de manera que se preguntar\u00e1 a los mexicanos si est\u00e1n de acuerdo en llevar a cabo \u201cacciones con apego al marco legal para esclarecer las decisiones pol\u00edticas tomadas en el pasado por los actores pol\u00edticos\u201d.<\/p>\n\n\n\n<p>Lo que se va a preguntar es eso. No es otra cosa. Ojal\u00e1 en este ejercicio no se genere confusi\u00f3n ni expectativas distintas de lo que se van a encontrar los ciudadanos\u201d, insisti\u00f3 C\u00f3rdova ante la campa\u00f1a de Morena en favor de enjuiciar a los expresidentes.<\/p>\n\n\n\n<p>El jueves arranc\u00f3 oficialmente la campa\u00f1a de difusi\u00f3n para promover la consulta popular del 1 de agosto, la primera de la historia del pa\u00eds, la cual requiere de la participaci\u00f3n del 40 por ciento del censo para ser vinculante.<\/p>\n\n\n\n<p>Las autoridades electorales instalar\u00e1n 57 mil mesas electorales en todo el pa\u00eds, menos que las 163 mil que hubo en las elecciones intermedias de junio.<\/p>\n\n\n\n<p>C\u00f3rdova Vianello explic\u00f3 que en el INE hubieran \u201cquerido m\u00e1s mesas\u201d pero no pudo ser por cuestiones presupuestarias luego de que la C\u00e1mara de Diputados no les diera \u201cni un peso\u201d de m\u00e1s para el referendo.<\/p>\n\n\n\n<p>De todos modos predijo que la consulta \u201cva a ser exitosa\u201d y \u201cel primero de muchos\u201d ejercicios de este tipo.<\/p>\n\n\n\n<p>Lo digo sin medias tintas, con toda claridad, con \u00e9nfasis. Quien diga que el INE est\u00e1 boicoteando esta consulta, simplemente est\u00e1 mintiendo a la sociedad\u201d, dijo.<\/p>\n\n\n\n<p>El presidente L\u00f3pez Obrador dijo este viernes desconocer si pod\u00eda hacer propaganda gubernamental durante la campa\u00f1a de difusi\u00f3n de la consulta igual que ocurri\u00f3 durante las elecciones intermedias de junio, cuando fue apercibido varias veces por la autoridad electoral.<\/p>\n\n\n\n<p>\u201cLa Constituci\u00f3n es muy clara. Desde el d\u00eda de ayer est\u00e1 prohibida todo tipo de propaganda gubernamental que no tenga que ver con cuestiones de protecci\u00f3n civil y cuestiones de salud\u201d, respondi\u00f3 C\u00f3rdova.<\/p>\n","protected":false},"excerpt":{"rendered":"<p>Lorenzo C\u00f3rdova, el consejero presidente, afirm\u00f3 que la consulta popular ser\u00e1 para &#8220;esclarecer las decisiones pol\u00edticas del pasado&#8221; Ciudad de M\u00e9xico.- El Instituto Nacional Electoral (INE) pidi\u00f3 este viernes \u201cno confundir\u201d a la ciudadan\u00eda puesto que la consulta popular del 1 de agosto preguntar\u00e1 por \u201cesclarecer las decisiones pol\u00edticas del pasado\u201d y no directamente por [&hellip;]<\/p>\n","protected":false},"author":22,"featured_media":4264,"comment_status":"open","ping_status":"open","sticky":false,"template":"","format":"standard","meta":{"tdm_status":"","tdm_grid_status":"","footnotes":""},"categories":[39],"tags":[785,264,263,606],"class_list":{"0":"post-7652","1":"post","2":"type-post","3":"status-publish","4":"format-standard","5":"has-post-thumbnail","7":"category-noticias-nacionales","8":"tag-consulta-popular","9":"tag-ine","10":"tag-instituto-nacional-electoral","11":"tag-lorenzo-cordova"},"yoast_head":"<!-- This site is optimized with the Yoast SEO plugin v27.5 - https:\/\/yoast.com\/product\/yoast-seo-wordpress\/ -->\n<title>No se preguntar\u00e1 sobre expresidentes en consulta popular, aclara INE - Fuentes Fidedignas<\/title>\n<meta name=\"robots\" content=\"index, follow, max-snippet:-1, max-image-preview:large, max-video-preview:-1\" \/>\n<link rel=\"canonical\" href=\"https:\/\/fuentesfidedignas.com.mx\/index.php\/2021\/07\/16\/no-se-preguntara-sobre-expresidentes-en-consulta-popular-aclara-ine\/\" \/>\n<meta property=\"og:locale\" content=\"es_MX\" \/>\n<meta property=\"og:type\" content=\"article\" \/>\n<meta property=\"og:title\" content=\"No se preguntar\u00e1 sobre expresidentes en consulta popular, aclara INE - Fuentes Fidedignas\" \/>\n<meta property=\"og:description\" content=\"Lorenzo C\u00f3rdova, el consejero presidente, afirm\u00f3 que la consulta popular ser\u00e1 para &#8220;esclarecer las decisiones pol\u00edticas del pasado&#8221; Ciudad de M\u00e9xico.- El Instituto Nacional Electoral (INE) pidi\u00f3 este viernes \u201cno confundir\u201d a la ciudadan\u00eda puesto que la consulta popular del 1 de agosto preguntar\u00e1 por \u201cesclarecer las decisiones pol\u00edticas del pasado\u201d y no directamente por [&hellip;]\" \/>\n<meta property=\"og:url\" content=\"https:\/\/fuentesfidedignas.com.mx\/index.php\/2021\/07\/16\/no-se-preguntara-sobre-expresidentes-en-consulta-popular-aclara-ine\/\" \/>\n<meta property=\"og:site_name\" content=\"Fuentes Fidedignas\" \/>\n<meta property=\"article:publisher\" content=\"https:\/\/www.facebook.com\/Fuentes-Fidedignas-368234489921644\" \/>\n<meta property=\"article:published_time\" content=\"2021-07-17T01:51:09+00:00\" \/>\n<meta property=\"article:modified_time\" content=\"2021-07-17T01:51:12+00:00\" \/>\n<meta property=\"og:image\" content=\"https:\/\/fuentesfidedignas.com.mx\/wp-content\/uploads\/2021\/06\/LORENZO_CV.jpg\" \/>\n\t<meta property=\"og:image:width\" content=\"1350\" \/>\n\t<meta property=\"og:image:height\" content=\"794\" \/>\n\t<meta property=\"og:image:type\" content=\"image\/jpeg\" \/>\n<meta name=\"author\" content=\"EFE\" \/>\n<meta name=\"twitter:card\" content=\"summary_large_image\" \/>\n<meta name=\"twitter:creator\" content=\"@fidedignas\" \/>\n<meta name=\"twitter:site\" content=\"@fidedignas\" \/>\n<meta name=\"twitter:label1\" content=\"Escrito por\" \/>\n\t<meta name=\"twitter:data1\" content=\"EFE\" \/>\n\t<meta name=\"twitter:label2\" content=\"Tiempo de lectura\" \/>\n\t<meta name=\"twitter:data2\" content=\"3 minutos\" \/>\n<script type=\"application\/ld+json\" class=\"yoast-schema-graph\">{\"@context\":\"https:\\\/\\\/schema.org\",\"@graph\":[{\"@type\":\"Article\",\"@id\":\"https:\\\/\\\/fuentesfidedignas.com.mx\\\/index.php\\\/2021\\\/07\\\/16\\\/no-se-preguntara-sobre-expresidentes-en-consulta-popular-aclara-ine\\\/#article\",\"isPartOf\":{\"@id\":\"https:\\\/\\\/fuentesfidedignas.com.mx\\\/index.php\\\/2021\\\/07\\\/16\\\/no-se-preguntara-sobre-expresidentes-en-consulta-popular-aclara-ine\\\/\"},\"author\":{\"name\":\"EFE\",\"@id\":\"https:\\\/\\\/fuentesfidedignas.com.mx\\\/#\\\/schema\\\/person\\\/0d44615087b5a626d5d3f13afe31ac41\"},\"headline\":\"No se preguntar\u00e1 sobre expresidentes en consulta popular, aclara INE\",\"datePublished\":\"2021-07-17T01:51:09+00:00\",\"dateModified\":\"2021-07-17T01:51:12+00:00\",\"mainEntityOfPage\":{\"@id\":\"https:\\\/\\\/fuentesfidedignas.com.mx\\\/index.php\\\/2021\\\/07\\\/16\\\/no-se-preguntara-sobre-expresidentes-en-consulta-popular-aclara-ine\\\/\"},\"wordCount\":505,\"commentCount\":0,\"publisher\":{\"@id\":\"https:\\\/\\\/fuentesfidedignas.com.mx\\\/#organization\"},\"image\":{\"@id\":\"https:\\\/\\\/fuentesfidedignas.com.mx\\\/index.php\\\/2021\\\/07\\\/16\\\/no-se-preguntara-sobre-expresidentes-en-consulta-popular-aclara-ine\\\/#primaryimage\"},\"thumbnailUrl\":\"https:\\\/\\\/fuentesfidedignas.com.mx\\\/wp-content\\\/uploads\\\/2021\\\/06\\\/LORENZO_CV.jpg\",\"keywords\":[\"Consulta Popular\",\"INE\",\"Instituto Nacional Electoral\",\"Lorenzo C\u00f3rdova\"],\"articleSection\":[\"NOTICIAS NACIONALES\"],\"inLanguage\":\"es\",\"potentialAction\":[{\"@type\":\"CommentAction\",\"name\":\"Comment\",\"target\":[\"https:\\\/\\\/fuentesfidedignas.com.mx\\\/index.php\\\/2021\\\/07\\\/16\\\/no-se-preguntara-sobre-expresidentes-en-consulta-popular-aclara-ine\\\/#respond\"]}]},{\"@type\":\"WebPage\",\"@id\":\"https:\\\/\\\/fuentesfidedignas.com.mx\\\/index.php\\\/2021\\\/07\\\/16\\\/no-se-preguntara-sobre-expresidentes-en-consulta-popular-aclara-ine\\\/\",\"url\":\"https:\\\/\\\/fuentesfidedignas.com.mx\\\/index.php\\\/2021\\\/07\\\/16\\\/no-se-preguntara-sobre-expresidentes-en-consulta-popular-aclara-ine\\\/\",\"name\":\"No se preguntar\u00e1 sobre expresidentes en consulta popular, aclara INE - Fuentes Fidedignas\",\"isPartOf\":{\"@id\":\"https:\\\/\\\/fuentesfidedignas.com.mx\\\/#website\"},\"primaryImageOfPage\":{\"@id\":\"https:\\\/\\\/fuentesfidedignas.com.mx\\\/index.php\\\/2021\\\/07\\\/16\\\/no-se-preguntara-sobre-expresidentes-en-consulta-popular-aclara-ine\\\/#primaryimage\"},\"image\":{\"@id\":\"https:\\\/\\\/fuentesfidedignas.com.mx\\\/index.php\\\/2021\\\/07\\\/16\\\/no-se-preguntara-sobre-expresidentes-en-consulta-popular-aclara-ine\\\/#primaryimage\"},\"thumbnailUrl\":\"https:\\\/\\\/fuentesfidedignas.com.mx\\\/wp-content\\\/uploads\\\/2021\\\/06\\\/LORENZO_CV.jpg\",\"datePublished\":\"2021-07-17T01:51:09+00:00\",\"dateModified\":\"2021-07-17T01:51:12+00:00\",\"breadcrumb\":{\"@id\":\"https:\\\/\\\/fuentesfidedignas.com.mx\\\/index.php\\\/2021\\\/07\\\/16\\\/no-se-preguntara-sobre-expresidentes-en-consulta-popular-aclara-ine\\\/#breadcrumb\"},\"inLanguage\":\"es\",\"potentialAction\":[{\"@type\":\"ReadAction\",\"target\":[\"https:\\\/\\\/fuentesfidedignas.com.mx\\\/index.php\\\/2021\\\/07\\\/16\\\/no-se-preguntara-sobre-expresidentes-en-consulta-popular-aclara-ine\\\/\"]}]},{\"@type\":\"ImageObject\",\"inLanguage\":\"es\",\"@id\":\"https:\\\/\\\/fuentesfidedignas.com.mx\\\/index.php\\\/2021\\\/07\\\/16\\\/no-se-preguntara-sobre-expresidentes-en-consulta-popular-aclara-ine\\\/#primaryimage\",\"url\":\"https:\\\/\\\/fuentesfidedignas.com.mx\\\/wp-content\\\/uploads\\\/2021\\\/06\\\/LORENZO_CV.jpg\",\"contentUrl\":\"https:\\\/\\\/fuentesfidedignas.com.mx\\\/wp-content\\\/uploads\\\/2021\\\/06\\\/LORENZO_CV.jpg\",\"width\":1350,\"height\":794},{\"@type\":\"BreadcrumbList\",\"@id\":\"https:\\\/\\\/fuentesfidedignas.com.mx\\\/index.php\\\/2021\\\/07\\\/16\\\/no-se-preguntara-sobre-expresidentes-en-consulta-popular-aclara-ine\\\/#breadcrumb\",\"itemListElement\":[{\"@type\":\"ListItem\",\"position\":1,\"name\":\"Inicio\",\"item\":\"https:\\\/\\\/fuentesfidedignas.com.mx\\\/\"},{\"@type\":\"ListItem\",\"position\":2,\"name\":\"No se preguntar\u00e1 sobre expresidentes en consulta popular, aclara INE\"}]},{\"@type\":\"WebSite\",\"@id\":\"https:\\\/\\\/fuentesfidedignas.com.mx\\\/#website\",\"url\":\"https:\\\/\\\/fuentesfidedignas.com.mx\\\/\",\"name\":\"Fuentes Fidedignas\",\"description\":\"Otro sitio realizado con WordPress\",\"publisher\":{\"@id\":\"https:\\\/\\\/fuentesfidedignas.com.mx\\\/#organization\"},\"potentialAction\":[{\"@type\":\"SearchAction\",\"target\":{\"@type\":\"EntryPoint\",\"urlTemplate\":\"https:\\\/\\\/fuentesfidedignas.com.mx\\\/?s={search_term_string}\"},\"query-input\":{\"@type\":\"PropertyValueSpecification\",\"valueRequired\":true,\"valueName\":\"search_term_string\"}}],\"inLanguage\":\"es\"},{\"@type\":\"Organization\",\"@id\":\"https:\\\/\\\/fuentesfidedignas.com.mx\\\/#organization\",\"name\":\"Fuentes Fidedignas\",\"url\":\"https:\\\/\\\/fuentesfidedignas.com.mx\\\/\",\"logo\":{\"@type\":\"ImageObject\",\"inLanguage\":\"es\",\"@id\":\"https:\\\/\\\/fuentesfidedignas.com.mx\\\/#\\\/schema\\\/logo\\\/image\\\/\",\"url\":\"https:\\\/\\\/fuentesfidedignas.com.mx\\\/wp-content\\\/uploads\\\/2021\\\/04\\\/logo-retina.png\",\"contentUrl\":\"https:\\\/\\\/fuentesfidedignas.com.mx\\\/wp-content\\\/uploads\\\/2021\\\/04\\\/logo-retina.png\",\"width\":280,\"height\":51,\"caption\":\"Fuentes Fidedignas\"},\"image\":{\"@id\":\"https:\\\/\\\/fuentesfidedignas.com.mx\\\/#\\\/schema\\\/logo\\\/image\\\/\"},\"sameAs\":[\"https:\\\/\\\/www.facebook.com\\\/Fuentes-Fidedignas-368234489921644\",\"https:\\\/\\\/x.com\\\/fidedignas\"]},{\"@type\":\"Person\",\"@id\":\"https:\\\/\\\/fuentesfidedignas.com.mx\\\/#\\\/schema\\\/person\\\/0d44615087b5a626d5d3f13afe31ac41\",\"name\":\"EFE\",\"image\":{\"@type\":\"ImageObject\",\"inLanguage\":\"es\",\"@id\":\"https:\\\/\\\/secure.gravatar.com\\\/avatar\\\/7048c2d9b569d9bed55bb53ad23821e6e047aa66338fb6ea9868627bbb9f54e8?s=96&d=mm&r=g\",\"url\":\"https:\\\/\\\/secure.gravatar.com\\\/avatar\\\/7048c2d9b569d9bed55bb53ad23821e6e047aa66338fb6ea9868627bbb9f54e8?s=96&d=mm&r=g\",\"contentUrl\":\"https:\\\/\\\/secure.gravatar.com\\\/avatar\\\/7048c2d9b569d9bed55bb53ad23821e6e047aa66338fb6ea9868627bbb9f54e8?s=96&d=mm&r=g\",\"caption\":\"EFE\"},\"url\":\"https:\\\/\\\/fuentesfidedignas.com.mx\\\/index.php\\\/author\\\/efe\\\/\"}]}<\/script>\n<!-- \/ Yoast SEO plugin. -->","yoast_head_json":{"title":"No se preguntar\u00e1 sobre expresidentes en consulta popular, aclara INE - Fuentes Fidedignas","robots":{"index":"index","follow":"follow","max-snippet":"max-snippet:-1","max-image-preview":"max-image-preview:large","max-video-preview":"max-video-preview:-1"},"canonical":"https:\/\/fuentesfidedignas.com.mx\/index.php\/2021\/07\/16\/no-se-preguntara-sobre-expresidentes-en-consulta-popular-aclara-ine\/","og_locale":"es_MX","og_type":"article","og_title":"No se preguntar\u00e1 sobre expresidentes en consulta popular, aclara INE - Fuentes Fidedignas","og_description":"Lorenzo C\u00f3rdova, el consejero presidente, afirm\u00f3 que la consulta popular ser\u00e1 para &#8220;esclarecer las decisiones pol\u00edticas del pasado&#8221; Ciudad de M\u00e9xico.- El Instituto Nacional Electoral (INE) pidi\u00f3 este viernes \u201cno confundir\u201d a la ciudadan\u00eda puesto que la consulta popular del 1 de agosto preguntar\u00e1 por \u201cesclarecer las decisiones pol\u00edticas del pasado\u201d y no directamente por [&hellip;]","og_url":"https:\/\/fuentesfidedignas.com.mx\/index.php\/2021\/07\/16\/no-se-preguntara-sobre-expresidentes-en-consulta-popular-aclara-ine\/","og_site_name":"Fuentes Fidedignas","article_publisher":"https:\/\/www.facebook.com\/Fuentes-Fidedignas-368234489921644","article_published_time":"2021-07-17T01:51:09+00:00","article_modified_time":"2021-07-17T01:51:12+00:00","og_image":[{"width":1350,"height":794,"url":"https:\/\/fuentesfidedignas.com.mx\/wp-content\/uploads\/2021\/06\/LORENZO_CV.jpg","type":"image\/jpeg"}],"author":"EFE","twitter_card":"summary_large_image","twitter_creator":"@fidedignas","twitter_site":"@fidedignas","twitter_misc":{"Escrito por":"EFE","Tiempo de lectura":"3 minutos"},"schema":{"@context":"https:\/\/schema.org","@graph":[{"@type":"Article","@id":"https:\/\/fuentesfidedignas.com.mx\/index.php\/2021\/07\/16\/no-se-preguntara-sobre-expresidentes-en-consulta-popular-aclara-ine\/#article","isPartOf":{"@id":"https:\/\/fuentesfidedignas.com.mx\/index.php\/2021\/07\/16\/no-se-preguntara-sobre-expresidentes-en-consulta-popular-aclara-ine\/"},"author":{"name":"EFE","@id":"https:\/\/fuentesfidedignas.com.mx\/#\/schema\/person\/0d44615087b5a626d5d3f13afe31ac41"},"headline":"No se preguntar\u00e1 sobre expresidentes en consulta popular, aclara INE","datePublished":"2021-07-17T01:51:09+00:00","dateModified":"2021-07-17T01:51:12+00:00","mainEntityOfPage":{"@id":"https:\/\/fuentesfidedignas.com.mx\/index.php\/2021\/07\/16\/no-se-preguntara-sobre-expresidentes-en-consulta-popular-aclara-ine\/"},"wordCount":505,"commentCount":0,"publisher":{"@id":"https:\/\/fuentesfidedignas.com.mx\/#organization"},"image":{"@id":"https:\/\/fuentesfidedignas.com.mx\/index.php\/2021\/07\/16\/no-se-preguntara-sobre-expresidentes-en-consulta-popular-aclara-ine\/#primaryimage"},"thumbnailUrl":"https:\/\/fuentesfidedignas.com.mx\/wp-content\/uploads\/2021\/06\/LORENZO_CV.jpg","keywords":["Consulta Popular","INE","Instituto Nacional Electoral","Lorenzo C\u00f3rdova"],"articleSection":["NOTICIAS NACIONALES"],"inLanguage":"es","potentialAction":[{"@type":"CommentAction","name":"Comment","target":["https:\/\/fuentesfidedignas.com.mx\/index.php\/2021\/07\/16\/no-se-preguntara-sobre-expresidentes-en-consulta-popular-aclara-ine\/#respond"]}]},{"@type":"WebPage","@id":"https:\/\/fuentesfidedignas.com.mx\/index.php\/2021\/07\/16\/no-se-preguntara-sobre-expresidentes-en-consulta-popular-aclara-ine\/","url":"https:\/\/fuentesfidedignas.com.mx\/index.php\/2021\/07\/16\/no-se-preguntara-sobre-expresidentes-en-consulta-popular-aclara-ine\/","name":"No se preguntar\u00e1 sobre expresidentes en consulta popular, aclara INE - Fuentes Fidedignas","isPartOf":{"@id":"https:\/\/fuentesfidedignas.com.mx\/#website"},"primaryImageOfPage":{"@id":"https:\/\/fuentesfidedignas.com.mx\/index.php\/2021\/07\/16\/no-se-preguntara-sobre-expresidentes-en-consulta-popular-aclara-ine\/#primaryimage"},"image":{"@id":"https:\/\/fuentesfidedignas.com.mx\/index.php\/2021\/07\/16\/no-se-preguntara-sobre-expresidentes-en-consulta-popular-aclara-ine\/#primaryimage"},"thumbnailUrl":"https:\/\/fuentesfidedignas.com.mx\/wp-content\/uploads\/2021\/06\/LORENZO_CV.jpg","datePublished":"2021-07-17T01:51:09+00:00","dateModified":"2021-07-17T01:51:12+00:00","breadcrumb":{"@id":"https:\/\/fuentesfidedignas.com.mx\/index.php\/2021\/07\/16\/no-se-preguntara-sobre-expresidentes-en-consulta-popular-aclara-ine\/#breadcrumb"},"inLanguage":"es","potentialAction":[{"@type":"ReadAction","target":["https:\/\/fuentesfidedignas.com.mx\/index.php\/2021\/07\/16\/no-se-preguntara-sobre-expresidentes-en-consulta-popular-aclara-ine\/"]}]},{"@type":"ImageObject","inLanguage":"es","@id":"https:\/\/fuentesfidedignas.com.mx\/index.php\/2021\/07\/16\/no-se-preguntara-sobre-expresidentes-en-consulta-popular-aclara-ine\/#primaryimage","url":"https:\/\/fuentesfidedignas.com.mx\/wp-content\/uploads\/2021\/06\/LORENZO_CV.jpg","contentUrl":"https:\/\/fuentesfidedignas.com.mx\/wp-content\/uploads\/2021\/06\/LORENZO_CV.jpg","width":1350,"height":794},{"@type":"BreadcrumbList","@id":"https:\/\/fuentesfidedignas.com.mx\/index.php\/2021\/07\/16\/no-se-preguntara-sobre-expresidentes-en-consulta-popular-aclara-ine\/#breadcrumb","itemListElement":[{"@type":"ListItem","position":1,"name":"Inicio","item":"https:\/\/fuentesfidedignas.com.mx\/"},{"@type":"ListItem","position":2,"name":"No se preguntar\u00e1 sobre expresidentes en consulta popular, aclara INE"}]},{"@type":"WebSite","@id":"https:\/\/fuentesfidedignas.com.mx\/#website","url":"https:\/\/fuentesfidedignas.com.mx\/","name":"Fuentes Fidedignas","description":"Otro sitio realizado con WordPress","publisher":{"@id":"https:\/\/fuentesfidedignas.com.mx\/#organization"},"potentialAction":[{"@type":"SearchAction","target":{"@type":"EntryPoint","urlTemplate":"https:\/\/fuentesfidedignas.com.mx\/?s={search_term_string}"},"query-input":{"@type":"PropertyValueSpecification","valueRequired":true,"valueName":"search_term_string"}}],"inLanguage":"es"},{"@type":"Organization","@id":"https:\/\/fuentesfidedignas.com.mx\/#organization","name":"Fuentes Fidedignas","url":"https:\/\/fuentesfidedignas.com.mx\/","logo":{"@type":"ImageObject","inLanguage":"es","@id":"https:\/\/fuentesfidedignas.com.mx\/#\/schema\/logo\/image\/","url":"https:\/\/fuentesfidedignas.com.mx\/wp-content\/uploads\/2021\/04\/logo-retina.png","contentUrl":"https:\/\/fuentesfidedignas.com.mx\/wp-content\/uploads\/2021\/04\/logo-retina.png","width":280,"height":51,"caption":"Fuentes Fidedignas"},"image":{"@id":"https:\/\/fuentesfidedignas.com.mx\/#\/schema\/logo\/image\/"},"sameAs":["https:\/\/www.facebook.com\/Fuentes-Fidedignas-368234489921644","https:\/\/x.com\/fidedignas"]},{"@type":"Person","@id":"https:\/\/fuentesfidedignas.com.mx\/#\/schema\/person\/0d44615087b5a626d5d3f13afe31ac41","name":"EFE","image":{"@type":"ImageObject","inLanguage":"es","@id":"https:\/\/secure.gravatar.com\/avatar\/7048c2d9b569d9bed55bb53ad23821e6e047aa66338fb6ea9868627bbb9f54e8?s=96&d=mm&r=g","url":"https:\/\/secure.gravatar.com\/avatar\/7048c2d9b569d9bed55bb53ad23821e6e047aa66338fb6ea9868627bbb9f54e8?s=96&d=mm&r=g","contentUrl":"https:\/\/secure.gravatar.com\/avatar\/7048c2d9b569d9bed55bb53ad23821e6e047aa66338fb6ea9868627bbb9f54e8?s=96&d=mm&r=g","caption":"EFE"},"url":"https:\/\/fuentesfidedignas.com.mx\/index.php\/author\/efe\/"}]}},"_links":{"self":[{"href":"https:\/\/fuentesfidedignas.com.mx\/index.php\/wp-json\/wp\/v2\/posts\/7652","targetHints":{"allow":["GET"]}}],"collection":[{"href":"https:\/\/fuentesfidedignas.com.mx\/index.php\/wp-json\/wp\/v2\/posts"}],"about":[{"href":"https:\/\/fuentesfidedignas.com.mx\/index.php\/wp-json\/wp\/v2\/types\/post"}],"author":[{"embeddable":true,"href":"https:\/\/fuentesfidedignas.com.mx\/index.php\/wp-json\/wp\/v2\/users\/22"}],"replies":[{"embeddable":true,"href":"https:\/\/fuentesfidedignas.com.mx\/index.php\/wp-json\/wp\/v2\/comments?post=7652"}],"version-history":[{"count":1,"href":"https:\/\/fuentesfidedignas.com.mx\/index.php\/wp-json\/wp\/v2\/posts\/7652\/revisions"}],"predecessor-version":[{"id":7654,"href":"https:\/\/fuentesfidedignas.com.mx\/index.php\/wp-json\/wp\/v2\/posts\/7652\/revisions\/7654"}],"wp:featuredmedia":[{"embeddable":true,"href":"https:\/\/fuentesfidedignas.com.mx\/index.php\/wp-json\/wp\/v2\/media\/4264"}],"wp:attachment":[{"href":"https:\/\/fuentesfidedignas.com.mx\/index.php\/wp-json\/wp\/v2\/media?parent=7652"}],"wp:term":[{"taxonomy":"category","embeddable":true,"href":"https:\/\/fuentesfidedignas.com.mx\/index.php\/wp-json\/wp\/v2\/categories?post=7652"},{"taxonomy":"post_tag","embeddable":true,"href":"https:\/\/fuentesfidedignas.com.mx\/index.php\/wp-json\/wp\/v2\/tags?post=7652"}],"curies":[{"name":"wp","href":"https:\/\/api.w.org\/{rel}","templated":true}]}}