{"id":76484,"date":"2024-03-11T10:03:30","date_gmt":"2024-03-11T17:03:30","guid":{"rendered":"https:\/\/fuentesfidedignas.com.mx\/?p=76484"},"modified":"2024-03-11T10:03:31","modified_gmt":"2024-03-11T17:03:31","slug":"hallan-muertos-en-morelos-a-hermanos-de-9-anos-que-desaparecieron-camino-a-la-escuela","status":"publish","type":"post","link":"https:\/\/fuentesfidedignas.com.mx\/index.php\/2024\/03\/11\/hallan-muertos-en-morelos-a-hermanos-de-9-anos-que-desaparecieron-camino-a-la-escuela\/","title":{"rendered":"Hallan muertos en Morelos a hermanos de 9 a\u00f1os que desaparecieron camino a la escuela"},"content":{"rendered":"\n<p><strong><em>Dos hermanos, de nueve a\u00f1os de edad, fueron hallados muertos tras ser reportados como desaparecidos cuando se dirig\u00edan a la escuela<\/em><\/strong><\/p>\n\n\n\n<p>Morelos.- Dos hermanos&nbsp;<strong>menores de edad<\/strong>&nbsp;fueron hallados&nbsp;<strong>muertos<\/strong>en&nbsp;<strong>Morelos<\/strong>, tras ser reportados como desaparecidos. El pasado 7 de marzo&nbsp;<strong>Vianey<\/strong>&nbsp;y&nbsp;<strong>Gabino<\/strong>, de 9 a\u00f1os,&nbsp;<strong>desaparecieron<\/strong>&nbsp;en el municipio de&nbsp;<strong>Yecapixtla<\/strong>.<\/p>\n\n\n\n<figure class=\"wp-block-embed is-type-rich is-provider-twitter wp-block-embed-twitter\"><div class=\"wp-block-embed__wrapper\">\n<blockquote class=\"twitter-tweet\" data-width=\"550\" data-dnt=\"true\"><p lang=\"es\" dir=\"ltr\">Vianey y Gabino, dos hermanos menores de edad, fueron hallados muertos en Morelos, tras ser reportados como desaparecidos <a href=\"https:\/\/t.co\/UDEwMvZNHO\">https:\/\/t.co\/UDEwMvZNHO<\/a><\/p>&mdash; Joaqu\u00edn L\u00f3pez-D\u00f3riga (@lopezdoriga) <a href=\"https:\/\/twitter.com\/lopezdoriga\/status\/1767211266571903083?ref_src=twsrc%5Etfw\">March 11, 2024<\/a><\/blockquote><script async src=\"https:\/\/platform.twitter.com\/widgets.js\" charset=\"utf-8\"><\/script>\n<\/div><\/figure>\n\n\n\n<p>Los hermanos salieron de su casa hacia la&nbsp;<strong>escuela<\/strong>, pero nunca llegaron.<\/p>\n\n\n\n<p>C\u00e1maras de seguridad los captaron en un primer momento junto a una mujer y otro menor.&nbsp;Posteriormente los ni\u00f1os pasaron junto a una papeler\u00eda.<\/p>\n\n\n\n<p>En ambos momentos, los menores fueron&nbsp;<strong>seguidos<\/strong>&nbsp;por un&nbsp;<strong>hombre<\/strong>&nbsp;de playera blanca, quien se presume puede estar implicado en los hechos.<\/p>\n\n\n\n<p>La familia denunci\u00f3 la desaparici\u00f3n de Vianey y Gabino, y organiz\u00f3 por su parte su b\u00fasqueda.<\/p>\n\n\n\n<p>La misma tarde del 7 de marzo los&nbsp;<strong>hermanos<\/strong>&nbsp;fueron&nbsp;<strong>hallados muertos<\/strong>&nbsp;al fondo de una&nbsp;<strong>barranca<\/strong>, en la colonia Para\u00edso Escondido.<\/p>\n\n\n\n<p>Los menores presentaban golpes y estaban desnudos.<\/p>\n\n\n\n<p>Este 10 de marzo fueron&nbsp;<strong>sepultados<\/strong>. Se prev\u00e9 que este 12 de marzo se lleve a cabo una&nbsp;<strong>marcha pac\u00edfica<\/strong>&nbsp;para exigir a las autoridades celeridad en las investigaciones, as\u00ed como la detenci\u00f3n del o los presuntos responsables.<\/p>\n\n\n\n<p>Se cita a las 10:00 h en el Puente Xalpa sobre Boulevard Las Palmas, para un recorrido hacia el Z\u00f3calo de Yecapixtla.<\/p>\n","protected":false},"excerpt":{"rendered":"<p>Dos hermanos, de nueve a\u00f1os de edad, fueron hallados muertos tras ser reportados como desaparecidos cuando se dirig\u00edan a la escuela Morelos.- Dos hermanos&nbsp;menores de edad&nbsp;fueron hallados&nbsp;muertosen&nbsp;Morelos, tras ser reportados como desaparecidos. El pasado 7 de marzo&nbsp;Vianey&nbsp;y&nbsp;Gabino, de 9 a\u00f1os,&nbsp;desaparecieron&nbsp;en el municipio de&nbsp;Yecapixtla. Los hermanos salieron de su casa hacia la&nbsp;escuela, pero nunca llegaron. C\u00e1maras [&hellip;]<\/p>\n","protected":false},"author":47,"featured_media":76483,"comment_status":"open","ping_status":"open","sticky":false,"template":"","format":"standard","meta":{"tdm_status":"","tdm_grid_status":"","footnotes":""},"categories":[39],"tags":[],"class_list":{"0":"post-76484","1":"post","2":"type-post","3":"status-publish","4":"format-standard","5":"has-post-thumbnail","7":"category-noticias-nacionales"},"yoast_head":"<!-- This site is optimized with the Yoast SEO plugin v27.5 - https:\/\/yoast.com\/product\/yoast-seo-wordpress\/ -->\n<title>Hallan muertos en Morelos a hermanos de 9 a\u00f1os que desaparecieron camino a la escuela - Fuentes Fidedignas<\/title>\n<meta name=\"robots\" content=\"index, follow, max-snippet:-1, max-image-preview:large, max-video-preview:-1\" \/>\n<link rel=\"canonical\" href=\"https:\/\/fuentesfidedignas.com.mx\/index.php\/2024\/03\/11\/hallan-muertos-en-morelos-a-hermanos-de-9-anos-que-desaparecieron-camino-a-la-escuela\/\" \/>\n<meta property=\"og:locale\" content=\"es_MX\" \/>\n<meta property=\"og:type\" content=\"article\" \/>\n<meta property=\"og:title\" content=\"Hallan muertos en Morelos a hermanos de 9 a\u00f1os que desaparecieron camino a la escuela - Fuentes Fidedignas\" \/>\n<meta property=\"og:description\" content=\"Dos hermanos, de nueve a\u00f1os de edad, fueron hallados muertos tras ser reportados como desaparecidos cuando se dirig\u00edan a la escuela Morelos.- Dos hermanos&nbsp;menores de edad&nbsp;fueron hallados&nbsp;muertosen&nbsp;Morelos, tras ser reportados como desaparecidos. El pasado 7 de marzo&nbsp;Vianey&nbsp;y&nbsp;Gabino, de 9 a\u00f1os,&nbsp;desaparecieron&nbsp;en el municipio de&nbsp;Yecapixtla. Los hermanos salieron de su casa hacia la&nbsp;escuela, pero nunca llegaron. C\u00e1maras [&hellip;]\" \/>\n<meta property=\"og:url\" content=\"https:\/\/fuentesfidedignas.com.mx\/index.php\/2024\/03\/11\/hallan-muertos-en-morelos-a-hermanos-de-9-anos-que-desaparecieron-camino-a-la-escuela\/\" \/>\n<meta property=\"og:site_name\" content=\"Fuentes Fidedignas\" \/>\n<meta property=\"article:publisher\" content=\"https:\/\/www.facebook.com\/Fuentes-Fidedignas-368234489921644\" \/>\n<meta property=\"article:published_time\" content=\"2024-03-11T17:03:30+00:00\" \/>\n<meta property=\"article:modified_time\" content=\"2024-03-11T17:03:31+00:00\" \/>\n<meta property=\"og:image\" content=\"https:\/\/fuentesfidedignas.com.mx\/wp-content\/uploads\/2024\/03\/img_3280-1.jpg\" \/>\n\t<meta property=\"og:image:width\" content=\"980\" \/>\n\t<meta property=\"og:image:height\" content=\"551\" \/>\n\t<meta property=\"og:image:type\" content=\"image\/jpeg\" \/>\n<meta name=\"author\" content=\"L\u00f3pez D\u00f3riga\" \/>\n<meta name=\"twitter:card\" content=\"summary_large_image\" \/>\n<meta name=\"twitter:creator\" content=\"@fidedignas\" \/>\n<meta name=\"twitter:site\" content=\"@fidedignas\" \/>\n<meta name=\"twitter:label1\" content=\"Escrito por\" \/>\n\t<meta name=\"twitter:data1\" content=\"L\u00f3pez D\u00f3riga\" \/>\n\t<meta name=\"twitter:label2\" content=\"Tiempo de lectura\" \/>\n\t<meta name=\"twitter:data2\" content=\"1 minuto\" \/>\n<script type=\"application\/ld+json\" class=\"yoast-schema-graph\">{\"@context\":\"https:\\\/\\\/schema.org\",\"@graph\":[{\"@type\":\"Article\",\"@id\":\"https:\\\/\\\/fuentesfidedignas.com.mx\\\/index.php\\\/2024\\\/03\\\/11\\\/hallan-muertos-en-morelos-a-hermanos-de-9-anos-que-desaparecieron-camino-a-la-escuela\\\/#article\",\"isPartOf\":{\"@id\":\"https:\\\/\\\/fuentesfidedignas.com.mx\\\/index.php\\\/2024\\\/03\\\/11\\\/hallan-muertos-en-morelos-a-hermanos-de-9-anos-que-desaparecieron-camino-a-la-escuela\\\/\"},\"author\":{\"name\":\"L\u00f3pez D\u00f3riga\",\"@id\":\"https:\\\/\\\/fuentesfidedignas.com.mx\\\/#\\\/schema\\\/person\\\/67d852f0557c8509146a4b9ddebd543a\"},\"headline\":\"Hallan muertos en Morelos a hermanos de 9 a\u00f1os que desaparecieron camino a la escuela\",\"datePublished\":\"2024-03-11T17:03:30+00:00\",\"dateModified\":\"2024-03-11T17:03:31+00:00\",\"mainEntityOfPage\":{\"@id\":\"https:\\\/\\\/fuentesfidedignas.com.mx\\\/index.php\\\/2024\\\/03\\\/11\\\/hallan-muertos-en-morelos-a-hermanos-de-9-anos-que-desaparecieron-camino-a-la-escuela\\\/\"},\"wordCount\":268,\"commentCount\":0,\"publisher\":{\"@id\":\"https:\\\/\\\/fuentesfidedignas.com.mx\\\/#organization\"},\"image\":{\"@id\":\"https:\\\/\\\/fuentesfidedignas.com.mx\\\/index.php\\\/2024\\\/03\\\/11\\\/hallan-muertos-en-morelos-a-hermanos-de-9-anos-que-desaparecieron-camino-a-la-escuela\\\/#primaryimage\"},\"thumbnailUrl\":\"https:\\\/\\\/fuentesfidedignas.com.mx\\\/wp-content\\\/uploads\\\/2024\\\/03\\\/img_3280-1.jpg\",\"articleSection\":[\"NOTICIAS NACIONALES\"],\"inLanguage\":\"es\",\"potentialAction\":[{\"@type\":\"CommentAction\",\"name\":\"Comment\",\"target\":[\"https:\\\/\\\/fuentesfidedignas.com.mx\\\/index.php\\\/2024\\\/03\\\/11\\\/hallan-muertos-en-morelos-a-hermanos-de-9-anos-que-desaparecieron-camino-a-la-escuela\\\/#respond\"]}]},{\"@type\":\"WebPage\",\"@id\":\"https:\\\/\\\/fuentesfidedignas.com.mx\\\/index.php\\\/2024\\\/03\\\/11\\\/hallan-muertos-en-morelos-a-hermanos-de-9-anos-que-desaparecieron-camino-a-la-escuela\\\/\",\"url\":\"https:\\\/\\\/fuentesfidedignas.com.mx\\\/index.php\\\/2024\\\/03\\\/11\\\/hallan-muertos-en-morelos-a-hermanos-de-9-anos-que-desaparecieron-camino-a-la-escuela\\\/\",\"name\":\"Hallan muertos en Morelos a hermanos de 9 a\u00f1os que desaparecieron camino a la escuela - Fuentes Fidedignas\",\"isPartOf\":{\"@id\":\"https:\\\/\\\/fuentesfidedignas.com.mx\\\/#website\"},\"primaryImageOfPage\":{\"@id\":\"https:\\\/\\\/fuentesfidedignas.com.mx\\\/index.php\\\/2024\\\/03\\\/11\\\/hallan-muertos-en-morelos-a-hermanos-de-9-anos-que-desaparecieron-camino-a-la-escuela\\\/#primaryimage\"},\"image\":{\"@id\":\"https:\\\/\\\/fuentesfidedignas.com.mx\\\/index.php\\\/2024\\\/03\\\/11\\\/hallan-muertos-en-morelos-a-hermanos-de-9-anos-que-desaparecieron-camino-a-la-escuela\\\/#primaryimage\"},\"thumbnailUrl\":\"https:\\\/\\\/fuentesfidedignas.com.mx\\\/wp-content\\\/uploads\\\/2024\\\/03\\\/img_3280-1.jpg\",\"datePublished\":\"2024-03-11T17:03:30+00:00\",\"dateModified\":\"2024-03-11T17:03:31+00:00\",\"breadcrumb\":{\"@id\":\"https:\\\/\\\/fuentesfidedignas.com.mx\\\/index.php\\\/2024\\\/03\\\/11\\\/hallan-muertos-en-morelos-a-hermanos-de-9-anos-que-desaparecieron-camino-a-la-escuela\\\/#breadcrumb\"},\"inLanguage\":\"es\",\"potentialAction\":[{\"@type\":\"ReadAction\",\"target\":[\"https:\\\/\\\/fuentesfidedignas.com.mx\\\/index.php\\\/2024\\\/03\\\/11\\\/hallan-muertos-en-morelos-a-hermanos-de-9-anos-que-desaparecieron-camino-a-la-escuela\\\/\"]}]},{\"@type\":\"ImageObject\",\"inLanguage\":\"es\",\"@id\":\"https:\\\/\\\/fuentesfidedignas.com.mx\\\/index.php\\\/2024\\\/03\\\/11\\\/hallan-muertos-en-morelos-a-hermanos-de-9-anos-que-desaparecieron-camino-a-la-escuela\\\/#primaryimage\",\"url\":\"https:\\\/\\\/fuentesfidedignas.com.mx\\\/wp-content\\\/uploads\\\/2024\\\/03\\\/img_3280-1.jpg\",\"contentUrl\":\"https:\\\/\\\/fuentesfidedignas.com.mx\\\/wp-content\\\/uploads\\\/2024\\\/03\\\/img_3280-1.jpg\",\"width\":980,\"height\":551},{\"@type\":\"BreadcrumbList\",\"@id\":\"https:\\\/\\\/fuentesfidedignas.com.mx\\\/index.php\\\/2024\\\/03\\\/11\\\/hallan-muertos-en-morelos-a-hermanos-de-9-anos-que-desaparecieron-camino-a-la-escuela\\\/#breadcrumb\",\"itemListElement\":[{\"@type\":\"ListItem\",\"position\":1,\"name\":\"Inicio\",\"item\":\"https:\\\/\\\/fuentesfidedignas.com.mx\\\/\"},{\"@type\":\"ListItem\",\"position\":2,\"name\":\"Hallan muertos en Morelos a hermanos de 9 a\u00f1os que desaparecieron camino a la escuela\"}]},{\"@type\":\"WebSite\",\"@id\":\"https:\\\/\\\/fuentesfidedignas.com.mx\\\/#website\",\"url\":\"https:\\\/\\\/fuentesfidedignas.com.mx\\\/\",\"name\":\"Fuentes Fidedignas\",\"description\":\"Otro sitio realizado con WordPress\",\"publisher\":{\"@id\":\"https:\\\/\\\/fuentesfidedignas.com.mx\\\/#organization\"},\"potentialAction\":[{\"@type\":\"SearchAction\",\"target\":{\"@type\":\"EntryPoint\",\"urlTemplate\":\"https:\\\/\\\/fuentesfidedignas.com.mx\\\/?s={search_term_string}\"},\"query-input\":{\"@type\":\"PropertyValueSpecification\",\"valueRequired\":true,\"valueName\":\"search_term_string\"}}],\"inLanguage\":\"es\"},{\"@type\":\"Organization\",\"@id\":\"https:\\\/\\\/fuentesfidedignas.com.mx\\\/#organization\",\"name\":\"Fuentes Fidedignas\",\"url\":\"https:\\\/\\\/fuentesfidedignas.com.mx\\\/\",\"logo\":{\"@type\":\"ImageObject\",\"inLanguage\":\"es\",\"@id\":\"https:\\\/\\\/fuentesfidedignas.com.mx\\\/#\\\/schema\\\/logo\\\/image\\\/\",\"url\":\"https:\\\/\\\/fuentesfidedignas.com.mx\\\/wp-content\\\/uploads\\\/2021\\\/04\\\/logo-retina.png\",\"contentUrl\":\"https:\\\/\\\/fuentesfidedignas.com.mx\\\/wp-content\\\/uploads\\\/2021\\\/04\\\/logo-retina.png\",\"width\":280,\"height\":51,\"caption\":\"Fuentes Fidedignas\"},\"image\":{\"@id\":\"https:\\\/\\\/fuentesfidedignas.com.mx\\\/#\\\/schema\\\/logo\\\/image\\\/\"},\"sameAs\":[\"https:\\\/\\\/www.facebook.com\\\/Fuentes-Fidedignas-368234489921644\",\"https:\\\/\\\/x.com\\\/fidedignas\"]},{\"@type\":\"Person\",\"@id\":\"https:\\\/\\\/fuentesfidedignas.com.mx\\\/#\\\/schema\\\/person\\\/67d852f0557c8509146a4b9ddebd543a\",\"name\":\"L\u00f3pez D\u00f3riga\",\"image\":{\"@type\":\"ImageObject\",\"inLanguage\":\"es\",\"@id\":\"https:\\\/\\\/secure.gravatar.com\\\/avatar\\\/e525b06574ca18b33cded59dfe5778d6c823b9513154eff47da551b0551bdd1e?s=96&d=mm&r=g\",\"url\":\"https:\\\/\\\/secure.gravatar.com\\\/avatar\\\/e525b06574ca18b33cded59dfe5778d6c823b9513154eff47da551b0551bdd1e?s=96&d=mm&r=g\",\"contentUrl\":\"https:\\\/\\\/secure.gravatar.com\\\/avatar\\\/e525b06574ca18b33cded59dfe5778d6c823b9513154eff47da551b0551bdd1e?s=96&d=mm&r=g\",\"caption\":\"L\u00f3pez D\u00f3riga\"},\"url\":\"https:\\\/\\\/fuentesfidedignas.com.mx\\\/index.php\\\/author\\\/doriga\\\/\"}]}<\/script>\n<!-- \/ Yoast SEO plugin. -->","yoast_head_json":{"title":"Hallan muertos en Morelos a hermanos de 9 a\u00f1os que desaparecieron camino a la escuela - Fuentes Fidedignas","robots":{"index":"index","follow":"follow","max-snippet":"max-snippet:-1","max-image-preview":"max-image-preview:large","max-video-preview":"max-video-preview:-1"},"canonical":"https:\/\/fuentesfidedignas.com.mx\/index.php\/2024\/03\/11\/hallan-muertos-en-morelos-a-hermanos-de-9-anos-que-desaparecieron-camino-a-la-escuela\/","og_locale":"es_MX","og_type":"article","og_title":"Hallan muertos en Morelos a hermanos de 9 a\u00f1os que desaparecieron camino a la escuela - Fuentes Fidedignas","og_description":"Dos hermanos, de nueve a\u00f1os de edad, fueron hallados muertos tras ser reportados como desaparecidos cuando se dirig\u00edan a la escuela Morelos.- Dos hermanos&nbsp;menores de edad&nbsp;fueron hallados&nbsp;muertosen&nbsp;Morelos, tras ser reportados como desaparecidos. El pasado 7 de marzo&nbsp;Vianey&nbsp;y&nbsp;Gabino, de 9 a\u00f1os,&nbsp;desaparecieron&nbsp;en el municipio de&nbsp;Yecapixtla. Los hermanos salieron de su casa hacia la&nbsp;escuela, pero nunca llegaron. C\u00e1maras [&hellip;]","og_url":"https:\/\/fuentesfidedignas.com.mx\/index.php\/2024\/03\/11\/hallan-muertos-en-morelos-a-hermanos-de-9-anos-que-desaparecieron-camino-a-la-escuela\/","og_site_name":"Fuentes Fidedignas","article_publisher":"https:\/\/www.facebook.com\/Fuentes-Fidedignas-368234489921644","article_published_time":"2024-03-11T17:03:30+00:00","article_modified_time":"2024-03-11T17:03:31+00:00","og_image":[{"width":980,"height":551,"url":"https:\/\/fuentesfidedignas.com.mx\/wp-content\/uploads\/2024\/03\/img_3280-1.jpg","type":"image\/jpeg"}],"author":"L\u00f3pez D\u00f3riga","twitter_card":"summary_large_image","twitter_creator":"@fidedignas","twitter_site":"@fidedignas","twitter_misc":{"Escrito por":"L\u00f3pez D\u00f3riga","Tiempo de lectura":"1 minuto"},"schema":{"@context":"https:\/\/schema.org","@graph":[{"@type":"Article","@id":"https:\/\/fuentesfidedignas.com.mx\/index.php\/2024\/03\/11\/hallan-muertos-en-morelos-a-hermanos-de-9-anos-que-desaparecieron-camino-a-la-escuela\/#article","isPartOf":{"@id":"https:\/\/fuentesfidedignas.com.mx\/index.php\/2024\/03\/11\/hallan-muertos-en-morelos-a-hermanos-de-9-anos-que-desaparecieron-camino-a-la-escuela\/"},"author":{"name":"L\u00f3pez D\u00f3riga","@id":"https:\/\/fuentesfidedignas.com.mx\/#\/schema\/person\/67d852f0557c8509146a4b9ddebd543a"},"headline":"Hallan muertos en Morelos a hermanos de 9 a\u00f1os que desaparecieron camino a la escuela","datePublished":"2024-03-11T17:03:30+00:00","dateModified":"2024-03-11T17:03:31+00:00","mainEntityOfPage":{"@id":"https:\/\/fuentesfidedignas.com.mx\/index.php\/2024\/03\/11\/hallan-muertos-en-morelos-a-hermanos-de-9-anos-que-desaparecieron-camino-a-la-escuela\/"},"wordCount":268,"commentCount":0,"publisher":{"@id":"https:\/\/fuentesfidedignas.com.mx\/#organization"},"image":{"@id":"https:\/\/fuentesfidedignas.com.mx\/index.php\/2024\/03\/11\/hallan-muertos-en-morelos-a-hermanos-de-9-anos-que-desaparecieron-camino-a-la-escuela\/#primaryimage"},"thumbnailUrl":"https:\/\/fuentesfidedignas.com.mx\/wp-content\/uploads\/2024\/03\/img_3280-1.jpg","articleSection":["NOTICIAS NACIONALES"],"inLanguage":"es","potentialAction":[{"@type":"CommentAction","name":"Comment","target":["https:\/\/fuentesfidedignas.com.mx\/index.php\/2024\/03\/11\/hallan-muertos-en-morelos-a-hermanos-de-9-anos-que-desaparecieron-camino-a-la-escuela\/#respond"]}]},{"@type":"WebPage","@id":"https:\/\/fuentesfidedignas.com.mx\/index.php\/2024\/03\/11\/hallan-muertos-en-morelos-a-hermanos-de-9-anos-que-desaparecieron-camino-a-la-escuela\/","url":"https:\/\/fuentesfidedignas.com.mx\/index.php\/2024\/03\/11\/hallan-muertos-en-morelos-a-hermanos-de-9-anos-que-desaparecieron-camino-a-la-escuela\/","name":"Hallan muertos en Morelos a hermanos de 9 a\u00f1os que desaparecieron camino a la escuela - Fuentes Fidedignas","isPartOf":{"@id":"https:\/\/fuentesfidedignas.com.mx\/#website"},"primaryImageOfPage":{"@id":"https:\/\/fuentesfidedignas.com.mx\/index.php\/2024\/03\/11\/hallan-muertos-en-morelos-a-hermanos-de-9-anos-que-desaparecieron-camino-a-la-escuela\/#primaryimage"},"image":{"@id":"https:\/\/fuentesfidedignas.com.mx\/index.php\/2024\/03\/11\/hallan-muertos-en-morelos-a-hermanos-de-9-anos-que-desaparecieron-camino-a-la-escuela\/#primaryimage"},"thumbnailUrl":"https:\/\/fuentesfidedignas.com.mx\/wp-content\/uploads\/2024\/03\/img_3280-1.jpg","datePublished":"2024-03-11T17:03:30+00:00","dateModified":"2024-03-11T17:03:31+00:00","breadcrumb":{"@id":"https:\/\/fuentesfidedignas.com.mx\/index.php\/2024\/03\/11\/hallan-muertos-en-morelos-a-hermanos-de-9-anos-que-desaparecieron-camino-a-la-escuela\/#breadcrumb"},"inLanguage":"es","potentialAction":[{"@type":"ReadAction","target":["https:\/\/fuentesfidedignas.com.mx\/index.php\/2024\/03\/11\/hallan-muertos-en-morelos-a-hermanos-de-9-anos-que-desaparecieron-camino-a-la-escuela\/"]}]},{"@type":"ImageObject","inLanguage":"es","@id":"https:\/\/fuentesfidedignas.com.mx\/index.php\/2024\/03\/11\/hallan-muertos-en-morelos-a-hermanos-de-9-anos-que-desaparecieron-camino-a-la-escuela\/#primaryimage","url":"https:\/\/fuentesfidedignas.com.mx\/wp-content\/uploads\/2024\/03\/img_3280-1.jpg","contentUrl":"https:\/\/fuentesfidedignas.com.mx\/wp-content\/uploads\/2024\/03\/img_3280-1.jpg","width":980,"height":551},{"@type":"BreadcrumbList","@id":"https:\/\/fuentesfidedignas.com.mx\/index.php\/2024\/03\/11\/hallan-muertos-en-morelos-a-hermanos-de-9-anos-que-desaparecieron-camino-a-la-escuela\/#breadcrumb","itemListElement":[{"@type":"ListItem","position":1,"name":"Inicio","item":"https:\/\/fuentesfidedignas.com.mx\/"},{"@type":"ListItem","position":2,"name":"Hallan muertos en Morelos a hermanos de 9 a\u00f1os que desaparecieron camino a la escuela"}]},{"@type":"WebSite","@id":"https:\/\/fuentesfidedignas.com.mx\/#website","url":"https:\/\/fuentesfidedignas.com.mx\/","name":"Fuentes Fidedignas","description":"Otro sitio realizado con WordPress","publisher":{"@id":"https:\/\/fuentesfidedignas.com.mx\/#organization"},"potentialAction":[{"@type":"SearchAction","target":{"@type":"EntryPoint","urlTemplate":"https:\/\/fuentesfidedignas.com.mx\/?s={search_term_string}"},"query-input":{"@type":"PropertyValueSpecification","valueRequired":true,"valueName":"search_term_string"}}],"inLanguage":"es"},{"@type":"Organization","@id":"https:\/\/fuentesfidedignas.com.mx\/#organization","name":"Fuentes Fidedignas","url":"https:\/\/fuentesfidedignas.com.mx\/","logo":{"@type":"ImageObject","inLanguage":"es","@id":"https:\/\/fuentesfidedignas.com.mx\/#\/schema\/logo\/image\/","url":"https:\/\/fuentesfidedignas.com.mx\/wp-content\/uploads\/2021\/04\/logo-retina.png","contentUrl":"https:\/\/fuentesfidedignas.com.mx\/wp-content\/uploads\/2021\/04\/logo-retina.png","width":280,"height":51,"caption":"Fuentes Fidedignas"},"image":{"@id":"https:\/\/fuentesfidedignas.com.mx\/#\/schema\/logo\/image\/"},"sameAs":["https:\/\/www.facebook.com\/Fuentes-Fidedignas-368234489921644","https:\/\/x.com\/fidedignas"]},{"@type":"Person","@id":"https:\/\/fuentesfidedignas.com.mx\/#\/schema\/person\/67d852f0557c8509146a4b9ddebd543a","name":"L\u00f3pez D\u00f3riga","image":{"@type":"ImageObject","inLanguage":"es","@id":"https:\/\/secure.gravatar.com\/avatar\/e525b06574ca18b33cded59dfe5778d6c823b9513154eff47da551b0551bdd1e?s=96&d=mm&r=g","url":"https:\/\/secure.gravatar.com\/avatar\/e525b06574ca18b33cded59dfe5778d6c823b9513154eff47da551b0551bdd1e?s=96&d=mm&r=g","contentUrl":"https:\/\/secure.gravatar.com\/avatar\/e525b06574ca18b33cded59dfe5778d6c823b9513154eff47da551b0551bdd1e?s=96&d=mm&r=g","caption":"L\u00f3pez D\u00f3riga"},"url":"https:\/\/fuentesfidedignas.com.mx\/index.php\/author\/doriga\/"}]}},"_links":{"self":[{"href":"https:\/\/fuentesfidedignas.com.mx\/index.php\/wp-json\/wp\/v2\/posts\/76484","targetHints":{"allow":["GET"]}}],"collection":[{"href":"https:\/\/fuentesfidedignas.com.mx\/index.php\/wp-json\/wp\/v2\/posts"}],"about":[{"href":"https:\/\/fuentesfidedignas.com.mx\/index.php\/wp-json\/wp\/v2\/types\/post"}],"author":[{"embeddable":true,"href":"https:\/\/fuentesfidedignas.com.mx\/index.php\/wp-json\/wp\/v2\/users\/47"}],"replies":[{"embeddable":true,"href":"https:\/\/fuentesfidedignas.com.mx\/index.php\/wp-json\/wp\/v2\/comments?post=76484"}],"version-history":[{"count":1,"href":"https:\/\/fuentesfidedignas.com.mx\/index.php\/wp-json\/wp\/v2\/posts\/76484\/revisions"}],"predecessor-version":[{"id":76485,"href":"https:\/\/fuentesfidedignas.com.mx\/index.php\/wp-json\/wp\/v2\/posts\/76484\/revisions\/76485"}],"wp:featuredmedia":[{"embeddable":true,"href":"https:\/\/fuentesfidedignas.com.mx\/index.php\/wp-json\/wp\/v2\/media\/76483"}],"wp:attachment":[{"href":"https:\/\/fuentesfidedignas.com.mx\/index.php\/wp-json\/wp\/v2\/media?parent=76484"}],"wp:term":[{"taxonomy":"category","embeddable":true,"href":"https:\/\/fuentesfidedignas.com.mx\/index.php\/wp-json\/wp\/v2\/categories?post=76484"},{"taxonomy":"post_tag","embeddable":true,"href":"https:\/\/fuentesfidedignas.com.mx\/index.php\/wp-json\/wp\/v2\/tags?post=76484"}],"curies":[{"name":"wp","href":"https:\/\/api.w.org\/{rel}","templated":true}]}}