{"id":76429,"date":"2024-03-10T10:45:10","date_gmt":"2024-03-10T17:45:10","guid":{"rendered":"https:\/\/fuentesfidedignas.com.mx\/?p=76429"},"modified":"2024-03-11T11:35:59","modified_gmt":"2024-03-11T18:35:59","slug":"el-sector-sur-de-culiacan-tiene-casi-24-horas-sin-agua-japac-no-informa-acusan-afectados","status":"publish","type":"post","link":"https:\/\/fuentesfidedignas.com.mx\/index.php\/2024\/03\/10\/el-sector-sur-de-culiacan-tiene-casi-24-horas-sin-agua-japac-no-informa-acusan-afectados\/","title":{"rendered":"El sector sur de Culiac\u00e1n tiene casi 24 horas sin agua; JAPAC no informa, acusan afectados"},"content":{"rendered":"\n<p><strong><em>Desde el mediod\u00eda del s\u00e1bado 9 de marzo de 2024 vecinos del sector sur de Culiac\u00e1n reportan se quedaron sin agua.<\/em><\/strong><\/p>\n\n\n\n<p>Culiac\u00e1n, Sin.- Hoy domingo cumplir\u00e1n 24 horas sin agua con todos los inconvenientes sanitarios que esto representa y no han visto ning\u00fan aviso ni explicaci\u00f3n de la Junta Municipal de Agua Potable y Alcantarillado de Culiac\u00e1n.<\/p>\n\n\n\n<p>Al revisar la p\u00e1gina institucional y redes sociales de JAPAC se puede observar que no dice absolutamente nada de este problema.<\/p>\n\n\n\n<p>Por lo pronto, en el paisaje urbano las familias del sector, buscan in\u00fatilmente donde llenar sus garrafones ya que los locales de llenado que existen en la zona ya vaciaron sus reservas.<\/p>\n\n\n\n<p>Hay una comprensible y justificada molestia pues los habitantes consideran que no dar aviso ni brindar informaci\u00f3n sobre la falta del vital l\u00edquido es m\u00e1s que una falta de respeto, una groser\u00eda que raya en una insensibilidad negligente y criminal crimen debido a la importancia que tiene este servicio en la vida de cada familia.<\/p>\n\n\n\n<p>Entre los vecinos manifiestan que entre las colonias afectadas est\u00e1n Emiliano Zapata, Las Huertas, Alturas del Sur, San Benito y 21 de marzo, entre otras.<\/p>\n\n\n\n<p>Al hablar al 073 el operador confiesa que no tiene informaci\u00f3n sobre la falta de servicio puesto que ayer se hizo una reparaci\u00f3n en el sector sur y la cuadrilla la report\u00f3 como concluida.<\/p>\n\n\n\n<p>Por lo anterior no sabe ni puede brindar informaci\u00f3n sobre el por qu\u00e9 no hay agua en la zona ni cu\u00e1ndo volver\u00e1 el servicio. L\u00f3gicamente, bajo la perspectiva que responde el operador, es un trabajo no supervisado.<\/p>\n\n\n\n<p>Siendo casi las once horas de este domingo 10 de marzo las familias vecinas del sector sur de Culiac\u00e1n siguen sufriendo la falta de agua en el sur de Culiac\u00e1n.<\/p>\n\n\n\n<p>Las personas que expresan su queja lamentan que lo peor es que este tipo de situaciones se est\u00e1n \u201cnormalizando\u201d en Culiac\u00e1n en un organismo como JAPAC que antes era ejemplo a nivel nacional y ahora evidentemente es todo lo contrario.<\/p>\n","protected":false},"excerpt":{"rendered":"<p>Desde el mediod\u00eda del s\u00e1bado 9 de marzo de 2024 vecinos del sector sur de Culiac\u00e1n reportan se quedaron sin agua. Culiac\u00e1n, Sin.- Hoy domingo cumplir\u00e1n 24 horas sin agua con todos los inconvenientes sanitarios que esto representa y no han visto ning\u00fan aviso ni explicaci\u00f3n de la Junta Municipal de Agua Potable y Alcantarillado [&hellip;]<\/p>\n","protected":false},"author":4,"featured_media":16728,"comment_status":"open","ping_status":"open","sticky":false,"template":"","format":"standard","meta":{"tdm_status":"","tdm_grid_status":"","footnotes":""},"categories":[1],"tags":[],"class_list":{"0":"post-76429","1":"post","2":"type-post","3":"status-publish","4":"format-standard","5":"has-post-thumbnail","7":"category-sin-categoria"},"yoast_head":"<!-- This site is optimized with the Yoast SEO plugin v27.5 - https:\/\/yoast.com\/product\/yoast-seo-wordpress\/ -->\n<title>El sector sur de Culiac\u00e1n tiene casi 24 horas sin agua; JAPAC no informa, acusan afectados - Fuentes Fidedignas<\/title>\n<meta name=\"robots\" content=\"index, follow, max-snippet:-1, max-image-preview:large, max-video-preview:-1\" \/>\n<link rel=\"canonical\" href=\"https:\/\/fuentesfidedignas.com.mx\/index.php\/2024\/03\/10\/el-sector-sur-de-culiacan-tiene-casi-24-horas-sin-agua-japac-no-informa-acusan-afectados\/\" \/>\n<meta property=\"og:locale\" content=\"es_MX\" \/>\n<meta property=\"og:type\" content=\"article\" \/>\n<meta property=\"og:title\" content=\"El sector sur de Culiac\u00e1n tiene casi 24 horas sin agua; JAPAC no informa, acusan afectados - Fuentes Fidedignas\" \/>\n<meta property=\"og:description\" content=\"Desde el mediod\u00eda del s\u00e1bado 9 de marzo de 2024 vecinos del sector sur de Culiac\u00e1n reportan se quedaron sin agua. Culiac\u00e1n, Sin.- Hoy domingo cumplir\u00e1n 24 horas sin agua con todos los inconvenientes sanitarios que esto representa y no han visto ning\u00fan aviso ni explicaci\u00f3n de la Junta Municipal de Agua Potable y Alcantarillado [&hellip;]\" \/>\n<meta property=\"og:url\" content=\"https:\/\/fuentesfidedignas.com.mx\/index.php\/2024\/03\/10\/el-sector-sur-de-culiacan-tiene-casi-24-horas-sin-agua-japac-no-informa-acusan-afectados\/\" \/>\n<meta property=\"og:site_name\" content=\"Fuentes Fidedignas\" \/>\n<meta property=\"article:publisher\" content=\"https:\/\/www.facebook.com\/Fuentes-Fidedignas-368234489921644\" \/>\n<meta property=\"article:published_time\" content=\"2024-03-10T17:45:10+00:00\" \/>\n<meta property=\"article:modified_time\" content=\"2024-03-11T18:35:59+00:00\" \/>\n<meta property=\"og:image\" content=\"https:\/\/fuentesfidedignas.com.mx\/wp-content\/uploads\/2021\/11\/CORTE_AGUA.jpg\" \/>\n\t<meta property=\"og:image:width\" content=\"600\" \/>\n\t<meta property=\"og:image:height\" content=\"400\" \/>\n\t<meta property=\"og:image:type\" content=\"image\/jpeg\" \/>\n<meta name=\"author\" content=\"Redacci\u00f3n\" \/>\n<meta name=\"twitter:card\" content=\"summary_large_image\" \/>\n<meta name=\"twitter:creator\" content=\"@fidedignas\" \/>\n<meta name=\"twitter:site\" content=\"@fidedignas\" \/>\n<meta name=\"twitter:label1\" content=\"Escrito por\" \/>\n\t<meta name=\"twitter:data1\" content=\"Redacci\u00f3n\" \/>\n\t<meta name=\"twitter:label2\" content=\"Tiempo de lectura\" \/>\n\t<meta name=\"twitter:data2\" content=\"2 minutos\" \/>\n<script type=\"application\/ld+json\" class=\"yoast-schema-graph\">{\"@context\":\"https:\\\/\\\/schema.org\",\"@graph\":[{\"@type\":\"Article\",\"@id\":\"https:\\\/\\\/fuentesfidedignas.com.mx\\\/index.php\\\/2024\\\/03\\\/10\\\/el-sector-sur-de-culiacan-tiene-casi-24-horas-sin-agua-japac-no-informa-acusan-afectados\\\/#article\",\"isPartOf\":{\"@id\":\"https:\\\/\\\/fuentesfidedignas.com.mx\\\/index.php\\\/2024\\\/03\\\/10\\\/el-sector-sur-de-culiacan-tiene-casi-24-horas-sin-agua-japac-no-informa-acusan-afectados\\\/\"},\"author\":{\"name\":\"Redacci\u00f3n\",\"@id\":\"https:\\\/\\\/fuentesfidedignas.com.mx\\\/#\\\/schema\\\/person\\\/331be9283d37198e2acd5750279085b0\"},\"headline\":\"El sector sur de Culiac\u00e1n tiene casi 24 horas sin agua; JAPAC no informa, acusan afectados\",\"datePublished\":\"2024-03-10T17:45:10+00:00\",\"dateModified\":\"2024-03-11T18:35:59+00:00\",\"mainEntityOfPage\":{\"@id\":\"https:\\\/\\\/fuentesfidedignas.com.mx\\\/index.php\\\/2024\\\/03\\\/10\\\/el-sector-sur-de-culiacan-tiene-casi-24-horas-sin-agua-japac-no-informa-acusan-afectados\\\/\"},\"wordCount\":366,\"commentCount\":0,\"publisher\":{\"@id\":\"https:\\\/\\\/fuentesfidedignas.com.mx\\\/#organization\"},\"image\":{\"@id\":\"https:\\\/\\\/fuentesfidedignas.com.mx\\\/index.php\\\/2024\\\/03\\\/10\\\/el-sector-sur-de-culiacan-tiene-casi-24-horas-sin-agua-japac-no-informa-acusan-afectados\\\/#primaryimage\"},\"thumbnailUrl\":\"https:\\\/\\\/fuentesfidedignas.com.mx\\\/wp-content\\\/uploads\\\/2021\\\/11\\\/CORTE_AGUA.jpg\",\"inLanguage\":\"es\",\"potentialAction\":[{\"@type\":\"CommentAction\",\"name\":\"Comment\",\"target\":[\"https:\\\/\\\/fuentesfidedignas.com.mx\\\/index.php\\\/2024\\\/03\\\/10\\\/el-sector-sur-de-culiacan-tiene-casi-24-horas-sin-agua-japac-no-informa-acusan-afectados\\\/#respond\"]}]},{\"@type\":\"WebPage\",\"@id\":\"https:\\\/\\\/fuentesfidedignas.com.mx\\\/index.php\\\/2024\\\/03\\\/10\\\/el-sector-sur-de-culiacan-tiene-casi-24-horas-sin-agua-japac-no-informa-acusan-afectados\\\/\",\"url\":\"https:\\\/\\\/fuentesfidedignas.com.mx\\\/index.php\\\/2024\\\/03\\\/10\\\/el-sector-sur-de-culiacan-tiene-casi-24-horas-sin-agua-japac-no-informa-acusan-afectados\\\/\",\"name\":\"El sector sur de Culiac\u00e1n tiene casi 24 horas sin agua; JAPAC no informa, acusan afectados - Fuentes Fidedignas\",\"isPartOf\":{\"@id\":\"https:\\\/\\\/fuentesfidedignas.com.mx\\\/#website\"},\"primaryImageOfPage\":{\"@id\":\"https:\\\/\\\/fuentesfidedignas.com.mx\\\/index.php\\\/2024\\\/03\\\/10\\\/el-sector-sur-de-culiacan-tiene-casi-24-horas-sin-agua-japac-no-informa-acusan-afectados\\\/#primaryimage\"},\"image\":{\"@id\":\"https:\\\/\\\/fuentesfidedignas.com.mx\\\/index.php\\\/2024\\\/03\\\/10\\\/el-sector-sur-de-culiacan-tiene-casi-24-horas-sin-agua-japac-no-informa-acusan-afectados\\\/#primaryimage\"},\"thumbnailUrl\":\"https:\\\/\\\/fuentesfidedignas.com.mx\\\/wp-content\\\/uploads\\\/2021\\\/11\\\/CORTE_AGUA.jpg\",\"datePublished\":\"2024-03-10T17:45:10+00:00\",\"dateModified\":\"2024-03-11T18:35:59+00:00\",\"breadcrumb\":{\"@id\":\"https:\\\/\\\/fuentesfidedignas.com.mx\\\/index.php\\\/2024\\\/03\\\/10\\\/el-sector-sur-de-culiacan-tiene-casi-24-horas-sin-agua-japac-no-informa-acusan-afectados\\\/#breadcrumb\"},\"inLanguage\":\"es\",\"potentialAction\":[{\"@type\":\"ReadAction\",\"target\":[\"https:\\\/\\\/fuentesfidedignas.com.mx\\\/index.php\\\/2024\\\/03\\\/10\\\/el-sector-sur-de-culiacan-tiene-casi-24-horas-sin-agua-japac-no-informa-acusan-afectados\\\/\"]}]},{\"@type\":\"ImageObject\",\"inLanguage\":\"es\",\"@id\":\"https:\\\/\\\/fuentesfidedignas.com.mx\\\/index.php\\\/2024\\\/03\\\/10\\\/el-sector-sur-de-culiacan-tiene-casi-24-horas-sin-agua-japac-no-informa-acusan-afectados\\\/#primaryimage\",\"url\":\"https:\\\/\\\/fuentesfidedignas.com.mx\\\/wp-content\\\/uploads\\\/2021\\\/11\\\/CORTE_AGUA.jpg\",\"contentUrl\":\"https:\\\/\\\/fuentesfidedignas.com.mx\\\/wp-content\\\/uploads\\\/2021\\\/11\\\/CORTE_AGUA.jpg\",\"width\":600,\"height\":400},{\"@type\":\"BreadcrumbList\",\"@id\":\"https:\\\/\\\/fuentesfidedignas.com.mx\\\/index.php\\\/2024\\\/03\\\/10\\\/el-sector-sur-de-culiacan-tiene-casi-24-horas-sin-agua-japac-no-informa-acusan-afectados\\\/#breadcrumb\",\"itemListElement\":[{\"@type\":\"ListItem\",\"position\":1,\"name\":\"Inicio\",\"item\":\"https:\\\/\\\/fuentesfidedignas.com.mx\\\/\"},{\"@type\":\"ListItem\",\"position\":2,\"name\":\"El sector sur de Culiac\u00e1n tiene casi 24 horas sin agua; JAPAC no informa, acusan afectados\"}]},{\"@type\":\"WebSite\",\"@id\":\"https:\\\/\\\/fuentesfidedignas.com.mx\\\/#website\",\"url\":\"https:\\\/\\\/fuentesfidedignas.com.mx\\\/\",\"name\":\"Fuentes Fidedignas\",\"description\":\"Otro sitio realizado con WordPress\",\"publisher\":{\"@id\":\"https:\\\/\\\/fuentesfidedignas.com.mx\\\/#organization\"},\"potentialAction\":[{\"@type\":\"SearchAction\",\"target\":{\"@type\":\"EntryPoint\",\"urlTemplate\":\"https:\\\/\\\/fuentesfidedignas.com.mx\\\/?s={search_term_string}\"},\"query-input\":{\"@type\":\"PropertyValueSpecification\",\"valueRequired\":true,\"valueName\":\"search_term_string\"}}],\"inLanguage\":\"es\"},{\"@type\":\"Organization\",\"@id\":\"https:\\\/\\\/fuentesfidedignas.com.mx\\\/#organization\",\"name\":\"Fuentes Fidedignas\",\"url\":\"https:\\\/\\\/fuentesfidedignas.com.mx\\\/\",\"logo\":{\"@type\":\"ImageObject\",\"inLanguage\":\"es\",\"@id\":\"https:\\\/\\\/fuentesfidedignas.com.mx\\\/#\\\/schema\\\/logo\\\/image\\\/\",\"url\":\"https:\\\/\\\/fuentesfidedignas.com.mx\\\/wp-content\\\/uploads\\\/2021\\\/04\\\/logo-retina.png\",\"contentUrl\":\"https:\\\/\\\/fuentesfidedignas.com.mx\\\/wp-content\\\/uploads\\\/2021\\\/04\\\/logo-retina.png\",\"width\":280,\"height\":51,\"caption\":\"Fuentes Fidedignas\"},\"image\":{\"@id\":\"https:\\\/\\\/fuentesfidedignas.com.mx\\\/#\\\/schema\\\/logo\\\/image\\\/\"},\"sameAs\":[\"https:\\\/\\\/www.facebook.com\\\/Fuentes-Fidedignas-368234489921644\",\"https:\\\/\\\/x.com\\\/fidedignas\"]},{\"@type\":\"Person\",\"@id\":\"https:\\\/\\\/fuentesfidedignas.com.mx\\\/#\\\/schema\\\/person\\\/331be9283d37198e2acd5750279085b0\",\"name\":\"Redacci\u00f3n\",\"image\":{\"@type\":\"ImageObject\",\"inLanguage\":\"es\",\"@id\":\"https:\\\/\\\/secure.gravatar.com\\\/avatar\\\/f6d8782c11d12b2d4ad3fbb6931aeab5309937a4d6cd2fc9cfaa28a6396a5aec?s=96&d=mm&r=g\",\"url\":\"https:\\\/\\\/secure.gravatar.com\\\/avatar\\\/f6d8782c11d12b2d4ad3fbb6931aeab5309937a4d6cd2fc9cfaa28a6396a5aec?s=96&d=mm&r=g\",\"contentUrl\":\"https:\\\/\\\/secure.gravatar.com\\\/avatar\\\/f6d8782c11d12b2d4ad3fbb6931aeab5309937a4d6cd2fc9cfaa28a6396a5aec?s=96&d=mm&r=g\",\"caption\":\"Redacci\u00f3n\"},\"url\":\"https:\\\/\\\/fuentesfidedignas.com.mx\\\/index.php\\\/author\\\/redaccion\\\/\"}]}<\/script>\n<!-- \/ Yoast SEO plugin. -->","yoast_head_json":{"title":"El sector sur de Culiac\u00e1n tiene casi 24 horas sin agua; JAPAC no informa, acusan afectados - Fuentes Fidedignas","robots":{"index":"index","follow":"follow","max-snippet":"max-snippet:-1","max-image-preview":"max-image-preview:large","max-video-preview":"max-video-preview:-1"},"canonical":"https:\/\/fuentesfidedignas.com.mx\/index.php\/2024\/03\/10\/el-sector-sur-de-culiacan-tiene-casi-24-horas-sin-agua-japac-no-informa-acusan-afectados\/","og_locale":"es_MX","og_type":"article","og_title":"El sector sur de Culiac\u00e1n tiene casi 24 horas sin agua; JAPAC no informa, acusan afectados - Fuentes Fidedignas","og_description":"Desde el mediod\u00eda del s\u00e1bado 9 de marzo de 2024 vecinos del sector sur de Culiac\u00e1n reportan se quedaron sin agua. Culiac\u00e1n, Sin.- Hoy domingo cumplir\u00e1n 24 horas sin agua con todos los inconvenientes sanitarios que esto representa y no han visto ning\u00fan aviso ni explicaci\u00f3n de la Junta Municipal de Agua Potable y Alcantarillado [&hellip;]","og_url":"https:\/\/fuentesfidedignas.com.mx\/index.php\/2024\/03\/10\/el-sector-sur-de-culiacan-tiene-casi-24-horas-sin-agua-japac-no-informa-acusan-afectados\/","og_site_name":"Fuentes Fidedignas","article_publisher":"https:\/\/www.facebook.com\/Fuentes-Fidedignas-368234489921644","article_published_time":"2024-03-10T17:45:10+00:00","article_modified_time":"2024-03-11T18:35:59+00:00","og_image":[{"width":600,"height":400,"url":"https:\/\/fuentesfidedignas.com.mx\/wp-content\/uploads\/2021\/11\/CORTE_AGUA.jpg","type":"image\/jpeg"}],"author":"Redacci\u00f3n","twitter_card":"summary_large_image","twitter_creator":"@fidedignas","twitter_site":"@fidedignas","twitter_misc":{"Escrito por":"Redacci\u00f3n","Tiempo de lectura":"2 minutos"},"schema":{"@context":"https:\/\/schema.org","@graph":[{"@type":"Article","@id":"https:\/\/fuentesfidedignas.com.mx\/index.php\/2024\/03\/10\/el-sector-sur-de-culiacan-tiene-casi-24-horas-sin-agua-japac-no-informa-acusan-afectados\/#article","isPartOf":{"@id":"https:\/\/fuentesfidedignas.com.mx\/index.php\/2024\/03\/10\/el-sector-sur-de-culiacan-tiene-casi-24-horas-sin-agua-japac-no-informa-acusan-afectados\/"},"author":{"name":"Redacci\u00f3n","@id":"https:\/\/fuentesfidedignas.com.mx\/#\/schema\/person\/331be9283d37198e2acd5750279085b0"},"headline":"El sector sur de Culiac\u00e1n tiene casi 24 horas sin agua; JAPAC no informa, acusan afectados","datePublished":"2024-03-10T17:45:10+00:00","dateModified":"2024-03-11T18:35:59+00:00","mainEntityOfPage":{"@id":"https:\/\/fuentesfidedignas.com.mx\/index.php\/2024\/03\/10\/el-sector-sur-de-culiacan-tiene-casi-24-horas-sin-agua-japac-no-informa-acusan-afectados\/"},"wordCount":366,"commentCount":0,"publisher":{"@id":"https:\/\/fuentesfidedignas.com.mx\/#organization"},"image":{"@id":"https:\/\/fuentesfidedignas.com.mx\/index.php\/2024\/03\/10\/el-sector-sur-de-culiacan-tiene-casi-24-horas-sin-agua-japac-no-informa-acusan-afectados\/#primaryimage"},"thumbnailUrl":"https:\/\/fuentesfidedignas.com.mx\/wp-content\/uploads\/2021\/11\/CORTE_AGUA.jpg","inLanguage":"es","potentialAction":[{"@type":"CommentAction","name":"Comment","target":["https:\/\/fuentesfidedignas.com.mx\/index.php\/2024\/03\/10\/el-sector-sur-de-culiacan-tiene-casi-24-horas-sin-agua-japac-no-informa-acusan-afectados\/#respond"]}]},{"@type":"WebPage","@id":"https:\/\/fuentesfidedignas.com.mx\/index.php\/2024\/03\/10\/el-sector-sur-de-culiacan-tiene-casi-24-horas-sin-agua-japac-no-informa-acusan-afectados\/","url":"https:\/\/fuentesfidedignas.com.mx\/index.php\/2024\/03\/10\/el-sector-sur-de-culiacan-tiene-casi-24-horas-sin-agua-japac-no-informa-acusan-afectados\/","name":"El sector sur de Culiac\u00e1n tiene casi 24 horas sin agua; JAPAC no informa, acusan afectados - Fuentes Fidedignas","isPartOf":{"@id":"https:\/\/fuentesfidedignas.com.mx\/#website"},"primaryImageOfPage":{"@id":"https:\/\/fuentesfidedignas.com.mx\/index.php\/2024\/03\/10\/el-sector-sur-de-culiacan-tiene-casi-24-horas-sin-agua-japac-no-informa-acusan-afectados\/#primaryimage"},"image":{"@id":"https:\/\/fuentesfidedignas.com.mx\/index.php\/2024\/03\/10\/el-sector-sur-de-culiacan-tiene-casi-24-horas-sin-agua-japac-no-informa-acusan-afectados\/#primaryimage"},"thumbnailUrl":"https:\/\/fuentesfidedignas.com.mx\/wp-content\/uploads\/2021\/11\/CORTE_AGUA.jpg","datePublished":"2024-03-10T17:45:10+00:00","dateModified":"2024-03-11T18:35:59+00:00","breadcrumb":{"@id":"https:\/\/fuentesfidedignas.com.mx\/index.php\/2024\/03\/10\/el-sector-sur-de-culiacan-tiene-casi-24-horas-sin-agua-japac-no-informa-acusan-afectados\/#breadcrumb"},"inLanguage":"es","potentialAction":[{"@type":"ReadAction","target":["https:\/\/fuentesfidedignas.com.mx\/index.php\/2024\/03\/10\/el-sector-sur-de-culiacan-tiene-casi-24-horas-sin-agua-japac-no-informa-acusan-afectados\/"]}]},{"@type":"ImageObject","inLanguage":"es","@id":"https:\/\/fuentesfidedignas.com.mx\/index.php\/2024\/03\/10\/el-sector-sur-de-culiacan-tiene-casi-24-horas-sin-agua-japac-no-informa-acusan-afectados\/#primaryimage","url":"https:\/\/fuentesfidedignas.com.mx\/wp-content\/uploads\/2021\/11\/CORTE_AGUA.jpg","contentUrl":"https:\/\/fuentesfidedignas.com.mx\/wp-content\/uploads\/2021\/11\/CORTE_AGUA.jpg","width":600,"height":400},{"@type":"BreadcrumbList","@id":"https:\/\/fuentesfidedignas.com.mx\/index.php\/2024\/03\/10\/el-sector-sur-de-culiacan-tiene-casi-24-horas-sin-agua-japac-no-informa-acusan-afectados\/#breadcrumb","itemListElement":[{"@type":"ListItem","position":1,"name":"Inicio","item":"https:\/\/fuentesfidedignas.com.mx\/"},{"@type":"ListItem","position":2,"name":"El sector sur de Culiac\u00e1n tiene casi 24 horas sin agua; JAPAC no informa, acusan afectados"}]},{"@type":"WebSite","@id":"https:\/\/fuentesfidedignas.com.mx\/#website","url":"https:\/\/fuentesfidedignas.com.mx\/","name":"Fuentes Fidedignas","description":"Otro sitio realizado con WordPress","publisher":{"@id":"https:\/\/fuentesfidedignas.com.mx\/#organization"},"potentialAction":[{"@type":"SearchAction","target":{"@type":"EntryPoint","urlTemplate":"https:\/\/fuentesfidedignas.com.mx\/?s={search_term_string}"},"query-input":{"@type":"PropertyValueSpecification","valueRequired":true,"valueName":"search_term_string"}}],"inLanguage":"es"},{"@type":"Organization","@id":"https:\/\/fuentesfidedignas.com.mx\/#organization","name":"Fuentes Fidedignas","url":"https:\/\/fuentesfidedignas.com.mx\/","logo":{"@type":"ImageObject","inLanguage":"es","@id":"https:\/\/fuentesfidedignas.com.mx\/#\/schema\/logo\/image\/","url":"https:\/\/fuentesfidedignas.com.mx\/wp-content\/uploads\/2021\/04\/logo-retina.png","contentUrl":"https:\/\/fuentesfidedignas.com.mx\/wp-content\/uploads\/2021\/04\/logo-retina.png","width":280,"height":51,"caption":"Fuentes Fidedignas"},"image":{"@id":"https:\/\/fuentesfidedignas.com.mx\/#\/schema\/logo\/image\/"},"sameAs":["https:\/\/www.facebook.com\/Fuentes-Fidedignas-368234489921644","https:\/\/x.com\/fidedignas"]},{"@type":"Person","@id":"https:\/\/fuentesfidedignas.com.mx\/#\/schema\/person\/331be9283d37198e2acd5750279085b0","name":"Redacci\u00f3n","image":{"@type":"ImageObject","inLanguage":"es","@id":"https:\/\/secure.gravatar.com\/avatar\/f6d8782c11d12b2d4ad3fbb6931aeab5309937a4d6cd2fc9cfaa28a6396a5aec?s=96&d=mm&r=g","url":"https:\/\/secure.gravatar.com\/avatar\/f6d8782c11d12b2d4ad3fbb6931aeab5309937a4d6cd2fc9cfaa28a6396a5aec?s=96&d=mm&r=g","contentUrl":"https:\/\/secure.gravatar.com\/avatar\/f6d8782c11d12b2d4ad3fbb6931aeab5309937a4d6cd2fc9cfaa28a6396a5aec?s=96&d=mm&r=g","caption":"Redacci\u00f3n"},"url":"https:\/\/fuentesfidedignas.com.mx\/index.php\/author\/redaccion\/"}]}},"_links":{"self":[{"href":"https:\/\/fuentesfidedignas.com.mx\/index.php\/wp-json\/wp\/v2\/posts\/76429","targetHints":{"allow":["GET"]}}],"collection":[{"href":"https:\/\/fuentesfidedignas.com.mx\/index.php\/wp-json\/wp\/v2\/posts"}],"about":[{"href":"https:\/\/fuentesfidedignas.com.mx\/index.php\/wp-json\/wp\/v2\/types\/post"}],"author":[{"embeddable":true,"href":"https:\/\/fuentesfidedignas.com.mx\/index.php\/wp-json\/wp\/v2\/users\/4"}],"replies":[{"embeddable":true,"href":"https:\/\/fuentesfidedignas.com.mx\/index.php\/wp-json\/wp\/v2\/comments?post=76429"}],"version-history":[{"count":1,"href":"https:\/\/fuentesfidedignas.com.mx\/index.php\/wp-json\/wp\/v2\/posts\/76429\/revisions"}],"predecessor-version":[{"id":76430,"href":"https:\/\/fuentesfidedignas.com.mx\/index.php\/wp-json\/wp\/v2\/posts\/76429\/revisions\/76430"}],"wp:featuredmedia":[{"embeddable":true,"href":"https:\/\/fuentesfidedignas.com.mx\/index.php\/wp-json\/wp\/v2\/media\/16728"}],"wp:attachment":[{"href":"https:\/\/fuentesfidedignas.com.mx\/index.php\/wp-json\/wp\/v2\/media?parent=76429"}],"wp:term":[{"taxonomy":"category","embeddable":true,"href":"https:\/\/fuentesfidedignas.com.mx\/index.php\/wp-json\/wp\/v2\/categories?post=76429"},{"taxonomy":"post_tag","embeddable":true,"href":"https:\/\/fuentesfidedignas.com.mx\/index.php\/wp-json\/wp\/v2\/tags?post=76429"}],"curies":[{"name":"wp","href":"https:\/\/api.w.org\/{rel}","templated":true}]}}